{"id":256864,"date":"2024-03-13T13:23:39","date_gmt":"2024-03-13T16:23:39","guid":{"rendered":"https:\/\/diariotextual.com\/inicio\/?p=256864"},"modified":"2024-03-13T19:16:16","modified_gmt":"2024-03-13T22:16:16","slug":"se-cayo-la-sesion-en-diputados-para-la-formula-jubilatoria-coli-rauschenberger-y-marin-dieron-quorum","status":"publish","type":"post","link":"https:\/\/diariotextual.com\/inicio\/index.php\/2024\/03\/13\/se-cayo-la-sesion-en-diputados-para-la-formula-jubilatoria-coli-rauschenberger-y-marin-dieron-quorum\/","title":{"rendered":"Se cay\u00f3 la sesi\u00f3n en Diputados para la f\u00f3rmula jubilatoria: Coli, Rauschenberger y Mar\u00edn dieron qu\u00f3rum"},"content":{"rendered":"\n<p>Finalmente,<strong> la oposici\u00f3n no consigui\u00f3 el qu\u00f3rum necesario <\/strong>en la C\u00e1mara de Diputados para la sesi\u00f3n especial pedida por el interbloque de Hacemos Coalici\u00f3n Federal de<strong> Miguel Angel Pichetto<\/strong>, que ten\u00eda el objetivo de tratar un proyecto de la Coalici\u00f3n C\u00edvica para modificar la f\u00f3rmula de movilidad jubilatoria y atarla a la inflaci\u00f3n.<\/p>\n\n\n\n<p><br>La convocatoria, que cont\u00f3 con el apoyo de Uni\u00f3n por la Patria, el Frente de Izquierda, partidos provinciales y un sector de la UCR, no alcanz\u00f3 los n\u00fameros necesarios para dar inicio a la sesi\u00f3n: solo se sentaron en sus bancas 119 diputados, mientras que hubo 138 legisladores que decidieron no bajar al recinto.<\/p>\n\n\n\n<p>El elemento decisivo para que se frustrara la convocatoria al recinto fue la decisi\u00f3n del bloque de\u00a0<strong>la UCR<\/strong>, que\u00a0<strong>mayoritariamente decidi\u00f3 vaciar el recinto<\/strong>. Apenas cinco diputados d\u00edscolos encabezados por Facundo Manes se sentaron en los esca\u00f1os. Entre ellos, la radical pampeana <strong>Marcela Coli<\/strong>.<\/p>\n\n\n\n<p>En tanto, <strong>tambi\u00e9n dieron qu\u00f3rum los peronistas Ariel Rauschenberger y Varinia Mar\u00edn.<\/strong> A su vez,<strong> no se sentaron en sus lugares Mart\u00edn Ardohain y Mart\u00edn Maquieyra, del PRO.<\/strong><\/p>\n\n\n\n<p>Pasadas las 12.30 solo hab\u00eda&nbsp;<strong>119 diputados presentes<\/strong>. El grueso lo aport\u00f3 el bloque Uni\u00f3n por la Patria, con 96 diputados en el recinto. Sin embargo, la sorpresa fue que Hacemos Coalici\u00f3n Federal, que hab\u00eda pedido la sesi\u00f3n, no cont\u00f3 con todos sus miembros. Fue por influencia del gobernador de C\u00f3rdoba,&nbsp;<strong>Mart\u00edn Llaryora, que baj\u00f3 a tres de los legisladores&nbsp;<\/strong>que le responden pol\u00edticamente:&nbsp;<strong>Carlos Gutierrez, Alejandra Torres, Ignacio Garc\u00eda Aresca<\/strong>. Este \u00faltimo hab\u00eda sido uno de los firmantes del pedido de sesi\u00f3n especial. Natalia de la Sota y Juan Brugge s\u00ed estuvieron presente.<\/p>\n\n\n\n<p>En la misma l\u00ednea, el mandatario de Entre R\u00edos,\u00a0<strong>Rogelio Frigerio, influy\u00f3 sobre Francisco Morchio<\/strong>. La diputada Margarita Stolbizer tampoco estuvo en el recinto por estar de viaje.<\/p>\n\n\n\n<p>Los\u00a0<strong>gobernadores de Misiones, Salta y R\u00edo Negro<\/strong>\u00a0tambi\u00e9n tuvieron un gesto de buena voluntad con Javier Milei ya que ninguno de los ocho diputados de<strong>\u00a0Innovaci\u00f3n Federal\u00a0<\/strong>baj\u00f3 a dar qu\u00f3rum.<\/p>\n\n\n\n<p>Por su parte, el radicalismo dej\u00f3 expuestas una vez m\u00e1s sus diferencias internas. Los diputados<strong>\u00a0Facundo Manes, Marcela Coli, Fernando Carbajal, Pedro Galimberti, Pablo Juliano<\/strong>\u00a0decidieron bajar a dar un qu\u00f3rum \u201ctestimonial\u201d para dejar en claro que no est\u00e1n de acuerdo con la postura \u201ccolaboracionista\u201d de la jefatura del bloque (Rodrigo de Loredo).<\/p>\n\n\n\n<p>Ayer el oficialismo anunci\u00f3 que&nbsp;<strong>conformar\u00eda la comisi\u00f3n de Previsi\u00f3n Social&nbsp;<\/strong>y convoc\u00f3 a su primera reuni\u00f3n para hoy a las 16. La maniobra buscaba desactivar la sesi\u00f3n y fue clave para que el radicalismo mayoritariamente se abstuviera de participar. Tambi\u00e9n fue el argumento que usaron el&nbsp;<strong>PRO&nbsp;<\/strong>y los&nbsp;<strong>libertarios&nbsp;<\/strong>para justificar su ausencia.<\/p>\n\n\n\n<p>El peronismo, en tanto, no ten\u00eda verdadero inter\u00e9s de avanzar espec\u00edficamente con la f\u00f3rmula que impulsa la Coalici\u00f3n C\u00edvica (HCF) sino para \u201ccomenzar a construir una agenda parlamentaria\u201d. Cabe destacar que<strong>&nbsp;la f\u00f3rmula actual fue implementada durante el gobierno de Alberto Fern\u00e1ndez.<\/strong><\/p>\n\n\n\n<p>En ese sentido, propon\u00edan ampliar los temas en discusi\u00f3n y tambi\u00e9n emplazar a las comisiones a discutir los proyectos sobre el Fondo de Incentivo Docente (<strong>FONID<\/strong>), el\u00a0<strong>Fondo Compensador del Transporte\u00a0<\/strong>y otros temas vinculados a las arcas provinciales.<\/p>\n\n\n\n<p><\/p>\n","protected":false},"excerpt":{"rendered":"<p>Finalmente, la oposici\u00f3n no consigui\u00f3 el qu\u00f3rum necesario en la C\u00e1mara de Diputados para la sesi\u00f3n especial pedida por el interbloque de Hacemos Coalici\u00f3n Federal de Miguel Angel Pichetto, que&hellip;<\/p>\n","protected":false},"author":3,"featured_media":249056,"comment_status":"closed","ping_status":"open","sticky":false,"template":"","format":"standard","meta":{"_acf_changed":false,"footnotes":""},"categories":[1,8],"tags":[],"class_list":["post-256864","post","type-post","status-publish","format-standard","has-post-thumbnail","hentry","category-es-noticia","category-politica"],"acf":[],"yoast_head":"<!-- This site is optimized with the Yoast SEO plugin v27.5 - https:\/\/yoast.com\/product\/yoast-seo-wordpress\/ -->\n<title>Se cay\u00f3 la sesi\u00f3n en Diputados para la f\u00f3rmula jubilatoria: Coli, Rauschenberger y Mar\u00edn dieron qu\u00f3rum - Diario Textual<\/title>\n<meta name=\"robots\" content=\"index, follow, max-snippet:-1, max-image-preview:large, max-video-preview:-1\" \/>\n<link rel=\"canonical\" href=\"https:\/\/diariotextual.com\/inicio\/index.php\/2024\/03\/13\/se-cayo-la-sesion-en-diputados-para-la-formula-jubilatoria-coli-rauschenberger-y-marin-dieron-quorum\/\" \/>\n<meta property=\"og:locale\" content=\"es_ES\" \/>\n<meta property=\"og:type\" content=\"article\" \/>\n<meta property=\"og:title\" content=\"Se cay\u00f3 la sesi\u00f3n en Diputados para la f\u00f3rmula jubilatoria: Coli, Rauschenberger y Mar\u00edn dieron qu\u00f3rum - Diario Textual\" \/>\n<meta property=\"og:description\" content=\"Finalmente, la oposici\u00f3n no consigui\u00f3 el qu\u00f3rum necesario en la C\u00e1mara de Diputados para la sesi\u00f3n especial pedida por el interbloque de Hacemos Coalici\u00f3n Federal de Miguel Angel Pichetto, que&hellip;\" \/>\n<meta property=\"og:url\" content=\"https:\/\/diariotextual.com\/inicio\/index.php\/2024\/03\/13\/se-cayo-la-sesion-en-diputados-para-la-formula-jubilatoria-coli-rauschenberger-y-marin-dieron-quorum\/\" \/>\n<meta property=\"og:site_name\" content=\"Diario Textual\" \/>\n<meta property=\"article:publisher\" content=\"https:\/\/www.facebook.com\/eltextual\" \/>\n<meta property=\"article:published_time\" content=\"2024-03-13T16:23:39+00:00\" \/>\n<meta property=\"article:modified_time\" content=\"2024-03-13T22:16:16+00:00\" \/>\n<meta property=\"og:image\" content=\"https:\/\/diariotextual.com\/inicio\/wp-content\/uploads\/2023\/12\/congresonacionaltelam2023-245.jpg\" \/>\n\t<meta property=\"og:image:width\" content=\"1100\" \/>\n\t<meta property=\"og:image:height\" content=\"619\" \/>\n\t<meta property=\"og:image:type\" content=\"image\/jpeg\" \/>\n<meta name=\"author\" content=\"Diario1 Diario1\" \/>\n<meta name=\"twitter:card\" content=\"summary_large_image\" \/>\n<meta name=\"twitter:creator\" content=\"@eltextual\" \/>\n<meta name=\"twitter:site\" content=\"@eltextual\" \/>\n<meta name=\"twitter:label1\" content=\"Escrito por\" \/>\n\t<meta name=\"twitter:data1\" content=\"Diario1 Diario1\" \/>\n\t<meta name=\"twitter:label2\" content=\"Tiempo de lectura\" \/>\n\t<meta name=\"twitter:data2\" content=\"3 minutos\" \/>\n<script type=\"application\/ld+json\" class=\"yoast-schema-graph\">{\"@context\":\"https:\\\/\\\/schema.org\",\"@graph\":[{\"@type\":\"Article\",\"@id\":\"https:\\\/\\\/diariotextual.com\\\/inicio\\\/index.php\\\/2024\\\/03\\\/13\\\/se-cayo-la-sesion-en-diputados-para-la-formula-jubilatoria-coli-rauschenberger-y-marin-dieron-quorum\\\/#article\",\"isPartOf\":{\"@id\":\"https:\\\/\\\/diariotextual.com\\\/inicio\\\/index.php\\\/2024\\\/03\\\/13\\\/se-cayo-la-sesion-en-diputados-para-la-formula-jubilatoria-coli-rauschenberger-y-marin-dieron-quorum\\\/\"},\"author\":{\"name\":\"Diario1 Diario1\",\"@id\":\"https:\\\/\\\/diariotextual.com\\\/inicio\\\/#\\\/schema\\\/person\\\/418fc4093c33e86ed41562db3508f958\"},\"headline\":\"Se cay\u00f3 la sesi\u00f3n en Diputados para la f\u00f3rmula jubilatoria: Coli, Rauschenberger y Mar\u00edn dieron qu\u00f3rum\",\"datePublished\":\"2024-03-13T16:23:39+00:00\",\"dateModified\":\"2024-03-13T22:16:16+00:00\",\"mainEntityOfPage\":{\"@id\":\"https:\\\/\\\/diariotextual.com\\\/inicio\\\/index.php\\\/2024\\\/03\\\/13\\\/se-cayo-la-sesion-en-diputados-para-la-formula-jubilatoria-coli-rauschenberger-y-marin-dieron-quorum\\\/\"},\"wordCount\":606,\"publisher\":{\"@id\":\"https:\\\/\\\/diariotextual.com\\\/inicio\\\/#organization\"},\"image\":{\"@id\":\"https:\\\/\\\/diariotextual.com\\\/inicio\\\/index.php\\\/2024\\\/03\\\/13\\\/se-cayo-la-sesion-en-diputados-para-la-formula-jubilatoria-coli-rauschenberger-y-marin-dieron-quorum\\\/#primaryimage\"},\"thumbnailUrl\":\"https:\\\/\\\/diariotextual.com\\\/inicio\\\/wp-content\\\/uploads\\\/2023\\\/12\\\/congresonacionaltelam2023-245.jpg\",\"articleSection\":[\"A - ES NOTICIA (van abajo)\",\"POLITICA\"],\"inLanguage\":\"es\"},{\"@type\":\"WebPage\",\"@id\":\"https:\\\/\\\/diariotextual.com\\\/inicio\\\/index.php\\\/2024\\\/03\\\/13\\\/se-cayo-la-sesion-en-diputados-para-la-formula-jubilatoria-coli-rauschenberger-y-marin-dieron-quorum\\\/\",\"url\":\"https:\\\/\\\/diariotextual.com\\\/inicio\\\/index.php\\\/2024\\\/03\\\/13\\\/se-cayo-la-sesion-en-diputados-para-la-formula-jubilatoria-coli-rauschenberger-y-marin-dieron-quorum\\\/\",\"name\":\"Se cay\u00f3 la sesi\u00f3n en Diputados para la f\u00f3rmula jubilatoria: Coli, Rauschenberger y Mar\u00edn dieron qu\u00f3rum - Diario Textual\",\"isPartOf\":{\"@id\":\"https:\\\/\\\/diariotextual.com\\\/inicio\\\/#website\"},\"primaryImageOfPage\":{\"@id\":\"https:\\\/\\\/diariotextual.com\\\/inicio\\\/index.php\\\/2024\\\/03\\\/13\\\/se-cayo-la-sesion-en-diputados-para-la-formula-jubilatoria-coli-rauschenberger-y-marin-dieron-quorum\\\/#primaryimage\"},\"image\":{\"@id\":\"https:\\\/\\\/diariotextual.com\\\/inicio\\\/index.php\\\/2024\\\/03\\\/13\\\/se-cayo-la-sesion-en-diputados-para-la-formula-jubilatoria-coli-rauschenberger-y-marin-dieron-quorum\\\/#primaryimage\"},\"thumbnailUrl\":\"https:\\\/\\\/diariotextual.com\\\/inicio\\\/wp-content\\\/uploads\\\/2023\\\/12\\\/congresonacionaltelam2023-245.jpg\",\"datePublished\":\"2024-03-13T16:23:39+00:00\",\"dateModified\":\"2024-03-13T22:16:16+00:00\",\"breadcrumb\":{\"@id\":\"https:\\\/\\\/diariotextual.com\\\/inicio\\\/index.php\\\/2024\\\/03\\\/13\\\/se-cayo-la-sesion-en-diputados-para-la-formula-jubilatoria-coli-rauschenberger-y-marin-dieron-quorum\\\/#breadcrumb\"},\"inLanguage\":\"es\",\"potentialAction\":[{\"@type\":\"ReadAction\",\"target\":[\"https:\\\/\\\/diariotextual.com\\\/inicio\\\/index.php\\\/2024\\\/03\\\/13\\\/se-cayo-la-sesion-en-diputados-para-la-formula-jubilatoria-coli-rauschenberger-y-marin-dieron-quorum\\\/\"]}]},{\"@type\":\"ImageObject\",\"inLanguage\":\"es\",\"@id\":\"https:\\\/\\\/diariotextual.com\\\/inicio\\\/index.php\\\/2024\\\/03\\\/13\\\/se-cayo-la-sesion-en-diputados-para-la-formula-jubilatoria-coli-rauschenberger-y-marin-dieron-quorum\\\/#primaryimage\",\"url\":\"https:\\\/\\\/diariotextual.com\\\/inicio\\\/wp-content\\\/uploads\\\/2023\\\/12\\\/congresonacionaltelam2023-245.jpg\",\"contentUrl\":\"https:\\\/\\\/diariotextual.com\\\/inicio\\\/wp-content\\\/uploads\\\/2023\\\/12\\\/congresonacionaltelam2023-245.jpg\",\"width\":1100,\"height\":619},{\"@type\":\"BreadcrumbList\",\"@id\":\"https:\\\/\\\/diariotextual.com\\\/inicio\\\/index.php\\\/2024\\\/03\\\/13\\\/se-cayo-la-sesion-en-diputados-para-la-formula-jubilatoria-coli-rauschenberger-y-marin-dieron-quorum\\\/#breadcrumb\",\"itemListElement\":[{\"@type\":\"ListItem\",\"position\":1,\"name\":\"Portada\",\"item\":\"https:\\\/\\\/diariotextual.com\\\/inicio\\\/\"},{\"@type\":\"ListItem\",\"position\":2,\"name\":\"Se cay\u00f3 la sesi\u00f3n en Diputados para la f\u00f3rmula jubilatoria: Coli, Rauschenberger y Mar\u00edn dieron qu\u00f3rum\"}]},{\"@type\":\"WebSite\",\"@id\":\"https:\\\/\\\/diariotextual.com\\\/inicio\\\/#website\",\"url\":\"https:\\\/\\\/diariotextual.com\\\/inicio\\\/\",\"name\":\"Diario Textual\",\"description\":\"\",\"publisher\":{\"@id\":\"https:\\\/\\\/diariotextual.com\\\/inicio\\\/#organization\"},\"potentialAction\":[{\"@type\":\"SearchAction\",\"target\":{\"@type\":\"EntryPoint\",\"urlTemplate\":\"https:\\\/\\\/diariotextual.com\\\/inicio\\\/?s={search_term_string}\"},\"query-input\":{\"@type\":\"PropertyValueSpecification\",\"valueRequired\":true,\"valueName\":\"search_term_string\"}}],\"inLanguage\":\"es\"},{\"@type\":\"Organization\",\"@id\":\"https:\\\/\\\/diariotextual.com\\\/inicio\\\/#organization\",\"name\":\"Diario Textual\",\"url\":\"https:\\\/\\\/diariotextual.com\\\/inicio\\\/\",\"logo\":{\"@type\":\"ImageObject\",\"inLanguage\":\"es\",\"@id\":\"https:\\\/\\\/diariotextual.com\\\/inicio\\\/#\\\/schema\\\/logo\\\/image\\\/\",\"url\":\"https:\\\/\\\/diariotextual.com\\\/inicio\\\/wp-content\\\/uploads\\\/2023\\\/05\\\/logotextual1.jpg\",\"contentUrl\":\"https:\\\/\\\/diariotextual.com\\\/inicio\\\/wp-content\\\/uploads\\\/2023\\\/05\\\/logotextual1.jpg\",\"width\":516,\"height\":76,\"caption\":\"Diario Textual\"},\"image\":{\"@id\":\"https:\\\/\\\/diariotextual.com\\\/inicio\\\/#\\\/schema\\\/logo\\\/image\\\/\"},\"sameAs\":[\"https:\\\/\\\/www.facebook.com\\\/eltextual\",\"https:\\\/\\\/x.com\\\/eltextual\",\"http:\\\/\\\/www.instagram.com\\\/eltextual\"]},{\"@type\":\"Person\",\"@id\":\"https:\\\/\\\/diariotextual.com\\\/inicio\\\/#\\\/schema\\\/person\\\/418fc4093c33e86ed41562db3508f958\",\"name\":\"Diario1 Diario1\",\"image\":{\"@type\":\"ImageObject\",\"inLanguage\":\"es\",\"@id\":\"https:\\\/\\\/secure.gravatar.com\\\/avatar\\\/9167d280179c85bc18be67aa7eda765854300033af4896dd779b608640f2ef7a?s=96&d=mm&r=g\",\"url\":\"https:\\\/\\\/secure.gravatar.com\\\/avatar\\\/9167d280179c85bc18be67aa7eda765854300033af4896dd779b608640f2ef7a?s=96&d=mm&r=g\",\"contentUrl\":\"https:\\\/\\\/secure.gravatar.com\\\/avatar\\\/9167d280179c85bc18be67aa7eda765854300033af4896dd779b608640f2ef7a?s=96&d=mm&r=g\",\"caption\":\"Diario1 Diario1\"},\"url\":\"https:\\\/\\\/diariotextual.com\\\/inicio\\\/index.php\\\/author\\\/diario1\\\/\"}]}<\/script>\n<!-- \/ Yoast SEO plugin. -->","yoast_head_json":{"title":"Se cay\u00f3 la sesi\u00f3n en Diputados para la f\u00f3rmula jubilatoria: Coli, Rauschenberger y Mar\u00edn dieron qu\u00f3rum - Diario Textual","robots":{"index":"index","follow":"follow","max-snippet":"max-snippet:-1","max-image-preview":"max-image-preview:large","max-video-preview":"max-video-preview:-1"},"canonical":"https:\/\/diariotextual.com\/inicio\/index.php\/2024\/03\/13\/se-cayo-la-sesion-en-diputados-para-la-formula-jubilatoria-coli-rauschenberger-y-marin-dieron-quorum\/","og_locale":"es_ES","og_type":"article","og_title":"Se cay\u00f3 la sesi\u00f3n en Diputados para la f\u00f3rmula jubilatoria: Coli, Rauschenberger y Mar\u00edn dieron qu\u00f3rum - Diario Textual","og_description":"Finalmente, la oposici\u00f3n no consigui\u00f3 el qu\u00f3rum necesario en la C\u00e1mara de Diputados para la sesi\u00f3n especial pedida por el interbloque de Hacemos Coalici\u00f3n Federal de Miguel Angel Pichetto, que&hellip;","og_url":"https:\/\/diariotextual.com\/inicio\/index.php\/2024\/03\/13\/se-cayo-la-sesion-en-diputados-para-la-formula-jubilatoria-coli-rauschenberger-y-marin-dieron-quorum\/","og_site_name":"Diario Textual","article_publisher":"https:\/\/www.facebook.com\/eltextual","article_published_time":"2024-03-13T16:23:39+00:00","article_modified_time":"2024-03-13T22:16:16+00:00","og_image":[{"width":1100,"height":619,"url":"https:\/\/diariotextual.com\/inicio\/wp-content\/uploads\/2023\/12\/congresonacionaltelam2023-245.jpg","type":"image\/jpeg"}],"author":"Diario1 Diario1","twitter_card":"summary_large_image","twitter_creator":"@eltextual","twitter_site":"@eltextual","twitter_misc":{"Escrito por":"Diario1 Diario1","Tiempo de lectura":"3 minutos"},"schema":{"@context":"https:\/\/schema.org","@graph":[{"@type":"Article","@id":"https:\/\/diariotextual.com\/inicio\/index.php\/2024\/03\/13\/se-cayo-la-sesion-en-diputados-para-la-formula-jubilatoria-coli-rauschenberger-y-marin-dieron-quorum\/#article","isPartOf":{"@id":"https:\/\/diariotextual.com\/inicio\/index.php\/2024\/03\/13\/se-cayo-la-sesion-en-diputados-para-la-formula-jubilatoria-coli-rauschenberger-y-marin-dieron-quorum\/"},"author":{"name":"Diario1 Diario1","@id":"https:\/\/diariotextual.com\/inicio\/#\/schema\/person\/418fc4093c33e86ed41562db3508f958"},"headline":"Se cay\u00f3 la sesi\u00f3n en Diputados para la f\u00f3rmula jubilatoria: Coli, Rauschenberger y Mar\u00edn dieron qu\u00f3rum","datePublished":"2024-03-13T16:23:39+00:00","dateModified":"2024-03-13T22:16:16+00:00","mainEntityOfPage":{"@id":"https:\/\/diariotextual.com\/inicio\/index.php\/2024\/03\/13\/se-cayo-la-sesion-en-diputados-para-la-formula-jubilatoria-coli-rauschenberger-y-marin-dieron-quorum\/"},"wordCount":606,"publisher":{"@id":"https:\/\/diariotextual.com\/inicio\/#organization"},"image":{"@id":"https:\/\/diariotextual.com\/inicio\/index.php\/2024\/03\/13\/se-cayo-la-sesion-en-diputados-para-la-formula-jubilatoria-coli-rauschenberger-y-marin-dieron-quorum\/#primaryimage"},"thumbnailUrl":"https:\/\/diariotextual.com\/inicio\/wp-content\/uploads\/2023\/12\/congresonacionaltelam2023-245.jpg","articleSection":["A - ES NOTICIA (van abajo)","POLITICA"],"inLanguage":"es"},{"@type":"WebPage","@id":"https:\/\/diariotextual.com\/inicio\/index.php\/2024\/03\/13\/se-cayo-la-sesion-en-diputados-para-la-formula-jubilatoria-coli-rauschenberger-y-marin-dieron-quorum\/","url":"https:\/\/diariotextual.com\/inicio\/index.php\/2024\/03\/13\/se-cayo-la-sesion-en-diputados-para-la-formula-jubilatoria-coli-rauschenberger-y-marin-dieron-quorum\/","name":"Se cay\u00f3 la sesi\u00f3n en Diputados para la f\u00f3rmula jubilatoria: Coli, Rauschenberger y Mar\u00edn dieron qu\u00f3rum - Diario Textual","isPartOf":{"@id":"https:\/\/diariotextual.com\/inicio\/#website"},"primaryImageOfPage":{"@id":"https:\/\/diariotextual.com\/inicio\/index.php\/2024\/03\/13\/se-cayo-la-sesion-en-diputados-para-la-formula-jubilatoria-coli-rauschenberger-y-marin-dieron-quorum\/#primaryimage"},"image":{"@id":"https:\/\/diariotextual.com\/inicio\/index.php\/2024\/03\/13\/se-cayo-la-sesion-en-diputados-para-la-formula-jubilatoria-coli-rauschenberger-y-marin-dieron-quorum\/#primaryimage"},"thumbnailUrl":"https:\/\/diariotextual.com\/inicio\/wp-content\/uploads\/2023\/12\/congresonacionaltelam2023-245.jpg","datePublished":"2024-03-13T16:23:39+00:00","dateModified":"2024-03-13T22:16:16+00:00","breadcrumb":{"@id":"https:\/\/diariotextual.com\/inicio\/index.php\/2024\/03\/13\/se-cayo-la-sesion-en-diputados-para-la-formula-jubilatoria-coli-rauschenberger-y-marin-dieron-quorum\/#breadcrumb"},"inLanguage":"es","potentialAction":[{"@type":"ReadAction","target":["https:\/\/diariotextual.com\/inicio\/index.php\/2024\/03\/13\/se-cayo-la-sesion-en-diputados-para-la-formula-jubilatoria-coli-rauschenberger-y-marin-dieron-quorum\/"]}]},{"@type":"ImageObject","inLanguage":"es","@id":"https:\/\/diariotextual.com\/inicio\/index.php\/2024\/03\/13\/se-cayo-la-sesion-en-diputados-para-la-formula-jubilatoria-coli-rauschenberger-y-marin-dieron-quorum\/#primaryimage","url":"https:\/\/diariotextual.com\/inicio\/wp-content\/uploads\/2023\/12\/congresonacionaltelam2023-245.jpg","contentUrl":"https:\/\/diariotextual.com\/inicio\/wp-content\/uploads\/2023\/12\/congresonacionaltelam2023-245.jpg","width":1100,"height":619},{"@type":"BreadcrumbList","@id":"https:\/\/diariotextual.com\/inicio\/index.php\/2024\/03\/13\/se-cayo-la-sesion-en-diputados-para-la-formula-jubilatoria-coli-rauschenberger-y-marin-dieron-quorum\/#breadcrumb","itemListElement":[{"@type":"ListItem","position":1,"name":"Portada","item":"https:\/\/diariotextual.com\/inicio\/"},{"@type":"ListItem","position":2,"name":"Se cay\u00f3 la sesi\u00f3n en Diputados para la f\u00f3rmula jubilatoria: Coli, Rauschenberger y Mar\u00edn dieron qu\u00f3rum"}]},{"@type":"WebSite","@id":"https:\/\/diariotextual.com\/inicio\/#website","url":"https:\/\/diariotextual.com\/inicio\/","name":"Diario Textual","description":"","publisher":{"@id":"https:\/\/diariotextual.com\/inicio\/#organization"},"potentialAction":[{"@type":"SearchAction","target":{"@type":"EntryPoint","urlTemplate":"https:\/\/diariotextual.com\/inicio\/?s={search_term_string}"},"query-input":{"@type":"PropertyValueSpecification","valueRequired":true,"valueName":"search_term_string"}}],"inLanguage":"es"},{"@type":"Organization","@id":"https:\/\/diariotextual.com\/inicio\/#organization","name":"Diario Textual","url":"https:\/\/diariotextual.com\/inicio\/","logo":{"@type":"ImageObject","inLanguage":"es","@id":"https:\/\/diariotextual.com\/inicio\/#\/schema\/logo\/image\/","url":"https:\/\/diariotextual.com\/inicio\/wp-content\/uploads\/2023\/05\/logotextual1.jpg","contentUrl":"https:\/\/diariotextual.com\/inicio\/wp-content\/uploads\/2023\/05\/logotextual1.jpg","width":516,"height":76,"caption":"Diario Textual"},"image":{"@id":"https:\/\/diariotextual.com\/inicio\/#\/schema\/logo\/image\/"},"sameAs":["https:\/\/www.facebook.com\/eltextual","https:\/\/x.com\/eltextual","http:\/\/www.instagram.com\/eltextual"]},{"@type":"Person","@id":"https:\/\/diariotextual.com\/inicio\/#\/schema\/person\/418fc4093c33e86ed41562db3508f958","name":"Diario1 Diario1","image":{"@type":"ImageObject","inLanguage":"es","@id":"https:\/\/secure.gravatar.com\/avatar\/9167d280179c85bc18be67aa7eda765854300033af4896dd779b608640f2ef7a?s=96&d=mm&r=g","url":"https:\/\/secure.gravatar.com\/avatar\/9167d280179c85bc18be67aa7eda765854300033af4896dd779b608640f2ef7a?s=96&d=mm&r=g","contentUrl":"https:\/\/secure.gravatar.com\/avatar\/9167d280179c85bc18be67aa7eda765854300033af4896dd779b608640f2ef7a?s=96&d=mm&r=g","caption":"Diario1 Diario1"},"url":"https:\/\/diariotextual.com\/inicio\/index.php\/author\/diario1\/"}]}},"_links":{"self":[{"href":"https:\/\/diariotextual.com\/inicio\/index.php\/wp-json\/wp\/v2\/posts\/256864","targetHints":{"allow":["GET"]}}],"collection":[{"href":"https:\/\/diariotextual.com\/inicio\/index.php\/wp-json\/wp\/v2\/posts"}],"about":[{"href":"https:\/\/diariotextual.com\/inicio\/index.php\/wp-json\/wp\/v2\/types\/post"}],"author":[{"embeddable":true,"href":"https:\/\/diariotextual.com\/inicio\/index.php\/wp-json\/wp\/v2\/users\/3"}],"replies":[{"embeddable":true,"href":"https:\/\/diariotextual.com\/inicio\/index.php\/wp-json\/wp\/v2\/comments?post=256864"}],"version-history":[{"count":5,"href":"https:\/\/diariotextual.com\/inicio\/index.php\/wp-json\/wp\/v2\/posts\/256864\/revisions"}],"predecessor-version":[{"id":256869,"href":"https:\/\/diariotextual.com\/inicio\/index.php\/wp-json\/wp\/v2\/posts\/256864\/revisions\/256869"}],"wp:featuredmedia":[{"embeddable":true,"href":"https:\/\/diariotextual.com\/inicio\/index.php\/wp-json\/wp\/v2\/media\/249056"}],"wp:attachment":[{"href":"https:\/\/diariotextual.com\/inicio\/index.php\/wp-json\/wp\/v2\/media?parent=256864"}],"wp:term":[{"taxonomy":"category","embeddable":true,"href":"https:\/\/diariotextual.com\/inicio\/index.php\/wp-json\/wp\/v2\/categories?post=256864"},{"taxonomy":"post_tag","embeddable":true,"href":"https:\/\/diariotextual.com\/inicio\/index.php\/wp-json\/wp\/v2\/tags?post=256864"}],"curies":[{"name":"wp","href":"https:\/\/api.w.org\/{rel}","templated":true}]}}