{"id":256881,"date":"2024-03-13T19:15:27","date_gmt":"2024-03-13T22:15:27","guid":{"rendered":"https:\/\/diariotextual.com\/inicio\/?p=256881"},"modified":"2024-03-13T19:57:48","modified_gmt":"2024-03-13T22:57:48","slug":"bensusan-festejo-el-llamado-a-sesion-especial-para-rechazar-el-mega-dnu","status":"publish","type":"post","link":"https:\/\/diariotextual.com\/inicio\/index.php\/2024\/03\/13\/bensusan-festejo-el-llamado-a-sesion-especial-para-rechazar-el-mega-dnu\/","title":{"rendered":"Bensus\u00e1n festej\u00f3 el llamado a sesi\u00f3n especial para rechazar el mega DNU"},"content":{"rendered":"\n<p>El senador pampeano Daniel Bensus\u00e1n (Uni\u00f3n por la Patria) dijo que la vicepresidenta de la Naci\u00f3n, a la vez presidenta del Senado, Victoria Villarruel, cumpli\u00f3 con la obligaci\u00f3n que ten\u00eda de llamar a una sesi\u00f3n especial para habilitar la derogaci\u00f3n del DNU 70\/23, que era algo que la oposici\u00f3n ven\u00eda pidiendo desde febrero. El debate tendr\u00e1 lugar este jueves, desde las 11.<\/p>\n\n\n\n<figure class=\"wp-block-embed is-type-wp-embed is-provider-diario-textual wp-block-embed-diario-textual\"><div class=\"wp-block-embed__wrapper\">\n<blockquote class=\"wp-embedded-content\" data-secret=\"FLsksrQsF9\"><a href=\"https:\/\/diariotextual.com\/inicio\/index.php\/2024\/03\/13\/milei-critico-a-villarruel-por-impulsar-el-tratamiento-del-dnu-el-rechazo-significaria-un-grave-retroceso\/\">Milei critic\u00f3 a Villarruel por impulsar el tratamiento del DNU: \u201cEl rechazo significar\u00eda un grave retroceso\u201d<\/a><\/blockquote><iframe class=\"wp-embedded-content\" sandbox=\"allow-scripts\" security=\"restricted\" style=\"position: absolute; clip: rect(1px, 1px, 1px, 1px);\" title=\"\u00abMilei critic\u00f3 a Villarruel por impulsar el tratamiento del DNU: \u201cEl rechazo significar\u00eda un grave retroceso\u201d\u00bb \u2014 Diario Textual\" src=\"https:\/\/diariotextual.com\/inicio\/index.php\/2024\/03\/13\/milei-critico-a-villarruel-por-impulsar-el-tratamiento-del-dnu-el-rechazo-significaria-un-grave-retroceso\/embed\/#?secret=UwrOojISmV#?secret=FLsksrQsF9\" data-secret=\"FLsksrQsF9\" width=\"600\" height=\"338\" frameborder=\"0\" marginwidth=\"0\" marginheight=\"0\" scrolling=\"no\"><\/iframe>\n<\/div><\/figure>\n\n\n\n<p>\u201cEl DNU carece de toda legalidad y legitimidad porque no cumple con ninguno de los requisitos establecidos por la Corte Suprema de Justicia a la hora de validar un Decreto de Necesidad y Urgencia\u201d, indic\u00f3 el legislador a Diario Textual. &nbsp;<\/p>\n\n\n\n<p>\u201cIncluso -aludi\u00f3- constitucionalistas de diferentes simpat\u00edas partidarias se manifestaron en contra de ese decreto. Todo el mundo sostiene que es inconstitucional, dado que es una reforma del Estado que pretende reemplazar los caminos democr\u00e1ticos, como el Congreso de la Naci\u00f3n, por una forma autoritaria y anticonstitucional\u201d.<\/p>\n\n\n\n<p>Se necesitan 37 votos para rechazarlo y ese n\u00famero ya estar\u00eda. Uni\u00f3n por la Patria cuenta con 33 voluntades y a esos miembros se sumarian algunos radicales, adem\u00e1s de parlamentarios de partidos provinciales. Se espera que, una vez consumado el rechazo en la c\u00e1mara alta, Diputados siga el mismo camino. &nbsp;&nbsp;<\/p>\n\n\n\n<p>Bensus\u00e1n lament\u00f3 las consecuencias de la vigencia del DNU, que impactan en el aumento de tarifas, la educaci\u00f3n privada, tarjetas de cr\u00e9dito, servicios, prepagas o alquileres. En La Pampa, por ejemplo, se produce una modificaci\u00f3n societaria que afecta a las Sociedades de Econom\u00eda Mixta. Consider\u00f3 que en cierta forma el presidente (Javier Milei) pretende cambiar la historia del pa\u00eds y las provincias. \u201cPretende que un Estado como el nuestro, que participa del sistema financiero, las comunicaciones, explotaci\u00f3n de hidrocarburos, desaparezca con el \u00fanico beneficio orientado hacia el capital concentrado\u201d, dispar\u00f3.<\/p>\n\n\n\n<p>Se\u00f1al\u00f3 que a futuro pretenden que cada uno de los puntos que quiere debatir el Gobierno nacional sobre la pol\u00edtica econ\u00f3mica sea a trav\u00e9s de leyes particulares: sin ley \u00f3mnibus ni DNU. \u201cQu\u00e9 mande todos los proyectos que quiera para poderlos trabajar tanto en Diputados como el en Senado\u201d.<\/p>\n\n\n\n<p>El dirigente pampeano record\u00f3 que las desregulaciones comerciales, como la eliminaci\u00f3n de la Ley de G\u00f3ndolas, reflotaron el negocio de las grandes marcas que colocan sus productos m\u00e1s onerosos por encima de otros, como por ejemplo aquellos surgidos de las econom\u00edas regionales. \u201cAhora, que se dieron cuenta que los supermercados no han bajado los precios, quieren importar productos de la canasta b\u00e1sica para igualar precios actuales, pero bajando la producci\u00f3n\u201d, finaliz\u00f3.<\/p>\n","protected":false},"excerpt":{"rendered":"<p>El senador pampeano Daniel Bensus\u00e1n (Uni\u00f3n por la Patria) dijo que la vicepresidenta de la Naci\u00f3n, a la vez presidenta del Senado, Victoria Villarruel, cumpli\u00f3 con la obligaci\u00f3n que ten\u00eda&hellip;<\/p>\n","protected":false},"author":3,"featured_media":239214,"comment_status":"closed","ping_status":"open","sticky":false,"template":"","format":"standard","meta":{"_acf_changed":false,"footnotes":""},"categories":[1,8],"tags":[],"class_list":["post-256881","post","type-post","status-publish","format-standard","has-post-thumbnail","hentry","category-es-noticia","category-politica"],"acf":[],"yoast_head":"<!-- This site is optimized with the Yoast SEO plugin v27.5 - https:\/\/yoast.com\/product\/yoast-seo-wordpress\/ -->\n<title>Bensus\u00e1n festej\u00f3 el llamado a sesi\u00f3n especial para rechazar el mega DNU - Diario Textual<\/title>\n<meta name=\"robots\" content=\"index, follow, max-snippet:-1, max-image-preview:large, max-video-preview:-1\" \/>\n<link rel=\"canonical\" href=\"https:\/\/diariotextual.com\/inicio\/index.php\/2024\/03\/13\/bensusan-festejo-el-llamado-a-sesion-especial-para-rechazar-el-mega-dnu\/\" \/>\n<meta property=\"og:locale\" content=\"es_ES\" \/>\n<meta property=\"og:type\" content=\"article\" \/>\n<meta property=\"og:title\" content=\"Bensus\u00e1n festej\u00f3 el llamado a sesi\u00f3n especial para rechazar el mega DNU - Diario Textual\" \/>\n<meta property=\"og:description\" content=\"El senador pampeano Daniel Bensus\u00e1n (Uni\u00f3n por la Patria) dijo que la vicepresidenta de la Naci\u00f3n, a la vez presidenta del Senado, Victoria Villarruel, cumpli\u00f3 con la obligaci\u00f3n que ten\u00eda&hellip;\" \/>\n<meta property=\"og:url\" content=\"https:\/\/diariotextual.com\/inicio\/index.php\/2024\/03\/13\/bensusan-festejo-el-llamado-a-sesion-especial-para-rechazar-el-mega-dnu\/\" \/>\n<meta property=\"og:site_name\" content=\"Diario Textual\" \/>\n<meta property=\"article:publisher\" content=\"https:\/\/www.facebook.com\/eltextual\" \/>\n<meta property=\"article:published_time\" content=\"2024-03-13T22:15:27+00:00\" \/>\n<meta property=\"article:modified_time\" content=\"2024-03-13T22:57:48+00:00\" \/>\n<meta property=\"og:image\" content=\"https:\/\/diariotextual.com\/inicio\/wp-content\/uploads\/2023\/09\/bensusanpablodanielsenador2023-09.jpg\" \/>\n\t<meta property=\"og:image:width\" content=\"1600\" \/>\n\t<meta property=\"og:image:height\" content=\"1066\" \/>\n\t<meta property=\"og:image:type\" content=\"image\/jpeg\" \/>\n<meta name=\"author\" content=\"Diario1 Diario1\" \/>\n<meta name=\"twitter:card\" content=\"summary_large_image\" \/>\n<meta name=\"twitter:creator\" content=\"@eltextual\" \/>\n<meta name=\"twitter:site\" content=\"@eltextual\" \/>\n<meta name=\"twitter:label1\" content=\"Escrito por\" \/>\n\t<meta name=\"twitter:data1\" content=\"Diario1 Diario1\" \/>\n\t<meta name=\"twitter:label2\" content=\"Tiempo de lectura\" \/>\n\t<meta name=\"twitter:data2\" content=\"3 minutos\" \/>\n<script type=\"application\/ld+json\" class=\"yoast-schema-graph\">{\"@context\":\"https:\\\/\\\/schema.org\",\"@graph\":[{\"@type\":\"Article\",\"@id\":\"https:\\\/\\\/diariotextual.com\\\/inicio\\\/index.php\\\/2024\\\/03\\\/13\\\/bensusan-festejo-el-llamado-a-sesion-especial-para-rechazar-el-mega-dnu\\\/#article\",\"isPartOf\":{\"@id\":\"https:\\\/\\\/diariotextual.com\\\/inicio\\\/index.php\\\/2024\\\/03\\\/13\\\/bensusan-festejo-el-llamado-a-sesion-especial-para-rechazar-el-mega-dnu\\\/\"},\"author\":{\"name\":\"Diario1 Diario1\",\"@id\":\"https:\\\/\\\/diariotextual.com\\\/inicio\\\/#\\\/schema\\\/person\\\/418fc4093c33e86ed41562db3508f958\"},\"headline\":\"Bensus\u00e1n festej\u00f3 el llamado a sesi\u00f3n especial para rechazar el mega DNU\",\"datePublished\":\"2024-03-13T22:15:27+00:00\",\"dateModified\":\"2024-03-13T22:57:48+00:00\",\"mainEntityOfPage\":{\"@id\":\"https:\\\/\\\/diariotextual.com\\\/inicio\\\/index.php\\\/2024\\\/03\\\/13\\\/bensusan-festejo-el-llamado-a-sesion-especial-para-rechazar-el-mega-dnu\\\/\"},\"wordCount\":463,\"publisher\":{\"@id\":\"https:\\\/\\\/diariotextual.com\\\/inicio\\\/#organization\"},\"image\":{\"@id\":\"https:\\\/\\\/diariotextual.com\\\/inicio\\\/index.php\\\/2024\\\/03\\\/13\\\/bensusan-festejo-el-llamado-a-sesion-especial-para-rechazar-el-mega-dnu\\\/#primaryimage\"},\"thumbnailUrl\":\"https:\\\/\\\/diariotextual.com\\\/inicio\\\/wp-content\\\/uploads\\\/2023\\\/09\\\/bensusanpablodanielsenador2023-09.jpg\",\"articleSection\":[\"A - ES NOTICIA (van abajo)\",\"POLITICA\"],\"inLanguage\":\"es\"},{\"@type\":\"WebPage\",\"@id\":\"https:\\\/\\\/diariotextual.com\\\/inicio\\\/index.php\\\/2024\\\/03\\\/13\\\/bensusan-festejo-el-llamado-a-sesion-especial-para-rechazar-el-mega-dnu\\\/\",\"url\":\"https:\\\/\\\/diariotextual.com\\\/inicio\\\/index.php\\\/2024\\\/03\\\/13\\\/bensusan-festejo-el-llamado-a-sesion-especial-para-rechazar-el-mega-dnu\\\/\",\"name\":\"Bensus\u00e1n festej\u00f3 el llamado a sesi\u00f3n especial para rechazar el mega DNU - Diario Textual\",\"isPartOf\":{\"@id\":\"https:\\\/\\\/diariotextual.com\\\/inicio\\\/#website\"},\"primaryImageOfPage\":{\"@id\":\"https:\\\/\\\/diariotextual.com\\\/inicio\\\/index.php\\\/2024\\\/03\\\/13\\\/bensusan-festejo-el-llamado-a-sesion-especial-para-rechazar-el-mega-dnu\\\/#primaryimage\"},\"image\":{\"@id\":\"https:\\\/\\\/diariotextual.com\\\/inicio\\\/index.php\\\/2024\\\/03\\\/13\\\/bensusan-festejo-el-llamado-a-sesion-especial-para-rechazar-el-mega-dnu\\\/#primaryimage\"},\"thumbnailUrl\":\"https:\\\/\\\/diariotextual.com\\\/inicio\\\/wp-content\\\/uploads\\\/2023\\\/09\\\/bensusanpablodanielsenador2023-09.jpg\",\"datePublished\":\"2024-03-13T22:15:27+00:00\",\"dateModified\":\"2024-03-13T22:57:48+00:00\",\"breadcrumb\":{\"@id\":\"https:\\\/\\\/diariotextual.com\\\/inicio\\\/index.php\\\/2024\\\/03\\\/13\\\/bensusan-festejo-el-llamado-a-sesion-especial-para-rechazar-el-mega-dnu\\\/#breadcrumb\"},\"inLanguage\":\"es\",\"potentialAction\":[{\"@type\":\"ReadAction\",\"target\":[\"https:\\\/\\\/diariotextual.com\\\/inicio\\\/index.php\\\/2024\\\/03\\\/13\\\/bensusan-festejo-el-llamado-a-sesion-especial-para-rechazar-el-mega-dnu\\\/\"]}]},{\"@type\":\"ImageObject\",\"inLanguage\":\"es\",\"@id\":\"https:\\\/\\\/diariotextual.com\\\/inicio\\\/index.php\\\/2024\\\/03\\\/13\\\/bensusan-festejo-el-llamado-a-sesion-especial-para-rechazar-el-mega-dnu\\\/#primaryimage\",\"url\":\"https:\\\/\\\/diariotextual.com\\\/inicio\\\/wp-content\\\/uploads\\\/2023\\\/09\\\/bensusanpablodanielsenador2023-09.jpg\",\"contentUrl\":\"https:\\\/\\\/diariotextual.com\\\/inicio\\\/wp-content\\\/uploads\\\/2023\\\/09\\\/bensusanpablodanielsenador2023-09.jpg\",\"width\":1600,\"height\":1066},{\"@type\":\"BreadcrumbList\",\"@id\":\"https:\\\/\\\/diariotextual.com\\\/inicio\\\/index.php\\\/2024\\\/03\\\/13\\\/bensusan-festejo-el-llamado-a-sesion-especial-para-rechazar-el-mega-dnu\\\/#breadcrumb\",\"itemListElement\":[{\"@type\":\"ListItem\",\"position\":1,\"name\":\"Portada\",\"item\":\"https:\\\/\\\/diariotextual.com\\\/inicio\\\/\"},{\"@type\":\"ListItem\",\"position\":2,\"name\":\"Bensus\u00e1n festej\u00f3 el llamado a sesi\u00f3n especial para rechazar el mega DNU\"}]},{\"@type\":\"WebSite\",\"@id\":\"https:\\\/\\\/diariotextual.com\\\/inicio\\\/#website\",\"url\":\"https:\\\/\\\/diariotextual.com\\\/inicio\\\/\",\"name\":\"Diario Textual\",\"description\":\"\",\"publisher\":{\"@id\":\"https:\\\/\\\/diariotextual.com\\\/inicio\\\/#organization\"},\"potentialAction\":[{\"@type\":\"SearchAction\",\"target\":{\"@type\":\"EntryPoint\",\"urlTemplate\":\"https:\\\/\\\/diariotextual.com\\\/inicio\\\/?s={search_term_string}\"},\"query-input\":{\"@type\":\"PropertyValueSpecification\",\"valueRequired\":true,\"valueName\":\"search_term_string\"}}],\"inLanguage\":\"es\"},{\"@type\":\"Organization\",\"@id\":\"https:\\\/\\\/diariotextual.com\\\/inicio\\\/#organization\",\"name\":\"Diario Textual\",\"url\":\"https:\\\/\\\/diariotextual.com\\\/inicio\\\/\",\"logo\":{\"@type\":\"ImageObject\",\"inLanguage\":\"es\",\"@id\":\"https:\\\/\\\/diariotextual.com\\\/inicio\\\/#\\\/schema\\\/logo\\\/image\\\/\",\"url\":\"https:\\\/\\\/diariotextual.com\\\/inicio\\\/wp-content\\\/uploads\\\/2023\\\/05\\\/logotextual1.jpg\",\"contentUrl\":\"https:\\\/\\\/diariotextual.com\\\/inicio\\\/wp-content\\\/uploads\\\/2023\\\/05\\\/logotextual1.jpg\",\"width\":516,\"height\":76,\"caption\":\"Diario Textual\"},\"image\":{\"@id\":\"https:\\\/\\\/diariotextual.com\\\/inicio\\\/#\\\/schema\\\/logo\\\/image\\\/\"},\"sameAs\":[\"https:\\\/\\\/www.facebook.com\\\/eltextual\",\"https:\\\/\\\/x.com\\\/eltextual\",\"http:\\\/\\\/www.instagram.com\\\/eltextual\"]},{\"@type\":\"Person\",\"@id\":\"https:\\\/\\\/diariotextual.com\\\/inicio\\\/#\\\/schema\\\/person\\\/418fc4093c33e86ed41562db3508f958\",\"name\":\"Diario1 Diario1\",\"image\":{\"@type\":\"ImageObject\",\"inLanguage\":\"es\",\"@id\":\"https:\\\/\\\/secure.gravatar.com\\\/avatar\\\/9167d280179c85bc18be67aa7eda765854300033af4896dd779b608640f2ef7a?s=96&d=mm&r=g\",\"url\":\"https:\\\/\\\/secure.gravatar.com\\\/avatar\\\/9167d280179c85bc18be67aa7eda765854300033af4896dd779b608640f2ef7a?s=96&d=mm&r=g\",\"contentUrl\":\"https:\\\/\\\/secure.gravatar.com\\\/avatar\\\/9167d280179c85bc18be67aa7eda765854300033af4896dd779b608640f2ef7a?s=96&d=mm&r=g\",\"caption\":\"Diario1 Diario1\"},\"url\":\"https:\\\/\\\/diariotextual.com\\\/inicio\\\/index.php\\\/author\\\/diario1\\\/\"}]}<\/script>\n<!-- \/ Yoast SEO plugin. -->","yoast_head_json":{"title":"Bensus\u00e1n festej\u00f3 el llamado a sesi\u00f3n especial para rechazar el mega DNU - Diario Textual","robots":{"index":"index","follow":"follow","max-snippet":"max-snippet:-1","max-image-preview":"max-image-preview:large","max-video-preview":"max-video-preview:-1"},"canonical":"https:\/\/diariotextual.com\/inicio\/index.php\/2024\/03\/13\/bensusan-festejo-el-llamado-a-sesion-especial-para-rechazar-el-mega-dnu\/","og_locale":"es_ES","og_type":"article","og_title":"Bensus\u00e1n festej\u00f3 el llamado a sesi\u00f3n especial para rechazar el mega DNU - Diario Textual","og_description":"El senador pampeano Daniel Bensus\u00e1n (Uni\u00f3n por la Patria) dijo que la vicepresidenta de la Naci\u00f3n, a la vez presidenta del Senado, Victoria Villarruel, cumpli\u00f3 con la obligaci\u00f3n que ten\u00eda&hellip;","og_url":"https:\/\/diariotextual.com\/inicio\/index.php\/2024\/03\/13\/bensusan-festejo-el-llamado-a-sesion-especial-para-rechazar-el-mega-dnu\/","og_site_name":"Diario Textual","article_publisher":"https:\/\/www.facebook.com\/eltextual","article_published_time":"2024-03-13T22:15:27+00:00","article_modified_time":"2024-03-13T22:57:48+00:00","og_image":[{"width":1600,"height":1066,"url":"https:\/\/diariotextual.com\/inicio\/wp-content\/uploads\/2023\/09\/bensusanpablodanielsenador2023-09.jpg","type":"image\/jpeg"}],"author":"Diario1 Diario1","twitter_card":"summary_large_image","twitter_creator":"@eltextual","twitter_site":"@eltextual","twitter_misc":{"Escrito por":"Diario1 Diario1","Tiempo de lectura":"3 minutos"},"schema":{"@context":"https:\/\/schema.org","@graph":[{"@type":"Article","@id":"https:\/\/diariotextual.com\/inicio\/index.php\/2024\/03\/13\/bensusan-festejo-el-llamado-a-sesion-especial-para-rechazar-el-mega-dnu\/#article","isPartOf":{"@id":"https:\/\/diariotextual.com\/inicio\/index.php\/2024\/03\/13\/bensusan-festejo-el-llamado-a-sesion-especial-para-rechazar-el-mega-dnu\/"},"author":{"name":"Diario1 Diario1","@id":"https:\/\/diariotextual.com\/inicio\/#\/schema\/person\/418fc4093c33e86ed41562db3508f958"},"headline":"Bensus\u00e1n festej\u00f3 el llamado a sesi\u00f3n especial para rechazar el mega DNU","datePublished":"2024-03-13T22:15:27+00:00","dateModified":"2024-03-13T22:57:48+00:00","mainEntityOfPage":{"@id":"https:\/\/diariotextual.com\/inicio\/index.php\/2024\/03\/13\/bensusan-festejo-el-llamado-a-sesion-especial-para-rechazar-el-mega-dnu\/"},"wordCount":463,"publisher":{"@id":"https:\/\/diariotextual.com\/inicio\/#organization"},"image":{"@id":"https:\/\/diariotextual.com\/inicio\/index.php\/2024\/03\/13\/bensusan-festejo-el-llamado-a-sesion-especial-para-rechazar-el-mega-dnu\/#primaryimage"},"thumbnailUrl":"https:\/\/diariotextual.com\/inicio\/wp-content\/uploads\/2023\/09\/bensusanpablodanielsenador2023-09.jpg","articleSection":["A - ES NOTICIA (van abajo)","POLITICA"],"inLanguage":"es"},{"@type":"WebPage","@id":"https:\/\/diariotextual.com\/inicio\/index.php\/2024\/03\/13\/bensusan-festejo-el-llamado-a-sesion-especial-para-rechazar-el-mega-dnu\/","url":"https:\/\/diariotextual.com\/inicio\/index.php\/2024\/03\/13\/bensusan-festejo-el-llamado-a-sesion-especial-para-rechazar-el-mega-dnu\/","name":"Bensus\u00e1n festej\u00f3 el llamado a sesi\u00f3n especial para rechazar el mega DNU - Diario Textual","isPartOf":{"@id":"https:\/\/diariotextual.com\/inicio\/#website"},"primaryImageOfPage":{"@id":"https:\/\/diariotextual.com\/inicio\/index.php\/2024\/03\/13\/bensusan-festejo-el-llamado-a-sesion-especial-para-rechazar-el-mega-dnu\/#primaryimage"},"image":{"@id":"https:\/\/diariotextual.com\/inicio\/index.php\/2024\/03\/13\/bensusan-festejo-el-llamado-a-sesion-especial-para-rechazar-el-mega-dnu\/#primaryimage"},"thumbnailUrl":"https:\/\/diariotextual.com\/inicio\/wp-content\/uploads\/2023\/09\/bensusanpablodanielsenador2023-09.jpg","datePublished":"2024-03-13T22:15:27+00:00","dateModified":"2024-03-13T22:57:48+00:00","breadcrumb":{"@id":"https:\/\/diariotextual.com\/inicio\/index.php\/2024\/03\/13\/bensusan-festejo-el-llamado-a-sesion-especial-para-rechazar-el-mega-dnu\/#breadcrumb"},"inLanguage":"es","potentialAction":[{"@type":"ReadAction","target":["https:\/\/diariotextual.com\/inicio\/index.php\/2024\/03\/13\/bensusan-festejo-el-llamado-a-sesion-especial-para-rechazar-el-mega-dnu\/"]}]},{"@type":"ImageObject","inLanguage":"es","@id":"https:\/\/diariotextual.com\/inicio\/index.php\/2024\/03\/13\/bensusan-festejo-el-llamado-a-sesion-especial-para-rechazar-el-mega-dnu\/#primaryimage","url":"https:\/\/diariotextual.com\/inicio\/wp-content\/uploads\/2023\/09\/bensusanpablodanielsenador2023-09.jpg","contentUrl":"https:\/\/diariotextual.com\/inicio\/wp-content\/uploads\/2023\/09\/bensusanpablodanielsenador2023-09.jpg","width":1600,"height":1066},{"@type":"BreadcrumbList","@id":"https:\/\/diariotextual.com\/inicio\/index.php\/2024\/03\/13\/bensusan-festejo-el-llamado-a-sesion-especial-para-rechazar-el-mega-dnu\/#breadcrumb","itemListElement":[{"@type":"ListItem","position":1,"name":"Portada","item":"https:\/\/diariotextual.com\/inicio\/"},{"@type":"ListItem","position":2,"name":"Bensus\u00e1n festej\u00f3 el llamado a sesi\u00f3n especial para rechazar el mega DNU"}]},{"@type":"WebSite","@id":"https:\/\/diariotextual.com\/inicio\/#website","url":"https:\/\/diariotextual.com\/inicio\/","name":"Diario Textual","description":"","publisher":{"@id":"https:\/\/diariotextual.com\/inicio\/#organization"},"potentialAction":[{"@type":"SearchAction","target":{"@type":"EntryPoint","urlTemplate":"https:\/\/diariotextual.com\/inicio\/?s={search_term_string}"},"query-input":{"@type":"PropertyValueSpecification","valueRequired":true,"valueName":"search_term_string"}}],"inLanguage":"es"},{"@type":"Organization","@id":"https:\/\/diariotextual.com\/inicio\/#organization","name":"Diario Textual","url":"https:\/\/diariotextual.com\/inicio\/","logo":{"@type":"ImageObject","inLanguage":"es","@id":"https:\/\/diariotextual.com\/inicio\/#\/schema\/logo\/image\/","url":"https:\/\/diariotextual.com\/inicio\/wp-content\/uploads\/2023\/05\/logotextual1.jpg","contentUrl":"https:\/\/diariotextual.com\/inicio\/wp-content\/uploads\/2023\/05\/logotextual1.jpg","width":516,"height":76,"caption":"Diario Textual"},"image":{"@id":"https:\/\/diariotextual.com\/inicio\/#\/schema\/logo\/image\/"},"sameAs":["https:\/\/www.facebook.com\/eltextual","https:\/\/x.com\/eltextual","http:\/\/www.instagram.com\/eltextual"]},{"@type":"Person","@id":"https:\/\/diariotextual.com\/inicio\/#\/schema\/person\/418fc4093c33e86ed41562db3508f958","name":"Diario1 Diario1","image":{"@type":"ImageObject","inLanguage":"es","@id":"https:\/\/secure.gravatar.com\/avatar\/9167d280179c85bc18be67aa7eda765854300033af4896dd779b608640f2ef7a?s=96&d=mm&r=g","url":"https:\/\/secure.gravatar.com\/avatar\/9167d280179c85bc18be67aa7eda765854300033af4896dd779b608640f2ef7a?s=96&d=mm&r=g","contentUrl":"https:\/\/secure.gravatar.com\/avatar\/9167d280179c85bc18be67aa7eda765854300033af4896dd779b608640f2ef7a?s=96&d=mm&r=g","caption":"Diario1 Diario1"},"url":"https:\/\/diariotextual.com\/inicio\/index.php\/author\/diario1\/"}]}},"_links":{"self":[{"href":"https:\/\/diariotextual.com\/inicio\/index.php\/wp-json\/wp\/v2\/posts\/256881","targetHints":{"allow":["GET"]}}],"collection":[{"href":"https:\/\/diariotextual.com\/inicio\/index.php\/wp-json\/wp\/v2\/posts"}],"about":[{"href":"https:\/\/diariotextual.com\/inicio\/index.php\/wp-json\/wp\/v2\/types\/post"}],"author":[{"embeddable":true,"href":"https:\/\/diariotextual.com\/inicio\/index.php\/wp-json\/wp\/v2\/users\/3"}],"replies":[{"embeddable":true,"href":"https:\/\/diariotextual.com\/inicio\/index.php\/wp-json\/wp\/v2\/comments?post=256881"}],"version-history":[{"count":2,"href":"https:\/\/diariotextual.com\/inicio\/index.php\/wp-json\/wp\/v2\/posts\/256881\/revisions"}],"predecessor-version":[{"id":256883,"href":"https:\/\/diariotextual.com\/inicio\/index.php\/wp-json\/wp\/v2\/posts\/256881\/revisions\/256883"}],"wp:featuredmedia":[{"embeddable":true,"href":"https:\/\/diariotextual.com\/inicio\/index.php\/wp-json\/wp\/v2\/media\/239214"}],"wp:attachment":[{"href":"https:\/\/diariotextual.com\/inicio\/index.php\/wp-json\/wp\/v2\/media?parent=256881"}],"wp:term":[{"taxonomy":"category","embeddable":true,"href":"https:\/\/diariotextual.com\/inicio\/index.php\/wp-json\/wp\/v2\/categories?post=256881"},{"taxonomy":"post_tag","embeddable":true,"href":"https:\/\/diariotextual.com\/inicio\/index.php\/wp-json\/wp\/v2\/tags?post=256881"}],"curies":[{"name":"wp","href":"https:\/\/api.w.org\/{rel}","templated":true}]}}