{"id":256887,"date":"2024-03-13T19:44:17","date_gmt":"2024-03-13T22:44:17","guid":{"rendered":"https:\/\/diariotextual.com\/inicio\/?p=256887"},"modified":"2024-03-13T19:44:19","modified_gmt":"2024-03-13T22:44:19","slug":"luciano-di-napoli-en-cordoba-hablara-de-la-creacion-del-emtu","status":"publish","type":"post","link":"https:\/\/diariotextual.com\/inicio\/index.php\/2024\/03\/13\/luciano-di-napoli-en-cordoba-hablara-de-la-creacion-del-emtu\/","title":{"rendered":"Luciano Di N\u00e1poli en C\u00f3rdoba hablar\u00e1 de la creaci\u00f3n del EMTU"},"content":{"rendered":"\n<p>El intendente de Santa Rosa, Luciano di N\u00e1poli, particip\u00f3 de la apertura del Encuentro Federal de Intendentes en C\u00f3rdoba y que estuvo a cargo del gobernador, Mart\u00edn Llaryora. El encuentro re\u00fane a m\u00e1s de 400 intendentes de todo el pa\u00eds para tratar temas comunes a la gesti\u00f3n y el jefe comunal santarrose\u00f1o disertar\u00e1 sobre el proceso de municipalizaci\u00f3n del servicio de transporte p\u00fablico de pasajeros.<\/p>\n\n\n\n<p>Desde este mi\u00e9rcoles y hasta este jueves se debatir\u00e1 con el objetivo de fortalecer lazos federales entre ciudades con temas de agenda com\u00fan y potenciar la colaboraci\u00f3n p\u00fablico-privada en torno a diversas tem\u00e1ticas.<\/p>\n\n\n\n<p>El evento busca abordar las ventajas competitivas de cada ciudad y contar\u00e1 con actividades planteadas para establecer una agenda de di\u00e1logo y trabajo colaborativo de largo plazo entre los distintos actores involucrados.<\/p>\n\n\n\n<p>Los temas que se tratar\u00e1n son Desarrollo Econ\u00f3mico, Ambiente, Inclusi\u00f3n Social, Econom\u00eda circular y Movilidad; donde el intendente de Santa Rosa tendr\u00e1 la posibilidad de exponer sobre la Municipalizaci\u00f3n del Trasporte P\u00fablico en Santa Rosa.<\/p>\n\n\n\n<p>El intendente asisti\u00f3 acompa\u00f1ado por el secretario de Hacienda, Hern\u00e1n Montelongo y un peque\u00f1o grupo de empresarios locales.<\/p>\n","protected":false},"excerpt":{"rendered":"<p>El intendente de Santa Rosa, Luciano di N\u00e1poli, particip\u00f3 de la apertura del Encuentro Federal de Intendentes en C\u00f3rdoba y que estuvo a cargo del gobernador, Mart\u00edn Llaryora. El encuentro&hellip;<\/p>\n","protected":false},"author":5,"featured_media":256888,"comment_status":"closed","ping_status":"open","sticky":false,"template":"","format":"standard","meta":{"_acf_changed":false,"footnotes":""},"categories":[1,8],"tags":[836,3180],"class_list":["post-256887","post","type-post","status-publish","format-standard","has-post-thumbnail","hentry","category-es-noticia","category-politica","tag-di-napoli","tag-emtu"],"acf":[],"yoast_head":"<!-- This site is optimized with the Yoast SEO plugin v27.5 - https:\/\/yoast.com\/product\/yoast-seo-wordpress\/ -->\n<title>Luciano Di N\u00e1poli en C\u00f3rdoba hablar\u00e1 de la creaci\u00f3n del EMTU - Diario Textual<\/title>\n<meta name=\"robots\" content=\"index, follow, max-snippet:-1, max-image-preview:large, max-video-preview:-1\" \/>\n<link rel=\"canonical\" href=\"https:\/\/diariotextual.com\/inicio\/index.php\/2024\/03\/13\/luciano-di-napoli-en-cordoba-hablara-de-la-creacion-del-emtu\/\" \/>\n<meta property=\"og:locale\" content=\"es_ES\" \/>\n<meta property=\"og:type\" content=\"article\" \/>\n<meta property=\"og:title\" content=\"Luciano Di N\u00e1poli en C\u00f3rdoba hablar\u00e1 de la creaci\u00f3n del EMTU - Diario Textual\" \/>\n<meta property=\"og:description\" content=\"El intendente de Santa Rosa, Luciano di N\u00e1poli, particip\u00f3 de la apertura del Encuentro Federal de Intendentes en C\u00f3rdoba y que estuvo a cargo del gobernador, Mart\u00edn Llaryora. El encuentro&hellip;\" \/>\n<meta property=\"og:url\" content=\"https:\/\/diariotextual.com\/inicio\/index.php\/2024\/03\/13\/luciano-di-napoli-en-cordoba-hablara-de-la-creacion-del-emtu\/\" \/>\n<meta property=\"og:site_name\" content=\"Diario Textual\" \/>\n<meta property=\"article:publisher\" content=\"https:\/\/www.facebook.com\/eltextual\" \/>\n<meta property=\"article:published_time\" content=\"2024-03-13T22:44:17+00:00\" \/>\n<meta property=\"article:modified_time\" content=\"2024-03-13T22:44:19+00:00\" \/>\n<meta property=\"og:image\" content=\"https:\/\/diariotextual.com\/inicio\/wp-content\/uploads\/2024\/03\/dinapolillaryora2024.webp\" \/>\n\t<meta property=\"og:image:width\" content=\"800\" \/>\n\t<meta property=\"og:image:height\" content=\"788\" \/>\n\t<meta property=\"og:image:type\" content=\"image\/webp\" \/>\n<meta name=\"author\" content=\"diario3\" \/>\n<meta name=\"twitter:card\" content=\"summary_large_image\" \/>\n<meta name=\"twitter:creator\" content=\"@eltextual\" \/>\n<meta name=\"twitter:site\" content=\"@eltextual\" \/>\n<meta name=\"twitter:label1\" content=\"Escrito por\" \/>\n\t<meta name=\"twitter:data1\" content=\"diario3\" \/>\n\t<meta name=\"twitter:label2\" content=\"Tiempo de lectura\" \/>\n\t<meta name=\"twitter:data2\" content=\"2 minutos\" \/>\n<script type=\"application\/ld+json\" class=\"yoast-schema-graph\">{\"@context\":\"https:\\\/\\\/schema.org\",\"@graph\":[{\"@type\":\"Article\",\"@id\":\"https:\\\/\\\/diariotextual.com\\\/inicio\\\/index.php\\\/2024\\\/03\\\/13\\\/luciano-di-napoli-en-cordoba-hablara-de-la-creacion-del-emtu\\\/#article\",\"isPartOf\":{\"@id\":\"https:\\\/\\\/diariotextual.com\\\/inicio\\\/index.php\\\/2024\\\/03\\\/13\\\/luciano-di-napoli-en-cordoba-hablara-de-la-creacion-del-emtu\\\/\"},\"author\":{\"name\":\"diario3\",\"@id\":\"https:\\\/\\\/diariotextual.com\\\/inicio\\\/#\\\/schema\\\/person\\\/a1b6f563e0ee944c60f98119389a4d9f\"},\"headline\":\"Luciano Di N\u00e1poli en C\u00f3rdoba hablar\u00e1 de la creaci\u00f3n del EMTU\",\"datePublished\":\"2024-03-13T22:44:17+00:00\",\"dateModified\":\"2024-03-13T22:44:19+00:00\",\"mainEntityOfPage\":{\"@id\":\"https:\\\/\\\/diariotextual.com\\\/inicio\\\/index.php\\\/2024\\\/03\\\/13\\\/luciano-di-napoli-en-cordoba-hablara-de-la-creacion-del-emtu\\\/\"},\"wordCount\":221,\"publisher\":{\"@id\":\"https:\\\/\\\/diariotextual.com\\\/inicio\\\/#organization\"},\"image\":{\"@id\":\"https:\\\/\\\/diariotextual.com\\\/inicio\\\/index.php\\\/2024\\\/03\\\/13\\\/luciano-di-napoli-en-cordoba-hablara-de-la-creacion-del-emtu\\\/#primaryimage\"},\"thumbnailUrl\":\"https:\\\/\\\/diariotextual.com\\\/inicio\\\/wp-content\\\/uploads\\\/2024\\\/03\\\/dinapolillaryora2024.webp\",\"keywords\":[\"di napoli\",\"emtu\"],\"articleSection\":[\"A - ES NOTICIA (van abajo)\",\"POLITICA\"],\"inLanguage\":\"es\"},{\"@type\":\"WebPage\",\"@id\":\"https:\\\/\\\/diariotextual.com\\\/inicio\\\/index.php\\\/2024\\\/03\\\/13\\\/luciano-di-napoli-en-cordoba-hablara-de-la-creacion-del-emtu\\\/\",\"url\":\"https:\\\/\\\/diariotextual.com\\\/inicio\\\/index.php\\\/2024\\\/03\\\/13\\\/luciano-di-napoli-en-cordoba-hablara-de-la-creacion-del-emtu\\\/\",\"name\":\"Luciano Di N\u00e1poli en C\u00f3rdoba hablar\u00e1 de la creaci\u00f3n del EMTU - Diario Textual\",\"isPartOf\":{\"@id\":\"https:\\\/\\\/diariotextual.com\\\/inicio\\\/#website\"},\"primaryImageOfPage\":{\"@id\":\"https:\\\/\\\/diariotextual.com\\\/inicio\\\/index.php\\\/2024\\\/03\\\/13\\\/luciano-di-napoli-en-cordoba-hablara-de-la-creacion-del-emtu\\\/#primaryimage\"},\"image\":{\"@id\":\"https:\\\/\\\/diariotextual.com\\\/inicio\\\/index.php\\\/2024\\\/03\\\/13\\\/luciano-di-napoli-en-cordoba-hablara-de-la-creacion-del-emtu\\\/#primaryimage\"},\"thumbnailUrl\":\"https:\\\/\\\/diariotextual.com\\\/inicio\\\/wp-content\\\/uploads\\\/2024\\\/03\\\/dinapolillaryora2024.webp\",\"datePublished\":\"2024-03-13T22:44:17+00:00\",\"dateModified\":\"2024-03-13T22:44:19+00:00\",\"breadcrumb\":{\"@id\":\"https:\\\/\\\/diariotextual.com\\\/inicio\\\/index.php\\\/2024\\\/03\\\/13\\\/luciano-di-napoli-en-cordoba-hablara-de-la-creacion-del-emtu\\\/#breadcrumb\"},\"inLanguage\":\"es\",\"potentialAction\":[{\"@type\":\"ReadAction\",\"target\":[\"https:\\\/\\\/diariotextual.com\\\/inicio\\\/index.php\\\/2024\\\/03\\\/13\\\/luciano-di-napoli-en-cordoba-hablara-de-la-creacion-del-emtu\\\/\"]}]},{\"@type\":\"ImageObject\",\"inLanguage\":\"es\",\"@id\":\"https:\\\/\\\/diariotextual.com\\\/inicio\\\/index.php\\\/2024\\\/03\\\/13\\\/luciano-di-napoli-en-cordoba-hablara-de-la-creacion-del-emtu\\\/#primaryimage\",\"url\":\"https:\\\/\\\/diariotextual.com\\\/inicio\\\/wp-content\\\/uploads\\\/2024\\\/03\\\/dinapolillaryora2024.webp\",\"contentUrl\":\"https:\\\/\\\/diariotextual.com\\\/inicio\\\/wp-content\\\/uploads\\\/2024\\\/03\\\/dinapolillaryora2024.webp\",\"width\":800,\"height\":788},{\"@type\":\"BreadcrumbList\",\"@id\":\"https:\\\/\\\/diariotextual.com\\\/inicio\\\/index.php\\\/2024\\\/03\\\/13\\\/luciano-di-napoli-en-cordoba-hablara-de-la-creacion-del-emtu\\\/#breadcrumb\",\"itemListElement\":[{\"@type\":\"ListItem\",\"position\":1,\"name\":\"Portada\",\"item\":\"https:\\\/\\\/diariotextual.com\\\/inicio\\\/\"},{\"@type\":\"ListItem\",\"position\":2,\"name\":\"Luciano Di N\u00e1poli en C\u00f3rdoba hablar\u00e1 de la creaci\u00f3n del EMTU\"}]},{\"@type\":\"WebSite\",\"@id\":\"https:\\\/\\\/diariotextual.com\\\/inicio\\\/#website\",\"url\":\"https:\\\/\\\/diariotextual.com\\\/inicio\\\/\",\"name\":\"Diario Textual\",\"description\":\"\",\"publisher\":{\"@id\":\"https:\\\/\\\/diariotextual.com\\\/inicio\\\/#organization\"},\"potentialAction\":[{\"@type\":\"SearchAction\",\"target\":{\"@type\":\"EntryPoint\",\"urlTemplate\":\"https:\\\/\\\/diariotextual.com\\\/inicio\\\/?s={search_term_string}\"},\"query-input\":{\"@type\":\"PropertyValueSpecification\",\"valueRequired\":true,\"valueName\":\"search_term_string\"}}],\"inLanguage\":\"es\"},{\"@type\":\"Organization\",\"@id\":\"https:\\\/\\\/diariotextual.com\\\/inicio\\\/#organization\",\"name\":\"Diario Textual\",\"url\":\"https:\\\/\\\/diariotextual.com\\\/inicio\\\/\",\"logo\":{\"@type\":\"ImageObject\",\"inLanguage\":\"es\",\"@id\":\"https:\\\/\\\/diariotextual.com\\\/inicio\\\/#\\\/schema\\\/logo\\\/image\\\/\",\"url\":\"https:\\\/\\\/diariotextual.com\\\/inicio\\\/wp-content\\\/uploads\\\/2023\\\/05\\\/logotextual1.jpg\",\"contentUrl\":\"https:\\\/\\\/diariotextual.com\\\/inicio\\\/wp-content\\\/uploads\\\/2023\\\/05\\\/logotextual1.jpg\",\"width\":516,\"height\":76,\"caption\":\"Diario Textual\"},\"image\":{\"@id\":\"https:\\\/\\\/diariotextual.com\\\/inicio\\\/#\\\/schema\\\/logo\\\/image\\\/\"},\"sameAs\":[\"https:\\\/\\\/www.facebook.com\\\/eltextual\",\"https:\\\/\\\/x.com\\\/eltextual\",\"http:\\\/\\\/www.instagram.com\\\/eltextual\"]},{\"@type\":\"Person\",\"@id\":\"https:\\\/\\\/diariotextual.com\\\/inicio\\\/#\\\/schema\\\/person\\\/a1b6f563e0ee944c60f98119389a4d9f\",\"name\":\"diario3\",\"image\":{\"@type\":\"ImageObject\",\"inLanguage\":\"es\",\"@id\":\"https:\\\/\\\/secure.gravatar.com\\\/avatar\\\/5e7ee62c82fc04d9dd79d746a390d93c69c43223e5faeeb3ea9461ef752bfc5d?s=96&d=mm&r=g\",\"url\":\"https:\\\/\\\/secure.gravatar.com\\\/avatar\\\/5e7ee62c82fc04d9dd79d746a390d93c69c43223e5faeeb3ea9461ef752bfc5d?s=96&d=mm&r=g\",\"contentUrl\":\"https:\\\/\\\/secure.gravatar.com\\\/avatar\\\/5e7ee62c82fc04d9dd79d746a390d93c69c43223e5faeeb3ea9461ef752bfc5d?s=96&d=mm&r=g\",\"caption\":\"diario3\"},\"url\":\"https:\\\/\\\/diariotextual.com\\\/inicio\\\/index.php\\\/author\\\/diario3\\\/\"}]}<\/script>\n<!-- \/ Yoast SEO plugin. -->","yoast_head_json":{"title":"Luciano Di N\u00e1poli en C\u00f3rdoba hablar\u00e1 de la creaci\u00f3n del EMTU - Diario Textual","robots":{"index":"index","follow":"follow","max-snippet":"max-snippet:-1","max-image-preview":"max-image-preview:large","max-video-preview":"max-video-preview:-1"},"canonical":"https:\/\/diariotextual.com\/inicio\/index.php\/2024\/03\/13\/luciano-di-napoli-en-cordoba-hablara-de-la-creacion-del-emtu\/","og_locale":"es_ES","og_type":"article","og_title":"Luciano Di N\u00e1poli en C\u00f3rdoba hablar\u00e1 de la creaci\u00f3n del EMTU - Diario Textual","og_description":"El intendente de Santa Rosa, Luciano di N\u00e1poli, particip\u00f3 de la apertura del Encuentro Federal de Intendentes en C\u00f3rdoba y que estuvo a cargo del gobernador, Mart\u00edn Llaryora. El encuentro&hellip;","og_url":"https:\/\/diariotextual.com\/inicio\/index.php\/2024\/03\/13\/luciano-di-napoli-en-cordoba-hablara-de-la-creacion-del-emtu\/","og_site_name":"Diario Textual","article_publisher":"https:\/\/www.facebook.com\/eltextual","article_published_time":"2024-03-13T22:44:17+00:00","article_modified_time":"2024-03-13T22:44:19+00:00","og_image":[{"width":800,"height":788,"url":"https:\/\/diariotextual.com\/inicio\/wp-content\/uploads\/2024\/03\/dinapolillaryora2024.webp","type":"image\/webp"}],"author":"diario3","twitter_card":"summary_large_image","twitter_creator":"@eltextual","twitter_site":"@eltextual","twitter_misc":{"Escrito por":"diario3","Tiempo de lectura":"2 minutos"},"schema":{"@context":"https:\/\/schema.org","@graph":[{"@type":"Article","@id":"https:\/\/diariotextual.com\/inicio\/index.php\/2024\/03\/13\/luciano-di-napoli-en-cordoba-hablara-de-la-creacion-del-emtu\/#article","isPartOf":{"@id":"https:\/\/diariotextual.com\/inicio\/index.php\/2024\/03\/13\/luciano-di-napoli-en-cordoba-hablara-de-la-creacion-del-emtu\/"},"author":{"name":"diario3","@id":"https:\/\/diariotextual.com\/inicio\/#\/schema\/person\/a1b6f563e0ee944c60f98119389a4d9f"},"headline":"Luciano Di N\u00e1poli en C\u00f3rdoba hablar\u00e1 de la creaci\u00f3n del EMTU","datePublished":"2024-03-13T22:44:17+00:00","dateModified":"2024-03-13T22:44:19+00:00","mainEntityOfPage":{"@id":"https:\/\/diariotextual.com\/inicio\/index.php\/2024\/03\/13\/luciano-di-napoli-en-cordoba-hablara-de-la-creacion-del-emtu\/"},"wordCount":221,"publisher":{"@id":"https:\/\/diariotextual.com\/inicio\/#organization"},"image":{"@id":"https:\/\/diariotextual.com\/inicio\/index.php\/2024\/03\/13\/luciano-di-napoli-en-cordoba-hablara-de-la-creacion-del-emtu\/#primaryimage"},"thumbnailUrl":"https:\/\/diariotextual.com\/inicio\/wp-content\/uploads\/2024\/03\/dinapolillaryora2024.webp","keywords":["di napoli","emtu"],"articleSection":["A - ES NOTICIA (van abajo)","POLITICA"],"inLanguage":"es"},{"@type":"WebPage","@id":"https:\/\/diariotextual.com\/inicio\/index.php\/2024\/03\/13\/luciano-di-napoli-en-cordoba-hablara-de-la-creacion-del-emtu\/","url":"https:\/\/diariotextual.com\/inicio\/index.php\/2024\/03\/13\/luciano-di-napoli-en-cordoba-hablara-de-la-creacion-del-emtu\/","name":"Luciano Di N\u00e1poli en C\u00f3rdoba hablar\u00e1 de la creaci\u00f3n del EMTU - Diario Textual","isPartOf":{"@id":"https:\/\/diariotextual.com\/inicio\/#website"},"primaryImageOfPage":{"@id":"https:\/\/diariotextual.com\/inicio\/index.php\/2024\/03\/13\/luciano-di-napoli-en-cordoba-hablara-de-la-creacion-del-emtu\/#primaryimage"},"image":{"@id":"https:\/\/diariotextual.com\/inicio\/index.php\/2024\/03\/13\/luciano-di-napoli-en-cordoba-hablara-de-la-creacion-del-emtu\/#primaryimage"},"thumbnailUrl":"https:\/\/diariotextual.com\/inicio\/wp-content\/uploads\/2024\/03\/dinapolillaryora2024.webp","datePublished":"2024-03-13T22:44:17+00:00","dateModified":"2024-03-13T22:44:19+00:00","breadcrumb":{"@id":"https:\/\/diariotextual.com\/inicio\/index.php\/2024\/03\/13\/luciano-di-napoli-en-cordoba-hablara-de-la-creacion-del-emtu\/#breadcrumb"},"inLanguage":"es","potentialAction":[{"@type":"ReadAction","target":["https:\/\/diariotextual.com\/inicio\/index.php\/2024\/03\/13\/luciano-di-napoli-en-cordoba-hablara-de-la-creacion-del-emtu\/"]}]},{"@type":"ImageObject","inLanguage":"es","@id":"https:\/\/diariotextual.com\/inicio\/index.php\/2024\/03\/13\/luciano-di-napoli-en-cordoba-hablara-de-la-creacion-del-emtu\/#primaryimage","url":"https:\/\/diariotextual.com\/inicio\/wp-content\/uploads\/2024\/03\/dinapolillaryora2024.webp","contentUrl":"https:\/\/diariotextual.com\/inicio\/wp-content\/uploads\/2024\/03\/dinapolillaryora2024.webp","width":800,"height":788},{"@type":"BreadcrumbList","@id":"https:\/\/diariotextual.com\/inicio\/index.php\/2024\/03\/13\/luciano-di-napoli-en-cordoba-hablara-de-la-creacion-del-emtu\/#breadcrumb","itemListElement":[{"@type":"ListItem","position":1,"name":"Portada","item":"https:\/\/diariotextual.com\/inicio\/"},{"@type":"ListItem","position":2,"name":"Luciano Di N\u00e1poli en C\u00f3rdoba hablar\u00e1 de la creaci\u00f3n del EMTU"}]},{"@type":"WebSite","@id":"https:\/\/diariotextual.com\/inicio\/#website","url":"https:\/\/diariotextual.com\/inicio\/","name":"Diario Textual","description":"","publisher":{"@id":"https:\/\/diariotextual.com\/inicio\/#organization"},"potentialAction":[{"@type":"SearchAction","target":{"@type":"EntryPoint","urlTemplate":"https:\/\/diariotextual.com\/inicio\/?s={search_term_string}"},"query-input":{"@type":"PropertyValueSpecification","valueRequired":true,"valueName":"search_term_string"}}],"inLanguage":"es"},{"@type":"Organization","@id":"https:\/\/diariotextual.com\/inicio\/#organization","name":"Diario Textual","url":"https:\/\/diariotextual.com\/inicio\/","logo":{"@type":"ImageObject","inLanguage":"es","@id":"https:\/\/diariotextual.com\/inicio\/#\/schema\/logo\/image\/","url":"https:\/\/diariotextual.com\/inicio\/wp-content\/uploads\/2023\/05\/logotextual1.jpg","contentUrl":"https:\/\/diariotextual.com\/inicio\/wp-content\/uploads\/2023\/05\/logotextual1.jpg","width":516,"height":76,"caption":"Diario Textual"},"image":{"@id":"https:\/\/diariotextual.com\/inicio\/#\/schema\/logo\/image\/"},"sameAs":["https:\/\/www.facebook.com\/eltextual","https:\/\/x.com\/eltextual","http:\/\/www.instagram.com\/eltextual"]},{"@type":"Person","@id":"https:\/\/diariotextual.com\/inicio\/#\/schema\/person\/a1b6f563e0ee944c60f98119389a4d9f","name":"diario3","image":{"@type":"ImageObject","inLanguage":"es","@id":"https:\/\/secure.gravatar.com\/avatar\/5e7ee62c82fc04d9dd79d746a390d93c69c43223e5faeeb3ea9461ef752bfc5d?s=96&d=mm&r=g","url":"https:\/\/secure.gravatar.com\/avatar\/5e7ee62c82fc04d9dd79d746a390d93c69c43223e5faeeb3ea9461ef752bfc5d?s=96&d=mm&r=g","contentUrl":"https:\/\/secure.gravatar.com\/avatar\/5e7ee62c82fc04d9dd79d746a390d93c69c43223e5faeeb3ea9461ef752bfc5d?s=96&d=mm&r=g","caption":"diario3"},"url":"https:\/\/diariotextual.com\/inicio\/index.php\/author\/diario3\/"}]}},"_links":{"self":[{"href":"https:\/\/diariotextual.com\/inicio\/index.php\/wp-json\/wp\/v2\/posts\/256887","targetHints":{"allow":["GET"]}}],"collection":[{"href":"https:\/\/diariotextual.com\/inicio\/index.php\/wp-json\/wp\/v2\/posts"}],"about":[{"href":"https:\/\/diariotextual.com\/inicio\/index.php\/wp-json\/wp\/v2\/types\/post"}],"author":[{"embeddable":true,"href":"https:\/\/diariotextual.com\/inicio\/index.php\/wp-json\/wp\/v2\/users\/5"}],"replies":[{"embeddable":true,"href":"https:\/\/diariotextual.com\/inicio\/index.php\/wp-json\/wp\/v2\/comments?post=256887"}],"version-history":[{"count":1,"href":"https:\/\/diariotextual.com\/inicio\/index.php\/wp-json\/wp\/v2\/posts\/256887\/revisions"}],"predecessor-version":[{"id":256889,"href":"https:\/\/diariotextual.com\/inicio\/index.php\/wp-json\/wp\/v2\/posts\/256887\/revisions\/256889"}],"wp:featuredmedia":[{"embeddable":true,"href":"https:\/\/diariotextual.com\/inicio\/index.php\/wp-json\/wp\/v2\/media\/256888"}],"wp:attachment":[{"href":"https:\/\/diariotextual.com\/inicio\/index.php\/wp-json\/wp\/v2\/media?parent=256887"}],"wp:term":[{"taxonomy":"category","embeddable":true,"href":"https:\/\/diariotextual.com\/inicio\/index.php\/wp-json\/wp\/v2\/categories?post=256887"},{"taxonomy":"post_tag","embeddable":true,"href":"https:\/\/diariotextual.com\/inicio\/index.php\/wp-json\/wp\/v2\/tags?post=256887"}],"curies":[{"name":"wp","href":"https:\/\/api.w.org\/{rel}","templated":true}]}}