{"id":256957,"date":"2024-03-14T14:03:00","date_gmt":"2024-03-14T17:03:00","guid":{"rendered":"https:\/\/diariotextual.com\/inicio\/?p=256957"},"modified":"2024-03-14T14:48:44","modified_gmt":"2024-03-14T17:48:44","slug":"la-oposicion-no-dio-quorum-y-se-cayo-la-primera-sesion-de-la-legislatura","status":"publish","type":"post","link":"https:\/\/diariotextual.com\/inicio\/index.php\/2024\/03\/14\/la-oposicion-no-dio-quorum-y-se-cayo-la-primera-sesion-de-la-legislatura\/","title":{"rendered":"La oposici\u00f3n no baj\u00f3 a dar qu\u00f3rum: el peronismo sesion\u00f3 en minor\u00eda en la Legislatura"},"content":{"rendered":"\n<p>Los\u00a0<strong>quince diputados opositores marcaron la cancha: este jueves no bajaron a dar qu\u00f3rum\u00a0<\/strong>en medio de la puja por la integraci\u00f3n de las comisiones, que no se logr\u00f3 resolver, y la\u00a0<strong>Legislatura pampeana<\/strong>\u00a0tuvo que<strong>\u00a0sesionar en minor\u00eda con los 15 de peronismo (lo permite el reglamento, aunque no pueden tomar decisiones).<\/strong>\u00a0De esta manera, lograron ingresar los 98 proyectos que se hab\u00edan presentado.<\/p>\n\n\n\n<p>La sesi\u00f3n estaba inicialmente convocada para las 11 horas. En medio de las negociaciones y las demoras, el horario fue trasladado para las 14 horas. Los 15 del peronismo se sentaron en sus bancas, pero los opositores de la UCR, del PRO &#8211; MID y de Comunidad Organizada no concurrieron.<\/p>\n\n\n\n<p>La primera minor\u00eda de la Legislatura le corresponde al bloque del Frejupa (peronismo), por lo que -en principio- tendr\u00edan la mayor\u00eda de integraci\u00f3n de las comisiones.<\/p>\n\n\n\n<p>Sin embargo, los opositores se unieron y reclamaron tener el control de la mayor\u00eda de las comisiones.<\/p>\n\n\n\n<p>Sin acuerdo, ahora la que deber\u00e1 definir c\u00f3mo se integran las comisiones ser\u00e1 la presidenta de la Legislatura,<strong>\u00a0Alicia Mayoral<\/strong>. Se descuenta su respaldo a la posici\u00f3n del peronismo.<\/p>\n\n\n\n<p>En la sesi\u00f3n de hoy ingresaron 98 proyectos. Entre ellos, los tres proyectos que mand\u00f3 el Ejecutivo provincial: la autorizaci\u00f3n para iniciar los tr\u00e1mites ante Naci\u00f3n para que la Provincia se haga cargo de las obras p\u00fablicas nacionales abandonados; la creaci\u00f3n de un aporte solidario por seis meses para recaudar unos 10 mil millones de pesos para atender a sectores vulnerables; y un r\u00e9gimen de jubilaci\u00f3n anticipada destinado a los agentes p\u00fablicos de los tres poderes del Estado y de las intendencias.<\/p>\n\n\n\n<p><\/p>\n","protected":false},"excerpt":{"rendered":"<p>Los\u00a0quince diputados opositores marcaron la cancha: este jueves no bajaron a dar qu\u00f3rum\u00a0en medio de la puja por la integraci\u00f3n de las comisiones, que no se logr\u00f3 resolver, y la\u00a0Legislatura&hellip;<\/p>\n","protected":false},"author":3,"featured_media":256892,"comment_status":"closed","ping_status":"open","sticky":false,"template":"","format":"standard","meta":{"_acf_changed":false,"footnotes":""},"categories":[8],"tags":[],"class_list":["post-256957","post","type-post","status-publish","format-standard","has-post-thumbnail","hentry","category-politica"],"acf":[],"yoast_head":"<!-- This site is optimized with the Yoast SEO plugin v27.5 - https:\/\/yoast.com\/product\/yoast-seo-wordpress\/ -->\n<title>La oposici\u00f3n no baj\u00f3 a dar qu\u00f3rum: el peronismo sesion\u00f3 en minor\u00eda en la Legislatura - Diario Textual<\/title>\n<meta name=\"robots\" content=\"index, follow, max-snippet:-1, max-image-preview:large, max-video-preview:-1\" \/>\n<link rel=\"canonical\" href=\"https:\/\/diariotextual.com\/inicio\/index.php\/2024\/03\/14\/la-oposicion-no-dio-quorum-y-se-cayo-la-primera-sesion-de-la-legislatura\/\" \/>\n<meta property=\"og:locale\" content=\"es_ES\" \/>\n<meta property=\"og:type\" content=\"article\" \/>\n<meta property=\"og:title\" content=\"La oposici\u00f3n no baj\u00f3 a dar qu\u00f3rum: el peronismo sesion\u00f3 en minor\u00eda en la Legislatura - Diario Textual\" \/>\n<meta property=\"og:description\" content=\"Los\u00a0quince diputados opositores marcaron la cancha: este jueves no bajaron a dar qu\u00f3rum\u00a0en medio de la puja por la integraci\u00f3n de las comisiones, que no se logr\u00f3 resolver, y la\u00a0Legislatura&hellip;\" \/>\n<meta property=\"og:url\" content=\"https:\/\/diariotextual.com\/inicio\/index.php\/2024\/03\/14\/la-oposicion-no-dio-quorum-y-se-cayo-la-primera-sesion-de-la-legislatura\/\" \/>\n<meta property=\"og:site_name\" content=\"Diario Textual\" \/>\n<meta property=\"article:publisher\" content=\"https:\/\/www.facebook.com\/eltextual\" \/>\n<meta property=\"article:published_time\" content=\"2024-03-14T17:03:00+00:00\" \/>\n<meta property=\"article:modified_time\" content=\"2024-03-14T17:48:44+00:00\" \/>\n<meta property=\"og:image\" content=\"https:\/\/diariotextual.com\/inicio\/wp-content\/uploads\/2024\/03\/legislaturadiputadoslapampa2024-1.jpg\" \/>\n\t<meta property=\"og:image:width\" content=\"1399\" \/>\n\t<meta property=\"og:image:height\" content=\"1050\" \/>\n\t<meta property=\"og:image:type\" content=\"image\/jpeg\" \/>\n<meta name=\"author\" content=\"Diario1 Diario1\" \/>\n<meta name=\"twitter:card\" content=\"summary_large_image\" \/>\n<meta name=\"twitter:creator\" content=\"@eltextual\" \/>\n<meta name=\"twitter:site\" content=\"@eltextual\" \/>\n<meta name=\"twitter:label1\" content=\"Escrito por\" \/>\n\t<meta name=\"twitter:data1\" content=\"Diario1 Diario1\" \/>\n\t<meta name=\"twitter:label2\" content=\"Tiempo de lectura\" \/>\n\t<meta name=\"twitter:data2\" content=\"2 minutos\" \/>\n<script type=\"application\/ld+json\" class=\"yoast-schema-graph\">{\"@context\":\"https:\\\/\\\/schema.org\",\"@graph\":[{\"@type\":\"Article\",\"@id\":\"https:\\\/\\\/diariotextual.com\\\/inicio\\\/index.php\\\/2024\\\/03\\\/14\\\/la-oposicion-no-dio-quorum-y-se-cayo-la-primera-sesion-de-la-legislatura\\\/#article\",\"isPartOf\":{\"@id\":\"https:\\\/\\\/diariotextual.com\\\/inicio\\\/index.php\\\/2024\\\/03\\\/14\\\/la-oposicion-no-dio-quorum-y-se-cayo-la-primera-sesion-de-la-legislatura\\\/\"},\"author\":{\"name\":\"Diario1 Diario1\",\"@id\":\"https:\\\/\\\/diariotextual.com\\\/inicio\\\/#\\\/schema\\\/person\\\/418fc4093c33e86ed41562db3508f958\"},\"headline\":\"La oposici\u00f3n no baj\u00f3 a dar qu\u00f3rum: el peronismo sesion\u00f3 en minor\u00eda en la Legislatura\",\"datePublished\":\"2024-03-14T17:03:00+00:00\",\"dateModified\":\"2024-03-14T17:48:44+00:00\",\"mainEntityOfPage\":{\"@id\":\"https:\\\/\\\/diariotextual.com\\\/inicio\\\/index.php\\\/2024\\\/03\\\/14\\\/la-oposicion-no-dio-quorum-y-se-cayo-la-primera-sesion-de-la-legislatura\\\/\"},\"wordCount\":301,\"publisher\":{\"@id\":\"https:\\\/\\\/diariotextual.com\\\/inicio\\\/#organization\"},\"image\":{\"@id\":\"https:\\\/\\\/diariotextual.com\\\/inicio\\\/index.php\\\/2024\\\/03\\\/14\\\/la-oposicion-no-dio-quorum-y-se-cayo-la-primera-sesion-de-la-legislatura\\\/#primaryimage\"},\"thumbnailUrl\":\"https:\\\/\\\/diariotextual.com\\\/inicio\\\/wp-content\\\/uploads\\\/2024\\\/03\\\/legislaturadiputadoslapampa2024-1.jpg\",\"articleSection\":[\"POLITICA\"],\"inLanguage\":\"es\"},{\"@type\":\"WebPage\",\"@id\":\"https:\\\/\\\/diariotextual.com\\\/inicio\\\/index.php\\\/2024\\\/03\\\/14\\\/la-oposicion-no-dio-quorum-y-se-cayo-la-primera-sesion-de-la-legislatura\\\/\",\"url\":\"https:\\\/\\\/diariotextual.com\\\/inicio\\\/index.php\\\/2024\\\/03\\\/14\\\/la-oposicion-no-dio-quorum-y-se-cayo-la-primera-sesion-de-la-legislatura\\\/\",\"name\":\"La oposici\u00f3n no baj\u00f3 a dar qu\u00f3rum: el peronismo sesion\u00f3 en minor\u00eda en la Legislatura - Diario Textual\",\"isPartOf\":{\"@id\":\"https:\\\/\\\/diariotextual.com\\\/inicio\\\/#website\"},\"primaryImageOfPage\":{\"@id\":\"https:\\\/\\\/diariotextual.com\\\/inicio\\\/index.php\\\/2024\\\/03\\\/14\\\/la-oposicion-no-dio-quorum-y-se-cayo-la-primera-sesion-de-la-legislatura\\\/#primaryimage\"},\"image\":{\"@id\":\"https:\\\/\\\/diariotextual.com\\\/inicio\\\/index.php\\\/2024\\\/03\\\/14\\\/la-oposicion-no-dio-quorum-y-se-cayo-la-primera-sesion-de-la-legislatura\\\/#primaryimage\"},\"thumbnailUrl\":\"https:\\\/\\\/diariotextual.com\\\/inicio\\\/wp-content\\\/uploads\\\/2024\\\/03\\\/legislaturadiputadoslapampa2024-1.jpg\",\"datePublished\":\"2024-03-14T17:03:00+00:00\",\"dateModified\":\"2024-03-14T17:48:44+00:00\",\"breadcrumb\":{\"@id\":\"https:\\\/\\\/diariotextual.com\\\/inicio\\\/index.php\\\/2024\\\/03\\\/14\\\/la-oposicion-no-dio-quorum-y-se-cayo-la-primera-sesion-de-la-legislatura\\\/#breadcrumb\"},\"inLanguage\":\"es\",\"potentialAction\":[{\"@type\":\"ReadAction\",\"target\":[\"https:\\\/\\\/diariotextual.com\\\/inicio\\\/index.php\\\/2024\\\/03\\\/14\\\/la-oposicion-no-dio-quorum-y-se-cayo-la-primera-sesion-de-la-legislatura\\\/\"]}]},{\"@type\":\"ImageObject\",\"inLanguage\":\"es\",\"@id\":\"https:\\\/\\\/diariotextual.com\\\/inicio\\\/index.php\\\/2024\\\/03\\\/14\\\/la-oposicion-no-dio-quorum-y-se-cayo-la-primera-sesion-de-la-legislatura\\\/#primaryimage\",\"url\":\"https:\\\/\\\/diariotextual.com\\\/inicio\\\/wp-content\\\/uploads\\\/2024\\\/03\\\/legislaturadiputadoslapampa2024-1.jpg\",\"contentUrl\":\"https:\\\/\\\/diariotextual.com\\\/inicio\\\/wp-content\\\/uploads\\\/2024\\\/03\\\/legislaturadiputadoslapampa2024-1.jpg\",\"width\":1399,\"height\":1050},{\"@type\":\"BreadcrumbList\",\"@id\":\"https:\\\/\\\/diariotextual.com\\\/inicio\\\/index.php\\\/2024\\\/03\\\/14\\\/la-oposicion-no-dio-quorum-y-se-cayo-la-primera-sesion-de-la-legislatura\\\/#breadcrumb\",\"itemListElement\":[{\"@type\":\"ListItem\",\"position\":1,\"name\":\"Portada\",\"item\":\"https:\\\/\\\/diariotextual.com\\\/inicio\\\/\"},{\"@type\":\"ListItem\",\"position\":2,\"name\":\"La oposici\u00f3n no baj\u00f3 a dar qu\u00f3rum: el peronismo sesion\u00f3 en minor\u00eda en la Legislatura\"}]},{\"@type\":\"WebSite\",\"@id\":\"https:\\\/\\\/diariotextual.com\\\/inicio\\\/#website\",\"url\":\"https:\\\/\\\/diariotextual.com\\\/inicio\\\/\",\"name\":\"Diario Textual\",\"description\":\"\",\"publisher\":{\"@id\":\"https:\\\/\\\/diariotextual.com\\\/inicio\\\/#organization\"},\"potentialAction\":[{\"@type\":\"SearchAction\",\"target\":{\"@type\":\"EntryPoint\",\"urlTemplate\":\"https:\\\/\\\/diariotextual.com\\\/inicio\\\/?s={search_term_string}\"},\"query-input\":{\"@type\":\"PropertyValueSpecification\",\"valueRequired\":true,\"valueName\":\"search_term_string\"}}],\"inLanguage\":\"es\"},{\"@type\":\"Organization\",\"@id\":\"https:\\\/\\\/diariotextual.com\\\/inicio\\\/#organization\",\"name\":\"Diario Textual\",\"url\":\"https:\\\/\\\/diariotextual.com\\\/inicio\\\/\",\"logo\":{\"@type\":\"ImageObject\",\"inLanguage\":\"es\",\"@id\":\"https:\\\/\\\/diariotextual.com\\\/inicio\\\/#\\\/schema\\\/logo\\\/image\\\/\",\"url\":\"https:\\\/\\\/diariotextual.com\\\/inicio\\\/wp-content\\\/uploads\\\/2023\\\/05\\\/logotextual1.jpg\",\"contentUrl\":\"https:\\\/\\\/diariotextual.com\\\/inicio\\\/wp-content\\\/uploads\\\/2023\\\/05\\\/logotextual1.jpg\",\"width\":516,\"height\":76,\"caption\":\"Diario Textual\"},\"image\":{\"@id\":\"https:\\\/\\\/diariotextual.com\\\/inicio\\\/#\\\/schema\\\/logo\\\/image\\\/\"},\"sameAs\":[\"https:\\\/\\\/www.facebook.com\\\/eltextual\",\"https:\\\/\\\/x.com\\\/eltextual\",\"http:\\\/\\\/www.instagram.com\\\/eltextual\"]},{\"@type\":\"Person\",\"@id\":\"https:\\\/\\\/diariotextual.com\\\/inicio\\\/#\\\/schema\\\/person\\\/418fc4093c33e86ed41562db3508f958\",\"name\":\"Diario1 Diario1\",\"image\":{\"@type\":\"ImageObject\",\"inLanguage\":\"es\",\"@id\":\"https:\\\/\\\/secure.gravatar.com\\\/avatar\\\/9167d280179c85bc18be67aa7eda765854300033af4896dd779b608640f2ef7a?s=96&d=mm&r=g\",\"url\":\"https:\\\/\\\/secure.gravatar.com\\\/avatar\\\/9167d280179c85bc18be67aa7eda765854300033af4896dd779b608640f2ef7a?s=96&d=mm&r=g\",\"contentUrl\":\"https:\\\/\\\/secure.gravatar.com\\\/avatar\\\/9167d280179c85bc18be67aa7eda765854300033af4896dd779b608640f2ef7a?s=96&d=mm&r=g\",\"caption\":\"Diario1 Diario1\"},\"url\":\"https:\\\/\\\/diariotextual.com\\\/inicio\\\/index.php\\\/author\\\/diario1\\\/\"}]}<\/script>\n<!-- \/ Yoast SEO plugin. -->","yoast_head_json":{"title":"La oposici\u00f3n no baj\u00f3 a dar qu\u00f3rum: el peronismo sesion\u00f3 en minor\u00eda en la Legislatura - Diario Textual","robots":{"index":"index","follow":"follow","max-snippet":"max-snippet:-1","max-image-preview":"max-image-preview:large","max-video-preview":"max-video-preview:-1"},"canonical":"https:\/\/diariotextual.com\/inicio\/index.php\/2024\/03\/14\/la-oposicion-no-dio-quorum-y-se-cayo-la-primera-sesion-de-la-legislatura\/","og_locale":"es_ES","og_type":"article","og_title":"La oposici\u00f3n no baj\u00f3 a dar qu\u00f3rum: el peronismo sesion\u00f3 en minor\u00eda en la Legislatura - Diario Textual","og_description":"Los\u00a0quince diputados opositores marcaron la cancha: este jueves no bajaron a dar qu\u00f3rum\u00a0en medio de la puja por la integraci\u00f3n de las comisiones, que no se logr\u00f3 resolver, y la\u00a0Legislatura&hellip;","og_url":"https:\/\/diariotextual.com\/inicio\/index.php\/2024\/03\/14\/la-oposicion-no-dio-quorum-y-se-cayo-la-primera-sesion-de-la-legislatura\/","og_site_name":"Diario Textual","article_publisher":"https:\/\/www.facebook.com\/eltextual","article_published_time":"2024-03-14T17:03:00+00:00","article_modified_time":"2024-03-14T17:48:44+00:00","og_image":[{"width":1399,"height":1050,"url":"https:\/\/diariotextual.com\/inicio\/wp-content\/uploads\/2024\/03\/legislaturadiputadoslapampa2024-1.jpg","type":"image\/jpeg"}],"author":"Diario1 Diario1","twitter_card":"summary_large_image","twitter_creator":"@eltextual","twitter_site":"@eltextual","twitter_misc":{"Escrito por":"Diario1 Diario1","Tiempo de lectura":"2 minutos"},"schema":{"@context":"https:\/\/schema.org","@graph":[{"@type":"Article","@id":"https:\/\/diariotextual.com\/inicio\/index.php\/2024\/03\/14\/la-oposicion-no-dio-quorum-y-se-cayo-la-primera-sesion-de-la-legislatura\/#article","isPartOf":{"@id":"https:\/\/diariotextual.com\/inicio\/index.php\/2024\/03\/14\/la-oposicion-no-dio-quorum-y-se-cayo-la-primera-sesion-de-la-legislatura\/"},"author":{"name":"Diario1 Diario1","@id":"https:\/\/diariotextual.com\/inicio\/#\/schema\/person\/418fc4093c33e86ed41562db3508f958"},"headline":"La oposici\u00f3n no baj\u00f3 a dar qu\u00f3rum: el peronismo sesion\u00f3 en minor\u00eda en la Legislatura","datePublished":"2024-03-14T17:03:00+00:00","dateModified":"2024-03-14T17:48:44+00:00","mainEntityOfPage":{"@id":"https:\/\/diariotextual.com\/inicio\/index.php\/2024\/03\/14\/la-oposicion-no-dio-quorum-y-se-cayo-la-primera-sesion-de-la-legislatura\/"},"wordCount":301,"publisher":{"@id":"https:\/\/diariotextual.com\/inicio\/#organization"},"image":{"@id":"https:\/\/diariotextual.com\/inicio\/index.php\/2024\/03\/14\/la-oposicion-no-dio-quorum-y-se-cayo-la-primera-sesion-de-la-legislatura\/#primaryimage"},"thumbnailUrl":"https:\/\/diariotextual.com\/inicio\/wp-content\/uploads\/2024\/03\/legislaturadiputadoslapampa2024-1.jpg","articleSection":["POLITICA"],"inLanguage":"es"},{"@type":"WebPage","@id":"https:\/\/diariotextual.com\/inicio\/index.php\/2024\/03\/14\/la-oposicion-no-dio-quorum-y-se-cayo-la-primera-sesion-de-la-legislatura\/","url":"https:\/\/diariotextual.com\/inicio\/index.php\/2024\/03\/14\/la-oposicion-no-dio-quorum-y-se-cayo-la-primera-sesion-de-la-legislatura\/","name":"La oposici\u00f3n no baj\u00f3 a dar qu\u00f3rum: el peronismo sesion\u00f3 en minor\u00eda en la Legislatura - Diario Textual","isPartOf":{"@id":"https:\/\/diariotextual.com\/inicio\/#website"},"primaryImageOfPage":{"@id":"https:\/\/diariotextual.com\/inicio\/index.php\/2024\/03\/14\/la-oposicion-no-dio-quorum-y-se-cayo-la-primera-sesion-de-la-legislatura\/#primaryimage"},"image":{"@id":"https:\/\/diariotextual.com\/inicio\/index.php\/2024\/03\/14\/la-oposicion-no-dio-quorum-y-se-cayo-la-primera-sesion-de-la-legislatura\/#primaryimage"},"thumbnailUrl":"https:\/\/diariotextual.com\/inicio\/wp-content\/uploads\/2024\/03\/legislaturadiputadoslapampa2024-1.jpg","datePublished":"2024-03-14T17:03:00+00:00","dateModified":"2024-03-14T17:48:44+00:00","breadcrumb":{"@id":"https:\/\/diariotextual.com\/inicio\/index.php\/2024\/03\/14\/la-oposicion-no-dio-quorum-y-se-cayo-la-primera-sesion-de-la-legislatura\/#breadcrumb"},"inLanguage":"es","potentialAction":[{"@type":"ReadAction","target":["https:\/\/diariotextual.com\/inicio\/index.php\/2024\/03\/14\/la-oposicion-no-dio-quorum-y-se-cayo-la-primera-sesion-de-la-legislatura\/"]}]},{"@type":"ImageObject","inLanguage":"es","@id":"https:\/\/diariotextual.com\/inicio\/index.php\/2024\/03\/14\/la-oposicion-no-dio-quorum-y-se-cayo-la-primera-sesion-de-la-legislatura\/#primaryimage","url":"https:\/\/diariotextual.com\/inicio\/wp-content\/uploads\/2024\/03\/legislaturadiputadoslapampa2024-1.jpg","contentUrl":"https:\/\/diariotextual.com\/inicio\/wp-content\/uploads\/2024\/03\/legislaturadiputadoslapampa2024-1.jpg","width":1399,"height":1050},{"@type":"BreadcrumbList","@id":"https:\/\/diariotextual.com\/inicio\/index.php\/2024\/03\/14\/la-oposicion-no-dio-quorum-y-se-cayo-la-primera-sesion-de-la-legislatura\/#breadcrumb","itemListElement":[{"@type":"ListItem","position":1,"name":"Portada","item":"https:\/\/diariotextual.com\/inicio\/"},{"@type":"ListItem","position":2,"name":"La oposici\u00f3n no baj\u00f3 a dar qu\u00f3rum: el peronismo sesion\u00f3 en minor\u00eda en la Legislatura"}]},{"@type":"WebSite","@id":"https:\/\/diariotextual.com\/inicio\/#website","url":"https:\/\/diariotextual.com\/inicio\/","name":"Diario Textual","description":"","publisher":{"@id":"https:\/\/diariotextual.com\/inicio\/#organization"},"potentialAction":[{"@type":"SearchAction","target":{"@type":"EntryPoint","urlTemplate":"https:\/\/diariotextual.com\/inicio\/?s={search_term_string}"},"query-input":{"@type":"PropertyValueSpecification","valueRequired":true,"valueName":"search_term_string"}}],"inLanguage":"es"},{"@type":"Organization","@id":"https:\/\/diariotextual.com\/inicio\/#organization","name":"Diario Textual","url":"https:\/\/diariotextual.com\/inicio\/","logo":{"@type":"ImageObject","inLanguage":"es","@id":"https:\/\/diariotextual.com\/inicio\/#\/schema\/logo\/image\/","url":"https:\/\/diariotextual.com\/inicio\/wp-content\/uploads\/2023\/05\/logotextual1.jpg","contentUrl":"https:\/\/diariotextual.com\/inicio\/wp-content\/uploads\/2023\/05\/logotextual1.jpg","width":516,"height":76,"caption":"Diario Textual"},"image":{"@id":"https:\/\/diariotextual.com\/inicio\/#\/schema\/logo\/image\/"},"sameAs":["https:\/\/www.facebook.com\/eltextual","https:\/\/x.com\/eltextual","http:\/\/www.instagram.com\/eltextual"]},{"@type":"Person","@id":"https:\/\/diariotextual.com\/inicio\/#\/schema\/person\/418fc4093c33e86ed41562db3508f958","name":"Diario1 Diario1","image":{"@type":"ImageObject","inLanguage":"es","@id":"https:\/\/secure.gravatar.com\/avatar\/9167d280179c85bc18be67aa7eda765854300033af4896dd779b608640f2ef7a?s=96&d=mm&r=g","url":"https:\/\/secure.gravatar.com\/avatar\/9167d280179c85bc18be67aa7eda765854300033af4896dd779b608640f2ef7a?s=96&d=mm&r=g","contentUrl":"https:\/\/secure.gravatar.com\/avatar\/9167d280179c85bc18be67aa7eda765854300033af4896dd779b608640f2ef7a?s=96&d=mm&r=g","caption":"Diario1 Diario1"},"url":"https:\/\/diariotextual.com\/inicio\/index.php\/author\/diario1\/"}]}},"_links":{"self":[{"href":"https:\/\/diariotextual.com\/inicio\/index.php\/wp-json\/wp\/v2\/posts\/256957","targetHints":{"allow":["GET"]}}],"collection":[{"href":"https:\/\/diariotextual.com\/inicio\/index.php\/wp-json\/wp\/v2\/posts"}],"about":[{"href":"https:\/\/diariotextual.com\/inicio\/index.php\/wp-json\/wp\/v2\/types\/post"}],"author":[{"embeddable":true,"href":"https:\/\/diariotextual.com\/inicio\/index.php\/wp-json\/wp\/v2\/users\/3"}],"replies":[{"embeddable":true,"href":"https:\/\/diariotextual.com\/inicio\/index.php\/wp-json\/wp\/v2\/comments?post=256957"}],"version-history":[{"count":12,"href":"https:\/\/diariotextual.com\/inicio\/index.php\/wp-json\/wp\/v2\/posts\/256957\/revisions"}],"predecessor-version":[{"id":257005,"href":"https:\/\/diariotextual.com\/inicio\/index.php\/wp-json\/wp\/v2\/posts\/256957\/revisions\/257005"}],"wp:featuredmedia":[{"embeddable":true,"href":"https:\/\/diariotextual.com\/inicio\/index.php\/wp-json\/wp\/v2\/media\/256892"}],"wp:attachment":[{"href":"https:\/\/diariotextual.com\/inicio\/index.php\/wp-json\/wp\/v2\/media?parent=256957"}],"wp:term":[{"taxonomy":"category","embeddable":true,"href":"https:\/\/diariotextual.com\/inicio\/index.php\/wp-json\/wp\/v2\/categories?post=256957"},{"taxonomy":"post_tag","embeddable":true,"href":"https:\/\/diariotextual.com\/inicio\/index.php\/wp-json\/wp\/v2\/tags?post=256957"}],"curies":[{"name":"wp","href":"https:\/\/api.w.org\/{rel}","templated":true}]}}