{"id":257055,"date":"2024-03-14T21:32:21","date_gmt":"2024-03-15T00:32:21","guid":{"rendered":"https:\/\/diariotextual.com\/inicio\/?p=257055"},"modified":"2024-03-15T06:33:26","modified_gmt":"2024-03-15T09:33:26","slug":"milei-dijo-que-el-reves-al-dnu-en-el-senado-atenta-contra-el-pacto-de-mayo","status":"publish","type":"post","link":"https:\/\/diariotextual.com\/inicio\/index.php\/2024\/03\/14\/milei-dijo-que-el-reves-al-dnu-en-el-senado-atenta-contra-el-pacto-de-mayo\/","title":{"rendered":"Milei dijo que el rev\u00e9s al DNU en el Senado atenta contra el Pacto de Mayo"},"content":{"rendered":"\n<p>El Gobierno nacional emiti\u00f3 un dur\u00edsimo comunicado luego de que <strong>el mega DNU 70\/23 <\/strong>no consiguiera pasar el filtro del <strong>Senado <\/strong>durante la tarde de este jueves. El Ejecutivo, con J<strong>avier Milei<\/strong> a la cabeza, cuestion\u00f3 a los legisladores y dijo que la votaci\u00f3n atenta directamente contra el<strong> Pacto de Mayo<\/strong> propuesto el 1\u00b0 de marzo pasado en el Congreso.\u00a0<\/p>\n\n\n\n<blockquote class=\"twitter-tweet\"><p lang=\"zxx\" dir=\"ltr\"><a href=\"https:\/\/t.co\/Vj4EO5kQca\">pic.twitter.com\/Vj4EO5kQca<\/a><\/p>&mdash; Oficina del Presidente (@OPRArgentina) <a href=\"https:\/\/twitter.com\/OPRArgentina\/status\/1768433245933162869?ref_src=twsrc%5Etfw\">March 15, 2024<\/a><\/blockquote> <script async src=\"https:\/\/platform.twitter.com\/widgets.js\" charset=\"utf-8\"><\/script>\n\n\n\n<p>Desde la Quinta Presidencial, Milei recibi\u00f3 la noticia que no quer\u00eda, e inmediatamente comenz\u00f3 con su habitual catarata de posteos y \u201cMe Gusta\u201d en la red social X, en la que se incit\u00f3 al odio y apunt\u00f3 contra los senadores que le bajaron el pulgar al decreto.<\/p>\n\n\n\n<p>Pasadas las 21.30 horas, la Oficina de Presidencia dio a conocer un comunicado de prensa.<\/p>\n\n\n\n<p><br>El mandatario adelant\u00f3 que la votaci\u00f3n de la C\u00e1mara alta pone en riesgo la convocatoria al Pacto de Mayo que realiz\u00f3 durante la Asamblea Legislativa, pero dio un paso m\u00e1s en su mensaje.\u00a0<strong>\u201cResulta imposible interpretar esta decisi\u00f3n de otra manera que como un intento de socavar el Pacto de Mayo, el Gobierno Nacional y el cambio elegido por los argentinos\u201d<\/strong>, dijo.<\/p>\n\n\n\n<p>\u201cEl d\u00eda primero de marzo de 2024, el Presidente de la Naci\u00f3n extendi\u00f3 una invitaci\u00f3n, en un acontecimiento hist\u00f3rico sin precedentes, a todos los integrantes de la dirigencia pol\u00edtica, sin distinci\u00f3n partidaria, para firmar el Pacto de Mayo\u201d, sostuvo.<\/p>\n\n\n\n<p>\u201cEste pacto -dijo- constituye un acuerdo fundacional destinado a establecer diez pol\u00edticas de Estado que permitan edificar un nuevo orden econ\u00f3mico, rescatando a Argentina de la senda del fracaso y reinsert\u00e1ndola en el camino necesario para volver a ser una potencia mundial. Este acuerdo, largamente demandado por la clase pol\u00edtica durante d\u00e9cadas pero que nadie ha osado convocar, requiere necesariamente de la buena voluntad de todos los sectores de la vida pol\u00edtica nacional\u201d.<\/p>\n\n\n\n<p>\u201cLo acontecido hoy en la C\u00e1mara de Senadores de la Naci\u00f3n atenta contra la convocatoria del Presidente. La misma C\u00e1mara que ha habilitado casi 500 Decretos de Necesidad y Urgencia del kirchnerismo, se ha encargado de rechazar el DNU del Presidente Javier Milei a solo 3 meses de su asunci\u00f3n\u201d, expres\u00f3.<\/p>\n\n\n\n<p>En sinton\u00eda con esta idea, Milei cerr\u00f3 la misiva con fuertes palabras hacia la oposici\u00f3n. \u201cResulta imposible interpretar esta decisi\u00f3n de otra manera que como un intento de socavar el Pacto de Mayo, el Gobierno Nacional y el cambio elegido por los argentinos. En su discurso acerca del estado de la Naci\u00f3n,\u00a0<strong>el Presidente plante\u00f3 dos alternativas: el acuerdo o la confrontaci\u00f3n. Ha llegado el momento de que la clase pol\u00edtica decida de qu\u00e9 lado de la historia quiere quedar\u201d, manifest\u00f3.<\/strong><\/p>\n\n\n\n<figure class=\"wp-block-embed is-type-wp-embed is-provider-diario-textual wp-block-embed-diario-textual\"><div class=\"wp-block-embed__wrapper\">\n<blockquote class=\"wp-embedded-content\" data-secret=\"vChSL53hh3\"><a href=\"https:\/\/diariotextual.com\/inicio\/index.php\/2024\/03\/14\/el-senado-rechazo-el-mega-dnu-bensusan-en-contra-y-huala-y-kroneberger-a-favor\/\">El Senado rechaz\u00f3 el mega DNU: Bensus\u00e1n en contra y Huala y Kroneberger a favor<\/a><\/blockquote><iframe class=\"wp-embedded-content\" sandbox=\"allow-scripts\" security=\"restricted\" style=\"position: absolute; clip: rect(1px, 1px, 1px, 1px);\" title=\"\u00abEl Senado rechaz\u00f3 el mega DNU: Bensus\u00e1n en contra y Huala y Kroneberger a favor\u00bb \u2014 Diario Textual\" src=\"https:\/\/diariotextual.com\/inicio\/index.php\/2024\/03\/14\/el-senado-rechazo-el-mega-dnu-bensusan-en-contra-y-huala-y-kroneberger-a-favor\/embed\/#?secret=h8I0CFEN2A#?secret=vChSL53hh3\" data-secret=\"vChSL53hh3\" width=\"600\" height=\"338\" frameborder=\"0\" marginwidth=\"0\" marginheight=\"0\" scrolling=\"no\"><\/iframe>\n<\/div><\/figure>\n","protected":false},"excerpt":{"rendered":"<p>El Gobierno nacional emiti\u00f3 un dur\u00edsimo comunicado luego de que el mega DNU 70\/23 no consiguiera pasar el filtro del Senado durante la tarde de este jueves. El Ejecutivo, con&hellip;<\/p>\n","protected":false},"author":3,"featured_media":255484,"comment_status":"closed","ping_status":"open","sticky":false,"template":"","format":"standard","meta":{"_acf_changed":false,"footnotes":""},"categories":[1,8],"tags":[],"class_list":["post-257055","post","type-post","status-publish","format-standard","has-post-thumbnail","hentry","category-es-noticia","category-politica"],"acf":[],"yoast_head":"<!-- This site is optimized with the Yoast SEO plugin v27.5 - https:\/\/yoast.com\/product\/yoast-seo-wordpress\/ -->\n<title>Milei dijo que el rev\u00e9s al DNU en el Senado atenta contra el Pacto de Mayo - Diario Textual<\/title>\n<meta name=\"robots\" content=\"index, follow, max-snippet:-1, max-image-preview:large, max-video-preview:-1\" \/>\n<link rel=\"canonical\" href=\"https:\/\/diariotextual.com\/inicio\/index.php\/2024\/03\/14\/milei-dijo-que-el-reves-al-dnu-en-el-senado-atenta-contra-el-pacto-de-mayo\/\" \/>\n<meta property=\"og:locale\" content=\"es_ES\" \/>\n<meta property=\"og:type\" content=\"article\" \/>\n<meta property=\"og:title\" content=\"Milei dijo que el rev\u00e9s al DNU en el Senado atenta contra el Pacto de Mayo - Diario Textual\" \/>\n<meta property=\"og:description\" content=\"El Gobierno nacional emiti\u00f3 un dur\u00edsimo comunicado luego de que el mega DNU 70\/23 no consiguiera pasar el filtro del Senado durante la tarde de este jueves. El Ejecutivo, con&hellip;\" \/>\n<meta property=\"og:url\" content=\"https:\/\/diariotextual.com\/inicio\/index.php\/2024\/03\/14\/milei-dijo-que-el-reves-al-dnu-en-el-senado-atenta-contra-el-pacto-de-mayo\/\" \/>\n<meta property=\"og:site_name\" content=\"Diario Textual\" \/>\n<meta property=\"article:publisher\" content=\"https:\/\/www.facebook.com\/eltextual\" \/>\n<meta property=\"article:published_time\" content=\"2024-03-15T00:32:21+00:00\" \/>\n<meta property=\"article:modified_time\" content=\"2024-03-15T09:33:26+00:00\" \/>\n<meta property=\"og:image\" content=\"https:\/\/diariotextual.com\/inicio\/wp-content\/uploads\/2024\/02\/mileijavier2024-788834.jpg\" \/>\n\t<meta property=\"og:image:width\" content=\"1200\" \/>\n\t<meta property=\"og:image:height\" content=\"675\" \/>\n\t<meta property=\"og:image:type\" content=\"image\/jpeg\" \/>\n<meta name=\"author\" content=\"Diario1 Diario1\" \/>\n<meta name=\"twitter:card\" content=\"summary_large_image\" \/>\n<meta name=\"twitter:creator\" content=\"@eltextual\" \/>\n<meta name=\"twitter:site\" content=\"@eltextual\" \/>\n<meta name=\"twitter:label1\" content=\"Escrito por\" \/>\n\t<meta name=\"twitter:data1\" content=\"Diario1 Diario1\" \/>\n\t<meta name=\"twitter:label2\" content=\"Tiempo de lectura\" \/>\n\t<meta name=\"twitter:data2\" content=\"3 minutos\" \/>\n<script type=\"application\/ld+json\" class=\"yoast-schema-graph\">{\"@context\":\"https:\\\/\\\/schema.org\",\"@graph\":[{\"@type\":\"Article\",\"@id\":\"https:\\\/\\\/diariotextual.com\\\/inicio\\\/index.php\\\/2024\\\/03\\\/14\\\/milei-dijo-que-el-reves-al-dnu-en-el-senado-atenta-contra-el-pacto-de-mayo\\\/#article\",\"isPartOf\":{\"@id\":\"https:\\\/\\\/diariotextual.com\\\/inicio\\\/index.php\\\/2024\\\/03\\\/14\\\/milei-dijo-que-el-reves-al-dnu-en-el-senado-atenta-contra-el-pacto-de-mayo\\\/\"},\"author\":{\"name\":\"Diario1 Diario1\",\"@id\":\"https:\\\/\\\/diariotextual.com\\\/inicio\\\/#\\\/schema\\\/person\\\/418fc4093c33e86ed41562db3508f958\"},\"headline\":\"Milei dijo que el rev\u00e9s al DNU en el Senado atenta contra el Pacto de Mayo\",\"datePublished\":\"2024-03-15T00:32:21+00:00\",\"dateModified\":\"2024-03-15T09:33:26+00:00\",\"mainEntityOfPage\":{\"@id\":\"https:\\\/\\\/diariotextual.com\\\/inicio\\\/index.php\\\/2024\\\/03\\\/14\\\/milei-dijo-que-el-reves-al-dnu-en-el-senado-atenta-contra-el-pacto-de-mayo\\\/\"},\"wordCount\":487,\"publisher\":{\"@id\":\"https:\\\/\\\/diariotextual.com\\\/inicio\\\/#organization\"},\"image\":{\"@id\":\"https:\\\/\\\/diariotextual.com\\\/inicio\\\/index.php\\\/2024\\\/03\\\/14\\\/milei-dijo-que-el-reves-al-dnu-en-el-senado-atenta-contra-el-pacto-de-mayo\\\/#primaryimage\"},\"thumbnailUrl\":\"https:\\\/\\\/diariotextual.com\\\/inicio\\\/wp-content\\\/uploads\\\/2024\\\/02\\\/mileijavier2024-788834.jpg\",\"articleSection\":[\"A - ES NOTICIA (van abajo)\",\"POLITICA\"],\"inLanguage\":\"es\"},{\"@type\":\"WebPage\",\"@id\":\"https:\\\/\\\/diariotextual.com\\\/inicio\\\/index.php\\\/2024\\\/03\\\/14\\\/milei-dijo-que-el-reves-al-dnu-en-el-senado-atenta-contra-el-pacto-de-mayo\\\/\",\"url\":\"https:\\\/\\\/diariotextual.com\\\/inicio\\\/index.php\\\/2024\\\/03\\\/14\\\/milei-dijo-que-el-reves-al-dnu-en-el-senado-atenta-contra-el-pacto-de-mayo\\\/\",\"name\":\"Milei dijo que el rev\u00e9s al DNU en el Senado atenta contra el Pacto de Mayo - Diario Textual\",\"isPartOf\":{\"@id\":\"https:\\\/\\\/diariotextual.com\\\/inicio\\\/#website\"},\"primaryImageOfPage\":{\"@id\":\"https:\\\/\\\/diariotextual.com\\\/inicio\\\/index.php\\\/2024\\\/03\\\/14\\\/milei-dijo-que-el-reves-al-dnu-en-el-senado-atenta-contra-el-pacto-de-mayo\\\/#primaryimage\"},\"image\":{\"@id\":\"https:\\\/\\\/diariotextual.com\\\/inicio\\\/index.php\\\/2024\\\/03\\\/14\\\/milei-dijo-que-el-reves-al-dnu-en-el-senado-atenta-contra-el-pacto-de-mayo\\\/#primaryimage\"},\"thumbnailUrl\":\"https:\\\/\\\/diariotextual.com\\\/inicio\\\/wp-content\\\/uploads\\\/2024\\\/02\\\/mileijavier2024-788834.jpg\",\"datePublished\":\"2024-03-15T00:32:21+00:00\",\"dateModified\":\"2024-03-15T09:33:26+00:00\",\"breadcrumb\":{\"@id\":\"https:\\\/\\\/diariotextual.com\\\/inicio\\\/index.php\\\/2024\\\/03\\\/14\\\/milei-dijo-que-el-reves-al-dnu-en-el-senado-atenta-contra-el-pacto-de-mayo\\\/#breadcrumb\"},\"inLanguage\":\"es\",\"potentialAction\":[{\"@type\":\"ReadAction\",\"target\":[\"https:\\\/\\\/diariotextual.com\\\/inicio\\\/index.php\\\/2024\\\/03\\\/14\\\/milei-dijo-que-el-reves-al-dnu-en-el-senado-atenta-contra-el-pacto-de-mayo\\\/\"]}]},{\"@type\":\"ImageObject\",\"inLanguage\":\"es\",\"@id\":\"https:\\\/\\\/diariotextual.com\\\/inicio\\\/index.php\\\/2024\\\/03\\\/14\\\/milei-dijo-que-el-reves-al-dnu-en-el-senado-atenta-contra-el-pacto-de-mayo\\\/#primaryimage\",\"url\":\"https:\\\/\\\/diariotextual.com\\\/inicio\\\/wp-content\\\/uploads\\\/2024\\\/02\\\/mileijavier2024-788834.jpg\",\"contentUrl\":\"https:\\\/\\\/diariotextual.com\\\/inicio\\\/wp-content\\\/uploads\\\/2024\\\/02\\\/mileijavier2024-788834.jpg\",\"width\":1200,\"height\":675},{\"@type\":\"BreadcrumbList\",\"@id\":\"https:\\\/\\\/diariotextual.com\\\/inicio\\\/index.php\\\/2024\\\/03\\\/14\\\/milei-dijo-que-el-reves-al-dnu-en-el-senado-atenta-contra-el-pacto-de-mayo\\\/#breadcrumb\",\"itemListElement\":[{\"@type\":\"ListItem\",\"position\":1,\"name\":\"Portada\",\"item\":\"https:\\\/\\\/diariotextual.com\\\/inicio\\\/\"},{\"@type\":\"ListItem\",\"position\":2,\"name\":\"Milei dijo que el rev\u00e9s al DNU en el Senado atenta contra el Pacto de Mayo\"}]},{\"@type\":\"WebSite\",\"@id\":\"https:\\\/\\\/diariotextual.com\\\/inicio\\\/#website\",\"url\":\"https:\\\/\\\/diariotextual.com\\\/inicio\\\/\",\"name\":\"Diario Textual\",\"description\":\"\",\"publisher\":{\"@id\":\"https:\\\/\\\/diariotextual.com\\\/inicio\\\/#organization\"},\"potentialAction\":[{\"@type\":\"SearchAction\",\"target\":{\"@type\":\"EntryPoint\",\"urlTemplate\":\"https:\\\/\\\/diariotextual.com\\\/inicio\\\/?s={search_term_string}\"},\"query-input\":{\"@type\":\"PropertyValueSpecification\",\"valueRequired\":true,\"valueName\":\"search_term_string\"}}],\"inLanguage\":\"es\"},{\"@type\":\"Organization\",\"@id\":\"https:\\\/\\\/diariotextual.com\\\/inicio\\\/#organization\",\"name\":\"Diario Textual\",\"url\":\"https:\\\/\\\/diariotextual.com\\\/inicio\\\/\",\"logo\":{\"@type\":\"ImageObject\",\"inLanguage\":\"es\",\"@id\":\"https:\\\/\\\/diariotextual.com\\\/inicio\\\/#\\\/schema\\\/logo\\\/image\\\/\",\"url\":\"https:\\\/\\\/diariotextual.com\\\/inicio\\\/wp-content\\\/uploads\\\/2023\\\/05\\\/logotextual1.jpg\",\"contentUrl\":\"https:\\\/\\\/diariotextual.com\\\/inicio\\\/wp-content\\\/uploads\\\/2023\\\/05\\\/logotextual1.jpg\",\"width\":516,\"height\":76,\"caption\":\"Diario Textual\"},\"image\":{\"@id\":\"https:\\\/\\\/diariotextual.com\\\/inicio\\\/#\\\/schema\\\/logo\\\/image\\\/\"},\"sameAs\":[\"https:\\\/\\\/www.facebook.com\\\/eltextual\",\"https:\\\/\\\/x.com\\\/eltextual\",\"http:\\\/\\\/www.instagram.com\\\/eltextual\"]},{\"@type\":\"Person\",\"@id\":\"https:\\\/\\\/diariotextual.com\\\/inicio\\\/#\\\/schema\\\/person\\\/418fc4093c33e86ed41562db3508f958\",\"name\":\"Diario1 Diario1\",\"image\":{\"@type\":\"ImageObject\",\"inLanguage\":\"es\",\"@id\":\"https:\\\/\\\/secure.gravatar.com\\\/avatar\\\/9167d280179c85bc18be67aa7eda765854300033af4896dd779b608640f2ef7a?s=96&d=mm&r=g\",\"url\":\"https:\\\/\\\/secure.gravatar.com\\\/avatar\\\/9167d280179c85bc18be67aa7eda765854300033af4896dd779b608640f2ef7a?s=96&d=mm&r=g\",\"contentUrl\":\"https:\\\/\\\/secure.gravatar.com\\\/avatar\\\/9167d280179c85bc18be67aa7eda765854300033af4896dd779b608640f2ef7a?s=96&d=mm&r=g\",\"caption\":\"Diario1 Diario1\"},\"url\":\"https:\\\/\\\/diariotextual.com\\\/inicio\\\/index.php\\\/author\\\/diario1\\\/\"}]}<\/script>\n<!-- \/ Yoast SEO plugin. -->","yoast_head_json":{"title":"Milei dijo que el rev\u00e9s al DNU en el Senado atenta contra el Pacto de Mayo - Diario Textual","robots":{"index":"index","follow":"follow","max-snippet":"max-snippet:-1","max-image-preview":"max-image-preview:large","max-video-preview":"max-video-preview:-1"},"canonical":"https:\/\/diariotextual.com\/inicio\/index.php\/2024\/03\/14\/milei-dijo-que-el-reves-al-dnu-en-el-senado-atenta-contra-el-pacto-de-mayo\/","og_locale":"es_ES","og_type":"article","og_title":"Milei dijo que el rev\u00e9s al DNU en el Senado atenta contra el Pacto de Mayo - Diario Textual","og_description":"El Gobierno nacional emiti\u00f3 un dur\u00edsimo comunicado luego de que el mega DNU 70\/23 no consiguiera pasar el filtro del Senado durante la tarde de este jueves. El Ejecutivo, con&hellip;","og_url":"https:\/\/diariotextual.com\/inicio\/index.php\/2024\/03\/14\/milei-dijo-que-el-reves-al-dnu-en-el-senado-atenta-contra-el-pacto-de-mayo\/","og_site_name":"Diario Textual","article_publisher":"https:\/\/www.facebook.com\/eltextual","article_published_time":"2024-03-15T00:32:21+00:00","article_modified_time":"2024-03-15T09:33:26+00:00","og_image":[{"width":1200,"height":675,"url":"https:\/\/diariotextual.com\/inicio\/wp-content\/uploads\/2024\/02\/mileijavier2024-788834.jpg","type":"image\/jpeg"}],"author":"Diario1 Diario1","twitter_card":"summary_large_image","twitter_creator":"@eltextual","twitter_site":"@eltextual","twitter_misc":{"Escrito por":"Diario1 Diario1","Tiempo de lectura":"3 minutos"},"schema":{"@context":"https:\/\/schema.org","@graph":[{"@type":"Article","@id":"https:\/\/diariotextual.com\/inicio\/index.php\/2024\/03\/14\/milei-dijo-que-el-reves-al-dnu-en-el-senado-atenta-contra-el-pacto-de-mayo\/#article","isPartOf":{"@id":"https:\/\/diariotextual.com\/inicio\/index.php\/2024\/03\/14\/milei-dijo-que-el-reves-al-dnu-en-el-senado-atenta-contra-el-pacto-de-mayo\/"},"author":{"name":"Diario1 Diario1","@id":"https:\/\/diariotextual.com\/inicio\/#\/schema\/person\/418fc4093c33e86ed41562db3508f958"},"headline":"Milei dijo que el rev\u00e9s al DNU en el Senado atenta contra el Pacto de Mayo","datePublished":"2024-03-15T00:32:21+00:00","dateModified":"2024-03-15T09:33:26+00:00","mainEntityOfPage":{"@id":"https:\/\/diariotextual.com\/inicio\/index.php\/2024\/03\/14\/milei-dijo-que-el-reves-al-dnu-en-el-senado-atenta-contra-el-pacto-de-mayo\/"},"wordCount":487,"publisher":{"@id":"https:\/\/diariotextual.com\/inicio\/#organization"},"image":{"@id":"https:\/\/diariotextual.com\/inicio\/index.php\/2024\/03\/14\/milei-dijo-que-el-reves-al-dnu-en-el-senado-atenta-contra-el-pacto-de-mayo\/#primaryimage"},"thumbnailUrl":"https:\/\/diariotextual.com\/inicio\/wp-content\/uploads\/2024\/02\/mileijavier2024-788834.jpg","articleSection":["A - ES NOTICIA (van abajo)","POLITICA"],"inLanguage":"es"},{"@type":"WebPage","@id":"https:\/\/diariotextual.com\/inicio\/index.php\/2024\/03\/14\/milei-dijo-que-el-reves-al-dnu-en-el-senado-atenta-contra-el-pacto-de-mayo\/","url":"https:\/\/diariotextual.com\/inicio\/index.php\/2024\/03\/14\/milei-dijo-que-el-reves-al-dnu-en-el-senado-atenta-contra-el-pacto-de-mayo\/","name":"Milei dijo que el rev\u00e9s al DNU en el Senado atenta contra el Pacto de Mayo - Diario Textual","isPartOf":{"@id":"https:\/\/diariotextual.com\/inicio\/#website"},"primaryImageOfPage":{"@id":"https:\/\/diariotextual.com\/inicio\/index.php\/2024\/03\/14\/milei-dijo-que-el-reves-al-dnu-en-el-senado-atenta-contra-el-pacto-de-mayo\/#primaryimage"},"image":{"@id":"https:\/\/diariotextual.com\/inicio\/index.php\/2024\/03\/14\/milei-dijo-que-el-reves-al-dnu-en-el-senado-atenta-contra-el-pacto-de-mayo\/#primaryimage"},"thumbnailUrl":"https:\/\/diariotextual.com\/inicio\/wp-content\/uploads\/2024\/02\/mileijavier2024-788834.jpg","datePublished":"2024-03-15T00:32:21+00:00","dateModified":"2024-03-15T09:33:26+00:00","breadcrumb":{"@id":"https:\/\/diariotextual.com\/inicio\/index.php\/2024\/03\/14\/milei-dijo-que-el-reves-al-dnu-en-el-senado-atenta-contra-el-pacto-de-mayo\/#breadcrumb"},"inLanguage":"es","potentialAction":[{"@type":"ReadAction","target":["https:\/\/diariotextual.com\/inicio\/index.php\/2024\/03\/14\/milei-dijo-que-el-reves-al-dnu-en-el-senado-atenta-contra-el-pacto-de-mayo\/"]}]},{"@type":"ImageObject","inLanguage":"es","@id":"https:\/\/diariotextual.com\/inicio\/index.php\/2024\/03\/14\/milei-dijo-que-el-reves-al-dnu-en-el-senado-atenta-contra-el-pacto-de-mayo\/#primaryimage","url":"https:\/\/diariotextual.com\/inicio\/wp-content\/uploads\/2024\/02\/mileijavier2024-788834.jpg","contentUrl":"https:\/\/diariotextual.com\/inicio\/wp-content\/uploads\/2024\/02\/mileijavier2024-788834.jpg","width":1200,"height":675},{"@type":"BreadcrumbList","@id":"https:\/\/diariotextual.com\/inicio\/index.php\/2024\/03\/14\/milei-dijo-que-el-reves-al-dnu-en-el-senado-atenta-contra-el-pacto-de-mayo\/#breadcrumb","itemListElement":[{"@type":"ListItem","position":1,"name":"Portada","item":"https:\/\/diariotextual.com\/inicio\/"},{"@type":"ListItem","position":2,"name":"Milei dijo que el rev\u00e9s al DNU en el Senado atenta contra el Pacto de Mayo"}]},{"@type":"WebSite","@id":"https:\/\/diariotextual.com\/inicio\/#website","url":"https:\/\/diariotextual.com\/inicio\/","name":"Diario Textual","description":"","publisher":{"@id":"https:\/\/diariotextual.com\/inicio\/#organization"},"potentialAction":[{"@type":"SearchAction","target":{"@type":"EntryPoint","urlTemplate":"https:\/\/diariotextual.com\/inicio\/?s={search_term_string}"},"query-input":{"@type":"PropertyValueSpecification","valueRequired":true,"valueName":"search_term_string"}}],"inLanguage":"es"},{"@type":"Organization","@id":"https:\/\/diariotextual.com\/inicio\/#organization","name":"Diario Textual","url":"https:\/\/diariotextual.com\/inicio\/","logo":{"@type":"ImageObject","inLanguage":"es","@id":"https:\/\/diariotextual.com\/inicio\/#\/schema\/logo\/image\/","url":"https:\/\/diariotextual.com\/inicio\/wp-content\/uploads\/2023\/05\/logotextual1.jpg","contentUrl":"https:\/\/diariotextual.com\/inicio\/wp-content\/uploads\/2023\/05\/logotextual1.jpg","width":516,"height":76,"caption":"Diario Textual"},"image":{"@id":"https:\/\/diariotextual.com\/inicio\/#\/schema\/logo\/image\/"},"sameAs":["https:\/\/www.facebook.com\/eltextual","https:\/\/x.com\/eltextual","http:\/\/www.instagram.com\/eltextual"]},{"@type":"Person","@id":"https:\/\/diariotextual.com\/inicio\/#\/schema\/person\/418fc4093c33e86ed41562db3508f958","name":"Diario1 Diario1","image":{"@type":"ImageObject","inLanguage":"es","@id":"https:\/\/secure.gravatar.com\/avatar\/9167d280179c85bc18be67aa7eda765854300033af4896dd779b608640f2ef7a?s=96&d=mm&r=g","url":"https:\/\/secure.gravatar.com\/avatar\/9167d280179c85bc18be67aa7eda765854300033af4896dd779b608640f2ef7a?s=96&d=mm&r=g","contentUrl":"https:\/\/secure.gravatar.com\/avatar\/9167d280179c85bc18be67aa7eda765854300033af4896dd779b608640f2ef7a?s=96&d=mm&r=g","caption":"Diario1 Diario1"},"url":"https:\/\/diariotextual.com\/inicio\/index.php\/author\/diario1\/"}]}},"_links":{"self":[{"href":"https:\/\/diariotextual.com\/inicio\/index.php\/wp-json\/wp\/v2\/posts\/257055","targetHints":{"allow":["GET"]}}],"collection":[{"href":"https:\/\/diariotextual.com\/inicio\/index.php\/wp-json\/wp\/v2\/posts"}],"about":[{"href":"https:\/\/diariotextual.com\/inicio\/index.php\/wp-json\/wp\/v2\/types\/post"}],"author":[{"embeddable":true,"href":"https:\/\/diariotextual.com\/inicio\/index.php\/wp-json\/wp\/v2\/users\/3"}],"replies":[{"embeddable":true,"href":"https:\/\/diariotextual.com\/inicio\/index.php\/wp-json\/wp\/v2\/comments?post=257055"}],"version-history":[{"count":4,"href":"https:\/\/diariotextual.com\/inicio\/index.php\/wp-json\/wp\/v2\/posts\/257055\/revisions"}],"predecessor-version":[{"id":257060,"href":"https:\/\/diariotextual.com\/inicio\/index.php\/wp-json\/wp\/v2\/posts\/257055\/revisions\/257060"}],"wp:featuredmedia":[{"embeddable":true,"href":"https:\/\/diariotextual.com\/inicio\/index.php\/wp-json\/wp\/v2\/media\/255484"}],"wp:attachment":[{"href":"https:\/\/diariotextual.com\/inicio\/index.php\/wp-json\/wp\/v2\/media?parent=257055"}],"wp:term":[{"taxonomy":"category","embeddable":true,"href":"https:\/\/diariotextual.com\/inicio\/index.php\/wp-json\/wp\/v2\/categories?post=257055"},{"taxonomy":"post_tag","embeddable":true,"href":"https:\/\/diariotextual.com\/inicio\/index.php\/wp-json\/wp\/v2\/tags?post=257055"}],"curies":[{"name":"wp","href":"https:\/\/api.w.org\/{rel}","templated":true}]}}