{"id":257159,"date":"2024-03-15T19:37:21","date_gmt":"2024-03-15T22:37:21","guid":{"rendered":"https:\/\/diariotextual.com\/inicio\/?p=257159"},"modified":"2024-03-15T19:37:23","modified_gmt":"2024-03-15T22:37:23","slug":"la-malvinizacion-es-una-bandera-que-tenemos-siempre","status":"publish","type":"post","link":"https:\/\/diariotextual.com\/inicio\/index.php\/2024\/03\/15\/la-malvinizacion-es-una-bandera-que-tenemos-siempre\/","title":{"rendered":"\u201cLa malvinizaci\u00f3n es una bandera que tenemos siempre\u201d"},"content":{"rendered":"\n<p>El <strong>ministro de Gobierno y Asuntos Municipales del Gobierno provincial, Pascual Fern\u00e1ndez<\/strong>, recibi\u00f3 a Rolando Contreras y Carlos Calmels, presidente y secretario, respectivamente, del Centro Veteranos de Guerra La Pampa.<\/p>\n\n\n\n<p>\u201cDesde<strong> el Gobierno de La Pampa nos ponemos siempre a disposici\u00f3n de las asociaciones que representan a nuestros h\u00e9roes de Malvinas. Es una pol\u00edtica de Estado permanente en La Pampa la malvinizaci\u00f3n<\/strong> de nuestra sociedad, una bandera que tenemos siempre presente y que acompa\u00f1amos y promovemos\u201d, dijo Fern\u00e1ndez a la Agencia Provincial de Noticias.<\/p>\n\n\n\n<p>Y agreg\u00f3: \u201cEn la provincia de La Pampa siempre se los ha reconocido y homenajeado. No solo en los actos o los lugares p\u00fablicos que recuerdan su valor y sacrificio, sino tambi\u00e9n con beneficios que merecen. Es <strong>importante seguir difundiendo lo que hicieron y tambi\u00e9n reconocerlos con acciones concretas<\/strong>\u201d.<\/p>\n\n\n\n<p>Contreras calific\u00f3 al encuentro como \u201cmuy positivo\u201d en la que se abordaron diversos temas: \u201cHablamos de proyectos que tenemos como las charlas que damos en las escuelas o la vigilia del 2 de abril que ya estamos organizando\u201d.<\/p>\n\n\n\n<p>\u201cTambi\u00e9n hablamos de algunas necesidades que tenemos que resolver en materia edilicia de nuestra sede. El gobernador Sergio Ziliotto siempre nos dio una mano muy grande, como tambi\u00e9n los anteriores ministros y nos siguen acompa\u00f1ando\u201d, concluy\u00f3 el presidente de la entidad.<\/p>\n","protected":false},"excerpt":{"rendered":"<p>El ministro de Gobierno y Asuntos Municipales del Gobierno provincial, Pascual Fern\u00e1ndez, recibi\u00f3 a Rolando Contreras y Carlos Calmels, presidente y secretario, respectivamente, del Centro Veteranos de Guerra La Pampa.&hellip;<\/p>\n","protected":false},"author":5,"featured_media":257161,"comment_status":"closed","ping_status":"open","sticky":false,"template":"","format":"standard","meta":{"_acf_changed":false,"footnotes":""},"categories":[1,8],"tags":[266],"class_list":["post-257159","post","type-post","status-publish","format-standard","has-post-thumbnail","hentry","category-es-noticia","category-politica","tag-malvinas"],"acf":[],"yoast_head":"<!-- This site is optimized with the Yoast SEO plugin v27.5 - https:\/\/yoast.com\/product\/yoast-seo-wordpress\/ -->\n<title>\u201cLa malvinizaci\u00f3n es una bandera que tenemos siempre\u201d - Diario Textual<\/title>\n<meta name=\"robots\" content=\"index, follow, max-snippet:-1, max-image-preview:large, max-video-preview:-1\" \/>\n<link rel=\"canonical\" href=\"https:\/\/diariotextual.com\/inicio\/index.php\/2024\/03\/15\/la-malvinizacion-es-una-bandera-que-tenemos-siempre\/\" \/>\n<meta property=\"og:locale\" content=\"es_ES\" \/>\n<meta property=\"og:type\" content=\"article\" \/>\n<meta property=\"og:title\" content=\"\u201cLa malvinizaci\u00f3n es una bandera que tenemos siempre\u201d - Diario Textual\" \/>\n<meta property=\"og:description\" content=\"El ministro de Gobierno y Asuntos Municipales del Gobierno provincial, Pascual Fern\u00e1ndez, recibi\u00f3 a Rolando Contreras y Carlos Calmels, presidente y secretario, respectivamente, del Centro Veteranos de Guerra La Pampa.&hellip;\" \/>\n<meta property=\"og:url\" content=\"https:\/\/diariotextual.com\/inicio\/index.php\/2024\/03\/15\/la-malvinizacion-es-una-bandera-que-tenemos-siempre\/\" \/>\n<meta property=\"og:site_name\" content=\"Diario Textual\" \/>\n<meta property=\"article:publisher\" content=\"https:\/\/www.facebook.com\/eltextual\" \/>\n<meta property=\"article:published_time\" content=\"2024-03-15T22:37:21+00:00\" \/>\n<meta property=\"article:modified_time\" content=\"2024-03-15T22:37:23+00:00\" \/>\n<meta property=\"og:image\" content=\"https:\/\/diariotextual.com\/inicio\/wp-content\/uploads\/2024\/03\/fernandezpascualveteranosmalvinas2024.jpg\" \/>\n\t<meta property=\"og:image:width\" content=\"900\" \/>\n\t<meta property=\"og:image:height\" content=\"496\" \/>\n\t<meta property=\"og:image:type\" content=\"image\/jpeg\" \/>\n<meta name=\"author\" content=\"diario3\" \/>\n<meta name=\"twitter:card\" content=\"summary_large_image\" \/>\n<meta name=\"twitter:creator\" content=\"@eltextual\" \/>\n<meta name=\"twitter:site\" content=\"@eltextual\" \/>\n<meta name=\"twitter:label1\" content=\"Escrito por\" \/>\n\t<meta name=\"twitter:data1\" content=\"diario3\" \/>\n\t<meta name=\"twitter:label2\" content=\"Tiempo de lectura\" \/>\n\t<meta name=\"twitter:data2\" content=\"2 minutos\" \/>\n<script type=\"application\/ld+json\" class=\"yoast-schema-graph\">{\"@context\":\"https:\\\/\\\/schema.org\",\"@graph\":[{\"@type\":\"Article\",\"@id\":\"https:\\\/\\\/diariotextual.com\\\/inicio\\\/index.php\\\/2024\\\/03\\\/15\\\/la-malvinizacion-es-una-bandera-que-tenemos-siempre\\\/#article\",\"isPartOf\":{\"@id\":\"https:\\\/\\\/diariotextual.com\\\/inicio\\\/index.php\\\/2024\\\/03\\\/15\\\/la-malvinizacion-es-una-bandera-que-tenemos-siempre\\\/\"},\"author\":{\"name\":\"diario3\",\"@id\":\"https:\\\/\\\/diariotextual.com\\\/inicio\\\/#\\\/schema\\\/person\\\/a1b6f563e0ee944c60f98119389a4d9f\"},\"headline\":\"\u201cLa malvinizaci\u00f3n es una bandera que tenemos siempre\u201d\",\"datePublished\":\"2024-03-15T22:37:21+00:00\",\"dateModified\":\"2024-03-15T22:37:23+00:00\",\"mainEntityOfPage\":{\"@id\":\"https:\\\/\\\/diariotextual.com\\\/inicio\\\/index.php\\\/2024\\\/03\\\/15\\\/la-malvinizacion-es-una-bandera-que-tenemos-siempre\\\/\"},\"wordCount\":233,\"publisher\":{\"@id\":\"https:\\\/\\\/diariotextual.com\\\/inicio\\\/#organization\"},\"image\":{\"@id\":\"https:\\\/\\\/diariotextual.com\\\/inicio\\\/index.php\\\/2024\\\/03\\\/15\\\/la-malvinizacion-es-una-bandera-que-tenemos-siempre\\\/#primaryimage\"},\"thumbnailUrl\":\"https:\\\/\\\/diariotextual.com\\\/inicio\\\/wp-content\\\/uploads\\\/2024\\\/03\\\/fernandezpascualveteranosmalvinas2024.jpg\",\"keywords\":[\"malvinas\"],\"articleSection\":[\"A - ES NOTICIA (van abajo)\",\"POLITICA\"],\"inLanguage\":\"es\"},{\"@type\":\"WebPage\",\"@id\":\"https:\\\/\\\/diariotextual.com\\\/inicio\\\/index.php\\\/2024\\\/03\\\/15\\\/la-malvinizacion-es-una-bandera-que-tenemos-siempre\\\/\",\"url\":\"https:\\\/\\\/diariotextual.com\\\/inicio\\\/index.php\\\/2024\\\/03\\\/15\\\/la-malvinizacion-es-una-bandera-que-tenemos-siempre\\\/\",\"name\":\"\u201cLa malvinizaci\u00f3n es una bandera que tenemos siempre\u201d - Diario Textual\",\"isPartOf\":{\"@id\":\"https:\\\/\\\/diariotextual.com\\\/inicio\\\/#website\"},\"primaryImageOfPage\":{\"@id\":\"https:\\\/\\\/diariotextual.com\\\/inicio\\\/index.php\\\/2024\\\/03\\\/15\\\/la-malvinizacion-es-una-bandera-que-tenemos-siempre\\\/#primaryimage\"},\"image\":{\"@id\":\"https:\\\/\\\/diariotextual.com\\\/inicio\\\/index.php\\\/2024\\\/03\\\/15\\\/la-malvinizacion-es-una-bandera-que-tenemos-siempre\\\/#primaryimage\"},\"thumbnailUrl\":\"https:\\\/\\\/diariotextual.com\\\/inicio\\\/wp-content\\\/uploads\\\/2024\\\/03\\\/fernandezpascualveteranosmalvinas2024.jpg\",\"datePublished\":\"2024-03-15T22:37:21+00:00\",\"dateModified\":\"2024-03-15T22:37:23+00:00\",\"breadcrumb\":{\"@id\":\"https:\\\/\\\/diariotextual.com\\\/inicio\\\/index.php\\\/2024\\\/03\\\/15\\\/la-malvinizacion-es-una-bandera-que-tenemos-siempre\\\/#breadcrumb\"},\"inLanguage\":\"es\",\"potentialAction\":[{\"@type\":\"ReadAction\",\"target\":[\"https:\\\/\\\/diariotextual.com\\\/inicio\\\/index.php\\\/2024\\\/03\\\/15\\\/la-malvinizacion-es-una-bandera-que-tenemos-siempre\\\/\"]}]},{\"@type\":\"ImageObject\",\"inLanguage\":\"es\",\"@id\":\"https:\\\/\\\/diariotextual.com\\\/inicio\\\/index.php\\\/2024\\\/03\\\/15\\\/la-malvinizacion-es-una-bandera-que-tenemos-siempre\\\/#primaryimage\",\"url\":\"https:\\\/\\\/diariotextual.com\\\/inicio\\\/wp-content\\\/uploads\\\/2024\\\/03\\\/fernandezpascualveteranosmalvinas2024.jpg\",\"contentUrl\":\"https:\\\/\\\/diariotextual.com\\\/inicio\\\/wp-content\\\/uploads\\\/2024\\\/03\\\/fernandezpascualveteranosmalvinas2024.jpg\",\"width\":900,\"height\":496},{\"@type\":\"BreadcrumbList\",\"@id\":\"https:\\\/\\\/diariotextual.com\\\/inicio\\\/index.php\\\/2024\\\/03\\\/15\\\/la-malvinizacion-es-una-bandera-que-tenemos-siempre\\\/#breadcrumb\",\"itemListElement\":[{\"@type\":\"ListItem\",\"position\":1,\"name\":\"Portada\",\"item\":\"https:\\\/\\\/diariotextual.com\\\/inicio\\\/\"},{\"@type\":\"ListItem\",\"position\":2,\"name\":\"\u201cLa malvinizaci\u00f3n es una bandera que tenemos siempre\u201d\"}]},{\"@type\":\"WebSite\",\"@id\":\"https:\\\/\\\/diariotextual.com\\\/inicio\\\/#website\",\"url\":\"https:\\\/\\\/diariotextual.com\\\/inicio\\\/\",\"name\":\"Diario Textual\",\"description\":\"\",\"publisher\":{\"@id\":\"https:\\\/\\\/diariotextual.com\\\/inicio\\\/#organization\"},\"potentialAction\":[{\"@type\":\"SearchAction\",\"target\":{\"@type\":\"EntryPoint\",\"urlTemplate\":\"https:\\\/\\\/diariotextual.com\\\/inicio\\\/?s={search_term_string}\"},\"query-input\":{\"@type\":\"PropertyValueSpecification\",\"valueRequired\":true,\"valueName\":\"search_term_string\"}}],\"inLanguage\":\"es\"},{\"@type\":\"Organization\",\"@id\":\"https:\\\/\\\/diariotextual.com\\\/inicio\\\/#organization\",\"name\":\"Diario Textual\",\"url\":\"https:\\\/\\\/diariotextual.com\\\/inicio\\\/\",\"logo\":{\"@type\":\"ImageObject\",\"inLanguage\":\"es\",\"@id\":\"https:\\\/\\\/diariotextual.com\\\/inicio\\\/#\\\/schema\\\/logo\\\/image\\\/\",\"url\":\"https:\\\/\\\/diariotextual.com\\\/inicio\\\/wp-content\\\/uploads\\\/2023\\\/05\\\/logotextual1.jpg\",\"contentUrl\":\"https:\\\/\\\/diariotextual.com\\\/inicio\\\/wp-content\\\/uploads\\\/2023\\\/05\\\/logotextual1.jpg\",\"width\":516,\"height\":76,\"caption\":\"Diario Textual\"},\"image\":{\"@id\":\"https:\\\/\\\/diariotextual.com\\\/inicio\\\/#\\\/schema\\\/logo\\\/image\\\/\"},\"sameAs\":[\"https:\\\/\\\/www.facebook.com\\\/eltextual\",\"https:\\\/\\\/x.com\\\/eltextual\",\"http:\\\/\\\/www.instagram.com\\\/eltextual\"]},{\"@type\":\"Person\",\"@id\":\"https:\\\/\\\/diariotextual.com\\\/inicio\\\/#\\\/schema\\\/person\\\/a1b6f563e0ee944c60f98119389a4d9f\",\"name\":\"diario3\",\"image\":{\"@type\":\"ImageObject\",\"inLanguage\":\"es\",\"@id\":\"https:\\\/\\\/secure.gravatar.com\\\/avatar\\\/5e7ee62c82fc04d9dd79d746a390d93c69c43223e5faeeb3ea9461ef752bfc5d?s=96&d=mm&r=g\",\"url\":\"https:\\\/\\\/secure.gravatar.com\\\/avatar\\\/5e7ee62c82fc04d9dd79d746a390d93c69c43223e5faeeb3ea9461ef752bfc5d?s=96&d=mm&r=g\",\"contentUrl\":\"https:\\\/\\\/secure.gravatar.com\\\/avatar\\\/5e7ee62c82fc04d9dd79d746a390d93c69c43223e5faeeb3ea9461ef752bfc5d?s=96&d=mm&r=g\",\"caption\":\"diario3\"},\"url\":\"https:\\\/\\\/diariotextual.com\\\/inicio\\\/index.php\\\/author\\\/diario3\\\/\"}]}<\/script>\n<!-- \/ Yoast SEO plugin. -->","yoast_head_json":{"title":"\u201cLa malvinizaci\u00f3n es una bandera que tenemos siempre\u201d - Diario Textual","robots":{"index":"index","follow":"follow","max-snippet":"max-snippet:-1","max-image-preview":"max-image-preview:large","max-video-preview":"max-video-preview:-1"},"canonical":"https:\/\/diariotextual.com\/inicio\/index.php\/2024\/03\/15\/la-malvinizacion-es-una-bandera-que-tenemos-siempre\/","og_locale":"es_ES","og_type":"article","og_title":"\u201cLa malvinizaci\u00f3n es una bandera que tenemos siempre\u201d - Diario Textual","og_description":"El ministro de Gobierno y Asuntos Municipales del Gobierno provincial, Pascual Fern\u00e1ndez, recibi\u00f3 a Rolando Contreras y Carlos Calmels, presidente y secretario, respectivamente, del Centro Veteranos de Guerra La Pampa.&hellip;","og_url":"https:\/\/diariotextual.com\/inicio\/index.php\/2024\/03\/15\/la-malvinizacion-es-una-bandera-que-tenemos-siempre\/","og_site_name":"Diario Textual","article_publisher":"https:\/\/www.facebook.com\/eltextual","article_published_time":"2024-03-15T22:37:21+00:00","article_modified_time":"2024-03-15T22:37:23+00:00","og_image":[{"width":900,"height":496,"url":"https:\/\/diariotextual.com\/inicio\/wp-content\/uploads\/2024\/03\/fernandezpascualveteranosmalvinas2024.jpg","type":"image\/jpeg"}],"author":"diario3","twitter_card":"summary_large_image","twitter_creator":"@eltextual","twitter_site":"@eltextual","twitter_misc":{"Escrito por":"diario3","Tiempo de lectura":"2 minutos"},"schema":{"@context":"https:\/\/schema.org","@graph":[{"@type":"Article","@id":"https:\/\/diariotextual.com\/inicio\/index.php\/2024\/03\/15\/la-malvinizacion-es-una-bandera-que-tenemos-siempre\/#article","isPartOf":{"@id":"https:\/\/diariotextual.com\/inicio\/index.php\/2024\/03\/15\/la-malvinizacion-es-una-bandera-que-tenemos-siempre\/"},"author":{"name":"diario3","@id":"https:\/\/diariotextual.com\/inicio\/#\/schema\/person\/a1b6f563e0ee944c60f98119389a4d9f"},"headline":"\u201cLa malvinizaci\u00f3n es una bandera que tenemos siempre\u201d","datePublished":"2024-03-15T22:37:21+00:00","dateModified":"2024-03-15T22:37:23+00:00","mainEntityOfPage":{"@id":"https:\/\/diariotextual.com\/inicio\/index.php\/2024\/03\/15\/la-malvinizacion-es-una-bandera-que-tenemos-siempre\/"},"wordCount":233,"publisher":{"@id":"https:\/\/diariotextual.com\/inicio\/#organization"},"image":{"@id":"https:\/\/diariotextual.com\/inicio\/index.php\/2024\/03\/15\/la-malvinizacion-es-una-bandera-que-tenemos-siempre\/#primaryimage"},"thumbnailUrl":"https:\/\/diariotextual.com\/inicio\/wp-content\/uploads\/2024\/03\/fernandezpascualveteranosmalvinas2024.jpg","keywords":["malvinas"],"articleSection":["A - ES NOTICIA (van abajo)","POLITICA"],"inLanguage":"es"},{"@type":"WebPage","@id":"https:\/\/diariotextual.com\/inicio\/index.php\/2024\/03\/15\/la-malvinizacion-es-una-bandera-que-tenemos-siempre\/","url":"https:\/\/diariotextual.com\/inicio\/index.php\/2024\/03\/15\/la-malvinizacion-es-una-bandera-que-tenemos-siempre\/","name":"\u201cLa malvinizaci\u00f3n es una bandera que tenemos siempre\u201d - Diario Textual","isPartOf":{"@id":"https:\/\/diariotextual.com\/inicio\/#website"},"primaryImageOfPage":{"@id":"https:\/\/diariotextual.com\/inicio\/index.php\/2024\/03\/15\/la-malvinizacion-es-una-bandera-que-tenemos-siempre\/#primaryimage"},"image":{"@id":"https:\/\/diariotextual.com\/inicio\/index.php\/2024\/03\/15\/la-malvinizacion-es-una-bandera-que-tenemos-siempre\/#primaryimage"},"thumbnailUrl":"https:\/\/diariotextual.com\/inicio\/wp-content\/uploads\/2024\/03\/fernandezpascualveteranosmalvinas2024.jpg","datePublished":"2024-03-15T22:37:21+00:00","dateModified":"2024-03-15T22:37:23+00:00","breadcrumb":{"@id":"https:\/\/diariotextual.com\/inicio\/index.php\/2024\/03\/15\/la-malvinizacion-es-una-bandera-que-tenemos-siempre\/#breadcrumb"},"inLanguage":"es","potentialAction":[{"@type":"ReadAction","target":["https:\/\/diariotextual.com\/inicio\/index.php\/2024\/03\/15\/la-malvinizacion-es-una-bandera-que-tenemos-siempre\/"]}]},{"@type":"ImageObject","inLanguage":"es","@id":"https:\/\/diariotextual.com\/inicio\/index.php\/2024\/03\/15\/la-malvinizacion-es-una-bandera-que-tenemos-siempre\/#primaryimage","url":"https:\/\/diariotextual.com\/inicio\/wp-content\/uploads\/2024\/03\/fernandezpascualveteranosmalvinas2024.jpg","contentUrl":"https:\/\/diariotextual.com\/inicio\/wp-content\/uploads\/2024\/03\/fernandezpascualveteranosmalvinas2024.jpg","width":900,"height":496},{"@type":"BreadcrumbList","@id":"https:\/\/diariotextual.com\/inicio\/index.php\/2024\/03\/15\/la-malvinizacion-es-una-bandera-que-tenemos-siempre\/#breadcrumb","itemListElement":[{"@type":"ListItem","position":1,"name":"Portada","item":"https:\/\/diariotextual.com\/inicio\/"},{"@type":"ListItem","position":2,"name":"\u201cLa malvinizaci\u00f3n es una bandera que tenemos siempre\u201d"}]},{"@type":"WebSite","@id":"https:\/\/diariotextual.com\/inicio\/#website","url":"https:\/\/diariotextual.com\/inicio\/","name":"Diario Textual","description":"","publisher":{"@id":"https:\/\/diariotextual.com\/inicio\/#organization"},"potentialAction":[{"@type":"SearchAction","target":{"@type":"EntryPoint","urlTemplate":"https:\/\/diariotextual.com\/inicio\/?s={search_term_string}"},"query-input":{"@type":"PropertyValueSpecification","valueRequired":true,"valueName":"search_term_string"}}],"inLanguage":"es"},{"@type":"Organization","@id":"https:\/\/diariotextual.com\/inicio\/#organization","name":"Diario Textual","url":"https:\/\/diariotextual.com\/inicio\/","logo":{"@type":"ImageObject","inLanguage":"es","@id":"https:\/\/diariotextual.com\/inicio\/#\/schema\/logo\/image\/","url":"https:\/\/diariotextual.com\/inicio\/wp-content\/uploads\/2023\/05\/logotextual1.jpg","contentUrl":"https:\/\/diariotextual.com\/inicio\/wp-content\/uploads\/2023\/05\/logotextual1.jpg","width":516,"height":76,"caption":"Diario Textual"},"image":{"@id":"https:\/\/diariotextual.com\/inicio\/#\/schema\/logo\/image\/"},"sameAs":["https:\/\/www.facebook.com\/eltextual","https:\/\/x.com\/eltextual","http:\/\/www.instagram.com\/eltextual"]},{"@type":"Person","@id":"https:\/\/diariotextual.com\/inicio\/#\/schema\/person\/a1b6f563e0ee944c60f98119389a4d9f","name":"diario3","image":{"@type":"ImageObject","inLanguage":"es","@id":"https:\/\/secure.gravatar.com\/avatar\/5e7ee62c82fc04d9dd79d746a390d93c69c43223e5faeeb3ea9461ef752bfc5d?s=96&d=mm&r=g","url":"https:\/\/secure.gravatar.com\/avatar\/5e7ee62c82fc04d9dd79d746a390d93c69c43223e5faeeb3ea9461ef752bfc5d?s=96&d=mm&r=g","contentUrl":"https:\/\/secure.gravatar.com\/avatar\/5e7ee62c82fc04d9dd79d746a390d93c69c43223e5faeeb3ea9461ef752bfc5d?s=96&d=mm&r=g","caption":"diario3"},"url":"https:\/\/diariotextual.com\/inicio\/index.php\/author\/diario3\/"}]}},"_links":{"self":[{"href":"https:\/\/diariotextual.com\/inicio\/index.php\/wp-json\/wp\/v2\/posts\/257159","targetHints":{"allow":["GET"]}}],"collection":[{"href":"https:\/\/diariotextual.com\/inicio\/index.php\/wp-json\/wp\/v2\/posts"}],"about":[{"href":"https:\/\/diariotextual.com\/inicio\/index.php\/wp-json\/wp\/v2\/types\/post"}],"author":[{"embeddable":true,"href":"https:\/\/diariotextual.com\/inicio\/index.php\/wp-json\/wp\/v2\/users\/5"}],"replies":[{"embeddable":true,"href":"https:\/\/diariotextual.com\/inicio\/index.php\/wp-json\/wp\/v2\/comments?post=257159"}],"version-history":[{"count":1,"href":"https:\/\/diariotextual.com\/inicio\/index.php\/wp-json\/wp\/v2\/posts\/257159\/revisions"}],"predecessor-version":[{"id":257162,"href":"https:\/\/diariotextual.com\/inicio\/index.php\/wp-json\/wp\/v2\/posts\/257159\/revisions\/257162"}],"wp:featuredmedia":[{"embeddable":true,"href":"https:\/\/diariotextual.com\/inicio\/index.php\/wp-json\/wp\/v2\/media\/257161"}],"wp:attachment":[{"href":"https:\/\/diariotextual.com\/inicio\/index.php\/wp-json\/wp\/v2\/media?parent=257159"}],"wp:term":[{"taxonomy":"category","embeddable":true,"href":"https:\/\/diariotextual.com\/inicio\/index.php\/wp-json\/wp\/v2\/categories?post=257159"},{"taxonomy":"post_tag","embeddable":true,"href":"https:\/\/diariotextual.com\/inicio\/index.php\/wp-json\/wp\/v2\/tags?post=257159"}],"curies":[{"name":"wp","href":"https:\/\/api.w.org\/{rel}","templated":true}]}}