{"id":257200,"date":"2024-03-16T17:22:28","date_gmt":"2024-03-16T20:22:28","guid":{"rendered":"https:\/\/diariotextual.com\/inicio\/?p=257200"},"modified":"2024-03-17T19:03:50","modified_gmt":"2024-03-17T22:03:50","slug":"milei-es-cierto-que-el-70-de-la-gente-dice-que-esta-peor","status":"publish","type":"post","link":"https:\/\/diariotextual.com\/inicio\/index.php\/2024\/03\/16\/milei-es-cierto-que-el-70-de-la-gente-dice-que-esta-peor\/","title":{"rendered":"Milei: \u201cEs cierto que el 70% de la gente dice que est\u00e1 peor\u201d"},"content":{"rendered":"\n<p>El presidente\u00a0<strong>Javier Milei admiti\u00f3 que el \u201c70% de la gente\u201d est\u00e1 \u201cpeor\u201d, confirm\u00f3 que \u201cprontamente\u201d llegar\u00e1 la nueva versi\u00f3n de la Ley \u00d3mnibus al Congreso<\/strong>, luego del traspi\u00e9 que tuvo en la C\u00e1mara de Diputados, y elogi\u00f3 el trabajo \u201cexcepcional\u201d del ministro del Interior,\u00a0<strong>Guillermo Francos, <\/strong>al<strong>\u00a0<\/strong>frente de las negociaciones con los gobernadores.<\/p>\n\n\n\n<p>\u201cEs cierto que el 70% de la gente dice que est\u00e1 peor. Pero cuando asumimos la Presidencia la expectativa llegaba al 20%\u201d, detall\u00f3 Milei, quien asegur\u00f3 que esos n\u00fameros se fueron incrementando con el paso de los meses. \u201cLa mayor\u00eda de los argentinos ve una luz al final en el camino. La palabra que m\u00e1s ven los argentinos es esperanza\u201d, djo. \u201cLes pido confianza y paciencia\u201d, resalt\u00f3 esta tarde, en di\u00e1logo con radio Mitre.<\/p>\n\n\n\n<p>Y enumer\u00f3 varios indicadores que calific\u00f3 de positivos. \u201cEst\u00e1n aumentando los dep\u00f3sitos en d\u00f3lares dentro del sistema\u201d, clam\u00f3, con entusiasmo. \u201cPero la soluci\u00f3n no es m\u00e1gica, venimos de 100 a\u00f1os de decadencia. De desastre en materia econ\u00f3mica. Soy economista, no soy mago. No se me dio el milagro de la multiplicaci\u00f3n de los panes, soy un mortal\u201d, sigui\u00f3.<\/p>\n\n\n\n<p>Seg\u00fan inform\u00f3, incluir\u00e1 \u201cabsolutamente\u201d el pedido de un desembolso de fondos para poder salir del cepo cambiario. \u201cPuede ser parte de una negociaci\u00f3n que incluya al FMI, a otros pa\u00edses y a fondos comunes de inversi\u00f3n del extranjero\u201d, dijo. \u201cEstamos trabajando en eso, cuanto m\u00e1s r\u00e1pido lo consigamos, m\u00e1s r\u00e1pido levantamos el cepo. Si no, tenemos que seguir trabajando en el saneamiento del Banco Central\u201d, dijo.<\/p>\n\n\n\n<p>Pero se\u00f1al\u00f3 que esa medida no tiene garant\u00edas hoy. \u201cNo lo hacemos porque no es 100 por ciento seguro. Argentina puede subir la demanda de dinero, eso es fruto del trabajo que hace (Santiago) Bausili en el Banco Central. Y el tema con los dep\u00f3sitos, es que cuando tomo la base monetaria amplia, no tengo 2,6, tengo 11. Y a m\u00ed, \u00bfqui\u00e9n me asegura que eso no va a conducir a una corrida cuando abra?\u201d, marc\u00f3.<\/p>\n","protected":false},"excerpt":{"rendered":"<p>El presidente\u00a0Javier Milei admiti\u00f3 que el \u201c70% de la gente\u201d est\u00e1 \u201cpeor\u201d, confirm\u00f3 que \u201cprontamente\u201d llegar\u00e1 la nueva versi\u00f3n de la Ley \u00d3mnibus al Congreso, luego del traspi\u00e9 que tuvo&hellip;<\/p>\n","protected":false},"author":3,"featured_media":247331,"comment_status":"closed","ping_status":"open","sticky":false,"template":"","format":"standard","meta":{"_acf_changed":false,"footnotes":""},"categories":[1,8],"tags":[],"class_list":["post-257200","post","type-post","status-publish","format-standard","has-post-thumbnail","hentry","category-es-noticia","category-politica"],"acf":[],"yoast_head":"<!-- This site is optimized with the Yoast SEO plugin v27.5 - https:\/\/yoast.com\/product\/yoast-seo-wordpress\/ -->\n<title>Milei: \u201cEs cierto que el 70% de la gente dice que est\u00e1 peor\u201d - Diario Textual<\/title>\n<meta name=\"robots\" content=\"index, follow, max-snippet:-1, max-image-preview:large, max-video-preview:-1\" \/>\n<link rel=\"canonical\" href=\"https:\/\/diariotextual.com\/inicio\/index.php\/2024\/03\/16\/milei-es-cierto-que-el-70-de-la-gente-dice-que-esta-peor\/\" \/>\n<meta property=\"og:locale\" content=\"es_ES\" \/>\n<meta property=\"og:type\" content=\"article\" \/>\n<meta property=\"og:title\" content=\"Milei: \u201cEs cierto que el 70% de la gente dice que est\u00e1 peor\u201d - Diario Textual\" \/>\n<meta property=\"og:description\" content=\"El presidente\u00a0Javier Milei admiti\u00f3 que el \u201c70% de la gente\u201d est\u00e1 \u201cpeor\u201d, confirm\u00f3 que \u201cprontamente\u201d llegar\u00e1 la nueva versi\u00f3n de la Ley \u00d3mnibus al Congreso, luego del traspi\u00e9 que tuvo&hellip;\" \/>\n<meta property=\"og:url\" content=\"https:\/\/diariotextual.com\/inicio\/index.php\/2024\/03\/16\/milei-es-cierto-que-el-70-de-la-gente-dice-que-esta-peor\/\" \/>\n<meta property=\"og:site_name\" content=\"Diario Textual\" \/>\n<meta property=\"article:publisher\" content=\"https:\/\/www.facebook.com\/eltextual\" \/>\n<meta property=\"article:published_time\" content=\"2024-03-16T20:22:28+00:00\" \/>\n<meta property=\"article:modified_time\" content=\"2024-03-17T22:03:50+00:00\" \/>\n<meta property=\"og:image\" content=\"https:\/\/diariotextual.com\/inicio\/wp-content\/uploads\/2023\/12\/mileijaviertelam2023-987.jpg\" \/>\n\t<meta property=\"og:image:width\" content=\"1200\" \/>\n\t<meta property=\"og:image:height\" content=\"675\" \/>\n\t<meta property=\"og:image:type\" content=\"image\/jpeg\" \/>\n<meta name=\"author\" content=\"Diario1 Diario1\" \/>\n<meta name=\"twitter:card\" content=\"summary_large_image\" \/>\n<meta name=\"twitter:creator\" content=\"@eltextual\" \/>\n<meta name=\"twitter:site\" content=\"@eltextual\" \/>\n<meta name=\"twitter:label1\" content=\"Escrito por\" \/>\n\t<meta name=\"twitter:data1\" content=\"Diario1 Diario1\" \/>\n\t<meta name=\"twitter:label2\" content=\"Tiempo de lectura\" \/>\n\t<meta name=\"twitter:data2\" content=\"2 minutos\" \/>\n<script type=\"application\/ld+json\" class=\"yoast-schema-graph\">{\"@context\":\"https:\\\/\\\/schema.org\",\"@graph\":[{\"@type\":\"Article\",\"@id\":\"https:\\\/\\\/diariotextual.com\\\/inicio\\\/index.php\\\/2024\\\/03\\\/16\\\/milei-es-cierto-que-el-70-de-la-gente-dice-que-esta-peor\\\/#article\",\"isPartOf\":{\"@id\":\"https:\\\/\\\/diariotextual.com\\\/inicio\\\/index.php\\\/2024\\\/03\\\/16\\\/milei-es-cierto-que-el-70-de-la-gente-dice-que-esta-peor\\\/\"},\"author\":{\"name\":\"Diario1 Diario1\",\"@id\":\"https:\\\/\\\/diariotextual.com\\\/inicio\\\/#\\\/schema\\\/person\\\/418fc4093c33e86ed41562db3508f958\"},\"headline\":\"Milei: \u201cEs cierto que el 70% de la gente dice que est\u00e1 peor\u201d\",\"datePublished\":\"2024-03-16T20:22:28+00:00\",\"dateModified\":\"2024-03-17T22:03:50+00:00\",\"mainEntityOfPage\":{\"@id\":\"https:\\\/\\\/diariotextual.com\\\/inicio\\\/index.php\\\/2024\\\/03\\\/16\\\/milei-es-cierto-que-el-70-de-la-gente-dice-que-esta-peor\\\/\"},\"wordCount\":360,\"publisher\":{\"@id\":\"https:\\\/\\\/diariotextual.com\\\/inicio\\\/#organization\"},\"image\":{\"@id\":\"https:\\\/\\\/diariotextual.com\\\/inicio\\\/index.php\\\/2024\\\/03\\\/16\\\/milei-es-cierto-que-el-70-de-la-gente-dice-que-esta-peor\\\/#primaryimage\"},\"thumbnailUrl\":\"https:\\\/\\\/diariotextual.com\\\/inicio\\\/wp-content\\\/uploads\\\/2023\\\/12\\\/mileijaviertelam2023-987.jpg\",\"articleSection\":[\"A - ES NOTICIA (van abajo)\",\"POLITICA\"],\"inLanguage\":\"es\"},{\"@type\":\"WebPage\",\"@id\":\"https:\\\/\\\/diariotextual.com\\\/inicio\\\/index.php\\\/2024\\\/03\\\/16\\\/milei-es-cierto-que-el-70-de-la-gente-dice-que-esta-peor\\\/\",\"url\":\"https:\\\/\\\/diariotextual.com\\\/inicio\\\/index.php\\\/2024\\\/03\\\/16\\\/milei-es-cierto-que-el-70-de-la-gente-dice-que-esta-peor\\\/\",\"name\":\"Milei: \u201cEs cierto que el 70% de la gente dice que est\u00e1 peor\u201d - Diario Textual\",\"isPartOf\":{\"@id\":\"https:\\\/\\\/diariotextual.com\\\/inicio\\\/#website\"},\"primaryImageOfPage\":{\"@id\":\"https:\\\/\\\/diariotextual.com\\\/inicio\\\/index.php\\\/2024\\\/03\\\/16\\\/milei-es-cierto-que-el-70-de-la-gente-dice-que-esta-peor\\\/#primaryimage\"},\"image\":{\"@id\":\"https:\\\/\\\/diariotextual.com\\\/inicio\\\/index.php\\\/2024\\\/03\\\/16\\\/milei-es-cierto-que-el-70-de-la-gente-dice-que-esta-peor\\\/#primaryimage\"},\"thumbnailUrl\":\"https:\\\/\\\/diariotextual.com\\\/inicio\\\/wp-content\\\/uploads\\\/2023\\\/12\\\/mileijaviertelam2023-987.jpg\",\"datePublished\":\"2024-03-16T20:22:28+00:00\",\"dateModified\":\"2024-03-17T22:03:50+00:00\",\"breadcrumb\":{\"@id\":\"https:\\\/\\\/diariotextual.com\\\/inicio\\\/index.php\\\/2024\\\/03\\\/16\\\/milei-es-cierto-que-el-70-de-la-gente-dice-que-esta-peor\\\/#breadcrumb\"},\"inLanguage\":\"es\",\"potentialAction\":[{\"@type\":\"ReadAction\",\"target\":[\"https:\\\/\\\/diariotextual.com\\\/inicio\\\/index.php\\\/2024\\\/03\\\/16\\\/milei-es-cierto-que-el-70-de-la-gente-dice-que-esta-peor\\\/\"]}]},{\"@type\":\"ImageObject\",\"inLanguage\":\"es\",\"@id\":\"https:\\\/\\\/diariotextual.com\\\/inicio\\\/index.php\\\/2024\\\/03\\\/16\\\/milei-es-cierto-que-el-70-de-la-gente-dice-que-esta-peor\\\/#primaryimage\",\"url\":\"https:\\\/\\\/diariotextual.com\\\/inicio\\\/wp-content\\\/uploads\\\/2023\\\/12\\\/mileijaviertelam2023-987.jpg\",\"contentUrl\":\"https:\\\/\\\/diariotextual.com\\\/inicio\\\/wp-content\\\/uploads\\\/2023\\\/12\\\/mileijaviertelam2023-987.jpg\",\"width\":1200,\"height\":675},{\"@type\":\"BreadcrumbList\",\"@id\":\"https:\\\/\\\/diariotextual.com\\\/inicio\\\/index.php\\\/2024\\\/03\\\/16\\\/milei-es-cierto-que-el-70-de-la-gente-dice-que-esta-peor\\\/#breadcrumb\",\"itemListElement\":[{\"@type\":\"ListItem\",\"position\":1,\"name\":\"Portada\",\"item\":\"https:\\\/\\\/diariotextual.com\\\/inicio\\\/\"},{\"@type\":\"ListItem\",\"position\":2,\"name\":\"Milei: \u201cEs cierto que el 70% de la gente dice que est\u00e1 peor\u201d\"}]},{\"@type\":\"WebSite\",\"@id\":\"https:\\\/\\\/diariotextual.com\\\/inicio\\\/#website\",\"url\":\"https:\\\/\\\/diariotextual.com\\\/inicio\\\/\",\"name\":\"Diario Textual\",\"description\":\"\",\"publisher\":{\"@id\":\"https:\\\/\\\/diariotextual.com\\\/inicio\\\/#organization\"},\"potentialAction\":[{\"@type\":\"SearchAction\",\"target\":{\"@type\":\"EntryPoint\",\"urlTemplate\":\"https:\\\/\\\/diariotextual.com\\\/inicio\\\/?s={search_term_string}\"},\"query-input\":{\"@type\":\"PropertyValueSpecification\",\"valueRequired\":true,\"valueName\":\"search_term_string\"}}],\"inLanguage\":\"es\"},{\"@type\":\"Organization\",\"@id\":\"https:\\\/\\\/diariotextual.com\\\/inicio\\\/#organization\",\"name\":\"Diario Textual\",\"url\":\"https:\\\/\\\/diariotextual.com\\\/inicio\\\/\",\"logo\":{\"@type\":\"ImageObject\",\"inLanguage\":\"es\",\"@id\":\"https:\\\/\\\/diariotextual.com\\\/inicio\\\/#\\\/schema\\\/logo\\\/image\\\/\",\"url\":\"https:\\\/\\\/diariotextual.com\\\/inicio\\\/wp-content\\\/uploads\\\/2023\\\/05\\\/logotextual1.jpg\",\"contentUrl\":\"https:\\\/\\\/diariotextual.com\\\/inicio\\\/wp-content\\\/uploads\\\/2023\\\/05\\\/logotextual1.jpg\",\"width\":516,\"height\":76,\"caption\":\"Diario Textual\"},\"image\":{\"@id\":\"https:\\\/\\\/diariotextual.com\\\/inicio\\\/#\\\/schema\\\/logo\\\/image\\\/\"},\"sameAs\":[\"https:\\\/\\\/www.facebook.com\\\/eltextual\",\"https:\\\/\\\/x.com\\\/eltextual\",\"http:\\\/\\\/www.instagram.com\\\/eltextual\"]},{\"@type\":\"Person\",\"@id\":\"https:\\\/\\\/diariotextual.com\\\/inicio\\\/#\\\/schema\\\/person\\\/418fc4093c33e86ed41562db3508f958\",\"name\":\"Diario1 Diario1\",\"image\":{\"@type\":\"ImageObject\",\"inLanguage\":\"es\",\"@id\":\"https:\\\/\\\/secure.gravatar.com\\\/avatar\\\/9167d280179c85bc18be67aa7eda765854300033af4896dd779b608640f2ef7a?s=96&d=mm&r=g\",\"url\":\"https:\\\/\\\/secure.gravatar.com\\\/avatar\\\/9167d280179c85bc18be67aa7eda765854300033af4896dd779b608640f2ef7a?s=96&d=mm&r=g\",\"contentUrl\":\"https:\\\/\\\/secure.gravatar.com\\\/avatar\\\/9167d280179c85bc18be67aa7eda765854300033af4896dd779b608640f2ef7a?s=96&d=mm&r=g\",\"caption\":\"Diario1 Diario1\"},\"url\":\"https:\\\/\\\/diariotextual.com\\\/inicio\\\/index.php\\\/author\\\/diario1\\\/\"}]}<\/script>\n<!-- \/ Yoast SEO plugin. -->","yoast_head_json":{"title":"Milei: \u201cEs cierto que el 70% de la gente dice que est\u00e1 peor\u201d - Diario Textual","robots":{"index":"index","follow":"follow","max-snippet":"max-snippet:-1","max-image-preview":"max-image-preview:large","max-video-preview":"max-video-preview:-1"},"canonical":"https:\/\/diariotextual.com\/inicio\/index.php\/2024\/03\/16\/milei-es-cierto-que-el-70-de-la-gente-dice-que-esta-peor\/","og_locale":"es_ES","og_type":"article","og_title":"Milei: \u201cEs cierto que el 70% de la gente dice que est\u00e1 peor\u201d - Diario Textual","og_description":"El presidente\u00a0Javier Milei admiti\u00f3 que el \u201c70% de la gente\u201d est\u00e1 \u201cpeor\u201d, confirm\u00f3 que \u201cprontamente\u201d llegar\u00e1 la nueva versi\u00f3n de la Ley \u00d3mnibus al Congreso, luego del traspi\u00e9 que tuvo&hellip;","og_url":"https:\/\/diariotextual.com\/inicio\/index.php\/2024\/03\/16\/milei-es-cierto-que-el-70-de-la-gente-dice-que-esta-peor\/","og_site_name":"Diario Textual","article_publisher":"https:\/\/www.facebook.com\/eltextual","article_published_time":"2024-03-16T20:22:28+00:00","article_modified_time":"2024-03-17T22:03:50+00:00","og_image":[{"width":1200,"height":675,"url":"https:\/\/diariotextual.com\/inicio\/wp-content\/uploads\/2023\/12\/mileijaviertelam2023-987.jpg","type":"image\/jpeg"}],"author":"Diario1 Diario1","twitter_card":"summary_large_image","twitter_creator":"@eltextual","twitter_site":"@eltextual","twitter_misc":{"Escrito por":"Diario1 Diario1","Tiempo de lectura":"2 minutos"},"schema":{"@context":"https:\/\/schema.org","@graph":[{"@type":"Article","@id":"https:\/\/diariotextual.com\/inicio\/index.php\/2024\/03\/16\/milei-es-cierto-que-el-70-de-la-gente-dice-que-esta-peor\/#article","isPartOf":{"@id":"https:\/\/diariotextual.com\/inicio\/index.php\/2024\/03\/16\/milei-es-cierto-que-el-70-de-la-gente-dice-que-esta-peor\/"},"author":{"name":"Diario1 Diario1","@id":"https:\/\/diariotextual.com\/inicio\/#\/schema\/person\/418fc4093c33e86ed41562db3508f958"},"headline":"Milei: \u201cEs cierto que el 70% de la gente dice que est\u00e1 peor\u201d","datePublished":"2024-03-16T20:22:28+00:00","dateModified":"2024-03-17T22:03:50+00:00","mainEntityOfPage":{"@id":"https:\/\/diariotextual.com\/inicio\/index.php\/2024\/03\/16\/milei-es-cierto-que-el-70-de-la-gente-dice-que-esta-peor\/"},"wordCount":360,"publisher":{"@id":"https:\/\/diariotextual.com\/inicio\/#organization"},"image":{"@id":"https:\/\/diariotextual.com\/inicio\/index.php\/2024\/03\/16\/milei-es-cierto-que-el-70-de-la-gente-dice-que-esta-peor\/#primaryimage"},"thumbnailUrl":"https:\/\/diariotextual.com\/inicio\/wp-content\/uploads\/2023\/12\/mileijaviertelam2023-987.jpg","articleSection":["A - ES NOTICIA (van abajo)","POLITICA"],"inLanguage":"es"},{"@type":"WebPage","@id":"https:\/\/diariotextual.com\/inicio\/index.php\/2024\/03\/16\/milei-es-cierto-que-el-70-de-la-gente-dice-que-esta-peor\/","url":"https:\/\/diariotextual.com\/inicio\/index.php\/2024\/03\/16\/milei-es-cierto-que-el-70-de-la-gente-dice-que-esta-peor\/","name":"Milei: \u201cEs cierto que el 70% de la gente dice que est\u00e1 peor\u201d - Diario Textual","isPartOf":{"@id":"https:\/\/diariotextual.com\/inicio\/#website"},"primaryImageOfPage":{"@id":"https:\/\/diariotextual.com\/inicio\/index.php\/2024\/03\/16\/milei-es-cierto-que-el-70-de-la-gente-dice-que-esta-peor\/#primaryimage"},"image":{"@id":"https:\/\/diariotextual.com\/inicio\/index.php\/2024\/03\/16\/milei-es-cierto-que-el-70-de-la-gente-dice-que-esta-peor\/#primaryimage"},"thumbnailUrl":"https:\/\/diariotextual.com\/inicio\/wp-content\/uploads\/2023\/12\/mileijaviertelam2023-987.jpg","datePublished":"2024-03-16T20:22:28+00:00","dateModified":"2024-03-17T22:03:50+00:00","breadcrumb":{"@id":"https:\/\/diariotextual.com\/inicio\/index.php\/2024\/03\/16\/milei-es-cierto-que-el-70-de-la-gente-dice-que-esta-peor\/#breadcrumb"},"inLanguage":"es","potentialAction":[{"@type":"ReadAction","target":["https:\/\/diariotextual.com\/inicio\/index.php\/2024\/03\/16\/milei-es-cierto-que-el-70-de-la-gente-dice-que-esta-peor\/"]}]},{"@type":"ImageObject","inLanguage":"es","@id":"https:\/\/diariotextual.com\/inicio\/index.php\/2024\/03\/16\/milei-es-cierto-que-el-70-de-la-gente-dice-que-esta-peor\/#primaryimage","url":"https:\/\/diariotextual.com\/inicio\/wp-content\/uploads\/2023\/12\/mileijaviertelam2023-987.jpg","contentUrl":"https:\/\/diariotextual.com\/inicio\/wp-content\/uploads\/2023\/12\/mileijaviertelam2023-987.jpg","width":1200,"height":675},{"@type":"BreadcrumbList","@id":"https:\/\/diariotextual.com\/inicio\/index.php\/2024\/03\/16\/milei-es-cierto-que-el-70-de-la-gente-dice-que-esta-peor\/#breadcrumb","itemListElement":[{"@type":"ListItem","position":1,"name":"Portada","item":"https:\/\/diariotextual.com\/inicio\/"},{"@type":"ListItem","position":2,"name":"Milei: \u201cEs cierto que el 70% de la gente dice que est\u00e1 peor\u201d"}]},{"@type":"WebSite","@id":"https:\/\/diariotextual.com\/inicio\/#website","url":"https:\/\/diariotextual.com\/inicio\/","name":"Diario Textual","description":"","publisher":{"@id":"https:\/\/diariotextual.com\/inicio\/#organization"},"potentialAction":[{"@type":"SearchAction","target":{"@type":"EntryPoint","urlTemplate":"https:\/\/diariotextual.com\/inicio\/?s={search_term_string}"},"query-input":{"@type":"PropertyValueSpecification","valueRequired":true,"valueName":"search_term_string"}}],"inLanguage":"es"},{"@type":"Organization","@id":"https:\/\/diariotextual.com\/inicio\/#organization","name":"Diario Textual","url":"https:\/\/diariotextual.com\/inicio\/","logo":{"@type":"ImageObject","inLanguage":"es","@id":"https:\/\/diariotextual.com\/inicio\/#\/schema\/logo\/image\/","url":"https:\/\/diariotextual.com\/inicio\/wp-content\/uploads\/2023\/05\/logotextual1.jpg","contentUrl":"https:\/\/diariotextual.com\/inicio\/wp-content\/uploads\/2023\/05\/logotextual1.jpg","width":516,"height":76,"caption":"Diario Textual"},"image":{"@id":"https:\/\/diariotextual.com\/inicio\/#\/schema\/logo\/image\/"},"sameAs":["https:\/\/www.facebook.com\/eltextual","https:\/\/x.com\/eltextual","http:\/\/www.instagram.com\/eltextual"]},{"@type":"Person","@id":"https:\/\/diariotextual.com\/inicio\/#\/schema\/person\/418fc4093c33e86ed41562db3508f958","name":"Diario1 Diario1","image":{"@type":"ImageObject","inLanguage":"es","@id":"https:\/\/secure.gravatar.com\/avatar\/9167d280179c85bc18be67aa7eda765854300033af4896dd779b608640f2ef7a?s=96&d=mm&r=g","url":"https:\/\/secure.gravatar.com\/avatar\/9167d280179c85bc18be67aa7eda765854300033af4896dd779b608640f2ef7a?s=96&d=mm&r=g","contentUrl":"https:\/\/secure.gravatar.com\/avatar\/9167d280179c85bc18be67aa7eda765854300033af4896dd779b608640f2ef7a?s=96&d=mm&r=g","caption":"Diario1 Diario1"},"url":"https:\/\/diariotextual.com\/inicio\/index.php\/author\/diario1\/"}]}},"_links":{"self":[{"href":"https:\/\/diariotextual.com\/inicio\/index.php\/wp-json\/wp\/v2\/posts\/257200","targetHints":{"allow":["GET"]}}],"collection":[{"href":"https:\/\/diariotextual.com\/inicio\/index.php\/wp-json\/wp\/v2\/posts"}],"about":[{"href":"https:\/\/diariotextual.com\/inicio\/index.php\/wp-json\/wp\/v2\/types\/post"}],"author":[{"embeddable":true,"href":"https:\/\/diariotextual.com\/inicio\/index.php\/wp-json\/wp\/v2\/users\/3"}],"replies":[{"embeddable":true,"href":"https:\/\/diariotextual.com\/inicio\/index.php\/wp-json\/wp\/v2\/comments?post=257200"}],"version-history":[{"count":1,"href":"https:\/\/diariotextual.com\/inicio\/index.php\/wp-json\/wp\/v2\/posts\/257200\/revisions"}],"predecessor-version":[{"id":257201,"href":"https:\/\/diariotextual.com\/inicio\/index.php\/wp-json\/wp\/v2\/posts\/257200\/revisions\/257201"}],"wp:featuredmedia":[{"embeddable":true,"href":"https:\/\/diariotextual.com\/inicio\/index.php\/wp-json\/wp\/v2\/media\/247331"}],"wp:attachment":[{"href":"https:\/\/diariotextual.com\/inicio\/index.php\/wp-json\/wp\/v2\/media?parent=257200"}],"wp:term":[{"taxonomy":"category","embeddable":true,"href":"https:\/\/diariotextual.com\/inicio\/index.php\/wp-json\/wp\/v2\/categories?post=257200"},{"taxonomy":"post_tag","embeddable":true,"href":"https:\/\/diariotextual.com\/inicio\/index.php\/wp-json\/wp\/v2\/tags?post=257200"}],"curies":[{"name":"wp","href":"https:\/\/api.w.org\/{rel}","templated":true}]}}