{"id":257246,"date":"2024-03-17T19:34:27","date_gmt":"2024-03-17T22:34:27","guid":{"rendered":"https:\/\/diariotextual.com\/inicio\/?p=257246"},"modified":"2024-03-18T06:49:43","modified_gmt":"2024-03-18T09:49:43","slug":"zuban-cordoba-57-tienen-imagen-negativa-del-gobierno-de-milei","status":"publish","type":"post","link":"https:\/\/diariotextual.com\/inicio\/index.php\/2024\/03\/17\/zuban-cordoba-57-tienen-imagen-negativa-del-gobierno-de-milei\/","title":{"rendered":"Zuban C\u00f3rdoba: el 57% tiene una imagen negativa del gobierno de Milei"},"content":{"rendered":"\n<p>En un extenso trabajo difundido este domingo, la consultora<strong> Zuban C\u00f3rdoba <\/strong>difundi\u00f3 un trabajo realizado entre el 7 y 9 de marzo de 2024 sobre 1.500 casos mediante la t\u00e9cnica de recolecci\u00f3n de datos CAWI con un +\/- 2,53% de error muestra. En la ocasi\u00f3n,<strong> el 57,3% tiene una imagen negativa del gobierno del presidente Javier Milei contra 42,3% de positiva y el resto no saben.<\/strong><\/p>\n\n\n\n<blockquote class=\"twitter-tweet\"><p lang=\"es\" dir=\"ltr\">&#x1f9ee;Arranc\u00f3 marzo, \u00bfC\u00f3mo est\u00e1 el term\u00f3metro social?<br>Acompa\u00f1anos a analizar la opini\u00f3n p\u00fablica en la era Milei<a href=\"https:\/\/twitter.com\/hashtag\/EncuestaArgentina?src=hash&amp;ref_src=twsrc%5Etfw\">#EncuestaArgentina<\/a><a href=\"https:\/\/twitter.com\/hashtag\/An%C3%A1lisisPol%C3%ADtico?src=hash&amp;ref_src=twsrc%5Etfw\">#An\u00e1lisisPol\u00edtico<\/a> <a href=\"https:\/\/t.co\/nFdEpAjDcv\">pic.twitter.com\/nFdEpAjDcv<\/a><\/p>&mdash; Zuban Cordoba (@Zuban_Cordoba) <a href=\"https:\/\/twitter.com\/Zuban_Cordoba\/status\/1769468355621089727?ref_src=twsrc%5Etfw\">March 17, 2024<\/a><\/blockquote> <script async src=\"https:\/\/platform.twitter.com\/widgets.js\" charset=\"utf-8\"><\/script>\n\n\n\n<p><\/p>\n\n\n\n<p>Pero si se observa las mediciones anteriores de la misma empresa, <strong>Milei y su gobierno siguen profundizando su mala gesti\u00f3n. <\/strong>En el mes de febrero, la imagen negativa era de 54,7% y ahora es de 57,3%; mientras que la positiva fue de 42,2% y ahora es de 42,7%.<\/p>\n\n\n\n<p>En tanto, las im\u00e1genes de diferentes pol\u00edticos tambi\u00e9n muestran signos negativos. Por ejemplo, la ministra de Seguridad, Patricia Bullrich, tiene un 58,6% de imagen negativa contra 41,2% de positiva; el exministro de Econom\u00eda, Sergio Massa, tiene 56,6% de negativa y 42% de positiva; la expresidenta Cristina Kirchner tiene 62,9% de negativa y 36,5% de positiva; el ministro de Econom\u00eda, Luis \u201cToto\u201d Caputo, tiene 60,4% de negativa y 36,2% de positiva; el expresidente Mauricio Macri entra con 56,6% de imagen negativa y 42% de positiva; la exgobernadora bonaerense Mar\u00eda Eugenia Vidal posee 58,6% de imagen negativa y 41,2% de positiva; y el diputado Miguel Pichetto tiene 62,9% de imagen negativa y 36,5% de positiva.<\/p>\n\n\n\n<p>En tanto, <strong>el 51,7% creen que los problemas econ\u00f3micos son responsabilidad del actual gobierno, mientras que el 46% apuntan al anterior y el resto no saben.<\/strong><\/p>\n\n\n\n<p>Por su parte<strong>, solo el 23,9% creen que el ajuste lo est\u00e9 pagando la pol\u00edtica contra el 71.6% que descreen de esa apreciaci\u00f3n y el resto no saben.<\/strong><\/p>\n\n\n\n<p>Desde que Milei es presidente, el 69,8% creen que su situaci\u00f3n econ\u00f3mica est\u00e1 peor, contra el 24,7% piensan que est\u00e1n igual que antes y solo el 5,4% creen que est\u00e1n mejor.<\/p>\n\n\n\n<p>Una pregunta que deber\u00eda preocupar fue, si pensando en la econom\u00eda personal del entrevistado piensa que vale la pena es sacrificio que hace con vistas al futuro, y all\u00ed el 54,7% piensa que no contra el 40,9% que creen por la positiva y el 4,4% no saben.<\/p>\n\n\n\n<p>En tanto, ante el cierre del INADI, el 47,9% dijo estar nada de acuerdo, el 6,2% un poco de acuerdo, mientras que el 39,4% est\u00e1 totalmente de acuerdo y el 6,1% est\u00e1 algo de acuerdo.<\/p>\n\n\n\n<p>En cuanto al cierre de T\u00e9lam, el 52,8% est\u00e1 nada de acuerdo, el 4,4% poco de acuerdo, el 37,7% totalmente de acuerdo y el 4,2%, algo de acuerdo.<\/p>\n\n\n\n<p>A su vez, sobre la eliminaci\u00f3n del incentivo docente, el 59,9% est\u00e1 nada de acuerdo, el 5,9% poco de acuerdo, el 19,2% est\u00e1 totalmente de acuerdo y el 12,8% algo de acuerdo.<\/p>\n\n\n\n<p><\/p>\n","protected":false},"excerpt":{"rendered":"<p>En un extenso trabajo difundido este domingo, la consultora Zuban C\u00f3rdoba difundi\u00f3 un trabajo realizado entre el 7 y 9 de marzo de 2024 sobre 1.500 casos mediante la t\u00e9cnica&hellip;<\/p>\n","protected":false},"author":3,"featured_media":248282,"comment_status":"closed","ping_status":"open","sticky":false,"template":"","format":"standard","meta":{"_acf_changed":false,"footnotes":""},"categories":[10,8],"tags":[],"class_list":["post-257246","post","type-post","status-publish","format-standard","has-post-thumbnail","hentry","category-portada-2","category-politica"],"acf":[],"yoast_head":"<!-- This site is optimized with the Yoast SEO plugin v27.5 - https:\/\/yoast.com\/product\/yoast-seo-wordpress\/ -->\n<title>Zuban C\u00f3rdoba: el 57% tiene una imagen negativa del gobierno de Milei - Diario Textual<\/title>\n<meta name=\"robots\" content=\"index, follow, max-snippet:-1, max-image-preview:large, max-video-preview:-1\" \/>\n<link rel=\"canonical\" href=\"https:\/\/diariotextual.com\/inicio\/index.php\/2024\/03\/17\/zuban-cordoba-57-tienen-imagen-negativa-del-gobierno-de-milei\/\" \/>\n<meta property=\"og:locale\" content=\"es_ES\" \/>\n<meta property=\"og:type\" content=\"article\" \/>\n<meta property=\"og:title\" content=\"Zuban C\u00f3rdoba: el 57% tiene una imagen negativa del gobierno de Milei - Diario Textual\" \/>\n<meta property=\"og:description\" content=\"En un extenso trabajo difundido este domingo, la consultora Zuban C\u00f3rdoba difundi\u00f3 un trabajo realizado entre el 7 y 9 de marzo de 2024 sobre 1.500 casos mediante la t\u00e9cnica&hellip;\" \/>\n<meta property=\"og:url\" content=\"https:\/\/diariotextual.com\/inicio\/index.php\/2024\/03\/17\/zuban-cordoba-57-tienen-imagen-negativa-del-gobierno-de-milei\/\" \/>\n<meta property=\"og:site_name\" content=\"Diario Textual\" \/>\n<meta property=\"article:publisher\" content=\"https:\/\/www.facebook.com\/eltextual\" \/>\n<meta property=\"article:published_time\" content=\"2024-03-17T22:34:27+00:00\" \/>\n<meta property=\"article:modified_time\" content=\"2024-03-18T09:49:43+00:00\" \/>\n<meta property=\"og:image\" content=\"https:\/\/diariotextual.com\/inicio\/wp-content\/uploads\/2023\/12\/mileijaviervillarruelvictoriaasuncion2023-12.jpeg\" \/>\n\t<meta property=\"og:image:width\" content=\"1170\" \/>\n\t<meta property=\"og:image:height\" content=\"780\" \/>\n\t<meta property=\"og:image:type\" content=\"image\/jpeg\" \/>\n<meta name=\"author\" content=\"Diario1 Diario1\" \/>\n<meta name=\"twitter:card\" content=\"summary_large_image\" \/>\n<meta name=\"twitter:creator\" content=\"@eltextual\" \/>\n<meta name=\"twitter:site\" content=\"@eltextual\" \/>\n<meta name=\"twitter:label1\" content=\"Escrito por\" \/>\n\t<meta name=\"twitter:data1\" content=\"Diario1 Diario1\" \/>\n\t<meta name=\"twitter:label2\" content=\"Tiempo de lectura\" \/>\n\t<meta name=\"twitter:data2\" content=\"3 minutos\" \/>\n<script type=\"application\/ld+json\" class=\"yoast-schema-graph\">{\"@context\":\"https:\\\/\\\/schema.org\",\"@graph\":[{\"@type\":\"Article\",\"@id\":\"https:\\\/\\\/diariotextual.com\\\/inicio\\\/index.php\\\/2024\\\/03\\\/17\\\/zuban-cordoba-57-tienen-imagen-negativa-del-gobierno-de-milei\\\/#article\",\"isPartOf\":{\"@id\":\"https:\\\/\\\/diariotextual.com\\\/inicio\\\/index.php\\\/2024\\\/03\\\/17\\\/zuban-cordoba-57-tienen-imagen-negativa-del-gobierno-de-milei\\\/\"},\"author\":{\"name\":\"Diario1 Diario1\",\"@id\":\"https:\\\/\\\/diariotextual.com\\\/inicio\\\/#\\\/schema\\\/person\\\/418fc4093c33e86ed41562db3508f958\"},\"headline\":\"Zuban C\u00f3rdoba: el 57% tiene una imagen negativa del gobierno de Milei\",\"datePublished\":\"2024-03-17T22:34:27+00:00\",\"dateModified\":\"2024-03-18T09:49:43+00:00\",\"mainEntityOfPage\":{\"@id\":\"https:\\\/\\\/diariotextual.com\\\/inicio\\\/index.php\\\/2024\\\/03\\\/17\\\/zuban-cordoba-57-tienen-imagen-negativa-del-gobierno-de-milei\\\/\"},\"wordCount\":480,\"publisher\":{\"@id\":\"https:\\\/\\\/diariotextual.com\\\/inicio\\\/#organization\"},\"image\":{\"@id\":\"https:\\\/\\\/diariotextual.com\\\/inicio\\\/index.php\\\/2024\\\/03\\\/17\\\/zuban-cordoba-57-tienen-imagen-negativa-del-gobierno-de-milei\\\/#primaryimage\"},\"thumbnailUrl\":\"https:\\\/\\\/diariotextual.com\\\/inicio\\\/wp-content\\\/uploads\\\/2023\\\/12\\\/mileijaviervillarruelvictoriaasuncion2023-12.jpeg\",\"articleSection\":[\"A - PORTADA2\",\"POLITICA\"],\"inLanguage\":\"es\"},{\"@type\":\"WebPage\",\"@id\":\"https:\\\/\\\/diariotextual.com\\\/inicio\\\/index.php\\\/2024\\\/03\\\/17\\\/zuban-cordoba-57-tienen-imagen-negativa-del-gobierno-de-milei\\\/\",\"url\":\"https:\\\/\\\/diariotextual.com\\\/inicio\\\/index.php\\\/2024\\\/03\\\/17\\\/zuban-cordoba-57-tienen-imagen-negativa-del-gobierno-de-milei\\\/\",\"name\":\"Zuban C\u00f3rdoba: el 57% tiene una imagen negativa del gobierno de Milei - Diario Textual\",\"isPartOf\":{\"@id\":\"https:\\\/\\\/diariotextual.com\\\/inicio\\\/#website\"},\"primaryImageOfPage\":{\"@id\":\"https:\\\/\\\/diariotextual.com\\\/inicio\\\/index.php\\\/2024\\\/03\\\/17\\\/zuban-cordoba-57-tienen-imagen-negativa-del-gobierno-de-milei\\\/#primaryimage\"},\"image\":{\"@id\":\"https:\\\/\\\/diariotextual.com\\\/inicio\\\/index.php\\\/2024\\\/03\\\/17\\\/zuban-cordoba-57-tienen-imagen-negativa-del-gobierno-de-milei\\\/#primaryimage\"},\"thumbnailUrl\":\"https:\\\/\\\/diariotextual.com\\\/inicio\\\/wp-content\\\/uploads\\\/2023\\\/12\\\/mileijaviervillarruelvictoriaasuncion2023-12.jpeg\",\"datePublished\":\"2024-03-17T22:34:27+00:00\",\"dateModified\":\"2024-03-18T09:49:43+00:00\",\"breadcrumb\":{\"@id\":\"https:\\\/\\\/diariotextual.com\\\/inicio\\\/index.php\\\/2024\\\/03\\\/17\\\/zuban-cordoba-57-tienen-imagen-negativa-del-gobierno-de-milei\\\/#breadcrumb\"},\"inLanguage\":\"es\",\"potentialAction\":[{\"@type\":\"ReadAction\",\"target\":[\"https:\\\/\\\/diariotextual.com\\\/inicio\\\/index.php\\\/2024\\\/03\\\/17\\\/zuban-cordoba-57-tienen-imagen-negativa-del-gobierno-de-milei\\\/\"]}]},{\"@type\":\"ImageObject\",\"inLanguage\":\"es\",\"@id\":\"https:\\\/\\\/diariotextual.com\\\/inicio\\\/index.php\\\/2024\\\/03\\\/17\\\/zuban-cordoba-57-tienen-imagen-negativa-del-gobierno-de-milei\\\/#primaryimage\",\"url\":\"https:\\\/\\\/diariotextual.com\\\/inicio\\\/wp-content\\\/uploads\\\/2023\\\/12\\\/mileijaviervillarruelvictoriaasuncion2023-12.jpeg\",\"contentUrl\":\"https:\\\/\\\/diariotextual.com\\\/inicio\\\/wp-content\\\/uploads\\\/2023\\\/12\\\/mileijaviervillarruelvictoriaasuncion2023-12.jpeg\",\"width\":1170,\"height\":780},{\"@type\":\"BreadcrumbList\",\"@id\":\"https:\\\/\\\/diariotextual.com\\\/inicio\\\/index.php\\\/2024\\\/03\\\/17\\\/zuban-cordoba-57-tienen-imagen-negativa-del-gobierno-de-milei\\\/#breadcrumb\",\"itemListElement\":[{\"@type\":\"ListItem\",\"position\":1,\"name\":\"Portada\",\"item\":\"https:\\\/\\\/diariotextual.com\\\/inicio\\\/\"},{\"@type\":\"ListItem\",\"position\":2,\"name\":\"Zuban C\u00f3rdoba: el 57% tiene una imagen negativa del gobierno de Milei\"}]},{\"@type\":\"WebSite\",\"@id\":\"https:\\\/\\\/diariotextual.com\\\/inicio\\\/#website\",\"url\":\"https:\\\/\\\/diariotextual.com\\\/inicio\\\/\",\"name\":\"Diario Textual\",\"description\":\"\",\"publisher\":{\"@id\":\"https:\\\/\\\/diariotextual.com\\\/inicio\\\/#organization\"},\"potentialAction\":[{\"@type\":\"SearchAction\",\"target\":{\"@type\":\"EntryPoint\",\"urlTemplate\":\"https:\\\/\\\/diariotextual.com\\\/inicio\\\/?s={search_term_string}\"},\"query-input\":{\"@type\":\"PropertyValueSpecification\",\"valueRequired\":true,\"valueName\":\"search_term_string\"}}],\"inLanguage\":\"es\"},{\"@type\":\"Organization\",\"@id\":\"https:\\\/\\\/diariotextual.com\\\/inicio\\\/#organization\",\"name\":\"Diario Textual\",\"url\":\"https:\\\/\\\/diariotextual.com\\\/inicio\\\/\",\"logo\":{\"@type\":\"ImageObject\",\"inLanguage\":\"es\",\"@id\":\"https:\\\/\\\/diariotextual.com\\\/inicio\\\/#\\\/schema\\\/logo\\\/image\\\/\",\"url\":\"https:\\\/\\\/diariotextual.com\\\/inicio\\\/wp-content\\\/uploads\\\/2023\\\/05\\\/logotextual1.jpg\",\"contentUrl\":\"https:\\\/\\\/diariotextual.com\\\/inicio\\\/wp-content\\\/uploads\\\/2023\\\/05\\\/logotextual1.jpg\",\"width\":516,\"height\":76,\"caption\":\"Diario Textual\"},\"image\":{\"@id\":\"https:\\\/\\\/diariotextual.com\\\/inicio\\\/#\\\/schema\\\/logo\\\/image\\\/\"},\"sameAs\":[\"https:\\\/\\\/www.facebook.com\\\/eltextual\",\"https:\\\/\\\/x.com\\\/eltextual\",\"http:\\\/\\\/www.instagram.com\\\/eltextual\"]},{\"@type\":\"Person\",\"@id\":\"https:\\\/\\\/diariotextual.com\\\/inicio\\\/#\\\/schema\\\/person\\\/418fc4093c33e86ed41562db3508f958\",\"name\":\"Diario1 Diario1\",\"image\":{\"@type\":\"ImageObject\",\"inLanguage\":\"es\",\"@id\":\"https:\\\/\\\/secure.gravatar.com\\\/avatar\\\/9167d280179c85bc18be67aa7eda765854300033af4896dd779b608640f2ef7a?s=96&d=mm&r=g\",\"url\":\"https:\\\/\\\/secure.gravatar.com\\\/avatar\\\/9167d280179c85bc18be67aa7eda765854300033af4896dd779b608640f2ef7a?s=96&d=mm&r=g\",\"contentUrl\":\"https:\\\/\\\/secure.gravatar.com\\\/avatar\\\/9167d280179c85bc18be67aa7eda765854300033af4896dd779b608640f2ef7a?s=96&d=mm&r=g\",\"caption\":\"Diario1 Diario1\"},\"url\":\"https:\\\/\\\/diariotextual.com\\\/inicio\\\/index.php\\\/author\\\/diario1\\\/\"}]}<\/script>\n<!-- \/ Yoast SEO plugin. -->","yoast_head_json":{"title":"Zuban C\u00f3rdoba: el 57% tiene una imagen negativa del gobierno de Milei - Diario Textual","robots":{"index":"index","follow":"follow","max-snippet":"max-snippet:-1","max-image-preview":"max-image-preview:large","max-video-preview":"max-video-preview:-1"},"canonical":"https:\/\/diariotextual.com\/inicio\/index.php\/2024\/03\/17\/zuban-cordoba-57-tienen-imagen-negativa-del-gobierno-de-milei\/","og_locale":"es_ES","og_type":"article","og_title":"Zuban C\u00f3rdoba: el 57% tiene una imagen negativa del gobierno de Milei - Diario Textual","og_description":"En un extenso trabajo difundido este domingo, la consultora Zuban C\u00f3rdoba difundi\u00f3 un trabajo realizado entre el 7 y 9 de marzo de 2024 sobre 1.500 casos mediante la t\u00e9cnica&hellip;","og_url":"https:\/\/diariotextual.com\/inicio\/index.php\/2024\/03\/17\/zuban-cordoba-57-tienen-imagen-negativa-del-gobierno-de-milei\/","og_site_name":"Diario Textual","article_publisher":"https:\/\/www.facebook.com\/eltextual","article_published_time":"2024-03-17T22:34:27+00:00","article_modified_time":"2024-03-18T09:49:43+00:00","og_image":[{"width":1170,"height":780,"url":"https:\/\/diariotextual.com\/inicio\/wp-content\/uploads\/2023\/12\/mileijaviervillarruelvictoriaasuncion2023-12.jpeg","type":"image\/jpeg"}],"author":"Diario1 Diario1","twitter_card":"summary_large_image","twitter_creator":"@eltextual","twitter_site":"@eltextual","twitter_misc":{"Escrito por":"Diario1 Diario1","Tiempo de lectura":"3 minutos"},"schema":{"@context":"https:\/\/schema.org","@graph":[{"@type":"Article","@id":"https:\/\/diariotextual.com\/inicio\/index.php\/2024\/03\/17\/zuban-cordoba-57-tienen-imagen-negativa-del-gobierno-de-milei\/#article","isPartOf":{"@id":"https:\/\/diariotextual.com\/inicio\/index.php\/2024\/03\/17\/zuban-cordoba-57-tienen-imagen-negativa-del-gobierno-de-milei\/"},"author":{"name":"Diario1 Diario1","@id":"https:\/\/diariotextual.com\/inicio\/#\/schema\/person\/418fc4093c33e86ed41562db3508f958"},"headline":"Zuban C\u00f3rdoba: el 57% tiene una imagen negativa del gobierno de Milei","datePublished":"2024-03-17T22:34:27+00:00","dateModified":"2024-03-18T09:49:43+00:00","mainEntityOfPage":{"@id":"https:\/\/diariotextual.com\/inicio\/index.php\/2024\/03\/17\/zuban-cordoba-57-tienen-imagen-negativa-del-gobierno-de-milei\/"},"wordCount":480,"publisher":{"@id":"https:\/\/diariotextual.com\/inicio\/#organization"},"image":{"@id":"https:\/\/diariotextual.com\/inicio\/index.php\/2024\/03\/17\/zuban-cordoba-57-tienen-imagen-negativa-del-gobierno-de-milei\/#primaryimage"},"thumbnailUrl":"https:\/\/diariotextual.com\/inicio\/wp-content\/uploads\/2023\/12\/mileijaviervillarruelvictoriaasuncion2023-12.jpeg","articleSection":["A - PORTADA2","POLITICA"],"inLanguage":"es"},{"@type":"WebPage","@id":"https:\/\/diariotextual.com\/inicio\/index.php\/2024\/03\/17\/zuban-cordoba-57-tienen-imagen-negativa-del-gobierno-de-milei\/","url":"https:\/\/diariotextual.com\/inicio\/index.php\/2024\/03\/17\/zuban-cordoba-57-tienen-imagen-negativa-del-gobierno-de-milei\/","name":"Zuban C\u00f3rdoba: el 57% tiene una imagen negativa del gobierno de Milei - Diario Textual","isPartOf":{"@id":"https:\/\/diariotextual.com\/inicio\/#website"},"primaryImageOfPage":{"@id":"https:\/\/diariotextual.com\/inicio\/index.php\/2024\/03\/17\/zuban-cordoba-57-tienen-imagen-negativa-del-gobierno-de-milei\/#primaryimage"},"image":{"@id":"https:\/\/diariotextual.com\/inicio\/index.php\/2024\/03\/17\/zuban-cordoba-57-tienen-imagen-negativa-del-gobierno-de-milei\/#primaryimage"},"thumbnailUrl":"https:\/\/diariotextual.com\/inicio\/wp-content\/uploads\/2023\/12\/mileijaviervillarruelvictoriaasuncion2023-12.jpeg","datePublished":"2024-03-17T22:34:27+00:00","dateModified":"2024-03-18T09:49:43+00:00","breadcrumb":{"@id":"https:\/\/diariotextual.com\/inicio\/index.php\/2024\/03\/17\/zuban-cordoba-57-tienen-imagen-negativa-del-gobierno-de-milei\/#breadcrumb"},"inLanguage":"es","potentialAction":[{"@type":"ReadAction","target":["https:\/\/diariotextual.com\/inicio\/index.php\/2024\/03\/17\/zuban-cordoba-57-tienen-imagen-negativa-del-gobierno-de-milei\/"]}]},{"@type":"ImageObject","inLanguage":"es","@id":"https:\/\/diariotextual.com\/inicio\/index.php\/2024\/03\/17\/zuban-cordoba-57-tienen-imagen-negativa-del-gobierno-de-milei\/#primaryimage","url":"https:\/\/diariotextual.com\/inicio\/wp-content\/uploads\/2023\/12\/mileijaviervillarruelvictoriaasuncion2023-12.jpeg","contentUrl":"https:\/\/diariotextual.com\/inicio\/wp-content\/uploads\/2023\/12\/mileijaviervillarruelvictoriaasuncion2023-12.jpeg","width":1170,"height":780},{"@type":"BreadcrumbList","@id":"https:\/\/diariotextual.com\/inicio\/index.php\/2024\/03\/17\/zuban-cordoba-57-tienen-imagen-negativa-del-gobierno-de-milei\/#breadcrumb","itemListElement":[{"@type":"ListItem","position":1,"name":"Portada","item":"https:\/\/diariotextual.com\/inicio\/"},{"@type":"ListItem","position":2,"name":"Zuban C\u00f3rdoba: el 57% tiene una imagen negativa del gobierno de Milei"}]},{"@type":"WebSite","@id":"https:\/\/diariotextual.com\/inicio\/#website","url":"https:\/\/diariotextual.com\/inicio\/","name":"Diario Textual","description":"","publisher":{"@id":"https:\/\/diariotextual.com\/inicio\/#organization"},"potentialAction":[{"@type":"SearchAction","target":{"@type":"EntryPoint","urlTemplate":"https:\/\/diariotextual.com\/inicio\/?s={search_term_string}"},"query-input":{"@type":"PropertyValueSpecification","valueRequired":true,"valueName":"search_term_string"}}],"inLanguage":"es"},{"@type":"Organization","@id":"https:\/\/diariotextual.com\/inicio\/#organization","name":"Diario Textual","url":"https:\/\/diariotextual.com\/inicio\/","logo":{"@type":"ImageObject","inLanguage":"es","@id":"https:\/\/diariotextual.com\/inicio\/#\/schema\/logo\/image\/","url":"https:\/\/diariotextual.com\/inicio\/wp-content\/uploads\/2023\/05\/logotextual1.jpg","contentUrl":"https:\/\/diariotextual.com\/inicio\/wp-content\/uploads\/2023\/05\/logotextual1.jpg","width":516,"height":76,"caption":"Diario Textual"},"image":{"@id":"https:\/\/diariotextual.com\/inicio\/#\/schema\/logo\/image\/"},"sameAs":["https:\/\/www.facebook.com\/eltextual","https:\/\/x.com\/eltextual","http:\/\/www.instagram.com\/eltextual"]},{"@type":"Person","@id":"https:\/\/diariotextual.com\/inicio\/#\/schema\/person\/418fc4093c33e86ed41562db3508f958","name":"Diario1 Diario1","image":{"@type":"ImageObject","inLanguage":"es","@id":"https:\/\/secure.gravatar.com\/avatar\/9167d280179c85bc18be67aa7eda765854300033af4896dd779b608640f2ef7a?s=96&d=mm&r=g","url":"https:\/\/secure.gravatar.com\/avatar\/9167d280179c85bc18be67aa7eda765854300033af4896dd779b608640f2ef7a?s=96&d=mm&r=g","contentUrl":"https:\/\/secure.gravatar.com\/avatar\/9167d280179c85bc18be67aa7eda765854300033af4896dd779b608640f2ef7a?s=96&d=mm&r=g","caption":"Diario1 Diario1"},"url":"https:\/\/diariotextual.com\/inicio\/index.php\/author\/diario1\/"}]}},"_links":{"self":[{"href":"https:\/\/diariotextual.com\/inicio\/index.php\/wp-json\/wp\/v2\/posts\/257246","targetHints":{"allow":["GET"]}}],"collection":[{"href":"https:\/\/diariotextual.com\/inicio\/index.php\/wp-json\/wp\/v2\/posts"}],"about":[{"href":"https:\/\/diariotextual.com\/inicio\/index.php\/wp-json\/wp\/v2\/types\/post"}],"author":[{"embeddable":true,"href":"https:\/\/diariotextual.com\/inicio\/index.php\/wp-json\/wp\/v2\/users\/3"}],"replies":[{"embeddable":true,"href":"https:\/\/diariotextual.com\/inicio\/index.php\/wp-json\/wp\/v2\/comments?post=257246"}],"version-history":[{"count":4,"href":"https:\/\/diariotextual.com\/inicio\/index.php\/wp-json\/wp\/v2\/posts\/257246\/revisions"}],"predecessor-version":[{"id":257250,"href":"https:\/\/diariotextual.com\/inicio\/index.php\/wp-json\/wp\/v2\/posts\/257246\/revisions\/257250"}],"wp:featuredmedia":[{"embeddable":true,"href":"https:\/\/diariotextual.com\/inicio\/index.php\/wp-json\/wp\/v2\/media\/248282"}],"wp:attachment":[{"href":"https:\/\/diariotextual.com\/inicio\/index.php\/wp-json\/wp\/v2\/media?parent=257246"}],"wp:term":[{"taxonomy":"category","embeddable":true,"href":"https:\/\/diariotextual.com\/inicio\/index.php\/wp-json\/wp\/v2\/categories?post=257246"},{"taxonomy":"post_tag","embeddable":true,"href":"https:\/\/diariotextual.com\/inicio\/index.php\/wp-json\/wp\/v2\/tags?post=257246"}],"curies":[{"name":"wp","href":"https:\/\/api.w.org\/{rel}","templated":true}]}}