{"id":257256,"date":"2024-03-17T21:38:04","date_gmt":"2024-03-18T00:38:04","guid":{"rendered":"https:\/\/diariotextual.com\/inicio\/?p=257256"},"modified":"2024-03-18T07:01:05","modified_gmt":"2024-03-18T10:01:05","slug":"milei-si-no-se-aprueba-la-ley-omnibus-no-tiene-sentido-el-pacto-de-mayo","status":"publish","type":"post","link":"https:\/\/diariotextual.com\/inicio\/index.php\/2024\/03\/17\/milei-si-no-se-aprueba-la-ley-omnibus-no-tiene-sentido-el-pacto-de-mayo\/","title":{"rendered":"Milei: \u201cSi no se aprueba la ley \u00f3mnibus, no tiene sentido el Pacto de Mayo\u201d"},"content":{"rendered":"\n<p>El presidente&nbsp;<strong>Javier Milei<\/strong>&nbsp;defendi\u00f3 este domingo las reformas econ\u00f3micas que volver\u00e1 a enviar al Congreso pr\u00f3ximamente y, en medio de las negociaciones, les hizo una advertencia a los gobernadores. \u201cSi no se aprueba la ley \u00f3mnibus, no tiene sentido el Pacto de Mayo\u201d, dijo.<\/p>\n\n\n\n<p>Durante una extensa entrevista televisiva, el mandatario nacional tambi\u00e9n ratific\u00f3 sus cuestionamientos a la suba de impuestos que dispuso el gobierno de la provincia de Buenos Aires, y critic\u00f3 al gobernador Axel Kicillof, al se\u00f1alar que la medida plante\u00f3 subas exorbitantes en los tributos, y la calific\u00f3 como expropiatoria.<\/p>\n\n\n\n<p>El jefe de Estado asegur\u00f3 estar \u201ctotalmente de acuerdo\u201d, con la posici\u00f3n que hab\u00eda adelantado el diputado nacional de La Libertad Avanza, Jos\u00e9 Luis Espert, aliado de su gesti\u00f3n, quien hab\u00eda llamado a desobedecer el pago de las subas dispuestas por la gesti\u00f3n Kicillof. \u201cEl profesor Espert tiene un buen punto\u201d, se\u00f1al\u00f3 Milei, en di\u00e1logo con el periodista Luis Majul para LN+.<\/p>\n\n\n\n<p>\u201cEs expropiatorio, no tiene contrapartida de bienes p\u00fablicos. Kicillof no da nada, en t\u00e9rminos de seguridad, la provincia es un ba\u00f1o de sangre; en educaci\u00f3n, los rendimientos de los alumnos son verdaderamente paup\u00e9rrimos; en la salud, ya vimos la estafa del Estado presente durante la pandemia, en la que, si hubi\u00e9ramos hecho las cosas como un pa\u00eds mediocre hubi\u00e9ramos tenido 30 mil muertos, y tuvimos 130 mil\u201d, reiter\u00f3 el presidente.<\/p>\n\n\n\n<p>En esa l\u00ednea de razonamiento, Milei dijo que la disposici\u00f3n del gobierno bonaerense podr\u00eda desatar una crisis \u201csimilar a la que gener\u00f3 la 125\u201d, en alusi\u00f3n a la resoluci\u00f3n del a\u00f1o 2007 que sub\u00eda las retenciones agropecuarias y gener\u00f3 una crisis de magnitud entre el entonces gobierno de Cristina Kirchner y el campo.<\/p>\n\n\n\n<p>\u201cQu\u00e9 casualidad, por eso digo que Lousteau y Kicillof son similares. De hecho, muchas de las grandes rebeliones y situaciones m\u00e1s complicadas en la historia de la humanidad, tienen que ver con cuestiones fiscales\u201d, agreg\u00f3.<\/p>\n\n\n\n<p>Con iron\u00eda, el presidente compar\u00f3 a Kicillof con el senador Mart\u00edn Lousteau, presidente de la Uni\u00f3n C\u00edvica Radical y uno de los principales dirigentes opositores. \u201cEs un camale\u00f3n. Una suerte de incompetente sistem\u00e1tico, tipo Kicillof, solo que m\u00e1s educado, con mejores formas\u201d, afirm\u00f3.<\/p>\n\n\n\n<p>Por otra parte, Milei minimiz\u00f3 el rechazo en el Senado al DNU que firm\u00f3 a los pocos d\u00edas de haber asumido en el cargo. \u201cEs algo que estaba contemplado dentro de los resultados posibles\u201d, dijo.<\/p>\n\n\n\n<p>\u201cNosotros sab\u00edamos que esto era algo altamente probable que pasara. Nosotros tenemos 7 senadores, por lo tanto, era esperable que pasara algo as\u00ed. A pesar de eso, hay un aspecto muy positivo: conseguimos 25 votos, es decir, logramos hacer un trabajo para sumar voluntades y de los orcos uno no puede esperar m\u00e1s que actitudes de orcos. Despu\u00e9s hay otros que prefieren defender sus intereses de casta que la de los argentinos\u201d, se\u00f1al\u00f3.<\/p>\n","protected":false},"excerpt":{"rendered":"<p>El presidente&nbsp;Javier Milei&nbsp;defendi\u00f3 este domingo las reformas econ\u00f3micas que volver\u00e1 a enviar al Congreso pr\u00f3ximamente y, en medio de las negociaciones, les hizo una advertencia a los gobernadores. \u201cSi no&hellip;<\/p>\n","protected":false},"author":3,"featured_media":252083,"comment_status":"closed","ping_status":"open","sticky":false,"template":"","format":"standard","meta":{"_acf_changed":false,"footnotes":""},"categories":[1,8],"tags":[],"class_list":["post-257256","post","type-post","status-publish","format-standard","has-post-thumbnail","hentry","category-es-noticia","category-politica"],"acf":[],"yoast_head":"<!-- This site is optimized with the Yoast SEO plugin v27.5 - https:\/\/yoast.com\/product\/yoast-seo-wordpress\/ -->\n<title>Milei: \u201cSi no se aprueba la ley \u00f3mnibus, no tiene sentido el Pacto de Mayo\u201d - Diario Textual<\/title>\n<meta name=\"robots\" content=\"index, follow, max-snippet:-1, max-image-preview:large, max-video-preview:-1\" \/>\n<link rel=\"canonical\" href=\"https:\/\/diariotextual.com\/inicio\/index.php\/2024\/03\/17\/milei-si-no-se-aprueba-la-ley-omnibus-no-tiene-sentido-el-pacto-de-mayo\/\" \/>\n<meta property=\"og:locale\" content=\"es_ES\" \/>\n<meta property=\"og:type\" content=\"article\" \/>\n<meta property=\"og:title\" content=\"Milei: \u201cSi no se aprueba la ley \u00f3mnibus, no tiene sentido el Pacto de Mayo\u201d - Diario Textual\" \/>\n<meta property=\"og:description\" content=\"El presidente&nbsp;Javier Milei&nbsp;defendi\u00f3 este domingo las reformas econ\u00f3micas que volver\u00e1 a enviar al Congreso pr\u00f3ximamente y, en medio de las negociaciones, les hizo una advertencia a los gobernadores. \u201cSi no&hellip;\" \/>\n<meta property=\"og:url\" content=\"https:\/\/diariotextual.com\/inicio\/index.php\/2024\/03\/17\/milei-si-no-se-aprueba-la-ley-omnibus-no-tiene-sentido-el-pacto-de-mayo\/\" \/>\n<meta property=\"og:site_name\" content=\"Diario Textual\" \/>\n<meta property=\"article:publisher\" content=\"https:\/\/www.facebook.com\/eltextual\" \/>\n<meta property=\"article:published_time\" content=\"2024-03-18T00:38:04+00:00\" \/>\n<meta property=\"article:modified_time\" content=\"2024-03-18T10:01:05+00:00\" \/>\n<meta property=\"og:image\" content=\"https:\/\/diariotextual.com\/inicio\/wp-content\/uploads\/2024\/01\/mileijavier2024-55544.jpg\" \/>\n\t<meta property=\"og:image:width\" content=\"1139\" \/>\n\t<meta property=\"og:image:height\" content=\"720\" \/>\n\t<meta property=\"og:image:type\" content=\"image\/jpeg\" \/>\n<meta name=\"author\" content=\"Diario1 Diario1\" \/>\n<meta name=\"twitter:card\" content=\"summary_large_image\" \/>\n<meta name=\"twitter:creator\" content=\"@eltextual\" \/>\n<meta name=\"twitter:site\" content=\"@eltextual\" \/>\n<meta name=\"twitter:label1\" content=\"Escrito por\" \/>\n\t<meta name=\"twitter:data1\" content=\"Diario1 Diario1\" \/>\n\t<meta name=\"twitter:label2\" content=\"Tiempo de lectura\" \/>\n\t<meta name=\"twitter:data2\" content=\"3 minutos\" \/>\n<script type=\"application\/ld+json\" class=\"yoast-schema-graph\">{\"@context\":\"https:\\\/\\\/schema.org\",\"@graph\":[{\"@type\":\"Article\",\"@id\":\"https:\\\/\\\/diariotextual.com\\\/inicio\\\/index.php\\\/2024\\\/03\\\/17\\\/milei-si-no-se-aprueba-la-ley-omnibus-no-tiene-sentido-el-pacto-de-mayo\\\/#article\",\"isPartOf\":{\"@id\":\"https:\\\/\\\/diariotextual.com\\\/inicio\\\/index.php\\\/2024\\\/03\\\/17\\\/milei-si-no-se-aprueba-la-ley-omnibus-no-tiene-sentido-el-pacto-de-mayo\\\/\"},\"author\":{\"name\":\"Diario1 Diario1\",\"@id\":\"https:\\\/\\\/diariotextual.com\\\/inicio\\\/#\\\/schema\\\/person\\\/418fc4093c33e86ed41562db3508f958\"},\"headline\":\"Milei: \u201cSi no se aprueba la ley \u00f3mnibus, no tiene sentido el Pacto de Mayo\u201d\",\"datePublished\":\"2024-03-18T00:38:04+00:00\",\"dateModified\":\"2024-03-18T10:01:05+00:00\",\"mainEntityOfPage\":{\"@id\":\"https:\\\/\\\/diariotextual.com\\\/inicio\\\/index.php\\\/2024\\\/03\\\/17\\\/milei-si-no-se-aprueba-la-ley-omnibus-no-tiene-sentido-el-pacto-de-mayo\\\/\"},\"wordCount\":515,\"publisher\":{\"@id\":\"https:\\\/\\\/diariotextual.com\\\/inicio\\\/#organization\"},\"image\":{\"@id\":\"https:\\\/\\\/diariotextual.com\\\/inicio\\\/index.php\\\/2024\\\/03\\\/17\\\/milei-si-no-se-aprueba-la-ley-omnibus-no-tiene-sentido-el-pacto-de-mayo\\\/#primaryimage\"},\"thumbnailUrl\":\"https:\\\/\\\/diariotextual.com\\\/inicio\\\/wp-content\\\/uploads\\\/2024\\\/01\\\/mileijavier2024-55544.jpg\",\"articleSection\":[\"A - ES NOTICIA (van abajo)\",\"POLITICA\"],\"inLanguage\":\"es\"},{\"@type\":\"WebPage\",\"@id\":\"https:\\\/\\\/diariotextual.com\\\/inicio\\\/index.php\\\/2024\\\/03\\\/17\\\/milei-si-no-se-aprueba-la-ley-omnibus-no-tiene-sentido-el-pacto-de-mayo\\\/\",\"url\":\"https:\\\/\\\/diariotextual.com\\\/inicio\\\/index.php\\\/2024\\\/03\\\/17\\\/milei-si-no-se-aprueba-la-ley-omnibus-no-tiene-sentido-el-pacto-de-mayo\\\/\",\"name\":\"Milei: \u201cSi no se aprueba la ley \u00f3mnibus, no tiene sentido el Pacto de Mayo\u201d - Diario Textual\",\"isPartOf\":{\"@id\":\"https:\\\/\\\/diariotextual.com\\\/inicio\\\/#website\"},\"primaryImageOfPage\":{\"@id\":\"https:\\\/\\\/diariotextual.com\\\/inicio\\\/index.php\\\/2024\\\/03\\\/17\\\/milei-si-no-se-aprueba-la-ley-omnibus-no-tiene-sentido-el-pacto-de-mayo\\\/#primaryimage\"},\"image\":{\"@id\":\"https:\\\/\\\/diariotextual.com\\\/inicio\\\/index.php\\\/2024\\\/03\\\/17\\\/milei-si-no-se-aprueba-la-ley-omnibus-no-tiene-sentido-el-pacto-de-mayo\\\/#primaryimage\"},\"thumbnailUrl\":\"https:\\\/\\\/diariotextual.com\\\/inicio\\\/wp-content\\\/uploads\\\/2024\\\/01\\\/mileijavier2024-55544.jpg\",\"datePublished\":\"2024-03-18T00:38:04+00:00\",\"dateModified\":\"2024-03-18T10:01:05+00:00\",\"breadcrumb\":{\"@id\":\"https:\\\/\\\/diariotextual.com\\\/inicio\\\/index.php\\\/2024\\\/03\\\/17\\\/milei-si-no-se-aprueba-la-ley-omnibus-no-tiene-sentido-el-pacto-de-mayo\\\/#breadcrumb\"},\"inLanguage\":\"es\",\"potentialAction\":[{\"@type\":\"ReadAction\",\"target\":[\"https:\\\/\\\/diariotextual.com\\\/inicio\\\/index.php\\\/2024\\\/03\\\/17\\\/milei-si-no-se-aprueba-la-ley-omnibus-no-tiene-sentido-el-pacto-de-mayo\\\/\"]}]},{\"@type\":\"ImageObject\",\"inLanguage\":\"es\",\"@id\":\"https:\\\/\\\/diariotextual.com\\\/inicio\\\/index.php\\\/2024\\\/03\\\/17\\\/milei-si-no-se-aprueba-la-ley-omnibus-no-tiene-sentido-el-pacto-de-mayo\\\/#primaryimage\",\"url\":\"https:\\\/\\\/diariotextual.com\\\/inicio\\\/wp-content\\\/uploads\\\/2024\\\/01\\\/mileijavier2024-55544.jpg\",\"contentUrl\":\"https:\\\/\\\/diariotextual.com\\\/inicio\\\/wp-content\\\/uploads\\\/2024\\\/01\\\/mileijavier2024-55544.jpg\",\"width\":1139,\"height\":720},{\"@type\":\"BreadcrumbList\",\"@id\":\"https:\\\/\\\/diariotextual.com\\\/inicio\\\/index.php\\\/2024\\\/03\\\/17\\\/milei-si-no-se-aprueba-la-ley-omnibus-no-tiene-sentido-el-pacto-de-mayo\\\/#breadcrumb\",\"itemListElement\":[{\"@type\":\"ListItem\",\"position\":1,\"name\":\"Portada\",\"item\":\"https:\\\/\\\/diariotextual.com\\\/inicio\\\/\"},{\"@type\":\"ListItem\",\"position\":2,\"name\":\"Milei: \u201cSi no se aprueba la ley \u00f3mnibus, no tiene sentido el Pacto de Mayo\u201d\"}]},{\"@type\":\"WebSite\",\"@id\":\"https:\\\/\\\/diariotextual.com\\\/inicio\\\/#website\",\"url\":\"https:\\\/\\\/diariotextual.com\\\/inicio\\\/\",\"name\":\"Diario Textual\",\"description\":\"\",\"publisher\":{\"@id\":\"https:\\\/\\\/diariotextual.com\\\/inicio\\\/#organization\"},\"potentialAction\":[{\"@type\":\"SearchAction\",\"target\":{\"@type\":\"EntryPoint\",\"urlTemplate\":\"https:\\\/\\\/diariotextual.com\\\/inicio\\\/?s={search_term_string}\"},\"query-input\":{\"@type\":\"PropertyValueSpecification\",\"valueRequired\":true,\"valueName\":\"search_term_string\"}}],\"inLanguage\":\"es\"},{\"@type\":\"Organization\",\"@id\":\"https:\\\/\\\/diariotextual.com\\\/inicio\\\/#organization\",\"name\":\"Diario Textual\",\"url\":\"https:\\\/\\\/diariotextual.com\\\/inicio\\\/\",\"logo\":{\"@type\":\"ImageObject\",\"inLanguage\":\"es\",\"@id\":\"https:\\\/\\\/diariotextual.com\\\/inicio\\\/#\\\/schema\\\/logo\\\/image\\\/\",\"url\":\"https:\\\/\\\/diariotextual.com\\\/inicio\\\/wp-content\\\/uploads\\\/2023\\\/05\\\/logotextual1.jpg\",\"contentUrl\":\"https:\\\/\\\/diariotextual.com\\\/inicio\\\/wp-content\\\/uploads\\\/2023\\\/05\\\/logotextual1.jpg\",\"width\":516,\"height\":76,\"caption\":\"Diario Textual\"},\"image\":{\"@id\":\"https:\\\/\\\/diariotextual.com\\\/inicio\\\/#\\\/schema\\\/logo\\\/image\\\/\"},\"sameAs\":[\"https:\\\/\\\/www.facebook.com\\\/eltextual\",\"https:\\\/\\\/x.com\\\/eltextual\",\"http:\\\/\\\/www.instagram.com\\\/eltextual\"]},{\"@type\":\"Person\",\"@id\":\"https:\\\/\\\/diariotextual.com\\\/inicio\\\/#\\\/schema\\\/person\\\/418fc4093c33e86ed41562db3508f958\",\"name\":\"Diario1 Diario1\",\"image\":{\"@type\":\"ImageObject\",\"inLanguage\":\"es\",\"@id\":\"https:\\\/\\\/secure.gravatar.com\\\/avatar\\\/9167d280179c85bc18be67aa7eda765854300033af4896dd779b608640f2ef7a?s=96&d=mm&r=g\",\"url\":\"https:\\\/\\\/secure.gravatar.com\\\/avatar\\\/9167d280179c85bc18be67aa7eda765854300033af4896dd779b608640f2ef7a?s=96&d=mm&r=g\",\"contentUrl\":\"https:\\\/\\\/secure.gravatar.com\\\/avatar\\\/9167d280179c85bc18be67aa7eda765854300033af4896dd779b608640f2ef7a?s=96&d=mm&r=g\",\"caption\":\"Diario1 Diario1\"},\"url\":\"https:\\\/\\\/diariotextual.com\\\/inicio\\\/index.php\\\/author\\\/diario1\\\/\"}]}<\/script>\n<!-- \/ Yoast SEO plugin. -->","yoast_head_json":{"title":"Milei: \u201cSi no se aprueba la ley \u00f3mnibus, no tiene sentido el Pacto de Mayo\u201d - Diario Textual","robots":{"index":"index","follow":"follow","max-snippet":"max-snippet:-1","max-image-preview":"max-image-preview:large","max-video-preview":"max-video-preview:-1"},"canonical":"https:\/\/diariotextual.com\/inicio\/index.php\/2024\/03\/17\/milei-si-no-se-aprueba-la-ley-omnibus-no-tiene-sentido-el-pacto-de-mayo\/","og_locale":"es_ES","og_type":"article","og_title":"Milei: \u201cSi no se aprueba la ley \u00f3mnibus, no tiene sentido el Pacto de Mayo\u201d - Diario Textual","og_description":"El presidente&nbsp;Javier Milei&nbsp;defendi\u00f3 este domingo las reformas econ\u00f3micas que volver\u00e1 a enviar al Congreso pr\u00f3ximamente y, en medio de las negociaciones, les hizo una advertencia a los gobernadores. \u201cSi no&hellip;","og_url":"https:\/\/diariotextual.com\/inicio\/index.php\/2024\/03\/17\/milei-si-no-se-aprueba-la-ley-omnibus-no-tiene-sentido-el-pacto-de-mayo\/","og_site_name":"Diario Textual","article_publisher":"https:\/\/www.facebook.com\/eltextual","article_published_time":"2024-03-18T00:38:04+00:00","article_modified_time":"2024-03-18T10:01:05+00:00","og_image":[{"width":1139,"height":720,"url":"https:\/\/diariotextual.com\/inicio\/wp-content\/uploads\/2024\/01\/mileijavier2024-55544.jpg","type":"image\/jpeg"}],"author":"Diario1 Diario1","twitter_card":"summary_large_image","twitter_creator":"@eltextual","twitter_site":"@eltextual","twitter_misc":{"Escrito por":"Diario1 Diario1","Tiempo de lectura":"3 minutos"},"schema":{"@context":"https:\/\/schema.org","@graph":[{"@type":"Article","@id":"https:\/\/diariotextual.com\/inicio\/index.php\/2024\/03\/17\/milei-si-no-se-aprueba-la-ley-omnibus-no-tiene-sentido-el-pacto-de-mayo\/#article","isPartOf":{"@id":"https:\/\/diariotextual.com\/inicio\/index.php\/2024\/03\/17\/milei-si-no-se-aprueba-la-ley-omnibus-no-tiene-sentido-el-pacto-de-mayo\/"},"author":{"name":"Diario1 Diario1","@id":"https:\/\/diariotextual.com\/inicio\/#\/schema\/person\/418fc4093c33e86ed41562db3508f958"},"headline":"Milei: \u201cSi no se aprueba la ley \u00f3mnibus, no tiene sentido el Pacto de Mayo\u201d","datePublished":"2024-03-18T00:38:04+00:00","dateModified":"2024-03-18T10:01:05+00:00","mainEntityOfPage":{"@id":"https:\/\/diariotextual.com\/inicio\/index.php\/2024\/03\/17\/milei-si-no-se-aprueba-la-ley-omnibus-no-tiene-sentido-el-pacto-de-mayo\/"},"wordCount":515,"publisher":{"@id":"https:\/\/diariotextual.com\/inicio\/#organization"},"image":{"@id":"https:\/\/diariotextual.com\/inicio\/index.php\/2024\/03\/17\/milei-si-no-se-aprueba-la-ley-omnibus-no-tiene-sentido-el-pacto-de-mayo\/#primaryimage"},"thumbnailUrl":"https:\/\/diariotextual.com\/inicio\/wp-content\/uploads\/2024\/01\/mileijavier2024-55544.jpg","articleSection":["A - ES NOTICIA (van abajo)","POLITICA"],"inLanguage":"es"},{"@type":"WebPage","@id":"https:\/\/diariotextual.com\/inicio\/index.php\/2024\/03\/17\/milei-si-no-se-aprueba-la-ley-omnibus-no-tiene-sentido-el-pacto-de-mayo\/","url":"https:\/\/diariotextual.com\/inicio\/index.php\/2024\/03\/17\/milei-si-no-se-aprueba-la-ley-omnibus-no-tiene-sentido-el-pacto-de-mayo\/","name":"Milei: \u201cSi no se aprueba la ley \u00f3mnibus, no tiene sentido el Pacto de Mayo\u201d - Diario Textual","isPartOf":{"@id":"https:\/\/diariotextual.com\/inicio\/#website"},"primaryImageOfPage":{"@id":"https:\/\/diariotextual.com\/inicio\/index.php\/2024\/03\/17\/milei-si-no-se-aprueba-la-ley-omnibus-no-tiene-sentido-el-pacto-de-mayo\/#primaryimage"},"image":{"@id":"https:\/\/diariotextual.com\/inicio\/index.php\/2024\/03\/17\/milei-si-no-se-aprueba-la-ley-omnibus-no-tiene-sentido-el-pacto-de-mayo\/#primaryimage"},"thumbnailUrl":"https:\/\/diariotextual.com\/inicio\/wp-content\/uploads\/2024\/01\/mileijavier2024-55544.jpg","datePublished":"2024-03-18T00:38:04+00:00","dateModified":"2024-03-18T10:01:05+00:00","breadcrumb":{"@id":"https:\/\/diariotextual.com\/inicio\/index.php\/2024\/03\/17\/milei-si-no-se-aprueba-la-ley-omnibus-no-tiene-sentido-el-pacto-de-mayo\/#breadcrumb"},"inLanguage":"es","potentialAction":[{"@type":"ReadAction","target":["https:\/\/diariotextual.com\/inicio\/index.php\/2024\/03\/17\/milei-si-no-se-aprueba-la-ley-omnibus-no-tiene-sentido-el-pacto-de-mayo\/"]}]},{"@type":"ImageObject","inLanguage":"es","@id":"https:\/\/diariotextual.com\/inicio\/index.php\/2024\/03\/17\/milei-si-no-se-aprueba-la-ley-omnibus-no-tiene-sentido-el-pacto-de-mayo\/#primaryimage","url":"https:\/\/diariotextual.com\/inicio\/wp-content\/uploads\/2024\/01\/mileijavier2024-55544.jpg","contentUrl":"https:\/\/diariotextual.com\/inicio\/wp-content\/uploads\/2024\/01\/mileijavier2024-55544.jpg","width":1139,"height":720},{"@type":"BreadcrumbList","@id":"https:\/\/diariotextual.com\/inicio\/index.php\/2024\/03\/17\/milei-si-no-se-aprueba-la-ley-omnibus-no-tiene-sentido-el-pacto-de-mayo\/#breadcrumb","itemListElement":[{"@type":"ListItem","position":1,"name":"Portada","item":"https:\/\/diariotextual.com\/inicio\/"},{"@type":"ListItem","position":2,"name":"Milei: \u201cSi no se aprueba la ley \u00f3mnibus, no tiene sentido el Pacto de Mayo\u201d"}]},{"@type":"WebSite","@id":"https:\/\/diariotextual.com\/inicio\/#website","url":"https:\/\/diariotextual.com\/inicio\/","name":"Diario Textual","description":"","publisher":{"@id":"https:\/\/diariotextual.com\/inicio\/#organization"},"potentialAction":[{"@type":"SearchAction","target":{"@type":"EntryPoint","urlTemplate":"https:\/\/diariotextual.com\/inicio\/?s={search_term_string}"},"query-input":{"@type":"PropertyValueSpecification","valueRequired":true,"valueName":"search_term_string"}}],"inLanguage":"es"},{"@type":"Organization","@id":"https:\/\/diariotextual.com\/inicio\/#organization","name":"Diario Textual","url":"https:\/\/diariotextual.com\/inicio\/","logo":{"@type":"ImageObject","inLanguage":"es","@id":"https:\/\/diariotextual.com\/inicio\/#\/schema\/logo\/image\/","url":"https:\/\/diariotextual.com\/inicio\/wp-content\/uploads\/2023\/05\/logotextual1.jpg","contentUrl":"https:\/\/diariotextual.com\/inicio\/wp-content\/uploads\/2023\/05\/logotextual1.jpg","width":516,"height":76,"caption":"Diario Textual"},"image":{"@id":"https:\/\/diariotextual.com\/inicio\/#\/schema\/logo\/image\/"},"sameAs":["https:\/\/www.facebook.com\/eltextual","https:\/\/x.com\/eltextual","http:\/\/www.instagram.com\/eltextual"]},{"@type":"Person","@id":"https:\/\/diariotextual.com\/inicio\/#\/schema\/person\/418fc4093c33e86ed41562db3508f958","name":"Diario1 Diario1","image":{"@type":"ImageObject","inLanguage":"es","@id":"https:\/\/secure.gravatar.com\/avatar\/9167d280179c85bc18be67aa7eda765854300033af4896dd779b608640f2ef7a?s=96&d=mm&r=g","url":"https:\/\/secure.gravatar.com\/avatar\/9167d280179c85bc18be67aa7eda765854300033af4896dd779b608640f2ef7a?s=96&d=mm&r=g","contentUrl":"https:\/\/secure.gravatar.com\/avatar\/9167d280179c85bc18be67aa7eda765854300033af4896dd779b608640f2ef7a?s=96&d=mm&r=g","caption":"Diario1 Diario1"},"url":"https:\/\/diariotextual.com\/inicio\/index.php\/author\/diario1\/"}]}},"_links":{"self":[{"href":"https:\/\/diariotextual.com\/inicio\/index.php\/wp-json\/wp\/v2\/posts\/257256","targetHints":{"allow":["GET"]}}],"collection":[{"href":"https:\/\/diariotextual.com\/inicio\/index.php\/wp-json\/wp\/v2\/posts"}],"about":[{"href":"https:\/\/diariotextual.com\/inicio\/index.php\/wp-json\/wp\/v2\/types\/post"}],"author":[{"embeddable":true,"href":"https:\/\/diariotextual.com\/inicio\/index.php\/wp-json\/wp\/v2\/users\/3"}],"replies":[{"embeddable":true,"href":"https:\/\/diariotextual.com\/inicio\/index.php\/wp-json\/wp\/v2\/comments?post=257256"}],"version-history":[{"count":3,"href":"https:\/\/diariotextual.com\/inicio\/index.php\/wp-json\/wp\/v2\/posts\/257256\/revisions"}],"predecessor-version":[{"id":257259,"href":"https:\/\/diariotextual.com\/inicio\/index.php\/wp-json\/wp\/v2\/posts\/257256\/revisions\/257259"}],"wp:featuredmedia":[{"embeddable":true,"href":"https:\/\/diariotextual.com\/inicio\/index.php\/wp-json\/wp\/v2\/media\/252083"}],"wp:attachment":[{"href":"https:\/\/diariotextual.com\/inicio\/index.php\/wp-json\/wp\/v2\/media?parent=257256"}],"wp:term":[{"taxonomy":"category","embeddable":true,"href":"https:\/\/diariotextual.com\/inicio\/index.php\/wp-json\/wp\/v2\/categories?post=257256"},{"taxonomy":"post_tag","embeddable":true,"href":"https:\/\/diariotextual.com\/inicio\/index.php\/wp-json\/wp\/v2\/tags?post=257256"}],"curies":[{"name":"wp","href":"https:\/\/api.w.org\/{rel}","templated":true}]}}