{"id":257267,"date":"2024-03-18T06:39:05","date_gmt":"2024-03-18T09:39:05","guid":{"rendered":"https:\/\/diariotextual.com\/inicio\/?p=257267"},"modified":"2024-03-18T06:39:08","modified_gmt":"2024-03-18T09:39:08","slug":"parte-medico-oficial-de-estudiantes-como-es-el-estado-de-salud-del-jugador-javier-altamirano","status":"publish","type":"post","link":"https:\/\/diariotextual.com\/inicio\/index.php\/2024\/03\/18\/parte-medico-oficial-de-estudiantes-como-es-el-estado-de-salud-del-jugador-javier-altamirano\/","title":{"rendered":"Parte m\u00e9dico oficial de Estudiantes: c\u00f3mo es el estado de salud del jugador Javier Altamirano"},"content":{"rendered":"\n<p><strong>Javier Altamirano<\/strong>, el futbolista chileno de 24 a\u00f1os, se desvaneci\u00f3 mientras se jugaba el encuentro entre su club, Estudiantes de La Plata, y Boca Juniors. La situaci\u00f3n gener\u00f3 un momento de tensi\u00f3n total en el Estadio UNO, donde una ambulancia debi\u00f3 ingresar para trasladar de urgencia al jugador a un hospital.<\/p>\n\n\n\n<p>Posteriormente, el club Estudiantes de La Plata public\u00f3 un parte m\u00e9dico oficial sobre la salud del futbolista. \u201cEl jugador Javier Altamirano sufri\u00f3 un episodio convulsivo. Se encuentra en internaci\u00f3n bajo observaci\u00f3n y para complementar estudios. Se realiz\u00f3 TAC (tomograf\u00eda axial computarizada), la que result\u00f3 sin im\u00e1genes patol\u00f3gicas evidentes. Se encuentra estable\u201d, inform\u00f3.<\/p>\n\n\n\n<p>Antes del parte oficial, fuentes hab\u00edan indicado que el chileno<strong>&nbsp;Javier Altamirano<\/strong>&nbsp;recobr\u00f3 el conocimiento al llegar al hospital tras haberse descompensado en pleno partido. En el campo de juego hab\u00eda comenzado a convulsionar y esto fue advertido por sus compa\u00f1eros de equipo, Enzo P\u00e9rez y&nbsp;Santiago Ascacibar, quienes fueron los primeros en llegar hasta \u00e9l.&nbsp;<\/p>\n\n\n\n<p>M\u00e9dicos de ambos clubes llegaron a socorrer al jugador apenas instantes despu\u00e9s y brindaron los primeros auxilios al futbolista de Estudiantes, quien fue trasladado de urgencia a un hospital en la ambulancia que estaba dentro de UNO. El partido entre Estudiantes y Boca Juniors fue suspendido por el \u00e1rbitro del encuentro, Fernando Echenique, a ra\u00edz de esto.<\/p>\n\n\n\n<p>Ya en la guardia m\u00e9dica,&nbsp;<strong>Javier Altamirano<\/strong>&nbsp;fue estabilizado. All\u00ed le realizaron una tomograf\u00eda que arroj\u00f3 resultados positivos. El futbolista profesional pasar\u00e1 internado la noche en la cl\u00ednica.<\/p>\n\n\n\n<p>El entrenador de Estudiantes, Eduardo Dom\u00ednguez, retrat\u00f3 los momentos de tensi\u00f3n que vivieron todos los presentes en el campo de juego. \u201cFue duro el momento. A la salida de ac\u00e1 tuvo otra situaci\u00f3n. Los chicos est\u00e1n llorando en el vestuario. En estos momentos hay gritos, corridas y nadie sabe c\u00f3mo actuar\u201d, dijo.<\/p>\n","protected":false},"excerpt":{"rendered":"<p>Javier Altamirano, el futbolista chileno de 24 a\u00f1os, se desvaneci\u00f3 mientras se jugaba el encuentro entre su club, Estudiantes de La Plata, y Boca Juniors. La situaci\u00f3n gener\u00f3 un momento&hellip;<\/p>\n","protected":false},"author":3,"featured_media":257263,"comment_status":"closed","ping_status":"open","sticky":false,"template":"","format":"standard","meta":{"_acf_changed":false,"footnotes":""},"categories":[1,3],"tags":[],"class_list":["post-257267","post","type-post","status-publish","format-standard","has-post-thumbnail","hentry","category-es-noticia","category-deportes"],"acf":[],"yoast_head":"<!-- This site is optimized with the Yoast SEO plugin v27.5 - https:\/\/yoast.com\/product\/yoast-seo-wordpress\/ -->\n<title>Parte m\u00e9dico oficial de Estudiantes: c\u00f3mo es el estado de salud del jugador Javier Altamirano - Diario Textual<\/title>\n<meta name=\"robots\" content=\"index, follow, max-snippet:-1, max-image-preview:large, max-video-preview:-1\" \/>\n<link rel=\"canonical\" href=\"https:\/\/diariotextual.com\/inicio\/index.php\/2024\/03\/18\/parte-medico-oficial-de-estudiantes-como-es-el-estado-de-salud-del-jugador-javier-altamirano\/\" \/>\n<meta property=\"og:locale\" content=\"es_ES\" \/>\n<meta property=\"og:type\" content=\"article\" \/>\n<meta property=\"og:title\" content=\"Parte m\u00e9dico oficial de Estudiantes: c\u00f3mo es el estado de salud del jugador Javier Altamirano - Diario Textual\" \/>\n<meta property=\"og:description\" content=\"Javier Altamirano, el futbolista chileno de 24 a\u00f1os, se desvaneci\u00f3 mientras se jugaba el encuentro entre su club, Estudiantes de La Plata, y Boca Juniors. La situaci\u00f3n gener\u00f3 un momento&hellip;\" \/>\n<meta property=\"og:url\" content=\"https:\/\/diariotextual.com\/inicio\/index.php\/2024\/03\/18\/parte-medico-oficial-de-estudiantes-como-es-el-estado-de-salud-del-jugador-javier-altamirano\/\" \/>\n<meta property=\"og:site_name\" content=\"Diario Textual\" \/>\n<meta property=\"article:publisher\" content=\"https:\/\/www.facebook.com\/eltextual\" \/>\n<meta property=\"article:published_time\" content=\"2024-03-18T09:39:05+00:00\" \/>\n<meta property=\"article:modified_time\" content=\"2024-03-18T09:39:08+00:00\" \/>\n<meta property=\"og:image\" content=\"https:\/\/diariotextual.com\/inicio\/wp-content\/uploads\/2024\/03\/estudiantesbocasuspensionaltamirano2024-1.jpg\" \/>\n\t<meta property=\"og:image:width\" content=\"680\" \/>\n\t<meta property=\"og:image:height\" content=\"391\" \/>\n\t<meta property=\"og:image:type\" content=\"image\/jpeg\" \/>\n<meta name=\"author\" content=\"Diario1 Diario1\" \/>\n<meta name=\"twitter:card\" content=\"summary_large_image\" \/>\n<meta name=\"twitter:creator\" content=\"@eltextual\" \/>\n<meta name=\"twitter:site\" content=\"@eltextual\" \/>\n<meta name=\"twitter:label1\" content=\"Escrito por\" \/>\n\t<meta name=\"twitter:data1\" content=\"Diario1 Diario1\" \/>\n\t<meta name=\"twitter:label2\" content=\"Tiempo de lectura\" \/>\n\t<meta name=\"twitter:data2\" content=\"2 minutos\" \/>\n<script type=\"application\/ld+json\" class=\"yoast-schema-graph\">{\"@context\":\"https:\\\/\\\/schema.org\",\"@graph\":[{\"@type\":\"Article\",\"@id\":\"https:\\\/\\\/diariotextual.com\\\/inicio\\\/index.php\\\/2024\\\/03\\\/18\\\/parte-medico-oficial-de-estudiantes-como-es-el-estado-de-salud-del-jugador-javier-altamirano\\\/#article\",\"isPartOf\":{\"@id\":\"https:\\\/\\\/diariotextual.com\\\/inicio\\\/index.php\\\/2024\\\/03\\\/18\\\/parte-medico-oficial-de-estudiantes-como-es-el-estado-de-salud-del-jugador-javier-altamirano\\\/\"},\"author\":{\"name\":\"Diario1 Diario1\",\"@id\":\"https:\\\/\\\/diariotextual.com\\\/inicio\\\/#\\\/schema\\\/person\\\/418fc4093c33e86ed41562db3508f958\"},\"headline\":\"Parte m\u00e9dico oficial de Estudiantes: c\u00f3mo es el estado de salud del jugador Javier Altamirano\",\"datePublished\":\"2024-03-18T09:39:05+00:00\",\"dateModified\":\"2024-03-18T09:39:08+00:00\",\"mainEntityOfPage\":{\"@id\":\"https:\\\/\\\/diariotextual.com\\\/inicio\\\/index.php\\\/2024\\\/03\\\/18\\\/parte-medico-oficial-de-estudiantes-como-es-el-estado-de-salud-del-jugador-javier-altamirano\\\/\"},\"wordCount\":342,\"publisher\":{\"@id\":\"https:\\\/\\\/diariotextual.com\\\/inicio\\\/#organization\"},\"image\":{\"@id\":\"https:\\\/\\\/diariotextual.com\\\/inicio\\\/index.php\\\/2024\\\/03\\\/18\\\/parte-medico-oficial-de-estudiantes-como-es-el-estado-de-salud-del-jugador-javier-altamirano\\\/#primaryimage\"},\"thumbnailUrl\":\"https:\\\/\\\/diariotextual.com\\\/inicio\\\/wp-content\\\/uploads\\\/2024\\\/03\\\/estudiantesbocasuspensionaltamirano2024-1.jpg\",\"articleSection\":[\"A - ES NOTICIA (van abajo)\",\"DEPORTES\"],\"inLanguage\":\"es\"},{\"@type\":\"WebPage\",\"@id\":\"https:\\\/\\\/diariotextual.com\\\/inicio\\\/index.php\\\/2024\\\/03\\\/18\\\/parte-medico-oficial-de-estudiantes-como-es-el-estado-de-salud-del-jugador-javier-altamirano\\\/\",\"url\":\"https:\\\/\\\/diariotextual.com\\\/inicio\\\/index.php\\\/2024\\\/03\\\/18\\\/parte-medico-oficial-de-estudiantes-como-es-el-estado-de-salud-del-jugador-javier-altamirano\\\/\",\"name\":\"Parte m\u00e9dico oficial de Estudiantes: c\u00f3mo es el estado de salud del jugador Javier Altamirano - Diario Textual\",\"isPartOf\":{\"@id\":\"https:\\\/\\\/diariotextual.com\\\/inicio\\\/#website\"},\"primaryImageOfPage\":{\"@id\":\"https:\\\/\\\/diariotextual.com\\\/inicio\\\/index.php\\\/2024\\\/03\\\/18\\\/parte-medico-oficial-de-estudiantes-como-es-el-estado-de-salud-del-jugador-javier-altamirano\\\/#primaryimage\"},\"image\":{\"@id\":\"https:\\\/\\\/diariotextual.com\\\/inicio\\\/index.php\\\/2024\\\/03\\\/18\\\/parte-medico-oficial-de-estudiantes-como-es-el-estado-de-salud-del-jugador-javier-altamirano\\\/#primaryimage\"},\"thumbnailUrl\":\"https:\\\/\\\/diariotextual.com\\\/inicio\\\/wp-content\\\/uploads\\\/2024\\\/03\\\/estudiantesbocasuspensionaltamirano2024-1.jpg\",\"datePublished\":\"2024-03-18T09:39:05+00:00\",\"dateModified\":\"2024-03-18T09:39:08+00:00\",\"breadcrumb\":{\"@id\":\"https:\\\/\\\/diariotextual.com\\\/inicio\\\/index.php\\\/2024\\\/03\\\/18\\\/parte-medico-oficial-de-estudiantes-como-es-el-estado-de-salud-del-jugador-javier-altamirano\\\/#breadcrumb\"},\"inLanguage\":\"es\",\"potentialAction\":[{\"@type\":\"ReadAction\",\"target\":[\"https:\\\/\\\/diariotextual.com\\\/inicio\\\/index.php\\\/2024\\\/03\\\/18\\\/parte-medico-oficial-de-estudiantes-como-es-el-estado-de-salud-del-jugador-javier-altamirano\\\/\"]}]},{\"@type\":\"ImageObject\",\"inLanguage\":\"es\",\"@id\":\"https:\\\/\\\/diariotextual.com\\\/inicio\\\/index.php\\\/2024\\\/03\\\/18\\\/parte-medico-oficial-de-estudiantes-como-es-el-estado-de-salud-del-jugador-javier-altamirano\\\/#primaryimage\",\"url\":\"https:\\\/\\\/diariotextual.com\\\/inicio\\\/wp-content\\\/uploads\\\/2024\\\/03\\\/estudiantesbocasuspensionaltamirano2024-1.jpg\",\"contentUrl\":\"https:\\\/\\\/diariotextual.com\\\/inicio\\\/wp-content\\\/uploads\\\/2024\\\/03\\\/estudiantesbocasuspensionaltamirano2024-1.jpg\",\"width\":680,\"height\":391},{\"@type\":\"BreadcrumbList\",\"@id\":\"https:\\\/\\\/diariotextual.com\\\/inicio\\\/index.php\\\/2024\\\/03\\\/18\\\/parte-medico-oficial-de-estudiantes-como-es-el-estado-de-salud-del-jugador-javier-altamirano\\\/#breadcrumb\",\"itemListElement\":[{\"@type\":\"ListItem\",\"position\":1,\"name\":\"Portada\",\"item\":\"https:\\\/\\\/diariotextual.com\\\/inicio\\\/\"},{\"@type\":\"ListItem\",\"position\":2,\"name\":\"Parte m\u00e9dico oficial de Estudiantes: c\u00f3mo es el estado de salud del jugador Javier Altamirano\"}]},{\"@type\":\"WebSite\",\"@id\":\"https:\\\/\\\/diariotextual.com\\\/inicio\\\/#website\",\"url\":\"https:\\\/\\\/diariotextual.com\\\/inicio\\\/\",\"name\":\"Diario Textual\",\"description\":\"\",\"publisher\":{\"@id\":\"https:\\\/\\\/diariotextual.com\\\/inicio\\\/#organization\"},\"potentialAction\":[{\"@type\":\"SearchAction\",\"target\":{\"@type\":\"EntryPoint\",\"urlTemplate\":\"https:\\\/\\\/diariotextual.com\\\/inicio\\\/?s={search_term_string}\"},\"query-input\":{\"@type\":\"PropertyValueSpecification\",\"valueRequired\":true,\"valueName\":\"search_term_string\"}}],\"inLanguage\":\"es\"},{\"@type\":\"Organization\",\"@id\":\"https:\\\/\\\/diariotextual.com\\\/inicio\\\/#organization\",\"name\":\"Diario Textual\",\"url\":\"https:\\\/\\\/diariotextual.com\\\/inicio\\\/\",\"logo\":{\"@type\":\"ImageObject\",\"inLanguage\":\"es\",\"@id\":\"https:\\\/\\\/diariotextual.com\\\/inicio\\\/#\\\/schema\\\/logo\\\/image\\\/\",\"url\":\"https:\\\/\\\/diariotextual.com\\\/inicio\\\/wp-content\\\/uploads\\\/2023\\\/05\\\/logotextual1.jpg\",\"contentUrl\":\"https:\\\/\\\/diariotextual.com\\\/inicio\\\/wp-content\\\/uploads\\\/2023\\\/05\\\/logotextual1.jpg\",\"width\":516,\"height\":76,\"caption\":\"Diario Textual\"},\"image\":{\"@id\":\"https:\\\/\\\/diariotextual.com\\\/inicio\\\/#\\\/schema\\\/logo\\\/image\\\/\"},\"sameAs\":[\"https:\\\/\\\/www.facebook.com\\\/eltextual\",\"https:\\\/\\\/x.com\\\/eltextual\",\"http:\\\/\\\/www.instagram.com\\\/eltextual\"]},{\"@type\":\"Person\",\"@id\":\"https:\\\/\\\/diariotextual.com\\\/inicio\\\/#\\\/schema\\\/person\\\/418fc4093c33e86ed41562db3508f958\",\"name\":\"Diario1 Diario1\",\"image\":{\"@type\":\"ImageObject\",\"inLanguage\":\"es\",\"@id\":\"https:\\\/\\\/secure.gravatar.com\\\/avatar\\\/9167d280179c85bc18be67aa7eda765854300033af4896dd779b608640f2ef7a?s=96&d=mm&r=g\",\"url\":\"https:\\\/\\\/secure.gravatar.com\\\/avatar\\\/9167d280179c85bc18be67aa7eda765854300033af4896dd779b608640f2ef7a?s=96&d=mm&r=g\",\"contentUrl\":\"https:\\\/\\\/secure.gravatar.com\\\/avatar\\\/9167d280179c85bc18be67aa7eda765854300033af4896dd779b608640f2ef7a?s=96&d=mm&r=g\",\"caption\":\"Diario1 Diario1\"},\"url\":\"https:\\\/\\\/diariotextual.com\\\/inicio\\\/index.php\\\/author\\\/diario1\\\/\"}]}<\/script>\n<!-- \/ Yoast SEO plugin. -->","yoast_head_json":{"title":"Parte m\u00e9dico oficial de Estudiantes: c\u00f3mo es el estado de salud del jugador Javier Altamirano - Diario Textual","robots":{"index":"index","follow":"follow","max-snippet":"max-snippet:-1","max-image-preview":"max-image-preview:large","max-video-preview":"max-video-preview:-1"},"canonical":"https:\/\/diariotextual.com\/inicio\/index.php\/2024\/03\/18\/parte-medico-oficial-de-estudiantes-como-es-el-estado-de-salud-del-jugador-javier-altamirano\/","og_locale":"es_ES","og_type":"article","og_title":"Parte m\u00e9dico oficial de Estudiantes: c\u00f3mo es el estado de salud del jugador Javier Altamirano - Diario Textual","og_description":"Javier Altamirano, el futbolista chileno de 24 a\u00f1os, se desvaneci\u00f3 mientras se jugaba el encuentro entre su club, Estudiantes de La Plata, y Boca Juniors. La situaci\u00f3n gener\u00f3 un momento&hellip;","og_url":"https:\/\/diariotextual.com\/inicio\/index.php\/2024\/03\/18\/parte-medico-oficial-de-estudiantes-como-es-el-estado-de-salud-del-jugador-javier-altamirano\/","og_site_name":"Diario Textual","article_publisher":"https:\/\/www.facebook.com\/eltextual","article_published_time":"2024-03-18T09:39:05+00:00","article_modified_time":"2024-03-18T09:39:08+00:00","og_image":[{"width":680,"height":391,"url":"https:\/\/diariotextual.com\/inicio\/wp-content\/uploads\/2024\/03\/estudiantesbocasuspensionaltamirano2024-1.jpg","type":"image\/jpeg"}],"author":"Diario1 Diario1","twitter_card":"summary_large_image","twitter_creator":"@eltextual","twitter_site":"@eltextual","twitter_misc":{"Escrito por":"Diario1 Diario1","Tiempo de lectura":"2 minutos"},"schema":{"@context":"https:\/\/schema.org","@graph":[{"@type":"Article","@id":"https:\/\/diariotextual.com\/inicio\/index.php\/2024\/03\/18\/parte-medico-oficial-de-estudiantes-como-es-el-estado-de-salud-del-jugador-javier-altamirano\/#article","isPartOf":{"@id":"https:\/\/diariotextual.com\/inicio\/index.php\/2024\/03\/18\/parte-medico-oficial-de-estudiantes-como-es-el-estado-de-salud-del-jugador-javier-altamirano\/"},"author":{"name":"Diario1 Diario1","@id":"https:\/\/diariotextual.com\/inicio\/#\/schema\/person\/418fc4093c33e86ed41562db3508f958"},"headline":"Parte m\u00e9dico oficial de Estudiantes: c\u00f3mo es el estado de salud del jugador Javier Altamirano","datePublished":"2024-03-18T09:39:05+00:00","dateModified":"2024-03-18T09:39:08+00:00","mainEntityOfPage":{"@id":"https:\/\/diariotextual.com\/inicio\/index.php\/2024\/03\/18\/parte-medico-oficial-de-estudiantes-como-es-el-estado-de-salud-del-jugador-javier-altamirano\/"},"wordCount":342,"publisher":{"@id":"https:\/\/diariotextual.com\/inicio\/#organization"},"image":{"@id":"https:\/\/diariotextual.com\/inicio\/index.php\/2024\/03\/18\/parte-medico-oficial-de-estudiantes-como-es-el-estado-de-salud-del-jugador-javier-altamirano\/#primaryimage"},"thumbnailUrl":"https:\/\/diariotextual.com\/inicio\/wp-content\/uploads\/2024\/03\/estudiantesbocasuspensionaltamirano2024-1.jpg","articleSection":["A - ES NOTICIA (van abajo)","DEPORTES"],"inLanguage":"es"},{"@type":"WebPage","@id":"https:\/\/diariotextual.com\/inicio\/index.php\/2024\/03\/18\/parte-medico-oficial-de-estudiantes-como-es-el-estado-de-salud-del-jugador-javier-altamirano\/","url":"https:\/\/diariotextual.com\/inicio\/index.php\/2024\/03\/18\/parte-medico-oficial-de-estudiantes-como-es-el-estado-de-salud-del-jugador-javier-altamirano\/","name":"Parte m\u00e9dico oficial de Estudiantes: c\u00f3mo es el estado de salud del jugador Javier Altamirano - Diario Textual","isPartOf":{"@id":"https:\/\/diariotextual.com\/inicio\/#website"},"primaryImageOfPage":{"@id":"https:\/\/diariotextual.com\/inicio\/index.php\/2024\/03\/18\/parte-medico-oficial-de-estudiantes-como-es-el-estado-de-salud-del-jugador-javier-altamirano\/#primaryimage"},"image":{"@id":"https:\/\/diariotextual.com\/inicio\/index.php\/2024\/03\/18\/parte-medico-oficial-de-estudiantes-como-es-el-estado-de-salud-del-jugador-javier-altamirano\/#primaryimage"},"thumbnailUrl":"https:\/\/diariotextual.com\/inicio\/wp-content\/uploads\/2024\/03\/estudiantesbocasuspensionaltamirano2024-1.jpg","datePublished":"2024-03-18T09:39:05+00:00","dateModified":"2024-03-18T09:39:08+00:00","breadcrumb":{"@id":"https:\/\/diariotextual.com\/inicio\/index.php\/2024\/03\/18\/parte-medico-oficial-de-estudiantes-como-es-el-estado-de-salud-del-jugador-javier-altamirano\/#breadcrumb"},"inLanguage":"es","potentialAction":[{"@type":"ReadAction","target":["https:\/\/diariotextual.com\/inicio\/index.php\/2024\/03\/18\/parte-medico-oficial-de-estudiantes-como-es-el-estado-de-salud-del-jugador-javier-altamirano\/"]}]},{"@type":"ImageObject","inLanguage":"es","@id":"https:\/\/diariotextual.com\/inicio\/index.php\/2024\/03\/18\/parte-medico-oficial-de-estudiantes-como-es-el-estado-de-salud-del-jugador-javier-altamirano\/#primaryimage","url":"https:\/\/diariotextual.com\/inicio\/wp-content\/uploads\/2024\/03\/estudiantesbocasuspensionaltamirano2024-1.jpg","contentUrl":"https:\/\/diariotextual.com\/inicio\/wp-content\/uploads\/2024\/03\/estudiantesbocasuspensionaltamirano2024-1.jpg","width":680,"height":391},{"@type":"BreadcrumbList","@id":"https:\/\/diariotextual.com\/inicio\/index.php\/2024\/03\/18\/parte-medico-oficial-de-estudiantes-como-es-el-estado-de-salud-del-jugador-javier-altamirano\/#breadcrumb","itemListElement":[{"@type":"ListItem","position":1,"name":"Portada","item":"https:\/\/diariotextual.com\/inicio\/"},{"@type":"ListItem","position":2,"name":"Parte m\u00e9dico oficial de Estudiantes: c\u00f3mo es el estado de salud del jugador Javier Altamirano"}]},{"@type":"WebSite","@id":"https:\/\/diariotextual.com\/inicio\/#website","url":"https:\/\/diariotextual.com\/inicio\/","name":"Diario Textual","description":"","publisher":{"@id":"https:\/\/diariotextual.com\/inicio\/#organization"},"potentialAction":[{"@type":"SearchAction","target":{"@type":"EntryPoint","urlTemplate":"https:\/\/diariotextual.com\/inicio\/?s={search_term_string}"},"query-input":{"@type":"PropertyValueSpecification","valueRequired":true,"valueName":"search_term_string"}}],"inLanguage":"es"},{"@type":"Organization","@id":"https:\/\/diariotextual.com\/inicio\/#organization","name":"Diario Textual","url":"https:\/\/diariotextual.com\/inicio\/","logo":{"@type":"ImageObject","inLanguage":"es","@id":"https:\/\/diariotextual.com\/inicio\/#\/schema\/logo\/image\/","url":"https:\/\/diariotextual.com\/inicio\/wp-content\/uploads\/2023\/05\/logotextual1.jpg","contentUrl":"https:\/\/diariotextual.com\/inicio\/wp-content\/uploads\/2023\/05\/logotextual1.jpg","width":516,"height":76,"caption":"Diario Textual"},"image":{"@id":"https:\/\/diariotextual.com\/inicio\/#\/schema\/logo\/image\/"},"sameAs":["https:\/\/www.facebook.com\/eltextual","https:\/\/x.com\/eltextual","http:\/\/www.instagram.com\/eltextual"]},{"@type":"Person","@id":"https:\/\/diariotextual.com\/inicio\/#\/schema\/person\/418fc4093c33e86ed41562db3508f958","name":"Diario1 Diario1","image":{"@type":"ImageObject","inLanguage":"es","@id":"https:\/\/secure.gravatar.com\/avatar\/9167d280179c85bc18be67aa7eda765854300033af4896dd779b608640f2ef7a?s=96&d=mm&r=g","url":"https:\/\/secure.gravatar.com\/avatar\/9167d280179c85bc18be67aa7eda765854300033af4896dd779b608640f2ef7a?s=96&d=mm&r=g","contentUrl":"https:\/\/secure.gravatar.com\/avatar\/9167d280179c85bc18be67aa7eda765854300033af4896dd779b608640f2ef7a?s=96&d=mm&r=g","caption":"Diario1 Diario1"},"url":"https:\/\/diariotextual.com\/inicio\/index.php\/author\/diario1\/"}]}},"_links":{"self":[{"href":"https:\/\/diariotextual.com\/inicio\/index.php\/wp-json\/wp\/v2\/posts\/257267","targetHints":{"allow":["GET"]}}],"collection":[{"href":"https:\/\/diariotextual.com\/inicio\/index.php\/wp-json\/wp\/v2\/posts"}],"about":[{"href":"https:\/\/diariotextual.com\/inicio\/index.php\/wp-json\/wp\/v2\/types\/post"}],"author":[{"embeddable":true,"href":"https:\/\/diariotextual.com\/inicio\/index.php\/wp-json\/wp\/v2\/users\/3"}],"replies":[{"embeddable":true,"href":"https:\/\/diariotextual.com\/inicio\/index.php\/wp-json\/wp\/v2\/comments?post=257267"}],"version-history":[{"count":1,"href":"https:\/\/diariotextual.com\/inicio\/index.php\/wp-json\/wp\/v2\/posts\/257267\/revisions"}],"predecessor-version":[{"id":257268,"href":"https:\/\/diariotextual.com\/inicio\/index.php\/wp-json\/wp\/v2\/posts\/257267\/revisions\/257268"}],"wp:featuredmedia":[{"embeddable":true,"href":"https:\/\/diariotextual.com\/inicio\/index.php\/wp-json\/wp\/v2\/media\/257263"}],"wp:attachment":[{"href":"https:\/\/diariotextual.com\/inicio\/index.php\/wp-json\/wp\/v2\/media?parent=257267"}],"wp:term":[{"taxonomy":"category","embeddable":true,"href":"https:\/\/diariotextual.com\/inicio\/index.php\/wp-json\/wp\/v2\/categories?post=257267"},{"taxonomy":"post_tag","embeddable":true,"href":"https:\/\/diariotextual.com\/inicio\/index.php\/wp-json\/wp\/v2\/tags?post=257267"}],"curies":[{"name":"wp","href":"https:\/\/api.w.org\/{rel}","templated":true}]}}