{"id":257350,"date":"2024-03-18T18:22:46","date_gmt":"2024-03-18T21:22:46","guid":{"rendered":"https:\/\/diariotextual.com\/inicio\/?p=257350"},"modified":"2024-03-18T18:22:49","modified_gmt":"2024-03-18T21:22:49","slug":"se-inauguro-la-semana-de-la-memoria-popular-en-santa-rosa","status":"publish","type":"post","link":"https:\/\/diariotextual.com\/inicio\/index.php\/2024\/03\/18\/se-inauguro-la-semana-de-la-memoria-popular-en-santa-rosa\/","title":{"rendered":"Se inaugur\u00f3 la Semana de la Memoria Popular en Santa Rosa"},"content":{"rendered":"\n<p>Con la presencia de autoridades provinciales y municipales y concejales y concejalas santarrose\u00f1os, miembros de organizaciones y familiares de v\u00edctimas, se realiz\u00f3 este lunes el acto de apertura de la \u201cSemana de la Memoria Popular\u201d.<\/p>\n\n\n\n<p>Y en este marco, se anunci\u00f3 que desde el concejo deliberante se llevar\u00e1 adelante un ciclo de charlas orientado a instituciones educativas secundarias y de adultos de Santa Rosa.<\/p>\n\n\n\n<p>El ciclo se estructura en torno a tres charlas-debate que apuntan a trabajar sobre diferentes perspectivas: una ser\u00e1 destinada a narrar los relatos en primera persona de militantes que sufrieron persecuciones antes y durante la dictadura; otra tendr\u00e1 el objetivo de transmitir lo vivido en el juicio por delitos de lesa humanidad cometidos en el marco de la Subzona 1.4, desde la perspectiva de la querella legal y de acompa\u00f1amiento psicol\u00f3gico a las v\u00edctimas testigo; y la \u00faltima charla contar\u00e1 con el relato de familiares de v\u00edctimas pampeanas del terrorismo de Estado.<\/p>\n\n\n\n<p>Programa<\/p>\n\n\n\n<p>Fechas: 20, 21 y 22 de marzo de 2024.<\/p>\n\n\n\n<p>Invitados\/as: Franco Catalani, Cristina \u00c9rcoli, Oscar Gatica, Germ\u00e1n Zolecio, Mariana Junco y Equipo del Dispositivo de Acompa\u00f1amiento a las V\u00edctimas\/Testigos del Colegio de Psic\u00f3logos\/as de La Pampa.<\/p>\n\n\n\n<p>Mi\u00e9rcoles 20\/03 &#8211; 10 a 12 hs.: Charla-Debate en el Colegio Secundario \u201cClemente Andrada\u201d.<\/p>\n\n\n\n<p>Esta charla ser\u00e1 destinada a narrar en primera persona, c\u00f3mo se vivi\u00f3 la dictadura militar en La Pampa. El proceso previo a la instauraci\u00f3n del terrorismo de Estado y las experiencias de quienes personalmente vivenciaron aquellos a\u00f1os.<\/p>\n\n\n\n<p>Expositores\/as invitados\/as: Cristina \u00c9rcoli y Oscar Gatica.<\/p>\n\n\n\n<p>Jueves 21\/03 &#8211; 19 a 21 hs.: Charla-Debate en la Escuela de Adultos N\u00b06.<\/p>\n\n\n\n<p>El objetivo de este encuentro es transmitir lo vivido en el juicio por delitos de lesa humanidad cometidos en el marco de la Subzona 1.4, desde la perspectiva de la querella legal y de acompa\u00f1amiento psicol\u00f3gico a las v\u00edctimas testigo<\/p>\n\n\n\n<p>Expositores\/as invitados\/as: Franco Catalani y Equipo del Dispositivo de Acompa\u00f1amiento a las V\u00edctimas\/Testigos del Colegio de Psic\u00f3logos\/as de La Pampa.<\/p>\n\n\n\n<p>Viernes 22\/03 &#8211; 10 a 12 hs.: Charla-Debate en el Colegio Secundario \u201cCiudad de Santa Rosa\u201d.<\/p>\n\n\n\n<p>El objetivo de esta charla-debate es dar a conocer las vivencias de familiares de v\u00edctimas pampeanas del terrorismo de Estado.<\/p>\n\n\n\n<p>Expositores\/as invitados\/as: Germ\u00e1n Zolecio y Mariana Junco.<\/p>\n","protected":false},"excerpt":{"rendered":"<p>Con la presencia de autoridades provinciales y municipales y concejales y concejalas santarrose\u00f1os, miembros de organizaciones y familiares de v\u00edctimas, se realiz\u00f3 este lunes el acto de apertura de la&hellip;<\/p>\n","protected":false},"author":5,"featured_media":257351,"comment_status":"closed","ping_status":"open","sticky":false,"template":"","format":"standard","meta":{"_acf_changed":false,"footnotes":""},"categories":[1,8],"tags":[7449,216],"class_list":["post-257350","post","type-post","status-publish","format-standard","has-post-thumbnail","hentry","category-es-noticia","category-politica","tag-24m","tag-memoria"],"acf":[],"yoast_head":"<!-- This site is optimized with the Yoast SEO plugin v27.4 - https:\/\/yoast.com\/product\/yoast-seo-wordpress\/ -->\n<title>Se inaugur\u00f3 la Semana de la Memoria Popular en Santa Rosa - Diario Textual<\/title>\n<meta name=\"robots\" content=\"index, follow, max-snippet:-1, max-image-preview:large, max-video-preview:-1\" \/>\n<link rel=\"canonical\" href=\"https:\/\/diariotextual.com\/inicio\/index.php\/2024\/03\/18\/se-inauguro-la-semana-de-la-memoria-popular-en-santa-rosa\/\" \/>\n<meta property=\"og:locale\" content=\"es_ES\" \/>\n<meta property=\"og:type\" content=\"article\" \/>\n<meta property=\"og:title\" content=\"Se inaugur\u00f3 la Semana de la Memoria Popular en Santa Rosa - Diario Textual\" \/>\n<meta property=\"og:description\" content=\"Con la presencia de autoridades provinciales y municipales y concejales y concejalas santarrose\u00f1os, miembros de organizaciones y familiares de v\u00edctimas, se realiz\u00f3 este lunes el acto de apertura de la&hellip;\" \/>\n<meta property=\"og:url\" content=\"https:\/\/diariotextual.com\/inicio\/index.php\/2024\/03\/18\/se-inauguro-la-semana-de-la-memoria-popular-en-santa-rosa\/\" \/>\n<meta property=\"og:site_name\" content=\"Diario Textual\" \/>\n<meta property=\"article:publisher\" content=\"https:\/\/www.facebook.com\/eltextual\" \/>\n<meta property=\"article:published_time\" content=\"2024-03-18T21:22:46+00:00\" \/>\n<meta property=\"article:modified_time\" content=\"2024-03-18T21:22:49+00:00\" \/>\n<meta property=\"og:image\" content=\"https:\/\/diariotextual.com\/inicio\/wp-content\/uploads\/2024\/03\/semanadelamemoriapopular2024.jpg\" \/>\n\t<meta property=\"og:image:width\" content=\"900\" \/>\n\t<meta property=\"og:image:height\" content=\"503\" \/>\n\t<meta property=\"og:image:type\" content=\"image\/jpeg\" \/>\n<meta name=\"author\" content=\"diario3\" \/>\n<meta name=\"twitter:card\" content=\"summary_large_image\" \/>\n<meta name=\"twitter:creator\" content=\"@eltextual\" \/>\n<meta name=\"twitter:site\" content=\"@eltextual\" \/>\n<meta name=\"twitter:label1\" content=\"Escrito por\" \/>\n\t<meta name=\"twitter:data1\" content=\"diario3\" \/>\n\t<meta name=\"twitter:label2\" content=\"Tiempo de lectura\" \/>\n\t<meta name=\"twitter:data2\" content=\"2 minutos\" \/>\n<script type=\"application\/ld+json\" class=\"yoast-schema-graph\">{\"@context\":\"https:\\\/\\\/schema.org\",\"@graph\":[{\"@type\":\"Article\",\"@id\":\"https:\\\/\\\/diariotextual.com\\\/inicio\\\/index.php\\\/2024\\\/03\\\/18\\\/se-inauguro-la-semana-de-la-memoria-popular-en-santa-rosa\\\/#article\",\"isPartOf\":{\"@id\":\"https:\\\/\\\/diariotextual.com\\\/inicio\\\/index.php\\\/2024\\\/03\\\/18\\\/se-inauguro-la-semana-de-la-memoria-popular-en-santa-rosa\\\/\"},\"author\":{\"name\":\"diario3\",\"@id\":\"https:\\\/\\\/diariotextual.com\\\/inicio\\\/#\\\/schema\\\/person\\\/a1b6f563e0ee944c60f98119389a4d9f\"},\"headline\":\"Se inaugur\u00f3 la Semana de la Memoria Popular en Santa Rosa\",\"datePublished\":\"2024-03-18T21:22:46+00:00\",\"dateModified\":\"2024-03-18T21:22:49+00:00\",\"mainEntityOfPage\":{\"@id\":\"https:\\\/\\\/diariotextual.com\\\/inicio\\\/index.php\\\/2024\\\/03\\\/18\\\/se-inauguro-la-semana-de-la-memoria-popular-en-santa-rosa\\\/\"},\"wordCount\":397,\"publisher\":{\"@id\":\"https:\\\/\\\/diariotextual.com\\\/inicio\\\/#organization\"},\"image\":{\"@id\":\"https:\\\/\\\/diariotextual.com\\\/inicio\\\/index.php\\\/2024\\\/03\\\/18\\\/se-inauguro-la-semana-de-la-memoria-popular-en-santa-rosa\\\/#primaryimage\"},\"thumbnailUrl\":\"https:\\\/\\\/diariotextual.com\\\/inicio\\\/wp-content\\\/uploads\\\/2024\\\/03\\\/semanadelamemoriapopular2024.jpg\",\"keywords\":[\"24M\",\"memoria\"],\"articleSection\":[\"A - ES NOTICIA (van abajo)\",\"POLITICA\"],\"inLanguage\":\"es\"},{\"@type\":\"WebPage\",\"@id\":\"https:\\\/\\\/diariotextual.com\\\/inicio\\\/index.php\\\/2024\\\/03\\\/18\\\/se-inauguro-la-semana-de-la-memoria-popular-en-santa-rosa\\\/\",\"url\":\"https:\\\/\\\/diariotextual.com\\\/inicio\\\/index.php\\\/2024\\\/03\\\/18\\\/se-inauguro-la-semana-de-la-memoria-popular-en-santa-rosa\\\/\",\"name\":\"Se inaugur\u00f3 la Semana de la Memoria Popular en Santa Rosa - Diario Textual\",\"isPartOf\":{\"@id\":\"https:\\\/\\\/diariotextual.com\\\/inicio\\\/#website\"},\"primaryImageOfPage\":{\"@id\":\"https:\\\/\\\/diariotextual.com\\\/inicio\\\/index.php\\\/2024\\\/03\\\/18\\\/se-inauguro-la-semana-de-la-memoria-popular-en-santa-rosa\\\/#primaryimage\"},\"image\":{\"@id\":\"https:\\\/\\\/diariotextual.com\\\/inicio\\\/index.php\\\/2024\\\/03\\\/18\\\/se-inauguro-la-semana-de-la-memoria-popular-en-santa-rosa\\\/#primaryimage\"},\"thumbnailUrl\":\"https:\\\/\\\/diariotextual.com\\\/inicio\\\/wp-content\\\/uploads\\\/2024\\\/03\\\/semanadelamemoriapopular2024.jpg\",\"datePublished\":\"2024-03-18T21:22:46+00:00\",\"dateModified\":\"2024-03-18T21:22:49+00:00\",\"breadcrumb\":{\"@id\":\"https:\\\/\\\/diariotextual.com\\\/inicio\\\/index.php\\\/2024\\\/03\\\/18\\\/se-inauguro-la-semana-de-la-memoria-popular-en-santa-rosa\\\/#breadcrumb\"},\"inLanguage\":\"es\",\"potentialAction\":[{\"@type\":\"ReadAction\",\"target\":[\"https:\\\/\\\/diariotextual.com\\\/inicio\\\/index.php\\\/2024\\\/03\\\/18\\\/se-inauguro-la-semana-de-la-memoria-popular-en-santa-rosa\\\/\"]}]},{\"@type\":\"ImageObject\",\"inLanguage\":\"es\",\"@id\":\"https:\\\/\\\/diariotextual.com\\\/inicio\\\/index.php\\\/2024\\\/03\\\/18\\\/se-inauguro-la-semana-de-la-memoria-popular-en-santa-rosa\\\/#primaryimage\",\"url\":\"https:\\\/\\\/diariotextual.com\\\/inicio\\\/wp-content\\\/uploads\\\/2024\\\/03\\\/semanadelamemoriapopular2024.jpg\",\"contentUrl\":\"https:\\\/\\\/diariotextual.com\\\/inicio\\\/wp-content\\\/uploads\\\/2024\\\/03\\\/semanadelamemoriapopular2024.jpg\",\"width\":900,\"height\":503},{\"@type\":\"BreadcrumbList\",\"@id\":\"https:\\\/\\\/diariotextual.com\\\/inicio\\\/index.php\\\/2024\\\/03\\\/18\\\/se-inauguro-la-semana-de-la-memoria-popular-en-santa-rosa\\\/#breadcrumb\",\"itemListElement\":[{\"@type\":\"ListItem\",\"position\":1,\"name\":\"Portada\",\"item\":\"https:\\\/\\\/diariotextual.com\\\/inicio\\\/\"},{\"@type\":\"ListItem\",\"position\":2,\"name\":\"Se inaugur\u00f3 la Semana de la Memoria Popular en Santa Rosa\"}]},{\"@type\":\"WebSite\",\"@id\":\"https:\\\/\\\/diariotextual.com\\\/inicio\\\/#website\",\"url\":\"https:\\\/\\\/diariotextual.com\\\/inicio\\\/\",\"name\":\"Diario Textual\",\"description\":\"\",\"publisher\":{\"@id\":\"https:\\\/\\\/diariotextual.com\\\/inicio\\\/#organization\"},\"potentialAction\":[{\"@type\":\"SearchAction\",\"target\":{\"@type\":\"EntryPoint\",\"urlTemplate\":\"https:\\\/\\\/diariotextual.com\\\/inicio\\\/?s={search_term_string}\"},\"query-input\":{\"@type\":\"PropertyValueSpecification\",\"valueRequired\":true,\"valueName\":\"search_term_string\"}}],\"inLanguage\":\"es\"},{\"@type\":\"Organization\",\"@id\":\"https:\\\/\\\/diariotextual.com\\\/inicio\\\/#organization\",\"name\":\"Diario Textual\",\"url\":\"https:\\\/\\\/diariotextual.com\\\/inicio\\\/\",\"logo\":{\"@type\":\"ImageObject\",\"inLanguage\":\"es\",\"@id\":\"https:\\\/\\\/diariotextual.com\\\/inicio\\\/#\\\/schema\\\/logo\\\/image\\\/\",\"url\":\"https:\\\/\\\/diariotextual.com\\\/inicio\\\/wp-content\\\/uploads\\\/2023\\\/05\\\/logotextual1.jpg\",\"contentUrl\":\"https:\\\/\\\/diariotextual.com\\\/inicio\\\/wp-content\\\/uploads\\\/2023\\\/05\\\/logotextual1.jpg\",\"width\":516,\"height\":76,\"caption\":\"Diario Textual\"},\"image\":{\"@id\":\"https:\\\/\\\/diariotextual.com\\\/inicio\\\/#\\\/schema\\\/logo\\\/image\\\/\"},\"sameAs\":[\"https:\\\/\\\/www.facebook.com\\\/eltextual\",\"https:\\\/\\\/x.com\\\/eltextual\",\"http:\\\/\\\/www.instagram.com\\\/eltextual\"]},{\"@type\":\"Person\",\"@id\":\"https:\\\/\\\/diariotextual.com\\\/inicio\\\/#\\\/schema\\\/person\\\/a1b6f563e0ee944c60f98119389a4d9f\",\"name\":\"diario3\",\"image\":{\"@type\":\"ImageObject\",\"inLanguage\":\"es\",\"@id\":\"https:\\\/\\\/secure.gravatar.com\\\/avatar\\\/5e7ee62c82fc04d9dd79d746a390d93c69c43223e5faeeb3ea9461ef752bfc5d?s=96&d=mm&r=g\",\"url\":\"https:\\\/\\\/secure.gravatar.com\\\/avatar\\\/5e7ee62c82fc04d9dd79d746a390d93c69c43223e5faeeb3ea9461ef752bfc5d?s=96&d=mm&r=g\",\"contentUrl\":\"https:\\\/\\\/secure.gravatar.com\\\/avatar\\\/5e7ee62c82fc04d9dd79d746a390d93c69c43223e5faeeb3ea9461ef752bfc5d?s=96&d=mm&r=g\",\"caption\":\"diario3\"},\"url\":\"https:\\\/\\\/diariotextual.com\\\/inicio\\\/index.php\\\/author\\\/diario3\\\/\"}]}<\/script>\n<!-- \/ Yoast SEO plugin. -->","yoast_head_json":{"title":"Se inaugur\u00f3 la Semana de la Memoria Popular en Santa Rosa - Diario Textual","robots":{"index":"index","follow":"follow","max-snippet":"max-snippet:-1","max-image-preview":"max-image-preview:large","max-video-preview":"max-video-preview:-1"},"canonical":"https:\/\/diariotextual.com\/inicio\/index.php\/2024\/03\/18\/se-inauguro-la-semana-de-la-memoria-popular-en-santa-rosa\/","og_locale":"es_ES","og_type":"article","og_title":"Se inaugur\u00f3 la Semana de la Memoria Popular en Santa Rosa - Diario Textual","og_description":"Con la presencia de autoridades provinciales y municipales y concejales y concejalas santarrose\u00f1os, miembros de organizaciones y familiares de v\u00edctimas, se realiz\u00f3 este lunes el acto de apertura de la&hellip;","og_url":"https:\/\/diariotextual.com\/inicio\/index.php\/2024\/03\/18\/se-inauguro-la-semana-de-la-memoria-popular-en-santa-rosa\/","og_site_name":"Diario Textual","article_publisher":"https:\/\/www.facebook.com\/eltextual","article_published_time":"2024-03-18T21:22:46+00:00","article_modified_time":"2024-03-18T21:22:49+00:00","og_image":[{"width":900,"height":503,"url":"https:\/\/diariotextual.com\/inicio\/wp-content\/uploads\/2024\/03\/semanadelamemoriapopular2024.jpg","type":"image\/jpeg"}],"author":"diario3","twitter_card":"summary_large_image","twitter_creator":"@eltextual","twitter_site":"@eltextual","twitter_misc":{"Escrito por":"diario3","Tiempo de lectura":"2 minutos"},"schema":{"@context":"https:\/\/schema.org","@graph":[{"@type":"Article","@id":"https:\/\/diariotextual.com\/inicio\/index.php\/2024\/03\/18\/se-inauguro-la-semana-de-la-memoria-popular-en-santa-rosa\/#article","isPartOf":{"@id":"https:\/\/diariotextual.com\/inicio\/index.php\/2024\/03\/18\/se-inauguro-la-semana-de-la-memoria-popular-en-santa-rosa\/"},"author":{"name":"diario3","@id":"https:\/\/diariotextual.com\/inicio\/#\/schema\/person\/a1b6f563e0ee944c60f98119389a4d9f"},"headline":"Se inaugur\u00f3 la Semana de la Memoria Popular en Santa Rosa","datePublished":"2024-03-18T21:22:46+00:00","dateModified":"2024-03-18T21:22:49+00:00","mainEntityOfPage":{"@id":"https:\/\/diariotextual.com\/inicio\/index.php\/2024\/03\/18\/se-inauguro-la-semana-de-la-memoria-popular-en-santa-rosa\/"},"wordCount":397,"publisher":{"@id":"https:\/\/diariotextual.com\/inicio\/#organization"},"image":{"@id":"https:\/\/diariotextual.com\/inicio\/index.php\/2024\/03\/18\/se-inauguro-la-semana-de-la-memoria-popular-en-santa-rosa\/#primaryimage"},"thumbnailUrl":"https:\/\/diariotextual.com\/inicio\/wp-content\/uploads\/2024\/03\/semanadelamemoriapopular2024.jpg","keywords":["24M","memoria"],"articleSection":["A - ES NOTICIA (van abajo)","POLITICA"],"inLanguage":"es"},{"@type":"WebPage","@id":"https:\/\/diariotextual.com\/inicio\/index.php\/2024\/03\/18\/se-inauguro-la-semana-de-la-memoria-popular-en-santa-rosa\/","url":"https:\/\/diariotextual.com\/inicio\/index.php\/2024\/03\/18\/se-inauguro-la-semana-de-la-memoria-popular-en-santa-rosa\/","name":"Se inaugur\u00f3 la Semana de la Memoria Popular en Santa Rosa - Diario Textual","isPartOf":{"@id":"https:\/\/diariotextual.com\/inicio\/#website"},"primaryImageOfPage":{"@id":"https:\/\/diariotextual.com\/inicio\/index.php\/2024\/03\/18\/se-inauguro-la-semana-de-la-memoria-popular-en-santa-rosa\/#primaryimage"},"image":{"@id":"https:\/\/diariotextual.com\/inicio\/index.php\/2024\/03\/18\/se-inauguro-la-semana-de-la-memoria-popular-en-santa-rosa\/#primaryimage"},"thumbnailUrl":"https:\/\/diariotextual.com\/inicio\/wp-content\/uploads\/2024\/03\/semanadelamemoriapopular2024.jpg","datePublished":"2024-03-18T21:22:46+00:00","dateModified":"2024-03-18T21:22:49+00:00","breadcrumb":{"@id":"https:\/\/diariotextual.com\/inicio\/index.php\/2024\/03\/18\/se-inauguro-la-semana-de-la-memoria-popular-en-santa-rosa\/#breadcrumb"},"inLanguage":"es","potentialAction":[{"@type":"ReadAction","target":["https:\/\/diariotextual.com\/inicio\/index.php\/2024\/03\/18\/se-inauguro-la-semana-de-la-memoria-popular-en-santa-rosa\/"]}]},{"@type":"ImageObject","inLanguage":"es","@id":"https:\/\/diariotextual.com\/inicio\/index.php\/2024\/03\/18\/se-inauguro-la-semana-de-la-memoria-popular-en-santa-rosa\/#primaryimage","url":"https:\/\/diariotextual.com\/inicio\/wp-content\/uploads\/2024\/03\/semanadelamemoriapopular2024.jpg","contentUrl":"https:\/\/diariotextual.com\/inicio\/wp-content\/uploads\/2024\/03\/semanadelamemoriapopular2024.jpg","width":900,"height":503},{"@type":"BreadcrumbList","@id":"https:\/\/diariotextual.com\/inicio\/index.php\/2024\/03\/18\/se-inauguro-la-semana-de-la-memoria-popular-en-santa-rosa\/#breadcrumb","itemListElement":[{"@type":"ListItem","position":1,"name":"Portada","item":"https:\/\/diariotextual.com\/inicio\/"},{"@type":"ListItem","position":2,"name":"Se inaugur\u00f3 la Semana de la Memoria Popular en Santa Rosa"}]},{"@type":"WebSite","@id":"https:\/\/diariotextual.com\/inicio\/#website","url":"https:\/\/diariotextual.com\/inicio\/","name":"Diario Textual","description":"","publisher":{"@id":"https:\/\/diariotextual.com\/inicio\/#organization"},"potentialAction":[{"@type":"SearchAction","target":{"@type":"EntryPoint","urlTemplate":"https:\/\/diariotextual.com\/inicio\/?s={search_term_string}"},"query-input":{"@type":"PropertyValueSpecification","valueRequired":true,"valueName":"search_term_string"}}],"inLanguage":"es"},{"@type":"Organization","@id":"https:\/\/diariotextual.com\/inicio\/#organization","name":"Diario Textual","url":"https:\/\/diariotextual.com\/inicio\/","logo":{"@type":"ImageObject","inLanguage":"es","@id":"https:\/\/diariotextual.com\/inicio\/#\/schema\/logo\/image\/","url":"https:\/\/diariotextual.com\/inicio\/wp-content\/uploads\/2023\/05\/logotextual1.jpg","contentUrl":"https:\/\/diariotextual.com\/inicio\/wp-content\/uploads\/2023\/05\/logotextual1.jpg","width":516,"height":76,"caption":"Diario Textual"},"image":{"@id":"https:\/\/diariotextual.com\/inicio\/#\/schema\/logo\/image\/"},"sameAs":["https:\/\/www.facebook.com\/eltextual","https:\/\/x.com\/eltextual","http:\/\/www.instagram.com\/eltextual"]},{"@type":"Person","@id":"https:\/\/diariotextual.com\/inicio\/#\/schema\/person\/a1b6f563e0ee944c60f98119389a4d9f","name":"diario3","image":{"@type":"ImageObject","inLanguage":"es","@id":"https:\/\/secure.gravatar.com\/avatar\/5e7ee62c82fc04d9dd79d746a390d93c69c43223e5faeeb3ea9461ef752bfc5d?s=96&d=mm&r=g","url":"https:\/\/secure.gravatar.com\/avatar\/5e7ee62c82fc04d9dd79d746a390d93c69c43223e5faeeb3ea9461ef752bfc5d?s=96&d=mm&r=g","contentUrl":"https:\/\/secure.gravatar.com\/avatar\/5e7ee62c82fc04d9dd79d746a390d93c69c43223e5faeeb3ea9461ef752bfc5d?s=96&d=mm&r=g","caption":"diario3"},"url":"https:\/\/diariotextual.com\/inicio\/index.php\/author\/diario3\/"}]}},"_links":{"self":[{"href":"https:\/\/diariotextual.com\/inicio\/index.php\/wp-json\/wp\/v2\/posts\/257350","targetHints":{"allow":["GET"]}}],"collection":[{"href":"https:\/\/diariotextual.com\/inicio\/index.php\/wp-json\/wp\/v2\/posts"}],"about":[{"href":"https:\/\/diariotextual.com\/inicio\/index.php\/wp-json\/wp\/v2\/types\/post"}],"author":[{"embeddable":true,"href":"https:\/\/diariotextual.com\/inicio\/index.php\/wp-json\/wp\/v2\/users\/5"}],"replies":[{"embeddable":true,"href":"https:\/\/diariotextual.com\/inicio\/index.php\/wp-json\/wp\/v2\/comments?post=257350"}],"version-history":[{"count":1,"href":"https:\/\/diariotextual.com\/inicio\/index.php\/wp-json\/wp\/v2\/posts\/257350\/revisions"}],"predecessor-version":[{"id":257352,"href":"https:\/\/diariotextual.com\/inicio\/index.php\/wp-json\/wp\/v2\/posts\/257350\/revisions\/257352"}],"wp:featuredmedia":[{"embeddable":true,"href":"https:\/\/diariotextual.com\/inicio\/index.php\/wp-json\/wp\/v2\/media\/257351"}],"wp:attachment":[{"href":"https:\/\/diariotextual.com\/inicio\/index.php\/wp-json\/wp\/v2\/media?parent=257350"}],"wp:term":[{"taxonomy":"category","embeddable":true,"href":"https:\/\/diariotextual.com\/inicio\/index.php\/wp-json\/wp\/v2\/categories?post=257350"},{"taxonomy":"post_tag","embeddable":true,"href":"https:\/\/diariotextual.com\/inicio\/index.php\/wp-json\/wp\/v2\/tags?post=257350"}],"curies":[{"name":"wp","href":"https:\/\/api.w.org\/{rel}","templated":true}]}}