{"id":26039,"date":"2018-11-06T21:26:38","date_gmt":"2018-11-07T00:26:38","guid":{"rendered":"http:\/\/diariotextual.com\/inicio\/?p=26039"},"modified":"2018-11-07T08:15:37","modified_gmt":"2018-11-07T11:15:37","slug":"amigos-los-amigos-los-tanques-se-vienen-la-politica-pampeana","status":"publish","type":"post","link":"https:\/\/diariotextual.com\/inicio\/index.php\/2018\/11\/06\/amigos-los-amigos-los-tanques-se-vienen-la-politica-pampeana\/","title":{"rendered":"Amigos son los amigos: los tanques que se vienen en la pol\u00edtica pampeana"},"content":{"rendered":"<p><strong>Por Norberto G. Asquini<\/strong><\/p>\n<p>&nbsp;<\/p>\n<p><!--more--><\/p>\n<p>&nbsp;<\/p>\n<p>Las <strong>coaliciones electorales<\/strong> han terminado ganando terreno en la pol\u00edtica pampeana, como<strong> efecto contagio<\/strong> de lo que ocurre a nivel nacional y en otras provincias. <strong>Antes fueron una herramienta para la oposici\u00f3n, ahora la alianza partidaria ser\u00e1 adoptada por el PJ en un nuevo formato<\/strong> para enfrentar los comicios de 2019. Del acuerdo forzado de Cambiemos al Frente Justicialista que congregue las fuerzas anti-Macri.<\/p>\n<p>&nbsp;<\/p>\n<p><strong>Antecedentes pampeanos<\/strong><\/p>\n<p>La polit\u00f3loga<strong> Paula Cl\u00e9rici<\/strong> afirma qu<strong>e las alianzas electorales son producto de c\u00e1lculos estrat\u00e9gicos<\/strong> que los partidos realizan para enfrentar elecciones de cargos, y como tantas otras decisiones alrededor de las campa\u00f1as y los comicios, se enfocan en la consecuci\u00f3n de maximizar votos, bancas, afiliados o financiamiento. Y lograr la supervivencia pol\u00edtica de las organizaciones.<\/p>\n<p><strong>En La Pampa fueron en los 90 una herramienta electoral para aglutinar a los partidos minoritarios frente al bipartidismo entre el PJ y la UCR<\/strong>. A partir de que los radicales empezaron a perder terreno electoral, comenz\u00f3 a ser adoptado en sus filas como estrategia para afrontar los comicios ante el avance del Fregen-Frepaso, y m\u00e1s recientemente del PRO. Una posibilidad para engrosar su propuesta electoral bajo una sigla y sostenerse como el principal partido de la oposici\u00f3n. As\u00ed se conform\u00f3 la Alianza en 1999, el FRAP en 2003 y el Frepam en 2007 y 2011, para luego pasar a ser Propuesta Frepam en 2015. <strong>La \u00abLista 3\u00bb fue descartada<\/strong> y solo qued\u00f3 como un anhelo de los sectores m\u00e1s l\u00edricos y tradicionales.<\/p>\n<p>&nbsp;<\/p>\n<p><strong>Un acuerdo forzado en la oposici\u00f3n<\/strong><\/p>\n<p>Esta vez <strong>la oposici\u00f3n en La Pampa integrar\u00e1 nuevamente una coalici\u00f3n<\/strong>, que resulta de las necesidades electorales de las dos principales fuerzas que la conforman, el PRO y la UCR, para hacerle fuerza al PJ y tratar de mantener cada uno sus espacios. Una fuerza cobijada por Cambiemos a nivel nacional, a pesar de que los radicales intenten escaparle al nombre.<\/p>\n<p>El avance de Cambiemos, a pesar de estar golpeado por la crisis econ\u00f3mica, y el retraimiento de la UCR marcan la din\u00e1mica de esta fuerza. <strong>Lejos de una coalici\u00f3n a la que se llega por acuerdos, esta vez la unificaci\u00f3n ser\u00e1 forzada.<\/strong> Se va a dar una interna entre el Cambiemos-PRO y la UCR para definir candidatos y listas. Si en Buenos Aires la principal fuerza es el PRO, y en Mendoza es la UCR, y ambas quienes marcan el rumbo de la coalici\u00f3n provincial, en La Pampa hay una suerte de empate despu\u00e9s de las elecciones de 2017 que se tratar\u00e1 de saldar en la pr\u00f3xima votaci\u00f3n.<\/p>\n<p><strong>Las alianzas permitieron ganar espacios a las fuerzas minoritarias aglutinando partidos.<\/strong> En los 90 con el Fregen-Frepaso, pasando por los frentes kirchneristas y filoperonistas en la primera d\u00e9cada del siglo XXI y en el 2013 la macrista Propuesta Federal. Hay quienes ven en las coaliciones una posibilidad de crecer -el alquiler del sello de Pueblo Nuevo permiti\u00f3 sostener su personer\u00eda y al Mofepa llegar a una banca tras casi dos d\u00e9cadas- mientras otros las consideran un peligro -la izquierda pampeana ha estado m\u00e1s interesada en pelear con fuerzas similares para ver qui\u00e9n es m\u00e1s \u00abpuro\u00bb para quedar nadando en el testimonialismo, que en convertirse en sectores con representaci\u00f3n institucional como el FIT a nivel nacional-.<\/p>\n<p>&nbsp;<\/p>\n<p><strong>La novedad justicialista<\/strong><\/p>\n<p>La novedad en 2019 ser\u00e1 el<strong> frente anti-Macri que propone el PJ provincial<\/strong>. Salvo durante los a\u00f1os que estuvo como presidenta Cristina Kirchner en los cu\u00e1les tuvo que llevar como injerto una boleta del Partido Humanista, la sigla del PJ qued\u00f3 inalterable en cada comicio mientras en otras provincias el justicialismo iba con frentes locales o como FPV. Si bien hacia dentro del Justicialismo pampeano el comportamiento interno se ha asemejado a una gran coalici\u00f3n en la que conviven diferentes l\u00edneas y agrupaciones con adscripciones a dirigentes locales o corrientes nacionales.<\/p>\n<p>En 2017 el oficialismo logr\u00f3 que fuerzas del arco peronista adhieran a la boleta del PJ para enfrentar a Cambiemos. La ampliaci\u00f3n de esa idea tom\u00f3 cuerpo despu\u00e9s que la oposici\u00f3n casi gana esas legislativas por apenas 76 votos. Para 2019 ya no ser\u00e1 un \u00abacuerdo program\u00e1tico\u00bb como hace dos a\u00f1os, un invento para que adhirieran a la boleta oficial, sino una alianza electoral formal entre partidos. El \u00abFrente Justicialista\u00bb, o como se denomine, congregar\u00e1 a quienes quieran sumarse. Esto abre la puerta a los consensos y ya est\u00e1n empezando a producirse las primeras reuniones informales. <strong>Entre estas fuerzas figuran el massista Frente Renovador, el kirchnerista Nuevo Encuentro y Pueblo Nuevo, y se piensa en el humanismo. Hasta se considera en sumar al Partido Socialista<\/strong>, refractario a Cambiemos. Si bien primero el PJ debe ordenar el \u00abgran acuerdo\u00bb interno, entre l\u00edneas mayoritarias, alternativas y sectores kirchneristas.<\/p>\n<p>El Justicialismo deber\u00e1 as\u00ed <strong>amalgamar diferentes posiciones pol\u00edticas<\/strong>, como la incorporaci\u00f3n por ejemplo de sectores que aunque adscriben al vector peronista y se ubican como oposici\u00f3n al macrismo, tienen lineamientos que chocan con el oficialismo. Por ejemplo, Pueblo Nuevo, convertido en el arma de la militancia doctrinaria evang\u00e9lica, que cobr\u00f3 fuerza junto al catolicismo de derecha con el debate por la legalizaci\u00f3n del aborto, y ahora avanza contra la Educaci\u00f3n Sexual Integral. Una bandera que a su vez el gobierno provincial ha defendido frente a los embates de Naci\u00f3n en la materia.<\/p>\n<p><strong>El \u00abFrente Justicialista\u00bb y el Cambiemos pampeano ser\u00e1n los dos tanques de la pr\u00f3xima competencia electoral<\/strong>. Ambos tratar\u00e1n de incorporar la mayor cantidad de partidos en sus coaliciones. Estar\u00e1 pendiente en el PJ llevar adelante un posible \u00abgran acuerdo\u00bb hoy complicado por los diversos intereses en juego, y en la oposici\u00f3n intentar unificarse a pesar de las divergencias que no logra esconder ese \u00abmatrimonio por conveniencia\u00bb en que se han convertido.<\/p>\n<p>&nbsp;<\/p>\n<p>&nbsp;<\/p>\n<p>&nbsp;<\/p>\n<p>&nbsp;<\/p>\n","protected":false},"excerpt":{"rendered":"<p>Por Norberto G. Asquini &nbsp;<\/p>\n","protected":false},"author":3,"featured_media":26048,"comment_status":"closed","ping_status":"open","sticky":false,"template":"","format":"standard","meta":{"_acf_changed":false,"footnotes":""},"categories":[319,8],"tags":[],"class_list":["post-26039","post","type-post","status-publish","format-standard","has-post-thumbnail","hentry","category-a-temporales","category-politica"],"acf":[],"yoast_head":"<!-- This site is optimized with the Yoast SEO plugin v27.5 - https:\/\/yoast.com\/product\/yoast-seo-wordpress\/ -->\n<title>Amigos son los amigos: los tanques que se vienen en la pol\u00edtica pampeana - Diario Textual<\/title>\n<meta name=\"robots\" content=\"index, follow, max-snippet:-1, max-image-preview:large, max-video-preview:-1\" \/>\n<link rel=\"canonical\" href=\"https:\/\/diariotextual.com\/inicio\/index.php\/2018\/11\/06\/amigos-los-amigos-los-tanques-se-vienen-la-politica-pampeana\/\" \/>\n<meta property=\"og:locale\" content=\"es_ES\" \/>\n<meta property=\"og:type\" content=\"article\" \/>\n<meta property=\"og:title\" content=\"Amigos son los amigos: los tanques que se vienen en la pol\u00edtica pampeana - Diario Textual\" \/>\n<meta property=\"og:description\" content=\"Por Norberto G. Asquini &nbsp;\" \/>\n<meta property=\"og:url\" content=\"https:\/\/diariotextual.com\/inicio\/index.php\/2018\/11\/06\/amigos-los-amigos-los-tanques-se-vienen-la-politica-pampeana\/\" \/>\n<meta property=\"og:site_name\" content=\"Diario Textual\" \/>\n<meta property=\"article:publisher\" content=\"https:\/\/www.facebook.com\/eltextual\" \/>\n<meta property=\"article:published_time\" content=\"2018-11-07T00:26:38+00:00\" \/>\n<meta property=\"article:modified_time\" content=\"2018-11-07T11:15:37+00:00\" \/>\n<meta property=\"og:image\" content=\"https:\/\/diariotextual.com\/inicio\/wp-content\/uploads\/2018\/11\/eleccionestelamurnas21.jpg\" \/>\n\t<meta property=\"og:image:width\" content=\"1140\" \/>\n\t<meta property=\"og:image:height\" content=\"737\" \/>\n\t<meta property=\"og:image:type\" content=\"image\/jpeg\" \/>\n<meta name=\"author\" content=\"Diario1 Diario1\" \/>\n<meta name=\"twitter:card\" content=\"summary_large_image\" \/>\n<meta name=\"twitter:creator\" content=\"@eltextual\" \/>\n<meta name=\"twitter:site\" content=\"@eltextual\" \/>\n<meta name=\"twitter:label1\" content=\"Escrito por\" \/>\n\t<meta name=\"twitter:data1\" content=\"Diario1 Diario1\" \/>\n\t<meta name=\"twitter:label2\" content=\"Tiempo de lectura\" \/>\n\t<meta name=\"twitter:data2\" content=\"5 minutos\" \/>\n<script type=\"application\/ld+json\" class=\"yoast-schema-graph\">{\"@context\":\"https:\\\/\\\/schema.org\",\"@graph\":[{\"@type\":\"Article\",\"@id\":\"https:\\\/\\\/diariotextual.com\\\/inicio\\\/index.php\\\/2018\\\/11\\\/06\\\/amigos-los-amigos-los-tanques-se-vienen-la-politica-pampeana\\\/#article\",\"isPartOf\":{\"@id\":\"https:\\\/\\\/diariotextual.com\\\/inicio\\\/index.php\\\/2018\\\/11\\\/06\\\/amigos-los-amigos-los-tanques-se-vienen-la-politica-pampeana\\\/\"},\"author\":{\"name\":\"Diario1 Diario1\",\"@id\":\"https:\\\/\\\/diariotextual.com\\\/inicio\\\/#\\\/schema\\\/person\\\/418fc4093c33e86ed41562db3508f958\"},\"headline\":\"Amigos son los amigos: los tanques que se vienen en la pol\u00edtica pampeana\",\"datePublished\":\"2018-11-07T00:26:38+00:00\",\"dateModified\":\"2018-11-07T11:15:37+00:00\",\"mainEntityOfPage\":{\"@id\":\"https:\\\/\\\/diariotextual.com\\\/inicio\\\/index.php\\\/2018\\\/11\\\/06\\\/amigos-los-amigos-los-tanques-se-vienen-la-politica-pampeana\\\/\"},\"wordCount\":1002,\"publisher\":{\"@id\":\"https:\\\/\\\/diariotextual.com\\\/inicio\\\/#organization\"},\"image\":{\"@id\":\"https:\\\/\\\/diariotextual.com\\\/inicio\\\/index.php\\\/2018\\\/11\\\/06\\\/amigos-los-amigos-los-tanques-se-vienen-la-politica-pampeana\\\/#primaryimage\"},\"thumbnailUrl\":\"https:\\\/\\\/diariotextual.com\\\/inicio\\\/wp-content\\\/uploads\\\/2018\\\/11\\\/eleccionestelamurnas21.jpg\",\"articleSection\":[\"A - TEMPORALES\",\"POLITICA\"],\"inLanguage\":\"es\"},{\"@type\":\"WebPage\",\"@id\":\"https:\\\/\\\/diariotextual.com\\\/inicio\\\/index.php\\\/2018\\\/11\\\/06\\\/amigos-los-amigos-los-tanques-se-vienen-la-politica-pampeana\\\/\",\"url\":\"https:\\\/\\\/diariotextual.com\\\/inicio\\\/index.php\\\/2018\\\/11\\\/06\\\/amigos-los-amigos-los-tanques-se-vienen-la-politica-pampeana\\\/\",\"name\":\"Amigos son los amigos: los tanques que se vienen en la pol\u00edtica pampeana - Diario Textual\",\"isPartOf\":{\"@id\":\"https:\\\/\\\/diariotextual.com\\\/inicio\\\/#website\"},\"primaryImageOfPage\":{\"@id\":\"https:\\\/\\\/diariotextual.com\\\/inicio\\\/index.php\\\/2018\\\/11\\\/06\\\/amigos-los-amigos-los-tanques-se-vienen-la-politica-pampeana\\\/#primaryimage\"},\"image\":{\"@id\":\"https:\\\/\\\/diariotextual.com\\\/inicio\\\/index.php\\\/2018\\\/11\\\/06\\\/amigos-los-amigos-los-tanques-se-vienen-la-politica-pampeana\\\/#primaryimage\"},\"thumbnailUrl\":\"https:\\\/\\\/diariotextual.com\\\/inicio\\\/wp-content\\\/uploads\\\/2018\\\/11\\\/eleccionestelamurnas21.jpg\",\"datePublished\":\"2018-11-07T00:26:38+00:00\",\"dateModified\":\"2018-11-07T11:15:37+00:00\",\"breadcrumb\":{\"@id\":\"https:\\\/\\\/diariotextual.com\\\/inicio\\\/index.php\\\/2018\\\/11\\\/06\\\/amigos-los-amigos-los-tanques-se-vienen-la-politica-pampeana\\\/#breadcrumb\"},\"inLanguage\":\"es\",\"potentialAction\":[{\"@type\":\"ReadAction\",\"target\":[\"https:\\\/\\\/diariotextual.com\\\/inicio\\\/index.php\\\/2018\\\/11\\\/06\\\/amigos-los-amigos-los-tanques-se-vienen-la-politica-pampeana\\\/\"]}]},{\"@type\":\"ImageObject\",\"inLanguage\":\"es\",\"@id\":\"https:\\\/\\\/diariotextual.com\\\/inicio\\\/index.php\\\/2018\\\/11\\\/06\\\/amigos-los-amigos-los-tanques-se-vienen-la-politica-pampeana\\\/#primaryimage\",\"url\":\"https:\\\/\\\/diariotextual.com\\\/inicio\\\/wp-content\\\/uploads\\\/2018\\\/11\\\/eleccionestelamurnas21.jpg\",\"contentUrl\":\"https:\\\/\\\/diariotextual.com\\\/inicio\\\/wp-content\\\/uploads\\\/2018\\\/11\\\/eleccionestelamurnas21.jpg\",\"width\":1140,\"height\":737},{\"@type\":\"BreadcrumbList\",\"@id\":\"https:\\\/\\\/diariotextual.com\\\/inicio\\\/index.php\\\/2018\\\/11\\\/06\\\/amigos-los-amigos-los-tanques-se-vienen-la-politica-pampeana\\\/#breadcrumb\",\"itemListElement\":[{\"@type\":\"ListItem\",\"position\":1,\"name\":\"Portada\",\"item\":\"https:\\\/\\\/diariotextual.com\\\/inicio\\\/\"},{\"@type\":\"ListItem\",\"position\":2,\"name\":\"Amigos son los amigos: los tanques que se vienen en la pol\u00edtica pampeana\"}]},{\"@type\":\"WebSite\",\"@id\":\"https:\\\/\\\/diariotextual.com\\\/inicio\\\/#website\",\"url\":\"https:\\\/\\\/diariotextual.com\\\/inicio\\\/\",\"name\":\"Diario Textual\",\"description\":\"\",\"publisher\":{\"@id\":\"https:\\\/\\\/diariotextual.com\\\/inicio\\\/#organization\"},\"potentialAction\":[{\"@type\":\"SearchAction\",\"target\":{\"@type\":\"EntryPoint\",\"urlTemplate\":\"https:\\\/\\\/diariotextual.com\\\/inicio\\\/?s={search_term_string}\"},\"query-input\":{\"@type\":\"PropertyValueSpecification\",\"valueRequired\":true,\"valueName\":\"search_term_string\"}}],\"inLanguage\":\"es\"},{\"@type\":\"Organization\",\"@id\":\"https:\\\/\\\/diariotextual.com\\\/inicio\\\/#organization\",\"name\":\"Diario Textual\",\"url\":\"https:\\\/\\\/diariotextual.com\\\/inicio\\\/\",\"logo\":{\"@type\":\"ImageObject\",\"inLanguage\":\"es\",\"@id\":\"https:\\\/\\\/diariotextual.com\\\/inicio\\\/#\\\/schema\\\/logo\\\/image\\\/\",\"url\":\"https:\\\/\\\/diariotextual.com\\\/inicio\\\/wp-content\\\/uploads\\\/2023\\\/05\\\/logotextual1.jpg\",\"contentUrl\":\"https:\\\/\\\/diariotextual.com\\\/inicio\\\/wp-content\\\/uploads\\\/2023\\\/05\\\/logotextual1.jpg\",\"width\":516,\"height\":76,\"caption\":\"Diario Textual\"},\"image\":{\"@id\":\"https:\\\/\\\/diariotextual.com\\\/inicio\\\/#\\\/schema\\\/logo\\\/image\\\/\"},\"sameAs\":[\"https:\\\/\\\/www.facebook.com\\\/eltextual\",\"https:\\\/\\\/x.com\\\/eltextual\",\"http:\\\/\\\/www.instagram.com\\\/eltextual\"]},{\"@type\":\"Person\",\"@id\":\"https:\\\/\\\/diariotextual.com\\\/inicio\\\/#\\\/schema\\\/person\\\/418fc4093c33e86ed41562db3508f958\",\"name\":\"Diario1 Diario1\",\"image\":{\"@type\":\"ImageObject\",\"inLanguage\":\"es\",\"@id\":\"https:\\\/\\\/secure.gravatar.com\\\/avatar\\\/9167d280179c85bc18be67aa7eda765854300033af4896dd779b608640f2ef7a?s=96&d=mm&r=g\",\"url\":\"https:\\\/\\\/secure.gravatar.com\\\/avatar\\\/9167d280179c85bc18be67aa7eda765854300033af4896dd779b608640f2ef7a?s=96&d=mm&r=g\",\"contentUrl\":\"https:\\\/\\\/secure.gravatar.com\\\/avatar\\\/9167d280179c85bc18be67aa7eda765854300033af4896dd779b608640f2ef7a?s=96&d=mm&r=g\",\"caption\":\"Diario1 Diario1\"},\"url\":\"https:\\\/\\\/diariotextual.com\\\/inicio\\\/index.php\\\/author\\\/diario1\\\/\"}]}<\/script>\n<!-- \/ Yoast SEO plugin. -->","yoast_head_json":{"title":"Amigos son los amigos: los tanques que se vienen en la pol\u00edtica pampeana - Diario Textual","robots":{"index":"index","follow":"follow","max-snippet":"max-snippet:-1","max-image-preview":"max-image-preview:large","max-video-preview":"max-video-preview:-1"},"canonical":"https:\/\/diariotextual.com\/inicio\/index.php\/2018\/11\/06\/amigos-los-amigos-los-tanques-se-vienen-la-politica-pampeana\/","og_locale":"es_ES","og_type":"article","og_title":"Amigos son los amigos: los tanques que se vienen en la pol\u00edtica pampeana - Diario Textual","og_description":"Por Norberto G. Asquini &nbsp;","og_url":"https:\/\/diariotextual.com\/inicio\/index.php\/2018\/11\/06\/amigos-los-amigos-los-tanques-se-vienen-la-politica-pampeana\/","og_site_name":"Diario Textual","article_publisher":"https:\/\/www.facebook.com\/eltextual","article_published_time":"2018-11-07T00:26:38+00:00","article_modified_time":"2018-11-07T11:15:37+00:00","og_image":[{"width":1140,"height":737,"url":"https:\/\/diariotextual.com\/inicio\/wp-content\/uploads\/2018\/11\/eleccionestelamurnas21.jpg","type":"image\/jpeg"}],"author":"Diario1 Diario1","twitter_card":"summary_large_image","twitter_creator":"@eltextual","twitter_site":"@eltextual","twitter_misc":{"Escrito por":"Diario1 Diario1","Tiempo de lectura":"5 minutos"},"schema":{"@context":"https:\/\/schema.org","@graph":[{"@type":"Article","@id":"https:\/\/diariotextual.com\/inicio\/index.php\/2018\/11\/06\/amigos-los-amigos-los-tanques-se-vienen-la-politica-pampeana\/#article","isPartOf":{"@id":"https:\/\/diariotextual.com\/inicio\/index.php\/2018\/11\/06\/amigos-los-amigos-los-tanques-se-vienen-la-politica-pampeana\/"},"author":{"name":"Diario1 Diario1","@id":"https:\/\/diariotextual.com\/inicio\/#\/schema\/person\/418fc4093c33e86ed41562db3508f958"},"headline":"Amigos son los amigos: los tanques que se vienen en la pol\u00edtica pampeana","datePublished":"2018-11-07T00:26:38+00:00","dateModified":"2018-11-07T11:15:37+00:00","mainEntityOfPage":{"@id":"https:\/\/diariotextual.com\/inicio\/index.php\/2018\/11\/06\/amigos-los-amigos-los-tanques-se-vienen-la-politica-pampeana\/"},"wordCount":1002,"publisher":{"@id":"https:\/\/diariotextual.com\/inicio\/#organization"},"image":{"@id":"https:\/\/diariotextual.com\/inicio\/index.php\/2018\/11\/06\/amigos-los-amigos-los-tanques-se-vienen-la-politica-pampeana\/#primaryimage"},"thumbnailUrl":"https:\/\/diariotextual.com\/inicio\/wp-content\/uploads\/2018\/11\/eleccionestelamurnas21.jpg","articleSection":["A - TEMPORALES","POLITICA"],"inLanguage":"es"},{"@type":"WebPage","@id":"https:\/\/diariotextual.com\/inicio\/index.php\/2018\/11\/06\/amigos-los-amigos-los-tanques-se-vienen-la-politica-pampeana\/","url":"https:\/\/diariotextual.com\/inicio\/index.php\/2018\/11\/06\/amigos-los-amigos-los-tanques-se-vienen-la-politica-pampeana\/","name":"Amigos son los amigos: los tanques que se vienen en la pol\u00edtica pampeana - Diario Textual","isPartOf":{"@id":"https:\/\/diariotextual.com\/inicio\/#website"},"primaryImageOfPage":{"@id":"https:\/\/diariotextual.com\/inicio\/index.php\/2018\/11\/06\/amigos-los-amigos-los-tanques-se-vienen-la-politica-pampeana\/#primaryimage"},"image":{"@id":"https:\/\/diariotextual.com\/inicio\/index.php\/2018\/11\/06\/amigos-los-amigos-los-tanques-se-vienen-la-politica-pampeana\/#primaryimage"},"thumbnailUrl":"https:\/\/diariotextual.com\/inicio\/wp-content\/uploads\/2018\/11\/eleccionestelamurnas21.jpg","datePublished":"2018-11-07T00:26:38+00:00","dateModified":"2018-11-07T11:15:37+00:00","breadcrumb":{"@id":"https:\/\/diariotextual.com\/inicio\/index.php\/2018\/11\/06\/amigos-los-amigos-los-tanques-se-vienen-la-politica-pampeana\/#breadcrumb"},"inLanguage":"es","potentialAction":[{"@type":"ReadAction","target":["https:\/\/diariotextual.com\/inicio\/index.php\/2018\/11\/06\/amigos-los-amigos-los-tanques-se-vienen-la-politica-pampeana\/"]}]},{"@type":"ImageObject","inLanguage":"es","@id":"https:\/\/diariotextual.com\/inicio\/index.php\/2018\/11\/06\/amigos-los-amigos-los-tanques-se-vienen-la-politica-pampeana\/#primaryimage","url":"https:\/\/diariotextual.com\/inicio\/wp-content\/uploads\/2018\/11\/eleccionestelamurnas21.jpg","contentUrl":"https:\/\/diariotextual.com\/inicio\/wp-content\/uploads\/2018\/11\/eleccionestelamurnas21.jpg","width":1140,"height":737},{"@type":"BreadcrumbList","@id":"https:\/\/diariotextual.com\/inicio\/index.php\/2018\/11\/06\/amigos-los-amigos-los-tanques-se-vienen-la-politica-pampeana\/#breadcrumb","itemListElement":[{"@type":"ListItem","position":1,"name":"Portada","item":"https:\/\/diariotextual.com\/inicio\/"},{"@type":"ListItem","position":2,"name":"Amigos son los amigos: los tanques que se vienen en la pol\u00edtica pampeana"}]},{"@type":"WebSite","@id":"https:\/\/diariotextual.com\/inicio\/#website","url":"https:\/\/diariotextual.com\/inicio\/","name":"Diario Textual","description":"","publisher":{"@id":"https:\/\/diariotextual.com\/inicio\/#organization"},"potentialAction":[{"@type":"SearchAction","target":{"@type":"EntryPoint","urlTemplate":"https:\/\/diariotextual.com\/inicio\/?s={search_term_string}"},"query-input":{"@type":"PropertyValueSpecification","valueRequired":true,"valueName":"search_term_string"}}],"inLanguage":"es"},{"@type":"Organization","@id":"https:\/\/diariotextual.com\/inicio\/#organization","name":"Diario Textual","url":"https:\/\/diariotextual.com\/inicio\/","logo":{"@type":"ImageObject","inLanguage":"es","@id":"https:\/\/diariotextual.com\/inicio\/#\/schema\/logo\/image\/","url":"https:\/\/diariotextual.com\/inicio\/wp-content\/uploads\/2023\/05\/logotextual1.jpg","contentUrl":"https:\/\/diariotextual.com\/inicio\/wp-content\/uploads\/2023\/05\/logotextual1.jpg","width":516,"height":76,"caption":"Diario Textual"},"image":{"@id":"https:\/\/diariotextual.com\/inicio\/#\/schema\/logo\/image\/"},"sameAs":["https:\/\/www.facebook.com\/eltextual","https:\/\/x.com\/eltextual","http:\/\/www.instagram.com\/eltextual"]},{"@type":"Person","@id":"https:\/\/diariotextual.com\/inicio\/#\/schema\/person\/418fc4093c33e86ed41562db3508f958","name":"Diario1 Diario1","image":{"@type":"ImageObject","inLanguage":"es","@id":"https:\/\/secure.gravatar.com\/avatar\/9167d280179c85bc18be67aa7eda765854300033af4896dd779b608640f2ef7a?s=96&d=mm&r=g","url":"https:\/\/secure.gravatar.com\/avatar\/9167d280179c85bc18be67aa7eda765854300033af4896dd779b608640f2ef7a?s=96&d=mm&r=g","contentUrl":"https:\/\/secure.gravatar.com\/avatar\/9167d280179c85bc18be67aa7eda765854300033af4896dd779b608640f2ef7a?s=96&d=mm&r=g","caption":"Diario1 Diario1"},"url":"https:\/\/diariotextual.com\/inicio\/index.php\/author\/diario1\/"}]}},"_links":{"self":[{"href":"https:\/\/diariotextual.com\/inicio\/index.php\/wp-json\/wp\/v2\/posts\/26039","targetHints":{"allow":["GET"]}}],"collection":[{"href":"https:\/\/diariotextual.com\/inicio\/index.php\/wp-json\/wp\/v2\/posts"}],"about":[{"href":"https:\/\/diariotextual.com\/inicio\/index.php\/wp-json\/wp\/v2\/types\/post"}],"author":[{"embeddable":true,"href":"https:\/\/diariotextual.com\/inicio\/index.php\/wp-json\/wp\/v2\/users\/3"}],"replies":[{"embeddable":true,"href":"https:\/\/diariotextual.com\/inicio\/index.php\/wp-json\/wp\/v2\/comments?post=26039"}],"version-history":[{"count":3,"href":"https:\/\/diariotextual.com\/inicio\/index.php\/wp-json\/wp\/v2\/posts\/26039\/revisions"}],"predecessor-version":[{"id":26042,"href":"https:\/\/diariotextual.com\/inicio\/index.php\/wp-json\/wp\/v2\/posts\/26039\/revisions\/26042"}],"wp:featuredmedia":[{"embeddable":true,"href":"https:\/\/diariotextual.com\/inicio\/index.php\/wp-json\/wp\/v2\/media\/26048"}],"wp:attachment":[{"href":"https:\/\/diariotextual.com\/inicio\/index.php\/wp-json\/wp\/v2\/media?parent=26039"}],"wp:term":[{"taxonomy":"category","embeddable":true,"href":"https:\/\/diariotextual.com\/inicio\/index.php\/wp-json\/wp\/v2\/categories?post=26039"},{"taxonomy":"post_tag","embeddable":true,"href":"https:\/\/diariotextual.com\/inicio\/index.php\/wp-json\/wp\/v2\/tags?post=26039"}],"curies":[{"name":"wp","href":"https:\/\/api.w.org\/{rel}","templated":true}]}}