{"id":26151,"date":"2018-11-06T20:36:32","date_gmt":"2018-11-06T23:36:32","guid":{"rendered":"http:\/\/diariotextual.com\/inicio\/?p=26151"},"modified":"2018-11-07T08:01:03","modified_gmt":"2018-11-07T11:01:03","slug":"pichetto-acuso-gobernadores-del-pj-ponerse-traje-cubano-la-revolucion","status":"publish","type":"post","link":"https:\/\/diariotextual.com\/inicio\/index.php\/2018\/11\/06\/pichetto-acuso-gobernadores-del-pj-ponerse-traje-cubano-la-revolucion\/","title":{"rendered":"Pichetto acus\u00f3 a gobernadores del PJ de \u201cponerse el traje cubano de la revoluci\u00f3n\u201d"},"content":{"rendered":"<p>\u00bfLo dijo por<strong> Carlos Verna<\/strong>? El presidente del bloque del PJ, <strong>Miguel Pichetto<\/strong>, cuestion\u00f3 a gobernadores que se oponen al Presupuesto 2019. <strong>\u00abAlgunos quieren prender fuego a la pradera. Algunos gobernadores se compraron el traje cubano de la revoluci\u00f3n\u201d<\/strong>, dijo.<\/p>\n<p>Cambiemos logr\u00f3 dictamen en el Senado del presupuesto 2019 con la firma del salte\u00f1o Juan Carlos Romero y otros peronistas del bloque de Miguel Pichetto, que se cruz\u00f3 duro con su compa\u00f1ero Jos\u00e9 Mayans, uno de los impulsores de restablecer el fondo sojero a las provincias.<\/p>\n<p>\u00abYo hablo por m\u00ed. Y me hago cargo de lo que digo. No tengo doble discurso\u00bb, se defendi\u00f3 el rionegrino, cuando Mayans, silla de por medio, le hablaba encima para deslegitimar el discurso con el que abri\u00f3 la Comisi\u00f3n de Presupuesto.<\/p>\n<p>Rogelio Frigerio, invitado a exponer, observaba en vivo la interna peronista que oblig\u00f3 a Esteban Bullrich a callarlos la discusi\u00f3n a los gritos. \u00ab\u00a1Basta! \u00a1No estamos en Formosa!\u00bb, lleg\u00f3 a decirle a Mayans, seg\u00fan reprodujo el portal La Pol\u00edtica Online.<\/p>\n<p><strong>La disputa ahora pasa por ver si el Gobierno logra frenar la rebeli\u00f3n peronista y la sesi\u00f3n del 14 de noviembre se reduce al presupuesto y las leyes econ\u00f3micas, o se vota tambi\u00e9n la derogaci\u00f3n del decreto que elimin\u00f3 el FFS en agosto, un golpe a los planes de d\u00e9ficit cero.<\/strong><\/p>\n<p>Cambiemos transpir\u00f3 mucho para conseguir un dictamen de mayor\u00eda que parec\u00eda seguro: como anticip\u00f3 LPO, Rodolfo Urubey fue el primero en poner el gancho junto a los 7 de Cambiemos pero faltaba uno, Romero se hab\u00eda ido a su despacho despu\u00e9s de un discurso ultra oficialista y cuando volvi\u00f3 Bullirch pudo respirar tranquilo.<\/p>\n<p>Es que el resto de los senadores justicialistas iban y ven\u00edan: Carlos Caserio se hac\u00eda el distra\u00eddo, el fueguino Jos\u00e9 Ojeda nunca apareci\u00f3, la tucumana Beatriz Mirkin y el santafesino Omar Perotti votar\u00e1n en contra del presupuesto y Carlos Esp\u00ednola, tarde, acept\u00f3 firmar, pero en disidencia parcial.<\/p>\n<p>Como en Diputados, Frigerio dedic\u00f3 su breve discurso a justificar la derogaci\u00f3n del Fondo sojero, una caja que se compon\u00eda del 30% de las exportaciones de soja y el a\u00f1o que viene iba a representar entre 60 y 100 mil millones de pesos a distribuir entre las provincias.\u00a0\u00abCon el Fondo Sojero las provincias recib\u00edan 36 mil millones de pesos, pero con la restituci\u00f3n del 15% de Anses, los estados provinciales recibir\u00e1n 173.800, lo que da una diferencia de 137.800 millones de pesos a favor de las provincias\u00bb, dijo.<\/p>\n<p>\u00abEsto tambi\u00e9n explica por qu\u00e9 las provincias est\u00e1n casi en el equilibrio y hoy muestran super\u00e1vit o equilibrio. Cada vez hay menos recursos discrecionales, con mayor autonom\u00eda a las provincias\u00bb, subray\u00f3 el ministro.<\/p>\n<p>Como Pichetto un rato antes, record\u00f3 que Buenos Aires fue la m\u00e1s perjudicada con la adenda del pacto fiscal por el volumen de la transferencia de subsidios.<\/p>\n<blockquote class=\"wp-embedded-content\" data-secret=\"0oUMZjTppy\"><p><a href=\"http:\/\/diariotextual.com\/inicio\/index.php\/2018\/11\/06\/amigos-los-amigos-los-tanques-se-vienen-la-politica-pampeana\/\">Amigos son los amigos: los tanques que se vienen en la pol\u00edtica pampeana<\/a><\/p><\/blockquote>\n<p><iframe class=\"wp-embedded-content\" sandbox=\"allow-scripts\" security=\"restricted\" style=\"position: absolute; clip: rect(1px, 1px, 1px, 1px);\" src=\"http:\/\/diariotextual.com\/inicio\/index.php\/2018\/11\/06\/amigos-los-amigos-los-tanques-se-vienen-la-politica-pampeana\/embed\/#?secret=0oUMZjTppy\" data-secret=\"0oUMZjTppy\" width=\"600\" height=\"338\" title=\"&#8220;Amigos son los amigos: los tanques que se vienen en la pol\u00edtica pampeana&#8221; &#8212; Diario Textual\" frameborder=\"0\" marginwidth=\"0\" marginheight=\"0\" scrolling=\"no\"><\/iframe><\/p>\n<p>&nbsp;<\/p>\n<p>&nbsp;<\/p>\n","protected":false},"excerpt":{"rendered":"<p>\u00bfLo dijo por Carlos Verna? El presidente del bloque del PJ, Miguel Pichetto, cuestion\u00f3 a gobernadores que se oponen al Presupuesto 2019. \u00abAlgunos quieren prender fuego a la pradera. Algunos&hellip;<\/p>\n","protected":false},"author":3,"featured_media":26154,"comment_status":"closed","ping_status":"open","sticky":false,"template":"","format":"standard","meta":{"_acf_changed":false,"footnotes":""},"categories":[4,1,5],"tags":[],"class_list":["post-26151","post","type-post","status-publish","format-standard","has-post-thumbnail","hentry","category-destacadas","category-es-noticia","category-economia"],"acf":[],"yoast_head":"<!-- This site is optimized with the Yoast SEO plugin v27.5 - https:\/\/yoast.com\/product\/yoast-seo-wordpress\/ -->\n<title>Pichetto acus\u00f3 a gobernadores del PJ de \u201cponerse el traje cubano de la revoluci\u00f3n\u201d - Diario Textual<\/title>\n<meta name=\"robots\" content=\"index, follow, max-snippet:-1, max-image-preview:large, max-video-preview:-1\" \/>\n<link rel=\"canonical\" href=\"https:\/\/diariotextual.com\/inicio\/index.php\/2018\/11\/06\/pichetto-acuso-gobernadores-del-pj-ponerse-traje-cubano-la-revolucion\/\" \/>\n<meta property=\"og:locale\" content=\"es_ES\" \/>\n<meta property=\"og:type\" content=\"article\" \/>\n<meta property=\"og:title\" content=\"Pichetto acus\u00f3 a gobernadores del PJ de \u201cponerse el traje cubano de la revoluci\u00f3n\u201d - Diario Textual\" \/>\n<meta property=\"og:description\" content=\"\u00bfLo dijo por Carlos Verna? El presidente del bloque del PJ, Miguel Pichetto, cuestion\u00f3 a gobernadores que se oponen al Presupuesto 2019. \u00abAlgunos quieren prender fuego a la pradera. Algunos&hellip;\" \/>\n<meta property=\"og:url\" content=\"https:\/\/diariotextual.com\/inicio\/index.php\/2018\/11\/06\/pichetto-acuso-gobernadores-del-pj-ponerse-traje-cubano-la-revolucion\/\" \/>\n<meta property=\"og:site_name\" content=\"Diario Textual\" \/>\n<meta property=\"article:publisher\" content=\"https:\/\/www.facebook.com\/eltextual\" \/>\n<meta property=\"article:published_time\" content=\"2018-11-06T23:36:32+00:00\" \/>\n<meta property=\"article:modified_time\" content=\"2018-11-07T11:01:03+00:00\" \/>\n<meta property=\"og:image\" content=\"https:\/\/diariotextual.com\/inicio\/wp-content\/uploads\/2018\/11\/pichettomiguel23.jpg\" \/>\n\t<meta property=\"og:image:width\" content=\"542\" \/>\n\t<meta property=\"og:image:height\" content=\"363\" \/>\n\t<meta property=\"og:image:type\" content=\"image\/jpeg\" \/>\n<meta name=\"author\" content=\"Diario1 Diario1\" \/>\n<meta name=\"twitter:card\" content=\"summary_large_image\" \/>\n<meta name=\"twitter:creator\" content=\"@eltextual\" \/>\n<meta name=\"twitter:site\" content=\"@eltextual\" \/>\n<meta name=\"twitter:label1\" content=\"Escrito por\" \/>\n\t<meta name=\"twitter:data1\" content=\"Diario1 Diario1\" \/>\n\t<meta name=\"twitter:label2\" content=\"Tiempo de lectura\" \/>\n\t<meta name=\"twitter:data2\" content=\"2 minutos\" \/>\n<script type=\"application\/ld+json\" class=\"yoast-schema-graph\">{\"@context\":\"https:\\\/\\\/schema.org\",\"@graph\":[{\"@type\":\"Article\",\"@id\":\"https:\\\/\\\/diariotextual.com\\\/inicio\\\/index.php\\\/2018\\\/11\\\/06\\\/pichetto-acuso-gobernadores-del-pj-ponerse-traje-cubano-la-revolucion\\\/#article\",\"isPartOf\":{\"@id\":\"https:\\\/\\\/diariotextual.com\\\/inicio\\\/index.php\\\/2018\\\/11\\\/06\\\/pichetto-acuso-gobernadores-del-pj-ponerse-traje-cubano-la-revolucion\\\/\"},\"author\":{\"name\":\"Diario1 Diario1\",\"@id\":\"https:\\\/\\\/diariotextual.com\\\/inicio\\\/#\\\/schema\\\/person\\\/418fc4093c33e86ed41562db3508f958\"},\"headline\":\"Pichetto acus\u00f3 a gobernadores del PJ de \u201cponerse el traje cubano de la revoluci\u00f3n\u201d\",\"datePublished\":\"2018-11-06T23:36:32+00:00\",\"dateModified\":\"2018-11-07T11:01:03+00:00\",\"mainEntityOfPage\":{\"@id\":\"https:\\\/\\\/diariotextual.com\\\/inicio\\\/index.php\\\/2018\\\/11\\\/06\\\/pichetto-acuso-gobernadores-del-pj-ponerse-traje-cubano-la-revolucion\\\/\"},\"wordCount\":513,\"publisher\":{\"@id\":\"https:\\\/\\\/diariotextual.com\\\/inicio\\\/#organization\"},\"image\":{\"@id\":\"https:\\\/\\\/diariotextual.com\\\/inicio\\\/index.php\\\/2018\\\/11\\\/06\\\/pichetto-acuso-gobernadores-del-pj-ponerse-traje-cubano-la-revolucion\\\/#primaryimage\"},\"thumbnailUrl\":\"https:\\\/\\\/diariotextual.com\\\/inicio\\\/wp-content\\\/uploads\\\/2018\\\/11\\\/pichettomiguel23.jpg\",\"articleSection\":[\"A - DESTACADAS (mod 16)\",\"A - ES NOTICIA (van abajo)\",\"ECONOMIA\"],\"inLanguage\":\"es\"},{\"@type\":\"WebPage\",\"@id\":\"https:\\\/\\\/diariotextual.com\\\/inicio\\\/index.php\\\/2018\\\/11\\\/06\\\/pichetto-acuso-gobernadores-del-pj-ponerse-traje-cubano-la-revolucion\\\/\",\"url\":\"https:\\\/\\\/diariotextual.com\\\/inicio\\\/index.php\\\/2018\\\/11\\\/06\\\/pichetto-acuso-gobernadores-del-pj-ponerse-traje-cubano-la-revolucion\\\/\",\"name\":\"Pichetto acus\u00f3 a gobernadores del PJ de \u201cponerse el traje cubano de la revoluci\u00f3n\u201d - Diario Textual\",\"isPartOf\":{\"@id\":\"https:\\\/\\\/diariotextual.com\\\/inicio\\\/#website\"},\"primaryImageOfPage\":{\"@id\":\"https:\\\/\\\/diariotextual.com\\\/inicio\\\/index.php\\\/2018\\\/11\\\/06\\\/pichetto-acuso-gobernadores-del-pj-ponerse-traje-cubano-la-revolucion\\\/#primaryimage\"},\"image\":{\"@id\":\"https:\\\/\\\/diariotextual.com\\\/inicio\\\/index.php\\\/2018\\\/11\\\/06\\\/pichetto-acuso-gobernadores-del-pj-ponerse-traje-cubano-la-revolucion\\\/#primaryimage\"},\"thumbnailUrl\":\"https:\\\/\\\/diariotextual.com\\\/inicio\\\/wp-content\\\/uploads\\\/2018\\\/11\\\/pichettomiguel23.jpg\",\"datePublished\":\"2018-11-06T23:36:32+00:00\",\"dateModified\":\"2018-11-07T11:01:03+00:00\",\"breadcrumb\":{\"@id\":\"https:\\\/\\\/diariotextual.com\\\/inicio\\\/index.php\\\/2018\\\/11\\\/06\\\/pichetto-acuso-gobernadores-del-pj-ponerse-traje-cubano-la-revolucion\\\/#breadcrumb\"},\"inLanguage\":\"es\",\"potentialAction\":[{\"@type\":\"ReadAction\",\"target\":[\"https:\\\/\\\/diariotextual.com\\\/inicio\\\/index.php\\\/2018\\\/11\\\/06\\\/pichetto-acuso-gobernadores-del-pj-ponerse-traje-cubano-la-revolucion\\\/\"]}]},{\"@type\":\"ImageObject\",\"inLanguage\":\"es\",\"@id\":\"https:\\\/\\\/diariotextual.com\\\/inicio\\\/index.php\\\/2018\\\/11\\\/06\\\/pichetto-acuso-gobernadores-del-pj-ponerse-traje-cubano-la-revolucion\\\/#primaryimage\",\"url\":\"https:\\\/\\\/diariotextual.com\\\/inicio\\\/wp-content\\\/uploads\\\/2018\\\/11\\\/pichettomiguel23.jpg\",\"contentUrl\":\"https:\\\/\\\/diariotextual.com\\\/inicio\\\/wp-content\\\/uploads\\\/2018\\\/11\\\/pichettomiguel23.jpg\",\"width\":542,\"height\":363},{\"@type\":\"BreadcrumbList\",\"@id\":\"https:\\\/\\\/diariotextual.com\\\/inicio\\\/index.php\\\/2018\\\/11\\\/06\\\/pichetto-acuso-gobernadores-del-pj-ponerse-traje-cubano-la-revolucion\\\/#breadcrumb\",\"itemListElement\":[{\"@type\":\"ListItem\",\"position\":1,\"name\":\"Portada\",\"item\":\"https:\\\/\\\/diariotextual.com\\\/inicio\\\/\"},{\"@type\":\"ListItem\",\"position\":2,\"name\":\"Pichetto acus\u00f3 a gobernadores del PJ de \u201cponerse el traje cubano de la revoluci\u00f3n\u201d\"}]},{\"@type\":\"WebSite\",\"@id\":\"https:\\\/\\\/diariotextual.com\\\/inicio\\\/#website\",\"url\":\"https:\\\/\\\/diariotextual.com\\\/inicio\\\/\",\"name\":\"Diario Textual\",\"description\":\"\",\"publisher\":{\"@id\":\"https:\\\/\\\/diariotextual.com\\\/inicio\\\/#organization\"},\"potentialAction\":[{\"@type\":\"SearchAction\",\"target\":{\"@type\":\"EntryPoint\",\"urlTemplate\":\"https:\\\/\\\/diariotextual.com\\\/inicio\\\/?s={search_term_string}\"},\"query-input\":{\"@type\":\"PropertyValueSpecification\",\"valueRequired\":true,\"valueName\":\"search_term_string\"}}],\"inLanguage\":\"es\"},{\"@type\":\"Organization\",\"@id\":\"https:\\\/\\\/diariotextual.com\\\/inicio\\\/#organization\",\"name\":\"Diario Textual\",\"url\":\"https:\\\/\\\/diariotextual.com\\\/inicio\\\/\",\"logo\":{\"@type\":\"ImageObject\",\"inLanguage\":\"es\",\"@id\":\"https:\\\/\\\/diariotextual.com\\\/inicio\\\/#\\\/schema\\\/logo\\\/image\\\/\",\"url\":\"https:\\\/\\\/diariotextual.com\\\/inicio\\\/wp-content\\\/uploads\\\/2023\\\/05\\\/logotextual1.jpg\",\"contentUrl\":\"https:\\\/\\\/diariotextual.com\\\/inicio\\\/wp-content\\\/uploads\\\/2023\\\/05\\\/logotextual1.jpg\",\"width\":516,\"height\":76,\"caption\":\"Diario Textual\"},\"image\":{\"@id\":\"https:\\\/\\\/diariotextual.com\\\/inicio\\\/#\\\/schema\\\/logo\\\/image\\\/\"},\"sameAs\":[\"https:\\\/\\\/www.facebook.com\\\/eltextual\",\"https:\\\/\\\/x.com\\\/eltextual\",\"http:\\\/\\\/www.instagram.com\\\/eltextual\"]},{\"@type\":\"Person\",\"@id\":\"https:\\\/\\\/diariotextual.com\\\/inicio\\\/#\\\/schema\\\/person\\\/418fc4093c33e86ed41562db3508f958\",\"name\":\"Diario1 Diario1\",\"image\":{\"@type\":\"ImageObject\",\"inLanguage\":\"es\",\"@id\":\"https:\\\/\\\/secure.gravatar.com\\\/avatar\\\/9167d280179c85bc18be67aa7eda765854300033af4896dd779b608640f2ef7a?s=96&d=mm&r=g\",\"url\":\"https:\\\/\\\/secure.gravatar.com\\\/avatar\\\/9167d280179c85bc18be67aa7eda765854300033af4896dd779b608640f2ef7a?s=96&d=mm&r=g\",\"contentUrl\":\"https:\\\/\\\/secure.gravatar.com\\\/avatar\\\/9167d280179c85bc18be67aa7eda765854300033af4896dd779b608640f2ef7a?s=96&d=mm&r=g\",\"caption\":\"Diario1 Diario1\"},\"url\":\"https:\\\/\\\/diariotextual.com\\\/inicio\\\/index.php\\\/author\\\/diario1\\\/\"}]}<\/script>\n<!-- \/ Yoast SEO plugin. -->","yoast_head_json":{"title":"Pichetto acus\u00f3 a gobernadores del PJ de \u201cponerse el traje cubano de la revoluci\u00f3n\u201d - Diario Textual","robots":{"index":"index","follow":"follow","max-snippet":"max-snippet:-1","max-image-preview":"max-image-preview:large","max-video-preview":"max-video-preview:-1"},"canonical":"https:\/\/diariotextual.com\/inicio\/index.php\/2018\/11\/06\/pichetto-acuso-gobernadores-del-pj-ponerse-traje-cubano-la-revolucion\/","og_locale":"es_ES","og_type":"article","og_title":"Pichetto acus\u00f3 a gobernadores del PJ de \u201cponerse el traje cubano de la revoluci\u00f3n\u201d - Diario Textual","og_description":"\u00bfLo dijo por Carlos Verna? El presidente del bloque del PJ, Miguel Pichetto, cuestion\u00f3 a gobernadores que se oponen al Presupuesto 2019. \u00abAlgunos quieren prender fuego a la pradera. Algunos&hellip;","og_url":"https:\/\/diariotextual.com\/inicio\/index.php\/2018\/11\/06\/pichetto-acuso-gobernadores-del-pj-ponerse-traje-cubano-la-revolucion\/","og_site_name":"Diario Textual","article_publisher":"https:\/\/www.facebook.com\/eltextual","article_published_time":"2018-11-06T23:36:32+00:00","article_modified_time":"2018-11-07T11:01:03+00:00","og_image":[{"width":542,"height":363,"url":"https:\/\/diariotextual.com\/inicio\/wp-content\/uploads\/2018\/11\/pichettomiguel23.jpg","type":"image\/jpeg"}],"author":"Diario1 Diario1","twitter_card":"summary_large_image","twitter_creator":"@eltextual","twitter_site":"@eltextual","twitter_misc":{"Escrito por":"Diario1 Diario1","Tiempo de lectura":"2 minutos"},"schema":{"@context":"https:\/\/schema.org","@graph":[{"@type":"Article","@id":"https:\/\/diariotextual.com\/inicio\/index.php\/2018\/11\/06\/pichetto-acuso-gobernadores-del-pj-ponerse-traje-cubano-la-revolucion\/#article","isPartOf":{"@id":"https:\/\/diariotextual.com\/inicio\/index.php\/2018\/11\/06\/pichetto-acuso-gobernadores-del-pj-ponerse-traje-cubano-la-revolucion\/"},"author":{"name":"Diario1 Diario1","@id":"https:\/\/diariotextual.com\/inicio\/#\/schema\/person\/418fc4093c33e86ed41562db3508f958"},"headline":"Pichetto acus\u00f3 a gobernadores del PJ de \u201cponerse el traje cubano de la revoluci\u00f3n\u201d","datePublished":"2018-11-06T23:36:32+00:00","dateModified":"2018-11-07T11:01:03+00:00","mainEntityOfPage":{"@id":"https:\/\/diariotextual.com\/inicio\/index.php\/2018\/11\/06\/pichetto-acuso-gobernadores-del-pj-ponerse-traje-cubano-la-revolucion\/"},"wordCount":513,"publisher":{"@id":"https:\/\/diariotextual.com\/inicio\/#organization"},"image":{"@id":"https:\/\/diariotextual.com\/inicio\/index.php\/2018\/11\/06\/pichetto-acuso-gobernadores-del-pj-ponerse-traje-cubano-la-revolucion\/#primaryimage"},"thumbnailUrl":"https:\/\/diariotextual.com\/inicio\/wp-content\/uploads\/2018\/11\/pichettomiguel23.jpg","articleSection":["A - DESTACADAS (mod 16)","A - ES NOTICIA (van abajo)","ECONOMIA"],"inLanguage":"es"},{"@type":"WebPage","@id":"https:\/\/diariotextual.com\/inicio\/index.php\/2018\/11\/06\/pichetto-acuso-gobernadores-del-pj-ponerse-traje-cubano-la-revolucion\/","url":"https:\/\/diariotextual.com\/inicio\/index.php\/2018\/11\/06\/pichetto-acuso-gobernadores-del-pj-ponerse-traje-cubano-la-revolucion\/","name":"Pichetto acus\u00f3 a gobernadores del PJ de \u201cponerse el traje cubano de la revoluci\u00f3n\u201d - Diario Textual","isPartOf":{"@id":"https:\/\/diariotextual.com\/inicio\/#website"},"primaryImageOfPage":{"@id":"https:\/\/diariotextual.com\/inicio\/index.php\/2018\/11\/06\/pichetto-acuso-gobernadores-del-pj-ponerse-traje-cubano-la-revolucion\/#primaryimage"},"image":{"@id":"https:\/\/diariotextual.com\/inicio\/index.php\/2018\/11\/06\/pichetto-acuso-gobernadores-del-pj-ponerse-traje-cubano-la-revolucion\/#primaryimage"},"thumbnailUrl":"https:\/\/diariotextual.com\/inicio\/wp-content\/uploads\/2018\/11\/pichettomiguel23.jpg","datePublished":"2018-11-06T23:36:32+00:00","dateModified":"2018-11-07T11:01:03+00:00","breadcrumb":{"@id":"https:\/\/diariotextual.com\/inicio\/index.php\/2018\/11\/06\/pichetto-acuso-gobernadores-del-pj-ponerse-traje-cubano-la-revolucion\/#breadcrumb"},"inLanguage":"es","potentialAction":[{"@type":"ReadAction","target":["https:\/\/diariotextual.com\/inicio\/index.php\/2018\/11\/06\/pichetto-acuso-gobernadores-del-pj-ponerse-traje-cubano-la-revolucion\/"]}]},{"@type":"ImageObject","inLanguage":"es","@id":"https:\/\/diariotextual.com\/inicio\/index.php\/2018\/11\/06\/pichetto-acuso-gobernadores-del-pj-ponerse-traje-cubano-la-revolucion\/#primaryimage","url":"https:\/\/diariotextual.com\/inicio\/wp-content\/uploads\/2018\/11\/pichettomiguel23.jpg","contentUrl":"https:\/\/diariotextual.com\/inicio\/wp-content\/uploads\/2018\/11\/pichettomiguel23.jpg","width":542,"height":363},{"@type":"BreadcrumbList","@id":"https:\/\/diariotextual.com\/inicio\/index.php\/2018\/11\/06\/pichetto-acuso-gobernadores-del-pj-ponerse-traje-cubano-la-revolucion\/#breadcrumb","itemListElement":[{"@type":"ListItem","position":1,"name":"Portada","item":"https:\/\/diariotextual.com\/inicio\/"},{"@type":"ListItem","position":2,"name":"Pichetto acus\u00f3 a gobernadores del PJ de \u201cponerse el traje cubano de la revoluci\u00f3n\u201d"}]},{"@type":"WebSite","@id":"https:\/\/diariotextual.com\/inicio\/#website","url":"https:\/\/diariotextual.com\/inicio\/","name":"Diario Textual","description":"","publisher":{"@id":"https:\/\/diariotextual.com\/inicio\/#organization"},"potentialAction":[{"@type":"SearchAction","target":{"@type":"EntryPoint","urlTemplate":"https:\/\/diariotextual.com\/inicio\/?s={search_term_string}"},"query-input":{"@type":"PropertyValueSpecification","valueRequired":true,"valueName":"search_term_string"}}],"inLanguage":"es"},{"@type":"Organization","@id":"https:\/\/diariotextual.com\/inicio\/#organization","name":"Diario Textual","url":"https:\/\/diariotextual.com\/inicio\/","logo":{"@type":"ImageObject","inLanguage":"es","@id":"https:\/\/diariotextual.com\/inicio\/#\/schema\/logo\/image\/","url":"https:\/\/diariotextual.com\/inicio\/wp-content\/uploads\/2023\/05\/logotextual1.jpg","contentUrl":"https:\/\/diariotextual.com\/inicio\/wp-content\/uploads\/2023\/05\/logotextual1.jpg","width":516,"height":76,"caption":"Diario Textual"},"image":{"@id":"https:\/\/diariotextual.com\/inicio\/#\/schema\/logo\/image\/"},"sameAs":["https:\/\/www.facebook.com\/eltextual","https:\/\/x.com\/eltextual","http:\/\/www.instagram.com\/eltextual"]},{"@type":"Person","@id":"https:\/\/diariotextual.com\/inicio\/#\/schema\/person\/418fc4093c33e86ed41562db3508f958","name":"Diario1 Diario1","image":{"@type":"ImageObject","inLanguage":"es","@id":"https:\/\/secure.gravatar.com\/avatar\/9167d280179c85bc18be67aa7eda765854300033af4896dd779b608640f2ef7a?s=96&d=mm&r=g","url":"https:\/\/secure.gravatar.com\/avatar\/9167d280179c85bc18be67aa7eda765854300033af4896dd779b608640f2ef7a?s=96&d=mm&r=g","contentUrl":"https:\/\/secure.gravatar.com\/avatar\/9167d280179c85bc18be67aa7eda765854300033af4896dd779b608640f2ef7a?s=96&d=mm&r=g","caption":"Diario1 Diario1"},"url":"https:\/\/diariotextual.com\/inicio\/index.php\/author\/diario1\/"}]}},"_links":{"self":[{"href":"https:\/\/diariotextual.com\/inicio\/index.php\/wp-json\/wp\/v2\/posts\/26151","targetHints":{"allow":["GET"]}}],"collection":[{"href":"https:\/\/diariotextual.com\/inicio\/index.php\/wp-json\/wp\/v2\/posts"}],"about":[{"href":"https:\/\/diariotextual.com\/inicio\/index.php\/wp-json\/wp\/v2\/types\/post"}],"author":[{"embeddable":true,"href":"https:\/\/diariotextual.com\/inicio\/index.php\/wp-json\/wp\/v2\/users\/3"}],"replies":[{"embeddable":true,"href":"https:\/\/diariotextual.com\/inicio\/index.php\/wp-json\/wp\/v2\/comments?post=26151"}],"version-history":[{"count":3,"href":"https:\/\/diariotextual.com\/inicio\/index.php\/wp-json\/wp\/v2\/posts\/26151\/revisions"}],"predecessor-version":[{"id":26155,"href":"https:\/\/diariotextual.com\/inicio\/index.php\/wp-json\/wp\/v2\/posts\/26151\/revisions\/26155"}],"wp:featuredmedia":[{"embeddable":true,"href":"https:\/\/diariotextual.com\/inicio\/index.php\/wp-json\/wp\/v2\/media\/26154"}],"wp:attachment":[{"href":"https:\/\/diariotextual.com\/inicio\/index.php\/wp-json\/wp\/v2\/media?parent=26151"}],"wp:term":[{"taxonomy":"category","embeddable":true,"href":"https:\/\/diariotextual.com\/inicio\/index.php\/wp-json\/wp\/v2\/categories?post=26151"},{"taxonomy":"post_tag","embeddable":true,"href":"https:\/\/diariotextual.com\/inicio\/index.php\/wp-json\/wp\/v2\/tags?post=26151"}],"curies":[{"name":"wp","href":"https:\/\/api.w.org\/{rel}","templated":true}]}}