{"id":261743,"date":"2024-04-30T18:00:00","date_gmt":"2024-04-30T21:00:00","guid":{"rendered":"https:\/\/diariotextual.com\/inicio\/?p=261743"},"modified":"2024-04-30T22:35:29","modified_gmt":"2024-05-01T01:35:29","slug":"estudiantes-y-boca-definen-al-rival-de-velez-en-la-final-de-la-copa-de-la-liga","status":"publish","type":"post","link":"https:\/\/diariotextual.com\/inicio\/index.php\/2024\/04\/30\/estudiantes-y-boca-definen-al-rival-de-velez-en-la-final-de-la-copa-de-la-liga\/","title":{"rendered":"Estudiantes y Boca definen al rival de V\u00e9lez en la final de la Copa de la Liga"},"content":{"rendered":"\n<p>Estudiantes de La Plata y Boca se enfrentar\u00e1n este martes para definir qui\u00e9n jugar\u00e1 con V\u00e9lez en la final de la Copa de la Liga, que se disputar\u00e1 el pr\u00f3ximo domingo en Santiago del Estero. El encuentro se llevar\u00e1 a cabo en el estadio Mario Alberto Kempes de C\u00f3rdoba desde las 20, con Nazareno Arasa como \u00e1rbitro, junto a Fernando Espinoza en el VAR y transmisi\u00f3n de ESPN Premium y TNT Sports.<\/p>\n\n\n\n<p>El Xeneize se clasific\u00f3 a la semifinal al vencer a River por 3 a 2 en cuartos de final, pero luego sufri\u00f3 una dura derrota en Brasil ante Fortaleza por 4 a 2, por la tercera fecha de la fase de grupos de la Copa Sudamericana.<\/p>\n\n\n\n<p>Para el encuentro con el elenco platense, el entrenador Diego Mart\u00ednez recuperar\u00e1 al mediocampista Cristian Medina, quien estuvo suspendido en el Supercl\u00e1sico y reemplazar\u00e1 a Jabes Saralegui, mientras que el delantero Miguel Merentiel padece una molestia en uno de los tobillos y ser\u00e1 esperado hasta \u00faltimo momento para compartir ataque con Edinson Cavani.<\/p>\n\n\n\n<p>Por el lado de Estudiantes, gole\u00f3 por 3 a 0 a Barracas Central con un doblete de Guido Carrillo y un tanto de Javier Correa, al tiempo que entre semana cay\u00f3 frente a Gremio de Brasil por 1 a 0 por la Copa Libertadores. En cuanto a la alineaci\u00f3n, Edwuin Cetr\u00e9 no estar\u00eda entre los titulares, por lo que Eduardo Dom\u00ednguez volver\u00eda a disponer del doble nueve Carrillo-Correa.<\/p>\n\n\n\n<p>En la final espera V\u00e9lez, que este domingo venci\u00f3 por penales a Argentinos Juniors en San Nicol\u00e1s, luego de igualar 0 a 0 durante el tiempo reglamentario al resistir con diez jugadores por la temprana expulsi\u00f3n del atacante Braian Romero a los 13 minutos del primer tiempo.<\/p>\n\n\n\n<div style=\"height:100px\" aria-hidden=\"true\" class=\"wp-block-spacer\"><\/div>\n\n\n\n<p><strong>Probables formaciones<\/strong><\/p>\n\n\n\n<p>Estudiantes (LP): Mat\u00edas Mansilla; Eros Mancuso, Luciano Lollo, Zaid Romero, Gast\u00f3n Benedetti; Santiago Ascacibar; Enzo P\u00e9rez, Jos\u00e9 Sosa, Tiago Palacios; Javier Correa y Guido Carrillo. DT: Eduardo Dom\u00ednguez.<\/p>\n\n\n\n<p>Boca: Sergio Romero; Luis Adv\u00edncula, Cristian Lema, Marcos Rojo, Lautaro Blanco; Guillermo Fern\u00e1ndez, Cristian Medina, Ezequiel Fern\u00e1ndez, Kevin Zen\u00f3n; Miguel Merentiel o Luca Langoni y Edinson Cavani. DT: Diego Mart\u00ednez.<\/p>\n\n\n\n<p>Estadio: Mario Alberto Kempes (C\u00f3rdoba).<br>\u00c1rbitro: Nazareno Arasa.<br>VAR: Fernando Espinoza.<br>Hora: 20. TV: ESPN Premium y TNT Sports.<\/p>\n","protected":false},"excerpt":{"rendered":"<p>Estudiantes de La Plata y Boca se enfrentar\u00e1n este martes para definir qui\u00e9n jugar\u00e1 con V\u00e9lez en la final de la Copa de la Liga, que se disputar\u00e1 el pr\u00f3ximo&hellip;<\/p>\n","protected":false},"author":3,"featured_media":259900,"comment_status":"closed","ping_status":"open","sticky":false,"template":"","format":"standard","meta":{"_acf_changed":false,"footnotes":""},"categories":[3],"tags":[],"class_list":["post-261743","post","type-post","status-publish","format-standard","has-post-thumbnail","hentry","category-deportes"],"acf":[],"yoast_head":"<!-- This site is optimized with the Yoast SEO plugin v27.5 - https:\/\/yoast.com\/product\/yoast-seo-wordpress\/ -->\n<title>Estudiantes y Boca definen al rival de V\u00e9lez en la final de la Copa de la Liga - Diario Textual<\/title>\n<meta name=\"robots\" content=\"index, follow, max-snippet:-1, max-image-preview:large, max-video-preview:-1\" \/>\n<link rel=\"canonical\" href=\"https:\/\/diariotextual.com\/inicio\/index.php\/2024\/04\/30\/estudiantes-y-boca-definen-al-rival-de-velez-en-la-final-de-la-copa-de-la-liga\/\" \/>\n<meta property=\"og:locale\" content=\"es_ES\" \/>\n<meta property=\"og:type\" content=\"article\" \/>\n<meta property=\"og:title\" content=\"Estudiantes y Boca definen al rival de V\u00e9lez en la final de la Copa de la Liga - Diario Textual\" \/>\n<meta property=\"og:description\" content=\"Estudiantes de La Plata y Boca se enfrentar\u00e1n este martes para definir qui\u00e9n jugar\u00e1 con V\u00e9lez en la final de la Copa de la Liga, que se disputar\u00e1 el pr\u00f3ximo&hellip;\" \/>\n<meta property=\"og:url\" content=\"https:\/\/diariotextual.com\/inicio\/index.php\/2024\/04\/30\/estudiantes-y-boca-definen-al-rival-de-velez-en-la-final-de-la-copa-de-la-liga\/\" \/>\n<meta property=\"og:site_name\" content=\"Diario Textual\" \/>\n<meta property=\"article:publisher\" content=\"https:\/\/www.facebook.com\/eltextual\" \/>\n<meta property=\"article:published_time\" content=\"2024-04-30T21:00:00+00:00\" \/>\n<meta property=\"article:modified_time\" content=\"2024-05-01T01:35:29+00:00\" \/>\n<meta property=\"og:image\" content=\"https:\/\/diariotextual.com\/inicio\/wp-content\/uploads\/2024\/04\/estudiantesbocacopadelaliga.jpg\" \/>\n\t<meta property=\"og:image:width\" content=\"1330\" \/>\n\t<meta property=\"og:image:height\" content=\"880\" \/>\n\t<meta property=\"og:image:type\" content=\"image\/jpeg\" \/>\n<meta name=\"author\" content=\"Diario1 Diario1\" \/>\n<meta name=\"twitter:card\" content=\"summary_large_image\" \/>\n<meta name=\"twitter:creator\" content=\"@eltextual\" \/>\n<meta name=\"twitter:site\" content=\"@eltextual\" \/>\n<meta name=\"twitter:label1\" content=\"Escrito por\" \/>\n\t<meta name=\"twitter:data1\" content=\"Diario1 Diario1\" \/>\n\t<meta name=\"twitter:label2\" content=\"Tiempo de lectura\" \/>\n\t<meta name=\"twitter:data2\" content=\"2 minutos\" \/>\n<script type=\"application\/ld+json\" class=\"yoast-schema-graph\">{\"@context\":\"https:\\\/\\\/schema.org\",\"@graph\":[{\"@type\":\"Article\",\"@id\":\"https:\\\/\\\/diariotextual.com\\\/inicio\\\/index.php\\\/2024\\\/04\\\/30\\\/estudiantes-y-boca-definen-al-rival-de-velez-en-la-final-de-la-copa-de-la-liga\\\/#article\",\"isPartOf\":{\"@id\":\"https:\\\/\\\/diariotextual.com\\\/inicio\\\/index.php\\\/2024\\\/04\\\/30\\\/estudiantes-y-boca-definen-al-rival-de-velez-en-la-final-de-la-copa-de-la-liga\\\/\"},\"author\":{\"name\":\"Diario1 Diario1\",\"@id\":\"https:\\\/\\\/diariotextual.com\\\/inicio\\\/#\\\/schema\\\/person\\\/418fc4093c33e86ed41562db3508f958\"},\"headline\":\"Estudiantes y Boca definen al rival de V\u00e9lez en la final de la Copa de la Liga\",\"datePublished\":\"2024-04-30T21:00:00+00:00\",\"dateModified\":\"2024-05-01T01:35:29+00:00\",\"mainEntityOfPage\":{\"@id\":\"https:\\\/\\\/diariotextual.com\\\/inicio\\\/index.php\\\/2024\\\/04\\\/30\\\/estudiantes-y-boca-definen-al-rival-de-velez-en-la-final-de-la-copa-de-la-liga\\\/\"},\"wordCount\":395,\"publisher\":{\"@id\":\"https:\\\/\\\/diariotextual.com\\\/inicio\\\/#organization\"},\"image\":{\"@id\":\"https:\\\/\\\/diariotextual.com\\\/inicio\\\/index.php\\\/2024\\\/04\\\/30\\\/estudiantes-y-boca-definen-al-rival-de-velez-en-la-final-de-la-copa-de-la-liga\\\/#primaryimage\"},\"thumbnailUrl\":\"https:\\\/\\\/diariotextual.com\\\/inicio\\\/wp-content\\\/uploads\\\/2024\\\/04\\\/estudiantesbocacopadelaliga.jpg\",\"articleSection\":[\"DEPORTES\"],\"inLanguage\":\"es\"},{\"@type\":\"WebPage\",\"@id\":\"https:\\\/\\\/diariotextual.com\\\/inicio\\\/index.php\\\/2024\\\/04\\\/30\\\/estudiantes-y-boca-definen-al-rival-de-velez-en-la-final-de-la-copa-de-la-liga\\\/\",\"url\":\"https:\\\/\\\/diariotextual.com\\\/inicio\\\/index.php\\\/2024\\\/04\\\/30\\\/estudiantes-y-boca-definen-al-rival-de-velez-en-la-final-de-la-copa-de-la-liga\\\/\",\"name\":\"Estudiantes y Boca definen al rival de V\u00e9lez en la final de la Copa de la Liga - Diario Textual\",\"isPartOf\":{\"@id\":\"https:\\\/\\\/diariotextual.com\\\/inicio\\\/#website\"},\"primaryImageOfPage\":{\"@id\":\"https:\\\/\\\/diariotextual.com\\\/inicio\\\/index.php\\\/2024\\\/04\\\/30\\\/estudiantes-y-boca-definen-al-rival-de-velez-en-la-final-de-la-copa-de-la-liga\\\/#primaryimage\"},\"image\":{\"@id\":\"https:\\\/\\\/diariotextual.com\\\/inicio\\\/index.php\\\/2024\\\/04\\\/30\\\/estudiantes-y-boca-definen-al-rival-de-velez-en-la-final-de-la-copa-de-la-liga\\\/#primaryimage\"},\"thumbnailUrl\":\"https:\\\/\\\/diariotextual.com\\\/inicio\\\/wp-content\\\/uploads\\\/2024\\\/04\\\/estudiantesbocacopadelaliga.jpg\",\"datePublished\":\"2024-04-30T21:00:00+00:00\",\"dateModified\":\"2024-05-01T01:35:29+00:00\",\"breadcrumb\":{\"@id\":\"https:\\\/\\\/diariotextual.com\\\/inicio\\\/index.php\\\/2024\\\/04\\\/30\\\/estudiantes-y-boca-definen-al-rival-de-velez-en-la-final-de-la-copa-de-la-liga\\\/#breadcrumb\"},\"inLanguage\":\"es\",\"potentialAction\":[{\"@type\":\"ReadAction\",\"target\":[\"https:\\\/\\\/diariotextual.com\\\/inicio\\\/index.php\\\/2024\\\/04\\\/30\\\/estudiantes-y-boca-definen-al-rival-de-velez-en-la-final-de-la-copa-de-la-liga\\\/\"]}]},{\"@type\":\"ImageObject\",\"inLanguage\":\"es\",\"@id\":\"https:\\\/\\\/diariotextual.com\\\/inicio\\\/index.php\\\/2024\\\/04\\\/30\\\/estudiantes-y-boca-definen-al-rival-de-velez-en-la-final-de-la-copa-de-la-liga\\\/#primaryimage\",\"url\":\"https:\\\/\\\/diariotextual.com\\\/inicio\\\/wp-content\\\/uploads\\\/2024\\\/04\\\/estudiantesbocacopadelaliga.jpg\",\"contentUrl\":\"https:\\\/\\\/diariotextual.com\\\/inicio\\\/wp-content\\\/uploads\\\/2024\\\/04\\\/estudiantesbocacopadelaliga.jpg\",\"width\":1330,\"height\":880},{\"@type\":\"BreadcrumbList\",\"@id\":\"https:\\\/\\\/diariotextual.com\\\/inicio\\\/index.php\\\/2024\\\/04\\\/30\\\/estudiantes-y-boca-definen-al-rival-de-velez-en-la-final-de-la-copa-de-la-liga\\\/#breadcrumb\",\"itemListElement\":[{\"@type\":\"ListItem\",\"position\":1,\"name\":\"Portada\",\"item\":\"https:\\\/\\\/diariotextual.com\\\/inicio\\\/\"},{\"@type\":\"ListItem\",\"position\":2,\"name\":\"Estudiantes y Boca definen al rival de V\u00e9lez en la final de la Copa de la Liga\"}]},{\"@type\":\"WebSite\",\"@id\":\"https:\\\/\\\/diariotextual.com\\\/inicio\\\/#website\",\"url\":\"https:\\\/\\\/diariotextual.com\\\/inicio\\\/\",\"name\":\"Diario Textual\",\"description\":\"\",\"publisher\":{\"@id\":\"https:\\\/\\\/diariotextual.com\\\/inicio\\\/#organization\"},\"potentialAction\":[{\"@type\":\"SearchAction\",\"target\":{\"@type\":\"EntryPoint\",\"urlTemplate\":\"https:\\\/\\\/diariotextual.com\\\/inicio\\\/?s={search_term_string}\"},\"query-input\":{\"@type\":\"PropertyValueSpecification\",\"valueRequired\":true,\"valueName\":\"search_term_string\"}}],\"inLanguage\":\"es\"},{\"@type\":\"Organization\",\"@id\":\"https:\\\/\\\/diariotextual.com\\\/inicio\\\/#organization\",\"name\":\"Diario Textual\",\"url\":\"https:\\\/\\\/diariotextual.com\\\/inicio\\\/\",\"logo\":{\"@type\":\"ImageObject\",\"inLanguage\":\"es\",\"@id\":\"https:\\\/\\\/diariotextual.com\\\/inicio\\\/#\\\/schema\\\/logo\\\/image\\\/\",\"url\":\"https:\\\/\\\/diariotextual.com\\\/inicio\\\/wp-content\\\/uploads\\\/2023\\\/05\\\/logotextual1.jpg\",\"contentUrl\":\"https:\\\/\\\/diariotextual.com\\\/inicio\\\/wp-content\\\/uploads\\\/2023\\\/05\\\/logotextual1.jpg\",\"width\":516,\"height\":76,\"caption\":\"Diario Textual\"},\"image\":{\"@id\":\"https:\\\/\\\/diariotextual.com\\\/inicio\\\/#\\\/schema\\\/logo\\\/image\\\/\"},\"sameAs\":[\"https:\\\/\\\/www.facebook.com\\\/eltextual\",\"https:\\\/\\\/x.com\\\/eltextual\",\"http:\\\/\\\/www.instagram.com\\\/eltextual\"]},{\"@type\":\"Person\",\"@id\":\"https:\\\/\\\/diariotextual.com\\\/inicio\\\/#\\\/schema\\\/person\\\/418fc4093c33e86ed41562db3508f958\",\"name\":\"Diario1 Diario1\",\"image\":{\"@type\":\"ImageObject\",\"inLanguage\":\"es\",\"@id\":\"https:\\\/\\\/secure.gravatar.com\\\/avatar\\\/9167d280179c85bc18be67aa7eda765854300033af4896dd779b608640f2ef7a?s=96&d=mm&r=g\",\"url\":\"https:\\\/\\\/secure.gravatar.com\\\/avatar\\\/9167d280179c85bc18be67aa7eda765854300033af4896dd779b608640f2ef7a?s=96&d=mm&r=g\",\"contentUrl\":\"https:\\\/\\\/secure.gravatar.com\\\/avatar\\\/9167d280179c85bc18be67aa7eda765854300033af4896dd779b608640f2ef7a?s=96&d=mm&r=g\",\"caption\":\"Diario1 Diario1\"},\"url\":\"https:\\\/\\\/diariotextual.com\\\/inicio\\\/index.php\\\/author\\\/diario1\\\/\"}]}<\/script>\n<!-- \/ Yoast SEO plugin. -->","yoast_head_json":{"title":"Estudiantes y Boca definen al rival de V\u00e9lez en la final de la Copa de la Liga - Diario Textual","robots":{"index":"index","follow":"follow","max-snippet":"max-snippet:-1","max-image-preview":"max-image-preview:large","max-video-preview":"max-video-preview:-1"},"canonical":"https:\/\/diariotextual.com\/inicio\/index.php\/2024\/04\/30\/estudiantes-y-boca-definen-al-rival-de-velez-en-la-final-de-la-copa-de-la-liga\/","og_locale":"es_ES","og_type":"article","og_title":"Estudiantes y Boca definen al rival de V\u00e9lez en la final de la Copa de la Liga - Diario Textual","og_description":"Estudiantes de La Plata y Boca se enfrentar\u00e1n este martes para definir qui\u00e9n jugar\u00e1 con V\u00e9lez en la final de la Copa de la Liga, que se disputar\u00e1 el pr\u00f3ximo&hellip;","og_url":"https:\/\/diariotextual.com\/inicio\/index.php\/2024\/04\/30\/estudiantes-y-boca-definen-al-rival-de-velez-en-la-final-de-la-copa-de-la-liga\/","og_site_name":"Diario Textual","article_publisher":"https:\/\/www.facebook.com\/eltextual","article_published_time":"2024-04-30T21:00:00+00:00","article_modified_time":"2024-05-01T01:35:29+00:00","og_image":[{"width":1330,"height":880,"url":"https:\/\/diariotextual.com\/inicio\/wp-content\/uploads\/2024\/04\/estudiantesbocacopadelaliga.jpg","type":"image\/jpeg"}],"author":"Diario1 Diario1","twitter_card":"summary_large_image","twitter_creator":"@eltextual","twitter_site":"@eltextual","twitter_misc":{"Escrito por":"Diario1 Diario1","Tiempo de lectura":"2 minutos"},"schema":{"@context":"https:\/\/schema.org","@graph":[{"@type":"Article","@id":"https:\/\/diariotextual.com\/inicio\/index.php\/2024\/04\/30\/estudiantes-y-boca-definen-al-rival-de-velez-en-la-final-de-la-copa-de-la-liga\/#article","isPartOf":{"@id":"https:\/\/diariotextual.com\/inicio\/index.php\/2024\/04\/30\/estudiantes-y-boca-definen-al-rival-de-velez-en-la-final-de-la-copa-de-la-liga\/"},"author":{"name":"Diario1 Diario1","@id":"https:\/\/diariotextual.com\/inicio\/#\/schema\/person\/418fc4093c33e86ed41562db3508f958"},"headline":"Estudiantes y Boca definen al rival de V\u00e9lez en la final de la Copa de la Liga","datePublished":"2024-04-30T21:00:00+00:00","dateModified":"2024-05-01T01:35:29+00:00","mainEntityOfPage":{"@id":"https:\/\/diariotextual.com\/inicio\/index.php\/2024\/04\/30\/estudiantes-y-boca-definen-al-rival-de-velez-en-la-final-de-la-copa-de-la-liga\/"},"wordCount":395,"publisher":{"@id":"https:\/\/diariotextual.com\/inicio\/#organization"},"image":{"@id":"https:\/\/diariotextual.com\/inicio\/index.php\/2024\/04\/30\/estudiantes-y-boca-definen-al-rival-de-velez-en-la-final-de-la-copa-de-la-liga\/#primaryimage"},"thumbnailUrl":"https:\/\/diariotextual.com\/inicio\/wp-content\/uploads\/2024\/04\/estudiantesbocacopadelaliga.jpg","articleSection":["DEPORTES"],"inLanguage":"es"},{"@type":"WebPage","@id":"https:\/\/diariotextual.com\/inicio\/index.php\/2024\/04\/30\/estudiantes-y-boca-definen-al-rival-de-velez-en-la-final-de-la-copa-de-la-liga\/","url":"https:\/\/diariotextual.com\/inicio\/index.php\/2024\/04\/30\/estudiantes-y-boca-definen-al-rival-de-velez-en-la-final-de-la-copa-de-la-liga\/","name":"Estudiantes y Boca definen al rival de V\u00e9lez en la final de la Copa de la Liga - Diario Textual","isPartOf":{"@id":"https:\/\/diariotextual.com\/inicio\/#website"},"primaryImageOfPage":{"@id":"https:\/\/diariotextual.com\/inicio\/index.php\/2024\/04\/30\/estudiantes-y-boca-definen-al-rival-de-velez-en-la-final-de-la-copa-de-la-liga\/#primaryimage"},"image":{"@id":"https:\/\/diariotextual.com\/inicio\/index.php\/2024\/04\/30\/estudiantes-y-boca-definen-al-rival-de-velez-en-la-final-de-la-copa-de-la-liga\/#primaryimage"},"thumbnailUrl":"https:\/\/diariotextual.com\/inicio\/wp-content\/uploads\/2024\/04\/estudiantesbocacopadelaliga.jpg","datePublished":"2024-04-30T21:00:00+00:00","dateModified":"2024-05-01T01:35:29+00:00","breadcrumb":{"@id":"https:\/\/diariotextual.com\/inicio\/index.php\/2024\/04\/30\/estudiantes-y-boca-definen-al-rival-de-velez-en-la-final-de-la-copa-de-la-liga\/#breadcrumb"},"inLanguage":"es","potentialAction":[{"@type":"ReadAction","target":["https:\/\/diariotextual.com\/inicio\/index.php\/2024\/04\/30\/estudiantes-y-boca-definen-al-rival-de-velez-en-la-final-de-la-copa-de-la-liga\/"]}]},{"@type":"ImageObject","inLanguage":"es","@id":"https:\/\/diariotextual.com\/inicio\/index.php\/2024\/04\/30\/estudiantes-y-boca-definen-al-rival-de-velez-en-la-final-de-la-copa-de-la-liga\/#primaryimage","url":"https:\/\/diariotextual.com\/inicio\/wp-content\/uploads\/2024\/04\/estudiantesbocacopadelaliga.jpg","contentUrl":"https:\/\/diariotextual.com\/inicio\/wp-content\/uploads\/2024\/04\/estudiantesbocacopadelaliga.jpg","width":1330,"height":880},{"@type":"BreadcrumbList","@id":"https:\/\/diariotextual.com\/inicio\/index.php\/2024\/04\/30\/estudiantes-y-boca-definen-al-rival-de-velez-en-la-final-de-la-copa-de-la-liga\/#breadcrumb","itemListElement":[{"@type":"ListItem","position":1,"name":"Portada","item":"https:\/\/diariotextual.com\/inicio\/"},{"@type":"ListItem","position":2,"name":"Estudiantes y Boca definen al rival de V\u00e9lez en la final de la Copa de la Liga"}]},{"@type":"WebSite","@id":"https:\/\/diariotextual.com\/inicio\/#website","url":"https:\/\/diariotextual.com\/inicio\/","name":"Diario Textual","description":"","publisher":{"@id":"https:\/\/diariotextual.com\/inicio\/#organization"},"potentialAction":[{"@type":"SearchAction","target":{"@type":"EntryPoint","urlTemplate":"https:\/\/diariotextual.com\/inicio\/?s={search_term_string}"},"query-input":{"@type":"PropertyValueSpecification","valueRequired":true,"valueName":"search_term_string"}}],"inLanguage":"es"},{"@type":"Organization","@id":"https:\/\/diariotextual.com\/inicio\/#organization","name":"Diario Textual","url":"https:\/\/diariotextual.com\/inicio\/","logo":{"@type":"ImageObject","inLanguage":"es","@id":"https:\/\/diariotextual.com\/inicio\/#\/schema\/logo\/image\/","url":"https:\/\/diariotextual.com\/inicio\/wp-content\/uploads\/2023\/05\/logotextual1.jpg","contentUrl":"https:\/\/diariotextual.com\/inicio\/wp-content\/uploads\/2023\/05\/logotextual1.jpg","width":516,"height":76,"caption":"Diario Textual"},"image":{"@id":"https:\/\/diariotextual.com\/inicio\/#\/schema\/logo\/image\/"},"sameAs":["https:\/\/www.facebook.com\/eltextual","https:\/\/x.com\/eltextual","http:\/\/www.instagram.com\/eltextual"]},{"@type":"Person","@id":"https:\/\/diariotextual.com\/inicio\/#\/schema\/person\/418fc4093c33e86ed41562db3508f958","name":"Diario1 Diario1","image":{"@type":"ImageObject","inLanguage":"es","@id":"https:\/\/secure.gravatar.com\/avatar\/9167d280179c85bc18be67aa7eda765854300033af4896dd779b608640f2ef7a?s=96&d=mm&r=g","url":"https:\/\/secure.gravatar.com\/avatar\/9167d280179c85bc18be67aa7eda765854300033af4896dd779b608640f2ef7a?s=96&d=mm&r=g","contentUrl":"https:\/\/secure.gravatar.com\/avatar\/9167d280179c85bc18be67aa7eda765854300033af4896dd779b608640f2ef7a?s=96&d=mm&r=g","caption":"Diario1 Diario1"},"url":"https:\/\/diariotextual.com\/inicio\/index.php\/author\/diario1\/"}]}},"_links":{"self":[{"href":"https:\/\/diariotextual.com\/inicio\/index.php\/wp-json\/wp\/v2\/posts\/261743","targetHints":{"allow":["GET"]}}],"collection":[{"href":"https:\/\/diariotextual.com\/inicio\/index.php\/wp-json\/wp\/v2\/posts"}],"about":[{"href":"https:\/\/diariotextual.com\/inicio\/index.php\/wp-json\/wp\/v2\/types\/post"}],"author":[{"embeddable":true,"href":"https:\/\/diariotextual.com\/inicio\/index.php\/wp-json\/wp\/v2\/users\/3"}],"replies":[{"embeddable":true,"href":"https:\/\/diariotextual.com\/inicio\/index.php\/wp-json\/wp\/v2\/comments?post=261743"}],"version-history":[{"count":1,"href":"https:\/\/diariotextual.com\/inicio\/index.php\/wp-json\/wp\/v2\/posts\/261743\/revisions"}],"predecessor-version":[{"id":261744,"href":"https:\/\/diariotextual.com\/inicio\/index.php\/wp-json\/wp\/v2\/posts\/261743\/revisions\/261744"}],"wp:featuredmedia":[{"embeddable":true,"href":"https:\/\/diariotextual.com\/inicio\/index.php\/wp-json\/wp\/v2\/media\/259900"}],"wp:attachment":[{"href":"https:\/\/diariotextual.com\/inicio\/index.php\/wp-json\/wp\/v2\/media?parent=261743"}],"wp:term":[{"taxonomy":"category","embeddable":true,"href":"https:\/\/diariotextual.com\/inicio\/index.php\/wp-json\/wp\/v2\/categories?post=261743"},{"taxonomy":"post_tag","embeddable":true,"href":"https:\/\/diariotextual.com\/inicio\/index.php\/wp-json\/wp\/v2\/tags?post=261743"}],"curies":[{"name":"wp","href":"https:\/\/api.w.org\/{rel}","templated":true}]}}