{"id":26178,"date":"2018-11-07T08:18:41","date_gmt":"2018-11-07T11:18:41","guid":{"rendered":"http:\/\/diariotextual.com\/inicio\/?p=26178"},"modified":"2018-11-07T08:18:41","modified_gmt":"2018-11-07T11:18:41","slug":"donald-trump-retuvo-senado-perdio-la-mayoria-la-camara-baja","status":"publish","type":"post","link":"https:\/\/diariotextual.com\/inicio\/index.php\/2018\/11\/07\/donald-trump-retuvo-senado-perdio-la-mayoria-la-camara-baja\/","title":{"rendered":"Donald Trump retuvo el Senado pero perdi\u00f3 la mayor\u00eda en la C\u00e1mara baja"},"content":{"rendered":"<p>Los<strong> republicanos ampliaron su mayor\u00eda en el Senado<\/strong> en la fase final del recuento de las elecciones de medio mandato del martes: <strong>tienen 51 senadores confirmados, otra victoria en Florida es casi segura y se vislumbra una en Arizona<\/strong>. En la <strong>C\u00e1mara de Representante<\/strong>s en cambio la situaci\u00f3n es bastante m\u00e1s positiva para la <strong>oposici\u00f3n dem\u00f3crata<\/strong>, que seg\u00fan CNN <strong>gana 35 nuevos mandatos<\/strong>. El recuento del New York Times les otorga 229 bancas, frente a 206 de los republicanos. <strong>Si se confirma la tendencia habr\u00e1n sacado unos siete puntos porcentuales m\u00e1s que los republicanos.<\/strong><\/p>\n<p>El 39% de los electores que asistieron este martes a las urnas por la C\u00e1mara de los Representantes en las elecciones de medio t\u00e9rminodijeron que su sufragio fue en contra del presidente Donald Trump, el 26% a favor, mientras para el 33% el mandatario no representaba un factor de voto. Para el 56%, adem\u00e1s, el pa\u00eds est\u00e1 en la direcci\u00f3n equivocada y para el 41% va bien. Con estos datos, dos tercios de los votantes afirmaron que su voto en las elecciones legislativas fue para expresar su oposici\u00f3n al presidente Trump, siempre seg\u00fan la cadena CNN.<\/p>\n<p><strong>El \u00edndice de aprobaci\u00f3n del presidente es netamente negativo entre los votantes de la naci\u00f3n<\/strong>, que aseguran que el pa\u00eds va por el camino equivocado, afirmaron las fuentes. A\u00fan as\u00ed, casi 7 de cada 10 encuestados dijeron que la econom\u00eda esta en buen estado y que sus finanzas personales est\u00e1n mejor que hace dos a\u00f1os. Alrededor de 4 de cada 10 estadounidenses que votan en todo el pa\u00eds eligen la atenci\u00f3n m\u00e9dica como el problema m\u00e1s importante que enfrenta Estados Unidos.<\/p>\n<p>Adem\u00e1s, <strong>7 de cada 10 dicen que el sistema de atenci\u00f3n m\u00e9dica nacional necesita cambios importantes.<\/strong> En tanto, para la NBC, m\u00e1s de la mitad de los estadounidenses est\u00e1 en contra de Trump. Seg\u00fan la encuesta, el 47% de los consultados desaprueba con fuerza al mandatario, mientras que otro 7% lo desaprueba en parte. El 37% de los estadounidense apoya fuertemente al magnate y el 13% lo aprueba en parte.<\/p>\n<p>El presidente de Estados Unidos, Donald Trump, dijo que las elecciones fueron un \u00abtremendo \u00e9xito\u00bb, a pesar de que el gobernante partido Republicano perdi\u00f3 el control de la C\u00e1mara de Representantes. \u00abTremendo \u00e9xito esta noche. \u00a1Gracias a todos!\u00bb, tuite\u00f3 el mandatario sobre los comicios considerados un referendo sobre su gesti\u00f3n. Proyecciones de medios se\u00f1alan que los dem\u00f3cratas lograron el dominio de la C\u00e1mara baja por primera vez en ocho a\u00f1os, y que los republicanos mantuvieron la mayor\u00eda en el Senado.<\/p>\n<p>&nbsp;<\/p>\n<p>&nbsp;<\/p>\n","protected":false},"excerpt":{"rendered":"<p>Los republicanos ampliaron su mayor\u00eda en el Senado en la fase final del recuento de las elecciones de medio mandato del martes: tienen 51 senadores confirmados, otra victoria en Florida&hellip;<\/p>\n","protected":false},"author":3,"featured_media":0,"comment_status":"closed","ping_status":"open","sticky":false,"template":"","format":"standard","meta":{"_acf_changed":false,"footnotes":""},"categories":[1,11,7],"tags":[],"class_list":["post-26178","post","type-post","status-publish","format-standard","hentry","category-es-noticia","category-que-pasa","category-mundo"],"acf":[],"yoast_head":"<!-- This site is optimized with the Yoast SEO plugin v27.5 - https:\/\/yoast.com\/product\/yoast-seo-wordpress\/ -->\n<title>Donald Trump retuvo el Senado pero perdi\u00f3 la mayor\u00eda en la C\u00e1mara baja - Diario Textual<\/title>\n<meta name=\"robots\" content=\"index, follow, max-snippet:-1, max-image-preview:large, max-video-preview:-1\" \/>\n<link rel=\"canonical\" href=\"https:\/\/diariotextual.com\/inicio\/index.php\/2018\/11\/07\/donald-trump-retuvo-senado-perdio-la-mayoria-la-camara-baja\/\" \/>\n<meta property=\"og:locale\" content=\"es_ES\" \/>\n<meta property=\"og:type\" content=\"article\" \/>\n<meta property=\"og:title\" content=\"Donald Trump retuvo el Senado pero perdi\u00f3 la mayor\u00eda en la C\u00e1mara baja - Diario Textual\" \/>\n<meta property=\"og:description\" content=\"Los republicanos ampliaron su mayor\u00eda en el Senado en la fase final del recuento de las elecciones de medio mandato del martes: tienen 51 senadores confirmados, otra victoria en Florida&hellip;\" \/>\n<meta property=\"og:url\" content=\"https:\/\/diariotextual.com\/inicio\/index.php\/2018\/11\/07\/donald-trump-retuvo-senado-perdio-la-mayoria-la-camara-baja\/\" \/>\n<meta property=\"og:site_name\" content=\"Diario Textual\" \/>\n<meta property=\"article:publisher\" content=\"https:\/\/www.facebook.com\/eltextual\" \/>\n<meta property=\"article:published_time\" content=\"2018-11-07T11:18:41+00:00\" \/>\n<meta name=\"author\" content=\"Diario1 Diario1\" \/>\n<meta name=\"twitter:card\" content=\"summary_large_image\" \/>\n<meta name=\"twitter:creator\" content=\"@eltextual\" \/>\n<meta name=\"twitter:site\" content=\"@eltextual\" \/>\n<meta name=\"twitter:label1\" content=\"Escrito por\" \/>\n\t<meta name=\"twitter:data1\" content=\"Diario1 Diario1\" \/>\n\t<meta name=\"twitter:label2\" content=\"Tiempo de lectura\" \/>\n\t<meta name=\"twitter:data2\" content=\"2 minutos\" \/>\n<script type=\"application\/ld+json\" class=\"yoast-schema-graph\">{\"@context\":\"https:\\\/\\\/schema.org\",\"@graph\":[{\"@type\":\"Article\",\"@id\":\"https:\\\/\\\/diariotextual.com\\\/inicio\\\/index.php\\\/2018\\\/11\\\/07\\\/donald-trump-retuvo-senado-perdio-la-mayoria-la-camara-baja\\\/#article\",\"isPartOf\":{\"@id\":\"https:\\\/\\\/diariotextual.com\\\/inicio\\\/index.php\\\/2018\\\/11\\\/07\\\/donald-trump-retuvo-senado-perdio-la-mayoria-la-camara-baja\\\/\"},\"author\":{\"name\":\"Diario1 Diario1\",\"@id\":\"https:\\\/\\\/diariotextual.com\\\/inicio\\\/#\\\/schema\\\/person\\\/418fc4093c33e86ed41562db3508f958\"},\"headline\":\"Donald Trump retuvo el Senado pero perdi\u00f3 la mayor\u00eda en la C\u00e1mara baja\",\"datePublished\":\"2018-11-07T11:18:41+00:00\",\"mainEntityOfPage\":{\"@id\":\"https:\\\/\\\/diariotextual.com\\\/inicio\\\/index.php\\\/2018\\\/11\\\/07\\\/donald-trump-retuvo-senado-perdio-la-mayoria-la-camara-baja\\\/\"},\"wordCount\":458,\"publisher\":{\"@id\":\"https:\\\/\\\/diariotextual.com\\\/inicio\\\/#organization\"},\"articleSection\":[\"A - ES NOTICIA (van abajo)\",\"A - QUE PASA (al costado)\",\"MUNDO\"],\"inLanguage\":\"es\"},{\"@type\":\"WebPage\",\"@id\":\"https:\\\/\\\/diariotextual.com\\\/inicio\\\/index.php\\\/2018\\\/11\\\/07\\\/donald-trump-retuvo-senado-perdio-la-mayoria-la-camara-baja\\\/\",\"url\":\"https:\\\/\\\/diariotextual.com\\\/inicio\\\/index.php\\\/2018\\\/11\\\/07\\\/donald-trump-retuvo-senado-perdio-la-mayoria-la-camara-baja\\\/\",\"name\":\"Donald Trump retuvo el Senado pero perdi\u00f3 la mayor\u00eda en la C\u00e1mara baja - Diario Textual\",\"isPartOf\":{\"@id\":\"https:\\\/\\\/diariotextual.com\\\/inicio\\\/#website\"},\"datePublished\":\"2018-11-07T11:18:41+00:00\",\"breadcrumb\":{\"@id\":\"https:\\\/\\\/diariotextual.com\\\/inicio\\\/index.php\\\/2018\\\/11\\\/07\\\/donald-trump-retuvo-senado-perdio-la-mayoria-la-camara-baja\\\/#breadcrumb\"},\"inLanguage\":\"es\",\"potentialAction\":[{\"@type\":\"ReadAction\",\"target\":[\"https:\\\/\\\/diariotextual.com\\\/inicio\\\/index.php\\\/2018\\\/11\\\/07\\\/donald-trump-retuvo-senado-perdio-la-mayoria-la-camara-baja\\\/\"]}]},{\"@type\":\"BreadcrumbList\",\"@id\":\"https:\\\/\\\/diariotextual.com\\\/inicio\\\/index.php\\\/2018\\\/11\\\/07\\\/donald-trump-retuvo-senado-perdio-la-mayoria-la-camara-baja\\\/#breadcrumb\",\"itemListElement\":[{\"@type\":\"ListItem\",\"position\":1,\"name\":\"Portada\",\"item\":\"https:\\\/\\\/diariotextual.com\\\/inicio\\\/\"},{\"@type\":\"ListItem\",\"position\":2,\"name\":\"Donald Trump retuvo el Senado pero perdi\u00f3 la mayor\u00eda en la C\u00e1mara baja\"}]},{\"@type\":\"WebSite\",\"@id\":\"https:\\\/\\\/diariotextual.com\\\/inicio\\\/#website\",\"url\":\"https:\\\/\\\/diariotextual.com\\\/inicio\\\/\",\"name\":\"Diario Textual\",\"description\":\"\",\"publisher\":{\"@id\":\"https:\\\/\\\/diariotextual.com\\\/inicio\\\/#organization\"},\"potentialAction\":[{\"@type\":\"SearchAction\",\"target\":{\"@type\":\"EntryPoint\",\"urlTemplate\":\"https:\\\/\\\/diariotextual.com\\\/inicio\\\/?s={search_term_string}\"},\"query-input\":{\"@type\":\"PropertyValueSpecification\",\"valueRequired\":true,\"valueName\":\"search_term_string\"}}],\"inLanguage\":\"es\"},{\"@type\":\"Organization\",\"@id\":\"https:\\\/\\\/diariotextual.com\\\/inicio\\\/#organization\",\"name\":\"Diario Textual\",\"url\":\"https:\\\/\\\/diariotextual.com\\\/inicio\\\/\",\"logo\":{\"@type\":\"ImageObject\",\"inLanguage\":\"es\",\"@id\":\"https:\\\/\\\/diariotextual.com\\\/inicio\\\/#\\\/schema\\\/logo\\\/image\\\/\",\"url\":\"https:\\\/\\\/diariotextual.com\\\/inicio\\\/wp-content\\\/uploads\\\/2023\\\/05\\\/logotextual1.jpg\",\"contentUrl\":\"https:\\\/\\\/diariotextual.com\\\/inicio\\\/wp-content\\\/uploads\\\/2023\\\/05\\\/logotextual1.jpg\",\"width\":516,\"height\":76,\"caption\":\"Diario Textual\"},\"image\":{\"@id\":\"https:\\\/\\\/diariotextual.com\\\/inicio\\\/#\\\/schema\\\/logo\\\/image\\\/\"},\"sameAs\":[\"https:\\\/\\\/www.facebook.com\\\/eltextual\",\"https:\\\/\\\/x.com\\\/eltextual\",\"http:\\\/\\\/www.instagram.com\\\/eltextual\"]},{\"@type\":\"Person\",\"@id\":\"https:\\\/\\\/diariotextual.com\\\/inicio\\\/#\\\/schema\\\/person\\\/418fc4093c33e86ed41562db3508f958\",\"name\":\"Diario1 Diario1\",\"image\":{\"@type\":\"ImageObject\",\"inLanguage\":\"es\",\"@id\":\"https:\\\/\\\/secure.gravatar.com\\\/avatar\\\/9167d280179c85bc18be67aa7eda765854300033af4896dd779b608640f2ef7a?s=96&d=mm&r=g\",\"url\":\"https:\\\/\\\/secure.gravatar.com\\\/avatar\\\/9167d280179c85bc18be67aa7eda765854300033af4896dd779b608640f2ef7a?s=96&d=mm&r=g\",\"contentUrl\":\"https:\\\/\\\/secure.gravatar.com\\\/avatar\\\/9167d280179c85bc18be67aa7eda765854300033af4896dd779b608640f2ef7a?s=96&d=mm&r=g\",\"caption\":\"Diario1 Diario1\"},\"url\":\"https:\\\/\\\/diariotextual.com\\\/inicio\\\/index.php\\\/author\\\/diario1\\\/\"}]}<\/script>\n<!-- \/ Yoast SEO plugin. -->","yoast_head_json":{"title":"Donald Trump retuvo el Senado pero perdi\u00f3 la mayor\u00eda en la C\u00e1mara baja - Diario Textual","robots":{"index":"index","follow":"follow","max-snippet":"max-snippet:-1","max-image-preview":"max-image-preview:large","max-video-preview":"max-video-preview:-1"},"canonical":"https:\/\/diariotextual.com\/inicio\/index.php\/2018\/11\/07\/donald-trump-retuvo-senado-perdio-la-mayoria-la-camara-baja\/","og_locale":"es_ES","og_type":"article","og_title":"Donald Trump retuvo el Senado pero perdi\u00f3 la mayor\u00eda en la C\u00e1mara baja - Diario Textual","og_description":"Los republicanos ampliaron su mayor\u00eda en el Senado en la fase final del recuento de las elecciones de medio mandato del martes: tienen 51 senadores confirmados, otra victoria en Florida&hellip;","og_url":"https:\/\/diariotextual.com\/inicio\/index.php\/2018\/11\/07\/donald-trump-retuvo-senado-perdio-la-mayoria-la-camara-baja\/","og_site_name":"Diario Textual","article_publisher":"https:\/\/www.facebook.com\/eltextual","article_published_time":"2018-11-07T11:18:41+00:00","author":"Diario1 Diario1","twitter_card":"summary_large_image","twitter_creator":"@eltextual","twitter_site":"@eltextual","twitter_misc":{"Escrito por":"Diario1 Diario1","Tiempo de lectura":"2 minutos"},"schema":{"@context":"https:\/\/schema.org","@graph":[{"@type":"Article","@id":"https:\/\/diariotextual.com\/inicio\/index.php\/2018\/11\/07\/donald-trump-retuvo-senado-perdio-la-mayoria-la-camara-baja\/#article","isPartOf":{"@id":"https:\/\/diariotextual.com\/inicio\/index.php\/2018\/11\/07\/donald-trump-retuvo-senado-perdio-la-mayoria-la-camara-baja\/"},"author":{"name":"Diario1 Diario1","@id":"https:\/\/diariotextual.com\/inicio\/#\/schema\/person\/418fc4093c33e86ed41562db3508f958"},"headline":"Donald Trump retuvo el Senado pero perdi\u00f3 la mayor\u00eda en la C\u00e1mara baja","datePublished":"2018-11-07T11:18:41+00:00","mainEntityOfPage":{"@id":"https:\/\/diariotextual.com\/inicio\/index.php\/2018\/11\/07\/donald-trump-retuvo-senado-perdio-la-mayoria-la-camara-baja\/"},"wordCount":458,"publisher":{"@id":"https:\/\/diariotextual.com\/inicio\/#organization"},"articleSection":["A - ES NOTICIA (van abajo)","A - QUE PASA (al costado)","MUNDO"],"inLanguage":"es"},{"@type":"WebPage","@id":"https:\/\/diariotextual.com\/inicio\/index.php\/2018\/11\/07\/donald-trump-retuvo-senado-perdio-la-mayoria-la-camara-baja\/","url":"https:\/\/diariotextual.com\/inicio\/index.php\/2018\/11\/07\/donald-trump-retuvo-senado-perdio-la-mayoria-la-camara-baja\/","name":"Donald Trump retuvo el Senado pero perdi\u00f3 la mayor\u00eda en la C\u00e1mara baja - Diario Textual","isPartOf":{"@id":"https:\/\/diariotextual.com\/inicio\/#website"},"datePublished":"2018-11-07T11:18:41+00:00","breadcrumb":{"@id":"https:\/\/diariotextual.com\/inicio\/index.php\/2018\/11\/07\/donald-trump-retuvo-senado-perdio-la-mayoria-la-camara-baja\/#breadcrumb"},"inLanguage":"es","potentialAction":[{"@type":"ReadAction","target":["https:\/\/diariotextual.com\/inicio\/index.php\/2018\/11\/07\/donald-trump-retuvo-senado-perdio-la-mayoria-la-camara-baja\/"]}]},{"@type":"BreadcrumbList","@id":"https:\/\/diariotextual.com\/inicio\/index.php\/2018\/11\/07\/donald-trump-retuvo-senado-perdio-la-mayoria-la-camara-baja\/#breadcrumb","itemListElement":[{"@type":"ListItem","position":1,"name":"Portada","item":"https:\/\/diariotextual.com\/inicio\/"},{"@type":"ListItem","position":2,"name":"Donald Trump retuvo el Senado pero perdi\u00f3 la mayor\u00eda en la C\u00e1mara baja"}]},{"@type":"WebSite","@id":"https:\/\/diariotextual.com\/inicio\/#website","url":"https:\/\/diariotextual.com\/inicio\/","name":"Diario Textual","description":"","publisher":{"@id":"https:\/\/diariotextual.com\/inicio\/#organization"},"potentialAction":[{"@type":"SearchAction","target":{"@type":"EntryPoint","urlTemplate":"https:\/\/diariotextual.com\/inicio\/?s={search_term_string}"},"query-input":{"@type":"PropertyValueSpecification","valueRequired":true,"valueName":"search_term_string"}}],"inLanguage":"es"},{"@type":"Organization","@id":"https:\/\/diariotextual.com\/inicio\/#organization","name":"Diario Textual","url":"https:\/\/diariotextual.com\/inicio\/","logo":{"@type":"ImageObject","inLanguage":"es","@id":"https:\/\/diariotextual.com\/inicio\/#\/schema\/logo\/image\/","url":"https:\/\/diariotextual.com\/inicio\/wp-content\/uploads\/2023\/05\/logotextual1.jpg","contentUrl":"https:\/\/diariotextual.com\/inicio\/wp-content\/uploads\/2023\/05\/logotextual1.jpg","width":516,"height":76,"caption":"Diario Textual"},"image":{"@id":"https:\/\/diariotextual.com\/inicio\/#\/schema\/logo\/image\/"},"sameAs":["https:\/\/www.facebook.com\/eltextual","https:\/\/x.com\/eltextual","http:\/\/www.instagram.com\/eltextual"]},{"@type":"Person","@id":"https:\/\/diariotextual.com\/inicio\/#\/schema\/person\/418fc4093c33e86ed41562db3508f958","name":"Diario1 Diario1","image":{"@type":"ImageObject","inLanguage":"es","@id":"https:\/\/secure.gravatar.com\/avatar\/9167d280179c85bc18be67aa7eda765854300033af4896dd779b608640f2ef7a?s=96&d=mm&r=g","url":"https:\/\/secure.gravatar.com\/avatar\/9167d280179c85bc18be67aa7eda765854300033af4896dd779b608640f2ef7a?s=96&d=mm&r=g","contentUrl":"https:\/\/secure.gravatar.com\/avatar\/9167d280179c85bc18be67aa7eda765854300033af4896dd779b608640f2ef7a?s=96&d=mm&r=g","caption":"Diario1 Diario1"},"url":"https:\/\/diariotextual.com\/inicio\/index.php\/author\/diario1\/"}]}},"_links":{"self":[{"href":"https:\/\/diariotextual.com\/inicio\/index.php\/wp-json\/wp\/v2\/posts\/26178","targetHints":{"allow":["GET"]}}],"collection":[{"href":"https:\/\/diariotextual.com\/inicio\/index.php\/wp-json\/wp\/v2\/posts"}],"about":[{"href":"https:\/\/diariotextual.com\/inicio\/index.php\/wp-json\/wp\/v2\/types\/post"}],"author":[{"embeddable":true,"href":"https:\/\/diariotextual.com\/inicio\/index.php\/wp-json\/wp\/v2\/users\/3"}],"replies":[{"embeddable":true,"href":"https:\/\/diariotextual.com\/inicio\/index.php\/wp-json\/wp\/v2\/comments?post=26178"}],"version-history":[{"count":2,"href":"https:\/\/diariotextual.com\/inicio\/index.php\/wp-json\/wp\/v2\/posts\/26178\/revisions"}],"predecessor-version":[{"id":26180,"href":"https:\/\/diariotextual.com\/inicio\/index.php\/wp-json\/wp\/v2\/posts\/26178\/revisions\/26180"}],"wp:attachment":[{"href":"https:\/\/diariotextual.com\/inicio\/index.php\/wp-json\/wp\/v2\/media?parent=26178"}],"wp:term":[{"taxonomy":"category","embeddable":true,"href":"https:\/\/diariotextual.com\/inicio\/index.php\/wp-json\/wp\/v2\/categories?post=26178"},{"taxonomy":"post_tag","embeddable":true,"href":"https:\/\/diariotextual.com\/inicio\/index.php\/wp-json\/wp\/v2\/tags?post=26178"}],"curies":[{"name":"wp","href":"https:\/\/api.w.org\/{rel}","templated":true}]}}