{"id":262233,"date":"2024-05-05T07:59:42","date_gmt":"2024-05-05T10:59:42","guid":{"rendered":"https:\/\/diariotextual.com\/inicio\/?p=262233"},"modified":"2024-05-05T18:13:49","modified_gmt":"2024-05-05T21:13:49","slug":"estudiantes-y-velez-definen-el-nuevo-campeon-de-la-copa-de-la-liga","status":"publish","type":"post","link":"https:\/\/diariotextual.com\/inicio\/index.php\/2024\/05\/05\/estudiantes-y-velez-definen-el-nuevo-campeon-de-la-copa-de-la-liga\/","title":{"rendered":"Estudiantes y V\u00e9lez definen el nuevo campe\u00f3n de la Copa de la Liga"},"content":{"rendered":"\n<p>Estudiantes de La Plata y V\u00e9lez disputar\u00e1n este domingo la final de la Copa de la Liga Profesional 2024, en Santiago del Estero, donde definir\u00e1n al nuevo campe\u00f3n del f\u00fatbol argentino.<\/p>\n\n\n\n<p>El encuentro tendr\u00e1 lugar en el estadio \u00danico Madre de Ciudades de Santiago del Estero desde las 15:30, contar\u00e1 con el arbitraje de Nicol\u00e1s Ram\u00edrez, quien ser\u00e1 secundado en el VAR H\u00e9ctor Paletta: la transmisi\u00f3n ser\u00e1 de ESPN Premium y TNT Sports.<\/p>\n\n\n\n<p>Estudiantes accedi\u00f3 al duelo definitorio tras imponerse ante Boca en la definici\u00f3n por penales 3 a 1, luego de igualar en tiempo regular 1 a 1.<\/p>\n\n\n\n<p>La principal duda para el entrenador Eduardo Dom\u00ednguez pasa en el ataque del equipo, ya que est\u00e1 pendiente de la evoluci\u00f3n del colombiano Edwin Cetr\u00e9, que no est\u00e1 en \u00f3ptimas condiciones a pesar de haber jugado ante el Xeneize. En caso de no estar bien f\u00edsicamente, el ex Independiente Medell\u00edn podr\u00eda ser una alternativa para ingresar en el complemento, ya con los rivales cansados, para aportar v\u00e9rtigo y profundidad como sucedi\u00f3 en la semifinal.<\/p>\n\n\n\n<p>Aunque no hay una confirmaci\u00f3n, Dom\u00ednguez podr\u00eda repetir el mismo equipo que logr\u00f3 el boleto en la final con Mat\u00edas Mansilla en el arco, Eros Mancuso y Gast\u00f3n Benedetti estar\u00edan en los laterales, Luciano Lollo y Zaid Romero en la zaga central. El mediocampo se conformar\u00e1 con Santiago Ascacibar, Enzo P\u00e9rez, Jos\u00e9 Sosa, Fernando Zuqui, Thiago Palacios y en el ataque estar\u00eda solo como referente de \u00e1rea Guido Carrillo.<\/p>\n\n\n\n<p>Por su parte, V\u00e9lez lleg\u00f3 a esta instancia luego de eliminar en los cuartos de final a Godoy Cruz de Mendoza y en las semifinales a Argentinos Juniors.<\/p>\n\n\n\n<p>De cara a este compromiso trascendental, el entrenador Gustavo Quinteros tiene varias opciones dentro de un equipo que creci\u00f3 ampliamente tras un p\u00e9simo arranque de certamen, en el cual apenas hab\u00eda sumado un punto de nueve posibles, con una derrota hist\u00f3rica ante River por 5 a 0.<\/p>\n\n\n\n<p>Con una base joven y consolidada, que tiene a Claudio Aquino como su capit\u00e1n, el Fort\u00edn intentar\u00e1 levantar la Copa, pero a\u00fan persiste la duda en el armado del equipo: la expulsi\u00f3n de Brian Romero abri\u00f3 el camino a dos futbolista para ocupar el puesto vacante.<\/p>\n\n\n\n<p>En primera instancia est\u00e1 el uruguayo Thiago Vecino y algo m\u00e1s atr\u00e1s el juvenil Alejo Sarco. Adem\u00e1s, Quinteros meter\u00eda una modificaci\u00f3n en el lateral izquierdo, donde El\u00edas G\u00f3mez regresar\u00eda por el lesionado Tom\u00e1s Cavanagh.<\/p>\n\n\n\n<p><em>Fuente: NA<\/em><\/p>\n","protected":false},"excerpt":{"rendered":"<p>Estudiantes de La Plata y V\u00e9lez disputar\u00e1n este domingo la final de la Copa de la Liga Profesional 2024, en Santiago del Estero, donde definir\u00e1n al nuevo campe\u00f3n del f\u00fatbol&hellip;<\/p>\n","protected":false},"author":3,"featured_media":262236,"comment_status":"closed","ping_status":"open","sticky":false,"template":"","format":"standard","meta":{"_acf_changed":false,"footnotes":""},"categories":[3],"tags":[],"class_list":["post-262233","post","type-post","status-publish","format-standard","has-post-thumbnail","hentry","category-deportes"],"acf":[],"yoast_head":"<!-- This site is optimized with the Yoast SEO plugin v27.5 - https:\/\/yoast.com\/product\/yoast-seo-wordpress\/ -->\n<title>Estudiantes y V\u00e9lez definen el nuevo campe\u00f3n de la Copa de la Liga - Diario Textual<\/title>\n<meta name=\"robots\" content=\"index, follow, max-snippet:-1, max-image-preview:large, max-video-preview:-1\" \/>\n<link rel=\"canonical\" href=\"https:\/\/diariotextual.com\/inicio\/index.php\/2024\/05\/05\/estudiantes-y-velez-definen-el-nuevo-campeon-de-la-copa-de-la-liga\/\" \/>\n<meta property=\"og:locale\" content=\"es_ES\" \/>\n<meta property=\"og:type\" content=\"article\" \/>\n<meta property=\"og:title\" content=\"Estudiantes y V\u00e9lez definen el nuevo campe\u00f3n de la Copa de la Liga - Diario Textual\" \/>\n<meta property=\"og:description\" content=\"Estudiantes de La Plata y V\u00e9lez disputar\u00e1n este domingo la final de la Copa de la Liga Profesional 2024, en Santiago del Estero, donde definir\u00e1n al nuevo campe\u00f3n del f\u00fatbol&hellip;\" \/>\n<meta property=\"og:url\" content=\"https:\/\/diariotextual.com\/inicio\/index.php\/2024\/05\/05\/estudiantes-y-velez-definen-el-nuevo-campeon-de-la-copa-de-la-liga\/\" \/>\n<meta property=\"og:site_name\" content=\"Diario Textual\" \/>\n<meta property=\"article:publisher\" content=\"https:\/\/www.facebook.com\/eltextual\" \/>\n<meta property=\"article:published_time\" content=\"2024-05-05T10:59:42+00:00\" \/>\n<meta property=\"article:modified_time\" content=\"2024-05-05T21:13:49+00:00\" \/>\n<meta property=\"og:image\" content=\"https:\/\/diariotextual.com\/inicio\/wp-content\/uploads\/2024\/05\/estudiantesvelez2024-2.jpg\" \/>\n\t<meta property=\"og:image:width\" content=\"981\" \/>\n\t<meta property=\"og:image:height\" content=\"720\" \/>\n\t<meta property=\"og:image:type\" content=\"image\/jpeg\" \/>\n<meta name=\"author\" content=\"Diario1 Diario1\" \/>\n<meta name=\"twitter:card\" content=\"summary_large_image\" \/>\n<meta name=\"twitter:creator\" content=\"@eltextual\" \/>\n<meta name=\"twitter:site\" content=\"@eltextual\" \/>\n<meta name=\"twitter:label1\" content=\"Escrito por\" \/>\n\t<meta name=\"twitter:data1\" content=\"Diario1 Diario1\" \/>\n\t<meta name=\"twitter:label2\" content=\"Tiempo de lectura\" \/>\n\t<meta name=\"twitter:data2\" content=\"3 minutos\" \/>\n<script type=\"application\/ld+json\" class=\"yoast-schema-graph\">{\"@context\":\"https:\\\/\\\/schema.org\",\"@graph\":[{\"@type\":\"Article\",\"@id\":\"https:\\\/\\\/diariotextual.com\\\/inicio\\\/index.php\\\/2024\\\/05\\\/05\\\/estudiantes-y-velez-definen-el-nuevo-campeon-de-la-copa-de-la-liga\\\/#article\",\"isPartOf\":{\"@id\":\"https:\\\/\\\/diariotextual.com\\\/inicio\\\/index.php\\\/2024\\\/05\\\/05\\\/estudiantes-y-velez-definen-el-nuevo-campeon-de-la-copa-de-la-liga\\\/\"},\"author\":{\"name\":\"Diario1 Diario1\",\"@id\":\"https:\\\/\\\/diariotextual.com\\\/inicio\\\/#\\\/schema\\\/person\\\/418fc4093c33e86ed41562db3508f958\"},\"headline\":\"Estudiantes y V\u00e9lez definen el nuevo campe\u00f3n de la Copa de la Liga\",\"datePublished\":\"2024-05-05T10:59:42+00:00\",\"dateModified\":\"2024-05-05T21:13:49+00:00\",\"mainEntityOfPage\":{\"@id\":\"https:\\\/\\\/diariotextual.com\\\/inicio\\\/index.php\\\/2024\\\/05\\\/05\\\/estudiantes-y-velez-definen-el-nuevo-campeon-de-la-copa-de-la-liga\\\/\"},\"wordCount\":447,\"publisher\":{\"@id\":\"https:\\\/\\\/diariotextual.com\\\/inicio\\\/#organization\"},\"image\":{\"@id\":\"https:\\\/\\\/diariotextual.com\\\/inicio\\\/index.php\\\/2024\\\/05\\\/05\\\/estudiantes-y-velez-definen-el-nuevo-campeon-de-la-copa-de-la-liga\\\/#primaryimage\"},\"thumbnailUrl\":\"https:\\\/\\\/diariotextual.com\\\/inicio\\\/wp-content\\\/uploads\\\/2024\\\/05\\\/estudiantesvelez2024-2.jpg\",\"articleSection\":[\"DEPORTES\"],\"inLanguage\":\"es\"},{\"@type\":\"WebPage\",\"@id\":\"https:\\\/\\\/diariotextual.com\\\/inicio\\\/index.php\\\/2024\\\/05\\\/05\\\/estudiantes-y-velez-definen-el-nuevo-campeon-de-la-copa-de-la-liga\\\/\",\"url\":\"https:\\\/\\\/diariotextual.com\\\/inicio\\\/index.php\\\/2024\\\/05\\\/05\\\/estudiantes-y-velez-definen-el-nuevo-campeon-de-la-copa-de-la-liga\\\/\",\"name\":\"Estudiantes y V\u00e9lez definen el nuevo campe\u00f3n de la Copa de la Liga - Diario Textual\",\"isPartOf\":{\"@id\":\"https:\\\/\\\/diariotextual.com\\\/inicio\\\/#website\"},\"primaryImageOfPage\":{\"@id\":\"https:\\\/\\\/diariotextual.com\\\/inicio\\\/index.php\\\/2024\\\/05\\\/05\\\/estudiantes-y-velez-definen-el-nuevo-campeon-de-la-copa-de-la-liga\\\/#primaryimage\"},\"image\":{\"@id\":\"https:\\\/\\\/diariotextual.com\\\/inicio\\\/index.php\\\/2024\\\/05\\\/05\\\/estudiantes-y-velez-definen-el-nuevo-campeon-de-la-copa-de-la-liga\\\/#primaryimage\"},\"thumbnailUrl\":\"https:\\\/\\\/diariotextual.com\\\/inicio\\\/wp-content\\\/uploads\\\/2024\\\/05\\\/estudiantesvelez2024-2.jpg\",\"datePublished\":\"2024-05-05T10:59:42+00:00\",\"dateModified\":\"2024-05-05T21:13:49+00:00\",\"breadcrumb\":{\"@id\":\"https:\\\/\\\/diariotextual.com\\\/inicio\\\/index.php\\\/2024\\\/05\\\/05\\\/estudiantes-y-velez-definen-el-nuevo-campeon-de-la-copa-de-la-liga\\\/#breadcrumb\"},\"inLanguage\":\"es\",\"potentialAction\":[{\"@type\":\"ReadAction\",\"target\":[\"https:\\\/\\\/diariotextual.com\\\/inicio\\\/index.php\\\/2024\\\/05\\\/05\\\/estudiantes-y-velez-definen-el-nuevo-campeon-de-la-copa-de-la-liga\\\/\"]}]},{\"@type\":\"ImageObject\",\"inLanguage\":\"es\",\"@id\":\"https:\\\/\\\/diariotextual.com\\\/inicio\\\/index.php\\\/2024\\\/05\\\/05\\\/estudiantes-y-velez-definen-el-nuevo-campeon-de-la-copa-de-la-liga\\\/#primaryimage\",\"url\":\"https:\\\/\\\/diariotextual.com\\\/inicio\\\/wp-content\\\/uploads\\\/2024\\\/05\\\/estudiantesvelez2024-2.jpg\",\"contentUrl\":\"https:\\\/\\\/diariotextual.com\\\/inicio\\\/wp-content\\\/uploads\\\/2024\\\/05\\\/estudiantesvelez2024-2.jpg\",\"width\":981,\"height\":720},{\"@type\":\"BreadcrumbList\",\"@id\":\"https:\\\/\\\/diariotextual.com\\\/inicio\\\/index.php\\\/2024\\\/05\\\/05\\\/estudiantes-y-velez-definen-el-nuevo-campeon-de-la-copa-de-la-liga\\\/#breadcrumb\",\"itemListElement\":[{\"@type\":\"ListItem\",\"position\":1,\"name\":\"Portada\",\"item\":\"https:\\\/\\\/diariotextual.com\\\/inicio\\\/\"},{\"@type\":\"ListItem\",\"position\":2,\"name\":\"Estudiantes y V\u00e9lez definen el nuevo campe\u00f3n de la Copa de la Liga\"}]},{\"@type\":\"WebSite\",\"@id\":\"https:\\\/\\\/diariotextual.com\\\/inicio\\\/#website\",\"url\":\"https:\\\/\\\/diariotextual.com\\\/inicio\\\/\",\"name\":\"Diario Textual\",\"description\":\"\",\"publisher\":{\"@id\":\"https:\\\/\\\/diariotextual.com\\\/inicio\\\/#organization\"},\"potentialAction\":[{\"@type\":\"SearchAction\",\"target\":{\"@type\":\"EntryPoint\",\"urlTemplate\":\"https:\\\/\\\/diariotextual.com\\\/inicio\\\/?s={search_term_string}\"},\"query-input\":{\"@type\":\"PropertyValueSpecification\",\"valueRequired\":true,\"valueName\":\"search_term_string\"}}],\"inLanguage\":\"es\"},{\"@type\":\"Organization\",\"@id\":\"https:\\\/\\\/diariotextual.com\\\/inicio\\\/#organization\",\"name\":\"Diario Textual\",\"url\":\"https:\\\/\\\/diariotextual.com\\\/inicio\\\/\",\"logo\":{\"@type\":\"ImageObject\",\"inLanguage\":\"es\",\"@id\":\"https:\\\/\\\/diariotextual.com\\\/inicio\\\/#\\\/schema\\\/logo\\\/image\\\/\",\"url\":\"https:\\\/\\\/diariotextual.com\\\/inicio\\\/wp-content\\\/uploads\\\/2023\\\/05\\\/logotextual1.jpg\",\"contentUrl\":\"https:\\\/\\\/diariotextual.com\\\/inicio\\\/wp-content\\\/uploads\\\/2023\\\/05\\\/logotextual1.jpg\",\"width\":516,\"height\":76,\"caption\":\"Diario Textual\"},\"image\":{\"@id\":\"https:\\\/\\\/diariotextual.com\\\/inicio\\\/#\\\/schema\\\/logo\\\/image\\\/\"},\"sameAs\":[\"https:\\\/\\\/www.facebook.com\\\/eltextual\",\"https:\\\/\\\/x.com\\\/eltextual\",\"http:\\\/\\\/www.instagram.com\\\/eltextual\"]},{\"@type\":\"Person\",\"@id\":\"https:\\\/\\\/diariotextual.com\\\/inicio\\\/#\\\/schema\\\/person\\\/418fc4093c33e86ed41562db3508f958\",\"name\":\"Diario1 Diario1\",\"image\":{\"@type\":\"ImageObject\",\"inLanguage\":\"es\",\"@id\":\"https:\\\/\\\/secure.gravatar.com\\\/avatar\\\/9167d280179c85bc18be67aa7eda765854300033af4896dd779b608640f2ef7a?s=96&d=mm&r=g\",\"url\":\"https:\\\/\\\/secure.gravatar.com\\\/avatar\\\/9167d280179c85bc18be67aa7eda765854300033af4896dd779b608640f2ef7a?s=96&d=mm&r=g\",\"contentUrl\":\"https:\\\/\\\/secure.gravatar.com\\\/avatar\\\/9167d280179c85bc18be67aa7eda765854300033af4896dd779b608640f2ef7a?s=96&d=mm&r=g\",\"caption\":\"Diario1 Diario1\"},\"url\":\"https:\\\/\\\/diariotextual.com\\\/inicio\\\/index.php\\\/author\\\/diario1\\\/\"}]}<\/script>\n<!-- \/ Yoast SEO plugin. -->","yoast_head_json":{"title":"Estudiantes y V\u00e9lez definen el nuevo campe\u00f3n de la Copa de la Liga - Diario Textual","robots":{"index":"index","follow":"follow","max-snippet":"max-snippet:-1","max-image-preview":"max-image-preview:large","max-video-preview":"max-video-preview:-1"},"canonical":"https:\/\/diariotextual.com\/inicio\/index.php\/2024\/05\/05\/estudiantes-y-velez-definen-el-nuevo-campeon-de-la-copa-de-la-liga\/","og_locale":"es_ES","og_type":"article","og_title":"Estudiantes y V\u00e9lez definen el nuevo campe\u00f3n de la Copa de la Liga - Diario Textual","og_description":"Estudiantes de La Plata y V\u00e9lez disputar\u00e1n este domingo la final de la Copa de la Liga Profesional 2024, en Santiago del Estero, donde definir\u00e1n al nuevo campe\u00f3n del f\u00fatbol&hellip;","og_url":"https:\/\/diariotextual.com\/inicio\/index.php\/2024\/05\/05\/estudiantes-y-velez-definen-el-nuevo-campeon-de-la-copa-de-la-liga\/","og_site_name":"Diario Textual","article_publisher":"https:\/\/www.facebook.com\/eltextual","article_published_time":"2024-05-05T10:59:42+00:00","article_modified_time":"2024-05-05T21:13:49+00:00","og_image":[{"width":981,"height":720,"url":"https:\/\/diariotextual.com\/inicio\/wp-content\/uploads\/2024\/05\/estudiantesvelez2024-2.jpg","type":"image\/jpeg"}],"author":"Diario1 Diario1","twitter_card":"summary_large_image","twitter_creator":"@eltextual","twitter_site":"@eltextual","twitter_misc":{"Escrito por":"Diario1 Diario1","Tiempo de lectura":"3 minutos"},"schema":{"@context":"https:\/\/schema.org","@graph":[{"@type":"Article","@id":"https:\/\/diariotextual.com\/inicio\/index.php\/2024\/05\/05\/estudiantes-y-velez-definen-el-nuevo-campeon-de-la-copa-de-la-liga\/#article","isPartOf":{"@id":"https:\/\/diariotextual.com\/inicio\/index.php\/2024\/05\/05\/estudiantes-y-velez-definen-el-nuevo-campeon-de-la-copa-de-la-liga\/"},"author":{"name":"Diario1 Diario1","@id":"https:\/\/diariotextual.com\/inicio\/#\/schema\/person\/418fc4093c33e86ed41562db3508f958"},"headline":"Estudiantes y V\u00e9lez definen el nuevo campe\u00f3n de la Copa de la Liga","datePublished":"2024-05-05T10:59:42+00:00","dateModified":"2024-05-05T21:13:49+00:00","mainEntityOfPage":{"@id":"https:\/\/diariotextual.com\/inicio\/index.php\/2024\/05\/05\/estudiantes-y-velez-definen-el-nuevo-campeon-de-la-copa-de-la-liga\/"},"wordCount":447,"publisher":{"@id":"https:\/\/diariotextual.com\/inicio\/#organization"},"image":{"@id":"https:\/\/diariotextual.com\/inicio\/index.php\/2024\/05\/05\/estudiantes-y-velez-definen-el-nuevo-campeon-de-la-copa-de-la-liga\/#primaryimage"},"thumbnailUrl":"https:\/\/diariotextual.com\/inicio\/wp-content\/uploads\/2024\/05\/estudiantesvelez2024-2.jpg","articleSection":["DEPORTES"],"inLanguage":"es"},{"@type":"WebPage","@id":"https:\/\/diariotextual.com\/inicio\/index.php\/2024\/05\/05\/estudiantes-y-velez-definen-el-nuevo-campeon-de-la-copa-de-la-liga\/","url":"https:\/\/diariotextual.com\/inicio\/index.php\/2024\/05\/05\/estudiantes-y-velez-definen-el-nuevo-campeon-de-la-copa-de-la-liga\/","name":"Estudiantes y V\u00e9lez definen el nuevo campe\u00f3n de la Copa de la Liga - Diario Textual","isPartOf":{"@id":"https:\/\/diariotextual.com\/inicio\/#website"},"primaryImageOfPage":{"@id":"https:\/\/diariotextual.com\/inicio\/index.php\/2024\/05\/05\/estudiantes-y-velez-definen-el-nuevo-campeon-de-la-copa-de-la-liga\/#primaryimage"},"image":{"@id":"https:\/\/diariotextual.com\/inicio\/index.php\/2024\/05\/05\/estudiantes-y-velez-definen-el-nuevo-campeon-de-la-copa-de-la-liga\/#primaryimage"},"thumbnailUrl":"https:\/\/diariotextual.com\/inicio\/wp-content\/uploads\/2024\/05\/estudiantesvelez2024-2.jpg","datePublished":"2024-05-05T10:59:42+00:00","dateModified":"2024-05-05T21:13:49+00:00","breadcrumb":{"@id":"https:\/\/diariotextual.com\/inicio\/index.php\/2024\/05\/05\/estudiantes-y-velez-definen-el-nuevo-campeon-de-la-copa-de-la-liga\/#breadcrumb"},"inLanguage":"es","potentialAction":[{"@type":"ReadAction","target":["https:\/\/diariotextual.com\/inicio\/index.php\/2024\/05\/05\/estudiantes-y-velez-definen-el-nuevo-campeon-de-la-copa-de-la-liga\/"]}]},{"@type":"ImageObject","inLanguage":"es","@id":"https:\/\/diariotextual.com\/inicio\/index.php\/2024\/05\/05\/estudiantes-y-velez-definen-el-nuevo-campeon-de-la-copa-de-la-liga\/#primaryimage","url":"https:\/\/diariotextual.com\/inicio\/wp-content\/uploads\/2024\/05\/estudiantesvelez2024-2.jpg","contentUrl":"https:\/\/diariotextual.com\/inicio\/wp-content\/uploads\/2024\/05\/estudiantesvelez2024-2.jpg","width":981,"height":720},{"@type":"BreadcrumbList","@id":"https:\/\/diariotextual.com\/inicio\/index.php\/2024\/05\/05\/estudiantes-y-velez-definen-el-nuevo-campeon-de-la-copa-de-la-liga\/#breadcrumb","itemListElement":[{"@type":"ListItem","position":1,"name":"Portada","item":"https:\/\/diariotextual.com\/inicio\/"},{"@type":"ListItem","position":2,"name":"Estudiantes y V\u00e9lez definen el nuevo campe\u00f3n de la Copa de la Liga"}]},{"@type":"WebSite","@id":"https:\/\/diariotextual.com\/inicio\/#website","url":"https:\/\/diariotextual.com\/inicio\/","name":"Diario Textual","description":"","publisher":{"@id":"https:\/\/diariotextual.com\/inicio\/#organization"},"potentialAction":[{"@type":"SearchAction","target":{"@type":"EntryPoint","urlTemplate":"https:\/\/diariotextual.com\/inicio\/?s={search_term_string}"},"query-input":{"@type":"PropertyValueSpecification","valueRequired":true,"valueName":"search_term_string"}}],"inLanguage":"es"},{"@type":"Organization","@id":"https:\/\/diariotextual.com\/inicio\/#organization","name":"Diario Textual","url":"https:\/\/diariotextual.com\/inicio\/","logo":{"@type":"ImageObject","inLanguage":"es","@id":"https:\/\/diariotextual.com\/inicio\/#\/schema\/logo\/image\/","url":"https:\/\/diariotextual.com\/inicio\/wp-content\/uploads\/2023\/05\/logotextual1.jpg","contentUrl":"https:\/\/diariotextual.com\/inicio\/wp-content\/uploads\/2023\/05\/logotextual1.jpg","width":516,"height":76,"caption":"Diario Textual"},"image":{"@id":"https:\/\/diariotextual.com\/inicio\/#\/schema\/logo\/image\/"},"sameAs":["https:\/\/www.facebook.com\/eltextual","https:\/\/x.com\/eltextual","http:\/\/www.instagram.com\/eltextual"]},{"@type":"Person","@id":"https:\/\/diariotextual.com\/inicio\/#\/schema\/person\/418fc4093c33e86ed41562db3508f958","name":"Diario1 Diario1","image":{"@type":"ImageObject","inLanguage":"es","@id":"https:\/\/secure.gravatar.com\/avatar\/9167d280179c85bc18be67aa7eda765854300033af4896dd779b608640f2ef7a?s=96&d=mm&r=g","url":"https:\/\/secure.gravatar.com\/avatar\/9167d280179c85bc18be67aa7eda765854300033af4896dd779b608640f2ef7a?s=96&d=mm&r=g","contentUrl":"https:\/\/secure.gravatar.com\/avatar\/9167d280179c85bc18be67aa7eda765854300033af4896dd779b608640f2ef7a?s=96&d=mm&r=g","caption":"Diario1 Diario1"},"url":"https:\/\/diariotextual.com\/inicio\/index.php\/author\/diario1\/"}]}},"_links":{"self":[{"href":"https:\/\/diariotextual.com\/inicio\/index.php\/wp-json\/wp\/v2\/posts\/262233","targetHints":{"allow":["GET"]}}],"collection":[{"href":"https:\/\/diariotextual.com\/inicio\/index.php\/wp-json\/wp\/v2\/posts"}],"about":[{"href":"https:\/\/diariotextual.com\/inicio\/index.php\/wp-json\/wp\/v2\/types\/post"}],"author":[{"embeddable":true,"href":"https:\/\/diariotextual.com\/inicio\/index.php\/wp-json\/wp\/v2\/users\/3"}],"replies":[{"embeddable":true,"href":"https:\/\/diariotextual.com\/inicio\/index.php\/wp-json\/wp\/v2\/comments?post=262233"}],"version-history":[{"count":2,"href":"https:\/\/diariotextual.com\/inicio\/index.php\/wp-json\/wp\/v2\/posts\/262233\/revisions"}],"predecessor-version":[{"id":262235,"href":"https:\/\/diariotextual.com\/inicio\/index.php\/wp-json\/wp\/v2\/posts\/262233\/revisions\/262235"}],"wp:featuredmedia":[{"embeddable":true,"href":"https:\/\/diariotextual.com\/inicio\/index.php\/wp-json\/wp\/v2\/media\/262236"}],"wp:attachment":[{"href":"https:\/\/diariotextual.com\/inicio\/index.php\/wp-json\/wp\/v2\/media?parent=262233"}],"wp:term":[{"taxonomy":"category","embeddable":true,"href":"https:\/\/diariotextual.com\/inicio\/index.php\/wp-json\/wp\/v2\/categories?post=262233"},{"taxonomy":"post_tag","embeddable":true,"href":"https:\/\/diariotextual.com\/inicio\/index.php\/wp-json\/wp\/v2\/tags?post=262233"}],"curies":[{"name":"wp","href":"https:\/\/api.w.org\/{rel}","templated":true}]}}