{"id":265207,"date":"2024-06-01T17:57:00","date_gmt":"2024-06-01T20:57:00","guid":{"rendered":"https:\/\/diariotextual.com\/inicio\/?p=265207"},"modified":"2024-06-01T17:57:02","modified_gmt":"2024-06-01T20:57:02","slug":"real-madrid-conquisto-su-decimoquinta-champions-league","status":"publish","type":"post","link":"https:\/\/diariotextual.com\/inicio\/index.php\/2024\/06\/01\/real-madrid-conquisto-su-decimoquinta-champions-league\/","title":{"rendered":"Real Madrid conquist\u00f3 su decimoquinta Champions League"},"content":{"rendered":"\n<p><strong>El Real Madrid sac\u00f3 a relucir su historia y se consagr\u00f3 campe\u00f3n de la Champions League tras vencer en la final al Borussia Dortmund por 2 a 0, en Wembley y, as\u00ed lograr su decimoquinto trofeo de Europa.<\/strong><\/p>\n\n\n\n<p><strong>Dani Carvajal,<\/strong>&nbsp;a los 38 minutos del complemento&nbsp;<strong>y, Vinicius Jr.<\/strong>, a los 37 del mismo per\u00edodo,&nbsp;<strong>fueron los art\u00edfices del cuadro Merengue.<\/strong><\/p>\n\n\n\n<p>El encuentro comenz\u00f3 con una ins\u00f3lita invasi\u00f3n por parte de tres fan\u00e1ticos al campo de juego, lo que llev\u00f3 a que el \u00e1rbitro detenga las acciones y esto llev\u00f3 a una demora de casi cuatro minutos.<\/p>\n\n\n\n<p>En la reanudaci\u00f3n, los exhibido por ambos equipos estuvo muy lejos de los que se imagin\u00f3 en la previa, ya que centraron el juego en una batalla en el mediocampo, en la que ninguno logr\u00f3 sobresalir.<\/p>\n\n\n\n<p>Pero con el correr de los minutos, fue el&nbsp;<strong>Borussia Dortmund el que logr\u00f3 romper la parida, en cuanto al juego y, acech\u00f3 al Real Madrid<\/strong>&nbsp;que tuvo que depender de la destaca labor de su arquero Thibaut Courtois, quien le ahog\u00f3 el grito de gol a Karim Adeyemi y luego a Marcel Sahitzer.<\/p>\n\n\n\n<p>Igualmente, el arquero belga no pudo siempre responder de grata manera, sin embargo, la suerte estuvo de su lado, ya que Niclas F\u00fcllkrug remat\u00f3, pero el poste le neg\u00f3 la posibilidad de irse al\u00a0descanso con el triunfo parcial.<\/p>\n\n\n\n<p><strong>En el complemento, Real Madrid sali\u00f3 con otra determinaci\u00f3n.<\/strong>&nbsp;Con un juego auspicioso y punzante, cont\u00f3 con una doble acci\u00f3n: primero con un tiro libre de Toni Kroos y, luego con un cabezazo de Carvajal.<\/p>\n\n\n\n<p>El Dortmund respondi\u00f3 con un potente cabezazo de F\u00fcllkrug, pero esto fue apenas un oasis para los de Alemania, ya que el cuadro \u00abMerengue\u00bb domin\u00f3 las acciones.<\/p>\n\n\n\n<p>Luego de varios intentos,&nbsp;<strong>Carvajal gan\u00f3 de cabeza en el \u00e1rea rival, una vez m\u00e1s y, mand\u00f3 la pelota al fondo del arco para firmar el 1 a 0 a favor del Real Madrid.<\/strong><\/p>\n\n\n\n<p>El desconcierto se adue\u00f1\u00f3 del Dortmund y esto lo pag\u00f3 caro: en una mala salida en defensa,&nbsp;<strong>Vinicius aprovech\u00f3 para definir ante el achique del arquero Kobel para sentenciar el 2-0.<\/strong><\/p>\n\n\n\n<p>Sobre el cierre del partido, F\u00fcllkrug logr\u00f3 el descuento, pero la acci\u00f3n fue invalidado por posici\u00f3n adelantada y nada pudo hacer el cuadro de Alemania para evitar la derrota que le permiti\u00f3 al Real Madrid lograr su decimoquinta Champions League.<\/p>\n","protected":false},"excerpt":{"rendered":"<p>El Real Madrid sac\u00f3 a relucir su historia y se consagr\u00f3 campe\u00f3n de la Champions League tras vencer en la final al Borussia Dortmund por 2 a 0, en Wembley&hellip;<\/p>\n","protected":false},"author":3,"featured_media":265210,"comment_status":"closed","ping_status":"open","sticky":false,"template":"","format":"standard","meta":{"_acf_changed":false,"footnotes":""},"categories":[1,3],"tags":[],"class_list":["post-265207","post","type-post","status-publish","format-standard","has-post-thumbnail","hentry","category-es-noticia","category-deportes"],"acf":[],"yoast_head":"<!-- This site is optimized with the Yoast SEO plugin v27.5 - https:\/\/yoast.com\/product\/yoast-seo-wordpress\/ -->\n<title>Real Madrid conquist\u00f3 su decimoquinta Champions League - Diario Textual<\/title>\n<meta name=\"robots\" content=\"index, follow, max-snippet:-1, max-image-preview:large, max-video-preview:-1\" \/>\n<link rel=\"canonical\" href=\"https:\/\/diariotextual.com\/inicio\/index.php\/2024\/06\/01\/real-madrid-conquisto-su-decimoquinta-champions-league\/\" \/>\n<meta property=\"og:locale\" content=\"es_ES\" \/>\n<meta property=\"og:type\" content=\"article\" \/>\n<meta property=\"og:title\" content=\"Real Madrid conquist\u00f3 su decimoquinta Champions League - Diario Textual\" \/>\n<meta property=\"og:description\" content=\"El Real Madrid sac\u00f3 a relucir su historia y se consagr\u00f3 campe\u00f3n de la Champions League tras vencer en la final al Borussia Dortmund por 2 a 0, en Wembley&hellip;\" \/>\n<meta property=\"og:url\" content=\"https:\/\/diariotextual.com\/inicio\/index.php\/2024\/06\/01\/real-madrid-conquisto-su-decimoquinta-champions-league\/\" \/>\n<meta property=\"og:site_name\" content=\"Diario Textual\" \/>\n<meta property=\"article:publisher\" content=\"https:\/\/www.facebook.com\/eltextual\" \/>\n<meta property=\"article:published_time\" content=\"2024-06-01T20:57:00+00:00\" \/>\n<meta property=\"article:modified_time\" content=\"2024-06-01T20:57:02+00:00\" \/>\n<meta property=\"og:image\" content=\"https:\/\/diariotextual.com\/inicio\/wp-content\/uploads\/2024\/06\/realmadrid2024-12.jpg\" \/>\n\t<meta property=\"og:image:width\" content=\"1500\" \/>\n\t<meta property=\"og:image:height\" content=\"1017\" \/>\n\t<meta property=\"og:image:type\" content=\"image\/jpeg\" \/>\n<meta name=\"author\" content=\"Diario1 Diario1\" \/>\n<meta name=\"twitter:card\" content=\"summary_large_image\" \/>\n<meta name=\"twitter:creator\" content=\"@eltextual\" \/>\n<meta name=\"twitter:site\" content=\"@eltextual\" \/>\n<meta name=\"twitter:label1\" content=\"Escrito por\" \/>\n\t<meta name=\"twitter:data1\" content=\"Diario1 Diario1\" \/>\n\t<meta name=\"twitter:label2\" content=\"Tiempo de lectura\" \/>\n\t<meta name=\"twitter:data2\" content=\"2 minutos\" \/>\n<script type=\"application\/ld+json\" class=\"yoast-schema-graph\">{\"@context\":\"https:\\\/\\\/schema.org\",\"@graph\":[{\"@type\":\"Article\",\"@id\":\"https:\\\/\\\/diariotextual.com\\\/inicio\\\/index.php\\\/2024\\\/06\\\/01\\\/real-madrid-conquisto-su-decimoquinta-champions-league\\\/#article\",\"isPartOf\":{\"@id\":\"https:\\\/\\\/diariotextual.com\\\/inicio\\\/index.php\\\/2024\\\/06\\\/01\\\/real-madrid-conquisto-su-decimoquinta-champions-league\\\/\"},\"author\":{\"name\":\"Diario1 Diario1\",\"@id\":\"https:\\\/\\\/diariotextual.com\\\/inicio\\\/#\\\/schema\\\/person\\\/418fc4093c33e86ed41562db3508f958\"},\"headline\":\"Real Madrid conquist\u00f3 su decimoquinta Champions League\",\"datePublished\":\"2024-06-01T20:57:00+00:00\",\"dateModified\":\"2024-06-01T20:57:02+00:00\",\"mainEntityOfPage\":{\"@id\":\"https:\\\/\\\/diariotextual.com\\\/inicio\\\/index.php\\\/2024\\\/06\\\/01\\\/real-madrid-conquisto-su-decimoquinta-champions-league\\\/\"},\"wordCount\":417,\"publisher\":{\"@id\":\"https:\\\/\\\/diariotextual.com\\\/inicio\\\/#organization\"},\"image\":{\"@id\":\"https:\\\/\\\/diariotextual.com\\\/inicio\\\/index.php\\\/2024\\\/06\\\/01\\\/real-madrid-conquisto-su-decimoquinta-champions-league\\\/#primaryimage\"},\"thumbnailUrl\":\"https:\\\/\\\/diariotextual.com\\\/inicio\\\/wp-content\\\/uploads\\\/2024\\\/06\\\/realmadrid2024-12.jpg\",\"articleSection\":[\"A - ES NOTICIA (van abajo)\",\"DEPORTES\"],\"inLanguage\":\"es\"},{\"@type\":\"WebPage\",\"@id\":\"https:\\\/\\\/diariotextual.com\\\/inicio\\\/index.php\\\/2024\\\/06\\\/01\\\/real-madrid-conquisto-su-decimoquinta-champions-league\\\/\",\"url\":\"https:\\\/\\\/diariotextual.com\\\/inicio\\\/index.php\\\/2024\\\/06\\\/01\\\/real-madrid-conquisto-su-decimoquinta-champions-league\\\/\",\"name\":\"Real Madrid conquist\u00f3 su decimoquinta Champions League - Diario Textual\",\"isPartOf\":{\"@id\":\"https:\\\/\\\/diariotextual.com\\\/inicio\\\/#website\"},\"primaryImageOfPage\":{\"@id\":\"https:\\\/\\\/diariotextual.com\\\/inicio\\\/index.php\\\/2024\\\/06\\\/01\\\/real-madrid-conquisto-su-decimoquinta-champions-league\\\/#primaryimage\"},\"image\":{\"@id\":\"https:\\\/\\\/diariotextual.com\\\/inicio\\\/index.php\\\/2024\\\/06\\\/01\\\/real-madrid-conquisto-su-decimoquinta-champions-league\\\/#primaryimage\"},\"thumbnailUrl\":\"https:\\\/\\\/diariotextual.com\\\/inicio\\\/wp-content\\\/uploads\\\/2024\\\/06\\\/realmadrid2024-12.jpg\",\"datePublished\":\"2024-06-01T20:57:00+00:00\",\"dateModified\":\"2024-06-01T20:57:02+00:00\",\"breadcrumb\":{\"@id\":\"https:\\\/\\\/diariotextual.com\\\/inicio\\\/index.php\\\/2024\\\/06\\\/01\\\/real-madrid-conquisto-su-decimoquinta-champions-league\\\/#breadcrumb\"},\"inLanguage\":\"es\",\"potentialAction\":[{\"@type\":\"ReadAction\",\"target\":[\"https:\\\/\\\/diariotextual.com\\\/inicio\\\/index.php\\\/2024\\\/06\\\/01\\\/real-madrid-conquisto-su-decimoquinta-champions-league\\\/\"]}]},{\"@type\":\"ImageObject\",\"inLanguage\":\"es\",\"@id\":\"https:\\\/\\\/diariotextual.com\\\/inicio\\\/index.php\\\/2024\\\/06\\\/01\\\/real-madrid-conquisto-su-decimoquinta-champions-league\\\/#primaryimage\",\"url\":\"https:\\\/\\\/diariotextual.com\\\/inicio\\\/wp-content\\\/uploads\\\/2024\\\/06\\\/realmadrid2024-12.jpg\",\"contentUrl\":\"https:\\\/\\\/diariotextual.com\\\/inicio\\\/wp-content\\\/uploads\\\/2024\\\/06\\\/realmadrid2024-12.jpg\",\"width\":1500,\"height\":1017},{\"@type\":\"BreadcrumbList\",\"@id\":\"https:\\\/\\\/diariotextual.com\\\/inicio\\\/index.php\\\/2024\\\/06\\\/01\\\/real-madrid-conquisto-su-decimoquinta-champions-league\\\/#breadcrumb\",\"itemListElement\":[{\"@type\":\"ListItem\",\"position\":1,\"name\":\"Portada\",\"item\":\"https:\\\/\\\/diariotextual.com\\\/inicio\\\/\"},{\"@type\":\"ListItem\",\"position\":2,\"name\":\"Real Madrid conquist\u00f3 su decimoquinta Champions League\"}]},{\"@type\":\"WebSite\",\"@id\":\"https:\\\/\\\/diariotextual.com\\\/inicio\\\/#website\",\"url\":\"https:\\\/\\\/diariotextual.com\\\/inicio\\\/\",\"name\":\"Diario Textual\",\"description\":\"\",\"publisher\":{\"@id\":\"https:\\\/\\\/diariotextual.com\\\/inicio\\\/#organization\"},\"potentialAction\":[{\"@type\":\"SearchAction\",\"target\":{\"@type\":\"EntryPoint\",\"urlTemplate\":\"https:\\\/\\\/diariotextual.com\\\/inicio\\\/?s={search_term_string}\"},\"query-input\":{\"@type\":\"PropertyValueSpecification\",\"valueRequired\":true,\"valueName\":\"search_term_string\"}}],\"inLanguage\":\"es\"},{\"@type\":\"Organization\",\"@id\":\"https:\\\/\\\/diariotextual.com\\\/inicio\\\/#organization\",\"name\":\"Diario Textual\",\"url\":\"https:\\\/\\\/diariotextual.com\\\/inicio\\\/\",\"logo\":{\"@type\":\"ImageObject\",\"inLanguage\":\"es\",\"@id\":\"https:\\\/\\\/diariotextual.com\\\/inicio\\\/#\\\/schema\\\/logo\\\/image\\\/\",\"url\":\"https:\\\/\\\/diariotextual.com\\\/inicio\\\/wp-content\\\/uploads\\\/2023\\\/05\\\/logotextual1.jpg\",\"contentUrl\":\"https:\\\/\\\/diariotextual.com\\\/inicio\\\/wp-content\\\/uploads\\\/2023\\\/05\\\/logotextual1.jpg\",\"width\":516,\"height\":76,\"caption\":\"Diario Textual\"},\"image\":{\"@id\":\"https:\\\/\\\/diariotextual.com\\\/inicio\\\/#\\\/schema\\\/logo\\\/image\\\/\"},\"sameAs\":[\"https:\\\/\\\/www.facebook.com\\\/eltextual\",\"https:\\\/\\\/x.com\\\/eltextual\",\"http:\\\/\\\/www.instagram.com\\\/eltextual\"]},{\"@type\":\"Person\",\"@id\":\"https:\\\/\\\/diariotextual.com\\\/inicio\\\/#\\\/schema\\\/person\\\/418fc4093c33e86ed41562db3508f958\",\"name\":\"Diario1 Diario1\",\"image\":{\"@type\":\"ImageObject\",\"inLanguage\":\"es\",\"@id\":\"https:\\\/\\\/secure.gravatar.com\\\/avatar\\\/9167d280179c85bc18be67aa7eda765854300033af4896dd779b608640f2ef7a?s=96&d=mm&r=g\",\"url\":\"https:\\\/\\\/secure.gravatar.com\\\/avatar\\\/9167d280179c85bc18be67aa7eda765854300033af4896dd779b608640f2ef7a?s=96&d=mm&r=g\",\"contentUrl\":\"https:\\\/\\\/secure.gravatar.com\\\/avatar\\\/9167d280179c85bc18be67aa7eda765854300033af4896dd779b608640f2ef7a?s=96&d=mm&r=g\",\"caption\":\"Diario1 Diario1\"},\"url\":\"https:\\\/\\\/diariotextual.com\\\/inicio\\\/index.php\\\/author\\\/diario1\\\/\"}]}<\/script>\n<!-- \/ Yoast SEO plugin. -->","yoast_head_json":{"title":"Real Madrid conquist\u00f3 su decimoquinta Champions League - Diario Textual","robots":{"index":"index","follow":"follow","max-snippet":"max-snippet:-1","max-image-preview":"max-image-preview:large","max-video-preview":"max-video-preview:-1"},"canonical":"https:\/\/diariotextual.com\/inicio\/index.php\/2024\/06\/01\/real-madrid-conquisto-su-decimoquinta-champions-league\/","og_locale":"es_ES","og_type":"article","og_title":"Real Madrid conquist\u00f3 su decimoquinta Champions League - Diario Textual","og_description":"El Real Madrid sac\u00f3 a relucir su historia y se consagr\u00f3 campe\u00f3n de la Champions League tras vencer en la final al Borussia Dortmund por 2 a 0, en Wembley&hellip;","og_url":"https:\/\/diariotextual.com\/inicio\/index.php\/2024\/06\/01\/real-madrid-conquisto-su-decimoquinta-champions-league\/","og_site_name":"Diario Textual","article_publisher":"https:\/\/www.facebook.com\/eltextual","article_published_time":"2024-06-01T20:57:00+00:00","article_modified_time":"2024-06-01T20:57:02+00:00","og_image":[{"width":1500,"height":1017,"url":"https:\/\/diariotextual.com\/inicio\/wp-content\/uploads\/2024\/06\/realmadrid2024-12.jpg","type":"image\/jpeg"}],"author":"Diario1 Diario1","twitter_card":"summary_large_image","twitter_creator":"@eltextual","twitter_site":"@eltextual","twitter_misc":{"Escrito por":"Diario1 Diario1","Tiempo de lectura":"2 minutos"},"schema":{"@context":"https:\/\/schema.org","@graph":[{"@type":"Article","@id":"https:\/\/diariotextual.com\/inicio\/index.php\/2024\/06\/01\/real-madrid-conquisto-su-decimoquinta-champions-league\/#article","isPartOf":{"@id":"https:\/\/diariotextual.com\/inicio\/index.php\/2024\/06\/01\/real-madrid-conquisto-su-decimoquinta-champions-league\/"},"author":{"name":"Diario1 Diario1","@id":"https:\/\/diariotextual.com\/inicio\/#\/schema\/person\/418fc4093c33e86ed41562db3508f958"},"headline":"Real Madrid conquist\u00f3 su decimoquinta Champions League","datePublished":"2024-06-01T20:57:00+00:00","dateModified":"2024-06-01T20:57:02+00:00","mainEntityOfPage":{"@id":"https:\/\/diariotextual.com\/inicio\/index.php\/2024\/06\/01\/real-madrid-conquisto-su-decimoquinta-champions-league\/"},"wordCount":417,"publisher":{"@id":"https:\/\/diariotextual.com\/inicio\/#organization"},"image":{"@id":"https:\/\/diariotextual.com\/inicio\/index.php\/2024\/06\/01\/real-madrid-conquisto-su-decimoquinta-champions-league\/#primaryimage"},"thumbnailUrl":"https:\/\/diariotextual.com\/inicio\/wp-content\/uploads\/2024\/06\/realmadrid2024-12.jpg","articleSection":["A - ES NOTICIA (van abajo)","DEPORTES"],"inLanguage":"es"},{"@type":"WebPage","@id":"https:\/\/diariotextual.com\/inicio\/index.php\/2024\/06\/01\/real-madrid-conquisto-su-decimoquinta-champions-league\/","url":"https:\/\/diariotextual.com\/inicio\/index.php\/2024\/06\/01\/real-madrid-conquisto-su-decimoquinta-champions-league\/","name":"Real Madrid conquist\u00f3 su decimoquinta Champions League - Diario Textual","isPartOf":{"@id":"https:\/\/diariotextual.com\/inicio\/#website"},"primaryImageOfPage":{"@id":"https:\/\/diariotextual.com\/inicio\/index.php\/2024\/06\/01\/real-madrid-conquisto-su-decimoquinta-champions-league\/#primaryimage"},"image":{"@id":"https:\/\/diariotextual.com\/inicio\/index.php\/2024\/06\/01\/real-madrid-conquisto-su-decimoquinta-champions-league\/#primaryimage"},"thumbnailUrl":"https:\/\/diariotextual.com\/inicio\/wp-content\/uploads\/2024\/06\/realmadrid2024-12.jpg","datePublished":"2024-06-01T20:57:00+00:00","dateModified":"2024-06-01T20:57:02+00:00","breadcrumb":{"@id":"https:\/\/diariotextual.com\/inicio\/index.php\/2024\/06\/01\/real-madrid-conquisto-su-decimoquinta-champions-league\/#breadcrumb"},"inLanguage":"es","potentialAction":[{"@type":"ReadAction","target":["https:\/\/diariotextual.com\/inicio\/index.php\/2024\/06\/01\/real-madrid-conquisto-su-decimoquinta-champions-league\/"]}]},{"@type":"ImageObject","inLanguage":"es","@id":"https:\/\/diariotextual.com\/inicio\/index.php\/2024\/06\/01\/real-madrid-conquisto-su-decimoquinta-champions-league\/#primaryimage","url":"https:\/\/diariotextual.com\/inicio\/wp-content\/uploads\/2024\/06\/realmadrid2024-12.jpg","contentUrl":"https:\/\/diariotextual.com\/inicio\/wp-content\/uploads\/2024\/06\/realmadrid2024-12.jpg","width":1500,"height":1017},{"@type":"BreadcrumbList","@id":"https:\/\/diariotextual.com\/inicio\/index.php\/2024\/06\/01\/real-madrid-conquisto-su-decimoquinta-champions-league\/#breadcrumb","itemListElement":[{"@type":"ListItem","position":1,"name":"Portada","item":"https:\/\/diariotextual.com\/inicio\/"},{"@type":"ListItem","position":2,"name":"Real Madrid conquist\u00f3 su decimoquinta Champions League"}]},{"@type":"WebSite","@id":"https:\/\/diariotextual.com\/inicio\/#website","url":"https:\/\/diariotextual.com\/inicio\/","name":"Diario Textual","description":"","publisher":{"@id":"https:\/\/diariotextual.com\/inicio\/#organization"},"potentialAction":[{"@type":"SearchAction","target":{"@type":"EntryPoint","urlTemplate":"https:\/\/diariotextual.com\/inicio\/?s={search_term_string}"},"query-input":{"@type":"PropertyValueSpecification","valueRequired":true,"valueName":"search_term_string"}}],"inLanguage":"es"},{"@type":"Organization","@id":"https:\/\/diariotextual.com\/inicio\/#organization","name":"Diario Textual","url":"https:\/\/diariotextual.com\/inicio\/","logo":{"@type":"ImageObject","inLanguage":"es","@id":"https:\/\/diariotextual.com\/inicio\/#\/schema\/logo\/image\/","url":"https:\/\/diariotextual.com\/inicio\/wp-content\/uploads\/2023\/05\/logotextual1.jpg","contentUrl":"https:\/\/diariotextual.com\/inicio\/wp-content\/uploads\/2023\/05\/logotextual1.jpg","width":516,"height":76,"caption":"Diario Textual"},"image":{"@id":"https:\/\/diariotextual.com\/inicio\/#\/schema\/logo\/image\/"},"sameAs":["https:\/\/www.facebook.com\/eltextual","https:\/\/x.com\/eltextual","http:\/\/www.instagram.com\/eltextual"]},{"@type":"Person","@id":"https:\/\/diariotextual.com\/inicio\/#\/schema\/person\/418fc4093c33e86ed41562db3508f958","name":"Diario1 Diario1","image":{"@type":"ImageObject","inLanguage":"es","@id":"https:\/\/secure.gravatar.com\/avatar\/9167d280179c85bc18be67aa7eda765854300033af4896dd779b608640f2ef7a?s=96&d=mm&r=g","url":"https:\/\/secure.gravatar.com\/avatar\/9167d280179c85bc18be67aa7eda765854300033af4896dd779b608640f2ef7a?s=96&d=mm&r=g","contentUrl":"https:\/\/secure.gravatar.com\/avatar\/9167d280179c85bc18be67aa7eda765854300033af4896dd779b608640f2ef7a?s=96&d=mm&r=g","caption":"Diario1 Diario1"},"url":"https:\/\/diariotextual.com\/inicio\/index.php\/author\/diario1\/"}]}},"_links":{"self":[{"href":"https:\/\/diariotextual.com\/inicio\/index.php\/wp-json\/wp\/v2\/posts\/265207","targetHints":{"allow":["GET"]}}],"collection":[{"href":"https:\/\/diariotextual.com\/inicio\/index.php\/wp-json\/wp\/v2\/posts"}],"about":[{"href":"https:\/\/diariotextual.com\/inicio\/index.php\/wp-json\/wp\/v2\/types\/post"}],"author":[{"embeddable":true,"href":"https:\/\/diariotextual.com\/inicio\/index.php\/wp-json\/wp\/v2\/users\/3"}],"replies":[{"embeddable":true,"href":"https:\/\/diariotextual.com\/inicio\/index.php\/wp-json\/wp\/v2\/comments?post=265207"}],"version-history":[{"count":2,"href":"https:\/\/diariotextual.com\/inicio\/index.php\/wp-json\/wp\/v2\/posts\/265207\/revisions"}],"predecessor-version":[{"id":265209,"href":"https:\/\/diariotextual.com\/inicio\/index.php\/wp-json\/wp\/v2\/posts\/265207\/revisions\/265209"}],"wp:featuredmedia":[{"embeddable":true,"href":"https:\/\/diariotextual.com\/inicio\/index.php\/wp-json\/wp\/v2\/media\/265210"}],"wp:attachment":[{"href":"https:\/\/diariotextual.com\/inicio\/index.php\/wp-json\/wp\/v2\/media?parent=265207"}],"wp:term":[{"taxonomy":"category","embeddable":true,"href":"https:\/\/diariotextual.com\/inicio\/index.php\/wp-json\/wp\/v2\/categories?post=265207"},{"taxonomy":"post_tag","embeddable":true,"href":"https:\/\/diariotextual.com\/inicio\/index.php\/wp-json\/wp\/v2\/tags?post=265207"}],"curies":[{"name":"wp","href":"https:\/\/api.w.org\/{rel}","templated":true}]}}