{"id":266585,"date":"2024-06-14T07:07:03","date_gmt":"2024-06-14T10:07:03","guid":{"rendered":"https:\/\/diariotextual.com\/inicio\/?p=266585"},"modified":"2024-06-14T23:46:51","modified_gmt":"2024-06-15T02:46:51","slug":"con-messi-como-titular-argentina-enfrenta-a-guatemala","status":"publish","type":"post","link":"https:\/\/diariotextual.com\/inicio\/index.php\/2024\/06\/14\/con-messi-como-titular-argentina-enfrenta-a-guatemala\/","title":{"rendered":"Con Messi como titular, Argentina enfrenta a Guatemala"},"content":{"rendered":"\n<p>La\u00a0<strong>Selecci\u00f3n argentina<\/strong>\u00a0se enfrentar\u00e1 este viernes a\u00a0<strong>Guatemala<\/strong>, en el \u00faltimo amistoso previo al inicio de la <strong>Copa Am\u00e9rica<\/strong>, con la novedad de que el capit\u00e1n<strong>\u00a0Lionel Messi\u00a0<\/strong>comenzar\u00e1 el partido como titular.\u00a0El partido se jugar\u00e1 a partir de las 21 en el FedEx Field, un estadio en Washington con capacidad para 67 mil personas y ser\u00e1 transmitido por TyC Sports y Telefe.<\/p>\n\n\n\n<p>Los dirigidos por Lionel Scaloni vienen de vencer 1 a 0 a Ecuador, en un encuentro muy disputado y que no tuvo nada de amistoso y tendr\u00e1n su \u00faltima prueba antes de comenzar la defensa del t\u00edtulo en el certamen continental, en la que debutar\u00e1n ante Canad\u00e1 el pr\u00f3ximo jueves 20. Sus otros rivales en el certamen continental van a ser Chile y Per\u00fa.<\/p>\n\n\n\n<p>La idea del DT para este partido es darle minutos a aquellos que no estuvieron frente a Ecuador. Esto significar\u00eda el regreso al once inicial de los defensores Nicol\u00e1s Tagliafico, Nicol\u00e1s Otamendi y Nahuel Molina, de los mediocampistas Alexis Mac Allister y Enzo Fern\u00e1ndez, y el astro&nbsp;<strong>Lionel Messi<\/strong>, entre otros. Tampoco hay que descartar un posible ingreso de Exequiel Palacios en lugar de Rodrigo De Paul.<\/p>\n\n\n\n<p>Los jugadores debieron entrenarse el mi\u00e9rcoles en el hotel debido a la inundaci\u00f3n y el alerta meteorol\u00f3gica en Fort Lauderdale, Miami.\u00a0<strong>Guatemala<\/strong>, por su parte, viene de ganarle 3 a 0 a las Islas V\u00edrgenes Brit\u00e1nicas por la segunda ronda de las Eliminatorias para el Mundial 2026.<\/p>\n\n\n\n<p><strong>Argentina<\/strong>: Emiliano Mart\u00ednez; Nahuel Molina, Nicol\u00e1s Otamendi, Cristian Romero o Lucas Mart\u00ednez Quarta, Nicol\u00e1s Tagliafico; Alexis Mac Allister, Enzo Fern\u00e1ndez, Rodrigo De Paul o Exequiel Palacios; Lionel Messi, Juli\u00e1n \u00c1lvarez o Lautaro Mart\u00ednez y \u00c1ngel Di Mar\u00eda. DT: Lionel Scaloni.<\/p>\n\n\n\n<p><strong>Guatemala<\/strong>: Nicholas Hagen; Jos\u00e9 Ard\u00f3n, Jos\u00e9 Carlos Pinto, Jos\u00e9 Morales, Allen Yanes; Jonathan Franco, \u00d3scar Castellanos, Alejandro Galindo; Rubio Rub\u00edn, \u00d3scar Santis y Nathaniel M\u00e9ndez.&nbsp;DT: Luis Fernando Tena.<\/p>\n\n\n\n<p><strong>Estadio<\/strong>: FedExField, Maryland, Estados Unidos.<\/p>\n\n\n\n<p><strong>\u00c1rbitro<\/strong>: a confirmar.<\/p>\n\n\n\n<p><strong>Hora&nbsp;<\/strong>de inicio: 21:00.<\/p>\n\n\n\n<p><strong>TV<\/strong>: TyC Sports y Telefe.<\/p>\n","protected":false},"excerpt":{"rendered":"<p>La\u00a0Selecci\u00f3n argentina\u00a0se enfrentar\u00e1 este viernes a\u00a0Guatemala, en el \u00faltimo amistoso previo al inicio de la Copa Am\u00e9rica, con la novedad de que el capit\u00e1n\u00a0Lionel Messi\u00a0comenzar\u00e1 el partido como titular.\u00a0El partido&hellip;<\/p>\n","protected":false},"author":3,"featured_media":220283,"comment_status":"closed","ping_status":"open","sticky":false,"template":"","format":"standard","meta":{"_acf_changed":false,"footnotes":""},"categories":[3],"tags":[],"class_list":["post-266585","post","type-post","status-publish","format-standard","has-post-thumbnail","hentry","category-deportes"],"acf":[],"yoast_head":"<!-- This site is optimized with the Yoast SEO plugin v27.5 - https:\/\/yoast.com\/product\/yoast-seo-wordpress\/ -->\n<title>Con Messi como titular, Argentina enfrenta a Guatemala - Diario Textual<\/title>\n<meta name=\"robots\" content=\"index, follow, max-snippet:-1, max-image-preview:large, max-video-preview:-1\" \/>\n<link rel=\"canonical\" href=\"https:\/\/diariotextual.com\/inicio\/index.php\/2024\/06\/14\/con-messi-como-titular-argentina-enfrenta-a-guatemala\/\" \/>\n<meta property=\"og:locale\" content=\"es_ES\" \/>\n<meta property=\"og:type\" content=\"article\" \/>\n<meta property=\"og:title\" content=\"Con Messi como titular, Argentina enfrenta a Guatemala - Diario Textual\" \/>\n<meta property=\"og:description\" content=\"La\u00a0Selecci\u00f3n argentina\u00a0se enfrentar\u00e1 este viernes a\u00a0Guatemala, en el \u00faltimo amistoso previo al inicio de la Copa Am\u00e9rica, con la novedad de que el capit\u00e1n\u00a0Lionel Messi\u00a0comenzar\u00e1 el partido como titular.\u00a0El partido&hellip;\" \/>\n<meta property=\"og:url\" content=\"https:\/\/diariotextual.com\/inicio\/index.php\/2024\/06\/14\/con-messi-como-titular-argentina-enfrenta-a-guatemala\/\" \/>\n<meta property=\"og:site_name\" content=\"Diario Textual\" \/>\n<meta property=\"article:publisher\" content=\"https:\/\/www.facebook.com\/eltextual\" \/>\n<meta property=\"article:published_time\" content=\"2024-06-14T10:07:03+00:00\" \/>\n<meta property=\"article:modified_time\" content=\"2024-06-15T02:46:51+00:00\" \/>\n<meta property=\"og:image\" content=\"https:\/\/diariotextual.com\/inicio\/wp-content\/uploads\/2023\/03\/messilionelseleccion2023-1-scaled.jpg\" \/>\n\t<meta property=\"og:image:width\" content=\"2560\" \/>\n\t<meta property=\"og:image:height\" content=\"1707\" \/>\n\t<meta property=\"og:image:type\" content=\"image\/jpeg\" \/>\n<meta name=\"author\" content=\"Diario1 Diario1\" \/>\n<meta name=\"twitter:card\" content=\"summary_large_image\" \/>\n<meta name=\"twitter:creator\" content=\"@eltextual\" \/>\n<meta name=\"twitter:site\" content=\"@eltextual\" \/>\n<meta name=\"twitter:label1\" content=\"Escrito por\" \/>\n\t<meta name=\"twitter:data1\" content=\"Diario1 Diario1\" \/>\n\t<meta name=\"twitter:label2\" content=\"Tiempo de lectura\" \/>\n\t<meta name=\"twitter:data2\" content=\"2 minutos\" \/>\n<script type=\"application\/ld+json\" class=\"yoast-schema-graph\">{\"@context\":\"https:\\\/\\\/schema.org\",\"@graph\":[{\"@type\":\"Article\",\"@id\":\"https:\\\/\\\/diariotextual.com\\\/inicio\\\/index.php\\\/2024\\\/06\\\/14\\\/con-messi-como-titular-argentina-enfrenta-a-guatemala\\\/#article\",\"isPartOf\":{\"@id\":\"https:\\\/\\\/diariotextual.com\\\/inicio\\\/index.php\\\/2024\\\/06\\\/14\\\/con-messi-como-titular-argentina-enfrenta-a-guatemala\\\/\"},\"author\":{\"name\":\"Diario1 Diario1\",\"@id\":\"https:\\\/\\\/diariotextual.com\\\/inicio\\\/#\\\/schema\\\/person\\\/418fc4093c33e86ed41562db3508f958\"},\"headline\":\"Con Messi como titular, Argentina enfrenta a Guatemala\",\"datePublished\":\"2024-06-14T10:07:03+00:00\",\"dateModified\":\"2024-06-15T02:46:51+00:00\",\"mainEntityOfPage\":{\"@id\":\"https:\\\/\\\/diariotextual.com\\\/inicio\\\/index.php\\\/2024\\\/06\\\/14\\\/con-messi-como-titular-argentina-enfrenta-a-guatemala\\\/\"},\"wordCount\":358,\"publisher\":{\"@id\":\"https:\\\/\\\/diariotextual.com\\\/inicio\\\/#organization\"},\"image\":{\"@id\":\"https:\\\/\\\/diariotextual.com\\\/inicio\\\/index.php\\\/2024\\\/06\\\/14\\\/con-messi-como-titular-argentina-enfrenta-a-guatemala\\\/#primaryimage\"},\"thumbnailUrl\":\"https:\\\/\\\/diariotextual.com\\\/inicio\\\/wp-content\\\/uploads\\\/2023\\\/03\\\/messilionelseleccion2023-1-scaled.jpg\",\"articleSection\":[\"DEPORTES\"],\"inLanguage\":\"es\"},{\"@type\":\"WebPage\",\"@id\":\"https:\\\/\\\/diariotextual.com\\\/inicio\\\/index.php\\\/2024\\\/06\\\/14\\\/con-messi-como-titular-argentina-enfrenta-a-guatemala\\\/\",\"url\":\"https:\\\/\\\/diariotextual.com\\\/inicio\\\/index.php\\\/2024\\\/06\\\/14\\\/con-messi-como-titular-argentina-enfrenta-a-guatemala\\\/\",\"name\":\"Con Messi como titular, Argentina enfrenta a Guatemala - Diario Textual\",\"isPartOf\":{\"@id\":\"https:\\\/\\\/diariotextual.com\\\/inicio\\\/#website\"},\"primaryImageOfPage\":{\"@id\":\"https:\\\/\\\/diariotextual.com\\\/inicio\\\/index.php\\\/2024\\\/06\\\/14\\\/con-messi-como-titular-argentina-enfrenta-a-guatemala\\\/#primaryimage\"},\"image\":{\"@id\":\"https:\\\/\\\/diariotextual.com\\\/inicio\\\/index.php\\\/2024\\\/06\\\/14\\\/con-messi-como-titular-argentina-enfrenta-a-guatemala\\\/#primaryimage\"},\"thumbnailUrl\":\"https:\\\/\\\/diariotextual.com\\\/inicio\\\/wp-content\\\/uploads\\\/2023\\\/03\\\/messilionelseleccion2023-1-scaled.jpg\",\"datePublished\":\"2024-06-14T10:07:03+00:00\",\"dateModified\":\"2024-06-15T02:46:51+00:00\",\"breadcrumb\":{\"@id\":\"https:\\\/\\\/diariotextual.com\\\/inicio\\\/index.php\\\/2024\\\/06\\\/14\\\/con-messi-como-titular-argentina-enfrenta-a-guatemala\\\/#breadcrumb\"},\"inLanguage\":\"es\",\"potentialAction\":[{\"@type\":\"ReadAction\",\"target\":[\"https:\\\/\\\/diariotextual.com\\\/inicio\\\/index.php\\\/2024\\\/06\\\/14\\\/con-messi-como-titular-argentina-enfrenta-a-guatemala\\\/\"]}]},{\"@type\":\"ImageObject\",\"inLanguage\":\"es\",\"@id\":\"https:\\\/\\\/diariotextual.com\\\/inicio\\\/index.php\\\/2024\\\/06\\\/14\\\/con-messi-como-titular-argentina-enfrenta-a-guatemala\\\/#primaryimage\",\"url\":\"https:\\\/\\\/diariotextual.com\\\/inicio\\\/wp-content\\\/uploads\\\/2023\\\/03\\\/messilionelseleccion2023-1-scaled.jpg\",\"contentUrl\":\"https:\\\/\\\/diariotextual.com\\\/inicio\\\/wp-content\\\/uploads\\\/2023\\\/03\\\/messilionelseleccion2023-1-scaled.jpg\",\"width\":2560,\"height\":1707},{\"@type\":\"BreadcrumbList\",\"@id\":\"https:\\\/\\\/diariotextual.com\\\/inicio\\\/index.php\\\/2024\\\/06\\\/14\\\/con-messi-como-titular-argentina-enfrenta-a-guatemala\\\/#breadcrumb\",\"itemListElement\":[{\"@type\":\"ListItem\",\"position\":1,\"name\":\"Portada\",\"item\":\"https:\\\/\\\/diariotextual.com\\\/inicio\\\/\"},{\"@type\":\"ListItem\",\"position\":2,\"name\":\"Con Messi como titular, Argentina enfrenta a Guatemala\"}]},{\"@type\":\"WebSite\",\"@id\":\"https:\\\/\\\/diariotextual.com\\\/inicio\\\/#website\",\"url\":\"https:\\\/\\\/diariotextual.com\\\/inicio\\\/\",\"name\":\"Diario Textual\",\"description\":\"\",\"publisher\":{\"@id\":\"https:\\\/\\\/diariotextual.com\\\/inicio\\\/#organization\"},\"potentialAction\":[{\"@type\":\"SearchAction\",\"target\":{\"@type\":\"EntryPoint\",\"urlTemplate\":\"https:\\\/\\\/diariotextual.com\\\/inicio\\\/?s={search_term_string}\"},\"query-input\":{\"@type\":\"PropertyValueSpecification\",\"valueRequired\":true,\"valueName\":\"search_term_string\"}}],\"inLanguage\":\"es\"},{\"@type\":\"Organization\",\"@id\":\"https:\\\/\\\/diariotextual.com\\\/inicio\\\/#organization\",\"name\":\"Diario Textual\",\"url\":\"https:\\\/\\\/diariotextual.com\\\/inicio\\\/\",\"logo\":{\"@type\":\"ImageObject\",\"inLanguage\":\"es\",\"@id\":\"https:\\\/\\\/diariotextual.com\\\/inicio\\\/#\\\/schema\\\/logo\\\/image\\\/\",\"url\":\"https:\\\/\\\/diariotextual.com\\\/inicio\\\/wp-content\\\/uploads\\\/2023\\\/05\\\/logotextual1.jpg\",\"contentUrl\":\"https:\\\/\\\/diariotextual.com\\\/inicio\\\/wp-content\\\/uploads\\\/2023\\\/05\\\/logotextual1.jpg\",\"width\":516,\"height\":76,\"caption\":\"Diario Textual\"},\"image\":{\"@id\":\"https:\\\/\\\/diariotextual.com\\\/inicio\\\/#\\\/schema\\\/logo\\\/image\\\/\"},\"sameAs\":[\"https:\\\/\\\/www.facebook.com\\\/eltextual\",\"https:\\\/\\\/x.com\\\/eltextual\",\"http:\\\/\\\/www.instagram.com\\\/eltextual\"]},{\"@type\":\"Person\",\"@id\":\"https:\\\/\\\/diariotextual.com\\\/inicio\\\/#\\\/schema\\\/person\\\/418fc4093c33e86ed41562db3508f958\",\"name\":\"Diario1 Diario1\",\"image\":{\"@type\":\"ImageObject\",\"inLanguage\":\"es\",\"@id\":\"https:\\\/\\\/secure.gravatar.com\\\/avatar\\\/9167d280179c85bc18be67aa7eda765854300033af4896dd779b608640f2ef7a?s=96&d=mm&r=g\",\"url\":\"https:\\\/\\\/secure.gravatar.com\\\/avatar\\\/9167d280179c85bc18be67aa7eda765854300033af4896dd779b608640f2ef7a?s=96&d=mm&r=g\",\"contentUrl\":\"https:\\\/\\\/secure.gravatar.com\\\/avatar\\\/9167d280179c85bc18be67aa7eda765854300033af4896dd779b608640f2ef7a?s=96&d=mm&r=g\",\"caption\":\"Diario1 Diario1\"},\"url\":\"https:\\\/\\\/diariotextual.com\\\/inicio\\\/index.php\\\/author\\\/diario1\\\/\"}]}<\/script>\n<!-- \/ Yoast SEO plugin. -->","yoast_head_json":{"title":"Con Messi como titular, Argentina enfrenta a Guatemala - Diario Textual","robots":{"index":"index","follow":"follow","max-snippet":"max-snippet:-1","max-image-preview":"max-image-preview:large","max-video-preview":"max-video-preview:-1"},"canonical":"https:\/\/diariotextual.com\/inicio\/index.php\/2024\/06\/14\/con-messi-como-titular-argentina-enfrenta-a-guatemala\/","og_locale":"es_ES","og_type":"article","og_title":"Con Messi como titular, Argentina enfrenta a Guatemala - Diario Textual","og_description":"La\u00a0Selecci\u00f3n argentina\u00a0se enfrentar\u00e1 este viernes a\u00a0Guatemala, en el \u00faltimo amistoso previo al inicio de la Copa Am\u00e9rica, con la novedad de que el capit\u00e1n\u00a0Lionel Messi\u00a0comenzar\u00e1 el partido como titular.\u00a0El partido&hellip;","og_url":"https:\/\/diariotextual.com\/inicio\/index.php\/2024\/06\/14\/con-messi-como-titular-argentina-enfrenta-a-guatemala\/","og_site_name":"Diario Textual","article_publisher":"https:\/\/www.facebook.com\/eltextual","article_published_time":"2024-06-14T10:07:03+00:00","article_modified_time":"2024-06-15T02:46:51+00:00","og_image":[{"width":2560,"height":1707,"url":"https:\/\/diariotextual.com\/inicio\/wp-content\/uploads\/2023\/03\/messilionelseleccion2023-1-scaled.jpg","type":"image\/jpeg"}],"author":"Diario1 Diario1","twitter_card":"summary_large_image","twitter_creator":"@eltextual","twitter_site":"@eltextual","twitter_misc":{"Escrito por":"Diario1 Diario1","Tiempo de lectura":"2 minutos"},"schema":{"@context":"https:\/\/schema.org","@graph":[{"@type":"Article","@id":"https:\/\/diariotextual.com\/inicio\/index.php\/2024\/06\/14\/con-messi-como-titular-argentina-enfrenta-a-guatemala\/#article","isPartOf":{"@id":"https:\/\/diariotextual.com\/inicio\/index.php\/2024\/06\/14\/con-messi-como-titular-argentina-enfrenta-a-guatemala\/"},"author":{"name":"Diario1 Diario1","@id":"https:\/\/diariotextual.com\/inicio\/#\/schema\/person\/418fc4093c33e86ed41562db3508f958"},"headline":"Con Messi como titular, Argentina enfrenta a Guatemala","datePublished":"2024-06-14T10:07:03+00:00","dateModified":"2024-06-15T02:46:51+00:00","mainEntityOfPage":{"@id":"https:\/\/diariotextual.com\/inicio\/index.php\/2024\/06\/14\/con-messi-como-titular-argentina-enfrenta-a-guatemala\/"},"wordCount":358,"publisher":{"@id":"https:\/\/diariotextual.com\/inicio\/#organization"},"image":{"@id":"https:\/\/diariotextual.com\/inicio\/index.php\/2024\/06\/14\/con-messi-como-titular-argentina-enfrenta-a-guatemala\/#primaryimage"},"thumbnailUrl":"https:\/\/diariotextual.com\/inicio\/wp-content\/uploads\/2023\/03\/messilionelseleccion2023-1-scaled.jpg","articleSection":["DEPORTES"],"inLanguage":"es"},{"@type":"WebPage","@id":"https:\/\/diariotextual.com\/inicio\/index.php\/2024\/06\/14\/con-messi-como-titular-argentina-enfrenta-a-guatemala\/","url":"https:\/\/diariotextual.com\/inicio\/index.php\/2024\/06\/14\/con-messi-como-titular-argentina-enfrenta-a-guatemala\/","name":"Con Messi como titular, Argentina enfrenta a Guatemala - Diario Textual","isPartOf":{"@id":"https:\/\/diariotextual.com\/inicio\/#website"},"primaryImageOfPage":{"@id":"https:\/\/diariotextual.com\/inicio\/index.php\/2024\/06\/14\/con-messi-como-titular-argentina-enfrenta-a-guatemala\/#primaryimage"},"image":{"@id":"https:\/\/diariotextual.com\/inicio\/index.php\/2024\/06\/14\/con-messi-como-titular-argentina-enfrenta-a-guatemala\/#primaryimage"},"thumbnailUrl":"https:\/\/diariotextual.com\/inicio\/wp-content\/uploads\/2023\/03\/messilionelseleccion2023-1-scaled.jpg","datePublished":"2024-06-14T10:07:03+00:00","dateModified":"2024-06-15T02:46:51+00:00","breadcrumb":{"@id":"https:\/\/diariotextual.com\/inicio\/index.php\/2024\/06\/14\/con-messi-como-titular-argentina-enfrenta-a-guatemala\/#breadcrumb"},"inLanguage":"es","potentialAction":[{"@type":"ReadAction","target":["https:\/\/diariotextual.com\/inicio\/index.php\/2024\/06\/14\/con-messi-como-titular-argentina-enfrenta-a-guatemala\/"]}]},{"@type":"ImageObject","inLanguage":"es","@id":"https:\/\/diariotextual.com\/inicio\/index.php\/2024\/06\/14\/con-messi-como-titular-argentina-enfrenta-a-guatemala\/#primaryimage","url":"https:\/\/diariotextual.com\/inicio\/wp-content\/uploads\/2023\/03\/messilionelseleccion2023-1-scaled.jpg","contentUrl":"https:\/\/diariotextual.com\/inicio\/wp-content\/uploads\/2023\/03\/messilionelseleccion2023-1-scaled.jpg","width":2560,"height":1707},{"@type":"BreadcrumbList","@id":"https:\/\/diariotextual.com\/inicio\/index.php\/2024\/06\/14\/con-messi-como-titular-argentina-enfrenta-a-guatemala\/#breadcrumb","itemListElement":[{"@type":"ListItem","position":1,"name":"Portada","item":"https:\/\/diariotextual.com\/inicio\/"},{"@type":"ListItem","position":2,"name":"Con Messi como titular, Argentina enfrenta a Guatemala"}]},{"@type":"WebSite","@id":"https:\/\/diariotextual.com\/inicio\/#website","url":"https:\/\/diariotextual.com\/inicio\/","name":"Diario Textual","description":"","publisher":{"@id":"https:\/\/diariotextual.com\/inicio\/#organization"},"potentialAction":[{"@type":"SearchAction","target":{"@type":"EntryPoint","urlTemplate":"https:\/\/diariotextual.com\/inicio\/?s={search_term_string}"},"query-input":{"@type":"PropertyValueSpecification","valueRequired":true,"valueName":"search_term_string"}}],"inLanguage":"es"},{"@type":"Organization","@id":"https:\/\/diariotextual.com\/inicio\/#organization","name":"Diario Textual","url":"https:\/\/diariotextual.com\/inicio\/","logo":{"@type":"ImageObject","inLanguage":"es","@id":"https:\/\/diariotextual.com\/inicio\/#\/schema\/logo\/image\/","url":"https:\/\/diariotextual.com\/inicio\/wp-content\/uploads\/2023\/05\/logotextual1.jpg","contentUrl":"https:\/\/diariotextual.com\/inicio\/wp-content\/uploads\/2023\/05\/logotextual1.jpg","width":516,"height":76,"caption":"Diario Textual"},"image":{"@id":"https:\/\/diariotextual.com\/inicio\/#\/schema\/logo\/image\/"},"sameAs":["https:\/\/www.facebook.com\/eltextual","https:\/\/x.com\/eltextual","http:\/\/www.instagram.com\/eltextual"]},{"@type":"Person","@id":"https:\/\/diariotextual.com\/inicio\/#\/schema\/person\/418fc4093c33e86ed41562db3508f958","name":"Diario1 Diario1","image":{"@type":"ImageObject","inLanguage":"es","@id":"https:\/\/secure.gravatar.com\/avatar\/9167d280179c85bc18be67aa7eda765854300033af4896dd779b608640f2ef7a?s=96&d=mm&r=g","url":"https:\/\/secure.gravatar.com\/avatar\/9167d280179c85bc18be67aa7eda765854300033af4896dd779b608640f2ef7a?s=96&d=mm&r=g","contentUrl":"https:\/\/secure.gravatar.com\/avatar\/9167d280179c85bc18be67aa7eda765854300033af4896dd779b608640f2ef7a?s=96&d=mm&r=g","caption":"Diario1 Diario1"},"url":"https:\/\/diariotextual.com\/inicio\/index.php\/author\/diario1\/"}]}},"_links":{"self":[{"href":"https:\/\/diariotextual.com\/inicio\/index.php\/wp-json\/wp\/v2\/posts\/266585","targetHints":{"allow":["GET"]}}],"collection":[{"href":"https:\/\/diariotextual.com\/inicio\/index.php\/wp-json\/wp\/v2\/posts"}],"about":[{"href":"https:\/\/diariotextual.com\/inicio\/index.php\/wp-json\/wp\/v2\/types\/post"}],"author":[{"embeddable":true,"href":"https:\/\/diariotextual.com\/inicio\/index.php\/wp-json\/wp\/v2\/users\/3"}],"replies":[{"embeddable":true,"href":"https:\/\/diariotextual.com\/inicio\/index.php\/wp-json\/wp\/v2\/comments?post=266585"}],"version-history":[{"count":3,"href":"https:\/\/diariotextual.com\/inicio\/index.php\/wp-json\/wp\/v2\/posts\/266585\/revisions"}],"predecessor-version":[{"id":266588,"href":"https:\/\/diariotextual.com\/inicio\/index.php\/wp-json\/wp\/v2\/posts\/266585\/revisions\/266588"}],"wp:featuredmedia":[{"embeddable":true,"href":"https:\/\/diariotextual.com\/inicio\/index.php\/wp-json\/wp\/v2\/media\/220283"}],"wp:attachment":[{"href":"https:\/\/diariotextual.com\/inicio\/index.php\/wp-json\/wp\/v2\/media?parent=266585"}],"wp:term":[{"taxonomy":"category","embeddable":true,"href":"https:\/\/diariotextual.com\/inicio\/index.php\/wp-json\/wp\/v2\/categories?post=266585"},{"taxonomy":"post_tag","embeddable":true,"href":"https:\/\/diariotextual.com\/inicio\/index.php\/wp-json\/wp\/v2\/tags?post=266585"}],"curies":[{"name":"wp","href":"https:\/\/api.w.org\/{rel}","templated":true}]}}