{"id":266807,"date":"2024-06-18T06:11:02","date_gmt":"2024-06-18T09:11:02","guid":{"rendered":"https:\/\/diariotextual.com\/inicio\/?p=266807"},"modified":"2024-06-18T08:51:43","modified_gmt":"2024-06-18T11:51:43","slug":"murio-lorenzo-somaschini-el-piloto-argentino-de-9-anos-accidentado-en-brasil","status":"publish","type":"post","link":"https:\/\/diariotextual.com\/inicio\/index.php\/2024\/06\/18\/murio-lorenzo-somaschini-el-piloto-argentino-de-9-anos-accidentado-en-brasil\/","title":{"rendered":"Muri\u00f3 Lorenzo Somaschini, el piloto argentino de 9 a\u00f1os accidentado en Brasil"},"content":{"rendered":"\n<p>El\u00a0<strong>motociclismo argentino est\u00e1 de luto<\/strong>\u00a0luego de que se confirmara la\u00a0<strong>muerte de Lorenzo Somaschini, el piloto de 9 a\u00f1os<\/strong>\u00a0<strong>que se hab\u00eda accidentado en Brasil<\/strong>\u00a0el pasado viernes mientras participaba de una tanda de entrenamientos de cara a la cuarta etapa de la Copa Honda Junior 160 en el Aut\u00f3dromo de Interlagos de la ciudad de San Pablo.<\/p>\n\n\n\n<p><strong>\u201cLa SuperBike Brasil informa, con gran tristeza y dolor, el fallecimiento del conductor Lorenzo Somaschini<\/strong>&nbsp;este lunes (17\/6), a las 19h43. El argentino, nacido del Rosario, fue ingresado en el Hospital Albert Einstein, en S\u00e3o Paulo (SP), bajo cuidados m\u00e9dicos intensivos y,&nbsp;<strong>lamentablemente, no resisti\u00f3\u201d,<\/strong>&nbsp;confirm\u00f3 Superbike Brasil mediante sus redes sociales.<\/p>\n\n\n\n<p>El accidente del piloto rosarino se produjo el viernes, en el primer d\u00eda de actividad de cara a la competencia. Seg\u00fan detall\u00f3 la organizaci\u00f3n del certamen,\u00a0<strong>Somaschini sufri\u00f3 la ca\u00edda mientras circulaba por la curva Pinheirinho<\/strong>\u00a0del m\u00edtico trazado paulista y fue trasladado r\u00e1pidamente al hospital zonal donde permaneci\u00f3 en la unidad de cuidados intensivos.<\/p>\n\n\n\n<p>\u201c<strong>La organizaci\u00f3n de SuperBike Brasil brinda asistencia completa a la familia del piloto desde el viernes<\/strong>&nbsp;(14\/6), cuando el argentino tuvo una ca\u00edda durante la primera pr\u00e1ctica libre de la Copa Jr, v\u00e1lida para la 4ta etapa de SuperBikes Brasil, en el Interlagos Aut\u00f3dromo. Tan pronto como cay\u00f3 a la salida de Pinheirinho,<strong>&nbsp;el piloto fue atendido inmediatamente en el lugar por el equipo m\u00e9dico en una ambulancia UTI\u201d,<\/strong>&nbsp;explicaron desde la competencia.<\/p>\n\n\n\n<p>\u201cPosteriormente -agregaron- fue<strong>\u00a0enviado a la sala de emergencias del circuito<\/strong>, donde se estabiliz\u00f3 su tablero cl\u00ednico. Despu\u00e9s de este procedimiento, se realiz\u00f3 el traspaso m\u00e9dico, en una unidad de apoyo avanzada (UTI m\u00f3vil) al Hospital General de Pedreira, donde permaneci\u00f3 hasta los amanecer del s\u00e1bado (15\/6), siguiendo todos los protocolos m\u00e9dicos hasta que se realiz\u00f3 la transferencia al Hospital Albert Einstein\u201d.<\/p>\n\n\n\n<p><strong>\u201cTodos en el equipo de SuperBike Brasil est\u00e1n consternados por el evento y expresan sus sinceras condolencias a todos los familiares y amigos de Lorenzo\u201d, finalizaron.<\/strong><\/p>\n\n\n\n<p><strong>Nacido el 17 de julio de 2014, Lolo se convirti\u00f3 en un apasionado del motociclismo.&nbsp;<\/strong>Su pap\u00e1 le regal\u00f3 una mini moto a los 4 a\u00f1os y ah\u00ed comenz\u00f3 a desarrollarse en la actividad. Su debut se hab\u00eda producido el pasado 13 de abril en el SuperBike nacional en Buenos Aires durante el Campeonato Argentino de Motociclismo de Velocidad. Luego de eso tuvo una segunda participaci\u00f3n en el aut\u00f3dromo de San Nicol\u00e1s, en el formato de la divisional Junior Cup.&nbsp;\u201cMi sue\u00f1o es llegar al MotoGP, ser campe\u00f3n del mundo\u201d, explic\u00f3 en una entrevista que mostr\u00f3 toda su pasi\u00f3n por el mundo de las motos.<\/p>\n\n\n\n<p>En su cuenta de Instagram, llamada\u00a0<em>Lolosomaspro<\/em>, el joven motociclista hab\u00eda subido una publicaci\u00f3n en las \u00faltimas horas de algunas im\u00e1genes del joven sonriente y el texto:\u00a0<strong>\u201cCumpliendo sue\u00f1os&#8230; Primer entrenamiento en Interlago Brasil prepar\u00e1ndome para la Junior Cup\u201d<\/strong>. La\u00a0<em>Honda Junior Cup\u00a0<\/em>es una de las competencias juveniles m\u00e1s reconocidas en el continente que re\u00fane a corredores de entre 8 y 16 a\u00f1os en motocicletas de 160 cc con pedales y manillares adaptadas a la talla de cada joven.<\/p>\n\n\n\n<p><strong>Lolo hab\u00eda sido noticia durante el fin de semana del 13 de abril pasado porque hab\u00eda debutado en el Superbike argentino<\/strong>. \u201cDesde los cuatro a\u00f1os. Mi pap\u00e1 andaba en moto, a los dos a\u00f1os me llev\u00f3 al Super y me empez\u00f3 a gustar. Mi sue\u00f1o es llegar al MotoGP, ser campe\u00f3n del mundo\u201d, hab\u00eda dicho el peque\u00f1o al medio especializado<em>\u00a0Paseo Tuerca<\/em>\u00a0por entonces. A nivel nacional, el Superbike es la categor\u00eda m\u00e1s importante del Campeonato Argentino de Motociclismo de Velocidad, es decir, el certamen sobre pista. Tambi\u00e9n existen las categor\u00edas Motocross, Rally Raid, Enduro y Speedway.<\/p>\n\n\n\n<p><\/p>\n","protected":false},"excerpt":{"rendered":"<p>El\u00a0motociclismo argentino est\u00e1 de luto\u00a0luego de que se confirmara la\u00a0muerte de Lorenzo Somaschini, el piloto de 9 a\u00f1os\u00a0que se hab\u00eda accidentado en Brasil\u00a0el pasado viernes mientras participaba de una tanda&hellip;<\/p>\n","protected":false},"author":3,"featured_media":266810,"comment_status":"closed","ping_status":"open","sticky":false,"template":"","format":"standard","meta":{"_acf_changed":false,"footnotes":""},"categories":[1,3],"tags":[],"class_list":["post-266807","post","type-post","status-publish","format-standard","has-post-thumbnail","hentry","category-es-noticia","category-deportes"],"acf":[],"yoast_head":"<!-- This site is optimized with the Yoast SEO plugin v27.5 - https:\/\/yoast.com\/product\/yoast-seo-wordpress\/ -->\n<title>Muri\u00f3 Lorenzo Somaschini, el piloto argentino de 9 a\u00f1os accidentado en Brasil - Diario Textual<\/title>\n<meta name=\"robots\" content=\"index, follow, max-snippet:-1, max-image-preview:large, max-video-preview:-1\" \/>\n<link rel=\"canonical\" href=\"https:\/\/diariotextual.com\/inicio\/index.php\/2024\/06\/18\/murio-lorenzo-somaschini-el-piloto-argentino-de-9-anos-accidentado-en-brasil\/\" \/>\n<meta property=\"og:locale\" content=\"es_ES\" \/>\n<meta property=\"og:type\" content=\"article\" \/>\n<meta property=\"og:title\" content=\"Muri\u00f3 Lorenzo Somaschini, el piloto argentino de 9 a\u00f1os accidentado en Brasil - Diario Textual\" \/>\n<meta property=\"og:description\" content=\"El\u00a0motociclismo argentino est\u00e1 de luto\u00a0luego de que se confirmara la\u00a0muerte de Lorenzo Somaschini, el piloto de 9 a\u00f1os\u00a0que se hab\u00eda accidentado en Brasil\u00a0el pasado viernes mientras participaba de una tanda&hellip;\" \/>\n<meta property=\"og:url\" content=\"https:\/\/diariotextual.com\/inicio\/index.php\/2024\/06\/18\/murio-lorenzo-somaschini-el-piloto-argentino-de-9-anos-accidentado-en-brasil\/\" \/>\n<meta property=\"og:site_name\" content=\"Diario Textual\" \/>\n<meta property=\"article:publisher\" content=\"https:\/\/www.facebook.com\/eltextual\" \/>\n<meta property=\"article:published_time\" content=\"2024-06-18T09:11:02+00:00\" \/>\n<meta property=\"article:modified_time\" content=\"2024-06-18T11:51:43+00:00\" \/>\n<meta property=\"og:image\" content=\"https:\/\/diariotextual.com\/inicio\/wp-content\/uploads\/2024\/06\/somaschinilorenzo2024-1.jpg\" \/>\n\t<meta property=\"og:image:width\" content=\"871\" \/>\n\t<meta property=\"og:image:height\" content=\"574\" \/>\n\t<meta property=\"og:image:type\" content=\"image\/jpeg\" \/>\n<meta name=\"author\" content=\"Diario1 Diario1\" \/>\n<meta name=\"twitter:card\" content=\"summary_large_image\" \/>\n<meta name=\"twitter:creator\" content=\"@eltextual\" \/>\n<meta name=\"twitter:site\" content=\"@eltextual\" \/>\n<meta name=\"twitter:label1\" content=\"Escrito por\" \/>\n\t<meta name=\"twitter:data1\" content=\"Diario1 Diario1\" \/>\n\t<meta name=\"twitter:label2\" content=\"Tiempo de lectura\" \/>\n\t<meta name=\"twitter:data2\" content=\"3 minutos\" \/>\n<script type=\"application\/ld+json\" class=\"yoast-schema-graph\">{\"@context\":\"https:\\\/\\\/schema.org\",\"@graph\":[{\"@type\":\"Article\",\"@id\":\"https:\\\/\\\/diariotextual.com\\\/inicio\\\/index.php\\\/2024\\\/06\\\/18\\\/murio-lorenzo-somaschini-el-piloto-argentino-de-9-anos-accidentado-en-brasil\\\/#article\",\"isPartOf\":{\"@id\":\"https:\\\/\\\/diariotextual.com\\\/inicio\\\/index.php\\\/2024\\\/06\\\/18\\\/murio-lorenzo-somaschini-el-piloto-argentino-de-9-anos-accidentado-en-brasil\\\/\"},\"author\":{\"name\":\"Diario1 Diario1\",\"@id\":\"https:\\\/\\\/diariotextual.com\\\/inicio\\\/#\\\/schema\\\/person\\\/418fc4093c33e86ed41562db3508f958\"},\"headline\":\"Muri\u00f3 Lorenzo Somaschini, el piloto argentino de 9 a\u00f1os accidentado en Brasil\",\"datePublished\":\"2024-06-18T09:11:02+00:00\",\"dateModified\":\"2024-06-18T11:51:43+00:00\",\"mainEntityOfPage\":{\"@id\":\"https:\\\/\\\/diariotextual.com\\\/inicio\\\/index.php\\\/2024\\\/06\\\/18\\\/murio-lorenzo-somaschini-el-piloto-argentino-de-9-anos-accidentado-en-brasil\\\/\"},\"wordCount\":669,\"publisher\":{\"@id\":\"https:\\\/\\\/diariotextual.com\\\/inicio\\\/#organization\"},\"image\":{\"@id\":\"https:\\\/\\\/diariotextual.com\\\/inicio\\\/index.php\\\/2024\\\/06\\\/18\\\/murio-lorenzo-somaschini-el-piloto-argentino-de-9-anos-accidentado-en-brasil\\\/#primaryimage\"},\"thumbnailUrl\":\"https:\\\/\\\/diariotextual.com\\\/inicio\\\/wp-content\\\/uploads\\\/2024\\\/06\\\/somaschinilorenzo2024-1.jpg\",\"articleSection\":[\"A - ES NOTICIA (van abajo)\",\"DEPORTES\"],\"inLanguage\":\"es\"},{\"@type\":\"WebPage\",\"@id\":\"https:\\\/\\\/diariotextual.com\\\/inicio\\\/index.php\\\/2024\\\/06\\\/18\\\/murio-lorenzo-somaschini-el-piloto-argentino-de-9-anos-accidentado-en-brasil\\\/\",\"url\":\"https:\\\/\\\/diariotextual.com\\\/inicio\\\/index.php\\\/2024\\\/06\\\/18\\\/murio-lorenzo-somaschini-el-piloto-argentino-de-9-anos-accidentado-en-brasil\\\/\",\"name\":\"Muri\u00f3 Lorenzo Somaschini, el piloto argentino de 9 a\u00f1os accidentado en Brasil - Diario Textual\",\"isPartOf\":{\"@id\":\"https:\\\/\\\/diariotextual.com\\\/inicio\\\/#website\"},\"primaryImageOfPage\":{\"@id\":\"https:\\\/\\\/diariotextual.com\\\/inicio\\\/index.php\\\/2024\\\/06\\\/18\\\/murio-lorenzo-somaschini-el-piloto-argentino-de-9-anos-accidentado-en-brasil\\\/#primaryimage\"},\"image\":{\"@id\":\"https:\\\/\\\/diariotextual.com\\\/inicio\\\/index.php\\\/2024\\\/06\\\/18\\\/murio-lorenzo-somaschini-el-piloto-argentino-de-9-anos-accidentado-en-brasil\\\/#primaryimage\"},\"thumbnailUrl\":\"https:\\\/\\\/diariotextual.com\\\/inicio\\\/wp-content\\\/uploads\\\/2024\\\/06\\\/somaschinilorenzo2024-1.jpg\",\"datePublished\":\"2024-06-18T09:11:02+00:00\",\"dateModified\":\"2024-06-18T11:51:43+00:00\",\"breadcrumb\":{\"@id\":\"https:\\\/\\\/diariotextual.com\\\/inicio\\\/index.php\\\/2024\\\/06\\\/18\\\/murio-lorenzo-somaschini-el-piloto-argentino-de-9-anos-accidentado-en-brasil\\\/#breadcrumb\"},\"inLanguage\":\"es\",\"potentialAction\":[{\"@type\":\"ReadAction\",\"target\":[\"https:\\\/\\\/diariotextual.com\\\/inicio\\\/index.php\\\/2024\\\/06\\\/18\\\/murio-lorenzo-somaschini-el-piloto-argentino-de-9-anos-accidentado-en-brasil\\\/\"]}]},{\"@type\":\"ImageObject\",\"inLanguage\":\"es\",\"@id\":\"https:\\\/\\\/diariotextual.com\\\/inicio\\\/index.php\\\/2024\\\/06\\\/18\\\/murio-lorenzo-somaschini-el-piloto-argentino-de-9-anos-accidentado-en-brasil\\\/#primaryimage\",\"url\":\"https:\\\/\\\/diariotextual.com\\\/inicio\\\/wp-content\\\/uploads\\\/2024\\\/06\\\/somaschinilorenzo2024-1.jpg\",\"contentUrl\":\"https:\\\/\\\/diariotextual.com\\\/inicio\\\/wp-content\\\/uploads\\\/2024\\\/06\\\/somaschinilorenzo2024-1.jpg\",\"width\":871,\"height\":574},{\"@type\":\"BreadcrumbList\",\"@id\":\"https:\\\/\\\/diariotextual.com\\\/inicio\\\/index.php\\\/2024\\\/06\\\/18\\\/murio-lorenzo-somaschini-el-piloto-argentino-de-9-anos-accidentado-en-brasil\\\/#breadcrumb\",\"itemListElement\":[{\"@type\":\"ListItem\",\"position\":1,\"name\":\"Portada\",\"item\":\"https:\\\/\\\/diariotextual.com\\\/inicio\\\/\"},{\"@type\":\"ListItem\",\"position\":2,\"name\":\"Muri\u00f3 Lorenzo Somaschini, el piloto argentino de 9 a\u00f1os accidentado en Brasil\"}]},{\"@type\":\"WebSite\",\"@id\":\"https:\\\/\\\/diariotextual.com\\\/inicio\\\/#website\",\"url\":\"https:\\\/\\\/diariotextual.com\\\/inicio\\\/\",\"name\":\"Diario Textual\",\"description\":\"\",\"publisher\":{\"@id\":\"https:\\\/\\\/diariotextual.com\\\/inicio\\\/#organization\"},\"potentialAction\":[{\"@type\":\"SearchAction\",\"target\":{\"@type\":\"EntryPoint\",\"urlTemplate\":\"https:\\\/\\\/diariotextual.com\\\/inicio\\\/?s={search_term_string}\"},\"query-input\":{\"@type\":\"PropertyValueSpecification\",\"valueRequired\":true,\"valueName\":\"search_term_string\"}}],\"inLanguage\":\"es\"},{\"@type\":\"Organization\",\"@id\":\"https:\\\/\\\/diariotextual.com\\\/inicio\\\/#organization\",\"name\":\"Diario Textual\",\"url\":\"https:\\\/\\\/diariotextual.com\\\/inicio\\\/\",\"logo\":{\"@type\":\"ImageObject\",\"inLanguage\":\"es\",\"@id\":\"https:\\\/\\\/diariotextual.com\\\/inicio\\\/#\\\/schema\\\/logo\\\/image\\\/\",\"url\":\"https:\\\/\\\/diariotextual.com\\\/inicio\\\/wp-content\\\/uploads\\\/2023\\\/05\\\/logotextual1.jpg\",\"contentUrl\":\"https:\\\/\\\/diariotextual.com\\\/inicio\\\/wp-content\\\/uploads\\\/2023\\\/05\\\/logotextual1.jpg\",\"width\":516,\"height\":76,\"caption\":\"Diario Textual\"},\"image\":{\"@id\":\"https:\\\/\\\/diariotextual.com\\\/inicio\\\/#\\\/schema\\\/logo\\\/image\\\/\"},\"sameAs\":[\"https:\\\/\\\/www.facebook.com\\\/eltextual\",\"https:\\\/\\\/x.com\\\/eltextual\",\"http:\\\/\\\/www.instagram.com\\\/eltextual\"]},{\"@type\":\"Person\",\"@id\":\"https:\\\/\\\/diariotextual.com\\\/inicio\\\/#\\\/schema\\\/person\\\/418fc4093c33e86ed41562db3508f958\",\"name\":\"Diario1 Diario1\",\"image\":{\"@type\":\"ImageObject\",\"inLanguage\":\"es\",\"@id\":\"https:\\\/\\\/secure.gravatar.com\\\/avatar\\\/9167d280179c85bc18be67aa7eda765854300033af4896dd779b608640f2ef7a?s=96&d=mm&r=g\",\"url\":\"https:\\\/\\\/secure.gravatar.com\\\/avatar\\\/9167d280179c85bc18be67aa7eda765854300033af4896dd779b608640f2ef7a?s=96&d=mm&r=g\",\"contentUrl\":\"https:\\\/\\\/secure.gravatar.com\\\/avatar\\\/9167d280179c85bc18be67aa7eda765854300033af4896dd779b608640f2ef7a?s=96&d=mm&r=g\",\"caption\":\"Diario1 Diario1\"},\"url\":\"https:\\\/\\\/diariotextual.com\\\/inicio\\\/index.php\\\/author\\\/diario1\\\/\"}]}<\/script>\n<!-- \/ Yoast SEO plugin. -->","yoast_head_json":{"title":"Muri\u00f3 Lorenzo Somaschini, el piloto argentino de 9 a\u00f1os accidentado en Brasil - Diario Textual","robots":{"index":"index","follow":"follow","max-snippet":"max-snippet:-1","max-image-preview":"max-image-preview:large","max-video-preview":"max-video-preview:-1"},"canonical":"https:\/\/diariotextual.com\/inicio\/index.php\/2024\/06\/18\/murio-lorenzo-somaschini-el-piloto-argentino-de-9-anos-accidentado-en-brasil\/","og_locale":"es_ES","og_type":"article","og_title":"Muri\u00f3 Lorenzo Somaschini, el piloto argentino de 9 a\u00f1os accidentado en Brasil - Diario Textual","og_description":"El\u00a0motociclismo argentino est\u00e1 de luto\u00a0luego de que se confirmara la\u00a0muerte de Lorenzo Somaschini, el piloto de 9 a\u00f1os\u00a0que se hab\u00eda accidentado en Brasil\u00a0el pasado viernes mientras participaba de una tanda&hellip;","og_url":"https:\/\/diariotextual.com\/inicio\/index.php\/2024\/06\/18\/murio-lorenzo-somaschini-el-piloto-argentino-de-9-anos-accidentado-en-brasil\/","og_site_name":"Diario Textual","article_publisher":"https:\/\/www.facebook.com\/eltextual","article_published_time":"2024-06-18T09:11:02+00:00","article_modified_time":"2024-06-18T11:51:43+00:00","og_image":[{"width":871,"height":574,"url":"https:\/\/diariotextual.com\/inicio\/wp-content\/uploads\/2024\/06\/somaschinilorenzo2024-1.jpg","type":"image\/jpeg"}],"author":"Diario1 Diario1","twitter_card":"summary_large_image","twitter_creator":"@eltextual","twitter_site":"@eltextual","twitter_misc":{"Escrito por":"Diario1 Diario1","Tiempo de lectura":"3 minutos"},"schema":{"@context":"https:\/\/schema.org","@graph":[{"@type":"Article","@id":"https:\/\/diariotextual.com\/inicio\/index.php\/2024\/06\/18\/murio-lorenzo-somaschini-el-piloto-argentino-de-9-anos-accidentado-en-brasil\/#article","isPartOf":{"@id":"https:\/\/diariotextual.com\/inicio\/index.php\/2024\/06\/18\/murio-lorenzo-somaschini-el-piloto-argentino-de-9-anos-accidentado-en-brasil\/"},"author":{"name":"Diario1 Diario1","@id":"https:\/\/diariotextual.com\/inicio\/#\/schema\/person\/418fc4093c33e86ed41562db3508f958"},"headline":"Muri\u00f3 Lorenzo Somaschini, el piloto argentino de 9 a\u00f1os accidentado en Brasil","datePublished":"2024-06-18T09:11:02+00:00","dateModified":"2024-06-18T11:51:43+00:00","mainEntityOfPage":{"@id":"https:\/\/diariotextual.com\/inicio\/index.php\/2024\/06\/18\/murio-lorenzo-somaschini-el-piloto-argentino-de-9-anos-accidentado-en-brasil\/"},"wordCount":669,"publisher":{"@id":"https:\/\/diariotextual.com\/inicio\/#organization"},"image":{"@id":"https:\/\/diariotextual.com\/inicio\/index.php\/2024\/06\/18\/murio-lorenzo-somaschini-el-piloto-argentino-de-9-anos-accidentado-en-brasil\/#primaryimage"},"thumbnailUrl":"https:\/\/diariotextual.com\/inicio\/wp-content\/uploads\/2024\/06\/somaschinilorenzo2024-1.jpg","articleSection":["A - ES NOTICIA (van abajo)","DEPORTES"],"inLanguage":"es"},{"@type":"WebPage","@id":"https:\/\/diariotextual.com\/inicio\/index.php\/2024\/06\/18\/murio-lorenzo-somaschini-el-piloto-argentino-de-9-anos-accidentado-en-brasil\/","url":"https:\/\/diariotextual.com\/inicio\/index.php\/2024\/06\/18\/murio-lorenzo-somaschini-el-piloto-argentino-de-9-anos-accidentado-en-brasil\/","name":"Muri\u00f3 Lorenzo Somaschini, el piloto argentino de 9 a\u00f1os accidentado en Brasil - Diario Textual","isPartOf":{"@id":"https:\/\/diariotextual.com\/inicio\/#website"},"primaryImageOfPage":{"@id":"https:\/\/diariotextual.com\/inicio\/index.php\/2024\/06\/18\/murio-lorenzo-somaschini-el-piloto-argentino-de-9-anos-accidentado-en-brasil\/#primaryimage"},"image":{"@id":"https:\/\/diariotextual.com\/inicio\/index.php\/2024\/06\/18\/murio-lorenzo-somaschini-el-piloto-argentino-de-9-anos-accidentado-en-brasil\/#primaryimage"},"thumbnailUrl":"https:\/\/diariotextual.com\/inicio\/wp-content\/uploads\/2024\/06\/somaschinilorenzo2024-1.jpg","datePublished":"2024-06-18T09:11:02+00:00","dateModified":"2024-06-18T11:51:43+00:00","breadcrumb":{"@id":"https:\/\/diariotextual.com\/inicio\/index.php\/2024\/06\/18\/murio-lorenzo-somaschini-el-piloto-argentino-de-9-anos-accidentado-en-brasil\/#breadcrumb"},"inLanguage":"es","potentialAction":[{"@type":"ReadAction","target":["https:\/\/diariotextual.com\/inicio\/index.php\/2024\/06\/18\/murio-lorenzo-somaschini-el-piloto-argentino-de-9-anos-accidentado-en-brasil\/"]}]},{"@type":"ImageObject","inLanguage":"es","@id":"https:\/\/diariotextual.com\/inicio\/index.php\/2024\/06\/18\/murio-lorenzo-somaschini-el-piloto-argentino-de-9-anos-accidentado-en-brasil\/#primaryimage","url":"https:\/\/diariotextual.com\/inicio\/wp-content\/uploads\/2024\/06\/somaschinilorenzo2024-1.jpg","contentUrl":"https:\/\/diariotextual.com\/inicio\/wp-content\/uploads\/2024\/06\/somaschinilorenzo2024-1.jpg","width":871,"height":574},{"@type":"BreadcrumbList","@id":"https:\/\/diariotextual.com\/inicio\/index.php\/2024\/06\/18\/murio-lorenzo-somaschini-el-piloto-argentino-de-9-anos-accidentado-en-brasil\/#breadcrumb","itemListElement":[{"@type":"ListItem","position":1,"name":"Portada","item":"https:\/\/diariotextual.com\/inicio\/"},{"@type":"ListItem","position":2,"name":"Muri\u00f3 Lorenzo Somaschini, el piloto argentino de 9 a\u00f1os accidentado en Brasil"}]},{"@type":"WebSite","@id":"https:\/\/diariotextual.com\/inicio\/#website","url":"https:\/\/diariotextual.com\/inicio\/","name":"Diario Textual","description":"","publisher":{"@id":"https:\/\/diariotextual.com\/inicio\/#organization"},"potentialAction":[{"@type":"SearchAction","target":{"@type":"EntryPoint","urlTemplate":"https:\/\/diariotextual.com\/inicio\/?s={search_term_string}"},"query-input":{"@type":"PropertyValueSpecification","valueRequired":true,"valueName":"search_term_string"}}],"inLanguage":"es"},{"@type":"Organization","@id":"https:\/\/diariotextual.com\/inicio\/#organization","name":"Diario Textual","url":"https:\/\/diariotextual.com\/inicio\/","logo":{"@type":"ImageObject","inLanguage":"es","@id":"https:\/\/diariotextual.com\/inicio\/#\/schema\/logo\/image\/","url":"https:\/\/diariotextual.com\/inicio\/wp-content\/uploads\/2023\/05\/logotextual1.jpg","contentUrl":"https:\/\/diariotextual.com\/inicio\/wp-content\/uploads\/2023\/05\/logotextual1.jpg","width":516,"height":76,"caption":"Diario Textual"},"image":{"@id":"https:\/\/diariotextual.com\/inicio\/#\/schema\/logo\/image\/"},"sameAs":["https:\/\/www.facebook.com\/eltextual","https:\/\/x.com\/eltextual","http:\/\/www.instagram.com\/eltextual"]},{"@type":"Person","@id":"https:\/\/diariotextual.com\/inicio\/#\/schema\/person\/418fc4093c33e86ed41562db3508f958","name":"Diario1 Diario1","image":{"@type":"ImageObject","inLanguage":"es","@id":"https:\/\/secure.gravatar.com\/avatar\/9167d280179c85bc18be67aa7eda765854300033af4896dd779b608640f2ef7a?s=96&d=mm&r=g","url":"https:\/\/secure.gravatar.com\/avatar\/9167d280179c85bc18be67aa7eda765854300033af4896dd779b608640f2ef7a?s=96&d=mm&r=g","contentUrl":"https:\/\/secure.gravatar.com\/avatar\/9167d280179c85bc18be67aa7eda765854300033af4896dd779b608640f2ef7a?s=96&d=mm&r=g","caption":"Diario1 Diario1"},"url":"https:\/\/diariotextual.com\/inicio\/index.php\/author\/diario1\/"}]}},"_links":{"self":[{"href":"https:\/\/diariotextual.com\/inicio\/index.php\/wp-json\/wp\/v2\/posts\/266807","targetHints":{"allow":["GET"]}}],"collection":[{"href":"https:\/\/diariotextual.com\/inicio\/index.php\/wp-json\/wp\/v2\/posts"}],"about":[{"href":"https:\/\/diariotextual.com\/inicio\/index.php\/wp-json\/wp\/v2\/types\/post"}],"author":[{"embeddable":true,"href":"https:\/\/diariotextual.com\/inicio\/index.php\/wp-json\/wp\/v2\/users\/3"}],"replies":[{"embeddable":true,"href":"https:\/\/diariotextual.com\/inicio\/index.php\/wp-json\/wp\/v2\/comments?post=266807"}],"version-history":[{"count":2,"href":"https:\/\/diariotextual.com\/inicio\/index.php\/wp-json\/wp\/v2\/posts\/266807\/revisions"}],"predecessor-version":[{"id":266809,"href":"https:\/\/diariotextual.com\/inicio\/index.php\/wp-json\/wp\/v2\/posts\/266807\/revisions\/266809"}],"wp:featuredmedia":[{"embeddable":true,"href":"https:\/\/diariotextual.com\/inicio\/index.php\/wp-json\/wp\/v2\/media\/266810"}],"wp:attachment":[{"href":"https:\/\/diariotextual.com\/inicio\/index.php\/wp-json\/wp\/v2\/media?parent=266807"}],"wp:term":[{"taxonomy":"category","embeddable":true,"href":"https:\/\/diariotextual.com\/inicio\/index.php\/wp-json\/wp\/v2\/categories?post=266807"},{"taxonomy":"post_tag","embeddable":true,"href":"https:\/\/diariotextual.com\/inicio\/index.php\/wp-json\/wp\/v2\/tags?post=266807"}],"curies":[{"name":"wp","href":"https:\/\/api.w.org\/{rel}","templated":true}]}}