{"id":267049,"date":"2024-06-20T08:37:38","date_gmt":"2024-06-20T11:37:38","guid":{"rendered":"https:\/\/diariotextual.com\/inicio\/?p=267049"},"modified":"2024-06-20T22:48:03","modified_gmt":"2024-06-21T01:48:03","slug":"con-la-ilusion-renovada-la-seleccion-argentina-debuta-en-la-copa-america-ante-canada","status":"publish","type":"post","link":"https:\/\/diariotextual.com\/inicio\/index.php\/2024\/06\/20\/con-la-ilusion-renovada-la-seleccion-argentina-debuta-en-la-copa-america-ante-canada\/","title":{"rendered":"Con la ilusi\u00f3n renovada, la Selecci\u00f3n argentina debuta en la Copa Am\u00e9rica ante Canad\u00e1"},"content":{"rendered":"\n<p><strong>La Selecci\u00f3n argentina tendr\u00e1 su debut este jueves en la Copa Am\u00e9rica cuando se enfrente a Canad\u00e1 en el partido inaugural en el cual buscar\u00e1 quedarse con una victoria y empezar de la mejor manera la defensa del t\u00edtulo.<\/strong><\/p>\n\n\n\n<p>El encuentro se disputar\u00e1 desde las 21 en el estadio Mercedes Benz Stadium de la ciudad estadounidense de Atlanta, ser\u00e1 controlado por el \u00e1rbitro venezolano Jes\u00fas Valenzuela, en el VAR estar\u00e1 el uruguayo Leod\u00e1n Gonz\u00e1lez y la transmisi\u00f3n ser\u00e1 por Telef\u00e9, TV P\u00fablica, TyC Sports y DSports.<\/p>\n\n\n\n<p>El entrenador Lionel Scaloni no confirm\u00f3 el equipo y una de las inc\u00f3gnitas que no despej\u00f3 pasa por el mediocampo. Con Leandro Paredes y Rodrigo de Paul confirmados, Enzo Fern\u00e1ndez y Alexis Mac Allister pelean por un puesto para estar desde el arranque.<\/p>\n\n\n\n<p>De todas maneras, est\u00e1 la posibilidad de que ambos salgan desde el inicio, mientras que los otros jugadores que siguen peleando por un puesto son los delanteros Lautaro Mart\u00ednez y Juli\u00e1n \u00c1lvarez.<\/p>\n\n\n\n<p>En lo que respecta al arco y la defensa, ya est\u00e1n confirmados Emiliano Mart\u00ednez, Nahuel Molina, Cristian Romero, Nicol\u00e1s Otamendi y Nicol\u00e1s Tagliafico.<\/p>\n\n\n\n<p>El debut de la Selecci\u00f3n en la Copa Am\u00e9rica, donde defiende el t\u00edtulo obtenido en 2021, ser\u00e1 ante Canad\u00e1, un pa\u00eds que creci\u00f3 mucho futbol\u00edsticamente en los \u00faltimos a\u00f1os y que tiene como principal figura al lateral del Bayern M\u00fanich Alphonso Davies, un jugador con una gran cobertura en toda la cancha y que es un peligro tanto en ataque como en defensa.<\/p>\n\n\n\n<p>El \u00fanico antecedente entre ambas Selecciones se remonta a 2010, cuando la Argentina se impuso 5-0 en la previa del Mundial de Sud\u00e1frica.<\/p>\n\n\n\n<p>En sus \u00faltimos amistosos previos, la Selecci\u00f3n le gan\u00f3 1-0 a Ecuador y 4-1 a Guatemala, mientras que Canad\u00e1 sufri\u00f3 una dura goleada 4-0 frente a Pa\u00edses Bajos y despu\u00e9s empat\u00f3 sin goles con Francia.<\/p>\n\n\n\n<p>Las siguientes son las probables formaciones y otros detalles del encuentro:<\/p>\n\n\n\n<p><br>Argentina-Canad\u00e1.<\/p>\n\n\n\n<p>Copa Am\u00e9rica.<\/p>\n\n\n\n<p>Fase de grupos.<\/p>\n\n\n\n<p>Estadio: Mercedes Benz Stadium.<\/p>\n\n\n\n<p>\u00c1rbitro: Jes\u00fas Valenzuela (Venezuela).<\/p>\n\n\n\n<p>VAR: Leod\u00e1n Gonz\u00e1lez (Uruguay).<\/p>\n\n\n\n<p>Hora de inicio: 21:00. TV: Telef\u00e9, TV P\u00fablica, TyC Sports y DSports.<\/p>\n\n\n\n<p>Argentina: Emiliano Mart\u00ednez; Nahuel Molina, Nicol\u00e1s Otamendi, Cristian Romero, Nicol\u00e1s Tagliafico; Leandro Paredes, Rodrigo de Paul, Alexis Mac Allister o Enzo Fern\u00e1ndez; \u00c1ngel Di Mar\u00eda o Enzo Fern\u00e1ndez, Lionel Messi y Juli\u00e1n \u00c1lvarez o Lautaro Mart\u00ednez.<\/p>\n\n\n\n<p>Canad\u00e1: Maxime Cr\u00e9pau; Kamal Miller, Mo\u00efse Bombito, Derek Cornelius, Alphonso Davies; Isma\u00ebl Kon\u00e9, Stephen Eust\u00e1quio, Tajon Buchanan, Liam Milla; Jonathan David y Cyle Larin.<\/p>\n\n\n\n<p><\/p>\n","protected":false},"excerpt":{"rendered":"<p>La Selecci\u00f3n argentina tendr\u00e1 su debut este jueves en la Copa Am\u00e9rica cuando se enfrente a Canad\u00e1 en el partido inaugural en el cual buscar\u00e1 quedarse con una victoria y&hellip;<\/p>\n","protected":false},"author":3,"featured_media":220283,"comment_status":"closed","ping_status":"open","sticky":false,"template":"","format":"standard","meta":{"_acf_changed":false,"footnotes":""},"categories":[3],"tags":[],"class_list":["post-267049","post","type-post","status-publish","format-standard","has-post-thumbnail","hentry","category-deportes"],"acf":[],"yoast_head":"<!-- This site is optimized with the Yoast SEO plugin v27.5 - https:\/\/yoast.com\/product\/yoast-seo-wordpress\/ -->\n<title>Con la ilusi\u00f3n renovada, la Selecci\u00f3n argentina debuta en la Copa Am\u00e9rica ante Canad\u00e1 - Diario Textual<\/title>\n<meta name=\"robots\" content=\"index, follow, max-snippet:-1, max-image-preview:large, max-video-preview:-1\" \/>\n<link rel=\"canonical\" href=\"https:\/\/diariotextual.com\/inicio\/index.php\/2024\/06\/20\/con-la-ilusion-renovada-la-seleccion-argentina-debuta-en-la-copa-america-ante-canada\/\" \/>\n<meta property=\"og:locale\" content=\"es_ES\" \/>\n<meta property=\"og:type\" content=\"article\" \/>\n<meta property=\"og:title\" content=\"Con la ilusi\u00f3n renovada, la Selecci\u00f3n argentina debuta en la Copa Am\u00e9rica ante Canad\u00e1 - Diario Textual\" \/>\n<meta property=\"og:description\" content=\"La Selecci\u00f3n argentina tendr\u00e1 su debut este jueves en la Copa Am\u00e9rica cuando se enfrente a Canad\u00e1 en el partido inaugural en el cual buscar\u00e1 quedarse con una victoria y&hellip;\" \/>\n<meta property=\"og:url\" content=\"https:\/\/diariotextual.com\/inicio\/index.php\/2024\/06\/20\/con-la-ilusion-renovada-la-seleccion-argentina-debuta-en-la-copa-america-ante-canada\/\" \/>\n<meta property=\"og:site_name\" content=\"Diario Textual\" \/>\n<meta property=\"article:publisher\" content=\"https:\/\/www.facebook.com\/eltextual\" \/>\n<meta property=\"article:published_time\" content=\"2024-06-20T11:37:38+00:00\" \/>\n<meta property=\"article:modified_time\" content=\"2024-06-21T01:48:03+00:00\" \/>\n<meta property=\"og:image\" content=\"https:\/\/diariotextual.com\/inicio\/wp-content\/uploads\/2023\/03\/messilionelseleccion2023-1-scaled.jpg\" \/>\n\t<meta property=\"og:image:width\" content=\"2560\" \/>\n\t<meta property=\"og:image:height\" content=\"1707\" \/>\n\t<meta property=\"og:image:type\" content=\"image\/jpeg\" \/>\n<meta name=\"author\" content=\"Diario1 Diario1\" \/>\n<meta name=\"twitter:card\" content=\"summary_large_image\" \/>\n<meta name=\"twitter:creator\" content=\"@eltextual\" \/>\n<meta name=\"twitter:site\" content=\"@eltextual\" \/>\n<meta name=\"twitter:label1\" content=\"Escrito por\" \/>\n\t<meta name=\"twitter:data1\" content=\"Diario1 Diario1\" \/>\n\t<meta name=\"twitter:label2\" content=\"Tiempo de lectura\" \/>\n\t<meta name=\"twitter:data2\" content=\"3 minutos\" \/>\n<script type=\"application\/ld+json\" class=\"yoast-schema-graph\">{\"@context\":\"https:\\\/\\\/schema.org\",\"@graph\":[{\"@type\":\"Article\",\"@id\":\"https:\\\/\\\/diariotextual.com\\\/inicio\\\/index.php\\\/2024\\\/06\\\/20\\\/con-la-ilusion-renovada-la-seleccion-argentina-debuta-en-la-copa-america-ante-canada\\\/#article\",\"isPartOf\":{\"@id\":\"https:\\\/\\\/diariotextual.com\\\/inicio\\\/index.php\\\/2024\\\/06\\\/20\\\/con-la-ilusion-renovada-la-seleccion-argentina-debuta-en-la-copa-america-ante-canada\\\/\"},\"author\":{\"name\":\"Diario1 Diario1\",\"@id\":\"https:\\\/\\\/diariotextual.com\\\/inicio\\\/#\\\/schema\\\/person\\\/418fc4093c33e86ed41562db3508f958\"},\"headline\":\"Con la ilusi\u00f3n renovada, la Selecci\u00f3n argentina debuta en la Copa Am\u00e9rica ante Canad\u00e1\",\"datePublished\":\"2024-06-20T11:37:38+00:00\",\"dateModified\":\"2024-06-21T01:48:03+00:00\",\"mainEntityOfPage\":{\"@id\":\"https:\\\/\\\/diariotextual.com\\\/inicio\\\/index.php\\\/2024\\\/06\\\/20\\\/con-la-ilusion-renovada-la-seleccion-argentina-debuta-en-la-copa-america-ante-canada\\\/\"},\"wordCount\":463,\"publisher\":{\"@id\":\"https:\\\/\\\/diariotextual.com\\\/inicio\\\/#organization\"},\"image\":{\"@id\":\"https:\\\/\\\/diariotextual.com\\\/inicio\\\/index.php\\\/2024\\\/06\\\/20\\\/con-la-ilusion-renovada-la-seleccion-argentina-debuta-en-la-copa-america-ante-canada\\\/#primaryimage\"},\"thumbnailUrl\":\"https:\\\/\\\/diariotextual.com\\\/inicio\\\/wp-content\\\/uploads\\\/2023\\\/03\\\/messilionelseleccion2023-1-scaled.jpg\",\"articleSection\":[\"DEPORTES\"],\"inLanguage\":\"es\"},{\"@type\":\"WebPage\",\"@id\":\"https:\\\/\\\/diariotextual.com\\\/inicio\\\/index.php\\\/2024\\\/06\\\/20\\\/con-la-ilusion-renovada-la-seleccion-argentina-debuta-en-la-copa-america-ante-canada\\\/\",\"url\":\"https:\\\/\\\/diariotextual.com\\\/inicio\\\/index.php\\\/2024\\\/06\\\/20\\\/con-la-ilusion-renovada-la-seleccion-argentina-debuta-en-la-copa-america-ante-canada\\\/\",\"name\":\"Con la ilusi\u00f3n renovada, la Selecci\u00f3n argentina debuta en la Copa Am\u00e9rica ante Canad\u00e1 - Diario Textual\",\"isPartOf\":{\"@id\":\"https:\\\/\\\/diariotextual.com\\\/inicio\\\/#website\"},\"primaryImageOfPage\":{\"@id\":\"https:\\\/\\\/diariotextual.com\\\/inicio\\\/index.php\\\/2024\\\/06\\\/20\\\/con-la-ilusion-renovada-la-seleccion-argentina-debuta-en-la-copa-america-ante-canada\\\/#primaryimage\"},\"image\":{\"@id\":\"https:\\\/\\\/diariotextual.com\\\/inicio\\\/index.php\\\/2024\\\/06\\\/20\\\/con-la-ilusion-renovada-la-seleccion-argentina-debuta-en-la-copa-america-ante-canada\\\/#primaryimage\"},\"thumbnailUrl\":\"https:\\\/\\\/diariotextual.com\\\/inicio\\\/wp-content\\\/uploads\\\/2023\\\/03\\\/messilionelseleccion2023-1-scaled.jpg\",\"datePublished\":\"2024-06-20T11:37:38+00:00\",\"dateModified\":\"2024-06-21T01:48:03+00:00\",\"breadcrumb\":{\"@id\":\"https:\\\/\\\/diariotextual.com\\\/inicio\\\/index.php\\\/2024\\\/06\\\/20\\\/con-la-ilusion-renovada-la-seleccion-argentina-debuta-en-la-copa-america-ante-canada\\\/#breadcrumb\"},\"inLanguage\":\"es\",\"potentialAction\":[{\"@type\":\"ReadAction\",\"target\":[\"https:\\\/\\\/diariotextual.com\\\/inicio\\\/index.php\\\/2024\\\/06\\\/20\\\/con-la-ilusion-renovada-la-seleccion-argentina-debuta-en-la-copa-america-ante-canada\\\/\"]}]},{\"@type\":\"ImageObject\",\"inLanguage\":\"es\",\"@id\":\"https:\\\/\\\/diariotextual.com\\\/inicio\\\/index.php\\\/2024\\\/06\\\/20\\\/con-la-ilusion-renovada-la-seleccion-argentina-debuta-en-la-copa-america-ante-canada\\\/#primaryimage\",\"url\":\"https:\\\/\\\/diariotextual.com\\\/inicio\\\/wp-content\\\/uploads\\\/2023\\\/03\\\/messilionelseleccion2023-1-scaled.jpg\",\"contentUrl\":\"https:\\\/\\\/diariotextual.com\\\/inicio\\\/wp-content\\\/uploads\\\/2023\\\/03\\\/messilionelseleccion2023-1-scaled.jpg\",\"width\":2560,\"height\":1707},{\"@type\":\"BreadcrumbList\",\"@id\":\"https:\\\/\\\/diariotextual.com\\\/inicio\\\/index.php\\\/2024\\\/06\\\/20\\\/con-la-ilusion-renovada-la-seleccion-argentina-debuta-en-la-copa-america-ante-canada\\\/#breadcrumb\",\"itemListElement\":[{\"@type\":\"ListItem\",\"position\":1,\"name\":\"Portada\",\"item\":\"https:\\\/\\\/diariotextual.com\\\/inicio\\\/\"},{\"@type\":\"ListItem\",\"position\":2,\"name\":\"Con la ilusi\u00f3n renovada, la Selecci\u00f3n argentina debuta en la Copa Am\u00e9rica ante Canad\u00e1\"}]},{\"@type\":\"WebSite\",\"@id\":\"https:\\\/\\\/diariotextual.com\\\/inicio\\\/#website\",\"url\":\"https:\\\/\\\/diariotextual.com\\\/inicio\\\/\",\"name\":\"Diario Textual\",\"description\":\"\",\"publisher\":{\"@id\":\"https:\\\/\\\/diariotextual.com\\\/inicio\\\/#organization\"},\"potentialAction\":[{\"@type\":\"SearchAction\",\"target\":{\"@type\":\"EntryPoint\",\"urlTemplate\":\"https:\\\/\\\/diariotextual.com\\\/inicio\\\/?s={search_term_string}\"},\"query-input\":{\"@type\":\"PropertyValueSpecification\",\"valueRequired\":true,\"valueName\":\"search_term_string\"}}],\"inLanguage\":\"es\"},{\"@type\":\"Organization\",\"@id\":\"https:\\\/\\\/diariotextual.com\\\/inicio\\\/#organization\",\"name\":\"Diario Textual\",\"url\":\"https:\\\/\\\/diariotextual.com\\\/inicio\\\/\",\"logo\":{\"@type\":\"ImageObject\",\"inLanguage\":\"es\",\"@id\":\"https:\\\/\\\/diariotextual.com\\\/inicio\\\/#\\\/schema\\\/logo\\\/image\\\/\",\"url\":\"https:\\\/\\\/diariotextual.com\\\/inicio\\\/wp-content\\\/uploads\\\/2023\\\/05\\\/logotextual1.jpg\",\"contentUrl\":\"https:\\\/\\\/diariotextual.com\\\/inicio\\\/wp-content\\\/uploads\\\/2023\\\/05\\\/logotextual1.jpg\",\"width\":516,\"height\":76,\"caption\":\"Diario Textual\"},\"image\":{\"@id\":\"https:\\\/\\\/diariotextual.com\\\/inicio\\\/#\\\/schema\\\/logo\\\/image\\\/\"},\"sameAs\":[\"https:\\\/\\\/www.facebook.com\\\/eltextual\",\"https:\\\/\\\/x.com\\\/eltextual\",\"http:\\\/\\\/www.instagram.com\\\/eltextual\"]},{\"@type\":\"Person\",\"@id\":\"https:\\\/\\\/diariotextual.com\\\/inicio\\\/#\\\/schema\\\/person\\\/418fc4093c33e86ed41562db3508f958\",\"name\":\"Diario1 Diario1\",\"image\":{\"@type\":\"ImageObject\",\"inLanguage\":\"es\",\"@id\":\"https:\\\/\\\/secure.gravatar.com\\\/avatar\\\/9167d280179c85bc18be67aa7eda765854300033af4896dd779b608640f2ef7a?s=96&d=mm&r=g\",\"url\":\"https:\\\/\\\/secure.gravatar.com\\\/avatar\\\/9167d280179c85bc18be67aa7eda765854300033af4896dd779b608640f2ef7a?s=96&d=mm&r=g\",\"contentUrl\":\"https:\\\/\\\/secure.gravatar.com\\\/avatar\\\/9167d280179c85bc18be67aa7eda765854300033af4896dd779b608640f2ef7a?s=96&d=mm&r=g\",\"caption\":\"Diario1 Diario1\"},\"url\":\"https:\\\/\\\/diariotextual.com\\\/inicio\\\/index.php\\\/author\\\/diario1\\\/\"}]}<\/script>\n<!-- \/ Yoast SEO plugin. -->","yoast_head_json":{"title":"Con la ilusi\u00f3n renovada, la Selecci\u00f3n argentina debuta en la Copa Am\u00e9rica ante Canad\u00e1 - Diario Textual","robots":{"index":"index","follow":"follow","max-snippet":"max-snippet:-1","max-image-preview":"max-image-preview:large","max-video-preview":"max-video-preview:-1"},"canonical":"https:\/\/diariotextual.com\/inicio\/index.php\/2024\/06\/20\/con-la-ilusion-renovada-la-seleccion-argentina-debuta-en-la-copa-america-ante-canada\/","og_locale":"es_ES","og_type":"article","og_title":"Con la ilusi\u00f3n renovada, la Selecci\u00f3n argentina debuta en la Copa Am\u00e9rica ante Canad\u00e1 - Diario Textual","og_description":"La Selecci\u00f3n argentina tendr\u00e1 su debut este jueves en la Copa Am\u00e9rica cuando se enfrente a Canad\u00e1 en el partido inaugural en el cual buscar\u00e1 quedarse con una victoria y&hellip;","og_url":"https:\/\/diariotextual.com\/inicio\/index.php\/2024\/06\/20\/con-la-ilusion-renovada-la-seleccion-argentina-debuta-en-la-copa-america-ante-canada\/","og_site_name":"Diario Textual","article_publisher":"https:\/\/www.facebook.com\/eltextual","article_published_time":"2024-06-20T11:37:38+00:00","article_modified_time":"2024-06-21T01:48:03+00:00","og_image":[{"width":2560,"height":1707,"url":"https:\/\/diariotextual.com\/inicio\/wp-content\/uploads\/2023\/03\/messilionelseleccion2023-1-scaled.jpg","type":"image\/jpeg"}],"author":"Diario1 Diario1","twitter_card":"summary_large_image","twitter_creator":"@eltextual","twitter_site":"@eltextual","twitter_misc":{"Escrito por":"Diario1 Diario1","Tiempo de lectura":"3 minutos"},"schema":{"@context":"https:\/\/schema.org","@graph":[{"@type":"Article","@id":"https:\/\/diariotextual.com\/inicio\/index.php\/2024\/06\/20\/con-la-ilusion-renovada-la-seleccion-argentina-debuta-en-la-copa-america-ante-canada\/#article","isPartOf":{"@id":"https:\/\/diariotextual.com\/inicio\/index.php\/2024\/06\/20\/con-la-ilusion-renovada-la-seleccion-argentina-debuta-en-la-copa-america-ante-canada\/"},"author":{"name":"Diario1 Diario1","@id":"https:\/\/diariotextual.com\/inicio\/#\/schema\/person\/418fc4093c33e86ed41562db3508f958"},"headline":"Con la ilusi\u00f3n renovada, la Selecci\u00f3n argentina debuta en la Copa Am\u00e9rica ante Canad\u00e1","datePublished":"2024-06-20T11:37:38+00:00","dateModified":"2024-06-21T01:48:03+00:00","mainEntityOfPage":{"@id":"https:\/\/diariotextual.com\/inicio\/index.php\/2024\/06\/20\/con-la-ilusion-renovada-la-seleccion-argentina-debuta-en-la-copa-america-ante-canada\/"},"wordCount":463,"publisher":{"@id":"https:\/\/diariotextual.com\/inicio\/#organization"},"image":{"@id":"https:\/\/diariotextual.com\/inicio\/index.php\/2024\/06\/20\/con-la-ilusion-renovada-la-seleccion-argentina-debuta-en-la-copa-america-ante-canada\/#primaryimage"},"thumbnailUrl":"https:\/\/diariotextual.com\/inicio\/wp-content\/uploads\/2023\/03\/messilionelseleccion2023-1-scaled.jpg","articleSection":["DEPORTES"],"inLanguage":"es"},{"@type":"WebPage","@id":"https:\/\/diariotextual.com\/inicio\/index.php\/2024\/06\/20\/con-la-ilusion-renovada-la-seleccion-argentina-debuta-en-la-copa-america-ante-canada\/","url":"https:\/\/diariotextual.com\/inicio\/index.php\/2024\/06\/20\/con-la-ilusion-renovada-la-seleccion-argentina-debuta-en-la-copa-america-ante-canada\/","name":"Con la ilusi\u00f3n renovada, la Selecci\u00f3n argentina debuta en la Copa Am\u00e9rica ante Canad\u00e1 - Diario Textual","isPartOf":{"@id":"https:\/\/diariotextual.com\/inicio\/#website"},"primaryImageOfPage":{"@id":"https:\/\/diariotextual.com\/inicio\/index.php\/2024\/06\/20\/con-la-ilusion-renovada-la-seleccion-argentina-debuta-en-la-copa-america-ante-canada\/#primaryimage"},"image":{"@id":"https:\/\/diariotextual.com\/inicio\/index.php\/2024\/06\/20\/con-la-ilusion-renovada-la-seleccion-argentina-debuta-en-la-copa-america-ante-canada\/#primaryimage"},"thumbnailUrl":"https:\/\/diariotextual.com\/inicio\/wp-content\/uploads\/2023\/03\/messilionelseleccion2023-1-scaled.jpg","datePublished":"2024-06-20T11:37:38+00:00","dateModified":"2024-06-21T01:48:03+00:00","breadcrumb":{"@id":"https:\/\/diariotextual.com\/inicio\/index.php\/2024\/06\/20\/con-la-ilusion-renovada-la-seleccion-argentina-debuta-en-la-copa-america-ante-canada\/#breadcrumb"},"inLanguage":"es","potentialAction":[{"@type":"ReadAction","target":["https:\/\/diariotextual.com\/inicio\/index.php\/2024\/06\/20\/con-la-ilusion-renovada-la-seleccion-argentina-debuta-en-la-copa-america-ante-canada\/"]}]},{"@type":"ImageObject","inLanguage":"es","@id":"https:\/\/diariotextual.com\/inicio\/index.php\/2024\/06\/20\/con-la-ilusion-renovada-la-seleccion-argentina-debuta-en-la-copa-america-ante-canada\/#primaryimage","url":"https:\/\/diariotextual.com\/inicio\/wp-content\/uploads\/2023\/03\/messilionelseleccion2023-1-scaled.jpg","contentUrl":"https:\/\/diariotextual.com\/inicio\/wp-content\/uploads\/2023\/03\/messilionelseleccion2023-1-scaled.jpg","width":2560,"height":1707},{"@type":"BreadcrumbList","@id":"https:\/\/diariotextual.com\/inicio\/index.php\/2024\/06\/20\/con-la-ilusion-renovada-la-seleccion-argentina-debuta-en-la-copa-america-ante-canada\/#breadcrumb","itemListElement":[{"@type":"ListItem","position":1,"name":"Portada","item":"https:\/\/diariotextual.com\/inicio\/"},{"@type":"ListItem","position":2,"name":"Con la ilusi\u00f3n renovada, la Selecci\u00f3n argentina debuta en la Copa Am\u00e9rica ante Canad\u00e1"}]},{"@type":"WebSite","@id":"https:\/\/diariotextual.com\/inicio\/#website","url":"https:\/\/diariotextual.com\/inicio\/","name":"Diario Textual","description":"","publisher":{"@id":"https:\/\/diariotextual.com\/inicio\/#organization"},"potentialAction":[{"@type":"SearchAction","target":{"@type":"EntryPoint","urlTemplate":"https:\/\/diariotextual.com\/inicio\/?s={search_term_string}"},"query-input":{"@type":"PropertyValueSpecification","valueRequired":true,"valueName":"search_term_string"}}],"inLanguage":"es"},{"@type":"Organization","@id":"https:\/\/diariotextual.com\/inicio\/#organization","name":"Diario Textual","url":"https:\/\/diariotextual.com\/inicio\/","logo":{"@type":"ImageObject","inLanguage":"es","@id":"https:\/\/diariotextual.com\/inicio\/#\/schema\/logo\/image\/","url":"https:\/\/diariotextual.com\/inicio\/wp-content\/uploads\/2023\/05\/logotextual1.jpg","contentUrl":"https:\/\/diariotextual.com\/inicio\/wp-content\/uploads\/2023\/05\/logotextual1.jpg","width":516,"height":76,"caption":"Diario Textual"},"image":{"@id":"https:\/\/diariotextual.com\/inicio\/#\/schema\/logo\/image\/"},"sameAs":["https:\/\/www.facebook.com\/eltextual","https:\/\/x.com\/eltextual","http:\/\/www.instagram.com\/eltextual"]},{"@type":"Person","@id":"https:\/\/diariotextual.com\/inicio\/#\/schema\/person\/418fc4093c33e86ed41562db3508f958","name":"Diario1 Diario1","image":{"@type":"ImageObject","inLanguage":"es","@id":"https:\/\/secure.gravatar.com\/avatar\/9167d280179c85bc18be67aa7eda765854300033af4896dd779b608640f2ef7a?s=96&d=mm&r=g","url":"https:\/\/secure.gravatar.com\/avatar\/9167d280179c85bc18be67aa7eda765854300033af4896dd779b608640f2ef7a?s=96&d=mm&r=g","contentUrl":"https:\/\/secure.gravatar.com\/avatar\/9167d280179c85bc18be67aa7eda765854300033af4896dd779b608640f2ef7a?s=96&d=mm&r=g","caption":"Diario1 Diario1"},"url":"https:\/\/diariotextual.com\/inicio\/index.php\/author\/diario1\/"}]}},"_links":{"self":[{"href":"https:\/\/diariotextual.com\/inicio\/index.php\/wp-json\/wp\/v2\/posts\/267049","targetHints":{"allow":["GET"]}}],"collection":[{"href":"https:\/\/diariotextual.com\/inicio\/index.php\/wp-json\/wp\/v2\/posts"}],"about":[{"href":"https:\/\/diariotextual.com\/inicio\/index.php\/wp-json\/wp\/v2\/types\/post"}],"author":[{"embeddable":true,"href":"https:\/\/diariotextual.com\/inicio\/index.php\/wp-json\/wp\/v2\/users\/3"}],"replies":[{"embeddable":true,"href":"https:\/\/diariotextual.com\/inicio\/index.php\/wp-json\/wp\/v2\/comments?post=267049"}],"version-history":[{"count":2,"href":"https:\/\/diariotextual.com\/inicio\/index.php\/wp-json\/wp\/v2\/posts\/267049\/revisions"}],"predecessor-version":[{"id":267051,"href":"https:\/\/diariotextual.com\/inicio\/index.php\/wp-json\/wp\/v2\/posts\/267049\/revisions\/267051"}],"wp:featuredmedia":[{"embeddable":true,"href":"https:\/\/diariotextual.com\/inicio\/index.php\/wp-json\/wp\/v2\/media\/220283"}],"wp:attachment":[{"href":"https:\/\/diariotextual.com\/inicio\/index.php\/wp-json\/wp\/v2\/media?parent=267049"}],"wp:term":[{"taxonomy":"category","embeddable":true,"href":"https:\/\/diariotextual.com\/inicio\/index.php\/wp-json\/wp\/v2\/categories?post=267049"},{"taxonomy":"post_tag","embeddable":true,"href":"https:\/\/diariotextual.com\/inicio\/index.php\/wp-json\/wp\/v2\/tags?post=267049"}],"curies":[{"name":"wp","href":"https:\/\/api.w.org\/{rel}","templated":true}]}}