{"id":269087,"date":"2024-07-09T13:52:43","date_gmt":"2024-07-09T16:52:43","guid":{"rendered":"https:\/\/diariotextual.com\/inicio\/?p=269087"},"modified":"2024-07-10T14:32:16","modified_gmt":"2024-07-10T17:32:16","slug":"pacto-de-mayo-al-gobierno-nacional-le-servira-la-foto-para-seguir-ajustando","status":"publish","type":"post","link":"https:\/\/diariotextual.com\/inicio\/index.php\/2024\/07\/09\/pacto-de-mayo-al-gobierno-nacional-le-servira-la-foto-para-seguir-ajustando\/","title":{"rendered":"Pacto de Mayo: \u201cAl Gobierno nacional le servir\u00e1 la foto para seguir ajustando\u201d"},"content":{"rendered":"\n<p>El gobernador <strong>Sergio Ziliotto<\/strong> abord\u00f3 varios temas de actualidad con la prensa que estuvo presente en al acto por el <strong>D\u00eda de la Independencia <\/strong>que se desarrolll\u00f3 en Toay. \u201cEs una fecha para reivindicar valores, hay que tomar la g\u00e9nesis de 1816 y proyectarla. Estamos plantados en defender lo que nos dejaron los patriotas. <strong>No compartimos con el Gobierno nacional cu\u00e1l es el modelo, porque es un modelo que excluye, empobrece y concentra la econom\u00eda<\/strong>\u201d, asegur\u00f3. \u00a0<\/p>\n\n\n\n<p>Adem\u00e1s, <strong>se refiri\u00f3 a los gobernadores patag\u00f3nicos que firmaron el Pacto de Mayo<\/strong>. \u201cEs una pregunta que tendr\u00edan que contestarla ellos, tendr\u00e1n sus razones. No comparto la decisi\u00f3n y por eso no fui a firmar. Adem\u00e1s, porque no fuimos invitados y no tiene asidero desde el punto de vista institucional y jur\u00eddico\u201d, dijo.<\/p>\n\n\n\n<p><br>\u201c<strong>Al Gobierno nacional le servir\u00e1 la foto para seguir ajustando, empobreciendo a la mayor\u00eda de los argentinos<\/strong>, para seguir concentrando la econom\u00eda en unos pocos, para distribuir inequitativamente la riqueza, para seguir al servicio de los capitales que buscan saquear al pa\u00eds\u201d, subray\u00f3.<\/p>\n\n\n\n<p><br>\u201cFuimos invitados a un acto, nunca recibimos invitaci\u00f3n para el pacto. Nunca nos pusieron en conocimiento de un texto a firmar. Creo que la realidad es otra, mas all\u00e1 de la foto, y golpea a millones de argentinos\u201d, sostuvo el mandatario.<\/p>\n\n\n\n<p><\/p>\n\n\n\n<figure class=\"wp-block-embed is-type-wp-embed is-provider-diario-textual wp-block-embed-diario-textual\"><div class=\"wp-block-embed__wrapper\">\n<blockquote class=\"wp-embedded-content\" data-secret=\"PZ6ZPa4y4I\"><a href=\"https:\/\/diariotextual.com\/inicio\/index.php\/2024\/07\/09\/pro-la-pampa-lamenta-la-ausencia-de-ziliotto-en-el-pacto-de-mayo\/\">Pro La Pampa \u201clamenta\u201d la ausencia de Ziliotto en el Pacto de Mayo<\/a><\/blockquote><iframe class=\"wp-embedded-content\" sandbox=\"allow-scripts\" security=\"restricted\" style=\"position: absolute; clip: rect(1px, 1px, 1px, 1px);\" title=\"\u00abPro La Pampa \u201clamenta\u201d la ausencia de Ziliotto en el Pacto de Mayo\u00bb \u2014 Diario Textual\" src=\"https:\/\/diariotextual.com\/inicio\/index.php\/2024\/07\/09\/pro-la-pampa-lamenta-la-ausencia-de-ziliotto-en-el-pacto-de-mayo\/embed\/#?secret=4CUL3nX2bg#?secret=PZ6ZPa4y4I\" data-secret=\"PZ6ZPa4y4I\" width=\"600\" height=\"338\" frameborder=\"0\" marginwidth=\"0\" marginheight=\"0\" scrolling=\"no\"><\/iframe>\n<\/div><\/figure>\n\n\n\n<div style=\"height:100px\" aria-hidden=\"true\" class=\"wp-block-spacer\"><\/div>\n\n\n\n<p><br><br><strong>Coparticipaci\u00f3n<\/strong><\/p>\n\n\n\n<p>El mandatario dijo desconocer a qu\u00e9 se refiere el pacto sobre la rediscusi\u00f3n de la coparticipaci\u00f3n. \u201cNo sabemos de qu\u00e9 se trata. Lo que da vuelta en las redes sociales es un libelo que no tiene asidero desde el punto de vista de planear para qu\u00e9\u201d, dijo.<\/p>\n\n\n\n<p><br>\u201cLa provincia de La Pampa est\u00e1 perdiendo recursos desde que asumi\u00f3 Milei. \u00bfHay que discutir una nueva coparticipaci\u00f3n? S\u00ed, pero con todos los actores, con una premisa clara: inclusi\u00f3n e igualdad de oportunidades en cada rinc\u00f3n del pa\u00eds\u201d, dijo.<\/p>\n\n\n\n<div style=\"height:100px\" aria-hidden=\"true\" class=\"wp-block-spacer\"><\/div>\n\n\n\n<p><br><br><strong>Sturzenegger y las facultades delegadas<\/strong><\/p>\n\n\n\n<p>Acerca de los efectos del Decreto de Necesidad y Urgencia dictado por Presidencia, cuya autor\u00eda se adjudica al recientemente asumido como ministro del gabinete nacional, Federico Sturzenegger, Ziliotto advirti\u00f3 que \u201cha quedado olvidado y soslayado\u201d por las facultades delegadas. \u201c<strong>Sturzenegger es el brazo ejecutor de las facultades delegadas que se le dio al presidente y sabemos c\u00f3mo piensa, que modelo de pa\u00eds propicia y d\u00f3nde quedan la mayor\u00eda de los argentinos, afuera<\/strong>\u201d, dijo.<\/p>\n\n\n\n<div style=\"height:100px\" aria-hidden=\"true\" class=\"wp-block-spacer\"><\/div>\n\n\n\n<p><br><br><strong>Menos actividad econ\u00f3mica, menos trabajo<\/strong><\/p>\n\n\n\n<p>El mandatario reiter\u00f3 que el Gobierno nacional \u201cno cumple\u201d con los convenios de obras p\u00fablicas, beneficios a docentes, subsidio al transporte y cajas de jubilaciones. \u201cEl gobierno provincial sigue cumpliendo con recursos propios. Al achicar la econom\u00eda se ha ca\u00eddo la actividad, se ha ca\u00eddo el trabajo registrado y ha aumentado la desocupaci\u00f3n\u201d, sostuvo.<\/p>\n\n\n\n<p><br>\u201cEst\u00e1n dadas las condiciones para que se sigua llevando adelante el objetivo de fundir a las provincias. Siempre nos van a encontrar en frente porque es un mandato de los pampeanos\u201d, finaliz\u00f3.<\/p>\n\n\n\n<p><\/p>\n\n\n\n<p><\/p>\n","protected":false},"excerpt":{"rendered":"<p>El gobernador Sergio Ziliotto abord\u00f3 varios temas de actualidad con la prensa que estuvo presente en al acto por el D\u00eda de la Independencia que se desarrolll\u00f3 en Toay. \u201cEs&hellip;<\/p>\n","protected":false},"author":3,"featured_media":269088,"comment_status":"closed","ping_status":"open","sticky":false,"template":"","format":"standard","meta":{"_acf_changed":false,"footnotes":""},"categories":[11,8],"tags":[],"class_list":["post-269087","post","type-post","status-publish","format-standard","has-post-thumbnail","hentry","category-que-pasa","category-politica"],"acf":[],"yoast_head":"<!-- This site is optimized with the Yoast SEO plugin v27.5 - https:\/\/yoast.com\/product\/yoast-seo-wordpress\/ -->\n<title>Pacto de Mayo: \u201cAl Gobierno nacional le servir\u00e1 la foto para seguir ajustando\u201d - Diario Textual<\/title>\n<meta name=\"robots\" content=\"index, follow, max-snippet:-1, max-image-preview:large, max-video-preview:-1\" \/>\n<link rel=\"canonical\" href=\"https:\/\/diariotextual.com\/inicio\/index.php\/2024\/07\/09\/pacto-de-mayo-al-gobierno-nacional-le-servira-la-foto-para-seguir-ajustando\/\" \/>\n<meta property=\"og:locale\" content=\"es_ES\" \/>\n<meta property=\"og:type\" content=\"article\" \/>\n<meta property=\"og:title\" content=\"Pacto de Mayo: \u201cAl Gobierno nacional le servir\u00e1 la foto para seguir ajustando\u201d - Diario Textual\" \/>\n<meta property=\"og:description\" content=\"El gobernador Sergio Ziliotto abord\u00f3 varios temas de actualidad con la prensa que estuvo presente en al acto por el D\u00eda de la Independencia que se desarrolll\u00f3 en Toay. \u201cEs&hellip;\" \/>\n<meta property=\"og:url\" content=\"https:\/\/diariotextual.com\/inicio\/index.php\/2024\/07\/09\/pacto-de-mayo-al-gobierno-nacional-le-servira-la-foto-para-seguir-ajustando\/\" \/>\n<meta property=\"og:site_name\" content=\"Diario Textual\" \/>\n<meta property=\"article:publisher\" content=\"https:\/\/www.facebook.com\/eltextual\" \/>\n<meta property=\"article:published_time\" content=\"2024-07-09T16:52:43+00:00\" \/>\n<meta property=\"article:modified_time\" content=\"2024-07-10T17:32:16+00:00\" \/>\n<meta property=\"og:image\" content=\"https:\/\/diariotextual.com\/inicio\/wp-content\/uploads\/2024\/07\/ziliottosergio2024-000888.jpg\" \/>\n\t<meta property=\"og:image:width\" content=\"1500\" \/>\n\t<meta property=\"og:image:height\" content=\"1000\" \/>\n\t<meta property=\"og:image:type\" content=\"image\/jpeg\" \/>\n<meta name=\"author\" content=\"Diario1 Diario1\" \/>\n<meta name=\"twitter:card\" content=\"summary_large_image\" \/>\n<meta name=\"twitter:creator\" content=\"@eltextual\" \/>\n<meta name=\"twitter:site\" content=\"@eltextual\" \/>\n<meta name=\"twitter:label1\" content=\"Escrito por\" \/>\n\t<meta name=\"twitter:data1\" content=\"Diario1 Diario1\" \/>\n\t<meta name=\"twitter:label2\" content=\"Tiempo de lectura\" \/>\n\t<meta name=\"twitter:data2\" content=\"3 minutos\" \/>\n<script type=\"application\/ld+json\" class=\"yoast-schema-graph\">{\"@context\":\"https:\\\/\\\/schema.org\",\"@graph\":[{\"@type\":\"Article\",\"@id\":\"https:\\\/\\\/diariotextual.com\\\/inicio\\\/index.php\\\/2024\\\/07\\\/09\\\/pacto-de-mayo-al-gobierno-nacional-le-servira-la-foto-para-seguir-ajustando\\\/#article\",\"isPartOf\":{\"@id\":\"https:\\\/\\\/diariotextual.com\\\/inicio\\\/index.php\\\/2024\\\/07\\\/09\\\/pacto-de-mayo-al-gobierno-nacional-le-servira-la-foto-para-seguir-ajustando\\\/\"},\"author\":{\"name\":\"Diario1 Diario1\",\"@id\":\"https:\\\/\\\/diariotextual.com\\\/inicio\\\/#\\\/schema\\\/person\\\/418fc4093c33e86ed41562db3508f958\"},\"headline\":\"Pacto de Mayo: \u201cAl Gobierno nacional le servir\u00e1 la foto para seguir ajustando\u201d\",\"datePublished\":\"2024-07-09T16:52:43+00:00\",\"dateModified\":\"2024-07-10T17:32:16+00:00\",\"mainEntityOfPage\":{\"@id\":\"https:\\\/\\\/diariotextual.com\\\/inicio\\\/index.php\\\/2024\\\/07\\\/09\\\/pacto-de-mayo-al-gobierno-nacional-le-servira-la-foto-para-seguir-ajustando\\\/\"},\"wordCount\":522,\"publisher\":{\"@id\":\"https:\\\/\\\/diariotextual.com\\\/inicio\\\/#organization\"},\"image\":{\"@id\":\"https:\\\/\\\/diariotextual.com\\\/inicio\\\/index.php\\\/2024\\\/07\\\/09\\\/pacto-de-mayo-al-gobierno-nacional-le-servira-la-foto-para-seguir-ajustando\\\/#primaryimage\"},\"thumbnailUrl\":\"https:\\\/\\\/diariotextual.com\\\/inicio\\\/wp-content\\\/uploads\\\/2024\\\/07\\\/ziliottosergio2024-000888.jpg\",\"articleSection\":[\"A - QUE PASA (al costado)\",\"POLITICA\"],\"inLanguage\":\"es\"},{\"@type\":\"WebPage\",\"@id\":\"https:\\\/\\\/diariotextual.com\\\/inicio\\\/index.php\\\/2024\\\/07\\\/09\\\/pacto-de-mayo-al-gobierno-nacional-le-servira-la-foto-para-seguir-ajustando\\\/\",\"url\":\"https:\\\/\\\/diariotextual.com\\\/inicio\\\/index.php\\\/2024\\\/07\\\/09\\\/pacto-de-mayo-al-gobierno-nacional-le-servira-la-foto-para-seguir-ajustando\\\/\",\"name\":\"Pacto de Mayo: \u201cAl Gobierno nacional le servir\u00e1 la foto para seguir ajustando\u201d - Diario Textual\",\"isPartOf\":{\"@id\":\"https:\\\/\\\/diariotextual.com\\\/inicio\\\/#website\"},\"primaryImageOfPage\":{\"@id\":\"https:\\\/\\\/diariotextual.com\\\/inicio\\\/index.php\\\/2024\\\/07\\\/09\\\/pacto-de-mayo-al-gobierno-nacional-le-servira-la-foto-para-seguir-ajustando\\\/#primaryimage\"},\"image\":{\"@id\":\"https:\\\/\\\/diariotextual.com\\\/inicio\\\/index.php\\\/2024\\\/07\\\/09\\\/pacto-de-mayo-al-gobierno-nacional-le-servira-la-foto-para-seguir-ajustando\\\/#primaryimage\"},\"thumbnailUrl\":\"https:\\\/\\\/diariotextual.com\\\/inicio\\\/wp-content\\\/uploads\\\/2024\\\/07\\\/ziliottosergio2024-000888.jpg\",\"datePublished\":\"2024-07-09T16:52:43+00:00\",\"dateModified\":\"2024-07-10T17:32:16+00:00\",\"breadcrumb\":{\"@id\":\"https:\\\/\\\/diariotextual.com\\\/inicio\\\/index.php\\\/2024\\\/07\\\/09\\\/pacto-de-mayo-al-gobierno-nacional-le-servira-la-foto-para-seguir-ajustando\\\/#breadcrumb\"},\"inLanguage\":\"es\",\"potentialAction\":[{\"@type\":\"ReadAction\",\"target\":[\"https:\\\/\\\/diariotextual.com\\\/inicio\\\/index.php\\\/2024\\\/07\\\/09\\\/pacto-de-mayo-al-gobierno-nacional-le-servira-la-foto-para-seguir-ajustando\\\/\"]}]},{\"@type\":\"ImageObject\",\"inLanguage\":\"es\",\"@id\":\"https:\\\/\\\/diariotextual.com\\\/inicio\\\/index.php\\\/2024\\\/07\\\/09\\\/pacto-de-mayo-al-gobierno-nacional-le-servira-la-foto-para-seguir-ajustando\\\/#primaryimage\",\"url\":\"https:\\\/\\\/diariotextual.com\\\/inicio\\\/wp-content\\\/uploads\\\/2024\\\/07\\\/ziliottosergio2024-000888.jpg\",\"contentUrl\":\"https:\\\/\\\/diariotextual.com\\\/inicio\\\/wp-content\\\/uploads\\\/2024\\\/07\\\/ziliottosergio2024-000888.jpg\",\"width\":1500,\"height\":1000},{\"@type\":\"BreadcrumbList\",\"@id\":\"https:\\\/\\\/diariotextual.com\\\/inicio\\\/index.php\\\/2024\\\/07\\\/09\\\/pacto-de-mayo-al-gobierno-nacional-le-servira-la-foto-para-seguir-ajustando\\\/#breadcrumb\",\"itemListElement\":[{\"@type\":\"ListItem\",\"position\":1,\"name\":\"Portada\",\"item\":\"https:\\\/\\\/diariotextual.com\\\/inicio\\\/\"},{\"@type\":\"ListItem\",\"position\":2,\"name\":\"Pacto de Mayo: \u201cAl Gobierno nacional le servir\u00e1 la foto para seguir ajustando\u201d\"}]},{\"@type\":\"WebSite\",\"@id\":\"https:\\\/\\\/diariotextual.com\\\/inicio\\\/#website\",\"url\":\"https:\\\/\\\/diariotextual.com\\\/inicio\\\/\",\"name\":\"Diario Textual\",\"description\":\"\",\"publisher\":{\"@id\":\"https:\\\/\\\/diariotextual.com\\\/inicio\\\/#organization\"},\"potentialAction\":[{\"@type\":\"SearchAction\",\"target\":{\"@type\":\"EntryPoint\",\"urlTemplate\":\"https:\\\/\\\/diariotextual.com\\\/inicio\\\/?s={search_term_string}\"},\"query-input\":{\"@type\":\"PropertyValueSpecification\",\"valueRequired\":true,\"valueName\":\"search_term_string\"}}],\"inLanguage\":\"es\"},{\"@type\":\"Organization\",\"@id\":\"https:\\\/\\\/diariotextual.com\\\/inicio\\\/#organization\",\"name\":\"Diario Textual\",\"url\":\"https:\\\/\\\/diariotextual.com\\\/inicio\\\/\",\"logo\":{\"@type\":\"ImageObject\",\"inLanguage\":\"es\",\"@id\":\"https:\\\/\\\/diariotextual.com\\\/inicio\\\/#\\\/schema\\\/logo\\\/image\\\/\",\"url\":\"https:\\\/\\\/diariotextual.com\\\/inicio\\\/wp-content\\\/uploads\\\/2023\\\/05\\\/logotextual1.jpg\",\"contentUrl\":\"https:\\\/\\\/diariotextual.com\\\/inicio\\\/wp-content\\\/uploads\\\/2023\\\/05\\\/logotextual1.jpg\",\"width\":516,\"height\":76,\"caption\":\"Diario Textual\"},\"image\":{\"@id\":\"https:\\\/\\\/diariotextual.com\\\/inicio\\\/#\\\/schema\\\/logo\\\/image\\\/\"},\"sameAs\":[\"https:\\\/\\\/www.facebook.com\\\/eltextual\",\"https:\\\/\\\/x.com\\\/eltextual\",\"http:\\\/\\\/www.instagram.com\\\/eltextual\"]},{\"@type\":\"Person\",\"@id\":\"https:\\\/\\\/diariotextual.com\\\/inicio\\\/#\\\/schema\\\/person\\\/418fc4093c33e86ed41562db3508f958\",\"name\":\"Diario1 Diario1\",\"image\":{\"@type\":\"ImageObject\",\"inLanguage\":\"es\",\"@id\":\"https:\\\/\\\/secure.gravatar.com\\\/avatar\\\/9167d280179c85bc18be67aa7eda765854300033af4896dd779b608640f2ef7a?s=96&d=mm&r=g\",\"url\":\"https:\\\/\\\/secure.gravatar.com\\\/avatar\\\/9167d280179c85bc18be67aa7eda765854300033af4896dd779b608640f2ef7a?s=96&d=mm&r=g\",\"contentUrl\":\"https:\\\/\\\/secure.gravatar.com\\\/avatar\\\/9167d280179c85bc18be67aa7eda765854300033af4896dd779b608640f2ef7a?s=96&d=mm&r=g\",\"caption\":\"Diario1 Diario1\"},\"url\":\"https:\\\/\\\/diariotextual.com\\\/inicio\\\/index.php\\\/author\\\/diario1\\\/\"}]}<\/script>\n<!-- \/ Yoast SEO plugin. -->","yoast_head_json":{"title":"Pacto de Mayo: \u201cAl Gobierno nacional le servir\u00e1 la foto para seguir ajustando\u201d - Diario Textual","robots":{"index":"index","follow":"follow","max-snippet":"max-snippet:-1","max-image-preview":"max-image-preview:large","max-video-preview":"max-video-preview:-1"},"canonical":"https:\/\/diariotextual.com\/inicio\/index.php\/2024\/07\/09\/pacto-de-mayo-al-gobierno-nacional-le-servira-la-foto-para-seguir-ajustando\/","og_locale":"es_ES","og_type":"article","og_title":"Pacto de Mayo: \u201cAl Gobierno nacional le servir\u00e1 la foto para seguir ajustando\u201d - Diario Textual","og_description":"El gobernador Sergio Ziliotto abord\u00f3 varios temas de actualidad con la prensa que estuvo presente en al acto por el D\u00eda de la Independencia que se desarrolll\u00f3 en Toay. \u201cEs&hellip;","og_url":"https:\/\/diariotextual.com\/inicio\/index.php\/2024\/07\/09\/pacto-de-mayo-al-gobierno-nacional-le-servira-la-foto-para-seguir-ajustando\/","og_site_name":"Diario Textual","article_publisher":"https:\/\/www.facebook.com\/eltextual","article_published_time":"2024-07-09T16:52:43+00:00","article_modified_time":"2024-07-10T17:32:16+00:00","og_image":[{"width":1500,"height":1000,"url":"https:\/\/diariotextual.com\/inicio\/wp-content\/uploads\/2024\/07\/ziliottosergio2024-000888.jpg","type":"image\/jpeg"}],"author":"Diario1 Diario1","twitter_card":"summary_large_image","twitter_creator":"@eltextual","twitter_site":"@eltextual","twitter_misc":{"Escrito por":"Diario1 Diario1","Tiempo de lectura":"3 minutos"},"schema":{"@context":"https:\/\/schema.org","@graph":[{"@type":"Article","@id":"https:\/\/diariotextual.com\/inicio\/index.php\/2024\/07\/09\/pacto-de-mayo-al-gobierno-nacional-le-servira-la-foto-para-seguir-ajustando\/#article","isPartOf":{"@id":"https:\/\/diariotextual.com\/inicio\/index.php\/2024\/07\/09\/pacto-de-mayo-al-gobierno-nacional-le-servira-la-foto-para-seguir-ajustando\/"},"author":{"name":"Diario1 Diario1","@id":"https:\/\/diariotextual.com\/inicio\/#\/schema\/person\/418fc4093c33e86ed41562db3508f958"},"headline":"Pacto de Mayo: \u201cAl Gobierno nacional le servir\u00e1 la foto para seguir ajustando\u201d","datePublished":"2024-07-09T16:52:43+00:00","dateModified":"2024-07-10T17:32:16+00:00","mainEntityOfPage":{"@id":"https:\/\/diariotextual.com\/inicio\/index.php\/2024\/07\/09\/pacto-de-mayo-al-gobierno-nacional-le-servira-la-foto-para-seguir-ajustando\/"},"wordCount":522,"publisher":{"@id":"https:\/\/diariotextual.com\/inicio\/#organization"},"image":{"@id":"https:\/\/diariotextual.com\/inicio\/index.php\/2024\/07\/09\/pacto-de-mayo-al-gobierno-nacional-le-servira-la-foto-para-seguir-ajustando\/#primaryimage"},"thumbnailUrl":"https:\/\/diariotextual.com\/inicio\/wp-content\/uploads\/2024\/07\/ziliottosergio2024-000888.jpg","articleSection":["A - QUE PASA (al costado)","POLITICA"],"inLanguage":"es"},{"@type":"WebPage","@id":"https:\/\/diariotextual.com\/inicio\/index.php\/2024\/07\/09\/pacto-de-mayo-al-gobierno-nacional-le-servira-la-foto-para-seguir-ajustando\/","url":"https:\/\/diariotextual.com\/inicio\/index.php\/2024\/07\/09\/pacto-de-mayo-al-gobierno-nacional-le-servira-la-foto-para-seguir-ajustando\/","name":"Pacto de Mayo: \u201cAl Gobierno nacional le servir\u00e1 la foto para seguir ajustando\u201d - Diario Textual","isPartOf":{"@id":"https:\/\/diariotextual.com\/inicio\/#website"},"primaryImageOfPage":{"@id":"https:\/\/diariotextual.com\/inicio\/index.php\/2024\/07\/09\/pacto-de-mayo-al-gobierno-nacional-le-servira-la-foto-para-seguir-ajustando\/#primaryimage"},"image":{"@id":"https:\/\/diariotextual.com\/inicio\/index.php\/2024\/07\/09\/pacto-de-mayo-al-gobierno-nacional-le-servira-la-foto-para-seguir-ajustando\/#primaryimage"},"thumbnailUrl":"https:\/\/diariotextual.com\/inicio\/wp-content\/uploads\/2024\/07\/ziliottosergio2024-000888.jpg","datePublished":"2024-07-09T16:52:43+00:00","dateModified":"2024-07-10T17:32:16+00:00","breadcrumb":{"@id":"https:\/\/diariotextual.com\/inicio\/index.php\/2024\/07\/09\/pacto-de-mayo-al-gobierno-nacional-le-servira-la-foto-para-seguir-ajustando\/#breadcrumb"},"inLanguage":"es","potentialAction":[{"@type":"ReadAction","target":["https:\/\/diariotextual.com\/inicio\/index.php\/2024\/07\/09\/pacto-de-mayo-al-gobierno-nacional-le-servira-la-foto-para-seguir-ajustando\/"]}]},{"@type":"ImageObject","inLanguage":"es","@id":"https:\/\/diariotextual.com\/inicio\/index.php\/2024\/07\/09\/pacto-de-mayo-al-gobierno-nacional-le-servira-la-foto-para-seguir-ajustando\/#primaryimage","url":"https:\/\/diariotextual.com\/inicio\/wp-content\/uploads\/2024\/07\/ziliottosergio2024-000888.jpg","contentUrl":"https:\/\/diariotextual.com\/inicio\/wp-content\/uploads\/2024\/07\/ziliottosergio2024-000888.jpg","width":1500,"height":1000},{"@type":"BreadcrumbList","@id":"https:\/\/diariotextual.com\/inicio\/index.php\/2024\/07\/09\/pacto-de-mayo-al-gobierno-nacional-le-servira-la-foto-para-seguir-ajustando\/#breadcrumb","itemListElement":[{"@type":"ListItem","position":1,"name":"Portada","item":"https:\/\/diariotextual.com\/inicio\/"},{"@type":"ListItem","position":2,"name":"Pacto de Mayo: \u201cAl Gobierno nacional le servir\u00e1 la foto para seguir ajustando\u201d"}]},{"@type":"WebSite","@id":"https:\/\/diariotextual.com\/inicio\/#website","url":"https:\/\/diariotextual.com\/inicio\/","name":"Diario Textual","description":"","publisher":{"@id":"https:\/\/diariotextual.com\/inicio\/#organization"},"potentialAction":[{"@type":"SearchAction","target":{"@type":"EntryPoint","urlTemplate":"https:\/\/diariotextual.com\/inicio\/?s={search_term_string}"},"query-input":{"@type":"PropertyValueSpecification","valueRequired":true,"valueName":"search_term_string"}}],"inLanguage":"es"},{"@type":"Organization","@id":"https:\/\/diariotextual.com\/inicio\/#organization","name":"Diario Textual","url":"https:\/\/diariotextual.com\/inicio\/","logo":{"@type":"ImageObject","inLanguage":"es","@id":"https:\/\/diariotextual.com\/inicio\/#\/schema\/logo\/image\/","url":"https:\/\/diariotextual.com\/inicio\/wp-content\/uploads\/2023\/05\/logotextual1.jpg","contentUrl":"https:\/\/diariotextual.com\/inicio\/wp-content\/uploads\/2023\/05\/logotextual1.jpg","width":516,"height":76,"caption":"Diario Textual"},"image":{"@id":"https:\/\/diariotextual.com\/inicio\/#\/schema\/logo\/image\/"},"sameAs":["https:\/\/www.facebook.com\/eltextual","https:\/\/x.com\/eltextual","http:\/\/www.instagram.com\/eltextual"]},{"@type":"Person","@id":"https:\/\/diariotextual.com\/inicio\/#\/schema\/person\/418fc4093c33e86ed41562db3508f958","name":"Diario1 Diario1","image":{"@type":"ImageObject","inLanguage":"es","@id":"https:\/\/secure.gravatar.com\/avatar\/9167d280179c85bc18be67aa7eda765854300033af4896dd779b608640f2ef7a?s=96&d=mm&r=g","url":"https:\/\/secure.gravatar.com\/avatar\/9167d280179c85bc18be67aa7eda765854300033af4896dd779b608640f2ef7a?s=96&d=mm&r=g","contentUrl":"https:\/\/secure.gravatar.com\/avatar\/9167d280179c85bc18be67aa7eda765854300033af4896dd779b608640f2ef7a?s=96&d=mm&r=g","caption":"Diario1 Diario1"},"url":"https:\/\/diariotextual.com\/inicio\/index.php\/author\/diario1\/"}]}},"_links":{"self":[{"href":"https:\/\/diariotextual.com\/inicio\/index.php\/wp-json\/wp\/v2\/posts\/269087","targetHints":{"allow":["GET"]}}],"collection":[{"href":"https:\/\/diariotextual.com\/inicio\/index.php\/wp-json\/wp\/v2\/posts"}],"about":[{"href":"https:\/\/diariotextual.com\/inicio\/index.php\/wp-json\/wp\/v2\/types\/post"}],"author":[{"embeddable":true,"href":"https:\/\/diariotextual.com\/inicio\/index.php\/wp-json\/wp\/v2\/users\/3"}],"replies":[{"embeddable":true,"href":"https:\/\/diariotextual.com\/inicio\/index.php\/wp-json\/wp\/v2\/comments?post=269087"}],"version-history":[{"count":3,"href":"https:\/\/diariotextual.com\/inicio\/index.php\/wp-json\/wp\/v2\/posts\/269087\/revisions"}],"predecessor-version":[{"id":269113,"href":"https:\/\/diariotextual.com\/inicio\/index.php\/wp-json\/wp\/v2\/posts\/269087\/revisions\/269113"}],"wp:featuredmedia":[{"embeddable":true,"href":"https:\/\/diariotextual.com\/inicio\/index.php\/wp-json\/wp\/v2\/media\/269088"}],"wp:attachment":[{"href":"https:\/\/diariotextual.com\/inicio\/index.php\/wp-json\/wp\/v2\/media?parent=269087"}],"wp:term":[{"taxonomy":"category","embeddable":true,"href":"https:\/\/diariotextual.com\/inicio\/index.php\/wp-json\/wp\/v2\/categories?post=269087"},{"taxonomy":"post_tag","embeddable":true,"href":"https:\/\/diariotextual.com\/inicio\/index.php\/wp-json\/wp\/v2\/tags?post=269087"}],"curies":[{"name":"wp","href":"https:\/\/api.w.org\/{rel}","templated":true}]}}