{"id":269652,"date":"2024-07-14T20:40:00","date_gmt":"2024-07-14T23:40:00","guid":{"rendered":"https:\/\/diariotextual.com\/inicio\/?p=269652"},"modified":"2024-07-15T01:00:27","modified_gmt":"2024-07-15T04:00:27","slug":"la-seleccion-argentina-y-messi-van-por-la-gloria-en-la-final-de-la-copa-america","status":"publish","type":"post","link":"https:\/\/diariotextual.com\/inicio\/index.php\/2024\/07\/14\/la-seleccion-argentina-y-messi-van-por-la-gloria-en-la-final-de-la-copa-america\/","title":{"rendered":"Copa Am\u00e9rica: el arranque de la final se retrasa por incidentes en el ingreso al estadio"},"content":{"rendered":"\n<p><strong>La final de la Copa Am\u00e9rica entre la Selecci\u00f3n argentina y Colombia comenzar\u00e1 media hora tarde<\/strong>\u00a0debido a incidentes en el ingreso al Hardo Rock Stadium de Miami. Hay muchos simpatizantes amontonados sin la posibilidad de entrar. Seg\u00fan se pudo ver en un video que se viraliz\u00f3 en redes sociales,\u00a0<strong>los colombianos rompieron varias vallas de contenci\u00f3n en las proximidades del estadio<\/strong>\u00a0donde la Selecci\u00f3n argentina y su par de Colombia disputar\u00e1n la final de la Copa Am\u00e9rica.<\/p>\n\n\n\n<p>La Selecci\u00f3n argentina se medir\u00e1 este domingo ante su par de Colombia en la final de la Copa Am\u00e9rica, en busca de su 16\u00b0 t\u00edtulo continental y el cuarto consecutivo bajo la conducci\u00f3n del director t\u00e9cnico Lionel Scaloni.<\/p>\n\n\n\n<p>El partido se disputar\u00e1 en el Hard Rock Stadium de Miami, con capacidad para 65.326 personas. El \u00e1rbitro ser\u00e1 el brasilero Raphael Claus y en el VAR estar\u00e1 su compatriota Rodolpho Toski.<\/p>\n\n\n\n<p>La Selecci\u00f3n argentina, vigente campeona de la Copa Am\u00e9rica, buscar\u00e1 levantar por decimosexta ocasi\u00f3n el trofeo continental. Esto la convertir\u00eda en la selecci\u00f3n m\u00e1s ganadora del torneo, ya que dejar\u00eda atr\u00e1s a Uruguay que tiene 15.<\/p>\n\n\n\n<p>Las anteriores conquistas de la \u201cAlbiceleste\u201d fueron en 1921, 1925, 1927, 1929, 1937, 1941, 1945, 1946, 1947, 1955, 1957, 1959, 1991, 1993 y 2021.<\/p>\n\n\n\n<p>Adem\u00e1s, este partido tendr\u00e1 el aditivo de que ser\u00e1 la \u00faltima presentaci\u00f3n de \u00c1ngel Di Mar\u00eda representando a la Argentina.<\/p>\n\n\n\n<p>En su camino a la final, los dirigidos por Lionel Scaloni superaron la fase de grupos con puntaje ideal y sin recibir goles en contra. En los cuartos de final eliminaron a Ecuador por penales y en las semis mostraron su mejor versi\u00f3n frente a Canad\u00e1.<\/p>\n\n\n\n<p>Pese a los resultados positivos, la Selecci\u00f3n no se hab\u00eda lucido pr\u00e1cticamente en ning\u00fan momento del certamen. Esto lleg\u00f3 reci\u00e9n en el segundo tiempo del cruce ante los norteamericanos, cuando se vieron las buenas conexiones entre mediocampistas y delanteros y un juego mucho m\u00e1s fluido.<\/p>\n\n\n\n<p>Los colombianos, por su parte, quieren quedarse con la Copa Am\u00e9rica por segunda vez en su historia. La primera y \u00fanica vez que lo hicieron, hasta ahora, fue en 2001, cuando fueron organizadores y le ganaron a M\u00e9xico en la final.<\/p>\n\n\n\n<p>En la actual edici\u00f3n, con James Rodr\u00edguez como principal figura, los \u201cCafeteros\u201d superaron la fase de grupos con siete puntos (le ganaron a Paraguay y Costa Rica e igualaron con Brasil). En cuartos de final los dirigidos por N\u00e9stor Lorenzo se florearon contra Panam\u00e1 y en las semis dieron una muestra de car\u00e1cter al eliminar a Uruguay jugando un tiempo entero con un jugador menos.<\/p>\n\n\n\n<p><\/p>\n","protected":false},"excerpt":{"rendered":"<p>La final de la Copa Am\u00e9rica entre la Selecci\u00f3n argentina y Colombia comenzar\u00e1 media hora tarde\u00a0debido a incidentes en el ingreso al Hardo Rock Stadium de Miami. Hay muchos simpatizantes&hellip;<\/p>\n","protected":false},"author":3,"featured_media":269659,"comment_status":"closed","ping_status":"open","sticky":false,"template":"","format":"standard","meta":{"_acf_changed":false,"footnotes":""},"categories":[3],"tags":[],"class_list":["post-269652","post","type-post","status-publish","format-standard","has-post-thumbnail","hentry","category-deportes"],"acf":[],"yoast_head":"<!-- This site is optimized with the Yoast SEO plugin v27.5 - https:\/\/yoast.com\/product\/yoast-seo-wordpress\/ -->\n<title>Copa Am\u00e9rica: el arranque de la final se retrasa por incidentes en el ingreso al estadio - Diario Textual<\/title>\n<meta name=\"robots\" content=\"index, follow, max-snippet:-1, max-image-preview:large, max-video-preview:-1\" \/>\n<link rel=\"canonical\" href=\"https:\/\/diariotextual.com\/inicio\/index.php\/2024\/07\/14\/la-seleccion-argentina-y-messi-van-por-la-gloria-en-la-final-de-la-copa-america\/\" \/>\n<meta property=\"og:locale\" content=\"es_ES\" \/>\n<meta property=\"og:type\" content=\"article\" \/>\n<meta property=\"og:title\" content=\"Copa Am\u00e9rica: el arranque de la final se retrasa por incidentes en el ingreso al estadio - Diario Textual\" \/>\n<meta property=\"og:description\" content=\"La final de la Copa Am\u00e9rica entre la Selecci\u00f3n argentina y Colombia comenzar\u00e1 media hora tarde\u00a0debido a incidentes en el ingreso al Hardo Rock Stadium de Miami. Hay muchos simpatizantes&hellip;\" \/>\n<meta property=\"og:url\" content=\"https:\/\/diariotextual.com\/inicio\/index.php\/2024\/07\/14\/la-seleccion-argentina-y-messi-van-por-la-gloria-en-la-final-de-la-copa-america\/\" \/>\n<meta property=\"og:site_name\" content=\"Diario Textual\" \/>\n<meta property=\"article:publisher\" content=\"https:\/\/www.facebook.com\/eltextual\" \/>\n<meta property=\"article:published_time\" content=\"2024-07-14T23:40:00+00:00\" \/>\n<meta property=\"article:modified_time\" content=\"2024-07-15T04:00:27+00:00\" \/>\n<meta property=\"og:image\" content=\"https:\/\/diariotextual.com\/inicio\/wp-content\/uploads\/2024\/07\/seleccionargentinamessicopaamerica2024-0834.jpg\" \/>\n\t<meta property=\"og:image:width\" content=\"1500\" \/>\n\t<meta property=\"og:image:height\" content=\"1000\" \/>\n\t<meta property=\"og:image:type\" content=\"image\/jpeg\" \/>\n<meta name=\"author\" content=\"Diario1 Diario1\" \/>\n<meta name=\"twitter:card\" content=\"summary_large_image\" \/>\n<meta name=\"twitter:creator\" content=\"@eltextual\" \/>\n<meta name=\"twitter:site\" content=\"@eltextual\" \/>\n<meta name=\"twitter:label1\" content=\"Escrito por\" \/>\n\t<meta name=\"twitter:data1\" content=\"Diario1 Diario1\" \/>\n\t<meta name=\"twitter:label2\" content=\"Tiempo de lectura\" \/>\n\t<meta name=\"twitter:data2\" content=\"3 minutos\" \/>\n<script type=\"application\/ld+json\" class=\"yoast-schema-graph\">{\"@context\":\"https:\\\/\\\/schema.org\",\"@graph\":[{\"@type\":\"Article\",\"@id\":\"https:\\\/\\\/diariotextual.com\\\/inicio\\\/index.php\\\/2024\\\/07\\\/14\\\/la-seleccion-argentina-y-messi-van-por-la-gloria-en-la-final-de-la-copa-america\\\/#article\",\"isPartOf\":{\"@id\":\"https:\\\/\\\/diariotextual.com\\\/inicio\\\/index.php\\\/2024\\\/07\\\/14\\\/la-seleccion-argentina-y-messi-van-por-la-gloria-en-la-final-de-la-copa-america\\\/\"},\"author\":{\"name\":\"Diario1 Diario1\",\"@id\":\"https:\\\/\\\/diariotextual.com\\\/inicio\\\/#\\\/schema\\\/person\\\/418fc4093c33e86ed41562db3508f958\"},\"headline\":\"Copa Am\u00e9rica: el arranque de la final se retrasa por incidentes en el ingreso al estadio\",\"datePublished\":\"2024-07-14T23:40:00+00:00\",\"dateModified\":\"2024-07-15T04:00:27+00:00\",\"mainEntityOfPage\":{\"@id\":\"https:\\\/\\\/diariotextual.com\\\/inicio\\\/index.php\\\/2024\\\/07\\\/14\\\/la-seleccion-argentina-y-messi-van-por-la-gloria-en-la-final-de-la-copa-america\\\/\"},\"wordCount\":459,\"publisher\":{\"@id\":\"https:\\\/\\\/diariotextual.com\\\/inicio\\\/#organization\"},\"image\":{\"@id\":\"https:\\\/\\\/diariotextual.com\\\/inicio\\\/index.php\\\/2024\\\/07\\\/14\\\/la-seleccion-argentina-y-messi-van-por-la-gloria-en-la-final-de-la-copa-america\\\/#primaryimage\"},\"thumbnailUrl\":\"https:\\\/\\\/diariotextual.com\\\/inicio\\\/wp-content\\\/uploads\\\/2024\\\/07\\\/seleccionargentinamessicopaamerica2024-0834.jpg\",\"articleSection\":[\"DEPORTES\"],\"inLanguage\":\"es\"},{\"@type\":\"WebPage\",\"@id\":\"https:\\\/\\\/diariotextual.com\\\/inicio\\\/index.php\\\/2024\\\/07\\\/14\\\/la-seleccion-argentina-y-messi-van-por-la-gloria-en-la-final-de-la-copa-america\\\/\",\"url\":\"https:\\\/\\\/diariotextual.com\\\/inicio\\\/index.php\\\/2024\\\/07\\\/14\\\/la-seleccion-argentina-y-messi-van-por-la-gloria-en-la-final-de-la-copa-america\\\/\",\"name\":\"Copa Am\u00e9rica: el arranque de la final se retrasa por incidentes en el ingreso al estadio - Diario Textual\",\"isPartOf\":{\"@id\":\"https:\\\/\\\/diariotextual.com\\\/inicio\\\/#website\"},\"primaryImageOfPage\":{\"@id\":\"https:\\\/\\\/diariotextual.com\\\/inicio\\\/index.php\\\/2024\\\/07\\\/14\\\/la-seleccion-argentina-y-messi-van-por-la-gloria-en-la-final-de-la-copa-america\\\/#primaryimage\"},\"image\":{\"@id\":\"https:\\\/\\\/diariotextual.com\\\/inicio\\\/index.php\\\/2024\\\/07\\\/14\\\/la-seleccion-argentina-y-messi-van-por-la-gloria-en-la-final-de-la-copa-america\\\/#primaryimage\"},\"thumbnailUrl\":\"https:\\\/\\\/diariotextual.com\\\/inicio\\\/wp-content\\\/uploads\\\/2024\\\/07\\\/seleccionargentinamessicopaamerica2024-0834.jpg\",\"datePublished\":\"2024-07-14T23:40:00+00:00\",\"dateModified\":\"2024-07-15T04:00:27+00:00\",\"breadcrumb\":{\"@id\":\"https:\\\/\\\/diariotextual.com\\\/inicio\\\/index.php\\\/2024\\\/07\\\/14\\\/la-seleccion-argentina-y-messi-van-por-la-gloria-en-la-final-de-la-copa-america\\\/#breadcrumb\"},\"inLanguage\":\"es\",\"potentialAction\":[{\"@type\":\"ReadAction\",\"target\":[\"https:\\\/\\\/diariotextual.com\\\/inicio\\\/index.php\\\/2024\\\/07\\\/14\\\/la-seleccion-argentina-y-messi-van-por-la-gloria-en-la-final-de-la-copa-america\\\/\"]}]},{\"@type\":\"ImageObject\",\"inLanguage\":\"es\",\"@id\":\"https:\\\/\\\/diariotextual.com\\\/inicio\\\/index.php\\\/2024\\\/07\\\/14\\\/la-seleccion-argentina-y-messi-van-por-la-gloria-en-la-final-de-la-copa-america\\\/#primaryimage\",\"url\":\"https:\\\/\\\/diariotextual.com\\\/inicio\\\/wp-content\\\/uploads\\\/2024\\\/07\\\/seleccionargentinamessicopaamerica2024-0834.jpg\",\"contentUrl\":\"https:\\\/\\\/diariotextual.com\\\/inicio\\\/wp-content\\\/uploads\\\/2024\\\/07\\\/seleccionargentinamessicopaamerica2024-0834.jpg\",\"width\":1500,\"height\":1000},{\"@type\":\"BreadcrumbList\",\"@id\":\"https:\\\/\\\/diariotextual.com\\\/inicio\\\/index.php\\\/2024\\\/07\\\/14\\\/la-seleccion-argentina-y-messi-van-por-la-gloria-en-la-final-de-la-copa-america\\\/#breadcrumb\",\"itemListElement\":[{\"@type\":\"ListItem\",\"position\":1,\"name\":\"Portada\",\"item\":\"https:\\\/\\\/diariotextual.com\\\/inicio\\\/\"},{\"@type\":\"ListItem\",\"position\":2,\"name\":\"Copa Am\u00e9rica: el arranque de la final se retrasa por incidentes en el ingreso al estadio\"}]},{\"@type\":\"WebSite\",\"@id\":\"https:\\\/\\\/diariotextual.com\\\/inicio\\\/#website\",\"url\":\"https:\\\/\\\/diariotextual.com\\\/inicio\\\/\",\"name\":\"Diario Textual\",\"description\":\"\",\"publisher\":{\"@id\":\"https:\\\/\\\/diariotextual.com\\\/inicio\\\/#organization\"},\"potentialAction\":[{\"@type\":\"SearchAction\",\"target\":{\"@type\":\"EntryPoint\",\"urlTemplate\":\"https:\\\/\\\/diariotextual.com\\\/inicio\\\/?s={search_term_string}\"},\"query-input\":{\"@type\":\"PropertyValueSpecification\",\"valueRequired\":true,\"valueName\":\"search_term_string\"}}],\"inLanguage\":\"es\"},{\"@type\":\"Organization\",\"@id\":\"https:\\\/\\\/diariotextual.com\\\/inicio\\\/#organization\",\"name\":\"Diario Textual\",\"url\":\"https:\\\/\\\/diariotextual.com\\\/inicio\\\/\",\"logo\":{\"@type\":\"ImageObject\",\"inLanguage\":\"es\",\"@id\":\"https:\\\/\\\/diariotextual.com\\\/inicio\\\/#\\\/schema\\\/logo\\\/image\\\/\",\"url\":\"https:\\\/\\\/diariotextual.com\\\/inicio\\\/wp-content\\\/uploads\\\/2023\\\/05\\\/logotextual1.jpg\",\"contentUrl\":\"https:\\\/\\\/diariotextual.com\\\/inicio\\\/wp-content\\\/uploads\\\/2023\\\/05\\\/logotextual1.jpg\",\"width\":516,\"height\":76,\"caption\":\"Diario Textual\"},\"image\":{\"@id\":\"https:\\\/\\\/diariotextual.com\\\/inicio\\\/#\\\/schema\\\/logo\\\/image\\\/\"},\"sameAs\":[\"https:\\\/\\\/www.facebook.com\\\/eltextual\",\"https:\\\/\\\/x.com\\\/eltextual\",\"http:\\\/\\\/www.instagram.com\\\/eltextual\"]},{\"@type\":\"Person\",\"@id\":\"https:\\\/\\\/diariotextual.com\\\/inicio\\\/#\\\/schema\\\/person\\\/418fc4093c33e86ed41562db3508f958\",\"name\":\"Diario1 Diario1\",\"image\":{\"@type\":\"ImageObject\",\"inLanguage\":\"es\",\"@id\":\"https:\\\/\\\/secure.gravatar.com\\\/avatar\\\/9167d280179c85bc18be67aa7eda765854300033af4896dd779b608640f2ef7a?s=96&d=mm&r=g\",\"url\":\"https:\\\/\\\/secure.gravatar.com\\\/avatar\\\/9167d280179c85bc18be67aa7eda765854300033af4896dd779b608640f2ef7a?s=96&d=mm&r=g\",\"contentUrl\":\"https:\\\/\\\/secure.gravatar.com\\\/avatar\\\/9167d280179c85bc18be67aa7eda765854300033af4896dd779b608640f2ef7a?s=96&d=mm&r=g\",\"caption\":\"Diario1 Diario1\"},\"url\":\"https:\\\/\\\/diariotextual.com\\\/inicio\\\/index.php\\\/author\\\/diario1\\\/\"}]}<\/script>\n<!-- \/ Yoast SEO plugin. -->","yoast_head_json":{"title":"Copa Am\u00e9rica: el arranque de la final se retrasa por incidentes en el ingreso al estadio - Diario Textual","robots":{"index":"index","follow":"follow","max-snippet":"max-snippet:-1","max-image-preview":"max-image-preview:large","max-video-preview":"max-video-preview:-1"},"canonical":"https:\/\/diariotextual.com\/inicio\/index.php\/2024\/07\/14\/la-seleccion-argentina-y-messi-van-por-la-gloria-en-la-final-de-la-copa-america\/","og_locale":"es_ES","og_type":"article","og_title":"Copa Am\u00e9rica: el arranque de la final se retrasa por incidentes en el ingreso al estadio - Diario Textual","og_description":"La final de la Copa Am\u00e9rica entre la Selecci\u00f3n argentina y Colombia comenzar\u00e1 media hora tarde\u00a0debido a incidentes en el ingreso al Hardo Rock Stadium de Miami. Hay muchos simpatizantes&hellip;","og_url":"https:\/\/diariotextual.com\/inicio\/index.php\/2024\/07\/14\/la-seleccion-argentina-y-messi-van-por-la-gloria-en-la-final-de-la-copa-america\/","og_site_name":"Diario Textual","article_publisher":"https:\/\/www.facebook.com\/eltextual","article_published_time":"2024-07-14T23:40:00+00:00","article_modified_time":"2024-07-15T04:00:27+00:00","og_image":[{"width":1500,"height":1000,"url":"https:\/\/diariotextual.com\/inicio\/wp-content\/uploads\/2024\/07\/seleccionargentinamessicopaamerica2024-0834.jpg","type":"image\/jpeg"}],"author":"Diario1 Diario1","twitter_card":"summary_large_image","twitter_creator":"@eltextual","twitter_site":"@eltextual","twitter_misc":{"Escrito por":"Diario1 Diario1","Tiempo de lectura":"3 minutos"},"schema":{"@context":"https:\/\/schema.org","@graph":[{"@type":"Article","@id":"https:\/\/diariotextual.com\/inicio\/index.php\/2024\/07\/14\/la-seleccion-argentina-y-messi-van-por-la-gloria-en-la-final-de-la-copa-america\/#article","isPartOf":{"@id":"https:\/\/diariotextual.com\/inicio\/index.php\/2024\/07\/14\/la-seleccion-argentina-y-messi-van-por-la-gloria-en-la-final-de-la-copa-america\/"},"author":{"name":"Diario1 Diario1","@id":"https:\/\/diariotextual.com\/inicio\/#\/schema\/person\/418fc4093c33e86ed41562db3508f958"},"headline":"Copa Am\u00e9rica: el arranque de la final se retrasa por incidentes en el ingreso al estadio","datePublished":"2024-07-14T23:40:00+00:00","dateModified":"2024-07-15T04:00:27+00:00","mainEntityOfPage":{"@id":"https:\/\/diariotextual.com\/inicio\/index.php\/2024\/07\/14\/la-seleccion-argentina-y-messi-van-por-la-gloria-en-la-final-de-la-copa-america\/"},"wordCount":459,"publisher":{"@id":"https:\/\/diariotextual.com\/inicio\/#organization"},"image":{"@id":"https:\/\/diariotextual.com\/inicio\/index.php\/2024\/07\/14\/la-seleccion-argentina-y-messi-van-por-la-gloria-en-la-final-de-la-copa-america\/#primaryimage"},"thumbnailUrl":"https:\/\/diariotextual.com\/inicio\/wp-content\/uploads\/2024\/07\/seleccionargentinamessicopaamerica2024-0834.jpg","articleSection":["DEPORTES"],"inLanguage":"es"},{"@type":"WebPage","@id":"https:\/\/diariotextual.com\/inicio\/index.php\/2024\/07\/14\/la-seleccion-argentina-y-messi-van-por-la-gloria-en-la-final-de-la-copa-america\/","url":"https:\/\/diariotextual.com\/inicio\/index.php\/2024\/07\/14\/la-seleccion-argentina-y-messi-van-por-la-gloria-en-la-final-de-la-copa-america\/","name":"Copa Am\u00e9rica: el arranque de la final se retrasa por incidentes en el ingreso al estadio - Diario Textual","isPartOf":{"@id":"https:\/\/diariotextual.com\/inicio\/#website"},"primaryImageOfPage":{"@id":"https:\/\/diariotextual.com\/inicio\/index.php\/2024\/07\/14\/la-seleccion-argentina-y-messi-van-por-la-gloria-en-la-final-de-la-copa-america\/#primaryimage"},"image":{"@id":"https:\/\/diariotextual.com\/inicio\/index.php\/2024\/07\/14\/la-seleccion-argentina-y-messi-van-por-la-gloria-en-la-final-de-la-copa-america\/#primaryimage"},"thumbnailUrl":"https:\/\/diariotextual.com\/inicio\/wp-content\/uploads\/2024\/07\/seleccionargentinamessicopaamerica2024-0834.jpg","datePublished":"2024-07-14T23:40:00+00:00","dateModified":"2024-07-15T04:00:27+00:00","breadcrumb":{"@id":"https:\/\/diariotextual.com\/inicio\/index.php\/2024\/07\/14\/la-seleccion-argentina-y-messi-van-por-la-gloria-en-la-final-de-la-copa-america\/#breadcrumb"},"inLanguage":"es","potentialAction":[{"@type":"ReadAction","target":["https:\/\/diariotextual.com\/inicio\/index.php\/2024\/07\/14\/la-seleccion-argentina-y-messi-van-por-la-gloria-en-la-final-de-la-copa-america\/"]}]},{"@type":"ImageObject","inLanguage":"es","@id":"https:\/\/diariotextual.com\/inicio\/index.php\/2024\/07\/14\/la-seleccion-argentina-y-messi-van-por-la-gloria-en-la-final-de-la-copa-america\/#primaryimage","url":"https:\/\/diariotextual.com\/inicio\/wp-content\/uploads\/2024\/07\/seleccionargentinamessicopaamerica2024-0834.jpg","contentUrl":"https:\/\/diariotextual.com\/inicio\/wp-content\/uploads\/2024\/07\/seleccionargentinamessicopaamerica2024-0834.jpg","width":1500,"height":1000},{"@type":"BreadcrumbList","@id":"https:\/\/diariotextual.com\/inicio\/index.php\/2024\/07\/14\/la-seleccion-argentina-y-messi-van-por-la-gloria-en-la-final-de-la-copa-america\/#breadcrumb","itemListElement":[{"@type":"ListItem","position":1,"name":"Portada","item":"https:\/\/diariotextual.com\/inicio\/"},{"@type":"ListItem","position":2,"name":"Copa Am\u00e9rica: el arranque de la final se retrasa por incidentes en el ingreso al estadio"}]},{"@type":"WebSite","@id":"https:\/\/diariotextual.com\/inicio\/#website","url":"https:\/\/diariotextual.com\/inicio\/","name":"Diario Textual","description":"","publisher":{"@id":"https:\/\/diariotextual.com\/inicio\/#organization"},"potentialAction":[{"@type":"SearchAction","target":{"@type":"EntryPoint","urlTemplate":"https:\/\/diariotextual.com\/inicio\/?s={search_term_string}"},"query-input":{"@type":"PropertyValueSpecification","valueRequired":true,"valueName":"search_term_string"}}],"inLanguage":"es"},{"@type":"Organization","@id":"https:\/\/diariotextual.com\/inicio\/#organization","name":"Diario Textual","url":"https:\/\/diariotextual.com\/inicio\/","logo":{"@type":"ImageObject","inLanguage":"es","@id":"https:\/\/diariotextual.com\/inicio\/#\/schema\/logo\/image\/","url":"https:\/\/diariotextual.com\/inicio\/wp-content\/uploads\/2023\/05\/logotextual1.jpg","contentUrl":"https:\/\/diariotextual.com\/inicio\/wp-content\/uploads\/2023\/05\/logotextual1.jpg","width":516,"height":76,"caption":"Diario Textual"},"image":{"@id":"https:\/\/diariotextual.com\/inicio\/#\/schema\/logo\/image\/"},"sameAs":["https:\/\/www.facebook.com\/eltextual","https:\/\/x.com\/eltextual","http:\/\/www.instagram.com\/eltextual"]},{"@type":"Person","@id":"https:\/\/diariotextual.com\/inicio\/#\/schema\/person\/418fc4093c33e86ed41562db3508f958","name":"Diario1 Diario1","image":{"@type":"ImageObject","inLanguage":"es","@id":"https:\/\/secure.gravatar.com\/avatar\/9167d280179c85bc18be67aa7eda765854300033af4896dd779b608640f2ef7a?s=96&d=mm&r=g","url":"https:\/\/secure.gravatar.com\/avatar\/9167d280179c85bc18be67aa7eda765854300033af4896dd779b608640f2ef7a?s=96&d=mm&r=g","contentUrl":"https:\/\/secure.gravatar.com\/avatar\/9167d280179c85bc18be67aa7eda765854300033af4896dd779b608640f2ef7a?s=96&d=mm&r=g","caption":"Diario1 Diario1"},"url":"https:\/\/diariotextual.com\/inicio\/index.php\/author\/diario1\/"}]}},"_links":{"self":[{"href":"https:\/\/diariotextual.com\/inicio\/index.php\/wp-json\/wp\/v2\/posts\/269652","targetHints":{"allow":["GET"]}}],"collection":[{"href":"https:\/\/diariotextual.com\/inicio\/index.php\/wp-json\/wp\/v2\/posts"}],"about":[{"href":"https:\/\/diariotextual.com\/inicio\/index.php\/wp-json\/wp\/v2\/types\/post"}],"author":[{"embeddable":true,"href":"https:\/\/diariotextual.com\/inicio\/index.php\/wp-json\/wp\/v2\/users\/3"}],"replies":[{"embeddable":true,"href":"https:\/\/diariotextual.com\/inicio\/index.php\/wp-json\/wp\/v2\/comments?post=269652"}],"version-history":[{"count":3,"href":"https:\/\/diariotextual.com\/inicio\/index.php\/wp-json\/wp\/v2\/posts\/269652\/revisions"}],"predecessor-version":[{"id":269688,"href":"https:\/\/diariotextual.com\/inicio\/index.php\/wp-json\/wp\/v2\/posts\/269652\/revisions\/269688"}],"wp:featuredmedia":[{"embeddable":true,"href":"https:\/\/diariotextual.com\/inicio\/index.php\/wp-json\/wp\/v2\/media\/269659"}],"wp:attachment":[{"href":"https:\/\/diariotextual.com\/inicio\/index.php\/wp-json\/wp\/v2\/media?parent=269652"}],"wp:term":[{"taxonomy":"category","embeddable":true,"href":"https:\/\/diariotextual.com\/inicio\/index.php\/wp-json\/wp\/v2\/categories?post=269652"},{"taxonomy":"post_tag","embeddable":true,"href":"https:\/\/diariotextual.com\/inicio\/index.php\/wp-json\/wp\/v2\/tags?post=269652"}],"curies":[{"name":"wp","href":"https:\/\/api.w.org\/{rel}","templated":true}]}}