{"id":269880,"date":"2024-07-16T18:31:08","date_gmt":"2024-07-16T21:31:08","guid":{"rendered":"https:\/\/diariotextual.com\/inicio\/?p=269880"},"modified":"2024-07-16T18:31:11","modified_gmt":"2024-07-16T21:31:11","slug":"inter-miami-confirmo-que-lionel-messi-sufrio-una-lesion-ligamentaria-en-el-tobillo-derecho","status":"publish","type":"post","link":"https:\/\/diariotextual.com\/inicio\/index.php\/2024\/07\/16\/inter-miami-confirmo-que-lionel-messi-sufrio-una-lesion-ligamentaria-en-el-tobillo-derecho\/","title":{"rendered":"Inter Miami confirm\u00f3 que Lionel Messi sufri\u00f3 una lesi\u00f3n ligamentaria en el tobillo derecho"},"content":{"rendered":"\n<p><strong>Inter Miami<\/strong>\u00a0confirm\u00f3 que\u00a0<strong>Lionel Messi \u201csufre una lesi\u00f3n ligamentaria en el tobillo derecho\u201d<\/strong>, tras las evaluaciones que le realiz\u00f3 el cuerpo m\u00e9dico de la instituci\u00f3n de Florida. El delantero, de 37 a\u00f1os, se lastim\u00f3 en el primer tiempo de la final de la\u00a0<strong>Copa Am\u00e9rica<\/strong>\u00a0que la<strong>\u00a0selecci\u00f3n argentina<\/strong>\u00a0le gan\u00f3 1-0 a\u00a0<strong>Colombia\u00a0<\/strong>en el Hard Rock Stadium de Miami. Sali\u00f3 a disputar el complemento, pero termin\u00f3 pidiendo el cambio y rompi\u00f3 en llanto por no poder asistir al equipo en tama\u00f1o desaf\u00edo. Las im\u00e1genes de su tobillo visiblemente inflamado dieron la vuelta al mundo.<\/p>\n\n\n\n<p><strong>\u201cLa disponibilidad del capit\u00e1n depender\u00e1 de peri\u00f3dicas evaluaciones y el progreso de su recuperaci\u00f3n\u201d<\/strong>, cerr\u00f3 el comunicado de Las Garzas, buscando evitar especulaciones respecto de la posible fecha de regreso a las canchas. En un posteo realizado ayer, el atacante ex Barcelona y PSG hab\u00eda buscado llevar tranquilidad a sus segudores respecto de su estado f\u00edsico.<\/p>\n\n\n\n<p>\u201cSe termin\u00f3 la Copa Am\u00e9rica y lo primero que quiero es agradecer a todos por los mensajes y saludos.\u00a0<strong>Estoy bien, gracias a Dios, y ojal\u00e1 pueda estar pronto en la cancha de nuevo, disfrutando de lo que m\u00e1s me gusta hacer\u201d<\/strong>, expres\u00f3 en su cuenta de Instagram.<\/p>\n\n\n\n<p><\/p>\n\n\n\n<p><\/p>\n","protected":false},"excerpt":{"rendered":"<p>Inter Miami\u00a0confirm\u00f3 que\u00a0Lionel Messi \u201csufre una lesi\u00f3n ligamentaria en el tobillo derecho\u201d, tras las evaluaciones que le realiz\u00f3 el cuerpo m\u00e9dico de la instituci\u00f3n de Florida. El delantero, de 37&hellip;<\/p>\n","protected":false},"author":3,"featured_media":269881,"comment_status":"closed","ping_status":"open","sticky":false,"template":"","format":"standard","meta":{"_acf_changed":false,"footnotes":""},"categories":[1,3],"tags":[],"class_list":["post-269880","post","type-post","status-publish","format-standard","has-post-thumbnail","hentry","category-es-noticia","category-deportes"],"acf":[],"yoast_head":"<!-- This site is optimized with the Yoast SEO plugin v27.5 - https:\/\/yoast.com\/product\/yoast-seo-wordpress\/ -->\n<title>Inter Miami confirm\u00f3 que Lionel Messi sufri\u00f3 una lesi\u00f3n ligamentaria en el tobillo derecho - Diario Textual<\/title>\n<meta name=\"robots\" content=\"index, follow, max-snippet:-1, max-image-preview:large, max-video-preview:-1\" \/>\n<link rel=\"canonical\" href=\"https:\/\/diariotextual.com\/inicio\/index.php\/2024\/07\/16\/inter-miami-confirmo-que-lionel-messi-sufrio-una-lesion-ligamentaria-en-el-tobillo-derecho\/\" \/>\n<meta property=\"og:locale\" content=\"es_ES\" \/>\n<meta property=\"og:type\" content=\"article\" \/>\n<meta property=\"og:title\" content=\"Inter Miami confirm\u00f3 que Lionel Messi sufri\u00f3 una lesi\u00f3n ligamentaria en el tobillo derecho - Diario Textual\" \/>\n<meta property=\"og:description\" content=\"Inter Miami\u00a0confirm\u00f3 que\u00a0Lionel Messi \u201csufre una lesi\u00f3n ligamentaria en el tobillo derecho\u201d, tras las evaluaciones que le realiz\u00f3 el cuerpo m\u00e9dico de la instituci\u00f3n de Florida. El delantero, de 37&hellip;\" \/>\n<meta property=\"og:url\" content=\"https:\/\/diariotextual.com\/inicio\/index.php\/2024\/07\/16\/inter-miami-confirmo-que-lionel-messi-sufrio-una-lesion-ligamentaria-en-el-tobillo-derecho\/\" \/>\n<meta property=\"og:site_name\" content=\"Diario Textual\" \/>\n<meta property=\"article:publisher\" content=\"https:\/\/www.facebook.com\/eltextual\" \/>\n<meta property=\"article:published_time\" content=\"2024-07-16T21:31:08+00:00\" \/>\n<meta property=\"article:modified_time\" content=\"2024-07-16T21:31:11+00:00\" \/>\n<meta property=\"og:image\" content=\"https:\/\/diariotextual.com\/inicio\/wp-content\/uploads\/2024\/07\/messitobillo2024-1.jpg\" \/>\n\t<meta property=\"og:image:width\" content=\"709\" \/>\n\t<meta property=\"og:image:height\" content=\"401\" \/>\n\t<meta property=\"og:image:type\" content=\"image\/jpeg\" \/>\n<meta name=\"author\" content=\"Diario1 Diario1\" \/>\n<meta name=\"twitter:card\" content=\"summary_large_image\" \/>\n<meta name=\"twitter:creator\" content=\"@eltextual\" \/>\n<meta name=\"twitter:site\" content=\"@eltextual\" \/>\n<meta name=\"twitter:label1\" content=\"Escrito por\" \/>\n\t<meta name=\"twitter:data1\" content=\"Diario1 Diario1\" \/>\n\t<meta name=\"twitter:label2\" content=\"Tiempo de lectura\" \/>\n\t<meta name=\"twitter:data2\" content=\"2 minutos\" \/>\n<script type=\"application\/ld+json\" class=\"yoast-schema-graph\">{\"@context\":\"https:\\\/\\\/schema.org\",\"@graph\":[{\"@type\":\"Article\",\"@id\":\"https:\\\/\\\/diariotextual.com\\\/inicio\\\/index.php\\\/2024\\\/07\\\/16\\\/inter-miami-confirmo-que-lionel-messi-sufrio-una-lesion-ligamentaria-en-el-tobillo-derecho\\\/#article\",\"isPartOf\":{\"@id\":\"https:\\\/\\\/diariotextual.com\\\/inicio\\\/index.php\\\/2024\\\/07\\\/16\\\/inter-miami-confirmo-que-lionel-messi-sufrio-una-lesion-ligamentaria-en-el-tobillo-derecho\\\/\"},\"author\":{\"name\":\"Diario1 Diario1\",\"@id\":\"https:\\\/\\\/diariotextual.com\\\/inicio\\\/#\\\/schema\\\/person\\\/418fc4093c33e86ed41562db3508f958\"},\"headline\":\"Inter Miami confirm\u00f3 que Lionel Messi sufri\u00f3 una lesi\u00f3n ligamentaria en el tobillo derecho\",\"datePublished\":\"2024-07-16T21:31:08+00:00\",\"dateModified\":\"2024-07-16T21:31:11+00:00\",\"mainEntityOfPage\":{\"@id\":\"https:\\\/\\\/diariotextual.com\\\/inicio\\\/index.php\\\/2024\\\/07\\\/16\\\/inter-miami-confirmo-que-lionel-messi-sufrio-una-lesion-ligamentaria-en-el-tobillo-derecho\\\/\"},\"wordCount\":231,\"publisher\":{\"@id\":\"https:\\\/\\\/diariotextual.com\\\/inicio\\\/#organization\"},\"image\":{\"@id\":\"https:\\\/\\\/diariotextual.com\\\/inicio\\\/index.php\\\/2024\\\/07\\\/16\\\/inter-miami-confirmo-que-lionel-messi-sufrio-una-lesion-ligamentaria-en-el-tobillo-derecho\\\/#primaryimage\"},\"thumbnailUrl\":\"https:\\\/\\\/diariotextual.com\\\/inicio\\\/wp-content\\\/uploads\\\/2024\\\/07\\\/messitobillo2024-1.jpg\",\"articleSection\":[\"A - ES NOTICIA (van abajo)\",\"DEPORTES\"],\"inLanguage\":\"es\"},{\"@type\":\"WebPage\",\"@id\":\"https:\\\/\\\/diariotextual.com\\\/inicio\\\/index.php\\\/2024\\\/07\\\/16\\\/inter-miami-confirmo-que-lionel-messi-sufrio-una-lesion-ligamentaria-en-el-tobillo-derecho\\\/\",\"url\":\"https:\\\/\\\/diariotextual.com\\\/inicio\\\/index.php\\\/2024\\\/07\\\/16\\\/inter-miami-confirmo-que-lionel-messi-sufrio-una-lesion-ligamentaria-en-el-tobillo-derecho\\\/\",\"name\":\"Inter Miami confirm\u00f3 que Lionel Messi sufri\u00f3 una lesi\u00f3n ligamentaria en el tobillo derecho - Diario Textual\",\"isPartOf\":{\"@id\":\"https:\\\/\\\/diariotextual.com\\\/inicio\\\/#website\"},\"primaryImageOfPage\":{\"@id\":\"https:\\\/\\\/diariotextual.com\\\/inicio\\\/index.php\\\/2024\\\/07\\\/16\\\/inter-miami-confirmo-que-lionel-messi-sufrio-una-lesion-ligamentaria-en-el-tobillo-derecho\\\/#primaryimage\"},\"image\":{\"@id\":\"https:\\\/\\\/diariotextual.com\\\/inicio\\\/index.php\\\/2024\\\/07\\\/16\\\/inter-miami-confirmo-que-lionel-messi-sufrio-una-lesion-ligamentaria-en-el-tobillo-derecho\\\/#primaryimage\"},\"thumbnailUrl\":\"https:\\\/\\\/diariotextual.com\\\/inicio\\\/wp-content\\\/uploads\\\/2024\\\/07\\\/messitobillo2024-1.jpg\",\"datePublished\":\"2024-07-16T21:31:08+00:00\",\"dateModified\":\"2024-07-16T21:31:11+00:00\",\"breadcrumb\":{\"@id\":\"https:\\\/\\\/diariotextual.com\\\/inicio\\\/index.php\\\/2024\\\/07\\\/16\\\/inter-miami-confirmo-que-lionel-messi-sufrio-una-lesion-ligamentaria-en-el-tobillo-derecho\\\/#breadcrumb\"},\"inLanguage\":\"es\",\"potentialAction\":[{\"@type\":\"ReadAction\",\"target\":[\"https:\\\/\\\/diariotextual.com\\\/inicio\\\/index.php\\\/2024\\\/07\\\/16\\\/inter-miami-confirmo-que-lionel-messi-sufrio-una-lesion-ligamentaria-en-el-tobillo-derecho\\\/\"]}]},{\"@type\":\"ImageObject\",\"inLanguage\":\"es\",\"@id\":\"https:\\\/\\\/diariotextual.com\\\/inicio\\\/index.php\\\/2024\\\/07\\\/16\\\/inter-miami-confirmo-que-lionel-messi-sufrio-una-lesion-ligamentaria-en-el-tobillo-derecho\\\/#primaryimage\",\"url\":\"https:\\\/\\\/diariotextual.com\\\/inicio\\\/wp-content\\\/uploads\\\/2024\\\/07\\\/messitobillo2024-1.jpg\",\"contentUrl\":\"https:\\\/\\\/diariotextual.com\\\/inicio\\\/wp-content\\\/uploads\\\/2024\\\/07\\\/messitobillo2024-1.jpg\",\"width\":709,\"height\":401},{\"@type\":\"BreadcrumbList\",\"@id\":\"https:\\\/\\\/diariotextual.com\\\/inicio\\\/index.php\\\/2024\\\/07\\\/16\\\/inter-miami-confirmo-que-lionel-messi-sufrio-una-lesion-ligamentaria-en-el-tobillo-derecho\\\/#breadcrumb\",\"itemListElement\":[{\"@type\":\"ListItem\",\"position\":1,\"name\":\"Portada\",\"item\":\"https:\\\/\\\/diariotextual.com\\\/inicio\\\/\"},{\"@type\":\"ListItem\",\"position\":2,\"name\":\"Inter Miami confirm\u00f3 que Lionel Messi sufri\u00f3 una lesi\u00f3n ligamentaria en el tobillo derecho\"}]},{\"@type\":\"WebSite\",\"@id\":\"https:\\\/\\\/diariotextual.com\\\/inicio\\\/#website\",\"url\":\"https:\\\/\\\/diariotextual.com\\\/inicio\\\/\",\"name\":\"Diario Textual\",\"description\":\"\",\"publisher\":{\"@id\":\"https:\\\/\\\/diariotextual.com\\\/inicio\\\/#organization\"},\"potentialAction\":[{\"@type\":\"SearchAction\",\"target\":{\"@type\":\"EntryPoint\",\"urlTemplate\":\"https:\\\/\\\/diariotextual.com\\\/inicio\\\/?s={search_term_string}\"},\"query-input\":{\"@type\":\"PropertyValueSpecification\",\"valueRequired\":true,\"valueName\":\"search_term_string\"}}],\"inLanguage\":\"es\"},{\"@type\":\"Organization\",\"@id\":\"https:\\\/\\\/diariotextual.com\\\/inicio\\\/#organization\",\"name\":\"Diario Textual\",\"url\":\"https:\\\/\\\/diariotextual.com\\\/inicio\\\/\",\"logo\":{\"@type\":\"ImageObject\",\"inLanguage\":\"es\",\"@id\":\"https:\\\/\\\/diariotextual.com\\\/inicio\\\/#\\\/schema\\\/logo\\\/image\\\/\",\"url\":\"https:\\\/\\\/diariotextual.com\\\/inicio\\\/wp-content\\\/uploads\\\/2023\\\/05\\\/logotextual1.jpg\",\"contentUrl\":\"https:\\\/\\\/diariotextual.com\\\/inicio\\\/wp-content\\\/uploads\\\/2023\\\/05\\\/logotextual1.jpg\",\"width\":516,\"height\":76,\"caption\":\"Diario Textual\"},\"image\":{\"@id\":\"https:\\\/\\\/diariotextual.com\\\/inicio\\\/#\\\/schema\\\/logo\\\/image\\\/\"},\"sameAs\":[\"https:\\\/\\\/www.facebook.com\\\/eltextual\",\"https:\\\/\\\/x.com\\\/eltextual\",\"http:\\\/\\\/www.instagram.com\\\/eltextual\"]},{\"@type\":\"Person\",\"@id\":\"https:\\\/\\\/diariotextual.com\\\/inicio\\\/#\\\/schema\\\/person\\\/418fc4093c33e86ed41562db3508f958\",\"name\":\"Diario1 Diario1\",\"image\":{\"@type\":\"ImageObject\",\"inLanguage\":\"es\",\"@id\":\"https:\\\/\\\/secure.gravatar.com\\\/avatar\\\/9167d280179c85bc18be67aa7eda765854300033af4896dd779b608640f2ef7a?s=96&d=mm&r=g\",\"url\":\"https:\\\/\\\/secure.gravatar.com\\\/avatar\\\/9167d280179c85bc18be67aa7eda765854300033af4896dd779b608640f2ef7a?s=96&d=mm&r=g\",\"contentUrl\":\"https:\\\/\\\/secure.gravatar.com\\\/avatar\\\/9167d280179c85bc18be67aa7eda765854300033af4896dd779b608640f2ef7a?s=96&d=mm&r=g\",\"caption\":\"Diario1 Diario1\"},\"url\":\"https:\\\/\\\/diariotextual.com\\\/inicio\\\/index.php\\\/author\\\/diario1\\\/\"}]}<\/script>\n<!-- \/ Yoast SEO plugin. -->","yoast_head_json":{"title":"Inter Miami confirm\u00f3 que Lionel Messi sufri\u00f3 una lesi\u00f3n ligamentaria en el tobillo derecho - Diario Textual","robots":{"index":"index","follow":"follow","max-snippet":"max-snippet:-1","max-image-preview":"max-image-preview:large","max-video-preview":"max-video-preview:-1"},"canonical":"https:\/\/diariotextual.com\/inicio\/index.php\/2024\/07\/16\/inter-miami-confirmo-que-lionel-messi-sufrio-una-lesion-ligamentaria-en-el-tobillo-derecho\/","og_locale":"es_ES","og_type":"article","og_title":"Inter Miami confirm\u00f3 que Lionel Messi sufri\u00f3 una lesi\u00f3n ligamentaria en el tobillo derecho - Diario Textual","og_description":"Inter Miami\u00a0confirm\u00f3 que\u00a0Lionel Messi \u201csufre una lesi\u00f3n ligamentaria en el tobillo derecho\u201d, tras las evaluaciones que le realiz\u00f3 el cuerpo m\u00e9dico de la instituci\u00f3n de Florida. El delantero, de 37&hellip;","og_url":"https:\/\/diariotextual.com\/inicio\/index.php\/2024\/07\/16\/inter-miami-confirmo-que-lionel-messi-sufrio-una-lesion-ligamentaria-en-el-tobillo-derecho\/","og_site_name":"Diario Textual","article_publisher":"https:\/\/www.facebook.com\/eltextual","article_published_time":"2024-07-16T21:31:08+00:00","article_modified_time":"2024-07-16T21:31:11+00:00","og_image":[{"width":709,"height":401,"url":"https:\/\/diariotextual.com\/inicio\/wp-content\/uploads\/2024\/07\/messitobillo2024-1.jpg","type":"image\/jpeg"}],"author":"Diario1 Diario1","twitter_card":"summary_large_image","twitter_creator":"@eltextual","twitter_site":"@eltextual","twitter_misc":{"Escrito por":"Diario1 Diario1","Tiempo de lectura":"2 minutos"},"schema":{"@context":"https:\/\/schema.org","@graph":[{"@type":"Article","@id":"https:\/\/diariotextual.com\/inicio\/index.php\/2024\/07\/16\/inter-miami-confirmo-que-lionel-messi-sufrio-una-lesion-ligamentaria-en-el-tobillo-derecho\/#article","isPartOf":{"@id":"https:\/\/diariotextual.com\/inicio\/index.php\/2024\/07\/16\/inter-miami-confirmo-que-lionel-messi-sufrio-una-lesion-ligamentaria-en-el-tobillo-derecho\/"},"author":{"name":"Diario1 Diario1","@id":"https:\/\/diariotextual.com\/inicio\/#\/schema\/person\/418fc4093c33e86ed41562db3508f958"},"headline":"Inter Miami confirm\u00f3 que Lionel Messi sufri\u00f3 una lesi\u00f3n ligamentaria en el tobillo derecho","datePublished":"2024-07-16T21:31:08+00:00","dateModified":"2024-07-16T21:31:11+00:00","mainEntityOfPage":{"@id":"https:\/\/diariotextual.com\/inicio\/index.php\/2024\/07\/16\/inter-miami-confirmo-que-lionel-messi-sufrio-una-lesion-ligamentaria-en-el-tobillo-derecho\/"},"wordCount":231,"publisher":{"@id":"https:\/\/diariotextual.com\/inicio\/#organization"},"image":{"@id":"https:\/\/diariotextual.com\/inicio\/index.php\/2024\/07\/16\/inter-miami-confirmo-que-lionel-messi-sufrio-una-lesion-ligamentaria-en-el-tobillo-derecho\/#primaryimage"},"thumbnailUrl":"https:\/\/diariotextual.com\/inicio\/wp-content\/uploads\/2024\/07\/messitobillo2024-1.jpg","articleSection":["A - ES NOTICIA (van abajo)","DEPORTES"],"inLanguage":"es"},{"@type":"WebPage","@id":"https:\/\/diariotextual.com\/inicio\/index.php\/2024\/07\/16\/inter-miami-confirmo-que-lionel-messi-sufrio-una-lesion-ligamentaria-en-el-tobillo-derecho\/","url":"https:\/\/diariotextual.com\/inicio\/index.php\/2024\/07\/16\/inter-miami-confirmo-que-lionel-messi-sufrio-una-lesion-ligamentaria-en-el-tobillo-derecho\/","name":"Inter Miami confirm\u00f3 que Lionel Messi sufri\u00f3 una lesi\u00f3n ligamentaria en el tobillo derecho - Diario Textual","isPartOf":{"@id":"https:\/\/diariotextual.com\/inicio\/#website"},"primaryImageOfPage":{"@id":"https:\/\/diariotextual.com\/inicio\/index.php\/2024\/07\/16\/inter-miami-confirmo-que-lionel-messi-sufrio-una-lesion-ligamentaria-en-el-tobillo-derecho\/#primaryimage"},"image":{"@id":"https:\/\/diariotextual.com\/inicio\/index.php\/2024\/07\/16\/inter-miami-confirmo-que-lionel-messi-sufrio-una-lesion-ligamentaria-en-el-tobillo-derecho\/#primaryimage"},"thumbnailUrl":"https:\/\/diariotextual.com\/inicio\/wp-content\/uploads\/2024\/07\/messitobillo2024-1.jpg","datePublished":"2024-07-16T21:31:08+00:00","dateModified":"2024-07-16T21:31:11+00:00","breadcrumb":{"@id":"https:\/\/diariotextual.com\/inicio\/index.php\/2024\/07\/16\/inter-miami-confirmo-que-lionel-messi-sufrio-una-lesion-ligamentaria-en-el-tobillo-derecho\/#breadcrumb"},"inLanguage":"es","potentialAction":[{"@type":"ReadAction","target":["https:\/\/diariotextual.com\/inicio\/index.php\/2024\/07\/16\/inter-miami-confirmo-que-lionel-messi-sufrio-una-lesion-ligamentaria-en-el-tobillo-derecho\/"]}]},{"@type":"ImageObject","inLanguage":"es","@id":"https:\/\/diariotextual.com\/inicio\/index.php\/2024\/07\/16\/inter-miami-confirmo-que-lionel-messi-sufrio-una-lesion-ligamentaria-en-el-tobillo-derecho\/#primaryimage","url":"https:\/\/diariotextual.com\/inicio\/wp-content\/uploads\/2024\/07\/messitobillo2024-1.jpg","contentUrl":"https:\/\/diariotextual.com\/inicio\/wp-content\/uploads\/2024\/07\/messitobillo2024-1.jpg","width":709,"height":401},{"@type":"BreadcrumbList","@id":"https:\/\/diariotextual.com\/inicio\/index.php\/2024\/07\/16\/inter-miami-confirmo-que-lionel-messi-sufrio-una-lesion-ligamentaria-en-el-tobillo-derecho\/#breadcrumb","itemListElement":[{"@type":"ListItem","position":1,"name":"Portada","item":"https:\/\/diariotextual.com\/inicio\/"},{"@type":"ListItem","position":2,"name":"Inter Miami confirm\u00f3 que Lionel Messi sufri\u00f3 una lesi\u00f3n ligamentaria en el tobillo derecho"}]},{"@type":"WebSite","@id":"https:\/\/diariotextual.com\/inicio\/#website","url":"https:\/\/diariotextual.com\/inicio\/","name":"Diario Textual","description":"","publisher":{"@id":"https:\/\/diariotextual.com\/inicio\/#organization"},"potentialAction":[{"@type":"SearchAction","target":{"@type":"EntryPoint","urlTemplate":"https:\/\/diariotextual.com\/inicio\/?s={search_term_string}"},"query-input":{"@type":"PropertyValueSpecification","valueRequired":true,"valueName":"search_term_string"}}],"inLanguage":"es"},{"@type":"Organization","@id":"https:\/\/diariotextual.com\/inicio\/#organization","name":"Diario Textual","url":"https:\/\/diariotextual.com\/inicio\/","logo":{"@type":"ImageObject","inLanguage":"es","@id":"https:\/\/diariotextual.com\/inicio\/#\/schema\/logo\/image\/","url":"https:\/\/diariotextual.com\/inicio\/wp-content\/uploads\/2023\/05\/logotextual1.jpg","contentUrl":"https:\/\/diariotextual.com\/inicio\/wp-content\/uploads\/2023\/05\/logotextual1.jpg","width":516,"height":76,"caption":"Diario Textual"},"image":{"@id":"https:\/\/diariotextual.com\/inicio\/#\/schema\/logo\/image\/"},"sameAs":["https:\/\/www.facebook.com\/eltextual","https:\/\/x.com\/eltextual","http:\/\/www.instagram.com\/eltextual"]},{"@type":"Person","@id":"https:\/\/diariotextual.com\/inicio\/#\/schema\/person\/418fc4093c33e86ed41562db3508f958","name":"Diario1 Diario1","image":{"@type":"ImageObject","inLanguage":"es","@id":"https:\/\/secure.gravatar.com\/avatar\/9167d280179c85bc18be67aa7eda765854300033af4896dd779b608640f2ef7a?s=96&d=mm&r=g","url":"https:\/\/secure.gravatar.com\/avatar\/9167d280179c85bc18be67aa7eda765854300033af4896dd779b608640f2ef7a?s=96&d=mm&r=g","contentUrl":"https:\/\/secure.gravatar.com\/avatar\/9167d280179c85bc18be67aa7eda765854300033af4896dd779b608640f2ef7a?s=96&d=mm&r=g","caption":"Diario1 Diario1"},"url":"https:\/\/diariotextual.com\/inicio\/index.php\/author\/diario1\/"}]}},"_links":{"self":[{"href":"https:\/\/diariotextual.com\/inicio\/index.php\/wp-json\/wp\/v2\/posts\/269880","targetHints":{"allow":["GET"]}}],"collection":[{"href":"https:\/\/diariotextual.com\/inicio\/index.php\/wp-json\/wp\/v2\/posts"}],"about":[{"href":"https:\/\/diariotextual.com\/inicio\/index.php\/wp-json\/wp\/v2\/types\/post"}],"author":[{"embeddable":true,"href":"https:\/\/diariotextual.com\/inicio\/index.php\/wp-json\/wp\/v2\/users\/3"}],"replies":[{"embeddable":true,"href":"https:\/\/diariotextual.com\/inicio\/index.php\/wp-json\/wp\/v2\/comments?post=269880"}],"version-history":[{"count":1,"href":"https:\/\/diariotextual.com\/inicio\/index.php\/wp-json\/wp\/v2\/posts\/269880\/revisions"}],"predecessor-version":[{"id":269882,"href":"https:\/\/diariotextual.com\/inicio\/index.php\/wp-json\/wp\/v2\/posts\/269880\/revisions\/269882"}],"wp:featuredmedia":[{"embeddable":true,"href":"https:\/\/diariotextual.com\/inicio\/index.php\/wp-json\/wp\/v2\/media\/269881"}],"wp:attachment":[{"href":"https:\/\/diariotextual.com\/inicio\/index.php\/wp-json\/wp\/v2\/media?parent=269880"}],"wp:term":[{"taxonomy":"category","embeddable":true,"href":"https:\/\/diariotextual.com\/inicio\/index.php\/wp-json\/wp\/v2\/categories?post=269880"},{"taxonomy":"post_tag","embeddable":true,"href":"https:\/\/diariotextual.com\/inicio\/index.php\/wp-json\/wp\/v2\/tags?post=269880"}],"curies":[{"name":"wp","href":"https:\/\/api.w.org\/{rel}","templated":true}]}}