{"id":269894,"date":"2024-07-16T21:38:10","date_gmt":"2024-07-17T00:38:10","guid":{"rendered":"https:\/\/diariotextual.com\/inicio\/?p=269894"},"modified":"2024-07-17T09:55:54","modified_gmt":"2024-07-17T12:55:54","slug":"enzo-fernandez-pidio-perdon-por-sus-canticos-racistas-y-homofobicos","status":"publish","type":"post","link":"https:\/\/diariotextual.com\/inicio\/index.php\/2024\/07\/16\/enzo-fernandez-pidio-perdon-por-sus-canticos-racistas-y-homofobicos\/","title":{"rendered":"Enzo Fern\u00e1ndez pidi\u00f3 perd\u00f3n por los c\u00e1nticos racistas y homof\u00f3bicos"},"content":{"rendered":"\n<p>Los festejos de la selecci\u00f3n argentina por la conquista de la<strong> Copa Am\u00e9rica<\/strong> se mostraron en vivo a trav\u00e9s de la televisi\u00f3n, e incluso varios jugadores eligieron sus tel\u00e9fonos m\u00f3viles para mostrar la intimidad de la celebraci\u00f3n en todo el plantel. <strong>Una de esas grabaciones en el micro que traslad\u00f3 al grupo al hotel, compartida a trav\u00e9s de la cuenta de Instagram de Enzo Fern\u00e1ndez, gener\u00f3 las cr\u00edticas de la Federaci\u00f3n Francesa de F\u00fatbol y de su compa\u00f1ero en Chelsea, Wesley Fofana<\/strong>, por<strong> el fragmento de un c\u00e1ntico que hace alusi\u00f3n al origen de los jugadores del combinado galo<\/strong>.<\/p>\n\n\n\n<p>Frente al revuelo producido, el volante central eligi\u00f3 utilizar sus redes sociales para publicar un descargo, donde se lament\u00f3 por el episodio.<strong> \u201cQuiero pedir disculpas sinceramente por un video publicado en mi canal de Instagram durante las celebraciones de la selecci\u00f3n nacional\u201d<\/strong>, dijo. <strong>\u201cLa canci\u00f3n incluye un lenguaje muy ofensivo y no hay absolutamente ninguna excusa para estas palabras\u201d<\/strong>, a\u00f1adi\u00f3.<\/p>\n\n\n\n<p>\u201cMe opongo a la discriminaci\u00f3n en todas sus formas y me disculpo por quedar atrapado en la euforia de nuestras celebraciones de la Copa Am\u00e9rica. Ese video, ese momento, esas palabras, no reflejan mis creencias ni mi car\u00e1cter\u201d, sostuvo. <strong>\u201cLo siento de verdad\u201d<\/strong>, cerr\u00f3 sobre la canci\u00f3n en cuesti\u00f3n, que fue condenada por su contenido. <\/p>\n\n\n\n<p><strong>La letra fue creada por un grupo de hinchas Albicelestes antes de la final del Mundial 2022 contra Francia y su composici\u00f3n tambi\u00e9n tiene una frase homof\u00f3bica dirigida hacia Kylian Mbapp\u00e9.<\/strong><\/p>\n\n\n\n<p>Luego de conocerse estas im\u00e1genes, la Federaci\u00f3n Francesa de F\u00fatbol (FFF) expres\u00f3 su postura. \u201c<strong>El Presidente de la Federaci\u00f3n Francesa de F\u00fatbol, Philippe Diallo, condena con la mayor firmeza los inaceptables comentarios racistas y discriminatorios proferidos contra jugadores de la selecci\u00f3n francesa<\/strong>&nbsp;en el contexto de una canci\u00f3n entonada por jugadores y seguidores de la selecci\u00f3n argentina tras su victoria en la Copa Am\u00e9rica y difundida en un v\u00eddeo en las redes sociales\u201d, indic\u00f3 en un comunicado.<\/p>\n\n\n\n<blockquote class=\"twitter-tweet\"><p lang=\"zxx\" dir=\"ltr\"><a href=\"https:\/\/t.co\/fMuBjUiOsl\">pic.twitter.com\/fMuBjUiOsl<\/a><\/p>&mdash; Enzo Fern\u00e1ndez (@IEnzofernandez8) <a href=\"https:\/\/twitter.com\/IEnzofernandez8\/status\/1813349459285135870?ref_src=twsrc%5Etfw\">July 16, 2024<\/a><\/blockquote> <script async src=\"https:\/\/platform.twitter.com\/widgets.js\" charset=\"utf-8\"><\/script>\n\n\n\n<p><\/p>\n\n\n\n<p>\u201cAnte la gravedad de estos comentarios chocantes, contrarios a los valores del deporte y de los derechos humanos,&nbsp;<strong>el Presidente de la FFF ha decidido llevar directamente a los tribunales a su hom\u00f3logo argentino y a la FIFA y presentar\u00e1 una denuncia por comentarios racistas y discriminatorios<\/strong>\u201d, agreg\u00f3.<\/p>\n\n\n\n<p>El compa\u00f1ero de\u00a0<strong>Enzo Fern\u00e1ndez<\/strong>\u00a0en\u00a0<strong>Chelsea<\/strong>,\u00a0<strong>Wesley Fofana<\/strong>, subi\u00f3 la grabaci\u00f3n a su perfil oficial de\u00a0<em>Twitter\u00a0<\/em>con el siguiente mensaje:\u00a0<strong>\u201cF\u00fatbol 2024: racismo desinhibido\u201d<\/strong>. El zaguero central de 23 a\u00f1os tom\u00f3 la decisi\u00f3n de dejar de seguir al exhombre de\u00a0<strong>River Plate<\/strong>\u00a0y\u00a0<strong>Benfica\u00a0<\/strong>en\u00a0<em>Instagram<\/em>. Otros dos franceses del conjunto ingl\u00e9s,\u00a0<strong>Malo Gusto<\/strong>\u00a0y\u00a0<strong>Axel Disasi<\/strong>, hicieron lo mismo.<\/p>\n\n\n\n<p><\/p>\n\n\n\n<blockquote class=\"twitter-tweet\"><p lang=\"fr\" dir=\"ltr\">Le football en 2024 : racisme d\u00e9complex\u00e9 &#x1f926;&#x1f3fd;&#x200d;&#x2642;&#xfe0f;&#x1f926;&#x1f3fd;&#x200d;&#x2642;&#xfe0f;&#x1f926;&#x1f3fd;&#x200d;&#x2642;&#xfe0f; <a href=\"https:\/\/t.co\/MGkH5wPmNU\">pic.twitter.com\/MGkH5wPmNU<\/a><\/p>&mdash; Wesley Fofana (@Wesley_Fofana3) <a href=\"https:\/\/twitter.com\/Wesley_Fofana3\/status\/1813286455256519160?ref_src=twsrc%5Etfw\">July 16, 2024<\/a><\/blockquote> <script async src=\"https:\/\/platform.twitter.com\/widgets.js\" charset=\"utf-8\"><\/script>\n\n\n\n<p><\/p>\n\n\n\n<p><\/p>\n","protected":false},"excerpt":{"rendered":"<p>Los festejos de la selecci\u00f3n argentina por la conquista de la Copa Am\u00e9rica se mostraron en vivo a trav\u00e9s de la televisi\u00f3n, e incluso varios jugadores eligieron sus tel\u00e9fonos m\u00f3viles&hellip;<\/p>\n","protected":false},"author":3,"featured_media":269900,"comment_status":"closed","ping_status":"open","sticky":false,"template":"","format":"standard","meta":{"_acf_changed":false,"footnotes":""},"categories":[1,3],"tags":[],"class_list":["post-269894","post","type-post","status-publish","format-standard","has-post-thumbnail","hentry","category-es-noticia","category-deportes"],"acf":[],"yoast_head":"<!-- This site is optimized with the Yoast SEO plugin v27.5 - https:\/\/yoast.com\/product\/yoast-seo-wordpress\/ -->\n<title>Enzo Fern\u00e1ndez pidi\u00f3 perd\u00f3n por los c\u00e1nticos racistas y homof\u00f3bicos - Diario Textual<\/title>\n<meta name=\"robots\" content=\"index, follow, max-snippet:-1, max-image-preview:large, max-video-preview:-1\" \/>\n<link rel=\"canonical\" href=\"https:\/\/diariotextual.com\/inicio\/index.php\/2024\/07\/16\/enzo-fernandez-pidio-perdon-por-sus-canticos-racistas-y-homofobicos\/\" \/>\n<meta property=\"og:locale\" content=\"es_ES\" \/>\n<meta property=\"og:type\" content=\"article\" \/>\n<meta property=\"og:title\" content=\"Enzo Fern\u00e1ndez pidi\u00f3 perd\u00f3n por los c\u00e1nticos racistas y homof\u00f3bicos - Diario Textual\" \/>\n<meta property=\"og:description\" content=\"Los festejos de la selecci\u00f3n argentina por la conquista de la Copa Am\u00e9rica se mostraron en vivo a trav\u00e9s de la televisi\u00f3n, e incluso varios jugadores eligieron sus tel\u00e9fonos m\u00f3viles&hellip;\" \/>\n<meta property=\"og:url\" content=\"https:\/\/diariotextual.com\/inicio\/index.php\/2024\/07\/16\/enzo-fernandez-pidio-perdon-por-sus-canticos-racistas-y-homofobicos\/\" \/>\n<meta property=\"og:site_name\" content=\"Diario Textual\" \/>\n<meta property=\"article:publisher\" content=\"https:\/\/www.facebook.com\/eltextual\" \/>\n<meta property=\"article:published_time\" content=\"2024-07-17T00:38:10+00:00\" \/>\n<meta property=\"article:modified_time\" content=\"2024-07-17T12:55:54+00:00\" \/>\n<meta property=\"og:image\" content=\"https:\/\/diariotextual.com\/inicio\/wp-content\/uploads\/2024\/07\/fernandezenzoseleccionargentina2024-1.jpg\" \/>\n\t<meta property=\"og:image:width\" content=\"1116\" \/>\n\t<meta property=\"og:image:height\" content=\"760\" \/>\n\t<meta property=\"og:image:type\" content=\"image\/jpeg\" \/>\n<meta name=\"author\" content=\"Diario1 Diario1\" \/>\n<meta name=\"twitter:card\" content=\"summary_large_image\" \/>\n<meta name=\"twitter:creator\" content=\"@eltextual\" \/>\n<meta name=\"twitter:site\" content=\"@eltextual\" \/>\n<meta name=\"twitter:label1\" content=\"Escrito por\" \/>\n\t<meta name=\"twitter:data1\" content=\"Diario1 Diario1\" \/>\n\t<meta name=\"twitter:label2\" content=\"Tiempo de lectura\" \/>\n\t<meta name=\"twitter:data2\" content=\"3 minutos\" \/>\n<script type=\"application\/ld+json\" class=\"yoast-schema-graph\">{\"@context\":\"https:\\\/\\\/schema.org\",\"@graph\":[{\"@type\":\"Article\",\"@id\":\"https:\\\/\\\/diariotextual.com\\\/inicio\\\/index.php\\\/2024\\\/07\\\/16\\\/enzo-fernandez-pidio-perdon-por-sus-canticos-racistas-y-homofobicos\\\/#article\",\"isPartOf\":{\"@id\":\"https:\\\/\\\/diariotextual.com\\\/inicio\\\/index.php\\\/2024\\\/07\\\/16\\\/enzo-fernandez-pidio-perdon-por-sus-canticos-racistas-y-homofobicos\\\/\"},\"author\":{\"name\":\"Diario1 Diario1\",\"@id\":\"https:\\\/\\\/diariotextual.com\\\/inicio\\\/#\\\/schema\\\/person\\\/418fc4093c33e86ed41562db3508f958\"},\"headline\":\"Enzo Fern\u00e1ndez pidi\u00f3 perd\u00f3n por los c\u00e1nticos racistas y homof\u00f3bicos\",\"datePublished\":\"2024-07-17T00:38:10+00:00\",\"dateModified\":\"2024-07-17T12:55:54+00:00\",\"mainEntityOfPage\":{\"@id\":\"https:\\\/\\\/diariotextual.com\\\/inicio\\\/index.php\\\/2024\\\/07\\\/16\\\/enzo-fernandez-pidio-perdon-por-sus-canticos-racistas-y-homofobicos\\\/\"},\"wordCount\":546,\"publisher\":{\"@id\":\"https:\\\/\\\/diariotextual.com\\\/inicio\\\/#organization\"},\"image\":{\"@id\":\"https:\\\/\\\/diariotextual.com\\\/inicio\\\/index.php\\\/2024\\\/07\\\/16\\\/enzo-fernandez-pidio-perdon-por-sus-canticos-racistas-y-homofobicos\\\/#primaryimage\"},\"thumbnailUrl\":\"https:\\\/\\\/diariotextual.com\\\/inicio\\\/wp-content\\\/uploads\\\/2024\\\/07\\\/fernandezenzoseleccionargentina2024-1.jpg\",\"articleSection\":[\"A - ES NOTICIA (van abajo)\",\"DEPORTES\"],\"inLanguage\":\"es\"},{\"@type\":\"WebPage\",\"@id\":\"https:\\\/\\\/diariotextual.com\\\/inicio\\\/index.php\\\/2024\\\/07\\\/16\\\/enzo-fernandez-pidio-perdon-por-sus-canticos-racistas-y-homofobicos\\\/\",\"url\":\"https:\\\/\\\/diariotextual.com\\\/inicio\\\/index.php\\\/2024\\\/07\\\/16\\\/enzo-fernandez-pidio-perdon-por-sus-canticos-racistas-y-homofobicos\\\/\",\"name\":\"Enzo Fern\u00e1ndez pidi\u00f3 perd\u00f3n por los c\u00e1nticos racistas y homof\u00f3bicos - Diario Textual\",\"isPartOf\":{\"@id\":\"https:\\\/\\\/diariotextual.com\\\/inicio\\\/#website\"},\"primaryImageOfPage\":{\"@id\":\"https:\\\/\\\/diariotextual.com\\\/inicio\\\/index.php\\\/2024\\\/07\\\/16\\\/enzo-fernandez-pidio-perdon-por-sus-canticos-racistas-y-homofobicos\\\/#primaryimage\"},\"image\":{\"@id\":\"https:\\\/\\\/diariotextual.com\\\/inicio\\\/index.php\\\/2024\\\/07\\\/16\\\/enzo-fernandez-pidio-perdon-por-sus-canticos-racistas-y-homofobicos\\\/#primaryimage\"},\"thumbnailUrl\":\"https:\\\/\\\/diariotextual.com\\\/inicio\\\/wp-content\\\/uploads\\\/2024\\\/07\\\/fernandezenzoseleccionargentina2024-1.jpg\",\"datePublished\":\"2024-07-17T00:38:10+00:00\",\"dateModified\":\"2024-07-17T12:55:54+00:00\",\"breadcrumb\":{\"@id\":\"https:\\\/\\\/diariotextual.com\\\/inicio\\\/index.php\\\/2024\\\/07\\\/16\\\/enzo-fernandez-pidio-perdon-por-sus-canticos-racistas-y-homofobicos\\\/#breadcrumb\"},\"inLanguage\":\"es\",\"potentialAction\":[{\"@type\":\"ReadAction\",\"target\":[\"https:\\\/\\\/diariotextual.com\\\/inicio\\\/index.php\\\/2024\\\/07\\\/16\\\/enzo-fernandez-pidio-perdon-por-sus-canticos-racistas-y-homofobicos\\\/\"]}]},{\"@type\":\"ImageObject\",\"inLanguage\":\"es\",\"@id\":\"https:\\\/\\\/diariotextual.com\\\/inicio\\\/index.php\\\/2024\\\/07\\\/16\\\/enzo-fernandez-pidio-perdon-por-sus-canticos-racistas-y-homofobicos\\\/#primaryimage\",\"url\":\"https:\\\/\\\/diariotextual.com\\\/inicio\\\/wp-content\\\/uploads\\\/2024\\\/07\\\/fernandezenzoseleccionargentina2024-1.jpg\",\"contentUrl\":\"https:\\\/\\\/diariotextual.com\\\/inicio\\\/wp-content\\\/uploads\\\/2024\\\/07\\\/fernandezenzoseleccionargentina2024-1.jpg\",\"width\":1116,\"height\":760},{\"@type\":\"BreadcrumbList\",\"@id\":\"https:\\\/\\\/diariotextual.com\\\/inicio\\\/index.php\\\/2024\\\/07\\\/16\\\/enzo-fernandez-pidio-perdon-por-sus-canticos-racistas-y-homofobicos\\\/#breadcrumb\",\"itemListElement\":[{\"@type\":\"ListItem\",\"position\":1,\"name\":\"Portada\",\"item\":\"https:\\\/\\\/diariotextual.com\\\/inicio\\\/\"},{\"@type\":\"ListItem\",\"position\":2,\"name\":\"Enzo Fern\u00e1ndez pidi\u00f3 perd\u00f3n por los c\u00e1nticos racistas y homof\u00f3bicos\"}]},{\"@type\":\"WebSite\",\"@id\":\"https:\\\/\\\/diariotextual.com\\\/inicio\\\/#website\",\"url\":\"https:\\\/\\\/diariotextual.com\\\/inicio\\\/\",\"name\":\"Diario Textual\",\"description\":\"\",\"publisher\":{\"@id\":\"https:\\\/\\\/diariotextual.com\\\/inicio\\\/#organization\"},\"potentialAction\":[{\"@type\":\"SearchAction\",\"target\":{\"@type\":\"EntryPoint\",\"urlTemplate\":\"https:\\\/\\\/diariotextual.com\\\/inicio\\\/?s={search_term_string}\"},\"query-input\":{\"@type\":\"PropertyValueSpecification\",\"valueRequired\":true,\"valueName\":\"search_term_string\"}}],\"inLanguage\":\"es\"},{\"@type\":\"Organization\",\"@id\":\"https:\\\/\\\/diariotextual.com\\\/inicio\\\/#organization\",\"name\":\"Diario Textual\",\"url\":\"https:\\\/\\\/diariotextual.com\\\/inicio\\\/\",\"logo\":{\"@type\":\"ImageObject\",\"inLanguage\":\"es\",\"@id\":\"https:\\\/\\\/diariotextual.com\\\/inicio\\\/#\\\/schema\\\/logo\\\/image\\\/\",\"url\":\"https:\\\/\\\/diariotextual.com\\\/inicio\\\/wp-content\\\/uploads\\\/2023\\\/05\\\/logotextual1.jpg\",\"contentUrl\":\"https:\\\/\\\/diariotextual.com\\\/inicio\\\/wp-content\\\/uploads\\\/2023\\\/05\\\/logotextual1.jpg\",\"width\":516,\"height\":76,\"caption\":\"Diario Textual\"},\"image\":{\"@id\":\"https:\\\/\\\/diariotextual.com\\\/inicio\\\/#\\\/schema\\\/logo\\\/image\\\/\"},\"sameAs\":[\"https:\\\/\\\/www.facebook.com\\\/eltextual\",\"https:\\\/\\\/x.com\\\/eltextual\",\"http:\\\/\\\/www.instagram.com\\\/eltextual\"]},{\"@type\":\"Person\",\"@id\":\"https:\\\/\\\/diariotextual.com\\\/inicio\\\/#\\\/schema\\\/person\\\/418fc4093c33e86ed41562db3508f958\",\"name\":\"Diario1 Diario1\",\"image\":{\"@type\":\"ImageObject\",\"inLanguage\":\"es\",\"@id\":\"https:\\\/\\\/secure.gravatar.com\\\/avatar\\\/9167d280179c85bc18be67aa7eda765854300033af4896dd779b608640f2ef7a?s=96&d=mm&r=g\",\"url\":\"https:\\\/\\\/secure.gravatar.com\\\/avatar\\\/9167d280179c85bc18be67aa7eda765854300033af4896dd779b608640f2ef7a?s=96&d=mm&r=g\",\"contentUrl\":\"https:\\\/\\\/secure.gravatar.com\\\/avatar\\\/9167d280179c85bc18be67aa7eda765854300033af4896dd779b608640f2ef7a?s=96&d=mm&r=g\",\"caption\":\"Diario1 Diario1\"},\"url\":\"https:\\\/\\\/diariotextual.com\\\/inicio\\\/index.php\\\/author\\\/diario1\\\/\"}]}<\/script>\n<!-- \/ Yoast SEO plugin. -->","yoast_head_json":{"title":"Enzo Fern\u00e1ndez pidi\u00f3 perd\u00f3n por los c\u00e1nticos racistas y homof\u00f3bicos - Diario Textual","robots":{"index":"index","follow":"follow","max-snippet":"max-snippet:-1","max-image-preview":"max-image-preview:large","max-video-preview":"max-video-preview:-1"},"canonical":"https:\/\/diariotextual.com\/inicio\/index.php\/2024\/07\/16\/enzo-fernandez-pidio-perdon-por-sus-canticos-racistas-y-homofobicos\/","og_locale":"es_ES","og_type":"article","og_title":"Enzo Fern\u00e1ndez pidi\u00f3 perd\u00f3n por los c\u00e1nticos racistas y homof\u00f3bicos - Diario Textual","og_description":"Los festejos de la selecci\u00f3n argentina por la conquista de la Copa Am\u00e9rica se mostraron en vivo a trav\u00e9s de la televisi\u00f3n, e incluso varios jugadores eligieron sus tel\u00e9fonos m\u00f3viles&hellip;","og_url":"https:\/\/diariotextual.com\/inicio\/index.php\/2024\/07\/16\/enzo-fernandez-pidio-perdon-por-sus-canticos-racistas-y-homofobicos\/","og_site_name":"Diario Textual","article_publisher":"https:\/\/www.facebook.com\/eltextual","article_published_time":"2024-07-17T00:38:10+00:00","article_modified_time":"2024-07-17T12:55:54+00:00","og_image":[{"width":1116,"height":760,"url":"https:\/\/diariotextual.com\/inicio\/wp-content\/uploads\/2024\/07\/fernandezenzoseleccionargentina2024-1.jpg","type":"image\/jpeg"}],"author":"Diario1 Diario1","twitter_card":"summary_large_image","twitter_creator":"@eltextual","twitter_site":"@eltextual","twitter_misc":{"Escrito por":"Diario1 Diario1","Tiempo de lectura":"3 minutos"},"schema":{"@context":"https:\/\/schema.org","@graph":[{"@type":"Article","@id":"https:\/\/diariotextual.com\/inicio\/index.php\/2024\/07\/16\/enzo-fernandez-pidio-perdon-por-sus-canticos-racistas-y-homofobicos\/#article","isPartOf":{"@id":"https:\/\/diariotextual.com\/inicio\/index.php\/2024\/07\/16\/enzo-fernandez-pidio-perdon-por-sus-canticos-racistas-y-homofobicos\/"},"author":{"name":"Diario1 Diario1","@id":"https:\/\/diariotextual.com\/inicio\/#\/schema\/person\/418fc4093c33e86ed41562db3508f958"},"headline":"Enzo Fern\u00e1ndez pidi\u00f3 perd\u00f3n por los c\u00e1nticos racistas y homof\u00f3bicos","datePublished":"2024-07-17T00:38:10+00:00","dateModified":"2024-07-17T12:55:54+00:00","mainEntityOfPage":{"@id":"https:\/\/diariotextual.com\/inicio\/index.php\/2024\/07\/16\/enzo-fernandez-pidio-perdon-por-sus-canticos-racistas-y-homofobicos\/"},"wordCount":546,"publisher":{"@id":"https:\/\/diariotextual.com\/inicio\/#organization"},"image":{"@id":"https:\/\/diariotextual.com\/inicio\/index.php\/2024\/07\/16\/enzo-fernandez-pidio-perdon-por-sus-canticos-racistas-y-homofobicos\/#primaryimage"},"thumbnailUrl":"https:\/\/diariotextual.com\/inicio\/wp-content\/uploads\/2024\/07\/fernandezenzoseleccionargentina2024-1.jpg","articleSection":["A - ES NOTICIA (van abajo)","DEPORTES"],"inLanguage":"es"},{"@type":"WebPage","@id":"https:\/\/diariotextual.com\/inicio\/index.php\/2024\/07\/16\/enzo-fernandez-pidio-perdon-por-sus-canticos-racistas-y-homofobicos\/","url":"https:\/\/diariotextual.com\/inicio\/index.php\/2024\/07\/16\/enzo-fernandez-pidio-perdon-por-sus-canticos-racistas-y-homofobicos\/","name":"Enzo Fern\u00e1ndez pidi\u00f3 perd\u00f3n por los c\u00e1nticos racistas y homof\u00f3bicos - Diario Textual","isPartOf":{"@id":"https:\/\/diariotextual.com\/inicio\/#website"},"primaryImageOfPage":{"@id":"https:\/\/diariotextual.com\/inicio\/index.php\/2024\/07\/16\/enzo-fernandez-pidio-perdon-por-sus-canticos-racistas-y-homofobicos\/#primaryimage"},"image":{"@id":"https:\/\/diariotextual.com\/inicio\/index.php\/2024\/07\/16\/enzo-fernandez-pidio-perdon-por-sus-canticos-racistas-y-homofobicos\/#primaryimage"},"thumbnailUrl":"https:\/\/diariotextual.com\/inicio\/wp-content\/uploads\/2024\/07\/fernandezenzoseleccionargentina2024-1.jpg","datePublished":"2024-07-17T00:38:10+00:00","dateModified":"2024-07-17T12:55:54+00:00","breadcrumb":{"@id":"https:\/\/diariotextual.com\/inicio\/index.php\/2024\/07\/16\/enzo-fernandez-pidio-perdon-por-sus-canticos-racistas-y-homofobicos\/#breadcrumb"},"inLanguage":"es","potentialAction":[{"@type":"ReadAction","target":["https:\/\/diariotextual.com\/inicio\/index.php\/2024\/07\/16\/enzo-fernandez-pidio-perdon-por-sus-canticos-racistas-y-homofobicos\/"]}]},{"@type":"ImageObject","inLanguage":"es","@id":"https:\/\/diariotextual.com\/inicio\/index.php\/2024\/07\/16\/enzo-fernandez-pidio-perdon-por-sus-canticos-racistas-y-homofobicos\/#primaryimage","url":"https:\/\/diariotextual.com\/inicio\/wp-content\/uploads\/2024\/07\/fernandezenzoseleccionargentina2024-1.jpg","contentUrl":"https:\/\/diariotextual.com\/inicio\/wp-content\/uploads\/2024\/07\/fernandezenzoseleccionargentina2024-1.jpg","width":1116,"height":760},{"@type":"BreadcrumbList","@id":"https:\/\/diariotextual.com\/inicio\/index.php\/2024\/07\/16\/enzo-fernandez-pidio-perdon-por-sus-canticos-racistas-y-homofobicos\/#breadcrumb","itemListElement":[{"@type":"ListItem","position":1,"name":"Portada","item":"https:\/\/diariotextual.com\/inicio\/"},{"@type":"ListItem","position":2,"name":"Enzo Fern\u00e1ndez pidi\u00f3 perd\u00f3n por los c\u00e1nticos racistas y homof\u00f3bicos"}]},{"@type":"WebSite","@id":"https:\/\/diariotextual.com\/inicio\/#website","url":"https:\/\/diariotextual.com\/inicio\/","name":"Diario Textual","description":"","publisher":{"@id":"https:\/\/diariotextual.com\/inicio\/#organization"},"potentialAction":[{"@type":"SearchAction","target":{"@type":"EntryPoint","urlTemplate":"https:\/\/diariotextual.com\/inicio\/?s={search_term_string}"},"query-input":{"@type":"PropertyValueSpecification","valueRequired":true,"valueName":"search_term_string"}}],"inLanguage":"es"},{"@type":"Organization","@id":"https:\/\/diariotextual.com\/inicio\/#organization","name":"Diario Textual","url":"https:\/\/diariotextual.com\/inicio\/","logo":{"@type":"ImageObject","inLanguage":"es","@id":"https:\/\/diariotextual.com\/inicio\/#\/schema\/logo\/image\/","url":"https:\/\/diariotextual.com\/inicio\/wp-content\/uploads\/2023\/05\/logotextual1.jpg","contentUrl":"https:\/\/diariotextual.com\/inicio\/wp-content\/uploads\/2023\/05\/logotextual1.jpg","width":516,"height":76,"caption":"Diario Textual"},"image":{"@id":"https:\/\/diariotextual.com\/inicio\/#\/schema\/logo\/image\/"},"sameAs":["https:\/\/www.facebook.com\/eltextual","https:\/\/x.com\/eltextual","http:\/\/www.instagram.com\/eltextual"]},{"@type":"Person","@id":"https:\/\/diariotextual.com\/inicio\/#\/schema\/person\/418fc4093c33e86ed41562db3508f958","name":"Diario1 Diario1","image":{"@type":"ImageObject","inLanguage":"es","@id":"https:\/\/secure.gravatar.com\/avatar\/9167d280179c85bc18be67aa7eda765854300033af4896dd779b608640f2ef7a?s=96&d=mm&r=g","url":"https:\/\/secure.gravatar.com\/avatar\/9167d280179c85bc18be67aa7eda765854300033af4896dd779b608640f2ef7a?s=96&d=mm&r=g","contentUrl":"https:\/\/secure.gravatar.com\/avatar\/9167d280179c85bc18be67aa7eda765854300033af4896dd779b608640f2ef7a?s=96&d=mm&r=g","caption":"Diario1 Diario1"},"url":"https:\/\/diariotextual.com\/inicio\/index.php\/author\/diario1\/"}]}},"_links":{"self":[{"href":"https:\/\/diariotextual.com\/inicio\/index.php\/wp-json\/wp\/v2\/posts\/269894","targetHints":{"allow":["GET"]}}],"collection":[{"href":"https:\/\/diariotextual.com\/inicio\/index.php\/wp-json\/wp\/v2\/posts"}],"about":[{"href":"https:\/\/diariotextual.com\/inicio\/index.php\/wp-json\/wp\/v2\/types\/post"}],"author":[{"embeddable":true,"href":"https:\/\/diariotextual.com\/inicio\/index.php\/wp-json\/wp\/v2\/users\/3"}],"replies":[{"embeddable":true,"href":"https:\/\/diariotextual.com\/inicio\/index.php\/wp-json\/wp\/v2\/comments?post=269894"}],"version-history":[{"count":7,"href":"https:\/\/diariotextual.com\/inicio\/index.php\/wp-json\/wp\/v2\/posts\/269894\/revisions"}],"predecessor-version":[{"id":269902,"href":"https:\/\/diariotextual.com\/inicio\/index.php\/wp-json\/wp\/v2\/posts\/269894\/revisions\/269902"}],"wp:featuredmedia":[{"embeddable":true,"href":"https:\/\/diariotextual.com\/inicio\/index.php\/wp-json\/wp\/v2\/media\/269900"}],"wp:attachment":[{"href":"https:\/\/diariotextual.com\/inicio\/index.php\/wp-json\/wp\/v2\/media?parent=269894"}],"wp:term":[{"taxonomy":"category","embeddable":true,"href":"https:\/\/diariotextual.com\/inicio\/index.php\/wp-json\/wp\/v2\/categories?post=269894"},{"taxonomy":"post_tag","embeddable":true,"href":"https:\/\/diariotextual.com\/inicio\/index.php\/wp-json\/wp\/v2\/tags?post=269894"}],"curies":[{"name":"wp","href":"https:\/\/api.w.org\/{rel}","templated":true}]}}