{"id":270973,"date":"2024-07-30T07:27:33","date_gmt":"2024-07-30T10:27:33","guid":{"rendered":"https:\/\/diariotextual.com\/inicio\/?p=270973"},"modified":"2024-07-30T17:44:53","modified_gmt":"2024-07-30T20:44:53","slug":"la-formacion-de-argentina-sub-23-vs-ucrania-por-los-juegos-olimpicos-2024","status":"publish","type":"post","link":"https:\/\/diariotextual.com\/inicio\/index.php\/2024\/07\/30\/la-formacion-de-argentina-sub-23-vs-ucrania-por-los-juegos-olimpicos-2024\/","title":{"rendered":"La formaci\u00f3n de Argentina Sub 23 vs. Ucrania, por los Juegos Ol\u00edmpicos 2024"},"content":{"rendered":"\n<p><strong>Javier Mascherano<\/strong>\u00a0defini\u00f3 el once de la\u00a0<strong>Selecci\u00f3n Argentina Sub 23 que enfrentar\u00e1 a Ucrania<\/strong>\u00a0este martes, desde las 12 en el Estadio de Lyon, por la tercera fecha del grupo B de los<strong>\u00a0Juegos Ol\u00edmpicos Par\u00eds 2024<\/strong>\u00a0en el que buscar\u00e1 la clasificaci\u00f3n a cuartos. El seleccionador tiene a todos a disposici\u00f3n pero har\u00e1 tres variantes.<\/p>\n\n\n\n<p>La Albiceleste viene de vencer por 3-1 a Irak, victoria que se resolvi\u00f3 en el complemento tras algunos retoques que hizo el DT en la segunda parte y hay algunos futbolistas con chances de meterse desde el arranque.&nbsp;<strong>Lucas Beltr\u00e1n debi\u00f3 salir por un dolor lumbar y lo reemplaz\u00f3 Luciano Gondou<\/strong>, que tuvo una buena actuaci\u00f3n y hasta convirti\u00f3 un gol, por eso&nbsp;<strong>el de Argentinos Juniors har\u00e1 dupla con Juli\u00e1n \u00c1lvarez.<\/strong><\/p>\n\n\n\n<p>Adem\u00e1s, uno de los puntos altos del equipo fue la dupla que hicieron en el medio Ezequiel Fern\u00e1ndez, la gran figura, y Cristian Medina, quien se retras\u00f3 tras la salida de&nbsp;<strong>Santiago Hezze<\/strong>. A ra\u00edz de esto,&nbsp;<strong>el ex-Hurac\u00e1n es otro que dejar\u00e1 el once y en su lugar se meter\u00e1 Giuliano Simeone<\/strong>, de buenos minutos ante Marruecos e Irak.<\/p>\n\n\n\n<p>Por otro lado, en la \u00faltima l\u00ednea tambi\u00e9n habr\u00e1 una variante en el lateral derecho.\u00a0<strong>Joaqu\u00edn Garc\u00eda, quien tuvo algunos problemas en el arranque del encuentro con Irak, dejar\u00e1 la titularidad<\/strong>\u00a0y en ese sector se meter\u00e1 Gonzalo Luj\u00e1n.<\/p>\n\n\n\n<p>La posibles formaci\u00f3n argentina es la siguiente: Ger\u00f3nimo\u00a0<strong>Rulli<\/strong>; Gonzalo Luj\u00e1n, Marco\u00a0<strong>Di C\u00e9sare<\/strong>, Nicol\u00e1s\u00a0<strong>Otamendi<\/strong>, Julio\u00a0<strong>Soler<\/strong>; Giuliano\u00a0<strong>Simeone<\/strong>, Ezequiel\u00a0<strong>Fern\u00e1ndez<\/strong>, Cristian\u00a0<strong>Medina<\/strong>; Thiago\u00a0<strong>Almada<\/strong>; Juli\u00e1n\u00a0<strong>\u00c1lvarez<\/strong> y Luciano\u00a0<strong>Gondou<\/strong>.<\/p>\n","protected":false},"excerpt":{"rendered":"<p>Javier Mascherano\u00a0defini\u00f3 el once de la\u00a0Selecci\u00f3n Argentina Sub 23 que enfrentar\u00e1 a Ucrania\u00a0este martes, desde las 12 en el Estadio de Lyon, por la tercera fecha del grupo B de&hellip;<\/p>\n","protected":false},"author":3,"featured_media":270799,"comment_status":"closed","ping_status":"open","sticky":false,"template":"","format":"standard","meta":{"_acf_changed":false,"footnotes":""},"categories":[3],"tags":[],"class_list":["post-270973","post","type-post","status-publish","format-standard","has-post-thumbnail","hentry","category-deportes"],"acf":[],"yoast_head":"<!-- This site is optimized with the Yoast SEO plugin v27.5 - https:\/\/yoast.com\/product\/yoast-seo-wordpress\/ -->\n<title>La formaci\u00f3n de Argentina Sub 23 vs. Ucrania, por los Juegos Ol\u00edmpicos 2024 - Diario Textual<\/title>\n<meta name=\"robots\" content=\"index, follow, max-snippet:-1, max-image-preview:large, max-video-preview:-1\" \/>\n<link rel=\"canonical\" href=\"https:\/\/diariotextual.com\/inicio\/index.php\/2024\/07\/30\/la-formacion-de-argentina-sub-23-vs-ucrania-por-los-juegos-olimpicos-2024\/\" \/>\n<meta property=\"og:locale\" content=\"es_ES\" \/>\n<meta property=\"og:type\" content=\"article\" \/>\n<meta property=\"og:title\" content=\"La formaci\u00f3n de Argentina Sub 23 vs. Ucrania, por los Juegos Ol\u00edmpicos 2024 - Diario Textual\" \/>\n<meta property=\"og:description\" content=\"Javier Mascherano\u00a0defini\u00f3 el once de la\u00a0Selecci\u00f3n Argentina Sub 23 que enfrentar\u00e1 a Ucrania\u00a0este martes, desde las 12 en el Estadio de Lyon, por la tercera fecha del grupo B de&hellip;\" \/>\n<meta property=\"og:url\" content=\"https:\/\/diariotextual.com\/inicio\/index.php\/2024\/07\/30\/la-formacion-de-argentina-sub-23-vs-ucrania-por-los-juegos-olimpicos-2024\/\" \/>\n<meta property=\"og:site_name\" content=\"Diario Textual\" \/>\n<meta property=\"article:publisher\" content=\"https:\/\/www.facebook.com\/eltextual\" \/>\n<meta property=\"article:published_time\" content=\"2024-07-30T10:27:33+00:00\" \/>\n<meta property=\"article:modified_time\" content=\"2024-07-30T20:44:53+00:00\" \/>\n<meta property=\"og:image\" content=\"https:\/\/diariotextual.com\/inicio\/wp-content\/uploads\/2024\/07\/seleccionargentinajuegosolimpicos2024-3.jpg\" \/>\n\t<meta property=\"og:image:width\" content=\"1400\" \/>\n\t<meta property=\"og:image:height\" content=\"907\" \/>\n\t<meta property=\"og:image:type\" content=\"image\/jpeg\" \/>\n<meta name=\"author\" content=\"Diario1 Diario1\" \/>\n<meta name=\"twitter:card\" content=\"summary_large_image\" \/>\n<meta name=\"twitter:creator\" content=\"@eltextual\" \/>\n<meta name=\"twitter:site\" content=\"@eltextual\" \/>\n<meta name=\"twitter:label1\" content=\"Escrito por\" \/>\n\t<meta name=\"twitter:data1\" content=\"Diario1 Diario1\" \/>\n\t<meta name=\"twitter:label2\" content=\"Tiempo de lectura\" \/>\n\t<meta name=\"twitter:data2\" content=\"2 minutos\" \/>\n<script type=\"application\/ld+json\" class=\"yoast-schema-graph\">{\"@context\":\"https:\\\/\\\/schema.org\",\"@graph\":[{\"@type\":\"Article\",\"@id\":\"https:\\\/\\\/diariotextual.com\\\/inicio\\\/index.php\\\/2024\\\/07\\\/30\\\/la-formacion-de-argentina-sub-23-vs-ucrania-por-los-juegos-olimpicos-2024\\\/#article\",\"isPartOf\":{\"@id\":\"https:\\\/\\\/diariotextual.com\\\/inicio\\\/index.php\\\/2024\\\/07\\\/30\\\/la-formacion-de-argentina-sub-23-vs-ucrania-por-los-juegos-olimpicos-2024\\\/\"},\"author\":{\"name\":\"Diario1 Diario1\",\"@id\":\"https:\\\/\\\/diariotextual.com\\\/inicio\\\/#\\\/schema\\\/person\\\/418fc4093c33e86ed41562db3508f958\"},\"headline\":\"La formaci\u00f3n de Argentina Sub 23 vs. Ucrania, por los Juegos Ol\u00edmpicos 2024\",\"datePublished\":\"2024-07-30T10:27:33+00:00\",\"dateModified\":\"2024-07-30T20:44:53+00:00\",\"mainEntityOfPage\":{\"@id\":\"https:\\\/\\\/diariotextual.com\\\/inicio\\\/index.php\\\/2024\\\/07\\\/30\\\/la-formacion-de-argentina-sub-23-vs-ucrania-por-los-juegos-olimpicos-2024\\\/\"},\"wordCount\":297,\"publisher\":{\"@id\":\"https:\\\/\\\/diariotextual.com\\\/inicio\\\/#organization\"},\"image\":{\"@id\":\"https:\\\/\\\/diariotextual.com\\\/inicio\\\/index.php\\\/2024\\\/07\\\/30\\\/la-formacion-de-argentina-sub-23-vs-ucrania-por-los-juegos-olimpicos-2024\\\/#primaryimage\"},\"thumbnailUrl\":\"https:\\\/\\\/diariotextual.com\\\/inicio\\\/wp-content\\\/uploads\\\/2024\\\/07\\\/seleccionargentinajuegosolimpicos2024-3.jpg\",\"articleSection\":[\"DEPORTES\"],\"inLanguage\":\"es\"},{\"@type\":\"WebPage\",\"@id\":\"https:\\\/\\\/diariotextual.com\\\/inicio\\\/index.php\\\/2024\\\/07\\\/30\\\/la-formacion-de-argentina-sub-23-vs-ucrania-por-los-juegos-olimpicos-2024\\\/\",\"url\":\"https:\\\/\\\/diariotextual.com\\\/inicio\\\/index.php\\\/2024\\\/07\\\/30\\\/la-formacion-de-argentina-sub-23-vs-ucrania-por-los-juegos-olimpicos-2024\\\/\",\"name\":\"La formaci\u00f3n de Argentina Sub 23 vs. Ucrania, por los Juegos Ol\u00edmpicos 2024 - Diario Textual\",\"isPartOf\":{\"@id\":\"https:\\\/\\\/diariotextual.com\\\/inicio\\\/#website\"},\"primaryImageOfPage\":{\"@id\":\"https:\\\/\\\/diariotextual.com\\\/inicio\\\/index.php\\\/2024\\\/07\\\/30\\\/la-formacion-de-argentina-sub-23-vs-ucrania-por-los-juegos-olimpicos-2024\\\/#primaryimage\"},\"image\":{\"@id\":\"https:\\\/\\\/diariotextual.com\\\/inicio\\\/index.php\\\/2024\\\/07\\\/30\\\/la-formacion-de-argentina-sub-23-vs-ucrania-por-los-juegos-olimpicos-2024\\\/#primaryimage\"},\"thumbnailUrl\":\"https:\\\/\\\/diariotextual.com\\\/inicio\\\/wp-content\\\/uploads\\\/2024\\\/07\\\/seleccionargentinajuegosolimpicos2024-3.jpg\",\"datePublished\":\"2024-07-30T10:27:33+00:00\",\"dateModified\":\"2024-07-30T20:44:53+00:00\",\"breadcrumb\":{\"@id\":\"https:\\\/\\\/diariotextual.com\\\/inicio\\\/index.php\\\/2024\\\/07\\\/30\\\/la-formacion-de-argentina-sub-23-vs-ucrania-por-los-juegos-olimpicos-2024\\\/#breadcrumb\"},\"inLanguage\":\"es\",\"potentialAction\":[{\"@type\":\"ReadAction\",\"target\":[\"https:\\\/\\\/diariotextual.com\\\/inicio\\\/index.php\\\/2024\\\/07\\\/30\\\/la-formacion-de-argentina-sub-23-vs-ucrania-por-los-juegos-olimpicos-2024\\\/\"]}]},{\"@type\":\"ImageObject\",\"inLanguage\":\"es\",\"@id\":\"https:\\\/\\\/diariotextual.com\\\/inicio\\\/index.php\\\/2024\\\/07\\\/30\\\/la-formacion-de-argentina-sub-23-vs-ucrania-por-los-juegos-olimpicos-2024\\\/#primaryimage\",\"url\":\"https:\\\/\\\/diariotextual.com\\\/inicio\\\/wp-content\\\/uploads\\\/2024\\\/07\\\/seleccionargentinajuegosolimpicos2024-3.jpg\",\"contentUrl\":\"https:\\\/\\\/diariotextual.com\\\/inicio\\\/wp-content\\\/uploads\\\/2024\\\/07\\\/seleccionargentinajuegosolimpicos2024-3.jpg\",\"width\":1400,\"height\":907},{\"@type\":\"BreadcrumbList\",\"@id\":\"https:\\\/\\\/diariotextual.com\\\/inicio\\\/index.php\\\/2024\\\/07\\\/30\\\/la-formacion-de-argentina-sub-23-vs-ucrania-por-los-juegos-olimpicos-2024\\\/#breadcrumb\",\"itemListElement\":[{\"@type\":\"ListItem\",\"position\":1,\"name\":\"Portada\",\"item\":\"https:\\\/\\\/diariotextual.com\\\/inicio\\\/\"},{\"@type\":\"ListItem\",\"position\":2,\"name\":\"La formaci\u00f3n de Argentina Sub 23 vs. Ucrania, por los Juegos Ol\u00edmpicos 2024\"}]},{\"@type\":\"WebSite\",\"@id\":\"https:\\\/\\\/diariotextual.com\\\/inicio\\\/#website\",\"url\":\"https:\\\/\\\/diariotextual.com\\\/inicio\\\/\",\"name\":\"Diario Textual\",\"description\":\"\",\"publisher\":{\"@id\":\"https:\\\/\\\/diariotextual.com\\\/inicio\\\/#organization\"},\"potentialAction\":[{\"@type\":\"SearchAction\",\"target\":{\"@type\":\"EntryPoint\",\"urlTemplate\":\"https:\\\/\\\/diariotextual.com\\\/inicio\\\/?s={search_term_string}\"},\"query-input\":{\"@type\":\"PropertyValueSpecification\",\"valueRequired\":true,\"valueName\":\"search_term_string\"}}],\"inLanguage\":\"es\"},{\"@type\":\"Organization\",\"@id\":\"https:\\\/\\\/diariotextual.com\\\/inicio\\\/#organization\",\"name\":\"Diario Textual\",\"url\":\"https:\\\/\\\/diariotextual.com\\\/inicio\\\/\",\"logo\":{\"@type\":\"ImageObject\",\"inLanguage\":\"es\",\"@id\":\"https:\\\/\\\/diariotextual.com\\\/inicio\\\/#\\\/schema\\\/logo\\\/image\\\/\",\"url\":\"https:\\\/\\\/diariotextual.com\\\/inicio\\\/wp-content\\\/uploads\\\/2023\\\/05\\\/logotextual1.jpg\",\"contentUrl\":\"https:\\\/\\\/diariotextual.com\\\/inicio\\\/wp-content\\\/uploads\\\/2023\\\/05\\\/logotextual1.jpg\",\"width\":516,\"height\":76,\"caption\":\"Diario Textual\"},\"image\":{\"@id\":\"https:\\\/\\\/diariotextual.com\\\/inicio\\\/#\\\/schema\\\/logo\\\/image\\\/\"},\"sameAs\":[\"https:\\\/\\\/www.facebook.com\\\/eltextual\",\"https:\\\/\\\/x.com\\\/eltextual\",\"http:\\\/\\\/www.instagram.com\\\/eltextual\"]},{\"@type\":\"Person\",\"@id\":\"https:\\\/\\\/diariotextual.com\\\/inicio\\\/#\\\/schema\\\/person\\\/418fc4093c33e86ed41562db3508f958\",\"name\":\"Diario1 Diario1\",\"image\":{\"@type\":\"ImageObject\",\"inLanguage\":\"es\",\"@id\":\"https:\\\/\\\/secure.gravatar.com\\\/avatar\\\/9167d280179c85bc18be67aa7eda765854300033af4896dd779b608640f2ef7a?s=96&d=mm&r=g\",\"url\":\"https:\\\/\\\/secure.gravatar.com\\\/avatar\\\/9167d280179c85bc18be67aa7eda765854300033af4896dd779b608640f2ef7a?s=96&d=mm&r=g\",\"contentUrl\":\"https:\\\/\\\/secure.gravatar.com\\\/avatar\\\/9167d280179c85bc18be67aa7eda765854300033af4896dd779b608640f2ef7a?s=96&d=mm&r=g\",\"caption\":\"Diario1 Diario1\"},\"url\":\"https:\\\/\\\/diariotextual.com\\\/inicio\\\/index.php\\\/author\\\/diario1\\\/\"}]}<\/script>\n<!-- \/ Yoast SEO plugin. -->","yoast_head_json":{"title":"La formaci\u00f3n de Argentina Sub 23 vs. Ucrania, por los Juegos Ol\u00edmpicos 2024 - Diario Textual","robots":{"index":"index","follow":"follow","max-snippet":"max-snippet:-1","max-image-preview":"max-image-preview:large","max-video-preview":"max-video-preview:-1"},"canonical":"https:\/\/diariotextual.com\/inicio\/index.php\/2024\/07\/30\/la-formacion-de-argentina-sub-23-vs-ucrania-por-los-juegos-olimpicos-2024\/","og_locale":"es_ES","og_type":"article","og_title":"La formaci\u00f3n de Argentina Sub 23 vs. Ucrania, por los Juegos Ol\u00edmpicos 2024 - Diario Textual","og_description":"Javier Mascherano\u00a0defini\u00f3 el once de la\u00a0Selecci\u00f3n Argentina Sub 23 que enfrentar\u00e1 a Ucrania\u00a0este martes, desde las 12 en el Estadio de Lyon, por la tercera fecha del grupo B de&hellip;","og_url":"https:\/\/diariotextual.com\/inicio\/index.php\/2024\/07\/30\/la-formacion-de-argentina-sub-23-vs-ucrania-por-los-juegos-olimpicos-2024\/","og_site_name":"Diario Textual","article_publisher":"https:\/\/www.facebook.com\/eltextual","article_published_time":"2024-07-30T10:27:33+00:00","article_modified_time":"2024-07-30T20:44:53+00:00","og_image":[{"width":1400,"height":907,"url":"https:\/\/diariotextual.com\/inicio\/wp-content\/uploads\/2024\/07\/seleccionargentinajuegosolimpicos2024-3.jpg","type":"image\/jpeg"}],"author":"Diario1 Diario1","twitter_card":"summary_large_image","twitter_creator":"@eltextual","twitter_site":"@eltextual","twitter_misc":{"Escrito por":"Diario1 Diario1","Tiempo de lectura":"2 minutos"},"schema":{"@context":"https:\/\/schema.org","@graph":[{"@type":"Article","@id":"https:\/\/diariotextual.com\/inicio\/index.php\/2024\/07\/30\/la-formacion-de-argentina-sub-23-vs-ucrania-por-los-juegos-olimpicos-2024\/#article","isPartOf":{"@id":"https:\/\/diariotextual.com\/inicio\/index.php\/2024\/07\/30\/la-formacion-de-argentina-sub-23-vs-ucrania-por-los-juegos-olimpicos-2024\/"},"author":{"name":"Diario1 Diario1","@id":"https:\/\/diariotextual.com\/inicio\/#\/schema\/person\/418fc4093c33e86ed41562db3508f958"},"headline":"La formaci\u00f3n de Argentina Sub 23 vs. Ucrania, por los Juegos Ol\u00edmpicos 2024","datePublished":"2024-07-30T10:27:33+00:00","dateModified":"2024-07-30T20:44:53+00:00","mainEntityOfPage":{"@id":"https:\/\/diariotextual.com\/inicio\/index.php\/2024\/07\/30\/la-formacion-de-argentina-sub-23-vs-ucrania-por-los-juegos-olimpicos-2024\/"},"wordCount":297,"publisher":{"@id":"https:\/\/diariotextual.com\/inicio\/#organization"},"image":{"@id":"https:\/\/diariotextual.com\/inicio\/index.php\/2024\/07\/30\/la-formacion-de-argentina-sub-23-vs-ucrania-por-los-juegos-olimpicos-2024\/#primaryimage"},"thumbnailUrl":"https:\/\/diariotextual.com\/inicio\/wp-content\/uploads\/2024\/07\/seleccionargentinajuegosolimpicos2024-3.jpg","articleSection":["DEPORTES"],"inLanguage":"es"},{"@type":"WebPage","@id":"https:\/\/diariotextual.com\/inicio\/index.php\/2024\/07\/30\/la-formacion-de-argentina-sub-23-vs-ucrania-por-los-juegos-olimpicos-2024\/","url":"https:\/\/diariotextual.com\/inicio\/index.php\/2024\/07\/30\/la-formacion-de-argentina-sub-23-vs-ucrania-por-los-juegos-olimpicos-2024\/","name":"La formaci\u00f3n de Argentina Sub 23 vs. Ucrania, por los Juegos Ol\u00edmpicos 2024 - Diario Textual","isPartOf":{"@id":"https:\/\/diariotextual.com\/inicio\/#website"},"primaryImageOfPage":{"@id":"https:\/\/diariotextual.com\/inicio\/index.php\/2024\/07\/30\/la-formacion-de-argentina-sub-23-vs-ucrania-por-los-juegos-olimpicos-2024\/#primaryimage"},"image":{"@id":"https:\/\/diariotextual.com\/inicio\/index.php\/2024\/07\/30\/la-formacion-de-argentina-sub-23-vs-ucrania-por-los-juegos-olimpicos-2024\/#primaryimage"},"thumbnailUrl":"https:\/\/diariotextual.com\/inicio\/wp-content\/uploads\/2024\/07\/seleccionargentinajuegosolimpicos2024-3.jpg","datePublished":"2024-07-30T10:27:33+00:00","dateModified":"2024-07-30T20:44:53+00:00","breadcrumb":{"@id":"https:\/\/diariotextual.com\/inicio\/index.php\/2024\/07\/30\/la-formacion-de-argentina-sub-23-vs-ucrania-por-los-juegos-olimpicos-2024\/#breadcrumb"},"inLanguage":"es","potentialAction":[{"@type":"ReadAction","target":["https:\/\/diariotextual.com\/inicio\/index.php\/2024\/07\/30\/la-formacion-de-argentina-sub-23-vs-ucrania-por-los-juegos-olimpicos-2024\/"]}]},{"@type":"ImageObject","inLanguage":"es","@id":"https:\/\/diariotextual.com\/inicio\/index.php\/2024\/07\/30\/la-formacion-de-argentina-sub-23-vs-ucrania-por-los-juegos-olimpicos-2024\/#primaryimage","url":"https:\/\/diariotextual.com\/inicio\/wp-content\/uploads\/2024\/07\/seleccionargentinajuegosolimpicos2024-3.jpg","contentUrl":"https:\/\/diariotextual.com\/inicio\/wp-content\/uploads\/2024\/07\/seleccionargentinajuegosolimpicos2024-3.jpg","width":1400,"height":907},{"@type":"BreadcrumbList","@id":"https:\/\/diariotextual.com\/inicio\/index.php\/2024\/07\/30\/la-formacion-de-argentina-sub-23-vs-ucrania-por-los-juegos-olimpicos-2024\/#breadcrumb","itemListElement":[{"@type":"ListItem","position":1,"name":"Portada","item":"https:\/\/diariotextual.com\/inicio\/"},{"@type":"ListItem","position":2,"name":"La formaci\u00f3n de Argentina Sub 23 vs. Ucrania, por los Juegos Ol\u00edmpicos 2024"}]},{"@type":"WebSite","@id":"https:\/\/diariotextual.com\/inicio\/#website","url":"https:\/\/diariotextual.com\/inicio\/","name":"Diario Textual","description":"","publisher":{"@id":"https:\/\/diariotextual.com\/inicio\/#organization"},"potentialAction":[{"@type":"SearchAction","target":{"@type":"EntryPoint","urlTemplate":"https:\/\/diariotextual.com\/inicio\/?s={search_term_string}"},"query-input":{"@type":"PropertyValueSpecification","valueRequired":true,"valueName":"search_term_string"}}],"inLanguage":"es"},{"@type":"Organization","@id":"https:\/\/diariotextual.com\/inicio\/#organization","name":"Diario Textual","url":"https:\/\/diariotextual.com\/inicio\/","logo":{"@type":"ImageObject","inLanguage":"es","@id":"https:\/\/diariotextual.com\/inicio\/#\/schema\/logo\/image\/","url":"https:\/\/diariotextual.com\/inicio\/wp-content\/uploads\/2023\/05\/logotextual1.jpg","contentUrl":"https:\/\/diariotextual.com\/inicio\/wp-content\/uploads\/2023\/05\/logotextual1.jpg","width":516,"height":76,"caption":"Diario Textual"},"image":{"@id":"https:\/\/diariotextual.com\/inicio\/#\/schema\/logo\/image\/"},"sameAs":["https:\/\/www.facebook.com\/eltextual","https:\/\/x.com\/eltextual","http:\/\/www.instagram.com\/eltextual"]},{"@type":"Person","@id":"https:\/\/diariotextual.com\/inicio\/#\/schema\/person\/418fc4093c33e86ed41562db3508f958","name":"Diario1 Diario1","image":{"@type":"ImageObject","inLanguage":"es","@id":"https:\/\/secure.gravatar.com\/avatar\/9167d280179c85bc18be67aa7eda765854300033af4896dd779b608640f2ef7a?s=96&d=mm&r=g","url":"https:\/\/secure.gravatar.com\/avatar\/9167d280179c85bc18be67aa7eda765854300033af4896dd779b608640f2ef7a?s=96&d=mm&r=g","contentUrl":"https:\/\/secure.gravatar.com\/avatar\/9167d280179c85bc18be67aa7eda765854300033af4896dd779b608640f2ef7a?s=96&d=mm&r=g","caption":"Diario1 Diario1"},"url":"https:\/\/diariotextual.com\/inicio\/index.php\/author\/diario1\/"}]}},"_links":{"self":[{"href":"https:\/\/diariotextual.com\/inicio\/index.php\/wp-json\/wp\/v2\/posts\/270973","targetHints":{"allow":["GET"]}}],"collection":[{"href":"https:\/\/diariotextual.com\/inicio\/index.php\/wp-json\/wp\/v2\/posts"}],"about":[{"href":"https:\/\/diariotextual.com\/inicio\/index.php\/wp-json\/wp\/v2\/types\/post"}],"author":[{"embeddable":true,"href":"https:\/\/diariotextual.com\/inicio\/index.php\/wp-json\/wp\/v2\/users\/3"}],"replies":[{"embeddable":true,"href":"https:\/\/diariotextual.com\/inicio\/index.php\/wp-json\/wp\/v2\/comments?post=270973"}],"version-history":[{"count":1,"href":"https:\/\/diariotextual.com\/inicio\/index.php\/wp-json\/wp\/v2\/posts\/270973\/revisions"}],"predecessor-version":[{"id":270974,"href":"https:\/\/diariotextual.com\/inicio\/index.php\/wp-json\/wp\/v2\/posts\/270973\/revisions\/270974"}],"wp:featuredmedia":[{"embeddable":true,"href":"https:\/\/diariotextual.com\/inicio\/index.php\/wp-json\/wp\/v2\/media\/270799"}],"wp:attachment":[{"href":"https:\/\/diariotextual.com\/inicio\/index.php\/wp-json\/wp\/v2\/media?parent=270973"}],"wp:term":[{"taxonomy":"category","embeddable":true,"href":"https:\/\/diariotextual.com\/inicio\/index.php\/wp-json\/wp\/v2\/categories?post=270973"},{"taxonomy":"post_tag","embeddable":true,"href":"https:\/\/diariotextual.com\/inicio\/index.php\/wp-json\/wp\/v2\/tags?post=270973"}],"curies":[{"name":"wp","href":"https:\/\/api.w.org\/{rel}","templated":true}]}}