{"id":27102,"date":"2018-11-13T20:05:31","date_gmt":"2018-11-13T23:05:31","guid":{"rendered":"http:\/\/diariotextual.com\/inicio\/?p=27102"},"modified":"2018-11-13T20:05:31","modified_gmt":"2018-11-13T23:05:31","slug":"la-corte-suprema-definio-las-cuatro-sentencias-dictara-fin-ano","status":"publish","type":"post","link":"https:\/\/diariotextual.com\/inicio\/index.php\/2018\/11\/13\/la-corte-suprema-definio-las-cuatro-sentencias-dictara-fin-ano\/","title":{"rendered":"La Corte Suprema defini\u00f3 las cuatro sentencias que dictar\u00e1 antes de fin de a\u00f1o"},"content":{"rendered":"<p>La <strong>Corte Suprema de Justicia de la Naci\u00f3n<\/strong>\u00a0difundi\u00f3 por primera vez una agenda de fallos claves que ser\u00e1n emitidos antes de fin de a\u00f1o, entre los que se destacan uno referido sobre la obligaci\u00f3n o no de los jueces de tributar el impuesto a las Ganancias y otro sobre cu\u00e1l debe ser el \u00edndice de ajuste que se aplique a las jubilaciones.<\/p>\n<p>\u00abLa Corte Suprema resolvi\u00f3 en el Acuerdo de hoy fijar el siguiente calendario de sentencias\u00bb, anunci\u00f3 el m\u00e1ximo tribunal que, por primera vez, public\u00f3 la agenda de las sentencias m\u00e1s trascendentes que le quedan hasta fin de a\u00f1o, en el Centro de Informaci\u00f3n Judicial.<\/p>\n<p>En medio de cierto malestar entre algunos integrantes de la CSJN, ahora los jueces decidieron que, en primera instancia, <strong>el 27 de noviembre resolver\u00e1n la causa que se desprendi\u00f3 de una medida cautelar presentada por el Estado nacional contra una medida que impide que los integrantes del Poder Judicial sean alcanzados por el impuesto a las Ganancias<\/strong>.<\/p>\n<p>Lo que resolver\u00e1 la Corte no ser\u00e1 la cuesti\u00f3n de fondo (si los jueces y fiscales deben pagar ese impuesto), sino que se pronunciar\u00e1 respecto de una medida provisoria dictada por el juez Esteban Furnari en noviembre del a\u00f1o pasado.<\/p>\n<p>En su fallo, el magistrado hizo lugar a un amparo que present\u00f3 la Asociaci\u00f3n de Magistrados y Funcionarios de Justicia Nacional (AMFJN), y fren\u00f3 la aplicaci\u00f3n de la ley impulsada por el oficialismo que establece que todos los nuevos integrantes del Poder Judicial deben tributar Ganancias. El Estado apel\u00f3 la decisi\u00f3n de Furnari y el reclamo lleg\u00f3 a la Corte, que definir\u00e1 el martes 27.<\/p>\n<p>En segundo lugar, <strong>el m\u00e1ximo tribunal emitir\u00e1 sentencia el 4 de diciembre en relaci\u00f3n a la constitucionalidad o no de la aplicaci\u00f3n del beneficio del 2\u00d71<\/strong> (que cada a\u00f1o detenido antes del dictado de la sentencia se computa doble) para quienes cometieron delitos de lesa humanidad durante la \u00faltima dictadura militar. Cuando en mayo del a\u00f1o pasado el tribunal se pronunci\u00f3 a favor en una causa contra Luis Mui\u00f1a, cientos de miles de personas protestaron contra esa decisi\u00f3n en la calle y el Congreso aprob\u00f3 una ley que limita la aplicaci\u00f3n del beneficio.<\/p>\n<p><strong>El martes 11 de diciembre, la Corte Suprema dictar\u00e1 sentencia respecto de la constitucionalidad o no de la ley de lemas en la provincia de Santa Cruz<\/strong>. Un fallo de primera instancia ya dict\u00f3 la inconstitucionalidad de la ampliaci\u00f3n de la ley de lemas a los cargos de gobernador y vicegobernador, aplicada a instancias del Gobierno santacruce\u00f1o en las elecciones de 2015.<\/p>\n<p>Pero el Tribunal Superior de Justicia de la provincia confirm\u00f3 la validez de ese cambio en la ley de lemas, lo cual dio lugar a un recurso ante el m\u00e1ximo tribunal del pa\u00eds.<\/p>\n<p>En los comicios de 2015, el actual senador Eduardo Costa (UCR) fue el candidato m\u00e1s votado del lema Uni\u00f3n para Vivir Mejor\/Cambiemos, aunque por la reforma, Alicia Kirchner fue electa gobernadora con la suma de los votos del candidato del Partido Justicialista, el ex gobernador Daniel Peralta.<\/p>\n<p>Por \u00faltimo, <strong>el m\u00e1ximo tribunal dej\u00f3 para el 18 de diciembre la definici\u00f3n que tiene en vilo al oficialismo: se trata de la resoluci\u00f3n de un caso de un jubilado que le reclam\u00f3 al Estado que deber\u00eda cobrar m\u00e1s de lo que le pagan por la Reparaci\u00f3n Hist\u00f3rica,<\/strong> y que podr\u00eda tener impacto en m\u00e1s de 150 mil juicios impulsados por otras personas de la tercera edad con reclamos similares.<\/p>\n<p>Cambiemos est\u00e1 pendiente de esta decisi\u00f3n de la Corte, porque un fallo a favor de Lucio Orlando Blanco, el jubilado que protagoniza el reclamo, podr\u00eda ser problem\u00e1tico para las cuentas de la ANSES en el marco de un fuerte ajuste en los gastos del Estado con el objetivo de alcanzar el d\u00e9ficit cero exigido por el FMI.<\/p>\n<p>&nbsp;<\/p>\n<p>&nbsp;<\/p>\n<p>&nbsp;<\/p>\n<p>&nbsp;<\/p>\n<p>&nbsp;<\/p>\n","protected":false},"excerpt":{"rendered":"<p>La Corte Suprema de Justicia de la Naci\u00f3n\u00a0difundi\u00f3 por primera vez una agenda de fallos claves que ser\u00e1n emitidos antes de fin de a\u00f1o, entre los que se destacan uno&hellip;<\/p>\n","protected":false},"author":3,"featured_media":26132,"comment_status":"closed","ping_status":"open","sticky":false,"template":"","format":"standard","meta":{"_acf_changed":false,"footnotes":""},"categories":[4,12],"tags":[],"class_list":["post-27102","post","type-post","status-publish","format-standard","has-post-thumbnail","hentry","category-destacadas","category-sociedad"],"acf":[],"yoast_head":"<!-- This site is optimized with the Yoast SEO plugin v27.5 - https:\/\/yoast.com\/product\/yoast-seo-wordpress\/ -->\n<title>La Corte Suprema defini\u00f3 las cuatro sentencias que dictar\u00e1 antes de fin de a\u00f1o - Diario Textual<\/title>\n<meta name=\"robots\" content=\"index, follow, max-snippet:-1, max-image-preview:large, max-video-preview:-1\" \/>\n<link rel=\"canonical\" href=\"https:\/\/diariotextual.com\/inicio\/index.php\/2018\/11\/13\/la-corte-suprema-definio-las-cuatro-sentencias-dictara-fin-ano\/\" \/>\n<meta property=\"og:locale\" content=\"es_ES\" \/>\n<meta property=\"og:type\" content=\"article\" \/>\n<meta property=\"og:title\" content=\"La Corte Suprema defini\u00f3 las cuatro sentencias que dictar\u00e1 antes de fin de a\u00f1o - Diario Textual\" \/>\n<meta property=\"og:description\" content=\"La Corte Suprema de Justicia de la Naci\u00f3n\u00a0difundi\u00f3 por primera vez una agenda de fallos claves que ser\u00e1n emitidos antes de fin de a\u00f1o, entre los que se destacan uno&hellip;\" \/>\n<meta property=\"og:url\" content=\"https:\/\/diariotextual.com\/inicio\/index.php\/2018\/11\/13\/la-corte-suprema-definio-las-cuatro-sentencias-dictara-fin-ano\/\" \/>\n<meta property=\"og:site_name\" content=\"Diario Textual\" \/>\n<meta property=\"article:publisher\" content=\"https:\/\/www.facebook.com\/eltextual\" \/>\n<meta property=\"article:published_time\" content=\"2018-11-13T23:05:31+00:00\" \/>\n<meta property=\"og:image\" content=\"https:\/\/diariotextual.com\/inicio\/wp-content\/uploads\/2018\/11\/cortesupremaministros2018-1.jpg\" \/>\n\t<meta property=\"og:image:width\" content=\"1200\" \/>\n\t<meta property=\"og:image:height\" content=\"732\" \/>\n\t<meta property=\"og:image:type\" content=\"image\/jpeg\" \/>\n<meta name=\"author\" content=\"Diario1 Diario1\" \/>\n<meta name=\"twitter:card\" content=\"summary_large_image\" \/>\n<meta name=\"twitter:creator\" content=\"@eltextual\" \/>\n<meta name=\"twitter:site\" content=\"@eltextual\" \/>\n<meta name=\"twitter:label1\" content=\"Escrito por\" \/>\n\t<meta name=\"twitter:data1\" content=\"Diario1 Diario1\" \/>\n\t<meta name=\"twitter:label2\" content=\"Tiempo de lectura\" \/>\n\t<meta name=\"twitter:data2\" content=\"3 minutos\" \/>\n<script type=\"application\/ld+json\" class=\"yoast-schema-graph\">{\"@context\":\"https:\\\/\\\/schema.org\",\"@graph\":[{\"@type\":\"Article\",\"@id\":\"https:\\\/\\\/diariotextual.com\\\/inicio\\\/index.php\\\/2018\\\/11\\\/13\\\/la-corte-suprema-definio-las-cuatro-sentencias-dictara-fin-ano\\\/#article\",\"isPartOf\":{\"@id\":\"https:\\\/\\\/diariotextual.com\\\/inicio\\\/index.php\\\/2018\\\/11\\\/13\\\/la-corte-suprema-definio-las-cuatro-sentencias-dictara-fin-ano\\\/\"},\"author\":{\"name\":\"Diario1 Diario1\",\"@id\":\"https:\\\/\\\/diariotextual.com\\\/inicio\\\/#\\\/schema\\\/person\\\/418fc4093c33e86ed41562db3508f958\"},\"headline\":\"La Corte Suprema defini\u00f3 las cuatro sentencias que dictar\u00e1 antes de fin de a\u00f1o\",\"datePublished\":\"2018-11-13T23:05:31+00:00\",\"mainEntityOfPage\":{\"@id\":\"https:\\\/\\\/diariotextual.com\\\/inicio\\\/index.php\\\/2018\\\/11\\\/13\\\/la-corte-suprema-definio-las-cuatro-sentencias-dictara-fin-ano\\\/\"},\"wordCount\":685,\"publisher\":{\"@id\":\"https:\\\/\\\/diariotextual.com\\\/inicio\\\/#organization\"},\"image\":{\"@id\":\"https:\\\/\\\/diariotextual.com\\\/inicio\\\/index.php\\\/2018\\\/11\\\/13\\\/la-corte-suprema-definio-las-cuatro-sentencias-dictara-fin-ano\\\/#primaryimage\"},\"thumbnailUrl\":\"https:\\\/\\\/diariotextual.com\\\/inicio\\\/wp-content\\\/uploads\\\/2018\\\/11\\\/cortesupremaministros2018-1.jpg\",\"articleSection\":[\"A - DESTACADAS (mod 16)\",\"SOCIEDAD\"],\"inLanguage\":\"es\"},{\"@type\":\"WebPage\",\"@id\":\"https:\\\/\\\/diariotextual.com\\\/inicio\\\/index.php\\\/2018\\\/11\\\/13\\\/la-corte-suprema-definio-las-cuatro-sentencias-dictara-fin-ano\\\/\",\"url\":\"https:\\\/\\\/diariotextual.com\\\/inicio\\\/index.php\\\/2018\\\/11\\\/13\\\/la-corte-suprema-definio-las-cuatro-sentencias-dictara-fin-ano\\\/\",\"name\":\"La Corte Suprema defini\u00f3 las cuatro sentencias que dictar\u00e1 antes de fin de a\u00f1o - Diario Textual\",\"isPartOf\":{\"@id\":\"https:\\\/\\\/diariotextual.com\\\/inicio\\\/#website\"},\"primaryImageOfPage\":{\"@id\":\"https:\\\/\\\/diariotextual.com\\\/inicio\\\/index.php\\\/2018\\\/11\\\/13\\\/la-corte-suprema-definio-las-cuatro-sentencias-dictara-fin-ano\\\/#primaryimage\"},\"image\":{\"@id\":\"https:\\\/\\\/diariotextual.com\\\/inicio\\\/index.php\\\/2018\\\/11\\\/13\\\/la-corte-suprema-definio-las-cuatro-sentencias-dictara-fin-ano\\\/#primaryimage\"},\"thumbnailUrl\":\"https:\\\/\\\/diariotextual.com\\\/inicio\\\/wp-content\\\/uploads\\\/2018\\\/11\\\/cortesupremaministros2018-1.jpg\",\"datePublished\":\"2018-11-13T23:05:31+00:00\",\"breadcrumb\":{\"@id\":\"https:\\\/\\\/diariotextual.com\\\/inicio\\\/index.php\\\/2018\\\/11\\\/13\\\/la-corte-suprema-definio-las-cuatro-sentencias-dictara-fin-ano\\\/#breadcrumb\"},\"inLanguage\":\"es\",\"potentialAction\":[{\"@type\":\"ReadAction\",\"target\":[\"https:\\\/\\\/diariotextual.com\\\/inicio\\\/index.php\\\/2018\\\/11\\\/13\\\/la-corte-suprema-definio-las-cuatro-sentencias-dictara-fin-ano\\\/\"]}]},{\"@type\":\"ImageObject\",\"inLanguage\":\"es\",\"@id\":\"https:\\\/\\\/diariotextual.com\\\/inicio\\\/index.php\\\/2018\\\/11\\\/13\\\/la-corte-suprema-definio-las-cuatro-sentencias-dictara-fin-ano\\\/#primaryimage\",\"url\":\"https:\\\/\\\/diariotextual.com\\\/inicio\\\/wp-content\\\/uploads\\\/2018\\\/11\\\/cortesupremaministros2018-1.jpg\",\"contentUrl\":\"https:\\\/\\\/diariotextual.com\\\/inicio\\\/wp-content\\\/uploads\\\/2018\\\/11\\\/cortesupremaministros2018-1.jpg\",\"width\":1200,\"height\":732},{\"@type\":\"BreadcrumbList\",\"@id\":\"https:\\\/\\\/diariotextual.com\\\/inicio\\\/index.php\\\/2018\\\/11\\\/13\\\/la-corte-suprema-definio-las-cuatro-sentencias-dictara-fin-ano\\\/#breadcrumb\",\"itemListElement\":[{\"@type\":\"ListItem\",\"position\":1,\"name\":\"Portada\",\"item\":\"https:\\\/\\\/diariotextual.com\\\/inicio\\\/\"},{\"@type\":\"ListItem\",\"position\":2,\"name\":\"La Corte Suprema defini\u00f3 las cuatro sentencias que dictar\u00e1 antes de fin de a\u00f1o\"}]},{\"@type\":\"WebSite\",\"@id\":\"https:\\\/\\\/diariotextual.com\\\/inicio\\\/#website\",\"url\":\"https:\\\/\\\/diariotextual.com\\\/inicio\\\/\",\"name\":\"Diario Textual\",\"description\":\"\",\"publisher\":{\"@id\":\"https:\\\/\\\/diariotextual.com\\\/inicio\\\/#organization\"},\"potentialAction\":[{\"@type\":\"SearchAction\",\"target\":{\"@type\":\"EntryPoint\",\"urlTemplate\":\"https:\\\/\\\/diariotextual.com\\\/inicio\\\/?s={search_term_string}\"},\"query-input\":{\"@type\":\"PropertyValueSpecification\",\"valueRequired\":true,\"valueName\":\"search_term_string\"}}],\"inLanguage\":\"es\"},{\"@type\":\"Organization\",\"@id\":\"https:\\\/\\\/diariotextual.com\\\/inicio\\\/#organization\",\"name\":\"Diario Textual\",\"url\":\"https:\\\/\\\/diariotextual.com\\\/inicio\\\/\",\"logo\":{\"@type\":\"ImageObject\",\"inLanguage\":\"es\",\"@id\":\"https:\\\/\\\/diariotextual.com\\\/inicio\\\/#\\\/schema\\\/logo\\\/image\\\/\",\"url\":\"https:\\\/\\\/diariotextual.com\\\/inicio\\\/wp-content\\\/uploads\\\/2023\\\/05\\\/logotextual1.jpg\",\"contentUrl\":\"https:\\\/\\\/diariotextual.com\\\/inicio\\\/wp-content\\\/uploads\\\/2023\\\/05\\\/logotextual1.jpg\",\"width\":516,\"height\":76,\"caption\":\"Diario Textual\"},\"image\":{\"@id\":\"https:\\\/\\\/diariotextual.com\\\/inicio\\\/#\\\/schema\\\/logo\\\/image\\\/\"},\"sameAs\":[\"https:\\\/\\\/www.facebook.com\\\/eltextual\",\"https:\\\/\\\/x.com\\\/eltextual\",\"http:\\\/\\\/www.instagram.com\\\/eltextual\"]},{\"@type\":\"Person\",\"@id\":\"https:\\\/\\\/diariotextual.com\\\/inicio\\\/#\\\/schema\\\/person\\\/418fc4093c33e86ed41562db3508f958\",\"name\":\"Diario1 Diario1\",\"image\":{\"@type\":\"ImageObject\",\"inLanguage\":\"es\",\"@id\":\"https:\\\/\\\/secure.gravatar.com\\\/avatar\\\/9167d280179c85bc18be67aa7eda765854300033af4896dd779b608640f2ef7a?s=96&d=mm&r=g\",\"url\":\"https:\\\/\\\/secure.gravatar.com\\\/avatar\\\/9167d280179c85bc18be67aa7eda765854300033af4896dd779b608640f2ef7a?s=96&d=mm&r=g\",\"contentUrl\":\"https:\\\/\\\/secure.gravatar.com\\\/avatar\\\/9167d280179c85bc18be67aa7eda765854300033af4896dd779b608640f2ef7a?s=96&d=mm&r=g\",\"caption\":\"Diario1 Diario1\"},\"url\":\"https:\\\/\\\/diariotextual.com\\\/inicio\\\/index.php\\\/author\\\/diario1\\\/\"}]}<\/script>\n<!-- \/ Yoast SEO plugin. -->","yoast_head_json":{"title":"La Corte Suprema defini\u00f3 las cuatro sentencias que dictar\u00e1 antes de fin de a\u00f1o - Diario Textual","robots":{"index":"index","follow":"follow","max-snippet":"max-snippet:-1","max-image-preview":"max-image-preview:large","max-video-preview":"max-video-preview:-1"},"canonical":"https:\/\/diariotextual.com\/inicio\/index.php\/2018\/11\/13\/la-corte-suprema-definio-las-cuatro-sentencias-dictara-fin-ano\/","og_locale":"es_ES","og_type":"article","og_title":"La Corte Suprema defini\u00f3 las cuatro sentencias que dictar\u00e1 antes de fin de a\u00f1o - Diario Textual","og_description":"La Corte Suprema de Justicia de la Naci\u00f3n\u00a0difundi\u00f3 por primera vez una agenda de fallos claves que ser\u00e1n emitidos antes de fin de a\u00f1o, entre los que se destacan uno&hellip;","og_url":"https:\/\/diariotextual.com\/inicio\/index.php\/2018\/11\/13\/la-corte-suprema-definio-las-cuatro-sentencias-dictara-fin-ano\/","og_site_name":"Diario Textual","article_publisher":"https:\/\/www.facebook.com\/eltextual","article_published_time":"2018-11-13T23:05:31+00:00","og_image":[{"width":1200,"height":732,"url":"https:\/\/diariotextual.com\/inicio\/wp-content\/uploads\/2018\/11\/cortesupremaministros2018-1.jpg","type":"image\/jpeg"}],"author":"Diario1 Diario1","twitter_card":"summary_large_image","twitter_creator":"@eltextual","twitter_site":"@eltextual","twitter_misc":{"Escrito por":"Diario1 Diario1","Tiempo de lectura":"3 minutos"},"schema":{"@context":"https:\/\/schema.org","@graph":[{"@type":"Article","@id":"https:\/\/diariotextual.com\/inicio\/index.php\/2018\/11\/13\/la-corte-suprema-definio-las-cuatro-sentencias-dictara-fin-ano\/#article","isPartOf":{"@id":"https:\/\/diariotextual.com\/inicio\/index.php\/2018\/11\/13\/la-corte-suprema-definio-las-cuatro-sentencias-dictara-fin-ano\/"},"author":{"name":"Diario1 Diario1","@id":"https:\/\/diariotextual.com\/inicio\/#\/schema\/person\/418fc4093c33e86ed41562db3508f958"},"headline":"La Corte Suprema defini\u00f3 las cuatro sentencias que dictar\u00e1 antes de fin de a\u00f1o","datePublished":"2018-11-13T23:05:31+00:00","mainEntityOfPage":{"@id":"https:\/\/diariotextual.com\/inicio\/index.php\/2018\/11\/13\/la-corte-suprema-definio-las-cuatro-sentencias-dictara-fin-ano\/"},"wordCount":685,"publisher":{"@id":"https:\/\/diariotextual.com\/inicio\/#organization"},"image":{"@id":"https:\/\/diariotextual.com\/inicio\/index.php\/2018\/11\/13\/la-corte-suprema-definio-las-cuatro-sentencias-dictara-fin-ano\/#primaryimage"},"thumbnailUrl":"https:\/\/diariotextual.com\/inicio\/wp-content\/uploads\/2018\/11\/cortesupremaministros2018-1.jpg","articleSection":["A - DESTACADAS (mod 16)","SOCIEDAD"],"inLanguage":"es"},{"@type":"WebPage","@id":"https:\/\/diariotextual.com\/inicio\/index.php\/2018\/11\/13\/la-corte-suprema-definio-las-cuatro-sentencias-dictara-fin-ano\/","url":"https:\/\/diariotextual.com\/inicio\/index.php\/2018\/11\/13\/la-corte-suprema-definio-las-cuatro-sentencias-dictara-fin-ano\/","name":"La Corte Suprema defini\u00f3 las cuatro sentencias que dictar\u00e1 antes de fin de a\u00f1o - Diario Textual","isPartOf":{"@id":"https:\/\/diariotextual.com\/inicio\/#website"},"primaryImageOfPage":{"@id":"https:\/\/diariotextual.com\/inicio\/index.php\/2018\/11\/13\/la-corte-suprema-definio-las-cuatro-sentencias-dictara-fin-ano\/#primaryimage"},"image":{"@id":"https:\/\/diariotextual.com\/inicio\/index.php\/2018\/11\/13\/la-corte-suprema-definio-las-cuatro-sentencias-dictara-fin-ano\/#primaryimage"},"thumbnailUrl":"https:\/\/diariotextual.com\/inicio\/wp-content\/uploads\/2018\/11\/cortesupremaministros2018-1.jpg","datePublished":"2018-11-13T23:05:31+00:00","breadcrumb":{"@id":"https:\/\/diariotextual.com\/inicio\/index.php\/2018\/11\/13\/la-corte-suprema-definio-las-cuatro-sentencias-dictara-fin-ano\/#breadcrumb"},"inLanguage":"es","potentialAction":[{"@type":"ReadAction","target":["https:\/\/diariotextual.com\/inicio\/index.php\/2018\/11\/13\/la-corte-suprema-definio-las-cuatro-sentencias-dictara-fin-ano\/"]}]},{"@type":"ImageObject","inLanguage":"es","@id":"https:\/\/diariotextual.com\/inicio\/index.php\/2018\/11\/13\/la-corte-suprema-definio-las-cuatro-sentencias-dictara-fin-ano\/#primaryimage","url":"https:\/\/diariotextual.com\/inicio\/wp-content\/uploads\/2018\/11\/cortesupremaministros2018-1.jpg","contentUrl":"https:\/\/diariotextual.com\/inicio\/wp-content\/uploads\/2018\/11\/cortesupremaministros2018-1.jpg","width":1200,"height":732},{"@type":"BreadcrumbList","@id":"https:\/\/diariotextual.com\/inicio\/index.php\/2018\/11\/13\/la-corte-suprema-definio-las-cuatro-sentencias-dictara-fin-ano\/#breadcrumb","itemListElement":[{"@type":"ListItem","position":1,"name":"Portada","item":"https:\/\/diariotextual.com\/inicio\/"},{"@type":"ListItem","position":2,"name":"La Corte Suprema defini\u00f3 las cuatro sentencias que dictar\u00e1 antes de fin de a\u00f1o"}]},{"@type":"WebSite","@id":"https:\/\/diariotextual.com\/inicio\/#website","url":"https:\/\/diariotextual.com\/inicio\/","name":"Diario Textual","description":"","publisher":{"@id":"https:\/\/diariotextual.com\/inicio\/#organization"},"potentialAction":[{"@type":"SearchAction","target":{"@type":"EntryPoint","urlTemplate":"https:\/\/diariotextual.com\/inicio\/?s={search_term_string}"},"query-input":{"@type":"PropertyValueSpecification","valueRequired":true,"valueName":"search_term_string"}}],"inLanguage":"es"},{"@type":"Organization","@id":"https:\/\/diariotextual.com\/inicio\/#organization","name":"Diario Textual","url":"https:\/\/diariotextual.com\/inicio\/","logo":{"@type":"ImageObject","inLanguage":"es","@id":"https:\/\/diariotextual.com\/inicio\/#\/schema\/logo\/image\/","url":"https:\/\/diariotextual.com\/inicio\/wp-content\/uploads\/2023\/05\/logotextual1.jpg","contentUrl":"https:\/\/diariotextual.com\/inicio\/wp-content\/uploads\/2023\/05\/logotextual1.jpg","width":516,"height":76,"caption":"Diario Textual"},"image":{"@id":"https:\/\/diariotextual.com\/inicio\/#\/schema\/logo\/image\/"},"sameAs":["https:\/\/www.facebook.com\/eltextual","https:\/\/x.com\/eltextual","http:\/\/www.instagram.com\/eltextual"]},{"@type":"Person","@id":"https:\/\/diariotextual.com\/inicio\/#\/schema\/person\/418fc4093c33e86ed41562db3508f958","name":"Diario1 Diario1","image":{"@type":"ImageObject","inLanguage":"es","@id":"https:\/\/secure.gravatar.com\/avatar\/9167d280179c85bc18be67aa7eda765854300033af4896dd779b608640f2ef7a?s=96&d=mm&r=g","url":"https:\/\/secure.gravatar.com\/avatar\/9167d280179c85bc18be67aa7eda765854300033af4896dd779b608640f2ef7a?s=96&d=mm&r=g","contentUrl":"https:\/\/secure.gravatar.com\/avatar\/9167d280179c85bc18be67aa7eda765854300033af4896dd779b608640f2ef7a?s=96&d=mm&r=g","caption":"Diario1 Diario1"},"url":"https:\/\/diariotextual.com\/inicio\/index.php\/author\/diario1\/"}]}},"_links":{"self":[{"href":"https:\/\/diariotextual.com\/inicio\/index.php\/wp-json\/wp\/v2\/posts\/27102","targetHints":{"allow":["GET"]}}],"collection":[{"href":"https:\/\/diariotextual.com\/inicio\/index.php\/wp-json\/wp\/v2\/posts"}],"about":[{"href":"https:\/\/diariotextual.com\/inicio\/index.php\/wp-json\/wp\/v2\/types\/post"}],"author":[{"embeddable":true,"href":"https:\/\/diariotextual.com\/inicio\/index.php\/wp-json\/wp\/v2\/users\/3"}],"replies":[{"embeddable":true,"href":"https:\/\/diariotextual.com\/inicio\/index.php\/wp-json\/wp\/v2\/comments?post=27102"}],"version-history":[{"count":2,"href":"https:\/\/diariotextual.com\/inicio\/index.php\/wp-json\/wp\/v2\/posts\/27102\/revisions"}],"predecessor-version":[{"id":27104,"href":"https:\/\/diariotextual.com\/inicio\/index.php\/wp-json\/wp\/v2\/posts\/27102\/revisions\/27104"}],"wp:featuredmedia":[{"embeddable":true,"href":"https:\/\/diariotextual.com\/inicio\/index.php\/wp-json\/wp\/v2\/media\/26132"}],"wp:attachment":[{"href":"https:\/\/diariotextual.com\/inicio\/index.php\/wp-json\/wp\/v2\/media?parent=27102"}],"wp:term":[{"taxonomy":"category","embeddable":true,"href":"https:\/\/diariotextual.com\/inicio\/index.php\/wp-json\/wp\/v2\/categories?post=27102"},{"taxonomy":"post_tag","embeddable":true,"href":"https:\/\/diariotextual.com\/inicio\/index.php\/wp-json\/wp\/v2\/tags?post=27102"}],"curies":[{"name":"wp","href":"https:\/\/api.w.org\/{rel}","templated":true}]}}