{"id":272099,"date":"2024-08-10T11:09:07","date_gmt":"2024-08-10T14:09:07","guid":{"rendered":"https:\/\/diariotextual.com\/inicio\/?p=272099"},"modified":"2024-08-11T08:52:58","modified_gmt":"2024-08-11T11:52:58","slug":"intendentes-y-diputados-de-la-ucr-dicen-que-quieren-el-aporte-pero-con-sus-condiciones-su-punto-innegociable","status":"publish","type":"post","link":"https:\/\/diariotextual.com\/inicio\/index.php\/2024\/08\/10\/intendentes-y-diputados-de-la-ucr-dicen-que-quieren-el-aporte-pero-con-sus-condiciones-su-punto-innegociable\/","title":{"rendered":"Intendentes y diputados de la UCR dicen que quieren el aporte, pero con sus condiciones: su punto \u201cinnegociable\u201d"},"content":{"rendered":"\n<p>Dirigentes de todos los sectores de la<strong> UCR pampeana<\/strong> se reunieron anoche en el pueblo de<strong> Colonia Bar\u00f3n <\/strong>y uno de los temas m\u00e1s importantes gir\u00f3 en torno a la pulseada con el peronismo en la Legislatura por el proyecto de ley de aporte solidario: es una iniciativa urgente, <strong>ya que no queda dinero para cargar las tarjetas alimentarias de 23 mil familias<\/strong>, y <strong>los jefes comunales son conscientes que, de no haber acuerdo o una eventual reestructuraci\u00f3n de partidas, los vecinos ir\u00e1n a golpear las puertas de sus intendencias para recibir una ayuda directa<\/strong> de alimento.<\/p>\n\n\n\n<p>Los intendentes, como hab\u00eda adelantado <strong>Diario Textual<\/strong>, pidiero<strong>n explicaciones a los legisladores presentes de por qu\u00e9 no hab\u00edan dado quorum<\/strong> -por tercera vez, desde junio, con lo que se mantiene una paralizaci\u00f3n de la Legislatura- para avanzar con el proyecto que establece, por seis meses, una suba de impuestos para engrosar el fondo de asistencia alimentaria. <strong>\u201cNo se puede estar sin sesionar&#8230;\u201d<\/strong>, dijo uno de los presentes. Sin embargo, pese a que <strong>el PJ abri\u00f3 el di\u00e1logo y cedi\u00f3<\/strong> a casi todos los pedidos, <strong>los jefes comunales dieron expreso aval a una condici\u00f3n \u201cinnegociable\u201d que promete mantener paralizada la Legislatura por semanas: que el proyecto sea tratado como una ley especial, algo que el peronismo se niegan terminantemente.<\/strong><\/p>\n\n\n\n<p><strong>Los diputados respondieron que no quieren que se sigan subiendo impuestos -aunque sea por seis meses- y resaltaron que est\u00e1n \u201cmuy cerca\u201d de acordar con el oficialismo. <\/strong>Es que<strong> el peronismo ya ha cedido en casi todos los puntos pedidos por el radicalismo y el PRO<\/strong>: entre otros, esta semana acordaron que <strong>no se incluir\u00e1n en este aporte a los veh\u00edculos y los inmuebles de los grandes contribuyentes<\/strong>. \u201cEl di\u00e1logo con el Gobierno est\u00e1 abierto\u201d, intent\u00f3 tranquilizar otro.<\/p>\n\n\n\n<p>Hace unos d\u00edas, en otro encuentro en Ataliva Roca, los intendentes hab\u00edan pedido especialmente que se aprobara el proyecto del aporte. Los legisladores, sin embargo, el jueves no dieron quorum en la sesi\u00f3n. <strong>Y ahora ya no quedan fondos para pagar las tarjetas alimentarias a 23 mil familias pampeanas. De hecho, seg\u00fan avis\u00f3 el Gobierno provincial, el pr\u00f3ximo pago del refuerzo alimentario previsto para el 20 de agosto no se podr\u00e1 hacer.<\/strong><\/p>\n\n\n\n<p>\u00bfCu\u00e1les son los acuerdos que hay entre peronismo y oposici\u00f3n? Incluir al Casino Club; meter dentro de este aporte al Fondo de Desarrollo Comunal (Fodeco), con un 50% para el Ejecutivo y el otro 50% para las municipalidades y comisiones de fomento; retirar del aumento de impuestos al sector inmobiliario y a los veh\u00edculos de los grandes contribuyentes; y cobrarles a los funcionarios de mayores ingresos (quedan exceptuados los empleados).<\/p>\n\n\n\n<p>Como explic\u00f3 Diario Textual en la semana, actualmente son <strong>dos los principales escollos:<\/strong><\/p>\n\n\n\n<p>1-La oposici\u00f3n pide que el aporte sea tratado y aprobado como ley especial -es decir, con mayor\u00eda especial, por lo que de 30 legisladores en una sesi\u00f3n se requieren 16 votos- de acuerdo al art\u00edculo 69 de la Constituci\u00f3n provincial, en tanto que el peronismo se niega.<\/p>\n\n\n\n<p>2-La oposici\u00f3n pide que las entidades financieras no paguen el aporte. El peronismo, que pretende llevar Ingresos Brutos del 9 al 15%, tiene dos argumentos: que es el sector que m\u00e1s dinero ha ganado en los \u00faltimos a\u00f1os y que el Banco de La Pampa -que es la banca con mayor cantidad de clientes en la provincia- no trasladar\u00e1 los costos.<\/p>\n\n\n\n<p><strong>En el encuentro de Bar\u00f3n, en definitiva, hubo acuerdo en que la ley del aporte \u201cdebe salir s\u00ed o s\u00ed\u201d, pero llamativamente metieron la \u201ccondici\u00f3n innegociable del art\u00edculo 69\u201d que hace pr\u00e1cticamente inviable esa posibilidad: que sea tratada como una ley especial.<\/strong><\/p>\n\n\n\n<p>\u00bfPor qu\u00e9 al radicalismo le interesa que sea tratada como una ley especial? De esa manera, <strong>quedar\u00e1 un \u201cantecedente\u201d en la Legislatura <\/strong>que permitir\u00e1 tener un mayor control de los gastos del Gobierno.<\/p>\n\n\n\n<p>En Casa de Gobierno y el bloque del Frejupa (dominado por el PJ) sostienen que el aporte no puede ser tratado como ley especial. En su argumentaci\u00f3n, <strong>recuerdan que la aprobaci\u00f3n de la Ley de Presupuesto no necesita una mayor\u00eda especial y que el aporte, en definitiva, es una modificaci\u00f3n del presupuesto<\/strong>. Es decir, siguiendo su posici\u00f3n, ser\u00eda il\u00f3gico que se requiera la aprobaci\u00f3n del presupuesto por mayor\u00eda simple pero la aprobaci\u00f3n de cualquier otra norma que implique un gasto, o sea que la modifique, requiera de una mayor\u00eda especial. <strong>Para la oposici\u00f3n, sin embargo, el aporte es la creaci\u00f3n de un nuevo gasto.<\/strong><\/p>\n\n\n\n<p>En Bar\u00f3n hubo jefes comunales de la zona y autoridades partidarias y de diputados provinciales y legisladores nacionales. Entre otros, estuvieron representados Colonia Bar\u00f3n, Quem\u00fa Quem\u00fa, Villa Mirasol, Miguel Can\u00e9, Mauricio Mayer, Catril\u00f3, Toay, Parera, Alta Italia y General Acha.<\/p>\n\n\n\n<p><\/p>\n","protected":false},"excerpt":{"rendered":"<p>Dirigentes de todos los sectores de la UCR pampeana se reunieron anoche en el pueblo de Colonia Bar\u00f3n y uno de los temas m\u00e1s importantes gir\u00f3 en torno a la&hellip;<\/p>\n","protected":false},"author":3,"featured_media":272100,"comment_status":"closed","ping_status":"open","sticky":false,"template":"","format":"standard","meta":{"_acf_changed":false,"footnotes":""},"categories":[10,8],"tags":[],"class_list":["post-272099","post","type-post","status-publish","format-standard","has-post-thumbnail","hentry","category-portada-2","category-politica"],"acf":[],"yoast_head":"<!-- This site is optimized with the Yoast SEO plugin v27.5 - https:\/\/yoast.com\/product\/yoast-seo-wordpress\/ -->\n<title>Intendentes y diputados de la UCR dicen que quieren el aporte, pero con sus condiciones: su punto \u201cinnegociable\u201d - Diario Textual<\/title>\n<meta name=\"robots\" content=\"index, follow, max-snippet:-1, max-image-preview:large, max-video-preview:-1\" \/>\n<link rel=\"canonical\" href=\"https:\/\/diariotextual.com\/inicio\/index.php\/2024\/08\/10\/intendentes-y-diputados-de-la-ucr-dicen-que-quieren-el-aporte-pero-con-sus-condiciones-su-punto-innegociable\/\" \/>\n<meta property=\"og:locale\" content=\"es_ES\" \/>\n<meta property=\"og:type\" content=\"article\" \/>\n<meta property=\"og:title\" content=\"Intendentes y diputados de la UCR dicen que quieren el aporte, pero con sus condiciones: su punto \u201cinnegociable\u201d - Diario Textual\" \/>\n<meta property=\"og:description\" content=\"Dirigentes de todos los sectores de la UCR pampeana se reunieron anoche en el pueblo de Colonia Bar\u00f3n y uno de los temas m\u00e1s importantes gir\u00f3 en torno a la&hellip;\" \/>\n<meta property=\"og:url\" content=\"https:\/\/diariotextual.com\/inicio\/index.php\/2024\/08\/10\/intendentes-y-diputados-de-la-ucr-dicen-que-quieren-el-aporte-pero-con-sus-condiciones-su-punto-innegociable\/\" \/>\n<meta property=\"og:site_name\" content=\"Diario Textual\" \/>\n<meta property=\"article:publisher\" content=\"https:\/\/www.facebook.com\/eltextual\" \/>\n<meta property=\"article:published_time\" content=\"2024-08-10T14:09:07+00:00\" \/>\n<meta property=\"article:modified_time\" content=\"2024-08-11T11:52:58+00:00\" \/>\n<meta property=\"og:image\" content=\"https:\/\/diariotextual.com\/inicio\/wp-content\/uploads\/2024\/08\/ucrintendentesdiputadoscomiteprovinciareunionbaron2024-1.jpg\" \/>\n\t<meta property=\"og:image:width\" content=\"1500\" \/>\n\t<meta property=\"og:image:height\" content=\"853\" \/>\n\t<meta property=\"og:image:type\" content=\"image\/jpeg\" \/>\n<meta name=\"author\" content=\"Diario1 Diario1\" \/>\n<meta name=\"twitter:card\" content=\"summary_large_image\" \/>\n<meta name=\"twitter:creator\" content=\"@eltextual\" \/>\n<meta name=\"twitter:site\" content=\"@eltextual\" \/>\n<meta name=\"twitter:label1\" content=\"Escrito por\" \/>\n\t<meta name=\"twitter:data1\" content=\"Diario1 Diario1\" \/>\n\t<meta name=\"twitter:label2\" content=\"Tiempo de lectura\" \/>\n\t<meta name=\"twitter:data2\" content=\"4 minutos\" \/>\n<script type=\"application\/ld+json\" class=\"yoast-schema-graph\">{\"@context\":\"https:\\\/\\\/schema.org\",\"@graph\":[{\"@type\":\"Article\",\"@id\":\"https:\\\/\\\/diariotextual.com\\\/inicio\\\/index.php\\\/2024\\\/08\\\/10\\\/intendentes-y-diputados-de-la-ucr-dicen-que-quieren-el-aporte-pero-con-sus-condiciones-su-punto-innegociable\\\/#article\",\"isPartOf\":{\"@id\":\"https:\\\/\\\/diariotextual.com\\\/inicio\\\/index.php\\\/2024\\\/08\\\/10\\\/intendentes-y-diputados-de-la-ucr-dicen-que-quieren-el-aporte-pero-con-sus-condiciones-su-punto-innegociable\\\/\"},\"author\":{\"name\":\"Diario1 Diario1\",\"@id\":\"https:\\\/\\\/diariotextual.com\\\/inicio\\\/#\\\/schema\\\/person\\\/418fc4093c33e86ed41562db3508f958\"},\"headline\":\"Intendentes y diputados de la UCR dicen que quieren el aporte, pero con sus condiciones: su punto \u201cinnegociable\u201d\",\"datePublished\":\"2024-08-10T14:09:07+00:00\",\"dateModified\":\"2024-08-11T11:52:58+00:00\",\"mainEntityOfPage\":{\"@id\":\"https:\\\/\\\/diariotextual.com\\\/inicio\\\/index.php\\\/2024\\\/08\\\/10\\\/intendentes-y-diputados-de-la-ucr-dicen-que-quieren-el-aporte-pero-con-sus-condiciones-su-punto-innegociable\\\/\"},\"wordCount\":830,\"publisher\":{\"@id\":\"https:\\\/\\\/diariotextual.com\\\/inicio\\\/#organization\"},\"image\":{\"@id\":\"https:\\\/\\\/diariotextual.com\\\/inicio\\\/index.php\\\/2024\\\/08\\\/10\\\/intendentes-y-diputados-de-la-ucr-dicen-que-quieren-el-aporte-pero-con-sus-condiciones-su-punto-innegociable\\\/#primaryimage\"},\"thumbnailUrl\":\"https:\\\/\\\/diariotextual.com\\\/inicio\\\/wp-content\\\/uploads\\\/2024\\\/08\\\/ucrintendentesdiputadoscomiteprovinciareunionbaron2024-1.jpg\",\"articleSection\":[\"A - PORTADA2\",\"POLITICA\"],\"inLanguage\":\"es\"},{\"@type\":\"WebPage\",\"@id\":\"https:\\\/\\\/diariotextual.com\\\/inicio\\\/index.php\\\/2024\\\/08\\\/10\\\/intendentes-y-diputados-de-la-ucr-dicen-que-quieren-el-aporte-pero-con-sus-condiciones-su-punto-innegociable\\\/\",\"url\":\"https:\\\/\\\/diariotextual.com\\\/inicio\\\/index.php\\\/2024\\\/08\\\/10\\\/intendentes-y-diputados-de-la-ucr-dicen-que-quieren-el-aporte-pero-con-sus-condiciones-su-punto-innegociable\\\/\",\"name\":\"Intendentes y diputados de la UCR dicen que quieren el aporte, pero con sus condiciones: su punto \u201cinnegociable\u201d - Diario Textual\",\"isPartOf\":{\"@id\":\"https:\\\/\\\/diariotextual.com\\\/inicio\\\/#website\"},\"primaryImageOfPage\":{\"@id\":\"https:\\\/\\\/diariotextual.com\\\/inicio\\\/index.php\\\/2024\\\/08\\\/10\\\/intendentes-y-diputados-de-la-ucr-dicen-que-quieren-el-aporte-pero-con-sus-condiciones-su-punto-innegociable\\\/#primaryimage\"},\"image\":{\"@id\":\"https:\\\/\\\/diariotextual.com\\\/inicio\\\/index.php\\\/2024\\\/08\\\/10\\\/intendentes-y-diputados-de-la-ucr-dicen-que-quieren-el-aporte-pero-con-sus-condiciones-su-punto-innegociable\\\/#primaryimage\"},\"thumbnailUrl\":\"https:\\\/\\\/diariotextual.com\\\/inicio\\\/wp-content\\\/uploads\\\/2024\\\/08\\\/ucrintendentesdiputadoscomiteprovinciareunionbaron2024-1.jpg\",\"datePublished\":\"2024-08-10T14:09:07+00:00\",\"dateModified\":\"2024-08-11T11:52:58+00:00\",\"breadcrumb\":{\"@id\":\"https:\\\/\\\/diariotextual.com\\\/inicio\\\/index.php\\\/2024\\\/08\\\/10\\\/intendentes-y-diputados-de-la-ucr-dicen-que-quieren-el-aporte-pero-con-sus-condiciones-su-punto-innegociable\\\/#breadcrumb\"},\"inLanguage\":\"es\",\"potentialAction\":[{\"@type\":\"ReadAction\",\"target\":[\"https:\\\/\\\/diariotextual.com\\\/inicio\\\/index.php\\\/2024\\\/08\\\/10\\\/intendentes-y-diputados-de-la-ucr-dicen-que-quieren-el-aporte-pero-con-sus-condiciones-su-punto-innegociable\\\/\"]}]},{\"@type\":\"ImageObject\",\"inLanguage\":\"es\",\"@id\":\"https:\\\/\\\/diariotextual.com\\\/inicio\\\/index.php\\\/2024\\\/08\\\/10\\\/intendentes-y-diputados-de-la-ucr-dicen-que-quieren-el-aporte-pero-con-sus-condiciones-su-punto-innegociable\\\/#primaryimage\",\"url\":\"https:\\\/\\\/diariotextual.com\\\/inicio\\\/wp-content\\\/uploads\\\/2024\\\/08\\\/ucrintendentesdiputadoscomiteprovinciareunionbaron2024-1.jpg\",\"contentUrl\":\"https:\\\/\\\/diariotextual.com\\\/inicio\\\/wp-content\\\/uploads\\\/2024\\\/08\\\/ucrintendentesdiputadoscomiteprovinciareunionbaron2024-1.jpg\",\"width\":1500,\"height\":853},{\"@type\":\"BreadcrumbList\",\"@id\":\"https:\\\/\\\/diariotextual.com\\\/inicio\\\/index.php\\\/2024\\\/08\\\/10\\\/intendentes-y-diputados-de-la-ucr-dicen-que-quieren-el-aporte-pero-con-sus-condiciones-su-punto-innegociable\\\/#breadcrumb\",\"itemListElement\":[{\"@type\":\"ListItem\",\"position\":1,\"name\":\"Portada\",\"item\":\"https:\\\/\\\/diariotextual.com\\\/inicio\\\/\"},{\"@type\":\"ListItem\",\"position\":2,\"name\":\"Intendentes y diputados de la UCR dicen que quieren el aporte, pero con sus condiciones: su punto \u201cinnegociable\u201d\"}]},{\"@type\":\"WebSite\",\"@id\":\"https:\\\/\\\/diariotextual.com\\\/inicio\\\/#website\",\"url\":\"https:\\\/\\\/diariotextual.com\\\/inicio\\\/\",\"name\":\"Diario Textual\",\"description\":\"\",\"publisher\":{\"@id\":\"https:\\\/\\\/diariotextual.com\\\/inicio\\\/#organization\"},\"potentialAction\":[{\"@type\":\"SearchAction\",\"target\":{\"@type\":\"EntryPoint\",\"urlTemplate\":\"https:\\\/\\\/diariotextual.com\\\/inicio\\\/?s={search_term_string}\"},\"query-input\":{\"@type\":\"PropertyValueSpecification\",\"valueRequired\":true,\"valueName\":\"search_term_string\"}}],\"inLanguage\":\"es\"},{\"@type\":\"Organization\",\"@id\":\"https:\\\/\\\/diariotextual.com\\\/inicio\\\/#organization\",\"name\":\"Diario Textual\",\"url\":\"https:\\\/\\\/diariotextual.com\\\/inicio\\\/\",\"logo\":{\"@type\":\"ImageObject\",\"inLanguage\":\"es\",\"@id\":\"https:\\\/\\\/diariotextual.com\\\/inicio\\\/#\\\/schema\\\/logo\\\/image\\\/\",\"url\":\"https:\\\/\\\/diariotextual.com\\\/inicio\\\/wp-content\\\/uploads\\\/2023\\\/05\\\/logotextual1.jpg\",\"contentUrl\":\"https:\\\/\\\/diariotextual.com\\\/inicio\\\/wp-content\\\/uploads\\\/2023\\\/05\\\/logotextual1.jpg\",\"width\":516,\"height\":76,\"caption\":\"Diario Textual\"},\"image\":{\"@id\":\"https:\\\/\\\/diariotextual.com\\\/inicio\\\/#\\\/schema\\\/logo\\\/image\\\/\"},\"sameAs\":[\"https:\\\/\\\/www.facebook.com\\\/eltextual\",\"https:\\\/\\\/x.com\\\/eltextual\",\"http:\\\/\\\/www.instagram.com\\\/eltextual\"]},{\"@type\":\"Person\",\"@id\":\"https:\\\/\\\/diariotextual.com\\\/inicio\\\/#\\\/schema\\\/person\\\/418fc4093c33e86ed41562db3508f958\",\"name\":\"Diario1 Diario1\",\"image\":{\"@type\":\"ImageObject\",\"inLanguage\":\"es\",\"@id\":\"https:\\\/\\\/secure.gravatar.com\\\/avatar\\\/9167d280179c85bc18be67aa7eda765854300033af4896dd779b608640f2ef7a?s=96&d=mm&r=g\",\"url\":\"https:\\\/\\\/secure.gravatar.com\\\/avatar\\\/9167d280179c85bc18be67aa7eda765854300033af4896dd779b608640f2ef7a?s=96&d=mm&r=g\",\"contentUrl\":\"https:\\\/\\\/secure.gravatar.com\\\/avatar\\\/9167d280179c85bc18be67aa7eda765854300033af4896dd779b608640f2ef7a?s=96&d=mm&r=g\",\"caption\":\"Diario1 Diario1\"},\"url\":\"https:\\\/\\\/diariotextual.com\\\/inicio\\\/index.php\\\/author\\\/diario1\\\/\"}]}<\/script>\n<!-- \/ Yoast SEO plugin. -->","yoast_head_json":{"title":"Intendentes y diputados de la UCR dicen que quieren el aporte, pero con sus condiciones: su punto \u201cinnegociable\u201d - Diario Textual","robots":{"index":"index","follow":"follow","max-snippet":"max-snippet:-1","max-image-preview":"max-image-preview:large","max-video-preview":"max-video-preview:-1"},"canonical":"https:\/\/diariotextual.com\/inicio\/index.php\/2024\/08\/10\/intendentes-y-diputados-de-la-ucr-dicen-que-quieren-el-aporte-pero-con-sus-condiciones-su-punto-innegociable\/","og_locale":"es_ES","og_type":"article","og_title":"Intendentes y diputados de la UCR dicen que quieren el aporte, pero con sus condiciones: su punto \u201cinnegociable\u201d - Diario Textual","og_description":"Dirigentes de todos los sectores de la UCR pampeana se reunieron anoche en el pueblo de Colonia Bar\u00f3n y uno de los temas m\u00e1s importantes gir\u00f3 en torno a la&hellip;","og_url":"https:\/\/diariotextual.com\/inicio\/index.php\/2024\/08\/10\/intendentes-y-diputados-de-la-ucr-dicen-que-quieren-el-aporte-pero-con-sus-condiciones-su-punto-innegociable\/","og_site_name":"Diario Textual","article_publisher":"https:\/\/www.facebook.com\/eltextual","article_published_time":"2024-08-10T14:09:07+00:00","article_modified_time":"2024-08-11T11:52:58+00:00","og_image":[{"width":1500,"height":853,"url":"https:\/\/diariotextual.com\/inicio\/wp-content\/uploads\/2024\/08\/ucrintendentesdiputadoscomiteprovinciareunionbaron2024-1.jpg","type":"image\/jpeg"}],"author":"Diario1 Diario1","twitter_card":"summary_large_image","twitter_creator":"@eltextual","twitter_site":"@eltextual","twitter_misc":{"Escrito por":"Diario1 Diario1","Tiempo de lectura":"4 minutos"},"schema":{"@context":"https:\/\/schema.org","@graph":[{"@type":"Article","@id":"https:\/\/diariotextual.com\/inicio\/index.php\/2024\/08\/10\/intendentes-y-diputados-de-la-ucr-dicen-que-quieren-el-aporte-pero-con-sus-condiciones-su-punto-innegociable\/#article","isPartOf":{"@id":"https:\/\/diariotextual.com\/inicio\/index.php\/2024\/08\/10\/intendentes-y-diputados-de-la-ucr-dicen-que-quieren-el-aporte-pero-con-sus-condiciones-su-punto-innegociable\/"},"author":{"name":"Diario1 Diario1","@id":"https:\/\/diariotextual.com\/inicio\/#\/schema\/person\/418fc4093c33e86ed41562db3508f958"},"headline":"Intendentes y diputados de la UCR dicen que quieren el aporte, pero con sus condiciones: su punto \u201cinnegociable\u201d","datePublished":"2024-08-10T14:09:07+00:00","dateModified":"2024-08-11T11:52:58+00:00","mainEntityOfPage":{"@id":"https:\/\/diariotextual.com\/inicio\/index.php\/2024\/08\/10\/intendentes-y-diputados-de-la-ucr-dicen-que-quieren-el-aporte-pero-con-sus-condiciones-su-punto-innegociable\/"},"wordCount":830,"publisher":{"@id":"https:\/\/diariotextual.com\/inicio\/#organization"},"image":{"@id":"https:\/\/diariotextual.com\/inicio\/index.php\/2024\/08\/10\/intendentes-y-diputados-de-la-ucr-dicen-que-quieren-el-aporte-pero-con-sus-condiciones-su-punto-innegociable\/#primaryimage"},"thumbnailUrl":"https:\/\/diariotextual.com\/inicio\/wp-content\/uploads\/2024\/08\/ucrintendentesdiputadoscomiteprovinciareunionbaron2024-1.jpg","articleSection":["A - PORTADA2","POLITICA"],"inLanguage":"es"},{"@type":"WebPage","@id":"https:\/\/diariotextual.com\/inicio\/index.php\/2024\/08\/10\/intendentes-y-diputados-de-la-ucr-dicen-que-quieren-el-aporte-pero-con-sus-condiciones-su-punto-innegociable\/","url":"https:\/\/diariotextual.com\/inicio\/index.php\/2024\/08\/10\/intendentes-y-diputados-de-la-ucr-dicen-que-quieren-el-aporte-pero-con-sus-condiciones-su-punto-innegociable\/","name":"Intendentes y diputados de la UCR dicen que quieren el aporte, pero con sus condiciones: su punto \u201cinnegociable\u201d - Diario Textual","isPartOf":{"@id":"https:\/\/diariotextual.com\/inicio\/#website"},"primaryImageOfPage":{"@id":"https:\/\/diariotextual.com\/inicio\/index.php\/2024\/08\/10\/intendentes-y-diputados-de-la-ucr-dicen-que-quieren-el-aporte-pero-con-sus-condiciones-su-punto-innegociable\/#primaryimage"},"image":{"@id":"https:\/\/diariotextual.com\/inicio\/index.php\/2024\/08\/10\/intendentes-y-diputados-de-la-ucr-dicen-que-quieren-el-aporte-pero-con-sus-condiciones-su-punto-innegociable\/#primaryimage"},"thumbnailUrl":"https:\/\/diariotextual.com\/inicio\/wp-content\/uploads\/2024\/08\/ucrintendentesdiputadoscomiteprovinciareunionbaron2024-1.jpg","datePublished":"2024-08-10T14:09:07+00:00","dateModified":"2024-08-11T11:52:58+00:00","breadcrumb":{"@id":"https:\/\/diariotextual.com\/inicio\/index.php\/2024\/08\/10\/intendentes-y-diputados-de-la-ucr-dicen-que-quieren-el-aporte-pero-con-sus-condiciones-su-punto-innegociable\/#breadcrumb"},"inLanguage":"es","potentialAction":[{"@type":"ReadAction","target":["https:\/\/diariotextual.com\/inicio\/index.php\/2024\/08\/10\/intendentes-y-diputados-de-la-ucr-dicen-que-quieren-el-aporte-pero-con-sus-condiciones-su-punto-innegociable\/"]}]},{"@type":"ImageObject","inLanguage":"es","@id":"https:\/\/diariotextual.com\/inicio\/index.php\/2024\/08\/10\/intendentes-y-diputados-de-la-ucr-dicen-que-quieren-el-aporte-pero-con-sus-condiciones-su-punto-innegociable\/#primaryimage","url":"https:\/\/diariotextual.com\/inicio\/wp-content\/uploads\/2024\/08\/ucrintendentesdiputadoscomiteprovinciareunionbaron2024-1.jpg","contentUrl":"https:\/\/diariotextual.com\/inicio\/wp-content\/uploads\/2024\/08\/ucrintendentesdiputadoscomiteprovinciareunionbaron2024-1.jpg","width":1500,"height":853},{"@type":"BreadcrumbList","@id":"https:\/\/diariotextual.com\/inicio\/index.php\/2024\/08\/10\/intendentes-y-diputados-de-la-ucr-dicen-que-quieren-el-aporte-pero-con-sus-condiciones-su-punto-innegociable\/#breadcrumb","itemListElement":[{"@type":"ListItem","position":1,"name":"Portada","item":"https:\/\/diariotextual.com\/inicio\/"},{"@type":"ListItem","position":2,"name":"Intendentes y diputados de la UCR dicen que quieren el aporte, pero con sus condiciones: su punto \u201cinnegociable\u201d"}]},{"@type":"WebSite","@id":"https:\/\/diariotextual.com\/inicio\/#website","url":"https:\/\/diariotextual.com\/inicio\/","name":"Diario Textual","description":"","publisher":{"@id":"https:\/\/diariotextual.com\/inicio\/#organization"},"potentialAction":[{"@type":"SearchAction","target":{"@type":"EntryPoint","urlTemplate":"https:\/\/diariotextual.com\/inicio\/?s={search_term_string}"},"query-input":{"@type":"PropertyValueSpecification","valueRequired":true,"valueName":"search_term_string"}}],"inLanguage":"es"},{"@type":"Organization","@id":"https:\/\/diariotextual.com\/inicio\/#organization","name":"Diario Textual","url":"https:\/\/diariotextual.com\/inicio\/","logo":{"@type":"ImageObject","inLanguage":"es","@id":"https:\/\/diariotextual.com\/inicio\/#\/schema\/logo\/image\/","url":"https:\/\/diariotextual.com\/inicio\/wp-content\/uploads\/2023\/05\/logotextual1.jpg","contentUrl":"https:\/\/diariotextual.com\/inicio\/wp-content\/uploads\/2023\/05\/logotextual1.jpg","width":516,"height":76,"caption":"Diario Textual"},"image":{"@id":"https:\/\/diariotextual.com\/inicio\/#\/schema\/logo\/image\/"},"sameAs":["https:\/\/www.facebook.com\/eltextual","https:\/\/x.com\/eltextual","http:\/\/www.instagram.com\/eltextual"]},{"@type":"Person","@id":"https:\/\/diariotextual.com\/inicio\/#\/schema\/person\/418fc4093c33e86ed41562db3508f958","name":"Diario1 Diario1","image":{"@type":"ImageObject","inLanguage":"es","@id":"https:\/\/secure.gravatar.com\/avatar\/9167d280179c85bc18be67aa7eda765854300033af4896dd779b608640f2ef7a?s=96&d=mm&r=g","url":"https:\/\/secure.gravatar.com\/avatar\/9167d280179c85bc18be67aa7eda765854300033af4896dd779b608640f2ef7a?s=96&d=mm&r=g","contentUrl":"https:\/\/secure.gravatar.com\/avatar\/9167d280179c85bc18be67aa7eda765854300033af4896dd779b608640f2ef7a?s=96&d=mm&r=g","caption":"Diario1 Diario1"},"url":"https:\/\/diariotextual.com\/inicio\/index.php\/author\/diario1\/"}]}},"_links":{"self":[{"href":"https:\/\/diariotextual.com\/inicio\/index.php\/wp-json\/wp\/v2\/posts\/272099","targetHints":{"allow":["GET"]}}],"collection":[{"href":"https:\/\/diariotextual.com\/inicio\/index.php\/wp-json\/wp\/v2\/posts"}],"about":[{"href":"https:\/\/diariotextual.com\/inicio\/index.php\/wp-json\/wp\/v2\/types\/post"}],"author":[{"embeddable":true,"href":"https:\/\/diariotextual.com\/inicio\/index.php\/wp-json\/wp\/v2\/users\/3"}],"replies":[{"embeddable":true,"href":"https:\/\/diariotextual.com\/inicio\/index.php\/wp-json\/wp\/v2\/comments?post=272099"}],"version-history":[{"count":5,"href":"https:\/\/diariotextual.com\/inicio\/index.php\/wp-json\/wp\/v2\/posts\/272099\/revisions"}],"predecessor-version":[{"id":272106,"href":"https:\/\/diariotextual.com\/inicio\/index.php\/wp-json\/wp\/v2\/posts\/272099\/revisions\/272106"}],"wp:featuredmedia":[{"embeddable":true,"href":"https:\/\/diariotextual.com\/inicio\/index.php\/wp-json\/wp\/v2\/media\/272100"}],"wp:attachment":[{"href":"https:\/\/diariotextual.com\/inicio\/index.php\/wp-json\/wp\/v2\/media?parent=272099"}],"wp:term":[{"taxonomy":"category","embeddable":true,"href":"https:\/\/diariotextual.com\/inicio\/index.php\/wp-json\/wp\/v2\/categories?post=272099"},{"taxonomy":"post_tag","embeddable":true,"href":"https:\/\/diariotextual.com\/inicio\/index.php\/wp-json\/wp\/v2\/tags?post=272099"}],"curies":[{"name":"wp","href":"https:\/\/api.w.org\/{rel}","templated":true}]}}