{"id":272439,"date":"2024-08-14T06:57:07","date_gmt":"2024-08-14T09:57:07","guid":{"rendered":"https:\/\/diariotextual.com\/inicio\/?p=272439"},"modified":"2024-08-14T13:18:03","modified_gmt":"2024-08-14T16:18:03","slug":"el-gobierno-vuelve-a-desafiar-a-la-afa-nuevo-decreto-para-acelerar-el-desembarco-de-las-sad","status":"publish","type":"post","link":"https:\/\/diariotextual.com\/inicio\/index.php\/2024\/08\/14\/el-gobierno-vuelve-a-desafiar-a-la-afa-nuevo-decreto-para-acelerar-el-desembarco-de-las-sad\/","title":{"rendered":"El Gobierno vuelve a desafiar a la AFA: nuevo decreto para acelerar el desembarco de las SAD"},"content":{"rendered":"\n<p>El Gobierno volvi\u00f3 a desafiar a la Asociaci\u00f3n del F\u00fatbol Argentino con un nuevo avance para que los clubes puedan ser privatizados mediante el formato de sociedades an\u00f3nimas deportivas. Menos de un mes despu\u00e9s de que el presidente de la AFA, Claudio \u201cChiqui\u201d Tapia, confirmara sus postura de que se rechazar\u00e1 a las SAD en la participaci\u00f3n en torneos locales, la gesti\u00f3n libertaria estableci\u00f3 este mi\u00e9rcoles a trav\u00e9s del decreto 730\/2024 publicado en el Bolet\u00edn Oficial, que \u201cno se podr\u00e1 impedir, dificultar, privar o menoscabar cualquier derecho a una organizaci\u00f3n deportiva debido a su forma jur\u00eddica, ya sea una asociaci\u00f3n civil o una sociedad an\u00f3nima, siempre y cuando est\u00e9 reconocida por la ley\u201d.<\/p>\n\n\n\n<p>De esa manera cuestiona el planteo de la AFA, que sostiene que, si bien la instituci\u00f3n no tiene facultades para impedir que un club pueda elegir convertirse en SAD, la Constituci\u00f3n Nacional la ampara para impedir su ingreso como miembro y de participar en los torneos que organiza.<\/p>\n\n\n\n<p>\u201cLas organizaciones integrantes del Sistema Institucional del Deporte y la Actividad F\u00edsica que modifiquen o hubieran modificado su estructura jur\u00eddica adoptando algunas de las figuras contenidas en el art\u00edculo 19 bis de la Ley N\u00ba 20.655 y sus modificaciones tendr\u00e1n derecho a mantener su participaci\u00f3n en toda competici\u00f3n en la que intervinieran bajo su estructura jur\u00eddica anterior y en las mismas condiciones que se encontraban con anterioridad a la modificaci\u00f3n producida\u201d, sostiene la normativa publicada este mi\u00e9rcoles por el Gobierno.<\/p>\n\n\n\n<p>El decreto explica adem\u00e1s que las \u201cpersonas jur\u00eddicas constituidas como sociedades an\u00f3nimas\u201d que tengan como objetivo \u201cla pr\u00e1ctica, desarrollo, sostenimiento, organizaci\u00f3n o representaci\u00f3n del deporte y la actividad f\u00edsica\u201d pueden integrarse al Sistema Institucional del Deporte y la Actividad F\u00edsica, tal como lo hacen las asociaciones civiles.<\/p>\n\n\n\n<p>En julio, la Inspecci\u00f3n General de Justicia, en otro avance en la intenci\u00f3n de transformar a los clubes en instituciones privadas, emiti\u00f3 una resoluci\u00f3n que establece una serie de desregulaciones y flexibilizaciones de tr\u00e1mites, entre los que est\u00e1n los relacionados con las SAD. \u201cQue, atento a lo dispuesto en los art\u00edculos 346 y 347 del Decreto de Necesidad y Urgencia N\u00ba 70\/2023 (&#8230;) debe aceptarse la participaci\u00f3n de las asociaciones civiles y fundaciones como accionistas en sociedades an\u00f3nimas y la transformaci\u00f3n de las asociaciones civiles en sociedades an\u00f3nimas; as\u00ed como simplificarse la inscripci\u00f3n de entidades de bien com\u00fan constituidas en el extranjero para el desarrollo de su actividad en la Rep\u00fablica Argentina\u201d, fij\u00f3 la normativa.<\/p>\n\n\n\n<p>Hasta la llegada de Javier Milei a la presidencia, la Ley N\u00b0 20.655 permit\u00eda que los clubes deportivos se organizaran principalmente como asociaciones civiles. Sin embargo, el Decreto de Necesidad y Urgencia N\u00b0 70\/23, publicado en diciembre de 2023, en los primeros d\u00edas de la gesti\u00f3n libertaria, modific\u00f3 esta normativa para permitir que tambi\u00e9n puedan convertirse en sociedades an\u00f3nimas deportivas, un objetivo pol\u00edtico que encontr\u00f3 resistencia en los clubes y la entidad que los nuclea.<\/p>\n\n\n\n<p><\/p>\n","protected":false},"excerpt":{"rendered":"<p>El Gobierno volvi\u00f3 a desafiar a la Asociaci\u00f3n del F\u00fatbol Argentino con un nuevo avance para que los clubes puedan ser privatizados mediante el formato de sociedades an\u00f3nimas deportivas. Menos&hellip;<\/p>\n","protected":false},"author":3,"featured_media":272441,"comment_status":"closed","ping_status":"open","sticky":false,"template":"","format":"standard","meta":{"_acf_changed":false,"footnotes":""},"categories":[1,3],"tags":[],"class_list":["post-272439","post","type-post","status-publish","format-standard","has-post-thumbnail","hentry","category-es-noticia","category-deportes"],"acf":[],"yoast_head":"<!-- This site is optimized with the Yoast SEO plugin v27.5 - https:\/\/yoast.com\/product\/yoast-seo-wordpress\/ -->\n<title>El Gobierno vuelve a desafiar a la AFA: nuevo decreto para acelerar el desembarco de las SAD - Diario Textual<\/title>\n<meta name=\"robots\" content=\"index, follow, max-snippet:-1, max-image-preview:large, max-video-preview:-1\" \/>\n<link rel=\"canonical\" href=\"https:\/\/diariotextual.com\/inicio\/index.php\/2024\/08\/14\/el-gobierno-vuelve-a-desafiar-a-la-afa-nuevo-decreto-para-acelerar-el-desembarco-de-las-sad\/\" \/>\n<meta property=\"og:locale\" content=\"es_ES\" \/>\n<meta property=\"og:type\" content=\"article\" \/>\n<meta property=\"og:title\" content=\"El Gobierno vuelve a desafiar a la AFA: nuevo decreto para acelerar el desembarco de las SAD - Diario Textual\" \/>\n<meta property=\"og:description\" content=\"El Gobierno volvi\u00f3 a desafiar a la Asociaci\u00f3n del F\u00fatbol Argentino con un nuevo avance para que los clubes puedan ser privatizados mediante el formato de sociedades an\u00f3nimas deportivas. Menos&hellip;\" \/>\n<meta property=\"og:url\" content=\"https:\/\/diariotextual.com\/inicio\/index.php\/2024\/08\/14\/el-gobierno-vuelve-a-desafiar-a-la-afa-nuevo-decreto-para-acelerar-el-desembarco-de-las-sad\/\" \/>\n<meta property=\"og:site_name\" content=\"Diario Textual\" \/>\n<meta property=\"article:publisher\" content=\"https:\/\/www.facebook.com\/eltextual\" \/>\n<meta property=\"article:published_time\" content=\"2024-08-14T09:57:07+00:00\" \/>\n<meta property=\"article:modified_time\" content=\"2024-08-14T16:18:03+00:00\" \/>\n<meta property=\"og:image\" content=\"https:\/\/diariotextual.com\/inicio\/wp-content\/uploads\/2024\/08\/futbolpeotas009344.webp\" \/>\n\t<meta property=\"og:image:width\" content=\"1400\" \/>\n\t<meta property=\"og:image:height\" content=\"933\" \/>\n\t<meta property=\"og:image:type\" content=\"image\/webp\" \/>\n<meta name=\"author\" content=\"Diario1 Diario1\" \/>\n<meta name=\"twitter:card\" content=\"summary_large_image\" \/>\n<meta name=\"twitter:creator\" content=\"@eltextual\" \/>\n<meta name=\"twitter:site\" content=\"@eltextual\" \/>\n<meta name=\"twitter:label1\" content=\"Escrito por\" \/>\n\t<meta name=\"twitter:data1\" content=\"Diario1 Diario1\" \/>\n\t<meta name=\"twitter:label2\" content=\"Tiempo de lectura\" \/>\n\t<meta name=\"twitter:data2\" content=\"3 minutos\" \/>\n<script type=\"application\/ld+json\" class=\"yoast-schema-graph\">{\"@context\":\"https:\\\/\\\/schema.org\",\"@graph\":[{\"@type\":\"Article\",\"@id\":\"https:\\\/\\\/diariotextual.com\\\/inicio\\\/index.php\\\/2024\\\/08\\\/14\\\/el-gobierno-vuelve-a-desafiar-a-la-afa-nuevo-decreto-para-acelerar-el-desembarco-de-las-sad\\\/#article\",\"isPartOf\":{\"@id\":\"https:\\\/\\\/diariotextual.com\\\/inicio\\\/index.php\\\/2024\\\/08\\\/14\\\/el-gobierno-vuelve-a-desafiar-a-la-afa-nuevo-decreto-para-acelerar-el-desembarco-de-las-sad\\\/\"},\"author\":{\"name\":\"Diario1 Diario1\",\"@id\":\"https:\\\/\\\/diariotextual.com\\\/inicio\\\/#\\\/schema\\\/person\\\/418fc4093c33e86ed41562db3508f958\"},\"headline\":\"El Gobierno vuelve a desafiar a la AFA: nuevo decreto para acelerar el desembarco de las SAD\",\"datePublished\":\"2024-08-14T09:57:07+00:00\",\"dateModified\":\"2024-08-14T16:18:03+00:00\",\"mainEntityOfPage\":{\"@id\":\"https:\\\/\\\/diariotextual.com\\\/inicio\\\/index.php\\\/2024\\\/08\\\/14\\\/el-gobierno-vuelve-a-desafiar-a-la-afa-nuevo-decreto-para-acelerar-el-desembarco-de-las-sad\\\/\"},\"wordCount\":536,\"publisher\":{\"@id\":\"https:\\\/\\\/diariotextual.com\\\/inicio\\\/#organization\"},\"image\":{\"@id\":\"https:\\\/\\\/diariotextual.com\\\/inicio\\\/index.php\\\/2024\\\/08\\\/14\\\/el-gobierno-vuelve-a-desafiar-a-la-afa-nuevo-decreto-para-acelerar-el-desembarco-de-las-sad\\\/#primaryimage\"},\"thumbnailUrl\":\"https:\\\/\\\/diariotextual.com\\\/inicio\\\/wp-content\\\/uploads\\\/2024\\\/08\\\/futbolpeotas009344.webp\",\"articleSection\":[\"A - ES NOTICIA (van abajo)\",\"DEPORTES\"],\"inLanguage\":\"es\"},{\"@type\":\"WebPage\",\"@id\":\"https:\\\/\\\/diariotextual.com\\\/inicio\\\/index.php\\\/2024\\\/08\\\/14\\\/el-gobierno-vuelve-a-desafiar-a-la-afa-nuevo-decreto-para-acelerar-el-desembarco-de-las-sad\\\/\",\"url\":\"https:\\\/\\\/diariotextual.com\\\/inicio\\\/index.php\\\/2024\\\/08\\\/14\\\/el-gobierno-vuelve-a-desafiar-a-la-afa-nuevo-decreto-para-acelerar-el-desembarco-de-las-sad\\\/\",\"name\":\"El Gobierno vuelve a desafiar a la AFA: nuevo decreto para acelerar el desembarco de las SAD - Diario Textual\",\"isPartOf\":{\"@id\":\"https:\\\/\\\/diariotextual.com\\\/inicio\\\/#website\"},\"primaryImageOfPage\":{\"@id\":\"https:\\\/\\\/diariotextual.com\\\/inicio\\\/index.php\\\/2024\\\/08\\\/14\\\/el-gobierno-vuelve-a-desafiar-a-la-afa-nuevo-decreto-para-acelerar-el-desembarco-de-las-sad\\\/#primaryimage\"},\"image\":{\"@id\":\"https:\\\/\\\/diariotextual.com\\\/inicio\\\/index.php\\\/2024\\\/08\\\/14\\\/el-gobierno-vuelve-a-desafiar-a-la-afa-nuevo-decreto-para-acelerar-el-desembarco-de-las-sad\\\/#primaryimage\"},\"thumbnailUrl\":\"https:\\\/\\\/diariotextual.com\\\/inicio\\\/wp-content\\\/uploads\\\/2024\\\/08\\\/futbolpeotas009344.webp\",\"datePublished\":\"2024-08-14T09:57:07+00:00\",\"dateModified\":\"2024-08-14T16:18:03+00:00\",\"breadcrumb\":{\"@id\":\"https:\\\/\\\/diariotextual.com\\\/inicio\\\/index.php\\\/2024\\\/08\\\/14\\\/el-gobierno-vuelve-a-desafiar-a-la-afa-nuevo-decreto-para-acelerar-el-desembarco-de-las-sad\\\/#breadcrumb\"},\"inLanguage\":\"es\",\"potentialAction\":[{\"@type\":\"ReadAction\",\"target\":[\"https:\\\/\\\/diariotextual.com\\\/inicio\\\/index.php\\\/2024\\\/08\\\/14\\\/el-gobierno-vuelve-a-desafiar-a-la-afa-nuevo-decreto-para-acelerar-el-desembarco-de-las-sad\\\/\"]}]},{\"@type\":\"ImageObject\",\"inLanguage\":\"es\",\"@id\":\"https:\\\/\\\/diariotextual.com\\\/inicio\\\/index.php\\\/2024\\\/08\\\/14\\\/el-gobierno-vuelve-a-desafiar-a-la-afa-nuevo-decreto-para-acelerar-el-desembarco-de-las-sad\\\/#primaryimage\",\"url\":\"https:\\\/\\\/diariotextual.com\\\/inicio\\\/wp-content\\\/uploads\\\/2024\\\/08\\\/futbolpeotas009344.webp\",\"contentUrl\":\"https:\\\/\\\/diariotextual.com\\\/inicio\\\/wp-content\\\/uploads\\\/2024\\\/08\\\/futbolpeotas009344.webp\",\"width\":1400,\"height\":933},{\"@type\":\"BreadcrumbList\",\"@id\":\"https:\\\/\\\/diariotextual.com\\\/inicio\\\/index.php\\\/2024\\\/08\\\/14\\\/el-gobierno-vuelve-a-desafiar-a-la-afa-nuevo-decreto-para-acelerar-el-desembarco-de-las-sad\\\/#breadcrumb\",\"itemListElement\":[{\"@type\":\"ListItem\",\"position\":1,\"name\":\"Portada\",\"item\":\"https:\\\/\\\/diariotextual.com\\\/inicio\\\/\"},{\"@type\":\"ListItem\",\"position\":2,\"name\":\"El Gobierno vuelve a desafiar a la AFA: nuevo decreto para acelerar el desembarco de las SAD\"}]},{\"@type\":\"WebSite\",\"@id\":\"https:\\\/\\\/diariotextual.com\\\/inicio\\\/#website\",\"url\":\"https:\\\/\\\/diariotextual.com\\\/inicio\\\/\",\"name\":\"Diario Textual\",\"description\":\"\",\"publisher\":{\"@id\":\"https:\\\/\\\/diariotextual.com\\\/inicio\\\/#organization\"},\"potentialAction\":[{\"@type\":\"SearchAction\",\"target\":{\"@type\":\"EntryPoint\",\"urlTemplate\":\"https:\\\/\\\/diariotextual.com\\\/inicio\\\/?s={search_term_string}\"},\"query-input\":{\"@type\":\"PropertyValueSpecification\",\"valueRequired\":true,\"valueName\":\"search_term_string\"}}],\"inLanguage\":\"es\"},{\"@type\":\"Organization\",\"@id\":\"https:\\\/\\\/diariotextual.com\\\/inicio\\\/#organization\",\"name\":\"Diario Textual\",\"url\":\"https:\\\/\\\/diariotextual.com\\\/inicio\\\/\",\"logo\":{\"@type\":\"ImageObject\",\"inLanguage\":\"es\",\"@id\":\"https:\\\/\\\/diariotextual.com\\\/inicio\\\/#\\\/schema\\\/logo\\\/image\\\/\",\"url\":\"https:\\\/\\\/diariotextual.com\\\/inicio\\\/wp-content\\\/uploads\\\/2023\\\/05\\\/logotextual1.jpg\",\"contentUrl\":\"https:\\\/\\\/diariotextual.com\\\/inicio\\\/wp-content\\\/uploads\\\/2023\\\/05\\\/logotextual1.jpg\",\"width\":516,\"height\":76,\"caption\":\"Diario Textual\"},\"image\":{\"@id\":\"https:\\\/\\\/diariotextual.com\\\/inicio\\\/#\\\/schema\\\/logo\\\/image\\\/\"},\"sameAs\":[\"https:\\\/\\\/www.facebook.com\\\/eltextual\",\"https:\\\/\\\/x.com\\\/eltextual\",\"http:\\\/\\\/www.instagram.com\\\/eltextual\"]},{\"@type\":\"Person\",\"@id\":\"https:\\\/\\\/diariotextual.com\\\/inicio\\\/#\\\/schema\\\/person\\\/418fc4093c33e86ed41562db3508f958\",\"name\":\"Diario1 Diario1\",\"image\":{\"@type\":\"ImageObject\",\"inLanguage\":\"es\",\"@id\":\"https:\\\/\\\/secure.gravatar.com\\\/avatar\\\/9167d280179c85bc18be67aa7eda765854300033af4896dd779b608640f2ef7a?s=96&d=mm&r=g\",\"url\":\"https:\\\/\\\/secure.gravatar.com\\\/avatar\\\/9167d280179c85bc18be67aa7eda765854300033af4896dd779b608640f2ef7a?s=96&d=mm&r=g\",\"contentUrl\":\"https:\\\/\\\/secure.gravatar.com\\\/avatar\\\/9167d280179c85bc18be67aa7eda765854300033af4896dd779b608640f2ef7a?s=96&d=mm&r=g\",\"caption\":\"Diario1 Diario1\"},\"url\":\"https:\\\/\\\/diariotextual.com\\\/inicio\\\/index.php\\\/author\\\/diario1\\\/\"}]}<\/script>\n<!-- \/ Yoast SEO plugin. -->","yoast_head_json":{"title":"El Gobierno vuelve a desafiar a la AFA: nuevo decreto para acelerar el desembarco de las SAD - Diario Textual","robots":{"index":"index","follow":"follow","max-snippet":"max-snippet:-1","max-image-preview":"max-image-preview:large","max-video-preview":"max-video-preview:-1"},"canonical":"https:\/\/diariotextual.com\/inicio\/index.php\/2024\/08\/14\/el-gobierno-vuelve-a-desafiar-a-la-afa-nuevo-decreto-para-acelerar-el-desembarco-de-las-sad\/","og_locale":"es_ES","og_type":"article","og_title":"El Gobierno vuelve a desafiar a la AFA: nuevo decreto para acelerar el desembarco de las SAD - Diario Textual","og_description":"El Gobierno volvi\u00f3 a desafiar a la Asociaci\u00f3n del F\u00fatbol Argentino con un nuevo avance para que los clubes puedan ser privatizados mediante el formato de sociedades an\u00f3nimas deportivas. Menos&hellip;","og_url":"https:\/\/diariotextual.com\/inicio\/index.php\/2024\/08\/14\/el-gobierno-vuelve-a-desafiar-a-la-afa-nuevo-decreto-para-acelerar-el-desembarco-de-las-sad\/","og_site_name":"Diario Textual","article_publisher":"https:\/\/www.facebook.com\/eltextual","article_published_time":"2024-08-14T09:57:07+00:00","article_modified_time":"2024-08-14T16:18:03+00:00","og_image":[{"width":1400,"height":933,"url":"https:\/\/diariotextual.com\/inicio\/wp-content\/uploads\/2024\/08\/futbolpeotas009344.webp","type":"image\/webp"}],"author":"Diario1 Diario1","twitter_card":"summary_large_image","twitter_creator":"@eltextual","twitter_site":"@eltextual","twitter_misc":{"Escrito por":"Diario1 Diario1","Tiempo de lectura":"3 minutos"},"schema":{"@context":"https:\/\/schema.org","@graph":[{"@type":"Article","@id":"https:\/\/diariotextual.com\/inicio\/index.php\/2024\/08\/14\/el-gobierno-vuelve-a-desafiar-a-la-afa-nuevo-decreto-para-acelerar-el-desembarco-de-las-sad\/#article","isPartOf":{"@id":"https:\/\/diariotextual.com\/inicio\/index.php\/2024\/08\/14\/el-gobierno-vuelve-a-desafiar-a-la-afa-nuevo-decreto-para-acelerar-el-desembarco-de-las-sad\/"},"author":{"name":"Diario1 Diario1","@id":"https:\/\/diariotextual.com\/inicio\/#\/schema\/person\/418fc4093c33e86ed41562db3508f958"},"headline":"El Gobierno vuelve a desafiar a la AFA: nuevo decreto para acelerar el desembarco de las SAD","datePublished":"2024-08-14T09:57:07+00:00","dateModified":"2024-08-14T16:18:03+00:00","mainEntityOfPage":{"@id":"https:\/\/diariotextual.com\/inicio\/index.php\/2024\/08\/14\/el-gobierno-vuelve-a-desafiar-a-la-afa-nuevo-decreto-para-acelerar-el-desembarco-de-las-sad\/"},"wordCount":536,"publisher":{"@id":"https:\/\/diariotextual.com\/inicio\/#organization"},"image":{"@id":"https:\/\/diariotextual.com\/inicio\/index.php\/2024\/08\/14\/el-gobierno-vuelve-a-desafiar-a-la-afa-nuevo-decreto-para-acelerar-el-desembarco-de-las-sad\/#primaryimage"},"thumbnailUrl":"https:\/\/diariotextual.com\/inicio\/wp-content\/uploads\/2024\/08\/futbolpeotas009344.webp","articleSection":["A - ES NOTICIA (van abajo)","DEPORTES"],"inLanguage":"es"},{"@type":"WebPage","@id":"https:\/\/diariotextual.com\/inicio\/index.php\/2024\/08\/14\/el-gobierno-vuelve-a-desafiar-a-la-afa-nuevo-decreto-para-acelerar-el-desembarco-de-las-sad\/","url":"https:\/\/diariotextual.com\/inicio\/index.php\/2024\/08\/14\/el-gobierno-vuelve-a-desafiar-a-la-afa-nuevo-decreto-para-acelerar-el-desembarco-de-las-sad\/","name":"El Gobierno vuelve a desafiar a la AFA: nuevo decreto para acelerar el desembarco de las SAD - Diario Textual","isPartOf":{"@id":"https:\/\/diariotextual.com\/inicio\/#website"},"primaryImageOfPage":{"@id":"https:\/\/diariotextual.com\/inicio\/index.php\/2024\/08\/14\/el-gobierno-vuelve-a-desafiar-a-la-afa-nuevo-decreto-para-acelerar-el-desembarco-de-las-sad\/#primaryimage"},"image":{"@id":"https:\/\/diariotextual.com\/inicio\/index.php\/2024\/08\/14\/el-gobierno-vuelve-a-desafiar-a-la-afa-nuevo-decreto-para-acelerar-el-desembarco-de-las-sad\/#primaryimage"},"thumbnailUrl":"https:\/\/diariotextual.com\/inicio\/wp-content\/uploads\/2024\/08\/futbolpeotas009344.webp","datePublished":"2024-08-14T09:57:07+00:00","dateModified":"2024-08-14T16:18:03+00:00","breadcrumb":{"@id":"https:\/\/diariotextual.com\/inicio\/index.php\/2024\/08\/14\/el-gobierno-vuelve-a-desafiar-a-la-afa-nuevo-decreto-para-acelerar-el-desembarco-de-las-sad\/#breadcrumb"},"inLanguage":"es","potentialAction":[{"@type":"ReadAction","target":["https:\/\/diariotextual.com\/inicio\/index.php\/2024\/08\/14\/el-gobierno-vuelve-a-desafiar-a-la-afa-nuevo-decreto-para-acelerar-el-desembarco-de-las-sad\/"]}]},{"@type":"ImageObject","inLanguage":"es","@id":"https:\/\/diariotextual.com\/inicio\/index.php\/2024\/08\/14\/el-gobierno-vuelve-a-desafiar-a-la-afa-nuevo-decreto-para-acelerar-el-desembarco-de-las-sad\/#primaryimage","url":"https:\/\/diariotextual.com\/inicio\/wp-content\/uploads\/2024\/08\/futbolpeotas009344.webp","contentUrl":"https:\/\/diariotextual.com\/inicio\/wp-content\/uploads\/2024\/08\/futbolpeotas009344.webp","width":1400,"height":933},{"@type":"BreadcrumbList","@id":"https:\/\/diariotextual.com\/inicio\/index.php\/2024\/08\/14\/el-gobierno-vuelve-a-desafiar-a-la-afa-nuevo-decreto-para-acelerar-el-desembarco-de-las-sad\/#breadcrumb","itemListElement":[{"@type":"ListItem","position":1,"name":"Portada","item":"https:\/\/diariotextual.com\/inicio\/"},{"@type":"ListItem","position":2,"name":"El Gobierno vuelve a desafiar a la AFA: nuevo decreto para acelerar el desembarco de las SAD"}]},{"@type":"WebSite","@id":"https:\/\/diariotextual.com\/inicio\/#website","url":"https:\/\/diariotextual.com\/inicio\/","name":"Diario Textual","description":"","publisher":{"@id":"https:\/\/diariotextual.com\/inicio\/#organization"},"potentialAction":[{"@type":"SearchAction","target":{"@type":"EntryPoint","urlTemplate":"https:\/\/diariotextual.com\/inicio\/?s={search_term_string}"},"query-input":{"@type":"PropertyValueSpecification","valueRequired":true,"valueName":"search_term_string"}}],"inLanguage":"es"},{"@type":"Organization","@id":"https:\/\/diariotextual.com\/inicio\/#organization","name":"Diario Textual","url":"https:\/\/diariotextual.com\/inicio\/","logo":{"@type":"ImageObject","inLanguage":"es","@id":"https:\/\/diariotextual.com\/inicio\/#\/schema\/logo\/image\/","url":"https:\/\/diariotextual.com\/inicio\/wp-content\/uploads\/2023\/05\/logotextual1.jpg","contentUrl":"https:\/\/diariotextual.com\/inicio\/wp-content\/uploads\/2023\/05\/logotextual1.jpg","width":516,"height":76,"caption":"Diario Textual"},"image":{"@id":"https:\/\/diariotextual.com\/inicio\/#\/schema\/logo\/image\/"},"sameAs":["https:\/\/www.facebook.com\/eltextual","https:\/\/x.com\/eltextual","http:\/\/www.instagram.com\/eltextual"]},{"@type":"Person","@id":"https:\/\/diariotextual.com\/inicio\/#\/schema\/person\/418fc4093c33e86ed41562db3508f958","name":"Diario1 Diario1","image":{"@type":"ImageObject","inLanguage":"es","@id":"https:\/\/secure.gravatar.com\/avatar\/9167d280179c85bc18be67aa7eda765854300033af4896dd779b608640f2ef7a?s=96&d=mm&r=g","url":"https:\/\/secure.gravatar.com\/avatar\/9167d280179c85bc18be67aa7eda765854300033af4896dd779b608640f2ef7a?s=96&d=mm&r=g","contentUrl":"https:\/\/secure.gravatar.com\/avatar\/9167d280179c85bc18be67aa7eda765854300033af4896dd779b608640f2ef7a?s=96&d=mm&r=g","caption":"Diario1 Diario1"},"url":"https:\/\/diariotextual.com\/inicio\/index.php\/author\/diario1\/"}]}},"_links":{"self":[{"href":"https:\/\/diariotextual.com\/inicio\/index.php\/wp-json\/wp\/v2\/posts\/272439","targetHints":{"allow":["GET"]}}],"collection":[{"href":"https:\/\/diariotextual.com\/inicio\/index.php\/wp-json\/wp\/v2\/posts"}],"about":[{"href":"https:\/\/diariotextual.com\/inicio\/index.php\/wp-json\/wp\/v2\/types\/post"}],"author":[{"embeddable":true,"href":"https:\/\/diariotextual.com\/inicio\/index.php\/wp-json\/wp\/v2\/users\/3"}],"replies":[{"embeddable":true,"href":"https:\/\/diariotextual.com\/inicio\/index.php\/wp-json\/wp\/v2\/comments?post=272439"}],"version-history":[{"count":1,"href":"https:\/\/diariotextual.com\/inicio\/index.php\/wp-json\/wp\/v2\/posts\/272439\/revisions"}],"predecessor-version":[{"id":272440,"href":"https:\/\/diariotextual.com\/inicio\/index.php\/wp-json\/wp\/v2\/posts\/272439\/revisions\/272440"}],"wp:featuredmedia":[{"embeddable":true,"href":"https:\/\/diariotextual.com\/inicio\/index.php\/wp-json\/wp\/v2\/media\/272441"}],"wp:attachment":[{"href":"https:\/\/diariotextual.com\/inicio\/index.php\/wp-json\/wp\/v2\/media?parent=272439"}],"wp:term":[{"taxonomy":"category","embeddable":true,"href":"https:\/\/diariotextual.com\/inicio\/index.php\/wp-json\/wp\/v2\/categories?post=272439"},{"taxonomy":"post_tag","embeddable":true,"href":"https:\/\/diariotextual.com\/inicio\/index.php\/wp-json\/wp\/v2\/tags?post=272439"}],"curies":[{"name":"wp","href":"https:\/\/api.w.org\/{rel}","templated":true}]}}