{"id":272523,"date":"2024-08-14T23:34:37","date_gmt":"2024-08-15T02:34:37","guid":{"rendered":"https:\/\/diariotextual.com\/inicio\/?p=272523"},"modified":"2024-08-14T23:34:42","modified_gmt":"2024-08-15T02:34:42","slug":"river-le-gano-a-talleres-en-la-vuelta-de-marcelo-gallardo-a-la-copa-libertadores","status":"publish","type":"post","link":"https:\/\/diariotextual.com\/inicio\/index.php\/2024\/08\/14\/river-le-gano-a-talleres-en-la-vuelta-de-marcelo-gallardo-a-la-copa-libertadores\/","title":{"rendered":"River le gan\u00f3 a Talleres en la vuelta de Marcelo Gallardo a la Copa Libertadores"},"content":{"rendered":"\n<p><strong>River se qued\u00f3 con el triunfo por 1 a 0 con un jugador m\u00e1s ante Talleres de C\u00f3rdoba por la ida de los octavos de final de la Copa Libertadores en el regreso de Marcelo Gallardo al certamen continental.<\/strong><\/p>\n\n\n\n<p><strong>Con el \u00fanico tanto del chileno Paul D\u00edaz<\/strong>, River se impuso en la ida como visitante y llega con un margen favorable para la vuelta como local en El Monumental del pr\u00f3ximo mi\u00e9rcoles 21 de agosto.<\/p>\n\n\n\n<p>El equipo de Marcelo Gallardo fue mucho m\u00e1s, con m\u00e1s aproximaciones al arco defendido por Guido Herrera pero sin tener la profundidad y eficacia necesaria para romper el cero, incluso con las apariciones de Claudio Echeverri y Franco Mastantouno.<\/p>\n\n\n\n<p>Por el lado de Talleres, el equipo tuvo algunos jugadas aisladas que casi culminan en gol como un remate de Marcos Portillo que tap\u00f3 Franco Armani, pero tras esto se repleg\u00f3 mucho abus\u00f3 de los pelotazos.<\/p>\n\n\n\n<p>Para la segunda etapa, y en el mejor momento de Talleres en el partido, Lucas Su\u00e1rez le dio un duro planchazo a Adam Bareiro cerca de la mitad de la cancha y el \u00e1rbitro colombiano Andr\u00e9s Rojas ni lo dudo: expulsi\u00f3n directa para el defensor de la T.<\/p>\n\n\n\n<p>A\u00fan con un jugador menos, Talleres casi se puso en ventaja con un pelotazo largo de un tiro libre que baj\u00f3 Juan Portillo en el \u00e1rea con la cabeza y dej\u00f3 a Mat\u00edas Catal\u00e1n mano a mano para el gol, pero ten\u00eda una pierna adelantada a la hora de convertir.<\/p>\n\n\n\n<p>En el final del partido, River encontr\u00f3 finalmente la ventaja despu\u00e9s de tanto apretar con el jugador de m\u00e1s y tras un gran centro de Ignacio Fern\u00e1ndez, el chileno D\u00edaz le dio con la cabeza contra el palo, y a pesar de que Herrera vol\u00f3 y la toc\u00f3 no la pudo sacar, y puso el 1 a 0.<\/p>\n","protected":false},"excerpt":{"rendered":"<p>River se qued\u00f3 con el triunfo por 1 a 0 con un jugador m\u00e1s ante Talleres de C\u00f3rdoba por la ida de los octavos de final de la Copa Libertadores&hellip;<\/p>\n","protected":false},"author":3,"featured_media":272525,"comment_status":"closed","ping_status":"open","sticky":false,"template":"","format":"standard","meta":{"_acf_changed":false,"footnotes":""},"categories":[1,3],"tags":[],"class_list":["post-272523","post","type-post","status-publish","format-standard","has-post-thumbnail","hentry","category-es-noticia","category-deportes"],"acf":[],"yoast_head":"<!-- This site is optimized with the Yoast SEO plugin v27.5 - https:\/\/yoast.com\/product\/yoast-seo-wordpress\/ -->\n<title>River le gan\u00f3 a Talleres en la vuelta de Marcelo Gallardo a la Copa Libertadores - Diario Textual<\/title>\n<meta name=\"robots\" content=\"index, follow, max-snippet:-1, max-image-preview:large, max-video-preview:-1\" \/>\n<link rel=\"canonical\" href=\"https:\/\/diariotextual.com\/inicio\/index.php\/2024\/08\/14\/river-le-gano-a-talleres-en-la-vuelta-de-marcelo-gallardo-a-la-copa-libertadores\/\" \/>\n<meta property=\"og:locale\" content=\"es_ES\" \/>\n<meta property=\"og:type\" content=\"article\" \/>\n<meta property=\"og:title\" content=\"River le gan\u00f3 a Talleres en la vuelta de Marcelo Gallardo a la Copa Libertadores - Diario Textual\" \/>\n<meta property=\"og:description\" content=\"River se qued\u00f3 con el triunfo por 1 a 0 con un jugador m\u00e1s ante Talleres de C\u00f3rdoba por la ida de los octavos de final de la Copa Libertadores&hellip;\" \/>\n<meta property=\"og:url\" content=\"https:\/\/diariotextual.com\/inicio\/index.php\/2024\/08\/14\/river-le-gano-a-talleres-en-la-vuelta-de-marcelo-gallardo-a-la-copa-libertadores\/\" \/>\n<meta property=\"og:site_name\" content=\"Diario Textual\" \/>\n<meta property=\"article:publisher\" content=\"https:\/\/www.facebook.com\/eltextual\" \/>\n<meta property=\"article:published_time\" content=\"2024-08-15T02:34:37+00:00\" \/>\n<meta property=\"article:modified_time\" content=\"2024-08-15T02:34:42+00:00\" \/>\n<meta property=\"og:image\" content=\"https:\/\/diariotextual.com\/inicio\/wp-content\/uploads\/2024\/08\/diazpauloriver2024-1.jpg\" \/>\n\t<meta property=\"og:image:width\" content=\"1500\" \/>\n\t<meta property=\"og:image:height\" content=\"1000\" \/>\n\t<meta property=\"og:image:type\" content=\"image\/jpeg\" \/>\n<meta name=\"author\" content=\"Diario1 Diario1\" \/>\n<meta name=\"twitter:card\" content=\"summary_large_image\" \/>\n<meta name=\"twitter:creator\" content=\"@eltextual\" \/>\n<meta name=\"twitter:site\" content=\"@eltextual\" \/>\n<meta name=\"twitter:label1\" content=\"Escrito por\" \/>\n\t<meta name=\"twitter:data1\" content=\"Diario1 Diario1\" \/>\n\t<meta name=\"twitter:label2\" content=\"Tiempo de lectura\" \/>\n\t<meta name=\"twitter:data2\" content=\"2 minutos\" \/>\n<script type=\"application\/ld+json\" class=\"yoast-schema-graph\">{\"@context\":\"https:\\\/\\\/schema.org\",\"@graph\":[{\"@type\":\"Article\",\"@id\":\"https:\\\/\\\/diariotextual.com\\\/inicio\\\/index.php\\\/2024\\\/08\\\/14\\\/river-le-gano-a-talleres-en-la-vuelta-de-marcelo-gallardo-a-la-copa-libertadores\\\/#article\",\"isPartOf\":{\"@id\":\"https:\\\/\\\/diariotextual.com\\\/inicio\\\/index.php\\\/2024\\\/08\\\/14\\\/river-le-gano-a-talleres-en-la-vuelta-de-marcelo-gallardo-a-la-copa-libertadores\\\/\"},\"author\":{\"name\":\"Diario1 Diario1\",\"@id\":\"https:\\\/\\\/diariotextual.com\\\/inicio\\\/#\\\/schema\\\/person\\\/418fc4093c33e86ed41562db3508f958\"},\"headline\":\"River le gan\u00f3 a Talleres en la vuelta de Marcelo Gallardo a la Copa Libertadores\",\"datePublished\":\"2024-08-15T02:34:37+00:00\",\"dateModified\":\"2024-08-15T02:34:42+00:00\",\"mainEntityOfPage\":{\"@id\":\"https:\\\/\\\/diariotextual.com\\\/inicio\\\/index.php\\\/2024\\\/08\\\/14\\\/river-le-gano-a-talleres-en-la-vuelta-de-marcelo-gallardo-a-la-copa-libertadores\\\/\"},\"wordCount\":334,\"publisher\":{\"@id\":\"https:\\\/\\\/diariotextual.com\\\/inicio\\\/#organization\"},\"image\":{\"@id\":\"https:\\\/\\\/diariotextual.com\\\/inicio\\\/index.php\\\/2024\\\/08\\\/14\\\/river-le-gano-a-talleres-en-la-vuelta-de-marcelo-gallardo-a-la-copa-libertadores\\\/#primaryimage\"},\"thumbnailUrl\":\"https:\\\/\\\/diariotextual.com\\\/inicio\\\/wp-content\\\/uploads\\\/2024\\\/08\\\/diazpauloriver2024-1.jpg\",\"articleSection\":[\"A - ES NOTICIA (van abajo)\",\"DEPORTES\"],\"inLanguage\":\"es\"},{\"@type\":\"WebPage\",\"@id\":\"https:\\\/\\\/diariotextual.com\\\/inicio\\\/index.php\\\/2024\\\/08\\\/14\\\/river-le-gano-a-talleres-en-la-vuelta-de-marcelo-gallardo-a-la-copa-libertadores\\\/\",\"url\":\"https:\\\/\\\/diariotextual.com\\\/inicio\\\/index.php\\\/2024\\\/08\\\/14\\\/river-le-gano-a-talleres-en-la-vuelta-de-marcelo-gallardo-a-la-copa-libertadores\\\/\",\"name\":\"River le gan\u00f3 a Talleres en la vuelta de Marcelo Gallardo a la Copa Libertadores - Diario Textual\",\"isPartOf\":{\"@id\":\"https:\\\/\\\/diariotextual.com\\\/inicio\\\/#website\"},\"primaryImageOfPage\":{\"@id\":\"https:\\\/\\\/diariotextual.com\\\/inicio\\\/index.php\\\/2024\\\/08\\\/14\\\/river-le-gano-a-talleres-en-la-vuelta-de-marcelo-gallardo-a-la-copa-libertadores\\\/#primaryimage\"},\"image\":{\"@id\":\"https:\\\/\\\/diariotextual.com\\\/inicio\\\/index.php\\\/2024\\\/08\\\/14\\\/river-le-gano-a-talleres-en-la-vuelta-de-marcelo-gallardo-a-la-copa-libertadores\\\/#primaryimage\"},\"thumbnailUrl\":\"https:\\\/\\\/diariotextual.com\\\/inicio\\\/wp-content\\\/uploads\\\/2024\\\/08\\\/diazpauloriver2024-1.jpg\",\"datePublished\":\"2024-08-15T02:34:37+00:00\",\"dateModified\":\"2024-08-15T02:34:42+00:00\",\"breadcrumb\":{\"@id\":\"https:\\\/\\\/diariotextual.com\\\/inicio\\\/index.php\\\/2024\\\/08\\\/14\\\/river-le-gano-a-talleres-en-la-vuelta-de-marcelo-gallardo-a-la-copa-libertadores\\\/#breadcrumb\"},\"inLanguage\":\"es\",\"potentialAction\":[{\"@type\":\"ReadAction\",\"target\":[\"https:\\\/\\\/diariotextual.com\\\/inicio\\\/index.php\\\/2024\\\/08\\\/14\\\/river-le-gano-a-talleres-en-la-vuelta-de-marcelo-gallardo-a-la-copa-libertadores\\\/\"]}]},{\"@type\":\"ImageObject\",\"inLanguage\":\"es\",\"@id\":\"https:\\\/\\\/diariotextual.com\\\/inicio\\\/index.php\\\/2024\\\/08\\\/14\\\/river-le-gano-a-talleres-en-la-vuelta-de-marcelo-gallardo-a-la-copa-libertadores\\\/#primaryimage\",\"url\":\"https:\\\/\\\/diariotextual.com\\\/inicio\\\/wp-content\\\/uploads\\\/2024\\\/08\\\/diazpauloriver2024-1.jpg\",\"contentUrl\":\"https:\\\/\\\/diariotextual.com\\\/inicio\\\/wp-content\\\/uploads\\\/2024\\\/08\\\/diazpauloriver2024-1.jpg\",\"width\":1500,\"height\":1000},{\"@type\":\"BreadcrumbList\",\"@id\":\"https:\\\/\\\/diariotextual.com\\\/inicio\\\/index.php\\\/2024\\\/08\\\/14\\\/river-le-gano-a-talleres-en-la-vuelta-de-marcelo-gallardo-a-la-copa-libertadores\\\/#breadcrumb\",\"itemListElement\":[{\"@type\":\"ListItem\",\"position\":1,\"name\":\"Portada\",\"item\":\"https:\\\/\\\/diariotextual.com\\\/inicio\\\/\"},{\"@type\":\"ListItem\",\"position\":2,\"name\":\"River le gan\u00f3 a Talleres en la vuelta de Marcelo Gallardo a la Copa Libertadores\"}]},{\"@type\":\"WebSite\",\"@id\":\"https:\\\/\\\/diariotextual.com\\\/inicio\\\/#website\",\"url\":\"https:\\\/\\\/diariotextual.com\\\/inicio\\\/\",\"name\":\"Diario Textual\",\"description\":\"\",\"publisher\":{\"@id\":\"https:\\\/\\\/diariotextual.com\\\/inicio\\\/#organization\"},\"potentialAction\":[{\"@type\":\"SearchAction\",\"target\":{\"@type\":\"EntryPoint\",\"urlTemplate\":\"https:\\\/\\\/diariotextual.com\\\/inicio\\\/?s={search_term_string}\"},\"query-input\":{\"@type\":\"PropertyValueSpecification\",\"valueRequired\":true,\"valueName\":\"search_term_string\"}}],\"inLanguage\":\"es\"},{\"@type\":\"Organization\",\"@id\":\"https:\\\/\\\/diariotextual.com\\\/inicio\\\/#organization\",\"name\":\"Diario Textual\",\"url\":\"https:\\\/\\\/diariotextual.com\\\/inicio\\\/\",\"logo\":{\"@type\":\"ImageObject\",\"inLanguage\":\"es\",\"@id\":\"https:\\\/\\\/diariotextual.com\\\/inicio\\\/#\\\/schema\\\/logo\\\/image\\\/\",\"url\":\"https:\\\/\\\/diariotextual.com\\\/inicio\\\/wp-content\\\/uploads\\\/2023\\\/05\\\/logotextual1.jpg\",\"contentUrl\":\"https:\\\/\\\/diariotextual.com\\\/inicio\\\/wp-content\\\/uploads\\\/2023\\\/05\\\/logotextual1.jpg\",\"width\":516,\"height\":76,\"caption\":\"Diario Textual\"},\"image\":{\"@id\":\"https:\\\/\\\/diariotextual.com\\\/inicio\\\/#\\\/schema\\\/logo\\\/image\\\/\"},\"sameAs\":[\"https:\\\/\\\/www.facebook.com\\\/eltextual\",\"https:\\\/\\\/x.com\\\/eltextual\",\"http:\\\/\\\/www.instagram.com\\\/eltextual\"]},{\"@type\":\"Person\",\"@id\":\"https:\\\/\\\/diariotextual.com\\\/inicio\\\/#\\\/schema\\\/person\\\/418fc4093c33e86ed41562db3508f958\",\"name\":\"Diario1 Diario1\",\"image\":{\"@type\":\"ImageObject\",\"inLanguage\":\"es\",\"@id\":\"https:\\\/\\\/secure.gravatar.com\\\/avatar\\\/9167d280179c85bc18be67aa7eda765854300033af4896dd779b608640f2ef7a?s=96&d=mm&r=g\",\"url\":\"https:\\\/\\\/secure.gravatar.com\\\/avatar\\\/9167d280179c85bc18be67aa7eda765854300033af4896dd779b608640f2ef7a?s=96&d=mm&r=g\",\"contentUrl\":\"https:\\\/\\\/secure.gravatar.com\\\/avatar\\\/9167d280179c85bc18be67aa7eda765854300033af4896dd779b608640f2ef7a?s=96&d=mm&r=g\",\"caption\":\"Diario1 Diario1\"},\"url\":\"https:\\\/\\\/diariotextual.com\\\/inicio\\\/index.php\\\/author\\\/diario1\\\/\"}]}<\/script>\n<!-- \/ Yoast SEO plugin. -->","yoast_head_json":{"title":"River le gan\u00f3 a Talleres en la vuelta de Marcelo Gallardo a la Copa Libertadores - Diario Textual","robots":{"index":"index","follow":"follow","max-snippet":"max-snippet:-1","max-image-preview":"max-image-preview:large","max-video-preview":"max-video-preview:-1"},"canonical":"https:\/\/diariotextual.com\/inicio\/index.php\/2024\/08\/14\/river-le-gano-a-talleres-en-la-vuelta-de-marcelo-gallardo-a-la-copa-libertadores\/","og_locale":"es_ES","og_type":"article","og_title":"River le gan\u00f3 a Talleres en la vuelta de Marcelo Gallardo a la Copa Libertadores - Diario Textual","og_description":"River se qued\u00f3 con el triunfo por 1 a 0 con un jugador m\u00e1s ante Talleres de C\u00f3rdoba por la ida de los octavos de final de la Copa Libertadores&hellip;","og_url":"https:\/\/diariotextual.com\/inicio\/index.php\/2024\/08\/14\/river-le-gano-a-talleres-en-la-vuelta-de-marcelo-gallardo-a-la-copa-libertadores\/","og_site_name":"Diario Textual","article_publisher":"https:\/\/www.facebook.com\/eltextual","article_published_time":"2024-08-15T02:34:37+00:00","article_modified_time":"2024-08-15T02:34:42+00:00","og_image":[{"width":1500,"height":1000,"url":"https:\/\/diariotextual.com\/inicio\/wp-content\/uploads\/2024\/08\/diazpauloriver2024-1.jpg","type":"image\/jpeg"}],"author":"Diario1 Diario1","twitter_card":"summary_large_image","twitter_creator":"@eltextual","twitter_site":"@eltextual","twitter_misc":{"Escrito por":"Diario1 Diario1","Tiempo de lectura":"2 minutos"},"schema":{"@context":"https:\/\/schema.org","@graph":[{"@type":"Article","@id":"https:\/\/diariotextual.com\/inicio\/index.php\/2024\/08\/14\/river-le-gano-a-talleres-en-la-vuelta-de-marcelo-gallardo-a-la-copa-libertadores\/#article","isPartOf":{"@id":"https:\/\/diariotextual.com\/inicio\/index.php\/2024\/08\/14\/river-le-gano-a-talleres-en-la-vuelta-de-marcelo-gallardo-a-la-copa-libertadores\/"},"author":{"name":"Diario1 Diario1","@id":"https:\/\/diariotextual.com\/inicio\/#\/schema\/person\/418fc4093c33e86ed41562db3508f958"},"headline":"River le gan\u00f3 a Talleres en la vuelta de Marcelo Gallardo a la Copa Libertadores","datePublished":"2024-08-15T02:34:37+00:00","dateModified":"2024-08-15T02:34:42+00:00","mainEntityOfPage":{"@id":"https:\/\/diariotextual.com\/inicio\/index.php\/2024\/08\/14\/river-le-gano-a-talleres-en-la-vuelta-de-marcelo-gallardo-a-la-copa-libertadores\/"},"wordCount":334,"publisher":{"@id":"https:\/\/diariotextual.com\/inicio\/#organization"},"image":{"@id":"https:\/\/diariotextual.com\/inicio\/index.php\/2024\/08\/14\/river-le-gano-a-talleres-en-la-vuelta-de-marcelo-gallardo-a-la-copa-libertadores\/#primaryimage"},"thumbnailUrl":"https:\/\/diariotextual.com\/inicio\/wp-content\/uploads\/2024\/08\/diazpauloriver2024-1.jpg","articleSection":["A - ES NOTICIA (van abajo)","DEPORTES"],"inLanguage":"es"},{"@type":"WebPage","@id":"https:\/\/diariotextual.com\/inicio\/index.php\/2024\/08\/14\/river-le-gano-a-talleres-en-la-vuelta-de-marcelo-gallardo-a-la-copa-libertadores\/","url":"https:\/\/diariotextual.com\/inicio\/index.php\/2024\/08\/14\/river-le-gano-a-talleres-en-la-vuelta-de-marcelo-gallardo-a-la-copa-libertadores\/","name":"River le gan\u00f3 a Talleres en la vuelta de Marcelo Gallardo a la Copa Libertadores - Diario Textual","isPartOf":{"@id":"https:\/\/diariotextual.com\/inicio\/#website"},"primaryImageOfPage":{"@id":"https:\/\/diariotextual.com\/inicio\/index.php\/2024\/08\/14\/river-le-gano-a-talleres-en-la-vuelta-de-marcelo-gallardo-a-la-copa-libertadores\/#primaryimage"},"image":{"@id":"https:\/\/diariotextual.com\/inicio\/index.php\/2024\/08\/14\/river-le-gano-a-talleres-en-la-vuelta-de-marcelo-gallardo-a-la-copa-libertadores\/#primaryimage"},"thumbnailUrl":"https:\/\/diariotextual.com\/inicio\/wp-content\/uploads\/2024\/08\/diazpauloriver2024-1.jpg","datePublished":"2024-08-15T02:34:37+00:00","dateModified":"2024-08-15T02:34:42+00:00","breadcrumb":{"@id":"https:\/\/diariotextual.com\/inicio\/index.php\/2024\/08\/14\/river-le-gano-a-talleres-en-la-vuelta-de-marcelo-gallardo-a-la-copa-libertadores\/#breadcrumb"},"inLanguage":"es","potentialAction":[{"@type":"ReadAction","target":["https:\/\/diariotextual.com\/inicio\/index.php\/2024\/08\/14\/river-le-gano-a-talleres-en-la-vuelta-de-marcelo-gallardo-a-la-copa-libertadores\/"]}]},{"@type":"ImageObject","inLanguage":"es","@id":"https:\/\/diariotextual.com\/inicio\/index.php\/2024\/08\/14\/river-le-gano-a-talleres-en-la-vuelta-de-marcelo-gallardo-a-la-copa-libertadores\/#primaryimage","url":"https:\/\/diariotextual.com\/inicio\/wp-content\/uploads\/2024\/08\/diazpauloriver2024-1.jpg","contentUrl":"https:\/\/diariotextual.com\/inicio\/wp-content\/uploads\/2024\/08\/diazpauloriver2024-1.jpg","width":1500,"height":1000},{"@type":"BreadcrumbList","@id":"https:\/\/diariotextual.com\/inicio\/index.php\/2024\/08\/14\/river-le-gano-a-talleres-en-la-vuelta-de-marcelo-gallardo-a-la-copa-libertadores\/#breadcrumb","itemListElement":[{"@type":"ListItem","position":1,"name":"Portada","item":"https:\/\/diariotextual.com\/inicio\/"},{"@type":"ListItem","position":2,"name":"River le gan\u00f3 a Talleres en la vuelta de Marcelo Gallardo a la Copa Libertadores"}]},{"@type":"WebSite","@id":"https:\/\/diariotextual.com\/inicio\/#website","url":"https:\/\/diariotextual.com\/inicio\/","name":"Diario Textual","description":"","publisher":{"@id":"https:\/\/diariotextual.com\/inicio\/#organization"},"potentialAction":[{"@type":"SearchAction","target":{"@type":"EntryPoint","urlTemplate":"https:\/\/diariotextual.com\/inicio\/?s={search_term_string}"},"query-input":{"@type":"PropertyValueSpecification","valueRequired":true,"valueName":"search_term_string"}}],"inLanguage":"es"},{"@type":"Organization","@id":"https:\/\/diariotextual.com\/inicio\/#organization","name":"Diario Textual","url":"https:\/\/diariotextual.com\/inicio\/","logo":{"@type":"ImageObject","inLanguage":"es","@id":"https:\/\/diariotextual.com\/inicio\/#\/schema\/logo\/image\/","url":"https:\/\/diariotextual.com\/inicio\/wp-content\/uploads\/2023\/05\/logotextual1.jpg","contentUrl":"https:\/\/diariotextual.com\/inicio\/wp-content\/uploads\/2023\/05\/logotextual1.jpg","width":516,"height":76,"caption":"Diario Textual"},"image":{"@id":"https:\/\/diariotextual.com\/inicio\/#\/schema\/logo\/image\/"},"sameAs":["https:\/\/www.facebook.com\/eltextual","https:\/\/x.com\/eltextual","http:\/\/www.instagram.com\/eltextual"]},{"@type":"Person","@id":"https:\/\/diariotextual.com\/inicio\/#\/schema\/person\/418fc4093c33e86ed41562db3508f958","name":"Diario1 Diario1","image":{"@type":"ImageObject","inLanguage":"es","@id":"https:\/\/secure.gravatar.com\/avatar\/9167d280179c85bc18be67aa7eda765854300033af4896dd779b608640f2ef7a?s=96&d=mm&r=g","url":"https:\/\/secure.gravatar.com\/avatar\/9167d280179c85bc18be67aa7eda765854300033af4896dd779b608640f2ef7a?s=96&d=mm&r=g","contentUrl":"https:\/\/secure.gravatar.com\/avatar\/9167d280179c85bc18be67aa7eda765854300033af4896dd779b608640f2ef7a?s=96&d=mm&r=g","caption":"Diario1 Diario1"},"url":"https:\/\/diariotextual.com\/inicio\/index.php\/author\/diario1\/"}]}},"_links":{"self":[{"href":"https:\/\/diariotextual.com\/inicio\/index.php\/wp-json\/wp\/v2\/posts\/272523","targetHints":{"allow":["GET"]}}],"collection":[{"href":"https:\/\/diariotextual.com\/inicio\/index.php\/wp-json\/wp\/v2\/posts"}],"about":[{"href":"https:\/\/diariotextual.com\/inicio\/index.php\/wp-json\/wp\/v2\/types\/post"}],"author":[{"embeddable":true,"href":"https:\/\/diariotextual.com\/inicio\/index.php\/wp-json\/wp\/v2\/users\/3"}],"replies":[{"embeddable":true,"href":"https:\/\/diariotextual.com\/inicio\/index.php\/wp-json\/wp\/v2\/comments?post=272523"}],"version-history":[{"count":2,"href":"https:\/\/diariotextual.com\/inicio\/index.php\/wp-json\/wp\/v2\/posts\/272523\/revisions"}],"predecessor-version":[{"id":272526,"href":"https:\/\/diariotextual.com\/inicio\/index.php\/wp-json\/wp\/v2\/posts\/272523\/revisions\/272526"}],"wp:featuredmedia":[{"embeddable":true,"href":"https:\/\/diariotextual.com\/inicio\/index.php\/wp-json\/wp\/v2\/media\/272525"}],"wp:attachment":[{"href":"https:\/\/diariotextual.com\/inicio\/index.php\/wp-json\/wp\/v2\/media?parent=272523"}],"wp:term":[{"taxonomy":"category","embeddable":true,"href":"https:\/\/diariotextual.com\/inicio\/index.php\/wp-json\/wp\/v2\/categories?post=272523"},{"taxonomy":"post_tag","embeddable":true,"href":"https:\/\/diariotextual.com\/inicio\/index.php\/wp-json\/wp\/v2\/tags?post=272523"}],"curies":[{"name":"wp","href":"https:\/\/api.w.org\/{rel}","templated":true}]}}