{"id":273162,"date":"2024-08-21T06:01:34","date_gmt":"2024-08-21T09:01:34","guid":{"rendered":"https:\/\/diariotextual.com\/inicio\/?p=273162"},"modified":"2024-08-21T06:06:09","modified_gmt":"2024-08-21T09:06:09","slug":"san-lorenzo-fue-eliminado-por-atletico-mineiro-en-los-octavos-de-final-de-la-copa-libertadores","status":"publish","type":"post","link":"https:\/\/diariotextual.com\/inicio\/index.php\/2024\/08\/21\/san-lorenzo-fue-eliminado-por-atletico-mineiro-en-los-octavos-de-final-de-la-copa-libertadores\/","title":{"rendered":"San Lorenzo fue eliminado por Atl\u00e9tico Mineiro en los octavos de final de la Copa Libertadores"},"content":{"rendered":"\n<p><strong>San Lorenzo perdi\u00f3 ante Atl\u00e9tico Mineiro, en un partido correspondiente a la vuelta de los octavos de final de la Copa Libertadores,<\/strong><strong>&nbsp;el cual se disput\u00f3 en el Estadio Presidente El\u00edas Kalil.<\/strong><\/p>\n\n\n\n<p>El \u201cCicl\u00f3n\u201d fue derrotado por 1 a 0. El \u00fanico gol del partido lo marc\u00f3 el defensor argentino&nbsp;<strong>Rodrigo Battaglia<\/strong>, con un cabezazo.<\/p>\n\n\n\n<p>El primer tiempo tuvo muy poca acci\u00f3n ofensiva. San Lorenzo priorizaba el orden defensivo y atacaba con pocos jugadores, mientras que Mineiro, a pesar de dominar la posesi\u00f3n del bal\u00f3n, no pod\u00eda lastimar a su rival ni profundizar el juego.<\/p>\n\n\n\n<p>La primera jugada clara del partido fue a los 43 minutos y para la visita, cuando, tras un c\u00f3rner,&nbsp;<strong>el delantero Iv\u00e1n Leguizam\u00f3n sac\u00f3 un potente remate desde afuera del \u00e1rea que se estrell\u00f3 en el travesa\u00f1o<\/strong>. El rebote fue capturado por el extremo Mat\u00edas Reali, pero su disparo se fue desviado.<\/p>\n\n\n\n<p>Solo tres minutos despu\u00e9s, sobre el final del primer tiempo, Mineiro consigui\u00f3 su primer acercamiento peligroso. Despu\u00e9s de un tiro de esquina, la pelota fue prolongada y le lleg\u00f3 al delantero&nbsp;<strong>Deyverson<\/strong>, quien apareci\u00f3 libre de marca y en posici\u00f3n reglamentaria, pero&nbsp;<strong>su cabezazo se fue desviado.<\/strong><\/p>\n\n\n\n<p>El arranque del segundo tiempo favoreci\u00f3 a San Lorenzo. El equipo del \u201cPipi\u201d Romagnoli empezaba a atacar con mayor posesi\u00f3n de la pelota y, a los 15 minutos del segundo tiempo tuvo una jugada muy clara de gol, cuando&nbsp;<strong>el delantero Alexis Cuello qued\u00f3 mano a mano ante el arquero&nbsp;<\/strong><strong>\u00c9verson, pero su disparo fue d\u00e9bil y muy centralizado, el rebote le qued\u00f3 a Reali, pero tampoco lo pudo aprovechar.<\/strong><\/p>\n\n\n\n<p><strong>S\u00f3lo cinco minutos despu\u00e9s, lleg\u00f3 el \u00fanico gol del partido<\/strong>. Un c\u00f3rner pateado por el mediocampista&nbsp;<strong>Gustavo Scarpa<\/strong>&nbsp;encontr\u00f3 la cabeza de&nbsp;<strong>Rodrigo Battaglia, surgido en las inferiores de Hurac\u00e1n, quien remat\u00f3 al segundo palo y convirti\u00f3 el gol que asegur\u00f3 la clasificaci\u00f3n del Mineiro.<\/strong><\/p>\n\n\n\n<p>A partir de este momento, el equipo de Gabriel Milito tuvo algunas chances para, de contraataque y con superioridad num\u00e9rica, ampliar su ventaja, pero la mayor\u00eda de sus remates fueron desviados.<\/p>\n\n\n\n<p>Sobre los 35 minutos del segundo tiempo, el partido fue demorado por motivos extrafutbol\u00edsticos. Tras una pelea entre ambas parcialidades en una de las tribunas,&nbsp;<strong>la polic\u00eda arroj\u00f3 gases lacrim\u00f3genos, los cuales, debido al viento, irritaron a los jugadores<\/strong>. El partido se reanud\u00f3 algunos minutos despu\u00e9s.<\/p>\n","protected":false},"excerpt":{"rendered":"<p>San Lorenzo perdi\u00f3 ante Atl\u00e9tico Mineiro, en un partido correspondiente a la vuelta de los octavos de final de la Copa Libertadores,&nbsp;el cual se disput\u00f3 en el Estadio Presidente El\u00edas&hellip;<\/p>\n","protected":false},"author":3,"featured_media":273165,"comment_status":"closed","ping_status":"open","sticky":false,"template":"","format":"standard","meta":{"_acf_changed":false,"footnotes":""},"categories":[1,3],"tags":[],"class_list":["post-273162","post","type-post","status-publish","format-standard","has-post-thumbnail","hentry","category-es-noticia","category-deportes"],"acf":[],"yoast_head":"<!-- This site is optimized with the Yoast SEO plugin v27.5 - https:\/\/yoast.com\/product\/yoast-seo-wordpress\/ -->\n<title>San Lorenzo fue eliminado por Atl\u00e9tico Mineiro en los octavos de final de la Copa Libertadores - Diario Textual<\/title>\n<meta name=\"robots\" content=\"index, follow, max-snippet:-1, max-image-preview:large, max-video-preview:-1\" \/>\n<link rel=\"canonical\" href=\"https:\/\/diariotextual.com\/inicio\/index.php\/2024\/08\/21\/san-lorenzo-fue-eliminado-por-atletico-mineiro-en-los-octavos-de-final-de-la-copa-libertadores\/\" \/>\n<meta property=\"og:locale\" content=\"es_ES\" \/>\n<meta property=\"og:type\" content=\"article\" \/>\n<meta property=\"og:title\" content=\"San Lorenzo fue eliminado por Atl\u00e9tico Mineiro en los octavos de final de la Copa Libertadores - Diario Textual\" \/>\n<meta property=\"og:description\" content=\"San Lorenzo perdi\u00f3 ante Atl\u00e9tico Mineiro, en un partido correspondiente a la vuelta de los octavos de final de la Copa Libertadores,&nbsp;el cual se disput\u00f3 en el Estadio Presidente El\u00edas&hellip;\" \/>\n<meta property=\"og:url\" content=\"https:\/\/diariotextual.com\/inicio\/index.php\/2024\/08\/21\/san-lorenzo-fue-eliminado-por-atletico-mineiro-en-los-octavos-de-final-de-la-copa-libertadores\/\" \/>\n<meta property=\"og:site_name\" content=\"Diario Textual\" \/>\n<meta property=\"article:publisher\" content=\"https:\/\/www.facebook.com\/eltextual\" \/>\n<meta property=\"article:published_time\" content=\"2024-08-21T09:01:34+00:00\" \/>\n<meta property=\"article:modified_time\" content=\"2024-08-21T09:06:09+00:00\" \/>\n<meta property=\"og:image\" content=\"https:\/\/diariotextual.com\/inicio\/wp-content\/uploads\/2024\/08\/mineirosanlorenzo2024-1.jpg\" \/>\n\t<meta property=\"og:image:width\" content=\"1300\" \/>\n\t<meta property=\"og:image:height\" content=\"933\" \/>\n\t<meta property=\"og:image:type\" content=\"image\/jpeg\" \/>\n<meta name=\"author\" content=\"Diario1 Diario1\" \/>\n<meta name=\"twitter:card\" content=\"summary_large_image\" \/>\n<meta name=\"twitter:creator\" content=\"@eltextual\" \/>\n<meta name=\"twitter:site\" content=\"@eltextual\" \/>\n<meta name=\"twitter:label1\" content=\"Escrito por\" \/>\n\t<meta name=\"twitter:data1\" content=\"Diario1 Diario1\" \/>\n\t<meta name=\"twitter:label2\" content=\"Tiempo de lectura\" \/>\n\t<meta name=\"twitter:data2\" content=\"2 minutos\" \/>\n<script type=\"application\/ld+json\" class=\"yoast-schema-graph\">{\"@context\":\"https:\\\/\\\/schema.org\",\"@graph\":[{\"@type\":\"Article\",\"@id\":\"https:\\\/\\\/diariotextual.com\\\/inicio\\\/index.php\\\/2024\\\/08\\\/21\\\/san-lorenzo-fue-eliminado-por-atletico-mineiro-en-los-octavos-de-final-de-la-copa-libertadores\\\/#article\",\"isPartOf\":{\"@id\":\"https:\\\/\\\/diariotextual.com\\\/inicio\\\/index.php\\\/2024\\\/08\\\/21\\\/san-lorenzo-fue-eliminado-por-atletico-mineiro-en-los-octavos-de-final-de-la-copa-libertadores\\\/\"},\"author\":{\"name\":\"Diario1 Diario1\",\"@id\":\"https:\\\/\\\/diariotextual.com\\\/inicio\\\/#\\\/schema\\\/person\\\/418fc4093c33e86ed41562db3508f958\"},\"headline\":\"San Lorenzo fue eliminado por Atl\u00e9tico Mineiro en los octavos de final de la Copa Libertadores\",\"datePublished\":\"2024-08-21T09:01:34+00:00\",\"dateModified\":\"2024-08-21T09:06:09+00:00\",\"mainEntityOfPage\":{\"@id\":\"https:\\\/\\\/diariotextual.com\\\/inicio\\\/index.php\\\/2024\\\/08\\\/21\\\/san-lorenzo-fue-eliminado-por-atletico-mineiro-en-los-octavos-de-final-de-la-copa-libertadores\\\/\"},\"wordCount\":437,\"publisher\":{\"@id\":\"https:\\\/\\\/diariotextual.com\\\/inicio\\\/#organization\"},\"image\":{\"@id\":\"https:\\\/\\\/diariotextual.com\\\/inicio\\\/index.php\\\/2024\\\/08\\\/21\\\/san-lorenzo-fue-eliminado-por-atletico-mineiro-en-los-octavos-de-final-de-la-copa-libertadores\\\/#primaryimage\"},\"thumbnailUrl\":\"https:\\\/\\\/diariotextual.com\\\/inicio\\\/wp-content\\\/uploads\\\/2024\\\/08\\\/mineirosanlorenzo2024-1.jpg\",\"articleSection\":[\"A - ES NOTICIA (van abajo)\",\"DEPORTES\"],\"inLanguage\":\"es\"},{\"@type\":\"WebPage\",\"@id\":\"https:\\\/\\\/diariotextual.com\\\/inicio\\\/index.php\\\/2024\\\/08\\\/21\\\/san-lorenzo-fue-eliminado-por-atletico-mineiro-en-los-octavos-de-final-de-la-copa-libertadores\\\/\",\"url\":\"https:\\\/\\\/diariotextual.com\\\/inicio\\\/index.php\\\/2024\\\/08\\\/21\\\/san-lorenzo-fue-eliminado-por-atletico-mineiro-en-los-octavos-de-final-de-la-copa-libertadores\\\/\",\"name\":\"San Lorenzo fue eliminado por Atl\u00e9tico Mineiro en los octavos de final de la Copa Libertadores - Diario Textual\",\"isPartOf\":{\"@id\":\"https:\\\/\\\/diariotextual.com\\\/inicio\\\/#website\"},\"primaryImageOfPage\":{\"@id\":\"https:\\\/\\\/diariotextual.com\\\/inicio\\\/index.php\\\/2024\\\/08\\\/21\\\/san-lorenzo-fue-eliminado-por-atletico-mineiro-en-los-octavos-de-final-de-la-copa-libertadores\\\/#primaryimage\"},\"image\":{\"@id\":\"https:\\\/\\\/diariotextual.com\\\/inicio\\\/index.php\\\/2024\\\/08\\\/21\\\/san-lorenzo-fue-eliminado-por-atletico-mineiro-en-los-octavos-de-final-de-la-copa-libertadores\\\/#primaryimage\"},\"thumbnailUrl\":\"https:\\\/\\\/diariotextual.com\\\/inicio\\\/wp-content\\\/uploads\\\/2024\\\/08\\\/mineirosanlorenzo2024-1.jpg\",\"datePublished\":\"2024-08-21T09:01:34+00:00\",\"dateModified\":\"2024-08-21T09:06:09+00:00\",\"breadcrumb\":{\"@id\":\"https:\\\/\\\/diariotextual.com\\\/inicio\\\/index.php\\\/2024\\\/08\\\/21\\\/san-lorenzo-fue-eliminado-por-atletico-mineiro-en-los-octavos-de-final-de-la-copa-libertadores\\\/#breadcrumb\"},\"inLanguage\":\"es\",\"potentialAction\":[{\"@type\":\"ReadAction\",\"target\":[\"https:\\\/\\\/diariotextual.com\\\/inicio\\\/index.php\\\/2024\\\/08\\\/21\\\/san-lorenzo-fue-eliminado-por-atletico-mineiro-en-los-octavos-de-final-de-la-copa-libertadores\\\/\"]}]},{\"@type\":\"ImageObject\",\"inLanguage\":\"es\",\"@id\":\"https:\\\/\\\/diariotextual.com\\\/inicio\\\/index.php\\\/2024\\\/08\\\/21\\\/san-lorenzo-fue-eliminado-por-atletico-mineiro-en-los-octavos-de-final-de-la-copa-libertadores\\\/#primaryimage\",\"url\":\"https:\\\/\\\/diariotextual.com\\\/inicio\\\/wp-content\\\/uploads\\\/2024\\\/08\\\/mineirosanlorenzo2024-1.jpg\",\"contentUrl\":\"https:\\\/\\\/diariotextual.com\\\/inicio\\\/wp-content\\\/uploads\\\/2024\\\/08\\\/mineirosanlorenzo2024-1.jpg\",\"width\":1300,\"height\":933},{\"@type\":\"BreadcrumbList\",\"@id\":\"https:\\\/\\\/diariotextual.com\\\/inicio\\\/index.php\\\/2024\\\/08\\\/21\\\/san-lorenzo-fue-eliminado-por-atletico-mineiro-en-los-octavos-de-final-de-la-copa-libertadores\\\/#breadcrumb\",\"itemListElement\":[{\"@type\":\"ListItem\",\"position\":1,\"name\":\"Portada\",\"item\":\"https:\\\/\\\/diariotextual.com\\\/inicio\\\/\"},{\"@type\":\"ListItem\",\"position\":2,\"name\":\"San Lorenzo fue eliminado por Atl\u00e9tico Mineiro en los octavos de final de la Copa Libertadores\"}]},{\"@type\":\"WebSite\",\"@id\":\"https:\\\/\\\/diariotextual.com\\\/inicio\\\/#website\",\"url\":\"https:\\\/\\\/diariotextual.com\\\/inicio\\\/\",\"name\":\"Diario Textual\",\"description\":\"\",\"publisher\":{\"@id\":\"https:\\\/\\\/diariotextual.com\\\/inicio\\\/#organization\"},\"potentialAction\":[{\"@type\":\"SearchAction\",\"target\":{\"@type\":\"EntryPoint\",\"urlTemplate\":\"https:\\\/\\\/diariotextual.com\\\/inicio\\\/?s={search_term_string}\"},\"query-input\":{\"@type\":\"PropertyValueSpecification\",\"valueRequired\":true,\"valueName\":\"search_term_string\"}}],\"inLanguage\":\"es\"},{\"@type\":\"Organization\",\"@id\":\"https:\\\/\\\/diariotextual.com\\\/inicio\\\/#organization\",\"name\":\"Diario Textual\",\"url\":\"https:\\\/\\\/diariotextual.com\\\/inicio\\\/\",\"logo\":{\"@type\":\"ImageObject\",\"inLanguage\":\"es\",\"@id\":\"https:\\\/\\\/diariotextual.com\\\/inicio\\\/#\\\/schema\\\/logo\\\/image\\\/\",\"url\":\"https:\\\/\\\/diariotextual.com\\\/inicio\\\/wp-content\\\/uploads\\\/2023\\\/05\\\/logotextual1.jpg\",\"contentUrl\":\"https:\\\/\\\/diariotextual.com\\\/inicio\\\/wp-content\\\/uploads\\\/2023\\\/05\\\/logotextual1.jpg\",\"width\":516,\"height\":76,\"caption\":\"Diario Textual\"},\"image\":{\"@id\":\"https:\\\/\\\/diariotextual.com\\\/inicio\\\/#\\\/schema\\\/logo\\\/image\\\/\"},\"sameAs\":[\"https:\\\/\\\/www.facebook.com\\\/eltextual\",\"https:\\\/\\\/x.com\\\/eltextual\",\"http:\\\/\\\/www.instagram.com\\\/eltextual\"]},{\"@type\":\"Person\",\"@id\":\"https:\\\/\\\/diariotextual.com\\\/inicio\\\/#\\\/schema\\\/person\\\/418fc4093c33e86ed41562db3508f958\",\"name\":\"Diario1 Diario1\",\"image\":{\"@type\":\"ImageObject\",\"inLanguage\":\"es\",\"@id\":\"https:\\\/\\\/secure.gravatar.com\\\/avatar\\\/9167d280179c85bc18be67aa7eda765854300033af4896dd779b608640f2ef7a?s=96&d=mm&r=g\",\"url\":\"https:\\\/\\\/secure.gravatar.com\\\/avatar\\\/9167d280179c85bc18be67aa7eda765854300033af4896dd779b608640f2ef7a?s=96&d=mm&r=g\",\"contentUrl\":\"https:\\\/\\\/secure.gravatar.com\\\/avatar\\\/9167d280179c85bc18be67aa7eda765854300033af4896dd779b608640f2ef7a?s=96&d=mm&r=g\",\"caption\":\"Diario1 Diario1\"},\"url\":\"https:\\\/\\\/diariotextual.com\\\/inicio\\\/index.php\\\/author\\\/diario1\\\/\"}]}<\/script>\n<!-- \/ Yoast SEO plugin. -->","yoast_head_json":{"title":"San Lorenzo fue eliminado por Atl\u00e9tico Mineiro en los octavos de final de la Copa Libertadores - Diario Textual","robots":{"index":"index","follow":"follow","max-snippet":"max-snippet:-1","max-image-preview":"max-image-preview:large","max-video-preview":"max-video-preview:-1"},"canonical":"https:\/\/diariotextual.com\/inicio\/index.php\/2024\/08\/21\/san-lorenzo-fue-eliminado-por-atletico-mineiro-en-los-octavos-de-final-de-la-copa-libertadores\/","og_locale":"es_ES","og_type":"article","og_title":"San Lorenzo fue eliminado por Atl\u00e9tico Mineiro en los octavos de final de la Copa Libertadores - Diario Textual","og_description":"San Lorenzo perdi\u00f3 ante Atl\u00e9tico Mineiro, en un partido correspondiente a la vuelta de los octavos de final de la Copa Libertadores,&nbsp;el cual se disput\u00f3 en el Estadio Presidente El\u00edas&hellip;","og_url":"https:\/\/diariotextual.com\/inicio\/index.php\/2024\/08\/21\/san-lorenzo-fue-eliminado-por-atletico-mineiro-en-los-octavos-de-final-de-la-copa-libertadores\/","og_site_name":"Diario Textual","article_publisher":"https:\/\/www.facebook.com\/eltextual","article_published_time":"2024-08-21T09:01:34+00:00","article_modified_time":"2024-08-21T09:06:09+00:00","og_image":[{"width":1300,"height":933,"url":"https:\/\/diariotextual.com\/inicio\/wp-content\/uploads\/2024\/08\/mineirosanlorenzo2024-1.jpg","type":"image\/jpeg"}],"author":"Diario1 Diario1","twitter_card":"summary_large_image","twitter_creator":"@eltextual","twitter_site":"@eltextual","twitter_misc":{"Escrito por":"Diario1 Diario1","Tiempo de lectura":"2 minutos"},"schema":{"@context":"https:\/\/schema.org","@graph":[{"@type":"Article","@id":"https:\/\/diariotextual.com\/inicio\/index.php\/2024\/08\/21\/san-lorenzo-fue-eliminado-por-atletico-mineiro-en-los-octavos-de-final-de-la-copa-libertadores\/#article","isPartOf":{"@id":"https:\/\/diariotextual.com\/inicio\/index.php\/2024\/08\/21\/san-lorenzo-fue-eliminado-por-atletico-mineiro-en-los-octavos-de-final-de-la-copa-libertadores\/"},"author":{"name":"Diario1 Diario1","@id":"https:\/\/diariotextual.com\/inicio\/#\/schema\/person\/418fc4093c33e86ed41562db3508f958"},"headline":"San Lorenzo fue eliminado por Atl\u00e9tico Mineiro en los octavos de final de la Copa Libertadores","datePublished":"2024-08-21T09:01:34+00:00","dateModified":"2024-08-21T09:06:09+00:00","mainEntityOfPage":{"@id":"https:\/\/diariotextual.com\/inicio\/index.php\/2024\/08\/21\/san-lorenzo-fue-eliminado-por-atletico-mineiro-en-los-octavos-de-final-de-la-copa-libertadores\/"},"wordCount":437,"publisher":{"@id":"https:\/\/diariotextual.com\/inicio\/#organization"},"image":{"@id":"https:\/\/diariotextual.com\/inicio\/index.php\/2024\/08\/21\/san-lorenzo-fue-eliminado-por-atletico-mineiro-en-los-octavos-de-final-de-la-copa-libertadores\/#primaryimage"},"thumbnailUrl":"https:\/\/diariotextual.com\/inicio\/wp-content\/uploads\/2024\/08\/mineirosanlorenzo2024-1.jpg","articleSection":["A - ES NOTICIA (van abajo)","DEPORTES"],"inLanguage":"es"},{"@type":"WebPage","@id":"https:\/\/diariotextual.com\/inicio\/index.php\/2024\/08\/21\/san-lorenzo-fue-eliminado-por-atletico-mineiro-en-los-octavos-de-final-de-la-copa-libertadores\/","url":"https:\/\/diariotextual.com\/inicio\/index.php\/2024\/08\/21\/san-lorenzo-fue-eliminado-por-atletico-mineiro-en-los-octavos-de-final-de-la-copa-libertadores\/","name":"San Lorenzo fue eliminado por Atl\u00e9tico Mineiro en los octavos de final de la Copa Libertadores - Diario Textual","isPartOf":{"@id":"https:\/\/diariotextual.com\/inicio\/#website"},"primaryImageOfPage":{"@id":"https:\/\/diariotextual.com\/inicio\/index.php\/2024\/08\/21\/san-lorenzo-fue-eliminado-por-atletico-mineiro-en-los-octavos-de-final-de-la-copa-libertadores\/#primaryimage"},"image":{"@id":"https:\/\/diariotextual.com\/inicio\/index.php\/2024\/08\/21\/san-lorenzo-fue-eliminado-por-atletico-mineiro-en-los-octavos-de-final-de-la-copa-libertadores\/#primaryimage"},"thumbnailUrl":"https:\/\/diariotextual.com\/inicio\/wp-content\/uploads\/2024\/08\/mineirosanlorenzo2024-1.jpg","datePublished":"2024-08-21T09:01:34+00:00","dateModified":"2024-08-21T09:06:09+00:00","breadcrumb":{"@id":"https:\/\/diariotextual.com\/inicio\/index.php\/2024\/08\/21\/san-lorenzo-fue-eliminado-por-atletico-mineiro-en-los-octavos-de-final-de-la-copa-libertadores\/#breadcrumb"},"inLanguage":"es","potentialAction":[{"@type":"ReadAction","target":["https:\/\/diariotextual.com\/inicio\/index.php\/2024\/08\/21\/san-lorenzo-fue-eliminado-por-atletico-mineiro-en-los-octavos-de-final-de-la-copa-libertadores\/"]}]},{"@type":"ImageObject","inLanguage":"es","@id":"https:\/\/diariotextual.com\/inicio\/index.php\/2024\/08\/21\/san-lorenzo-fue-eliminado-por-atletico-mineiro-en-los-octavos-de-final-de-la-copa-libertadores\/#primaryimage","url":"https:\/\/diariotextual.com\/inicio\/wp-content\/uploads\/2024\/08\/mineirosanlorenzo2024-1.jpg","contentUrl":"https:\/\/diariotextual.com\/inicio\/wp-content\/uploads\/2024\/08\/mineirosanlorenzo2024-1.jpg","width":1300,"height":933},{"@type":"BreadcrumbList","@id":"https:\/\/diariotextual.com\/inicio\/index.php\/2024\/08\/21\/san-lorenzo-fue-eliminado-por-atletico-mineiro-en-los-octavos-de-final-de-la-copa-libertadores\/#breadcrumb","itemListElement":[{"@type":"ListItem","position":1,"name":"Portada","item":"https:\/\/diariotextual.com\/inicio\/"},{"@type":"ListItem","position":2,"name":"San Lorenzo fue eliminado por Atl\u00e9tico Mineiro en los octavos de final de la Copa Libertadores"}]},{"@type":"WebSite","@id":"https:\/\/diariotextual.com\/inicio\/#website","url":"https:\/\/diariotextual.com\/inicio\/","name":"Diario Textual","description":"","publisher":{"@id":"https:\/\/diariotextual.com\/inicio\/#organization"},"potentialAction":[{"@type":"SearchAction","target":{"@type":"EntryPoint","urlTemplate":"https:\/\/diariotextual.com\/inicio\/?s={search_term_string}"},"query-input":{"@type":"PropertyValueSpecification","valueRequired":true,"valueName":"search_term_string"}}],"inLanguage":"es"},{"@type":"Organization","@id":"https:\/\/diariotextual.com\/inicio\/#organization","name":"Diario Textual","url":"https:\/\/diariotextual.com\/inicio\/","logo":{"@type":"ImageObject","inLanguage":"es","@id":"https:\/\/diariotextual.com\/inicio\/#\/schema\/logo\/image\/","url":"https:\/\/diariotextual.com\/inicio\/wp-content\/uploads\/2023\/05\/logotextual1.jpg","contentUrl":"https:\/\/diariotextual.com\/inicio\/wp-content\/uploads\/2023\/05\/logotextual1.jpg","width":516,"height":76,"caption":"Diario Textual"},"image":{"@id":"https:\/\/diariotextual.com\/inicio\/#\/schema\/logo\/image\/"},"sameAs":["https:\/\/www.facebook.com\/eltextual","https:\/\/x.com\/eltextual","http:\/\/www.instagram.com\/eltextual"]},{"@type":"Person","@id":"https:\/\/diariotextual.com\/inicio\/#\/schema\/person\/418fc4093c33e86ed41562db3508f958","name":"Diario1 Diario1","image":{"@type":"ImageObject","inLanguage":"es","@id":"https:\/\/secure.gravatar.com\/avatar\/9167d280179c85bc18be67aa7eda765854300033af4896dd779b608640f2ef7a?s=96&d=mm&r=g","url":"https:\/\/secure.gravatar.com\/avatar\/9167d280179c85bc18be67aa7eda765854300033af4896dd779b608640f2ef7a?s=96&d=mm&r=g","contentUrl":"https:\/\/secure.gravatar.com\/avatar\/9167d280179c85bc18be67aa7eda765854300033af4896dd779b608640f2ef7a?s=96&d=mm&r=g","caption":"Diario1 Diario1"},"url":"https:\/\/diariotextual.com\/inicio\/index.php\/author\/diario1\/"}]}},"_links":{"self":[{"href":"https:\/\/diariotextual.com\/inicio\/index.php\/wp-json\/wp\/v2\/posts\/273162","targetHints":{"allow":["GET"]}}],"collection":[{"href":"https:\/\/diariotextual.com\/inicio\/index.php\/wp-json\/wp\/v2\/posts"}],"about":[{"href":"https:\/\/diariotextual.com\/inicio\/index.php\/wp-json\/wp\/v2\/types\/post"}],"author":[{"embeddable":true,"href":"https:\/\/diariotextual.com\/inicio\/index.php\/wp-json\/wp\/v2\/users\/3"}],"replies":[{"embeddable":true,"href":"https:\/\/diariotextual.com\/inicio\/index.php\/wp-json\/wp\/v2\/comments?post=273162"}],"version-history":[{"count":2,"href":"https:\/\/diariotextual.com\/inicio\/index.php\/wp-json\/wp\/v2\/posts\/273162\/revisions"}],"predecessor-version":[{"id":273164,"href":"https:\/\/diariotextual.com\/inicio\/index.php\/wp-json\/wp\/v2\/posts\/273162\/revisions\/273164"}],"wp:featuredmedia":[{"embeddable":true,"href":"https:\/\/diariotextual.com\/inicio\/index.php\/wp-json\/wp\/v2\/media\/273165"}],"wp:attachment":[{"href":"https:\/\/diariotextual.com\/inicio\/index.php\/wp-json\/wp\/v2\/media?parent=273162"}],"wp:term":[{"taxonomy":"category","embeddable":true,"href":"https:\/\/diariotextual.com\/inicio\/index.php\/wp-json\/wp\/v2\/categories?post=273162"},{"taxonomy":"post_tag","embeddable":true,"href":"https:\/\/diariotextual.com\/inicio\/index.php\/wp-json\/wp\/v2\/tags?post=273162"}],"curies":[{"name":"wp","href":"https:\/\/api.w.org\/{rel}","templated":true}]}}