{"id":273588,"date":"2024-08-25T22:28:50","date_gmt":"2024-08-26T01:28:50","guid":{"rendered":"https:\/\/diariotextual.com\/inicio\/?p=273588"},"modified":"2024-08-26T06:34:34","modified_gmt":"2024-08-26T09:34:34","slug":"river-igualo-ante-newells-y-no-pudo-prenderse-en-la-lucha-del-campeonato","status":"publish","type":"post","link":"https:\/\/diariotextual.com\/inicio\/index.php\/2024\/08\/25\/river-igualo-ante-newells-y-no-pudo-prenderse-en-la-lucha-del-campeonato\/","title":{"rendered":"River igual\u00f3 ante Newell\u00b4s y no pudo prenderse en la lucha del campeonato"},"content":{"rendered":"\n<p><strong>River mostr\u00f3 su mejor versi\u00f3n e igual\u00f3 0 a 0 ante Newell\u00b4s en un discreto encuentro disputado esta noche, en N\u00fa\u00f1ez, en la continuidad de la duod\u00e9cima fecha de la Liga Profesional 2024.<\/strong><\/p>\n\n\n\n<p>Con este resultado,<strong>&nbsp;el \u00abMillonario\u00bb sigue sin ganar en el certamen local desde que asumi\u00f3 Marcelo Gallardo&nbsp;<\/strong>(tres empates)<strong>&nbsp;y lleg\u00f3 a los 17 puntos, lo que lo ubica a 7 del l\u00edder Hurac\u00e1n<\/strong>, mientras que<strong>&nbsp;\u00abla Lepra\u00bb extendi\u00f3 su mala racha a seis encuentros sin triunfos y no puede despegar de la zona baja de la tabla.<\/strong><\/p>\n\n\n\n<p><strong>River no tuvo un inicio sencillo, ya que la visita sali\u00f3 decidido a manejar los hilos del encuentro<\/strong>&nbsp;y trabaj\u00f3 cerca del \u00e1rea de Franco Armani con un juego de presi\u00f3n en todas las l\u00edneas , aunque no fue punzante para inquietar.<\/p>\n\n\n\n<p>Con el correr de los minutos,<strong>&nbsp;los dirigidos por Marcelo Gallardo lograron equilibrar el tr\u00e1mite de juego<\/strong>, pero al igual que su rival, no encontr\u00f3 las herramientas necesarias para lastimar y apenas tuvo una situaci\u00f3n aislada en los pies de Facundo Colidio, la cual no prosper\u00f3 y se fueron al descanso sin emociones.<\/p>\n\n\n\n<p>Ya&nbsp;<strong>en el complemento<\/strong>, fue Newell\u00b4s el sali\u00f3 decidido a lastimas y cont\u00f3 con una situaci\u00f3n inmejorable desde el v\u00e9rtice izquierdo del \u00e1rea grande, pero su remate no fue bueno. Posteriormente tuvo un cabezazo tras un tiro de esquina, pero defini\u00f3 desviado.<\/p>\n\n\n\n<p>La respuesta de River no tard\u00f3 en llegar: Claudio Echeverri recibi\u00f3 dentro del \u00e1rea, enganch\u00f3 y le peg\u00f3 mordido, luego Colidio tuvo el gol en sus pies, pero Gustavo Vel\u00e1zquez se barri\u00f3 y no le dej\u00f3 rematar, mientras que el arquero Hoyos le ahog\u00f3 el festejo a Borja con una notable tapada.<\/p>\n\n\n\n<p>El partido continu\u00f3 con un ida y vuelta que si bien tuvo algunas acciones expectantes, lentamente el juego fue de mayor a menor y entr\u00f3 en un terreno que le sirvi\u00f3 a Newell\u00b4s, ya que control\u00f3 a River y se llev\u00f3 un punto de oro de N\u00fa\u00f1ez, el cual le permiti\u00f3 volver a sumar luego de tres derrotas al hilo.<\/p>\n\n\n\n<p><\/p>\n","protected":false},"excerpt":{"rendered":"<p>River mostr\u00f3 su mejor versi\u00f3n e igual\u00f3 0 a 0 ante Newell\u00b4s en un discreto encuentro disputado esta noche, en N\u00fa\u00f1ez, en la continuidad de la duod\u00e9cima fecha de la&hellip;<\/p>\n","protected":false},"author":3,"featured_media":273590,"comment_status":"closed","ping_status":"open","sticky":false,"template":"","format":"standard","meta":{"_acf_changed":false,"footnotes":""},"categories":[1,3],"tags":[],"class_list":["post-273588","post","type-post","status-publish","format-standard","has-post-thumbnail","hentry","category-es-noticia","category-deportes"],"acf":[],"yoast_head":"<!-- This site is optimized with the Yoast SEO plugin v27.5 - https:\/\/yoast.com\/product\/yoast-seo-wordpress\/ -->\n<title>River igual\u00f3 ante Newell\u00b4s y no pudo prenderse en la lucha del campeonato - Diario Textual<\/title>\n<meta name=\"robots\" content=\"index, follow, max-snippet:-1, max-image-preview:large, max-video-preview:-1\" \/>\n<link rel=\"canonical\" href=\"https:\/\/diariotextual.com\/inicio\/index.php\/2024\/08\/25\/river-igualo-ante-newells-y-no-pudo-prenderse-en-la-lucha-del-campeonato\/\" \/>\n<meta property=\"og:locale\" content=\"es_ES\" \/>\n<meta property=\"og:type\" content=\"article\" \/>\n<meta property=\"og:title\" content=\"River igual\u00f3 ante Newell\u00b4s y no pudo prenderse en la lucha del campeonato - Diario Textual\" \/>\n<meta property=\"og:description\" content=\"River mostr\u00f3 su mejor versi\u00f3n e igual\u00f3 0 a 0 ante Newell\u00b4s en un discreto encuentro disputado esta noche, en N\u00fa\u00f1ez, en la continuidad de la duod\u00e9cima fecha de la&hellip;\" \/>\n<meta property=\"og:url\" content=\"https:\/\/diariotextual.com\/inicio\/index.php\/2024\/08\/25\/river-igualo-ante-newells-y-no-pudo-prenderse-en-la-lucha-del-campeonato\/\" \/>\n<meta property=\"og:site_name\" content=\"Diario Textual\" \/>\n<meta property=\"article:publisher\" content=\"https:\/\/www.facebook.com\/eltextual\" \/>\n<meta property=\"article:published_time\" content=\"2024-08-26T01:28:50+00:00\" \/>\n<meta property=\"article:modified_time\" content=\"2024-08-26T09:34:34+00:00\" \/>\n<meta property=\"og:image\" content=\"https:\/\/diariotextual.com\/inicio\/wp-content\/uploads\/2024\/08\/riverneweells2024-1.jpg\" \/>\n\t<meta property=\"og:image:width\" content=\"1500\" \/>\n\t<meta property=\"og:image:height\" content=\"1000\" \/>\n\t<meta property=\"og:image:type\" content=\"image\/jpeg\" \/>\n<meta name=\"author\" content=\"Diario1 Diario1\" \/>\n<meta name=\"twitter:card\" content=\"summary_large_image\" \/>\n<meta name=\"twitter:creator\" content=\"@eltextual\" \/>\n<meta name=\"twitter:site\" content=\"@eltextual\" \/>\n<meta name=\"twitter:label1\" content=\"Escrito por\" \/>\n\t<meta name=\"twitter:data1\" content=\"Diario1 Diario1\" \/>\n\t<meta name=\"twitter:label2\" content=\"Tiempo de lectura\" \/>\n\t<meta name=\"twitter:data2\" content=\"2 minutos\" \/>\n<script type=\"application\/ld+json\" class=\"yoast-schema-graph\">{\"@context\":\"https:\\\/\\\/schema.org\",\"@graph\":[{\"@type\":\"Article\",\"@id\":\"https:\\\/\\\/diariotextual.com\\\/inicio\\\/index.php\\\/2024\\\/08\\\/25\\\/river-igualo-ante-newells-y-no-pudo-prenderse-en-la-lucha-del-campeonato\\\/#article\",\"isPartOf\":{\"@id\":\"https:\\\/\\\/diariotextual.com\\\/inicio\\\/index.php\\\/2024\\\/08\\\/25\\\/river-igualo-ante-newells-y-no-pudo-prenderse-en-la-lucha-del-campeonato\\\/\"},\"author\":{\"name\":\"Diario1 Diario1\",\"@id\":\"https:\\\/\\\/diariotextual.com\\\/inicio\\\/#\\\/schema\\\/person\\\/418fc4093c33e86ed41562db3508f958\"},\"headline\":\"River igual\u00f3 ante Newell\u00b4s y no pudo prenderse en la lucha del campeonato\",\"datePublished\":\"2024-08-26T01:28:50+00:00\",\"dateModified\":\"2024-08-26T09:34:34+00:00\",\"mainEntityOfPage\":{\"@id\":\"https:\\\/\\\/diariotextual.com\\\/inicio\\\/index.php\\\/2024\\\/08\\\/25\\\/river-igualo-ante-newells-y-no-pudo-prenderse-en-la-lucha-del-campeonato\\\/\"},\"wordCount\":371,\"publisher\":{\"@id\":\"https:\\\/\\\/diariotextual.com\\\/inicio\\\/#organization\"},\"image\":{\"@id\":\"https:\\\/\\\/diariotextual.com\\\/inicio\\\/index.php\\\/2024\\\/08\\\/25\\\/river-igualo-ante-newells-y-no-pudo-prenderse-en-la-lucha-del-campeonato\\\/#primaryimage\"},\"thumbnailUrl\":\"https:\\\/\\\/diariotextual.com\\\/inicio\\\/wp-content\\\/uploads\\\/2024\\\/08\\\/riverneweells2024-1.jpg\",\"articleSection\":[\"A - ES NOTICIA (van abajo)\",\"DEPORTES\"],\"inLanguage\":\"es\"},{\"@type\":\"WebPage\",\"@id\":\"https:\\\/\\\/diariotextual.com\\\/inicio\\\/index.php\\\/2024\\\/08\\\/25\\\/river-igualo-ante-newells-y-no-pudo-prenderse-en-la-lucha-del-campeonato\\\/\",\"url\":\"https:\\\/\\\/diariotextual.com\\\/inicio\\\/index.php\\\/2024\\\/08\\\/25\\\/river-igualo-ante-newells-y-no-pudo-prenderse-en-la-lucha-del-campeonato\\\/\",\"name\":\"River igual\u00f3 ante Newell\u00b4s y no pudo prenderse en la lucha del campeonato - Diario Textual\",\"isPartOf\":{\"@id\":\"https:\\\/\\\/diariotextual.com\\\/inicio\\\/#website\"},\"primaryImageOfPage\":{\"@id\":\"https:\\\/\\\/diariotextual.com\\\/inicio\\\/index.php\\\/2024\\\/08\\\/25\\\/river-igualo-ante-newells-y-no-pudo-prenderse-en-la-lucha-del-campeonato\\\/#primaryimage\"},\"image\":{\"@id\":\"https:\\\/\\\/diariotextual.com\\\/inicio\\\/index.php\\\/2024\\\/08\\\/25\\\/river-igualo-ante-newells-y-no-pudo-prenderse-en-la-lucha-del-campeonato\\\/#primaryimage\"},\"thumbnailUrl\":\"https:\\\/\\\/diariotextual.com\\\/inicio\\\/wp-content\\\/uploads\\\/2024\\\/08\\\/riverneweells2024-1.jpg\",\"datePublished\":\"2024-08-26T01:28:50+00:00\",\"dateModified\":\"2024-08-26T09:34:34+00:00\",\"breadcrumb\":{\"@id\":\"https:\\\/\\\/diariotextual.com\\\/inicio\\\/index.php\\\/2024\\\/08\\\/25\\\/river-igualo-ante-newells-y-no-pudo-prenderse-en-la-lucha-del-campeonato\\\/#breadcrumb\"},\"inLanguage\":\"es\",\"potentialAction\":[{\"@type\":\"ReadAction\",\"target\":[\"https:\\\/\\\/diariotextual.com\\\/inicio\\\/index.php\\\/2024\\\/08\\\/25\\\/river-igualo-ante-newells-y-no-pudo-prenderse-en-la-lucha-del-campeonato\\\/\"]}]},{\"@type\":\"ImageObject\",\"inLanguage\":\"es\",\"@id\":\"https:\\\/\\\/diariotextual.com\\\/inicio\\\/index.php\\\/2024\\\/08\\\/25\\\/river-igualo-ante-newells-y-no-pudo-prenderse-en-la-lucha-del-campeonato\\\/#primaryimage\",\"url\":\"https:\\\/\\\/diariotextual.com\\\/inicio\\\/wp-content\\\/uploads\\\/2024\\\/08\\\/riverneweells2024-1.jpg\",\"contentUrl\":\"https:\\\/\\\/diariotextual.com\\\/inicio\\\/wp-content\\\/uploads\\\/2024\\\/08\\\/riverneweells2024-1.jpg\",\"width\":1500,\"height\":1000},{\"@type\":\"BreadcrumbList\",\"@id\":\"https:\\\/\\\/diariotextual.com\\\/inicio\\\/index.php\\\/2024\\\/08\\\/25\\\/river-igualo-ante-newells-y-no-pudo-prenderse-en-la-lucha-del-campeonato\\\/#breadcrumb\",\"itemListElement\":[{\"@type\":\"ListItem\",\"position\":1,\"name\":\"Portada\",\"item\":\"https:\\\/\\\/diariotextual.com\\\/inicio\\\/\"},{\"@type\":\"ListItem\",\"position\":2,\"name\":\"River igual\u00f3 ante Newell\u00b4s y no pudo prenderse en la lucha del campeonato\"}]},{\"@type\":\"WebSite\",\"@id\":\"https:\\\/\\\/diariotextual.com\\\/inicio\\\/#website\",\"url\":\"https:\\\/\\\/diariotextual.com\\\/inicio\\\/\",\"name\":\"Diario Textual\",\"description\":\"\",\"publisher\":{\"@id\":\"https:\\\/\\\/diariotextual.com\\\/inicio\\\/#organization\"},\"potentialAction\":[{\"@type\":\"SearchAction\",\"target\":{\"@type\":\"EntryPoint\",\"urlTemplate\":\"https:\\\/\\\/diariotextual.com\\\/inicio\\\/?s={search_term_string}\"},\"query-input\":{\"@type\":\"PropertyValueSpecification\",\"valueRequired\":true,\"valueName\":\"search_term_string\"}}],\"inLanguage\":\"es\"},{\"@type\":\"Organization\",\"@id\":\"https:\\\/\\\/diariotextual.com\\\/inicio\\\/#organization\",\"name\":\"Diario Textual\",\"url\":\"https:\\\/\\\/diariotextual.com\\\/inicio\\\/\",\"logo\":{\"@type\":\"ImageObject\",\"inLanguage\":\"es\",\"@id\":\"https:\\\/\\\/diariotextual.com\\\/inicio\\\/#\\\/schema\\\/logo\\\/image\\\/\",\"url\":\"https:\\\/\\\/diariotextual.com\\\/inicio\\\/wp-content\\\/uploads\\\/2023\\\/05\\\/logotextual1.jpg\",\"contentUrl\":\"https:\\\/\\\/diariotextual.com\\\/inicio\\\/wp-content\\\/uploads\\\/2023\\\/05\\\/logotextual1.jpg\",\"width\":516,\"height\":76,\"caption\":\"Diario Textual\"},\"image\":{\"@id\":\"https:\\\/\\\/diariotextual.com\\\/inicio\\\/#\\\/schema\\\/logo\\\/image\\\/\"},\"sameAs\":[\"https:\\\/\\\/www.facebook.com\\\/eltextual\",\"https:\\\/\\\/x.com\\\/eltextual\",\"http:\\\/\\\/www.instagram.com\\\/eltextual\"]},{\"@type\":\"Person\",\"@id\":\"https:\\\/\\\/diariotextual.com\\\/inicio\\\/#\\\/schema\\\/person\\\/418fc4093c33e86ed41562db3508f958\",\"name\":\"Diario1 Diario1\",\"image\":{\"@type\":\"ImageObject\",\"inLanguage\":\"es\",\"@id\":\"https:\\\/\\\/secure.gravatar.com\\\/avatar\\\/9167d280179c85bc18be67aa7eda765854300033af4896dd779b608640f2ef7a?s=96&d=mm&r=g\",\"url\":\"https:\\\/\\\/secure.gravatar.com\\\/avatar\\\/9167d280179c85bc18be67aa7eda765854300033af4896dd779b608640f2ef7a?s=96&d=mm&r=g\",\"contentUrl\":\"https:\\\/\\\/secure.gravatar.com\\\/avatar\\\/9167d280179c85bc18be67aa7eda765854300033af4896dd779b608640f2ef7a?s=96&d=mm&r=g\",\"caption\":\"Diario1 Diario1\"},\"url\":\"https:\\\/\\\/diariotextual.com\\\/inicio\\\/index.php\\\/author\\\/diario1\\\/\"}]}<\/script>\n<!-- \/ Yoast SEO plugin. -->","yoast_head_json":{"title":"River igual\u00f3 ante Newell\u00b4s y no pudo prenderse en la lucha del campeonato - Diario Textual","robots":{"index":"index","follow":"follow","max-snippet":"max-snippet:-1","max-image-preview":"max-image-preview:large","max-video-preview":"max-video-preview:-1"},"canonical":"https:\/\/diariotextual.com\/inicio\/index.php\/2024\/08\/25\/river-igualo-ante-newells-y-no-pudo-prenderse-en-la-lucha-del-campeonato\/","og_locale":"es_ES","og_type":"article","og_title":"River igual\u00f3 ante Newell\u00b4s y no pudo prenderse en la lucha del campeonato - Diario Textual","og_description":"River mostr\u00f3 su mejor versi\u00f3n e igual\u00f3 0 a 0 ante Newell\u00b4s en un discreto encuentro disputado esta noche, en N\u00fa\u00f1ez, en la continuidad de la duod\u00e9cima fecha de la&hellip;","og_url":"https:\/\/diariotextual.com\/inicio\/index.php\/2024\/08\/25\/river-igualo-ante-newells-y-no-pudo-prenderse-en-la-lucha-del-campeonato\/","og_site_name":"Diario Textual","article_publisher":"https:\/\/www.facebook.com\/eltextual","article_published_time":"2024-08-26T01:28:50+00:00","article_modified_time":"2024-08-26T09:34:34+00:00","og_image":[{"width":1500,"height":1000,"url":"https:\/\/diariotextual.com\/inicio\/wp-content\/uploads\/2024\/08\/riverneweells2024-1.jpg","type":"image\/jpeg"}],"author":"Diario1 Diario1","twitter_card":"summary_large_image","twitter_creator":"@eltextual","twitter_site":"@eltextual","twitter_misc":{"Escrito por":"Diario1 Diario1","Tiempo de lectura":"2 minutos"},"schema":{"@context":"https:\/\/schema.org","@graph":[{"@type":"Article","@id":"https:\/\/diariotextual.com\/inicio\/index.php\/2024\/08\/25\/river-igualo-ante-newells-y-no-pudo-prenderse-en-la-lucha-del-campeonato\/#article","isPartOf":{"@id":"https:\/\/diariotextual.com\/inicio\/index.php\/2024\/08\/25\/river-igualo-ante-newells-y-no-pudo-prenderse-en-la-lucha-del-campeonato\/"},"author":{"name":"Diario1 Diario1","@id":"https:\/\/diariotextual.com\/inicio\/#\/schema\/person\/418fc4093c33e86ed41562db3508f958"},"headline":"River igual\u00f3 ante Newell\u00b4s y no pudo prenderse en la lucha del campeonato","datePublished":"2024-08-26T01:28:50+00:00","dateModified":"2024-08-26T09:34:34+00:00","mainEntityOfPage":{"@id":"https:\/\/diariotextual.com\/inicio\/index.php\/2024\/08\/25\/river-igualo-ante-newells-y-no-pudo-prenderse-en-la-lucha-del-campeonato\/"},"wordCount":371,"publisher":{"@id":"https:\/\/diariotextual.com\/inicio\/#organization"},"image":{"@id":"https:\/\/diariotextual.com\/inicio\/index.php\/2024\/08\/25\/river-igualo-ante-newells-y-no-pudo-prenderse-en-la-lucha-del-campeonato\/#primaryimage"},"thumbnailUrl":"https:\/\/diariotextual.com\/inicio\/wp-content\/uploads\/2024\/08\/riverneweells2024-1.jpg","articleSection":["A - ES NOTICIA (van abajo)","DEPORTES"],"inLanguage":"es"},{"@type":"WebPage","@id":"https:\/\/diariotextual.com\/inicio\/index.php\/2024\/08\/25\/river-igualo-ante-newells-y-no-pudo-prenderse-en-la-lucha-del-campeonato\/","url":"https:\/\/diariotextual.com\/inicio\/index.php\/2024\/08\/25\/river-igualo-ante-newells-y-no-pudo-prenderse-en-la-lucha-del-campeonato\/","name":"River igual\u00f3 ante Newell\u00b4s y no pudo prenderse en la lucha del campeonato - Diario Textual","isPartOf":{"@id":"https:\/\/diariotextual.com\/inicio\/#website"},"primaryImageOfPage":{"@id":"https:\/\/diariotextual.com\/inicio\/index.php\/2024\/08\/25\/river-igualo-ante-newells-y-no-pudo-prenderse-en-la-lucha-del-campeonato\/#primaryimage"},"image":{"@id":"https:\/\/diariotextual.com\/inicio\/index.php\/2024\/08\/25\/river-igualo-ante-newells-y-no-pudo-prenderse-en-la-lucha-del-campeonato\/#primaryimage"},"thumbnailUrl":"https:\/\/diariotextual.com\/inicio\/wp-content\/uploads\/2024\/08\/riverneweells2024-1.jpg","datePublished":"2024-08-26T01:28:50+00:00","dateModified":"2024-08-26T09:34:34+00:00","breadcrumb":{"@id":"https:\/\/diariotextual.com\/inicio\/index.php\/2024\/08\/25\/river-igualo-ante-newells-y-no-pudo-prenderse-en-la-lucha-del-campeonato\/#breadcrumb"},"inLanguage":"es","potentialAction":[{"@type":"ReadAction","target":["https:\/\/diariotextual.com\/inicio\/index.php\/2024\/08\/25\/river-igualo-ante-newells-y-no-pudo-prenderse-en-la-lucha-del-campeonato\/"]}]},{"@type":"ImageObject","inLanguage":"es","@id":"https:\/\/diariotextual.com\/inicio\/index.php\/2024\/08\/25\/river-igualo-ante-newells-y-no-pudo-prenderse-en-la-lucha-del-campeonato\/#primaryimage","url":"https:\/\/diariotextual.com\/inicio\/wp-content\/uploads\/2024\/08\/riverneweells2024-1.jpg","contentUrl":"https:\/\/diariotextual.com\/inicio\/wp-content\/uploads\/2024\/08\/riverneweells2024-1.jpg","width":1500,"height":1000},{"@type":"BreadcrumbList","@id":"https:\/\/diariotextual.com\/inicio\/index.php\/2024\/08\/25\/river-igualo-ante-newells-y-no-pudo-prenderse-en-la-lucha-del-campeonato\/#breadcrumb","itemListElement":[{"@type":"ListItem","position":1,"name":"Portada","item":"https:\/\/diariotextual.com\/inicio\/"},{"@type":"ListItem","position":2,"name":"River igual\u00f3 ante Newell\u00b4s y no pudo prenderse en la lucha del campeonato"}]},{"@type":"WebSite","@id":"https:\/\/diariotextual.com\/inicio\/#website","url":"https:\/\/diariotextual.com\/inicio\/","name":"Diario Textual","description":"","publisher":{"@id":"https:\/\/diariotextual.com\/inicio\/#organization"},"potentialAction":[{"@type":"SearchAction","target":{"@type":"EntryPoint","urlTemplate":"https:\/\/diariotextual.com\/inicio\/?s={search_term_string}"},"query-input":{"@type":"PropertyValueSpecification","valueRequired":true,"valueName":"search_term_string"}}],"inLanguage":"es"},{"@type":"Organization","@id":"https:\/\/diariotextual.com\/inicio\/#organization","name":"Diario Textual","url":"https:\/\/diariotextual.com\/inicio\/","logo":{"@type":"ImageObject","inLanguage":"es","@id":"https:\/\/diariotextual.com\/inicio\/#\/schema\/logo\/image\/","url":"https:\/\/diariotextual.com\/inicio\/wp-content\/uploads\/2023\/05\/logotextual1.jpg","contentUrl":"https:\/\/diariotextual.com\/inicio\/wp-content\/uploads\/2023\/05\/logotextual1.jpg","width":516,"height":76,"caption":"Diario Textual"},"image":{"@id":"https:\/\/diariotextual.com\/inicio\/#\/schema\/logo\/image\/"},"sameAs":["https:\/\/www.facebook.com\/eltextual","https:\/\/x.com\/eltextual","http:\/\/www.instagram.com\/eltextual"]},{"@type":"Person","@id":"https:\/\/diariotextual.com\/inicio\/#\/schema\/person\/418fc4093c33e86ed41562db3508f958","name":"Diario1 Diario1","image":{"@type":"ImageObject","inLanguage":"es","@id":"https:\/\/secure.gravatar.com\/avatar\/9167d280179c85bc18be67aa7eda765854300033af4896dd779b608640f2ef7a?s=96&d=mm&r=g","url":"https:\/\/secure.gravatar.com\/avatar\/9167d280179c85bc18be67aa7eda765854300033af4896dd779b608640f2ef7a?s=96&d=mm&r=g","contentUrl":"https:\/\/secure.gravatar.com\/avatar\/9167d280179c85bc18be67aa7eda765854300033af4896dd779b608640f2ef7a?s=96&d=mm&r=g","caption":"Diario1 Diario1"},"url":"https:\/\/diariotextual.com\/inicio\/index.php\/author\/diario1\/"}]}},"_links":{"self":[{"href":"https:\/\/diariotextual.com\/inicio\/index.php\/wp-json\/wp\/v2\/posts\/273588","targetHints":{"allow":["GET"]}}],"collection":[{"href":"https:\/\/diariotextual.com\/inicio\/index.php\/wp-json\/wp\/v2\/posts"}],"about":[{"href":"https:\/\/diariotextual.com\/inicio\/index.php\/wp-json\/wp\/v2\/types\/post"}],"author":[{"embeddable":true,"href":"https:\/\/diariotextual.com\/inicio\/index.php\/wp-json\/wp\/v2\/users\/3"}],"replies":[{"embeddable":true,"href":"https:\/\/diariotextual.com\/inicio\/index.php\/wp-json\/wp\/v2\/comments?post=273588"}],"version-history":[{"count":2,"href":"https:\/\/diariotextual.com\/inicio\/index.php\/wp-json\/wp\/v2\/posts\/273588\/revisions"}],"predecessor-version":[{"id":273591,"href":"https:\/\/diariotextual.com\/inicio\/index.php\/wp-json\/wp\/v2\/posts\/273588\/revisions\/273591"}],"wp:featuredmedia":[{"embeddable":true,"href":"https:\/\/diariotextual.com\/inicio\/index.php\/wp-json\/wp\/v2\/media\/273590"}],"wp:attachment":[{"href":"https:\/\/diariotextual.com\/inicio\/index.php\/wp-json\/wp\/v2\/media?parent=273588"}],"wp:term":[{"taxonomy":"category","embeddable":true,"href":"https:\/\/diariotextual.com\/inicio\/index.php\/wp-json\/wp\/v2\/categories?post=273588"},{"taxonomy":"post_tag","embeddable":true,"href":"https:\/\/diariotextual.com\/inicio\/index.php\/wp-json\/wp\/v2\/tags?post=273588"}],"curies":[{"name":"wp","href":"https:\/\/api.w.org\/{rel}","templated":true}]}}