{"id":274249,"date":"2024-09-03T09:41:30","date_gmt":"2024-09-03T12:41:30","guid":{"rendered":"https:\/\/diariotextual.com\/inicio\/?p=274249"},"modified":"2024-09-04T10:16:13","modified_gmt":"2024-09-04T13:16:13","slug":"fallecio-alberto-pampa-jorge-a-los-74-anos","status":"publish","type":"post","link":"https:\/\/diariotextual.com\/inicio\/index.php\/2024\/09\/03\/fallecio-alberto-pampa-jorge-a-los-74-anos\/","title":{"rendered":"Falleci\u00f3 Alberto \u201cPampa\u201d Jorge a los 74 a\u00f1os"},"content":{"rendered":"\n<p>Alberto \u201cPampa\u201d Jorge, quien fuera jugador de Racing de Avellaneda y de la Selecci\u00f3n Argentina, muri\u00f3 este martes, a los 74 a\u00f1os de edad.<\/p>\n\n\n\n<p>La noticia gener\u00f3 conmoci\u00f3n en el ambiente deportivo. Jorge fue un destacado jugador en las d\u00e9cadas del \u201970 y los \u201980 y posteriormente fue director t\u00e9cnico.<\/p>\n\n\n\n<p>Naci\u00f3 en Villa Maza, provincia de Buenos Aires, pero siempre se consider\u00f3 un pampeano por adopci\u00f3n.<\/p>\n\n\n\n<p>Debut\u00f3 en 1968 como futbolista profesional con Racing de Avellaneda, donde se convirti\u00f3 en un \u00eddolo a fuerza de goles. En 1976 lleg\u00f3 a M\u00e9xico para jugar con el Le\u00f3n, y posteriormente fichar en 1980 para el Atlante. Termin\u00f3 su carrera en 1984 jugando en el Oaxtepec.<\/p>\n\n\n\n<p>Una vez retirado, fue entrenador de las divisiones juveniles de Racing Club y sucedi\u00f3 temporalmente a la dupla Costas-Maschio en el a\u00f1o 2000 como t\u00e9cnico de la Primera Divisi\u00f3n.<\/p>\n\n\n\n<p>Su m\u00e1ximo logro en el f\u00fatbol mexicano como entrenador, fue el haber obtenido el t\u00edtulo del Torneo Apertura 2002 con los Diablos Rojos del Toluca, oficialmente hablando, ya que en ese torneo s\u00f3lo dirigi\u00f3 los 4 \u00faltimos partidos del club (semifinal y final de ida\/vuelta).<\/p>\n\n\n\n<p><\/p>\n","protected":false},"excerpt":{"rendered":"<p>Alberto \u201cPampa\u201d Jorge, quien fuera jugador de Racing de Avellaneda y de la Selecci\u00f3n Argentina, muri\u00f3 este martes, a los 74 a\u00f1os de edad. La noticia gener\u00f3 conmoci\u00f3n en el&hellip;<\/p>\n","protected":false},"author":3,"featured_media":274250,"comment_status":"closed","ping_status":"open","sticky":false,"template":"","format":"standard","meta":{"_acf_changed":false,"footnotes":""},"categories":[11,3],"tags":[],"class_list":["post-274249","post","type-post","status-publish","format-standard","has-post-thumbnail","hentry","category-que-pasa","category-deportes"],"acf":[],"yoast_head":"<!-- This site is optimized with the Yoast SEO plugin v27.5 - https:\/\/yoast.com\/product\/yoast-seo-wordpress\/ -->\n<title>Falleci\u00f3 Alberto \u201cPampa\u201d Jorge a los 74 a\u00f1os - Diario Textual<\/title>\n<meta name=\"robots\" content=\"index, follow, max-snippet:-1, max-image-preview:large, max-video-preview:-1\" \/>\n<link rel=\"canonical\" href=\"https:\/\/diariotextual.com\/inicio\/index.php\/2024\/09\/03\/fallecio-alberto-pampa-jorge-a-los-74-anos\/\" \/>\n<meta property=\"og:locale\" content=\"es_ES\" \/>\n<meta property=\"og:type\" content=\"article\" \/>\n<meta property=\"og:title\" content=\"Falleci\u00f3 Alberto \u201cPampa\u201d Jorge a los 74 a\u00f1os - Diario Textual\" \/>\n<meta property=\"og:description\" content=\"Alberto \u201cPampa\u201d Jorge, quien fuera jugador de Racing de Avellaneda y de la Selecci\u00f3n Argentina, muri\u00f3 este martes, a los 74 a\u00f1os de edad. La noticia gener\u00f3 conmoci\u00f3n en el&hellip;\" \/>\n<meta property=\"og:url\" content=\"https:\/\/diariotextual.com\/inicio\/index.php\/2024\/09\/03\/fallecio-alberto-pampa-jorge-a-los-74-anos\/\" \/>\n<meta property=\"og:site_name\" content=\"Diario Textual\" \/>\n<meta property=\"article:publisher\" content=\"https:\/\/www.facebook.com\/eltextual\" \/>\n<meta property=\"article:published_time\" content=\"2024-09-03T12:41:30+00:00\" \/>\n<meta property=\"article:modified_time\" content=\"2024-09-04T13:16:13+00:00\" \/>\n<meta property=\"og:image\" content=\"https:\/\/diariotextual.com\/inicio\/wp-content\/uploads\/2024\/09\/jorgealbertopampajorge009.jpg\" \/>\n\t<meta property=\"og:image:width\" content=\"473\" \/>\n\t<meta property=\"og:image:height\" content=\"341\" \/>\n\t<meta property=\"og:image:type\" content=\"image\/jpeg\" \/>\n<meta name=\"author\" content=\"Diario1 Diario1\" \/>\n<meta name=\"twitter:card\" content=\"summary_large_image\" \/>\n<meta name=\"twitter:creator\" content=\"@eltextual\" \/>\n<meta name=\"twitter:site\" content=\"@eltextual\" \/>\n<meta name=\"twitter:label1\" content=\"Escrito por\" \/>\n\t<meta name=\"twitter:data1\" content=\"Diario1 Diario1\" \/>\n\t<meta name=\"twitter:label2\" content=\"Tiempo de lectura\" \/>\n\t<meta name=\"twitter:data2\" content=\"2 minutos\" \/>\n<script type=\"application\/ld+json\" class=\"yoast-schema-graph\">{\"@context\":\"https:\\\/\\\/schema.org\",\"@graph\":[{\"@type\":\"Article\",\"@id\":\"https:\\\/\\\/diariotextual.com\\\/inicio\\\/index.php\\\/2024\\\/09\\\/03\\\/fallecio-alberto-pampa-jorge-a-los-74-anos\\\/#article\",\"isPartOf\":{\"@id\":\"https:\\\/\\\/diariotextual.com\\\/inicio\\\/index.php\\\/2024\\\/09\\\/03\\\/fallecio-alberto-pampa-jorge-a-los-74-anos\\\/\"},\"author\":{\"name\":\"Diario1 Diario1\",\"@id\":\"https:\\\/\\\/diariotextual.com\\\/inicio\\\/#\\\/schema\\\/person\\\/418fc4093c33e86ed41562db3508f958\"},\"headline\":\"Falleci\u00f3 Alberto \u201cPampa\u201d Jorge a los 74 a\u00f1os\",\"datePublished\":\"2024-09-03T12:41:30+00:00\",\"dateModified\":\"2024-09-04T13:16:13+00:00\",\"mainEntityOfPage\":{\"@id\":\"https:\\\/\\\/diariotextual.com\\\/inicio\\\/index.php\\\/2024\\\/09\\\/03\\\/fallecio-alberto-pampa-jorge-a-los-74-anos\\\/\"},\"wordCount\":201,\"publisher\":{\"@id\":\"https:\\\/\\\/diariotextual.com\\\/inicio\\\/#organization\"},\"image\":{\"@id\":\"https:\\\/\\\/diariotextual.com\\\/inicio\\\/index.php\\\/2024\\\/09\\\/03\\\/fallecio-alberto-pampa-jorge-a-los-74-anos\\\/#primaryimage\"},\"thumbnailUrl\":\"https:\\\/\\\/diariotextual.com\\\/inicio\\\/wp-content\\\/uploads\\\/2024\\\/09\\\/jorgealbertopampajorge009.jpg\",\"articleSection\":[\"A - QUE PASA (al costado)\",\"DEPORTES\"],\"inLanguage\":\"es\"},{\"@type\":\"WebPage\",\"@id\":\"https:\\\/\\\/diariotextual.com\\\/inicio\\\/index.php\\\/2024\\\/09\\\/03\\\/fallecio-alberto-pampa-jorge-a-los-74-anos\\\/\",\"url\":\"https:\\\/\\\/diariotextual.com\\\/inicio\\\/index.php\\\/2024\\\/09\\\/03\\\/fallecio-alberto-pampa-jorge-a-los-74-anos\\\/\",\"name\":\"Falleci\u00f3 Alberto \u201cPampa\u201d Jorge a los 74 a\u00f1os - Diario Textual\",\"isPartOf\":{\"@id\":\"https:\\\/\\\/diariotextual.com\\\/inicio\\\/#website\"},\"primaryImageOfPage\":{\"@id\":\"https:\\\/\\\/diariotextual.com\\\/inicio\\\/index.php\\\/2024\\\/09\\\/03\\\/fallecio-alberto-pampa-jorge-a-los-74-anos\\\/#primaryimage\"},\"image\":{\"@id\":\"https:\\\/\\\/diariotextual.com\\\/inicio\\\/index.php\\\/2024\\\/09\\\/03\\\/fallecio-alberto-pampa-jorge-a-los-74-anos\\\/#primaryimage\"},\"thumbnailUrl\":\"https:\\\/\\\/diariotextual.com\\\/inicio\\\/wp-content\\\/uploads\\\/2024\\\/09\\\/jorgealbertopampajorge009.jpg\",\"datePublished\":\"2024-09-03T12:41:30+00:00\",\"dateModified\":\"2024-09-04T13:16:13+00:00\",\"breadcrumb\":{\"@id\":\"https:\\\/\\\/diariotextual.com\\\/inicio\\\/index.php\\\/2024\\\/09\\\/03\\\/fallecio-alberto-pampa-jorge-a-los-74-anos\\\/#breadcrumb\"},\"inLanguage\":\"es\",\"potentialAction\":[{\"@type\":\"ReadAction\",\"target\":[\"https:\\\/\\\/diariotextual.com\\\/inicio\\\/index.php\\\/2024\\\/09\\\/03\\\/fallecio-alberto-pampa-jorge-a-los-74-anos\\\/\"]}]},{\"@type\":\"ImageObject\",\"inLanguage\":\"es\",\"@id\":\"https:\\\/\\\/diariotextual.com\\\/inicio\\\/index.php\\\/2024\\\/09\\\/03\\\/fallecio-alberto-pampa-jorge-a-los-74-anos\\\/#primaryimage\",\"url\":\"https:\\\/\\\/diariotextual.com\\\/inicio\\\/wp-content\\\/uploads\\\/2024\\\/09\\\/jorgealbertopampajorge009.jpg\",\"contentUrl\":\"https:\\\/\\\/diariotextual.com\\\/inicio\\\/wp-content\\\/uploads\\\/2024\\\/09\\\/jorgealbertopampajorge009.jpg\",\"width\":473,\"height\":341},{\"@type\":\"BreadcrumbList\",\"@id\":\"https:\\\/\\\/diariotextual.com\\\/inicio\\\/index.php\\\/2024\\\/09\\\/03\\\/fallecio-alberto-pampa-jorge-a-los-74-anos\\\/#breadcrumb\",\"itemListElement\":[{\"@type\":\"ListItem\",\"position\":1,\"name\":\"Portada\",\"item\":\"https:\\\/\\\/diariotextual.com\\\/inicio\\\/\"},{\"@type\":\"ListItem\",\"position\":2,\"name\":\"Falleci\u00f3 Alberto \u201cPampa\u201d Jorge a los 74 a\u00f1os\"}]},{\"@type\":\"WebSite\",\"@id\":\"https:\\\/\\\/diariotextual.com\\\/inicio\\\/#website\",\"url\":\"https:\\\/\\\/diariotextual.com\\\/inicio\\\/\",\"name\":\"Diario Textual\",\"description\":\"\",\"publisher\":{\"@id\":\"https:\\\/\\\/diariotextual.com\\\/inicio\\\/#organization\"},\"potentialAction\":[{\"@type\":\"SearchAction\",\"target\":{\"@type\":\"EntryPoint\",\"urlTemplate\":\"https:\\\/\\\/diariotextual.com\\\/inicio\\\/?s={search_term_string}\"},\"query-input\":{\"@type\":\"PropertyValueSpecification\",\"valueRequired\":true,\"valueName\":\"search_term_string\"}}],\"inLanguage\":\"es\"},{\"@type\":\"Organization\",\"@id\":\"https:\\\/\\\/diariotextual.com\\\/inicio\\\/#organization\",\"name\":\"Diario Textual\",\"url\":\"https:\\\/\\\/diariotextual.com\\\/inicio\\\/\",\"logo\":{\"@type\":\"ImageObject\",\"inLanguage\":\"es\",\"@id\":\"https:\\\/\\\/diariotextual.com\\\/inicio\\\/#\\\/schema\\\/logo\\\/image\\\/\",\"url\":\"https:\\\/\\\/diariotextual.com\\\/inicio\\\/wp-content\\\/uploads\\\/2023\\\/05\\\/logotextual1.jpg\",\"contentUrl\":\"https:\\\/\\\/diariotextual.com\\\/inicio\\\/wp-content\\\/uploads\\\/2023\\\/05\\\/logotextual1.jpg\",\"width\":516,\"height\":76,\"caption\":\"Diario Textual\"},\"image\":{\"@id\":\"https:\\\/\\\/diariotextual.com\\\/inicio\\\/#\\\/schema\\\/logo\\\/image\\\/\"},\"sameAs\":[\"https:\\\/\\\/www.facebook.com\\\/eltextual\",\"https:\\\/\\\/x.com\\\/eltextual\",\"http:\\\/\\\/www.instagram.com\\\/eltextual\"]},{\"@type\":\"Person\",\"@id\":\"https:\\\/\\\/diariotextual.com\\\/inicio\\\/#\\\/schema\\\/person\\\/418fc4093c33e86ed41562db3508f958\",\"name\":\"Diario1 Diario1\",\"image\":{\"@type\":\"ImageObject\",\"inLanguage\":\"es\",\"@id\":\"https:\\\/\\\/secure.gravatar.com\\\/avatar\\\/9167d280179c85bc18be67aa7eda765854300033af4896dd779b608640f2ef7a?s=96&d=mm&r=g\",\"url\":\"https:\\\/\\\/secure.gravatar.com\\\/avatar\\\/9167d280179c85bc18be67aa7eda765854300033af4896dd779b608640f2ef7a?s=96&d=mm&r=g\",\"contentUrl\":\"https:\\\/\\\/secure.gravatar.com\\\/avatar\\\/9167d280179c85bc18be67aa7eda765854300033af4896dd779b608640f2ef7a?s=96&d=mm&r=g\",\"caption\":\"Diario1 Diario1\"},\"url\":\"https:\\\/\\\/diariotextual.com\\\/inicio\\\/index.php\\\/author\\\/diario1\\\/\"}]}<\/script>\n<!-- \/ Yoast SEO plugin. -->","yoast_head_json":{"title":"Falleci\u00f3 Alberto \u201cPampa\u201d Jorge a los 74 a\u00f1os - Diario Textual","robots":{"index":"index","follow":"follow","max-snippet":"max-snippet:-1","max-image-preview":"max-image-preview:large","max-video-preview":"max-video-preview:-1"},"canonical":"https:\/\/diariotextual.com\/inicio\/index.php\/2024\/09\/03\/fallecio-alberto-pampa-jorge-a-los-74-anos\/","og_locale":"es_ES","og_type":"article","og_title":"Falleci\u00f3 Alberto \u201cPampa\u201d Jorge a los 74 a\u00f1os - Diario Textual","og_description":"Alberto \u201cPampa\u201d Jorge, quien fuera jugador de Racing de Avellaneda y de la Selecci\u00f3n Argentina, muri\u00f3 este martes, a los 74 a\u00f1os de edad. La noticia gener\u00f3 conmoci\u00f3n en el&hellip;","og_url":"https:\/\/diariotextual.com\/inicio\/index.php\/2024\/09\/03\/fallecio-alberto-pampa-jorge-a-los-74-anos\/","og_site_name":"Diario Textual","article_publisher":"https:\/\/www.facebook.com\/eltextual","article_published_time":"2024-09-03T12:41:30+00:00","article_modified_time":"2024-09-04T13:16:13+00:00","og_image":[{"width":473,"height":341,"url":"https:\/\/diariotextual.com\/inicio\/wp-content\/uploads\/2024\/09\/jorgealbertopampajorge009.jpg","type":"image\/jpeg"}],"author":"Diario1 Diario1","twitter_card":"summary_large_image","twitter_creator":"@eltextual","twitter_site":"@eltextual","twitter_misc":{"Escrito por":"Diario1 Diario1","Tiempo de lectura":"2 minutos"},"schema":{"@context":"https:\/\/schema.org","@graph":[{"@type":"Article","@id":"https:\/\/diariotextual.com\/inicio\/index.php\/2024\/09\/03\/fallecio-alberto-pampa-jorge-a-los-74-anos\/#article","isPartOf":{"@id":"https:\/\/diariotextual.com\/inicio\/index.php\/2024\/09\/03\/fallecio-alberto-pampa-jorge-a-los-74-anos\/"},"author":{"name":"Diario1 Diario1","@id":"https:\/\/diariotextual.com\/inicio\/#\/schema\/person\/418fc4093c33e86ed41562db3508f958"},"headline":"Falleci\u00f3 Alberto \u201cPampa\u201d Jorge a los 74 a\u00f1os","datePublished":"2024-09-03T12:41:30+00:00","dateModified":"2024-09-04T13:16:13+00:00","mainEntityOfPage":{"@id":"https:\/\/diariotextual.com\/inicio\/index.php\/2024\/09\/03\/fallecio-alberto-pampa-jorge-a-los-74-anos\/"},"wordCount":201,"publisher":{"@id":"https:\/\/diariotextual.com\/inicio\/#organization"},"image":{"@id":"https:\/\/diariotextual.com\/inicio\/index.php\/2024\/09\/03\/fallecio-alberto-pampa-jorge-a-los-74-anos\/#primaryimage"},"thumbnailUrl":"https:\/\/diariotextual.com\/inicio\/wp-content\/uploads\/2024\/09\/jorgealbertopampajorge009.jpg","articleSection":["A - QUE PASA (al costado)","DEPORTES"],"inLanguage":"es"},{"@type":"WebPage","@id":"https:\/\/diariotextual.com\/inicio\/index.php\/2024\/09\/03\/fallecio-alberto-pampa-jorge-a-los-74-anos\/","url":"https:\/\/diariotextual.com\/inicio\/index.php\/2024\/09\/03\/fallecio-alberto-pampa-jorge-a-los-74-anos\/","name":"Falleci\u00f3 Alberto \u201cPampa\u201d Jorge a los 74 a\u00f1os - Diario Textual","isPartOf":{"@id":"https:\/\/diariotextual.com\/inicio\/#website"},"primaryImageOfPage":{"@id":"https:\/\/diariotextual.com\/inicio\/index.php\/2024\/09\/03\/fallecio-alberto-pampa-jorge-a-los-74-anos\/#primaryimage"},"image":{"@id":"https:\/\/diariotextual.com\/inicio\/index.php\/2024\/09\/03\/fallecio-alberto-pampa-jorge-a-los-74-anos\/#primaryimage"},"thumbnailUrl":"https:\/\/diariotextual.com\/inicio\/wp-content\/uploads\/2024\/09\/jorgealbertopampajorge009.jpg","datePublished":"2024-09-03T12:41:30+00:00","dateModified":"2024-09-04T13:16:13+00:00","breadcrumb":{"@id":"https:\/\/diariotextual.com\/inicio\/index.php\/2024\/09\/03\/fallecio-alberto-pampa-jorge-a-los-74-anos\/#breadcrumb"},"inLanguage":"es","potentialAction":[{"@type":"ReadAction","target":["https:\/\/diariotextual.com\/inicio\/index.php\/2024\/09\/03\/fallecio-alberto-pampa-jorge-a-los-74-anos\/"]}]},{"@type":"ImageObject","inLanguage":"es","@id":"https:\/\/diariotextual.com\/inicio\/index.php\/2024\/09\/03\/fallecio-alberto-pampa-jorge-a-los-74-anos\/#primaryimage","url":"https:\/\/diariotextual.com\/inicio\/wp-content\/uploads\/2024\/09\/jorgealbertopampajorge009.jpg","contentUrl":"https:\/\/diariotextual.com\/inicio\/wp-content\/uploads\/2024\/09\/jorgealbertopampajorge009.jpg","width":473,"height":341},{"@type":"BreadcrumbList","@id":"https:\/\/diariotextual.com\/inicio\/index.php\/2024\/09\/03\/fallecio-alberto-pampa-jorge-a-los-74-anos\/#breadcrumb","itemListElement":[{"@type":"ListItem","position":1,"name":"Portada","item":"https:\/\/diariotextual.com\/inicio\/"},{"@type":"ListItem","position":2,"name":"Falleci\u00f3 Alberto \u201cPampa\u201d Jorge a los 74 a\u00f1os"}]},{"@type":"WebSite","@id":"https:\/\/diariotextual.com\/inicio\/#website","url":"https:\/\/diariotextual.com\/inicio\/","name":"Diario Textual","description":"","publisher":{"@id":"https:\/\/diariotextual.com\/inicio\/#organization"},"potentialAction":[{"@type":"SearchAction","target":{"@type":"EntryPoint","urlTemplate":"https:\/\/diariotextual.com\/inicio\/?s={search_term_string}"},"query-input":{"@type":"PropertyValueSpecification","valueRequired":true,"valueName":"search_term_string"}}],"inLanguage":"es"},{"@type":"Organization","@id":"https:\/\/diariotextual.com\/inicio\/#organization","name":"Diario Textual","url":"https:\/\/diariotextual.com\/inicio\/","logo":{"@type":"ImageObject","inLanguage":"es","@id":"https:\/\/diariotextual.com\/inicio\/#\/schema\/logo\/image\/","url":"https:\/\/diariotextual.com\/inicio\/wp-content\/uploads\/2023\/05\/logotextual1.jpg","contentUrl":"https:\/\/diariotextual.com\/inicio\/wp-content\/uploads\/2023\/05\/logotextual1.jpg","width":516,"height":76,"caption":"Diario Textual"},"image":{"@id":"https:\/\/diariotextual.com\/inicio\/#\/schema\/logo\/image\/"},"sameAs":["https:\/\/www.facebook.com\/eltextual","https:\/\/x.com\/eltextual","http:\/\/www.instagram.com\/eltextual"]},{"@type":"Person","@id":"https:\/\/diariotextual.com\/inicio\/#\/schema\/person\/418fc4093c33e86ed41562db3508f958","name":"Diario1 Diario1","image":{"@type":"ImageObject","inLanguage":"es","@id":"https:\/\/secure.gravatar.com\/avatar\/9167d280179c85bc18be67aa7eda765854300033af4896dd779b608640f2ef7a?s=96&d=mm&r=g","url":"https:\/\/secure.gravatar.com\/avatar\/9167d280179c85bc18be67aa7eda765854300033af4896dd779b608640f2ef7a?s=96&d=mm&r=g","contentUrl":"https:\/\/secure.gravatar.com\/avatar\/9167d280179c85bc18be67aa7eda765854300033af4896dd779b608640f2ef7a?s=96&d=mm&r=g","caption":"Diario1 Diario1"},"url":"https:\/\/diariotextual.com\/inicio\/index.php\/author\/diario1\/"}]}},"_links":{"self":[{"href":"https:\/\/diariotextual.com\/inicio\/index.php\/wp-json\/wp\/v2\/posts\/274249","targetHints":{"allow":["GET"]}}],"collection":[{"href":"https:\/\/diariotextual.com\/inicio\/index.php\/wp-json\/wp\/v2\/posts"}],"about":[{"href":"https:\/\/diariotextual.com\/inicio\/index.php\/wp-json\/wp\/v2\/types\/post"}],"author":[{"embeddable":true,"href":"https:\/\/diariotextual.com\/inicio\/index.php\/wp-json\/wp\/v2\/users\/3"}],"replies":[{"embeddable":true,"href":"https:\/\/diariotextual.com\/inicio\/index.php\/wp-json\/wp\/v2\/comments?post=274249"}],"version-history":[{"count":2,"href":"https:\/\/diariotextual.com\/inicio\/index.php\/wp-json\/wp\/v2\/posts\/274249\/revisions"}],"predecessor-version":[{"id":274252,"href":"https:\/\/diariotextual.com\/inicio\/index.php\/wp-json\/wp\/v2\/posts\/274249\/revisions\/274252"}],"wp:featuredmedia":[{"embeddable":true,"href":"https:\/\/diariotextual.com\/inicio\/index.php\/wp-json\/wp\/v2\/media\/274250"}],"wp:attachment":[{"href":"https:\/\/diariotextual.com\/inicio\/index.php\/wp-json\/wp\/v2\/media?parent=274249"}],"wp:term":[{"taxonomy":"category","embeddable":true,"href":"https:\/\/diariotextual.com\/inicio\/index.php\/wp-json\/wp\/v2\/categories?post=274249"},{"taxonomy":"post_tag","embeddable":true,"href":"https:\/\/diariotextual.com\/inicio\/index.php\/wp-json\/wp\/v2\/tags?post=274249"}],"curies":[{"name":"wp","href":"https:\/\/api.w.org\/{rel}","templated":true}]}}