{"id":274737,"date":"2024-09-10T07:14:59","date_gmt":"2024-09-10T10:14:59","guid":{"rendered":"https:\/\/diariotextual.com\/inicio\/?p=274737"},"modified":"2024-09-10T08:57:04","modified_gmt":"2024-09-10T11:57:04","slug":"la-seleccion-argentina-afronta-una-dura-prueba-ante-colombia-en-barranquilla","status":"publish","type":"post","link":"https:\/\/diariotextual.com\/inicio\/index.php\/2024\/09\/10\/la-seleccion-argentina-afronta-una-dura-prueba-ante-colombia-en-barranquilla\/","title":{"rendered":"La Selecci\u00f3n argentina afronta una dura prueba ante Colombia en Barranquilla"},"content":{"rendered":"\n<p>La Selecci\u00f3n argentina visitar\u00e1 a Colombia este martes con la ilusi\u00f3n de extender su buen andar y consolidarse en los m\u00e1s alto de la tabla de posiciones de las Eliminatorias Sudamericanas rumbo al Mundial 2026. El encuentro tendr\u00e1 lugar en el estadio Metropolitano de Barranquilla, a las 17.30, con el arbitraje del chileno Piero Maza y transmisi\u00f3n de TyC Sports y Telefe.<\/p>\n\n\n\n<p>Argentina llega a este compromiso luego de golear como local a Chile por 3 a 0 con los tantos de Alexis Mac Allister, Juli\u00e1n \u00c1lvarez y Paulo Dybala. De esta manera, el equipo nacional se escap\u00f3 en lo m\u00e1s alto de la tabla de posiciones de las Eliminatorias Sudamericanas, aprovechando el empate de Uruguay como local de Paraguay y ahora buscar\u00e1 fortalecer esa ventaja.<\/p>\n\n\n\n<p>Argentina afrontar\u00e1 una visita de riesgo ante Colombia debido a la alta temperatura de la ciudad de Barranquilla y, ante este panorama, el entrenador Lionel Scaloni a\u00fan no dio a conocer a los once que saldr\u00e1n a la cancha. En cuanto a la defensa, Nahuel Molina pelea por un puesto con Gonzalo Montiel, mientras que Marcos Acu\u00f1a se meter\u00eda en el once y, si esto sucede, Lisandro Mart\u00ednez volver\u00e1 a la zaga para reemplazar a Nicol\u00e1s Otamendi.<\/p>\n\n\n\n<p>En el mediocampo, Alexis Mac Allister est\u00e1 en duda su participaci\u00f3n, por ello, el t\u00e9cnico podr\u00eda incluir a Leandro Paredes o Giovani Lo Celso. Por \u00faltimo, Lautaro Mart\u00ednez y Juli\u00e1n \u00c1lvarez estar\u00edan desde el inicio, pero resta saber si Nicol\u00e1s Gonz\u00e1lez ser\u00e1 de la partida y, en caso de no llegar en \u00f3ptimas condiciones, su lugar ser\u00eda para Dybala. Colombia llega a este compromiso tras igualar sobre la hora ante Per\u00fa en Lima y se ubica en la tercera posici\u00f3n de las Eliminatorias con 13 puntos.<\/p>\n\n\n\n<div style=\"height:100px\" aria-hidden=\"true\" class=\"wp-block-spacer\"><\/div>\n\n\n\n<p><strong>Probables formaciones<\/strong><\/p>\n\n\n\n<p>Colombia: Camilo Vargas; Daniel Mu\u00f1oz, Jhon Bonilla, Carlos Cuesta, Johan Mojica; Richard Montoya, Jefferson Lerma, Luis Sinisterra; James Rodr\u00edguez, Jhon C\u00f3rdoba y Luis D\u00edaz. DT: N\u00e9stor Lorenzo.<\/p>\n\n\n\n<p>Argentina: Emiliano Mart\u00ednez; Nahuel Molina o Gonzalo Montiel, Cristian Romero, Nicol\u00e1s Otamendi o Lisandro Mart\u00ednez, Marcos Acu\u00f1a; Rodrigo De Paul, Enzo Fern\u00e1ndez, Alexis Mac Allister o Leandro Paredes o Giovani Lo Celso; Juli\u00e1n \u00c1lvarez, Lautaro Mart\u00ednez y Paulo Dybala o Nicol\u00e1s Gonz\u00e1lez. DT: Lionel Scaloni.<\/p>\n\n\n\n<p>Estadio: Metropolitano de Barranquilla.<br>\u00c1rbitro: Piero Maza (Chile).<br>Hora de inicio: 17.30. TV: TyC Sports y Telefe.<\/p>\n\n\n\n<p><\/p>\n\n\n\n<p><\/p>\n","protected":false},"excerpt":{"rendered":"<p>La Selecci\u00f3n argentina visitar\u00e1 a Colombia este martes con la ilusi\u00f3n de extender su buen andar y consolidarse en los m\u00e1s alto de la tabla de posiciones de las Eliminatorias&hellip;<\/p>\n","protected":false},"author":3,"featured_media":274512,"comment_status":"closed","ping_status":"open","sticky":false,"template":"","format":"standard","meta":{"_acf_changed":false,"footnotes":""},"categories":[1,3],"tags":[],"class_list":["post-274737","post","type-post","status-publish","format-standard","has-post-thumbnail","hentry","category-es-noticia","category-deportes"],"acf":[],"yoast_head":"<!-- This site is optimized with the Yoast SEO plugin v27.5 - https:\/\/yoast.com\/product\/yoast-seo-wordpress\/ -->\n<title>La Selecci\u00f3n argentina afronta una dura prueba ante Colombia en Barranquilla - Diario Textual<\/title>\n<meta name=\"robots\" content=\"index, follow, max-snippet:-1, max-image-preview:large, max-video-preview:-1\" \/>\n<link rel=\"canonical\" href=\"https:\/\/diariotextual.com\/inicio\/index.php\/2024\/09\/10\/la-seleccion-argentina-afronta-una-dura-prueba-ante-colombia-en-barranquilla\/\" \/>\n<meta property=\"og:locale\" content=\"es_ES\" \/>\n<meta property=\"og:type\" content=\"article\" \/>\n<meta property=\"og:title\" content=\"La Selecci\u00f3n argentina afronta una dura prueba ante Colombia en Barranquilla - Diario Textual\" \/>\n<meta property=\"og:description\" content=\"La Selecci\u00f3n argentina visitar\u00e1 a Colombia este martes con la ilusi\u00f3n de extender su buen andar y consolidarse en los m\u00e1s alto de la tabla de posiciones de las Eliminatorias&hellip;\" \/>\n<meta property=\"og:url\" content=\"https:\/\/diariotextual.com\/inicio\/index.php\/2024\/09\/10\/la-seleccion-argentina-afronta-una-dura-prueba-ante-colombia-en-barranquilla\/\" \/>\n<meta property=\"og:site_name\" content=\"Diario Textual\" \/>\n<meta property=\"article:publisher\" content=\"https:\/\/www.facebook.com\/eltextual\" \/>\n<meta property=\"article:published_time\" content=\"2024-09-10T10:14:59+00:00\" \/>\n<meta property=\"article:modified_time\" content=\"2024-09-10T11:57:04+00:00\" \/>\n<meta property=\"og:image\" content=\"https:\/\/diariotextual.com\/inicio\/wp-content\/uploads\/2024\/09\/macallisteralexisseleccionargentina2024-12.jpg\" \/>\n\t<meta property=\"og:image:width\" content=\"1500\" \/>\n\t<meta property=\"og:image:height\" content=\"1016\" \/>\n\t<meta property=\"og:image:type\" content=\"image\/jpeg\" \/>\n<meta name=\"author\" content=\"Diario1 Diario1\" \/>\n<meta name=\"twitter:card\" content=\"summary_large_image\" \/>\n<meta name=\"twitter:creator\" content=\"@eltextual\" \/>\n<meta name=\"twitter:site\" content=\"@eltextual\" \/>\n<meta name=\"twitter:label1\" content=\"Escrito por\" \/>\n\t<meta name=\"twitter:data1\" content=\"Diario1 Diario1\" \/>\n\t<meta name=\"twitter:label2\" content=\"Tiempo de lectura\" \/>\n\t<meta name=\"twitter:data2\" content=\"2 minutos\" \/>\n<script type=\"application\/ld+json\" class=\"yoast-schema-graph\">{\"@context\":\"https:\\\/\\\/schema.org\",\"@graph\":[{\"@type\":\"Article\",\"@id\":\"https:\\\/\\\/diariotextual.com\\\/inicio\\\/index.php\\\/2024\\\/09\\\/10\\\/la-seleccion-argentina-afronta-una-dura-prueba-ante-colombia-en-barranquilla\\\/#article\",\"isPartOf\":{\"@id\":\"https:\\\/\\\/diariotextual.com\\\/inicio\\\/index.php\\\/2024\\\/09\\\/10\\\/la-seleccion-argentina-afronta-una-dura-prueba-ante-colombia-en-barranquilla\\\/\"},\"author\":{\"name\":\"Diario1 Diario1\",\"@id\":\"https:\\\/\\\/diariotextual.com\\\/inicio\\\/#\\\/schema\\\/person\\\/418fc4093c33e86ed41562db3508f958\"},\"headline\":\"La Selecci\u00f3n argentina afronta una dura prueba ante Colombia en Barranquilla\",\"datePublished\":\"2024-09-10T10:14:59+00:00\",\"dateModified\":\"2024-09-10T11:57:04+00:00\",\"mainEntityOfPage\":{\"@id\":\"https:\\\/\\\/diariotextual.com\\\/inicio\\\/index.php\\\/2024\\\/09\\\/10\\\/la-seleccion-argentina-afronta-una-dura-prueba-ante-colombia-en-barranquilla\\\/\"},\"wordCount\":422,\"publisher\":{\"@id\":\"https:\\\/\\\/diariotextual.com\\\/inicio\\\/#organization\"},\"image\":{\"@id\":\"https:\\\/\\\/diariotextual.com\\\/inicio\\\/index.php\\\/2024\\\/09\\\/10\\\/la-seleccion-argentina-afronta-una-dura-prueba-ante-colombia-en-barranquilla\\\/#primaryimage\"},\"thumbnailUrl\":\"https:\\\/\\\/diariotextual.com\\\/inicio\\\/wp-content\\\/uploads\\\/2024\\\/09\\\/macallisteralexisseleccionargentina2024-12.jpg\",\"articleSection\":[\"A - ES NOTICIA (van abajo)\",\"DEPORTES\"],\"inLanguage\":\"es\"},{\"@type\":\"WebPage\",\"@id\":\"https:\\\/\\\/diariotextual.com\\\/inicio\\\/index.php\\\/2024\\\/09\\\/10\\\/la-seleccion-argentina-afronta-una-dura-prueba-ante-colombia-en-barranquilla\\\/\",\"url\":\"https:\\\/\\\/diariotextual.com\\\/inicio\\\/index.php\\\/2024\\\/09\\\/10\\\/la-seleccion-argentina-afronta-una-dura-prueba-ante-colombia-en-barranquilla\\\/\",\"name\":\"La Selecci\u00f3n argentina afronta una dura prueba ante Colombia en Barranquilla - Diario Textual\",\"isPartOf\":{\"@id\":\"https:\\\/\\\/diariotextual.com\\\/inicio\\\/#website\"},\"primaryImageOfPage\":{\"@id\":\"https:\\\/\\\/diariotextual.com\\\/inicio\\\/index.php\\\/2024\\\/09\\\/10\\\/la-seleccion-argentina-afronta-una-dura-prueba-ante-colombia-en-barranquilla\\\/#primaryimage\"},\"image\":{\"@id\":\"https:\\\/\\\/diariotextual.com\\\/inicio\\\/index.php\\\/2024\\\/09\\\/10\\\/la-seleccion-argentina-afronta-una-dura-prueba-ante-colombia-en-barranquilla\\\/#primaryimage\"},\"thumbnailUrl\":\"https:\\\/\\\/diariotextual.com\\\/inicio\\\/wp-content\\\/uploads\\\/2024\\\/09\\\/macallisteralexisseleccionargentina2024-12.jpg\",\"datePublished\":\"2024-09-10T10:14:59+00:00\",\"dateModified\":\"2024-09-10T11:57:04+00:00\",\"breadcrumb\":{\"@id\":\"https:\\\/\\\/diariotextual.com\\\/inicio\\\/index.php\\\/2024\\\/09\\\/10\\\/la-seleccion-argentina-afronta-una-dura-prueba-ante-colombia-en-barranquilla\\\/#breadcrumb\"},\"inLanguage\":\"es\",\"potentialAction\":[{\"@type\":\"ReadAction\",\"target\":[\"https:\\\/\\\/diariotextual.com\\\/inicio\\\/index.php\\\/2024\\\/09\\\/10\\\/la-seleccion-argentina-afronta-una-dura-prueba-ante-colombia-en-barranquilla\\\/\"]}]},{\"@type\":\"ImageObject\",\"inLanguage\":\"es\",\"@id\":\"https:\\\/\\\/diariotextual.com\\\/inicio\\\/index.php\\\/2024\\\/09\\\/10\\\/la-seleccion-argentina-afronta-una-dura-prueba-ante-colombia-en-barranquilla\\\/#primaryimage\",\"url\":\"https:\\\/\\\/diariotextual.com\\\/inicio\\\/wp-content\\\/uploads\\\/2024\\\/09\\\/macallisteralexisseleccionargentina2024-12.jpg\",\"contentUrl\":\"https:\\\/\\\/diariotextual.com\\\/inicio\\\/wp-content\\\/uploads\\\/2024\\\/09\\\/macallisteralexisseleccionargentina2024-12.jpg\",\"width\":1500,\"height\":1016},{\"@type\":\"BreadcrumbList\",\"@id\":\"https:\\\/\\\/diariotextual.com\\\/inicio\\\/index.php\\\/2024\\\/09\\\/10\\\/la-seleccion-argentina-afronta-una-dura-prueba-ante-colombia-en-barranquilla\\\/#breadcrumb\",\"itemListElement\":[{\"@type\":\"ListItem\",\"position\":1,\"name\":\"Portada\",\"item\":\"https:\\\/\\\/diariotextual.com\\\/inicio\\\/\"},{\"@type\":\"ListItem\",\"position\":2,\"name\":\"La Selecci\u00f3n argentina afronta una dura prueba ante Colombia en Barranquilla\"}]},{\"@type\":\"WebSite\",\"@id\":\"https:\\\/\\\/diariotextual.com\\\/inicio\\\/#website\",\"url\":\"https:\\\/\\\/diariotextual.com\\\/inicio\\\/\",\"name\":\"Diario Textual\",\"description\":\"\",\"publisher\":{\"@id\":\"https:\\\/\\\/diariotextual.com\\\/inicio\\\/#organization\"},\"potentialAction\":[{\"@type\":\"SearchAction\",\"target\":{\"@type\":\"EntryPoint\",\"urlTemplate\":\"https:\\\/\\\/diariotextual.com\\\/inicio\\\/?s={search_term_string}\"},\"query-input\":{\"@type\":\"PropertyValueSpecification\",\"valueRequired\":true,\"valueName\":\"search_term_string\"}}],\"inLanguage\":\"es\"},{\"@type\":\"Organization\",\"@id\":\"https:\\\/\\\/diariotextual.com\\\/inicio\\\/#organization\",\"name\":\"Diario Textual\",\"url\":\"https:\\\/\\\/diariotextual.com\\\/inicio\\\/\",\"logo\":{\"@type\":\"ImageObject\",\"inLanguage\":\"es\",\"@id\":\"https:\\\/\\\/diariotextual.com\\\/inicio\\\/#\\\/schema\\\/logo\\\/image\\\/\",\"url\":\"https:\\\/\\\/diariotextual.com\\\/inicio\\\/wp-content\\\/uploads\\\/2023\\\/05\\\/logotextual1.jpg\",\"contentUrl\":\"https:\\\/\\\/diariotextual.com\\\/inicio\\\/wp-content\\\/uploads\\\/2023\\\/05\\\/logotextual1.jpg\",\"width\":516,\"height\":76,\"caption\":\"Diario Textual\"},\"image\":{\"@id\":\"https:\\\/\\\/diariotextual.com\\\/inicio\\\/#\\\/schema\\\/logo\\\/image\\\/\"},\"sameAs\":[\"https:\\\/\\\/www.facebook.com\\\/eltextual\",\"https:\\\/\\\/x.com\\\/eltextual\",\"http:\\\/\\\/www.instagram.com\\\/eltextual\"]},{\"@type\":\"Person\",\"@id\":\"https:\\\/\\\/diariotextual.com\\\/inicio\\\/#\\\/schema\\\/person\\\/418fc4093c33e86ed41562db3508f958\",\"name\":\"Diario1 Diario1\",\"image\":{\"@type\":\"ImageObject\",\"inLanguage\":\"es\",\"@id\":\"https:\\\/\\\/secure.gravatar.com\\\/avatar\\\/9167d280179c85bc18be67aa7eda765854300033af4896dd779b608640f2ef7a?s=96&d=mm&r=g\",\"url\":\"https:\\\/\\\/secure.gravatar.com\\\/avatar\\\/9167d280179c85bc18be67aa7eda765854300033af4896dd779b608640f2ef7a?s=96&d=mm&r=g\",\"contentUrl\":\"https:\\\/\\\/secure.gravatar.com\\\/avatar\\\/9167d280179c85bc18be67aa7eda765854300033af4896dd779b608640f2ef7a?s=96&d=mm&r=g\",\"caption\":\"Diario1 Diario1\"},\"url\":\"https:\\\/\\\/diariotextual.com\\\/inicio\\\/index.php\\\/author\\\/diario1\\\/\"}]}<\/script>\n<!-- \/ Yoast SEO plugin. -->","yoast_head_json":{"title":"La Selecci\u00f3n argentina afronta una dura prueba ante Colombia en Barranquilla - Diario Textual","robots":{"index":"index","follow":"follow","max-snippet":"max-snippet:-1","max-image-preview":"max-image-preview:large","max-video-preview":"max-video-preview:-1"},"canonical":"https:\/\/diariotextual.com\/inicio\/index.php\/2024\/09\/10\/la-seleccion-argentina-afronta-una-dura-prueba-ante-colombia-en-barranquilla\/","og_locale":"es_ES","og_type":"article","og_title":"La Selecci\u00f3n argentina afronta una dura prueba ante Colombia en Barranquilla - Diario Textual","og_description":"La Selecci\u00f3n argentina visitar\u00e1 a Colombia este martes con la ilusi\u00f3n de extender su buen andar y consolidarse en los m\u00e1s alto de la tabla de posiciones de las Eliminatorias&hellip;","og_url":"https:\/\/diariotextual.com\/inicio\/index.php\/2024\/09\/10\/la-seleccion-argentina-afronta-una-dura-prueba-ante-colombia-en-barranquilla\/","og_site_name":"Diario Textual","article_publisher":"https:\/\/www.facebook.com\/eltextual","article_published_time":"2024-09-10T10:14:59+00:00","article_modified_time":"2024-09-10T11:57:04+00:00","og_image":[{"width":1500,"height":1016,"url":"https:\/\/diariotextual.com\/inicio\/wp-content\/uploads\/2024\/09\/macallisteralexisseleccionargentina2024-12.jpg","type":"image\/jpeg"}],"author":"Diario1 Diario1","twitter_card":"summary_large_image","twitter_creator":"@eltextual","twitter_site":"@eltextual","twitter_misc":{"Escrito por":"Diario1 Diario1","Tiempo de lectura":"2 minutos"},"schema":{"@context":"https:\/\/schema.org","@graph":[{"@type":"Article","@id":"https:\/\/diariotextual.com\/inicio\/index.php\/2024\/09\/10\/la-seleccion-argentina-afronta-una-dura-prueba-ante-colombia-en-barranquilla\/#article","isPartOf":{"@id":"https:\/\/diariotextual.com\/inicio\/index.php\/2024\/09\/10\/la-seleccion-argentina-afronta-una-dura-prueba-ante-colombia-en-barranquilla\/"},"author":{"name":"Diario1 Diario1","@id":"https:\/\/diariotextual.com\/inicio\/#\/schema\/person\/418fc4093c33e86ed41562db3508f958"},"headline":"La Selecci\u00f3n argentina afronta una dura prueba ante Colombia en Barranquilla","datePublished":"2024-09-10T10:14:59+00:00","dateModified":"2024-09-10T11:57:04+00:00","mainEntityOfPage":{"@id":"https:\/\/diariotextual.com\/inicio\/index.php\/2024\/09\/10\/la-seleccion-argentina-afronta-una-dura-prueba-ante-colombia-en-barranquilla\/"},"wordCount":422,"publisher":{"@id":"https:\/\/diariotextual.com\/inicio\/#organization"},"image":{"@id":"https:\/\/diariotextual.com\/inicio\/index.php\/2024\/09\/10\/la-seleccion-argentina-afronta-una-dura-prueba-ante-colombia-en-barranquilla\/#primaryimage"},"thumbnailUrl":"https:\/\/diariotextual.com\/inicio\/wp-content\/uploads\/2024\/09\/macallisteralexisseleccionargentina2024-12.jpg","articleSection":["A - ES NOTICIA (van abajo)","DEPORTES"],"inLanguage":"es"},{"@type":"WebPage","@id":"https:\/\/diariotextual.com\/inicio\/index.php\/2024\/09\/10\/la-seleccion-argentina-afronta-una-dura-prueba-ante-colombia-en-barranquilla\/","url":"https:\/\/diariotextual.com\/inicio\/index.php\/2024\/09\/10\/la-seleccion-argentina-afronta-una-dura-prueba-ante-colombia-en-barranquilla\/","name":"La Selecci\u00f3n argentina afronta una dura prueba ante Colombia en Barranquilla - Diario Textual","isPartOf":{"@id":"https:\/\/diariotextual.com\/inicio\/#website"},"primaryImageOfPage":{"@id":"https:\/\/diariotextual.com\/inicio\/index.php\/2024\/09\/10\/la-seleccion-argentina-afronta-una-dura-prueba-ante-colombia-en-barranquilla\/#primaryimage"},"image":{"@id":"https:\/\/diariotextual.com\/inicio\/index.php\/2024\/09\/10\/la-seleccion-argentina-afronta-una-dura-prueba-ante-colombia-en-barranquilla\/#primaryimage"},"thumbnailUrl":"https:\/\/diariotextual.com\/inicio\/wp-content\/uploads\/2024\/09\/macallisteralexisseleccionargentina2024-12.jpg","datePublished":"2024-09-10T10:14:59+00:00","dateModified":"2024-09-10T11:57:04+00:00","breadcrumb":{"@id":"https:\/\/diariotextual.com\/inicio\/index.php\/2024\/09\/10\/la-seleccion-argentina-afronta-una-dura-prueba-ante-colombia-en-barranquilla\/#breadcrumb"},"inLanguage":"es","potentialAction":[{"@type":"ReadAction","target":["https:\/\/diariotextual.com\/inicio\/index.php\/2024\/09\/10\/la-seleccion-argentina-afronta-una-dura-prueba-ante-colombia-en-barranquilla\/"]}]},{"@type":"ImageObject","inLanguage":"es","@id":"https:\/\/diariotextual.com\/inicio\/index.php\/2024\/09\/10\/la-seleccion-argentina-afronta-una-dura-prueba-ante-colombia-en-barranquilla\/#primaryimage","url":"https:\/\/diariotextual.com\/inicio\/wp-content\/uploads\/2024\/09\/macallisteralexisseleccionargentina2024-12.jpg","contentUrl":"https:\/\/diariotextual.com\/inicio\/wp-content\/uploads\/2024\/09\/macallisteralexisseleccionargentina2024-12.jpg","width":1500,"height":1016},{"@type":"BreadcrumbList","@id":"https:\/\/diariotextual.com\/inicio\/index.php\/2024\/09\/10\/la-seleccion-argentina-afronta-una-dura-prueba-ante-colombia-en-barranquilla\/#breadcrumb","itemListElement":[{"@type":"ListItem","position":1,"name":"Portada","item":"https:\/\/diariotextual.com\/inicio\/"},{"@type":"ListItem","position":2,"name":"La Selecci\u00f3n argentina afronta una dura prueba ante Colombia en Barranquilla"}]},{"@type":"WebSite","@id":"https:\/\/diariotextual.com\/inicio\/#website","url":"https:\/\/diariotextual.com\/inicio\/","name":"Diario Textual","description":"","publisher":{"@id":"https:\/\/diariotextual.com\/inicio\/#organization"},"potentialAction":[{"@type":"SearchAction","target":{"@type":"EntryPoint","urlTemplate":"https:\/\/diariotextual.com\/inicio\/?s={search_term_string}"},"query-input":{"@type":"PropertyValueSpecification","valueRequired":true,"valueName":"search_term_string"}}],"inLanguage":"es"},{"@type":"Organization","@id":"https:\/\/diariotextual.com\/inicio\/#organization","name":"Diario Textual","url":"https:\/\/diariotextual.com\/inicio\/","logo":{"@type":"ImageObject","inLanguage":"es","@id":"https:\/\/diariotextual.com\/inicio\/#\/schema\/logo\/image\/","url":"https:\/\/diariotextual.com\/inicio\/wp-content\/uploads\/2023\/05\/logotextual1.jpg","contentUrl":"https:\/\/diariotextual.com\/inicio\/wp-content\/uploads\/2023\/05\/logotextual1.jpg","width":516,"height":76,"caption":"Diario Textual"},"image":{"@id":"https:\/\/diariotextual.com\/inicio\/#\/schema\/logo\/image\/"},"sameAs":["https:\/\/www.facebook.com\/eltextual","https:\/\/x.com\/eltextual","http:\/\/www.instagram.com\/eltextual"]},{"@type":"Person","@id":"https:\/\/diariotextual.com\/inicio\/#\/schema\/person\/418fc4093c33e86ed41562db3508f958","name":"Diario1 Diario1","image":{"@type":"ImageObject","inLanguage":"es","@id":"https:\/\/secure.gravatar.com\/avatar\/9167d280179c85bc18be67aa7eda765854300033af4896dd779b608640f2ef7a?s=96&d=mm&r=g","url":"https:\/\/secure.gravatar.com\/avatar\/9167d280179c85bc18be67aa7eda765854300033af4896dd779b608640f2ef7a?s=96&d=mm&r=g","contentUrl":"https:\/\/secure.gravatar.com\/avatar\/9167d280179c85bc18be67aa7eda765854300033af4896dd779b608640f2ef7a?s=96&d=mm&r=g","caption":"Diario1 Diario1"},"url":"https:\/\/diariotextual.com\/inicio\/index.php\/author\/diario1\/"}]}},"_links":{"self":[{"href":"https:\/\/diariotextual.com\/inicio\/index.php\/wp-json\/wp\/v2\/posts\/274737","targetHints":{"allow":["GET"]}}],"collection":[{"href":"https:\/\/diariotextual.com\/inicio\/index.php\/wp-json\/wp\/v2\/posts"}],"about":[{"href":"https:\/\/diariotextual.com\/inicio\/index.php\/wp-json\/wp\/v2\/types\/post"}],"author":[{"embeddable":true,"href":"https:\/\/diariotextual.com\/inicio\/index.php\/wp-json\/wp\/v2\/users\/3"}],"replies":[{"embeddable":true,"href":"https:\/\/diariotextual.com\/inicio\/index.php\/wp-json\/wp\/v2\/comments?post=274737"}],"version-history":[{"count":1,"href":"https:\/\/diariotextual.com\/inicio\/index.php\/wp-json\/wp\/v2\/posts\/274737\/revisions"}],"predecessor-version":[{"id":274738,"href":"https:\/\/diariotextual.com\/inicio\/index.php\/wp-json\/wp\/v2\/posts\/274737\/revisions\/274738"}],"wp:featuredmedia":[{"embeddable":true,"href":"https:\/\/diariotextual.com\/inicio\/index.php\/wp-json\/wp\/v2\/media\/274512"}],"wp:attachment":[{"href":"https:\/\/diariotextual.com\/inicio\/index.php\/wp-json\/wp\/v2\/media?parent=274737"}],"wp:term":[{"taxonomy":"category","embeddable":true,"href":"https:\/\/diariotextual.com\/inicio\/index.php\/wp-json\/wp\/v2\/categories?post=274737"},{"taxonomy":"post_tag","embeddable":true,"href":"https:\/\/diariotextual.com\/inicio\/index.php\/wp-json\/wp\/v2\/tags?post=274737"}],"curies":[{"name":"wp","href":"https:\/\/api.w.org\/{rel}","templated":true}]}}