{"id":275225,"date":"2024-09-14T10:28:26","date_gmt":"2024-09-14T13:28:26","guid":{"rendered":"https:\/\/diariotextual.com\/inicio\/?p=275225"},"modified":"2024-09-14T18:32:23","modified_gmt":"2024-09-14T21:32:23","slug":"colapinto-tuvo-una-gran-clasificacion-y-largara-noveno-en-el-gp-de-azerbaiyan","status":"publish","type":"post","link":"https:\/\/diariotextual.com\/inicio\/index.php\/2024\/09\/14\/colapinto-tuvo-una-gran-clasificacion-y-largara-noveno-en-el-gp-de-azerbaiyan\/","title":{"rendered":"Colapinto tuvo una gran clasificaci\u00f3n y largar\u00e1 noveno en el GP de Azerbaiy\u00e1n"},"content":{"rendered":"\n<p>El piloto argentino de F\u00f3rmula 1, Franco&nbsp;<strong>Colapinto<\/strong>,&nbsp;<strong>tuvo una gran clasificaci\u00f3n y largar\u00e1 noveno en el Gran Premio de Azerbaiy\u00e1n.<\/strong><\/p>\n\n\n\n<p>Colapinto, que corre para la escuder\u00eda Williams,<strong>&nbsp;termin\u00f3 en la Qualy 3 por encima de su compa\u00f1ero de equipo, el tailand\u00e9s Alexander Albon.<\/strong><\/p>\n\n\n\n<p>Colapinto hab\u00eda comenzado la clasificaci\u00f3n de uno de los circuitos m\u00e1s complicados del calendario con una octava posici\u00f3n en la Q1, mientras que en la Q2 marc\u00f3 un verdadero tiempazo en la \u00faltima vuelta que le permiti\u00f3 meterse entre los 10 mejores.<\/p>\n\n\n\n<p>Ya en la \u00faltima tanda de clasificaci\u00f3n,&nbsp;<strong>Colapinto consigui\u00f3 la novena posici\u00f3n para lo que ser\u00e1 su largada en la carrera de este domingo, gracias al tiempo de 1:42,530 que registr\u00f3 en su \u00faltima vuelta.<\/strong><\/p>\n\n\n\n<p><strong>El fin de semana de Colapinto arranc\u00f3 muy complicado, ya que en las pr\u00e1cticas libres 1 de el viernes tuvo que abandonar debido a un fuerte choque<\/strong>&nbsp;que sufri\u00f3 al entrar pasado a una de las curvas.<\/p>\n\n\n\n<p><strong>Pero a partir de all\u00ed mejor\u00f3 cada vez m\u00e1s sus tiempos<\/strong>, para demostrar que est\u00e1 para pelear por los puntos.<\/p>\n\n\n\n<p><strong>En la \u00faltima pr\u00e1ctica libre, que se llev\u00f3 a cabo este s\u00e1bado por la madrugada, el argentino hab\u00eda quedado noveno a solo 724 mil\u00e9simas del l\u00edder George Russell.<\/strong><\/p>\n\n\n\n<p>Esta gran participaci\u00f3n le permiti\u00f3 adem\u00e1s a&nbsp;<strong>Colapinto<\/strong>&nbsp;convertirse en el&nbsp;<strong>primer argentino en disputar la Q3 de una clasificaci\u00f3n desde que lo hiciera Carlos Reutemann en el GP de Brasil de 1982.<\/strong><\/p>\n\n\n\n<p><strong>La pole position qued\u00f3 en manos del monegasco Charles Leclerc, de Ferrari<\/strong>, quien largar\u00e1 en la primera posici\u00f3n por cuarto a\u00f1o consecutivo en el&nbsp;<strong>circuito callejero de Bak\u00fa.<\/strong><\/p>\n\n\n\n<p><strong>Leclerc viene de quedarse con el triunfo en el Gran Premio de Italia<\/strong>&nbsp;y va en busca de una victoria que le permita recortar distancias en el&nbsp;<strong>campeonato<\/strong>&nbsp;con respecto al&nbsp;<strong>l\u00edder, el neerland\u00e9s Max Verstappen.<\/strong><\/p>\n\n\n\n<p><strong>La gran novedad del fin de semana fue la floja clasificaci\u00f3n que tuvo el brit\u00e1nico Lando Norris<\/strong>, segundo en el campeonato, que este domingo largar\u00e1 en la decimos\u00e9ptima posici\u00f3n.<\/p>\n\n\n\n<p>Con esta gran clasificaci\u00f3n,&nbsp;<strong>Colapinto tendr\u00e1 serias chances de sumar puntos en su segunda carrera en la F\u00f3rmula 1<\/strong>. Su debut fue hace dos fines de semana, con un destacable duod\u00e9cimo puesto en el GP de Italia, que se corri\u00f3 en el hist\u00f3rico circuito de Monza.<\/p>\n\n\n\n<h4 class=\"wp-block-heading\">As\u00ed se largar\u00e1 el domingo en el Gran Premio de Azerbaiy\u00e1n:<\/h4>\n\n\n\n<p><strong>1- Charles Leclerc (Ferrari)<\/strong><\/p>\n\n\n\n<p>2- Oscar Piastri (McLaren)<\/p>\n\n\n\n<p>3- Carlos Sainz (Ferrari)<\/p>\n\n\n\n<p>4- Sergio P\u00e9rez (Red Bull)<\/p>\n\n\n\n<p>5- George Russell (Mercedes)<\/p>\n\n\n\n<p>6- Max Verstappen (Red Bull)<\/p>\n\n\n\n<p>7- Lewis Hamilton (Mercedes)<\/p>\n\n\n\n<p>8- Fernando Alonso (Aston Martin)<\/p>\n\n\n\n<p><strong>9- Franco Colapinto (Williams)<\/strong><\/p>\n\n\n\n<p>10- Alexander Albon (Williams)<\/p>\n\n\n\n<p>11- Bearman (Haas)<\/p>\n\n\n\n<p>12- Tsunoda (RB)<\/p>\n\n\n\n<p>13- Gasly (Alpine)<\/p>\n\n\n\n<p>14- Hulkenberg (Haas)<\/p>\n\n\n\n<p>15- Stroll (Aston Martin)<\/p>\n\n\n\n<p>16- Daniel Ricciardo (RB)<\/p>\n\n\n\n<p>17- Lando Norris (McLaren)<\/p>\n\n\n\n<p>18- Bottas (Kick Sauber)<\/p>\n\n\n\n<p>19- Esteban Ocon (Alpine)<\/p>\n\n\n\n<p>20- Guanyu Zhou (Kick Sauber)<\/p>\n\n\n\n<p><\/p>\n","protected":false},"excerpt":{"rendered":"<p>El piloto argentino de F\u00f3rmula 1, Franco&nbsp;Colapinto,&nbsp;tuvo una gran clasificaci\u00f3n y largar\u00e1 noveno en el Gran Premio de Azerbaiy\u00e1n. Colapinto, que corre para la escuder\u00eda Williams,&nbsp;termin\u00f3 en la Qualy 3&hellip;<\/p>\n","protected":false},"author":3,"featured_media":274103,"comment_status":"closed","ping_status":"open","sticky":false,"template":"","format":"standard","meta":{"_acf_changed":false,"footnotes":""},"categories":[1,3],"tags":[],"class_list":["post-275225","post","type-post","status-publish","format-standard","has-post-thumbnail","hentry","category-es-noticia","category-deportes"],"acf":[],"yoast_head":"<!-- This site is optimized with the Yoast SEO plugin v27.5 - https:\/\/yoast.com\/product\/yoast-seo-wordpress\/ -->\n<title>Colapinto tuvo una gran clasificaci\u00f3n y largar\u00e1 noveno en el GP de Azerbaiy\u00e1n - Diario Textual<\/title>\n<meta name=\"robots\" content=\"index, follow, max-snippet:-1, max-image-preview:large, max-video-preview:-1\" \/>\n<link rel=\"canonical\" href=\"https:\/\/diariotextual.com\/inicio\/index.php\/2024\/09\/14\/colapinto-tuvo-una-gran-clasificacion-y-largara-noveno-en-el-gp-de-azerbaiyan\/\" \/>\n<meta property=\"og:locale\" content=\"es_ES\" \/>\n<meta property=\"og:type\" content=\"article\" \/>\n<meta property=\"og:title\" content=\"Colapinto tuvo una gran clasificaci\u00f3n y largar\u00e1 noveno en el GP de Azerbaiy\u00e1n - Diario Textual\" \/>\n<meta property=\"og:description\" content=\"El piloto argentino de F\u00f3rmula 1, Franco&nbsp;Colapinto,&nbsp;tuvo una gran clasificaci\u00f3n y largar\u00e1 noveno en el Gran Premio de Azerbaiy\u00e1n. Colapinto, que corre para la escuder\u00eda Williams,&nbsp;termin\u00f3 en la Qualy 3&hellip;\" \/>\n<meta property=\"og:url\" content=\"https:\/\/diariotextual.com\/inicio\/index.php\/2024\/09\/14\/colapinto-tuvo-una-gran-clasificacion-y-largara-noveno-en-el-gp-de-azerbaiyan\/\" \/>\n<meta property=\"og:site_name\" content=\"Diario Textual\" \/>\n<meta property=\"article:publisher\" content=\"https:\/\/www.facebook.com\/eltextual\" \/>\n<meta property=\"article:published_time\" content=\"2024-09-14T13:28:26+00:00\" \/>\n<meta property=\"article:modified_time\" content=\"2024-09-14T21:32:23+00:00\" \/>\n<meta property=\"og:image\" content=\"https:\/\/diariotextual.com\/inicio\/wp-content\/uploads\/2024\/08\/colapintoautof12024.jpg\" \/>\n\t<meta property=\"og:image:width\" content=\"789\" \/>\n\t<meta property=\"og:image:height\" content=\"442\" \/>\n\t<meta property=\"og:image:type\" content=\"image\/jpeg\" \/>\n<meta name=\"author\" content=\"Diario1 Diario1\" \/>\n<meta name=\"twitter:card\" content=\"summary_large_image\" \/>\n<meta name=\"twitter:creator\" content=\"@eltextual\" \/>\n<meta name=\"twitter:site\" content=\"@eltextual\" \/>\n<meta name=\"twitter:label1\" content=\"Escrito por\" \/>\n\t<meta name=\"twitter:data1\" content=\"Diario1 Diario1\" \/>\n\t<meta name=\"twitter:label2\" content=\"Tiempo de lectura\" \/>\n\t<meta name=\"twitter:data2\" content=\"3 minutos\" \/>\n<script type=\"application\/ld+json\" class=\"yoast-schema-graph\">{\"@context\":\"https:\\\/\\\/schema.org\",\"@graph\":[{\"@type\":\"Article\",\"@id\":\"https:\\\/\\\/diariotextual.com\\\/inicio\\\/index.php\\\/2024\\\/09\\\/14\\\/colapinto-tuvo-una-gran-clasificacion-y-largara-noveno-en-el-gp-de-azerbaiyan\\\/#article\",\"isPartOf\":{\"@id\":\"https:\\\/\\\/diariotextual.com\\\/inicio\\\/index.php\\\/2024\\\/09\\\/14\\\/colapinto-tuvo-una-gran-clasificacion-y-largara-noveno-en-el-gp-de-azerbaiyan\\\/\"},\"author\":{\"name\":\"Diario1 Diario1\",\"@id\":\"https:\\\/\\\/diariotextual.com\\\/inicio\\\/#\\\/schema\\\/person\\\/418fc4093c33e86ed41562db3508f958\"},\"headline\":\"Colapinto tuvo una gran clasificaci\u00f3n y largar\u00e1 noveno en el GP de Azerbaiy\u00e1n\",\"datePublished\":\"2024-09-14T13:28:26+00:00\",\"dateModified\":\"2024-09-14T21:32:23+00:00\",\"mainEntityOfPage\":{\"@id\":\"https:\\\/\\\/diariotextual.com\\\/inicio\\\/index.php\\\/2024\\\/09\\\/14\\\/colapinto-tuvo-una-gran-clasificacion-y-largara-noveno-en-el-gp-de-azerbaiyan\\\/\"},\"wordCount\":526,\"publisher\":{\"@id\":\"https:\\\/\\\/diariotextual.com\\\/inicio\\\/#organization\"},\"image\":{\"@id\":\"https:\\\/\\\/diariotextual.com\\\/inicio\\\/index.php\\\/2024\\\/09\\\/14\\\/colapinto-tuvo-una-gran-clasificacion-y-largara-noveno-en-el-gp-de-azerbaiyan\\\/#primaryimage\"},\"thumbnailUrl\":\"https:\\\/\\\/diariotextual.com\\\/inicio\\\/wp-content\\\/uploads\\\/2024\\\/08\\\/colapintoautof12024.jpg\",\"articleSection\":[\"A - ES NOTICIA (van abajo)\",\"DEPORTES\"],\"inLanguage\":\"es\"},{\"@type\":\"WebPage\",\"@id\":\"https:\\\/\\\/diariotextual.com\\\/inicio\\\/index.php\\\/2024\\\/09\\\/14\\\/colapinto-tuvo-una-gran-clasificacion-y-largara-noveno-en-el-gp-de-azerbaiyan\\\/\",\"url\":\"https:\\\/\\\/diariotextual.com\\\/inicio\\\/index.php\\\/2024\\\/09\\\/14\\\/colapinto-tuvo-una-gran-clasificacion-y-largara-noveno-en-el-gp-de-azerbaiyan\\\/\",\"name\":\"Colapinto tuvo una gran clasificaci\u00f3n y largar\u00e1 noveno en el GP de Azerbaiy\u00e1n - Diario Textual\",\"isPartOf\":{\"@id\":\"https:\\\/\\\/diariotextual.com\\\/inicio\\\/#website\"},\"primaryImageOfPage\":{\"@id\":\"https:\\\/\\\/diariotextual.com\\\/inicio\\\/index.php\\\/2024\\\/09\\\/14\\\/colapinto-tuvo-una-gran-clasificacion-y-largara-noveno-en-el-gp-de-azerbaiyan\\\/#primaryimage\"},\"image\":{\"@id\":\"https:\\\/\\\/diariotextual.com\\\/inicio\\\/index.php\\\/2024\\\/09\\\/14\\\/colapinto-tuvo-una-gran-clasificacion-y-largara-noveno-en-el-gp-de-azerbaiyan\\\/#primaryimage\"},\"thumbnailUrl\":\"https:\\\/\\\/diariotextual.com\\\/inicio\\\/wp-content\\\/uploads\\\/2024\\\/08\\\/colapintoautof12024.jpg\",\"datePublished\":\"2024-09-14T13:28:26+00:00\",\"dateModified\":\"2024-09-14T21:32:23+00:00\",\"breadcrumb\":{\"@id\":\"https:\\\/\\\/diariotextual.com\\\/inicio\\\/index.php\\\/2024\\\/09\\\/14\\\/colapinto-tuvo-una-gran-clasificacion-y-largara-noveno-en-el-gp-de-azerbaiyan\\\/#breadcrumb\"},\"inLanguage\":\"es\",\"potentialAction\":[{\"@type\":\"ReadAction\",\"target\":[\"https:\\\/\\\/diariotextual.com\\\/inicio\\\/index.php\\\/2024\\\/09\\\/14\\\/colapinto-tuvo-una-gran-clasificacion-y-largara-noveno-en-el-gp-de-azerbaiyan\\\/\"]}]},{\"@type\":\"ImageObject\",\"inLanguage\":\"es\",\"@id\":\"https:\\\/\\\/diariotextual.com\\\/inicio\\\/index.php\\\/2024\\\/09\\\/14\\\/colapinto-tuvo-una-gran-clasificacion-y-largara-noveno-en-el-gp-de-azerbaiyan\\\/#primaryimage\",\"url\":\"https:\\\/\\\/diariotextual.com\\\/inicio\\\/wp-content\\\/uploads\\\/2024\\\/08\\\/colapintoautof12024.jpg\",\"contentUrl\":\"https:\\\/\\\/diariotextual.com\\\/inicio\\\/wp-content\\\/uploads\\\/2024\\\/08\\\/colapintoautof12024.jpg\",\"width\":789,\"height\":442},{\"@type\":\"BreadcrumbList\",\"@id\":\"https:\\\/\\\/diariotextual.com\\\/inicio\\\/index.php\\\/2024\\\/09\\\/14\\\/colapinto-tuvo-una-gran-clasificacion-y-largara-noveno-en-el-gp-de-azerbaiyan\\\/#breadcrumb\",\"itemListElement\":[{\"@type\":\"ListItem\",\"position\":1,\"name\":\"Portada\",\"item\":\"https:\\\/\\\/diariotextual.com\\\/inicio\\\/\"},{\"@type\":\"ListItem\",\"position\":2,\"name\":\"Colapinto tuvo una gran clasificaci\u00f3n y largar\u00e1 noveno en el GP de Azerbaiy\u00e1n\"}]},{\"@type\":\"WebSite\",\"@id\":\"https:\\\/\\\/diariotextual.com\\\/inicio\\\/#website\",\"url\":\"https:\\\/\\\/diariotextual.com\\\/inicio\\\/\",\"name\":\"Diario Textual\",\"description\":\"\",\"publisher\":{\"@id\":\"https:\\\/\\\/diariotextual.com\\\/inicio\\\/#organization\"},\"potentialAction\":[{\"@type\":\"SearchAction\",\"target\":{\"@type\":\"EntryPoint\",\"urlTemplate\":\"https:\\\/\\\/diariotextual.com\\\/inicio\\\/?s={search_term_string}\"},\"query-input\":{\"@type\":\"PropertyValueSpecification\",\"valueRequired\":true,\"valueName\":\"search_term_string\"}}],\"inLanguage\":\"es\"},{\"@type\":\"Organization\",\"@id\":\"https:\\\/\\\/diariotextual.com\\\/inicio\\\/#organization\",\"name\":\"Diario Textual\",\"url\":\"https:\\\/\\\/diariotextual.com\\\/inicio\\\/\",\"logo\":{\"@type\":\"ImageObject\",\"inLanguage\":\"es\",\"@id\":\"https:\\\/\\\/diariotextual.com\\\/inicio\\\/#\\\/schema\\\/logo\\\/image\\\/\",\"url\":\"https:\\\/\\\/diariotextual.com\\\/inicio\\\/wp-content\\\/uploads\\\/2023\\\/05\\\/logotextual1.jpg\",\"contentUrl\":\"https:\\\/\\\/diariotextual.com\\\/inicio\\\/wp-content\\\/uploads\\\/2023\\\/05\\\/logotextual1.jpg\",\"width\":516,\"height\":76,\"caption\":\"Diario Textual\"},\"image\":{\"@id\":\"https:\\\/\\\/diariotextual.com\\\/inicio\\\/#\\\/schema\\\/logo\\\/image\\\/\"},\"sameAs\":[\"https:\\\/\\\/www.facebook.com\\\/eltextual\",\"https:\\\/\\\/x.com\\\/eltextual\",\"http:\\\/\\\/www.instagram.com\\\/eltextual\"]},{\"@type\":\"Person\",\"@id\":\"https:\\\/\\\/diariotextual.com\\\/inicio\\\/#\\\/schema\\\/person\\\/418fc4093c33e86ed41562db3508f958\",\"name\":\"Diario1 Diario1\",\"image\":{\"@type\":\"ImageObject\",\"inLanguage\":\"es\",\"@id\":\"https:\\\/\\\/secure.gravatar.com\\\/avatar\\\/9167d280179c85bc18be67aa7eda765854300033af4896dd779b608640f2ef7a?s=96&d=mm&r=g\",\"url\":\"https:\\\/\\\/secure.gravatar.com\\\/avatar\\\/9167d280179c85bc18be67aa7eda765854300033af4896dd779b608640f2ef7a?s=96&d=mm&r=g\",\"contentUrl\":\"https:\\\/\\\/secure.gravatar.com\\\/avatar\\\/9167d280179c85bc18be67aa7eda765854300033af4896dd779b608640f2ef7a?s=96&d=mm&r=g\",\"caption\":\"Diario1 Diario1\"},\"url\":\"https:\\\/\\\/diariotextual.com\\\/inicio\\\/index.php\\\/author\\\/diario1\\\/\"}]}<\/script>\n<!-- \/ Yoast SEO plugin. -->","yoast_head_json":{"title":"Colapinto tuvo una gran clasificaci\u00f3n y largar\u00e1 noveno en el GP de Azerbaiy\u00e1n - Diario Textual","robots":{"index":"index","follow":"follow","max-snippet":"max-snippet:-1","max-image-preview":"max-image-preview:large","max-video-preview":"max-video-preview:-1"},"canonical":"https:\/\/diariotextual.com\/inicio\/index.php\/2024\/09\/14\/colapinto-tuvo-una-gran-clasificacion-y-largara-noveno-en-el-gp-de-azerbaiyan\/","og_locale":"es_ES","og_type":"article","og_title":"Colapinto tuvo una gran clasificaci\u00f3n y largar\u00e1 noveno en el GP de Azerbaiy\u00e1n - Diario Textual","og_description":"El piloto argentino de F\u00f3rmula 1, Franco&nbsp;Colapinto,&nbsp;tuvo una gran clasificaci\u00f3n y largar\u00e1 noveno en el Gran Premio de Azerbaiy\u00e1n. Colapinto, que corre para la escuder\u00eda Williams,&nbsp;termin\u00f3 en la Qualy 3&hellip;","og_url":"https:\/\/diariotextual.com\/inicio\/index.php\/2024\/09\/14\/colapinto-tuvo-una-gran-clasificacion-y-largara-noveno-en-el-gp-de-azerbaiyan\/","og_site_name":"Diario Textual","article_publisher":"https:\/\/www.facebook.com\/eltextual","article_published_time":"2024-09-14T13:28:26+00:00","article_modified_time":"2024-09-14T21:32:23+00:00","og_image":[{"width":789,"height":442,"url":"https:\/\/diariotextual.com\/inicio\/wp-content\/uploads\/2024\/08\/colapintoautof12024.jpg","type":"image\/jpeg"}],"author":"Diario1 Diario1","twitter_card":"summary_large_image","twitter_creator":"@eltextual","twitter_site":"@eltextual","twitter_misc":{"Escrito por":"Diario1 Diario1","Tiempo de lectura":"3 minutos"},"schema":{"@context":"https:\/\/schema.org","@graph":[{"@type":"Article","@id":"https:\/\/diariotextual.com\/inicio\/index.php\/2024\/09\/14\/colapinto-tuvo-una-gran-clasificacion-y-largara-noveno-en-el-gp-de-azerbaiyan\/#article","isPartOf":{"@id":"https:\/\/diariotextual.com\/inicio\/index.php\/2024\/09\/14\/colapinto-tuvo-una-gran-clasificacion-y-largara-noveno-en-el-gp-de-azerbaiyan\/"},"author":{"name":"Diario1 Diario1","@id":"https:\/\/diariotextual.com\/inicio\/#\/schema\/person\/418fc4093c33e86ed41562db3508f958"},"headline":"Colapinto tuvo una gran clasificaci\u00f3n y largar\u00e1 noveno en el GP de Azerbaiy\u00e1n","datePublished":"2024-09-14T13:28:26+00:00","dateModified":"2024-09-14T21:32:23+00:00","mainEntityOfPage":{"@id":"https:\/\/diariotextual.com\/inicio\/index.php\/2024\/09\/14\/colapinto-tuvo-una-gran-clasificacion-y-largara-noveno-en-el-gp-de-azerbaiyan\/"},"wordCount":526,"publisher":{"@id":"https:\/\/diariotextual.com\/inicio\/#organization"},"image":{"@id":"https:\/\/diariotextual.com\/inicio\/index.php\/2024\/09\/14\/colapinto-tuvo-una-gran-clasificacion-y-largara-noveno-en-el-gp-de-azerbaiyan\/#primaryimage"},"thumbnailUrl":"https:\/\/diariotextual.com\/inicio\/wp-content\/uploads\/2024\/08\/colapintoautof12024.jpg","articleSection":["A - ES NOTICIA (van abajo)","DEPORTES"],"inLanguage":"es"},{"@type":"WebPage","@id":"https:\/\/diariotextual.com\/inicio\/index.php\/2024\/09\/14\/colapinto-tuvo-una-gran-clasificacion-y-largara-noveno-en-el-gp-de-azerbaiyan\/","url":"https:\/\/diariotextual.com\/inicio\/index.php\/2024\/09\/14\/colapinto-tuvo-una-gran-clasificacion-y-largara-noveno-en-el-gp-de-azerbaiyan\/","name":"Colapinto tuvo una gran clasificaci\u00f3n y largar\u00e1 noveno en el GP de Azerbaiy\u00e1n - Diario Textual","isPartOf":{"@id":"https:\/\/diariotextual.com\/inicio\/#website"},"primaryImageOfPage":{"@id":"https:\/\/diariotextual.com\/inicio\/index.php\/2024\/09\/14\/colapinto-tuvo-una-gran-clasificacion-y-largara-noveno-en-el-gp-de-azerbaiyan\/#primaryimage"},"image":{"@id":"https:\/\/diariotextual.com\/inicio\/index.php\/2024\/09\/14\/colapinto-tuvo-una-gran-clasificacion-y-largara-noveno-en-el-gp-de-azerbaiyan\/#primaryimage"},"thumbnailUrl":"https:\/\/diariotextual.com\/inicio\/wp-content\/uploads\/2024\/08\/colapintoautof12024.jpg","datePublished":"2024-09-14T13:28:26+00:00","dateModified":"2024-09-14T21:32:23+00:00","breadcrumb":{"@id":"https:\/\/diariotextual.com\/inicio\/index.php\/2024\/09\/14\/colapinto-tuvo-una-gran-clasificacion-y-largara-noveno-en-el-gp-de-azerbaiyan\/#breadcrumb"},"inLanguage":"es","potentialAction":[{"@type":"ReadAction","target":["https:\/\/diariotextual.com\/inicio\/index.php\/2024\/09\/14\/colapinto-tuvo-una-gran-clasificacion-y-largara-noveno-en-el-gp-de-azerbaiyan\/"]}]},{"@type":"ImageObject","inLanguage":"es","@id":"https:\/\/diariotextual.com\/inicio\/index.php\/2024\/09\/14\/colapinto-tuvo-una-gran-clasificacion-y-largara-noveno-en-el-gp-de-azerbaiyan\/#primaryimage","url":"https:\/\/diariotextual.com\/inicio\/wp-content\/uploads\/2024\/08\/colapintoautof12024.jpg","contentUrl":"https:\/\/diariotextual.com\/inicio\/wp-content\/uploads\/2024\/08\/colapintoautof12024.jpg","width":789,"height":442},{"@type":"BreadcrumbList","@id":"https:\/\/diariotextual.com\/inicio\/index.php\/2024\/09\/14\/colapinto-tuvo-una-gran-clasificacion-y-largara-noveno-en-el-gp-de-azerbaiyan\/#breadcrumb","itemListElement":[{"@type":"ListItem","position":1,"name":"Portada","item":"https:\/\/diariotextual.com\/inicio\/"},{"@type":"ListItem","position":2,"name":"Colapinto tuvo una gran clasificaci\u00f3n y largar\u00e1 noveno en el GP de Azerbaiy\u00e1n"}]},{"@type":"WebSite","@id":"https:\/\/diariotextual.com\/inicio\/#website","url":"https:\/\/diariotextual.com\/inicio\/","name":"Diario Textual","description":"","publisher":{"@id":"https:\/\/diariotextual.com\/inicio\/#organization"},"potentialAction":[{"@type":"SearchAction","target":{"@type":"EntryPoint","urlTemplate":"https:\/\/diariotextual.com\/inicio\/?s={search_term_string}"},"query-input":{"@type":"PropertyValueSpecification","valueRequired":true,"valueName":"search_term_string"}}],"inLanguage":"es"},{"@type":"Organization","@id":"https:\/\/diariotextual.com\/inicio\/#organization","name":"Diario Textual","url":"https:\/\/diariotextual.com\/inicio\/","logo":{"@type":"ImageObject","inLanguage":"es","@id":"https:\/\/diariotextual.com\/inicio\/#\/schema\/logo\/image\/","url":"https:\/\/diariotextual.com\/inicio\/wp-content\/uploads\/2023\/05\/logotextual1.jpg","contentUrl":"https:\/\/diariotextual.com\/inicio\/wp-content\/uploads\/2023\/05\/logotextual1.jpg","width":516,"height":76,"caption":"Diario Textual"},"image":{"@id":"https:\/\/diariotextual.com\/inicio\/#\/schema\/logo\/image\/"},"sameAs":["https:\/\/www.facebook.com\/eltextual","https:\/\/x.com\/eltextual","http:\/\/www.instagram.com\/eltextual"]},{"@type":"Person","@id":"https:\/\/diariotextual.com\/inicio\/#\/schema\/person\/418fc4093c33e86ed41562db3508f958","name":"Diario1 Diario1","image":{"@type":"ImageObject","inLanguage":"es","@id":"https:\/\/secure.gravatar.com\/avatar\/9167d280179c85bc18be67aa7eda765854300033af4896dd779b608640f2ef7a?s=96&d=mm&r=g","url":"https:\/\/secure.gravatar.com\/avatar\/9167d280179c85bc18be67aa7eda765854300033af4896dd779b608640f2ef7a?s=96&d=mm&r=g","contentUrl":"https:\/\/secure.gravatar.com\/avatar\/9167d280179c85bc18be67aa7eda765854300033af4896dd779b608640f2ef7a?s=96&d=mm&r=g","caption":"Diario1 Diario1"},"url":"https:\/\/diariotextual.com\/inicio\/index.php\/author\/diario1\/"}]}},"_links":{"self":[{"href":"https:\/\/diariotextual.com\/inicio\/index.php\/wp-json\/wp\/v2\/posts\/275225","targetHints":{"allow":["GET"]}}],"collection":[{"href":"https:\/\/diariotextual.com\/inicio\/index.php\/wp-json\/wp\/v2\/posts"}],"about":[{"href":"https:\/\/diariotextual.com\/inicio\/index.php\/wp-json\/wp\/v2\/types\/post"}],"author":[{"embeddable":true,"href":"https:\/\/diariotextual.com\/inicio\/index.php\/wp-json\/wp\/v2\/users\/3"}],"replies":[{"embeddable":true,"href":"https:\/\/diariotextual.com\/inicio\/index.php\/wp-json\/wp\/v2\/comments?post=275225"}],"version-history":[{"count":1,"href":"https:\/\/diariotextual.com\/inicio\/index.php\/wp-json\/wp\/v2\/posts\/275225\/revisions"}],"predecessor-version":[{"id":275226,"href":"https:\/\/diariotextual.com\/inicio\/index.php\/wp-json\/wp\/v2\/posts\/275225\/revisions\/275226"}],"wp:featuredmedia":[{"embeddable":true,"href":"https:\/\/diariotextual.com\/inicio\/index.php\/wp-json\/wp\/v2\/media\/274103"}],"wp:attachment":[{"href":"https:\/\/diariotextual.com\/inicio\/index.php\/wp-json\/wp\/v2\/media?parent=275225"}],"wp:term":[{"taxonomy":"category","embeddable":true,"href":"https:\/\/diariotextual.com\/inicio\/index.php\/wp-json\/wp\/v2\/categories?post=275225"},{"taxonomy":"post_tag","embeddable":true,"href":"https:\/\/diariotextual.com\/inicio\/index.php\/wp-json\/wp\/v2\/tags?post=275225"}],"curies":[{"name":"wp","href":"https:\/\/api.w.org\/{rel}","templated":true}]}}