{"id":275230,"date":"2024-09-14T18:31:30","date_gmt":"2024-09-14T21:31:30","guid":{"rendered":"https:\/\/diariotextual.com\/inicio\/?p=275230"},"modified":"2024-09-14T18:31:34","modified_gmt":"2024-09-14T21:31:34","slug":"los-inesperados-elogios-de-miguel-angel-pichetto-a-cristina-fernandez-de-kirchner","status":"publish","type":"post","link":"https:\/\/diariotextual.com\/inicio\/index.php\/2024\/09\/14\/los-inesperados-elogios-de-miguel-angel-pichetto-a-cristina-fernandez-de-kirchner\/","title":{"rendered":"Los inesperados elogios de Miguel \u00c1ngel Pichetto a Cristina Fern\u00e1ndez de Kirchner"},"content":{"rendered":"\n<p><strong>Miguel \u00c1ngel Pichetto se refiri\u00f3 este s\u00e1bado a la presencia que realiz\u00f3 Cristina Fern\u00e1ndez de Kirchner en la Universidad Nacional del Oeste el viernes y destac\u00f3 su \u201cactitud y habilidad\u201d para intentar recobrar la \u201ccentralidad\u201d del peronismo ante la falta de liderazgos en el espacio. Tambi\u00e9n consider\u00f3 que el Gobierno \u201chace un gran esfuerzo\u201d para potenciar su antagonismo con la expresidenta.<\/strong><\/p>\n\n\n\n<p>En di\u00e1logo por AM 750, el diputado nacional de Encuentro Federal puntualiz\u00f3 sobre la aparici\u00f3n de la exmandataria en Merlo. \u201cVeo algunas aristas de autocr\u00edtica en Cristina Fern\u00e1ndez que me parecen saludables, de la no comprensi\u00f3n del peronismo del mundo que vive\u201d, dijo.<\/p>\n\n\n\n<p>Seg\u00fan opin\u00f3 el legislador, la dirigente lanz\u00f3 \u201cun mensaje hacia adentro de la propia C\u00e1mpora, con ideas que son totalmente desactualizadas\u201d.<\/p>\n\n\n\n<p>De todas formas, Pichetto le achac\u00f3 a la expresidenta que \u201comite\u201d los cuatro a\u00f1os de Alberto Fern\u00e1ndez, \u201cque fue producto de una decisi\u00f3n que ella tom\u00f3\u201d. \u201cTiene la gran capacidad de olvidar lo reciente. En eso hay que reconocerle actitud y habilidad\u201d, repar\u00f3.<\/p>\n\n\n\n<p>En ese sentido, tambi\u00e9n le atribuy\u00f3 al oficialismo un intento de mantener en la centralidad a la exvicepresidenta. \u201cEl Gobierno hace un gran esfuerzo para poner a Cristina en la centralidad y ella lo aprovecha\u201d, dijo.<\/p>\n\n\n\n<p>\u201cCristina en ese sentido aprovecha ese espacio para tener centralidad hacia dentro de su partido que hoy carece. Est\u00e1 tratando de retomar el camino del liderazgo pol\u00edtico (&#8230;) Es \u00f3ptimo para un opositor estar en la centralidad de la discusi\u00f3n con un presidente\u201d, concluy\u00f3.<\/p>\n\n\n\n<p><\/p>\n","protected":false},"excerpt":{"rendered":"<p>Miguel \u00c1ngel Pichetto se refiri\u00f3 este s\u00e1bado a la presencia que realiz\u00f3 Cristina Fern\u00e1ndez de Kirchner en la Universidad Nacional del Oeste el viernes y destac\u00f3 su \u201cactitud y habilidad\u201d&hellip;<\/p>\n","protected":false},"author":3,"featured_media":51754,"comment_status":"closed","ping_status":"open","sticky":false,"template":"","format":"standard","meta":{"_acf_changed":false,"footnotes":""},"categories":[4,8],"tags":[],"class_list":["post-275230","post","type-post","status-publish","format-standard","has-post-thumbnail","hentry","category-destacadas","category-politica"],"acf":[],"yoast_head":"<!-- This site is optimized with the Yoast SEO plugin v27.4 - https:\/\/yoast.com\/product\/yoast-seo-wordpress\/ -->\n<title>Los inesperados elogios de Miguel \u00c1ngel Pichetto a Cristina Fern\u00e1ndez de Kirchner - Diario Textual<\/title>\n<meta name=\"robots\" content=\"index, follow, max-snippet:-1, max-image-preview:large, max-video-preview:-1\" \/>\n<link rel=\"canonical\" href=\"https:\/\/diariotextual.com\/inicio\/index.php\/2024\/09\/14\/los-inesperados-elogios-de-miguel-angel-pichetto-a-cristina-fernandez-de-kirchner\/\" \/>\n<meta property=\"og:locale\" content=\"es_ES\" \/>\n<meta property=\"og:type\" content=\"article\" \/>\n<meta property=\"og:title\" content=\"Los inesperados elogios de Miguel \u00c1ngel Pichetto a Cristina Fern\u00e1ndez de Kirchner - Diario Textual\" \/>\n<meta property=\"og:description\" content=\"Miguel \u00c1ngel Pichetto se refiri\u00f3 este s\u00e1bado a la presencia que realiz\u00f3 Cristina Fern\u00e1ndez de Kirchner en la Universidad Nacional del Oeste el viernes y destac\u00f3 su \u201cactitud y habilidad\u201d&hellip;\" \/>\n<meta property=\"og:url\" content=\"https:\/\/diariotextual.com\/inicio\/index.php\/2024\/09\/14\/los-inesperados-elogios-de-miguel-angel-pichetto-a-cristina-fernandez-de-kirchner\/\" \/>\n<meta property=\"og:site_name\" content=\"Diario Textual\" \/>\n<meta property=\"article:publisher\" content=\"https:\/\/www.facebook.com\/eltextual\" \/>\n<meta property=\"article:published_time\" content=\"2024-09-14T21:31:30+00:00\" \/>\n<meta property=\"article:modified_time\" content=\"2024-09-14T21:31:34+00:00\" \/>\n<meta property=\"og:image\" content=\"https:\/\/diariotextual.com\/inicio\/wp-content\/uploads\/2019\/06\/pichettomiguel88888.jpg\" \/>\n\t<meta property=\"og:image:width\" content=\"1200\" \/>\n\t<meta property=\"og:image:height\" content=\"762\" \/>\n\t<meta property=\"og:image:type\" content=\"image\/jpeg\" \/>\n<meta name=\"author\" content=\"Diario1 Diario1\" \/>\n<meta name=\"twitter:card\" content=\"summary_large_image\" \/>\n<meta name=\"twitter:creator\" content=\"@eltextual\" \/>\n<meta name=\"twitter:site\" content=\"@eltextual\" \/>\n<meta name=\"twitter:label1\" content=\"Escrito por\" \/>\n\t<meta name=\"twitter:data1\" content=\"Diario1 Diario1\" \/>\n\t<meta name=\"twitter:label2\" content=\"Tiempo de lectura\" \/>\n\t<meta name=\"twitter:data2\" content=\"2 minutos\" \/>\n<script type=\"application\/ld+json\" class=\"yoast-schema-graph\">{\"@context\":\"https:\\\/\\\/schema.org\",\"@graph\":[{\"@type\":\"Article\",\"@id\":\"https:\\\/\\\/diariotextual.com\\\/inicio\\\/index.php\\\/2024\\\/09\\\/14\\\/los-inesperados-elogios-de-miguel-angel-pichetto-a-cristina-fernandez-de-kirchner\\\/#article\",\"isPartOf\":{\"@id\":\"https:\\\/\\\/diariotextual.com\\\/inicio\\\/index.php\\\/2024\\\/09\\\/14\\\/los-inesperados-elogios-de-miguel-angel-pichetto-a-cristina-fernandez-de-kirchner\\\/\"},\"author\":{\"name\":\"Diario1 Diario1\",\"@id\":\"https:\\\/\\\/diariotextual.com\\\/inicio\\\/#\\\/schema\\\/person\\\/418fc4093c33e86ed41562db3508f958\"},\"headline\":\"Los inesperados elogios de Miguel \u00c1ngel Pichetto a Cristina Fern\u00e1ndez de Kirchner\",\"datePublished\":\"2024-09-14T21:31:30+00:00\",\"dateModified\":\"2024-09-14T21:31:34+00:00\",\"mainEntityOfPage\":{\"@id\":\"https:\\\/\\\/diariotextual.com\\\/inicio\\\/index.php\\\/2024\\\/09\\\/14\\\/los-inesperados-elogios-de-miguel-angel-pichetto-a-cristina-fernandez-de-kirchner\\\/\"},\"wordCount\":275,\"publisher\":{\"@id\":\"https:\\\/\\\/diariotextual.com\\\/inicio\\\/#organization\"},\"image\":{\"@id\":\"https:\\\/\\\/diariotextual.com\\\/inicio\\\/index.php\\\/2024\\\/09\\\/14\\\/los-inesperados-elogios-de-miguel-angel-pichetto-a-cristina-fernandez-de-kirchner\\\/#primaryimage\"},\"thumbnailUrl\":\"https:\\\/\\\/diariotextual.com\\\/inicio\\\/wp-content\\\/uploads\\\/2019\\\/06\\\/pichettomiguel88888.jpg\",\"articleSection\":[\"A - DESTACADAS (mod 16)\",\"POLITICA\"],\"inLanguage\":\"es\"},{\"@type\":\"WebPage\",\"@id\":\"https:\\\/\\\/diariotextual.com\\\/inicio\\\/index.php\\\/2024\\\/09\\\/14\\\/los-inesperados-elogios-de-miguel-angel-pichetto-a-cristina-fernandez-de-kirchner\\\/\",\"url\":\"https:\\\/\\\/diariotextual.com\\\/inicio\\\/index.php\\\/2024\\\/09\\\/14\\\/los-inesperados-elogios-de-miguel-angel-pichetto-a-cristina-fernandez-de-kirchner\\\/\",\"name\":\"Los inesperados elogios de Miguel \u00c1ngel Pichetto a Cristina Fern\u00e1ndez de Kirchner - Diario Textual\",\"isPartOf\":{\"@id\":\"https:\\\/\\\/diariotextual.com\\\/inicio\\\/#website\"},\"primaryImageOfPage\":{\"@id\":\"https:\\\/\\\/diariotextual.com\\\/inicio\\\/index.php\\\/2024\\\/09\\\/14\\\/los-inesperados-elogios-de-miguel-angel-pichetto-a-cristina-fernandez-de-kirchner\\\/#primaryimage\"},\"image\":{\"@id\":\"https:\\\/\\\/diariotextual.com\\\/inicio\\\/index.php\\\/2024\\\/09\\\/14\\\/los-inesperados-elogios-de-miguel-angel-pichetto-a-cristina-fernandez-de-kirchner\\\/#primaryimage\"},\"thumbnailUrl\":\"https:\\\/\\\/diariotextual.com\\\/inicio\\\/wp-content\\\/uploads\\\/2019\\\/06\\\/pichettomiguel88888.jpg\",\"datePublished\":\"2024-09-14T21:31:30+00:00\",\"dateModified\":\"2024-09-14T21:31:34+00:00\",\"breadcrumb\":{\"@id\":\"https:\\\/\\\/diariotextual.com\\\/inicio\\\/index.php\\\/2024\\\/09\\\/14\\\/los-inesperados-elogios-de-miguel-angel-pichetto-a-cristina-fernandez-de-kirchner\\\/#breadcrumb\"},\"inLanguage\":\"es\",\"potentialAction\":[{\"@type\":\"ReadAction\",\"target\":[\"https:\\\/\\\/diariotextual.com\\\/inicio\\\/index.php\\\/2024\\\/09\\\/14\\\/los-inesperados-elogios-de-miguel-angel-pichetto-a-cristina-fernandez-de-kirchner\\\/\"]}]},{\"@type\":\"ImageObject\",\"inLanguage\":\"es\",\"@id\":\"https:\\\/\\\/diariotextual.com\\\/inicio\\\/index.php\\\/2024\\\/09\\\/14\\\/los-inesperados-elogios-de-miguel-angel-pichetto-a-cristina-fernandez-de-kirchner\\\/#primaryimage\",\"url\":\"https:\\\/\\\/diariotextual.com\\\/inicio\\\/wp-content\\\/uploads\\\/2019\\\/06\\\/pichettomiguel88888.jpg\",\"contentUrl\":\"https:\\\/\\\/diariotextual.com\\\/inicio\\\/wp-content\\\/uploads\\\/2019\\\/06\\\/pichettomiguel88888.jpg\",\"width\":1200,\"height\":762},{\"@type\":\"BreadcrumbList\",\"@id\":\"https:\\\/\\\/diariotextual.com\\\/inicio\\\/index.php\\\/2024\\\/09\\\/14\\\/los-inesperados-elogios-de-miguel-angel-pichetto-a-cristina-fernandez-de-kirchner\\\/#breadcrumb\",\"itemListElement\":[{\"@type\":\"ListItem\",\"position\":1,\"name\":\"Portada\",\"item\":\"https:\\\/\\\/diariotextual.com\\\/inicio\\\/\"},{\"@type\":\"ListItem\",\"position\":2,\"name\":\"Los inesperados elogios de Miguel \u00c1ngel Pichetto a Cristina Fern\u00e1ndez de Kirchner\"}]},{\"@type\":\"WebSite\",\"@id\":\"https:\\\/\\\/diariotextual.com\\\/inicio\\\/#website\",\"url\":\"https:\\\/\\\/diariotextual.com\\\/inicio\\\/\",\"name\":\"Diario Textual\",\"description\":\"\",\"publisher\":{\"@id\":\"https:\\\/\\\/diariotextual.com\\\/inicio\\\/#organization\"},\"potentialAction\":[{\"@type\":\"SearchAction\",\"target\":{\"@type\":\"EntryPoint\",\"urlTemplate\":\"https:\\\/\\\/diariotextual.com\\\/inicio\\\/?s={search_term_string}\"},\"query-input\":{\"@type\":\"PropertyValueSpecification\",\"valueRequired\":true,\"valueName\":\"search_term_string\"}}],\"inLanguage\":\"es\"},{\"@type\":\"Organization\",\"@id\":\"https:\\\/\\\/diariotextual.com\\\/inicio\\\/#organization\",\"name\":\"Diario Textual\",\"url\":\"https:\\\/\\\/diariotextual.com\\\/inicio\\\/\",\"logo\":{\"@type\":\"ImageObject\",\"inLanguage\":\"es\",\"@id\":\"https:\\\/\\\/diariotextual.com\\\/inicio\\\/#\\\/schema\\\/logo\\\/image\\\/\",\"url\":\"https:\\\/\\\/diariotextual.com\\\/inicio\\\/wp-content\\\/uploads\\\/2023\\\/05\\\/logotextual1.jpg\",\"contentUrl\":\"https:\\\/\\\/diariotextual.com\\\/inicio\\\/wp-content\\\/uploads\\\/2023\\\/05\\\/logotextual1.jpg\",\"width\":516,\"height\":76,\"caption\":\"Diario Textual\"},\"image\":{\"@id\":\"https:\\\/\\\/diariotextual.com\\\/inicio\\\/#\\\/schema\\\/logo\\\/image\\\/\"},\"sameAs\":[\"https:\\\/\\\/www.facebook.com\\\/eltextual\",\"https:\\\/\\\/x.com\\\/eltextual\",\"http:\\\/\\\/www.instagram.com\\\/eltextual\"]},{\"@type\":\"Person\",\"@id\":\"https:\\\/\\\/diariotextual.com\\\/inicio\\\/#\\\/schema\\\/person\\\/418fc4093c33e86ed41562db3508f958\",\"name\":\"Diario1 Diario1\",\"image\":{\"@type\":\"ImageObject\",\"inLanguage\":\"es\",\"@id\":\"https:\\\/\\\/secure.gravatar.com\\\/avatar\\\/9167d280179c85bc18be67aa7eda765854300033af4896dd779b608640f2ef7a?s=96&d=mm&r=g\",\"url\":\"https:\\\/\\\/secure.gravatar.com\\\/avatar\\\/9167d280179c85bc18be67aa7eda765854300033af4896dd779b608640f2ef7a?s=96&d=mm&r=g\",\"contentUrl\":\"https:\\\/\\\/secure.gravatar.com\\\/avatar\\\/9167d280179c85bc18be67aa7eda765854300033af4896dd779b608640f2ef7a?s=96&d=mm&r=g\",\"caption\":\"Diario1 Diario1\"},\"url\":\"https:\\\/\\\/diariotextual.com\\\/inicio\\\/index.php\\\/author\\\/diario1\\\/\"}]}<\/script>\n<!-- \/ Yoast SEO plugin. -->","yoast_head_json":{"title":"Los inesperados elogios de Miguel \u00c1ngel Pichetto a Cristina Fern\u00e1ndez de Kirchner - Diario Textual","robots":{"index":"index","follow":"follow","max-snippet":"max-snippet:-1","max-image-preview":"max-image-preview:large","max-video-preview":"max-video-preview:-1"},"canonical":"https:\/\/diariotextual.com\/inicio\/index.php\/2024\/09\/14\/los-inesperados-elogios-de-miguel-angel-pichetto-a-cristina-fernandez-de-kirchner\/","og_locale":"es_ES","og_type":"article","og_title":"Los inesperados elogios de Miguel \u00c1ngel Pichetto a Cristina Fern\u00e1ndez de Kirchner - Diario Textual","og_description":"Miguel \u00c1ngel Pichetto se refiri\u00f3 este s\u00e1bado a la presencia que realiz\u00f3 Cristina Fern\u00e1ndez de Kirchner en la Universidad Nacional del Oeste el viernes y destac\u00f3 su \u201cactitud y habilidad\u201d&hellip;","og_url":"https:\/\/diariotextual.com\/inicio\/index.php\/2024\/09\/14\/los-inesperados-elogios-de-miguel-angel-pichetto-a-cristina-fernandez-de-kirchner\/","og_site_name":"Diario Textual","article_publisher":"https:\/\/www.facebook.com\/eltextual","article_published_time":"2024-09-14T21:31:30+00:00","article_modified_time":"2024-09-14T21:31:34+00:00","og_image":[{"width":1200,"height":762,"url":"https:\/\/diariotextual.com\/inicio\/wp-content\/uploads\/2019\/06\/pichettomiguel88888.jpg","type":"image\/jpeg"}],"author":"Diario1 Diario1","twitter_card":"summary_large_image","twitter_creator":"@eltextual","twitter_site":"@eltextual","twitter_misc":{"Escrito por":"Diario1 Diario1","Tiempo de lectura":"2 minutos"},"schema":{"@context":"https:\/\/schema.org","@graph":[{"@type":"Article","@id":"https:\/\/diariotextual.com\/inicio\/index.php\/2024\/09\/14\/los-inesperados-elogios-de-miguel-angel-pichetto-a-cristina-fernandez-de-kirchner\/#article","isPartOf":{"@id":"https:\/\/diariotextual.com\/inicio\/index.php\/2024\/09\/14\/los-inesperados-elogios-de-miguel-angel-pichetto-a-cristina-fernandez-de-kirchner\/"},"author":{"name":"Diario1 Diario1","@id":"https:\/\/diariotextual.com\/inicio\/#\/schema\/person\/418fc4093c33e86ed41562db3508f958"},"headline":"Los inesperados elogios de Miguel \u00c1ngel Pichetto a Cristina Fern\u00e1ndez de Kirchner","datePublished":"2024-09-14T21:31:30+00:00","dateModified":"2024-09-14T21:31:34+00:00","mainEntityOfPage":{"@id":"https:\/\/diariotextual.com\/inicio\/index.php\/2024\/09\/14\/los-inesperados-elogios-de-miguel-angel-pichetto-a-cristina-fernandez-de-kirchner\/"},"wordCount":275,"publisher":{"@id":"https:\/\/diariotextual.com\/inicio\/#organization"},"image":{"@id":"https:\/\/diariotextual.com\/inicio\/index.php\/2024\/09\/14\/los-inesperados-elogios-de-miguel-angel-pichetto-a-cristina-fernandez-de-kirchner\/#primaryimage"},"thumbnailUrl":"https:\/\/diariotextual.com\/inicio\/wp-content\/uploads\/2019\/06\/pichettomiguel88888.jpg","articleSection":["A - DESTACADAS (mod 16)","POLITICA"],"inLanguage":"es"},{"@type":"WebPage","@id":"https:\/\/diariotextual.com\/inicio\/index.php\/2024\/09\/14\/los-inesperados-elogios-de-miguel-angel-pichetto-a-cristina-fernandez-de-kirchner\/","url":"https:\/\/diariotextual.com\/inicio\/index.php\/2024\/09\/14\/los-inesperados-elogios-de-miguel-angel-pichetto-a-cristina-fernandez-de-kirchner\/","name":"Los inesperados elogios de Miguel \u00c1ngel Pichetto a Cristina Fern\u00e1ndez de Kirchner - Diario Textual","isPartOf":{"@id":"https:\/\/diariotextual.com\/inicio\/#website"},"primaryImageOfPage":{"@id":"https:\/\/diariotextual.com\/inicio\/index.php\/2024\/09\/14\/los-inesperados-elogios-de-miguel-angel-pichetto-a-cristina-fernandez-de-kirchner\/#primaryimage"},"image":{"@id":"https:\/\/diariotextual.com\/inicio\/index.php\/2024\/09\/14\/los-inesperados-elogios-de-miguel-angel-pichetto-a-cristina-fernandez-de-kirchner\/#primaryimage"},"thumbnailUrl":"https:\/\/diariotextual.com\/inicio\/wp-content\/uploads\/2019\/06\/pichettomiguel88888.jpg","datePublished":"2024-09-14T21:31:30+00:00","dateModified":"2024-09-14T21:31:34+00:00","breadcrumb":{"@id":"https:\/\/diariotextual.com\/inicio\/index.php\/2024\/09\/14\/los-inesperados-elogios-de-miguel-angel-pichetto-a-cristina-fernandez-de-kirchner\/#breadcrumb"},"inLanguage":"es","potentialAction":[{"@type":"ReadAction","target":["https:\/\/diariotextual.com\/inicio\/index.php\/2024\/09\/14\/los-inesperados-elogios-de-miguel-angel-pichetto-a-cristina-fernandez-de-kirchner\/"]}]},{"@type":"ImageObject","inLanguage":"es","@id":"https:\/\/diariotextual.com\/inicio\/index.php\/2024\/09\/14\/los-inesperados-elogios-de-miguel-angel-pichetto-a-cristina-fernandez-de-kirchner\/#primaryimage","url":"https:\/\/diariotextual.com\/inicio\/wp-content\/uploads\/2019\/06\/pichettomiguel88888.jpg","contentUrl":"https:\/\/diariotextual.com\/inicio\/wp-content\/uploads\/2019\/06\/pichettomiguel88888.jpg","width":1200,"height":762},{"@type":"BreadcrumbList","@id":"https:\/\/diariotextual.com\/inicio\/index.php\/2024\/09\/14\/los-inesperados-elogios-de-miguel-angel-pichetto-a-cristina-fernandez-de-kirchner\/#breadcrumb","itemListElement":[{"@type":"ListItem","position":1,"name":"Portada","item":"https:\/\/diariotextual.com\/inicio\/"},{"@type":"ListItem","position":2,"name":"Los inesperados elogios de Miguel \u00c1ngel Pichetto a Cristina Fern\u00e1ndez de Kirchner"}]},{"@type":"WebSite","@id":"https:\/\/diariotextual.com\/inicio\/#website","url":"https:\/\/diariotextual.com\/inicio\/","name":"Diario Textual","description":"","publisher":{"@id":"https:\/\/diariotextual.com\/inicio\/#organization"},"potentialAction":[{"@type":"SearchAction","target":{"@type":"EntryPoint","urlTemplate":"https:\/\/diariotextual.com\/inicio\/?s={search_term_string}"},"query-input":{"@type":"PropertyValueSpecification","valueRequired":true,"valueName":"search_term_string"}}],"inLanguage":"es"},{"@type":"Organization","@id":"https:\/\/diariotextual.com\/inicio\/#organization","name":"Diario Textual","url":"https:\/\/diariotextual.com\/inicio\/","logo":{"@type":"ImageObject","inLanguage":"es","@id":"https:\/\/diariotextual.com\/inicio\/#\/schema\/logo\/image\/","url":"https:\/\/diariotextual.com\/inicio\/wp-content\/uploads\/2023\/05\/logotextual1.jpg","contentUrl":"https:\/\/diariotextual.com\/inicio\/wp-content\/uploads\/2023\/05\/logotextual1.jpg","width":516,"height":76,"caption":"Diario Textual"},"image":{"@id":"https:\/\/diariotextual.com\/inicio\/#\/schema\/logo\/image\/"},"sameAs":["https:\/\/www.facebook.com\/eltextual","https:\/\/x.com\/eltextual","http:\/\/www.instagram.com\/eltextual"]},{"@type":"Person","@id":"https:\/\/diariotextual.com\/inicio\/#\/schema\/person\/418fc4093c33e86ed41562db3508f958","name":"Diario1 Diario1","image":{"@type":"ImageObject","inLanguage":"es","@id":"https:\/\/secure.gravatar.com\/avatar\/9167d280179c85bc18be67aa7eda765854300033af4896dd779b608640f2ef7a?s=96&d=mm&r=g","url":"https:\/\/secure.gravatar.com\/avatar\/9167d280179c85bc18be67aa7eda765854300033af4896dd779b608640f2ef7a?s=96&d=mm&r=g","contentUrl":"https:\/\/secure.gravatar.com\/avatar\/9167d280179c85bc18be67aa7eda765854300033af4896dd779b608640f2ef7a?s=96&d=mm&r=g","caption":"Diario1 Diario1"},"url":"https:\/\/diariotextual.com\/inicio\/index.php\/author\/diario1\/"}]}},"_links":{"self":[{"href":"https:\/\/diariotextual.com\/inicio\/index.php\/wp-json\/wp\/v2\/posts\/275230","targetHints":{"allow":["GET"]}}],"collection":[{"href":"https:\/\/diariotextual.com\/inicio\/index.php\/wp-json\/wp\/v2\/posts"}],"about":[{"href":"https:\/\/diariotextual.com\/inicio\/index.php\/wp-json\/wp\/v2\/types\/post"}],"author":[{"embeddable":true,"href":"https:\/\/diariotextual.com\/inicio\/index.php\/wp-json\/wp\/v2\/users\/3"}],"replies":[{"embeddable":true,"href":"https:\/\/diariotextual.com\/inicio\/index.php\/wp-json\/wp\/v2\/comments?post=275230"}],"version-history":[{"count":2,"href":"https:\/\/diariotextual.com\/inicio\/index.php\/wp-json\/wp\/v2\/posts\/275230\/revisions"}],"predecessor-version":[{"id":275232,"href":"https:\/\/diariotextual.com\/inicio\/index.php\/wp-json\/wp\/v2\/posts\/275230\/revisions\/275232"}],"wp:featuredmedia":[{"embeddable":true,"href":"https:\/\/diariotextual.com\/inicio\/index.php\/wp-json\/wp\/v2\/media\/51754"}],"wp:attachment":[{"href":"https:\/\/diariotextual.com\/inicio\/index.php\/wp-json\/wp\/v2\/media?parent=275230"}],"wp:term":[{"taxonomy":"category","embeddable":true,"href":"https:\/\/diariotextual.com\/inicio\/index.php\/wp-json\/wp\/v2\/categories?post=275230"},{"taxonomy":"post_tag","embeddable":true,"href":"https:\/\/diariotextual.com\/inicio\/index.php\/wp-json\/wp\/v2\/tags?post=275230"}],"curies":[{"name":"wp","href":"https:\/\/api.w.org\/{rel}","templated":true}]}}