{"id":27526,"date":"2018-11-16T18:26:38","date_gmt":"2018-11-16T21:26:38","guid":{"rendered":"http:\/\/diariotextual.com\/inicio\/?p=27526"},"modified":"2018-11-16T18:26:38","modified_gmt":"2018-11-16T21:26:38","slug":"kilogramo-cambia-siempre-aprueban-la-redefinicion-esta-unidad","status":"publish","type":"post","link":"https:\/\/diariotextual.com\/inicio\/index.php\/2018\/11\/16\/kilogramo-cambia-siempre-aprueban-la-redefinicion-esta-unidad\/","title":{"rendered":"El kilogramo cambia para siempre: aprueban la redefinici\u00f3n de esta unidad"},"content":{"rendered":"<p>La 26.\u00aa Conferencia General de Pesos y Medidas, celebrada en la ciudad francesa de Versalles<strong>, vot\u00f3 a favor de la redefinici\u00f3n de la medici\u00f3n de kilogramo<\/strong>, que ya no depender\u00e1 de un objeto material (un cilindro met\u00e1lico denominado Grand K \u2013 prototipo de kilogramo), sino de un valor establecido a partir de una constante f\u00edsica de la naturaleza, informa AP.<\/p>\n<p><strong>La unidad seguir\u00e1 siendo la misma y solo cambiar\u00e1 su definici\u00f3n<\/strong>, que quedar\u00e1 vinculada con <strong>la constante de Planck<\/strong>, concepto que proviene de la f\u00edsica cu\u00e1ntica y establece proporciones entre energ\u00eda y frecuencia.<\/p>\n<p><strong>Durante 130 a\u00f1os un cilindro met\u00e1lico encerrado bajo dos campanas de vidrio en la ciudad de Sevres ha servido de modelo est\u00e1ndar para las mediciones de masa. Cada 40 a\u00f1os, aproximadamente, los funcionarios lo sacan de all\u00ed para calibrar pesas similares de todo el mundo.<\/strong><\/p>\n<p>Ahora los f\u00edsicos intentan prescindir del Grand K, como se denomina este trozo de aleaci\u00f3n de platino e iridio, suplant\u00e1ndolo por un c\u00e1lculo a partir de constantes f\u00edsicas.<\/p>\n<p>\u00abEl kilo es la \u00faltima medida basada en un artefacto f\u00edsico\u00bb, subray\u00f3 Thomas Grenon, director general del Laboratorio Nacional de Metrolog\u00eda y Ensayos de Francia.<\/p>\n<p>Seg\u00fan el especialista, este objeto existe por un largo periodo de tiempo y su masa puede cambiar, lo que no resulta adecuado, teniendo en cuenta \u00ablos niveles de precisi\u00f3n que necesitamos hoy en d\u00eda\u00bb con tecnolog\u00edas de alta precisi\u00f3n, subray\u00f3 Grenon.<\/p>\n<p>Adem\u00e1s, los delegados de la conferencia cambiar\u00e1n la redefinici\u00f3n de otras tres unidades b\u00e1sicas: el amperio, el kelvin y el mol.<\/p>\n<p>\u00abLas nuevas definiciones de amperio y de kelvin mejorar\u00e1n significativamente la precisi\u00f3n con la que se pueden realizar mediciones de temperatura el\u00e9ctrica y radiom\u00e9trica\u00bb, explican desde la Oficina Internacional de Pesas y Medidas. Asimismo, sostienen que la nueva definici\u00f3n del mol ser\u00e1 mucho m\u00e1s sencilla. Seg\u00fan afirman, la redefinici\u00f3n de estas entidades servir\u00e1 para adoptarse a la tecnolog\u00eda de este siglo. Los cambios entrar\u00e1n en vigor a partir de mayo de 2019, informa AFP.<\/p>\n","protected":false},"excerpt":{"rendered":"<p>La 26.\u00aa Conferencia General de Pesos y Medidas, celebrada en la ciudad francesa de Versalles, vot\u00f3 a favor de la redefinici\u00f3n de la medici\u00f3n de kilogramo, que ya no depender\u00e1&hellip;<\/p>\n","protected":false},"author":3,"featured_media":27528,"comment_status":"closed","ping_status":"open","sticky":false,"template":"","format":"standard","meta":{"_acf_changed":false,"footnotes":""},"categories":[1,11,7],"tags":[],"class_list":["post-27526","post","type-post","status-publish","format-standard","has-post-thumbnail","hentry","category-es-noticia","category-que-pasa","category-mundo"],"acf":[],"yoast_head":"<!-- This site is optimized with the Yoast SEO plugin v27.5 - https:\/\/yoast.com\/product\/yoast-seo-wordpress\/ -->\n<title>El kilogramo cambia para siempre: aprueban la redefinici\u00f3n de esta unidad - Diario Textual<\/title>\n<meta name=\"robots\" content=\"index, follow, max-snippet:-1, max-image-preview:large, max-video-preview:-1\" \/>\n<link rel=\"canonical\" href=\"https:\/\/diariotextual.com\/inicio\/index.php\/2018\/11\/16\/kilogramo-cambia-siempre-aprueban-la-redefinicion-esta-unidad\/\" \/>\n<meta property=\"og:locale\" content=\"es_ES\" \/>\n<meta property=\"og:type\" content=\"article\" \/>\n<meta property=\"og:title\" content=\"El kilogramo cambia para siempre: aprueban la redefinici\u00f3n de esta unidad - Diario Textual\" \/>\n<meta property=\"og:description\" content=\"La 26.\u00aa Conferencia General de Pesos y Medidas, celebrada en la ciudad francesa de Versalles, vot\u00f3 a favor de la redefinici\u00f3n de la medici\u00f3n de kilogramo, que ya no depender\u00e1&hellip;\" \/>\n<meta property=\"og:url\" content=\"https:\/\/diariotextual.com\/inicio\/index.php\/2018\/11\/16\/kilogramo-cambia-siempre-aprueban-la-redefinicion-esta-unidad\/\" \/>\n<meta property=\"og:site_name\" content=\"Diario Textual\" \/>\n<meta property=\"article:publisher\" content=\"https:\/\/www.facebook.com\/eltextual\" \/>\n<meta property=\"article:published_time\" content=\"2018-11-16T21:26:38+00:00\" \/>\n<meta property=\"og:image\" content=\"https:\/\/diariotextual.com\/inicio\/wp-content\/uploads\/2018\/11\/kilogramomedida2.jpg\" \/>\n\t<meta property=\"og:image:width\" content=\"912\" \/>\n\t<meta property=\"og:image:height\" content=\"584\" \/>\n\t<meta property=\"og:image:type\" content=\"image\/jpeg\" \/>\n<meta name=\"author\" content=\"Diario1 Diario1\" \/>\n<meta name=\"twitter:card\" content=\"summary_large_image\" \/>\n<meta name=\"twitter:creator\" content=\"@eltextual\" \/>\n<meta name=\"twitter:site\" content=\"@eltextual\" \/>\n<meta name=\"twitter:label1\" content=\"Escrito por\" \/>\n\t<meta name=\"twitter:data1\" content=\"Diario1 Diario1\" \/>\n\t<meta name=\"twitter:label2\" content=\"Tiempo de lectura\" \/>\n\t<meta name=\"twitter:data2\" content=\"2 minutos\" \/>\n<script type=\"application\/ld+json\" class=\"yoast-schema-graph\">{\"@context\":\"https:\\\/\\\/schema.org\",\"@graph\":[{\"@type\":\"Article\",\"@id\":\"https:\\\/\\\/diariotextual.com\\\/inicio\\\/index.php\\\/2018\\\/11\\\/16\\\/kilogramo-cambia-siempre-aprueban-la-redefinicion-esta-unidad\\\/#article\",\"isPartOf\":{\"@id\":\"https:\\\/\\\/diariotextual.com\\\/inicio\\\/index.php\\\/2018\\\/11\\\/16\\\/kilogramo-cambia-siempre-aprueban-la-redefinicion-esta-unidad\\\/\"},\"author\":{\"name\":\"Diario1 Diario1\",\"@id\":\"https:\\\/\\\/diariotextual.com\\\/inicio\\\/#\\\/schema\\\/person\\\/418fc4093c33e86ed41562db3508f958\"},\"headline\":\"El kilogramo cambia para siempre: aprueban la redefinici\u00f3n de esta unidad\",\"datePublished\":\"2018-11-16T21:26:38+00:00\",\"mainEntityOfPage\":{\"@id\":\"https:\\\/\\\/diariotextual.com\\\/inicio\\\/index.php\\\/2018\\\/11\\\/16\\\/kilogramo-cambia-siempre-aprueban-la-redefinicion-esta-unidad\\\/\"},\"wordCount\":372,\"publisher\":{\"@id\":\"https:\\\/\\\/diariotextual.com\\\/inicio\\\/#organization\"},\"image\":{\"@id\":\"https:\\\/\\\/diariotextual.com\\\/inicio\\\/index.php\\\/2018\\\/11\\\/16\\\/kilogramo-cambia-siempre-aprueban-la-redefinicion-esta-unidad\\\/#primaryimage\"},\"thumbnailUrl\":\"https:\\\/\\\/diariotextual.com\\\/inicio\\\/wp-content\\\/uploads\\\/2018\\\/11\\\/kilogramomedida2.jpg\",\"articleSection\":[\"A - ES NOTICIA (van abajo)\",\"A - QUE PASA (al costado)\",\"MUNDO\"],\"inLanguage\":\"es\"},{\"@type\":\"WebPage\",\"@id\":\"https:\\\/\\\/diariotextual.com\\\/inicio\\\/index.php\\\/2018\\\/11\\\/16\\\/kilogramo-cambia-siempre-aprueban-la-redefinicion-esta-unidad\\\/\",\"url\":\"https:\\\/\\\/diariotextual.com\\\/inicio\\\/index.php\\\/2018\\\/11\\\/16\\\/kilogramo-cambia-siempre-aprueban-la-redefinicion-esta-unidad\\\/\",\"name\":\"El kilogramo cambia para siempre: aprueban la redefinici\u00f3n de esta unidad - Diario Textual\",\"isPartOf\":{\"@id\":\"https:\\\/\\\/diariotextual.com\\\/inicio\\\/#website\"},\"primaryImageOfPage\":{\"@id\":\"https:\\\/\\\/diariotextual.com\\\/inicio\\\/index.php\\\/2018\\\/11\\\/16\\\/kilogramo-cambia-siempre-aprueban-la-redefinicion-esta-unidad\\\/#primaryimage\"},\"image\":{\"@id\":\"https:\\\/\\\/diariotextual.com\\\/inicio\\\/index.php\\\/2018\\\/11\\\/16\\\/kilogramo-cambia-siempre-aprueban-la-redefinicion-esta-unidad\\\/#primaryimage\"},\"thumbnailUrl\":\"https:\\\/\\\/diariotextual.com\\\/inicio\\\/wp-content\\\/uploads\\\/2018\\\/11\\\/kilogramomedida2.jpg\",\"datePublished\":\"2018-11-16T21:26:38+00:00\",\"breadcrumb\":{\"@id\":\"https:\\\/\\\/diariotextual.com\\\/inicio\\\/index.php\\\/2018\\\/11\\\/16\\\/kilogramo-cambia-siempre-aprueban-la-redefinicion-esta-unidad\\\/#breadcrumb\"},\"inLanguage\":\"es\",\"potentialAction\":[{\"@type\":\"ReadAction\",\"target\":[\"https:\\\/\\\/diariotextual.com\\\/inicio\\\/index.php\\\/2018\\\/11\\\/16\\\/kilogramo-cambia-siempre-aprueban-la-redefinicion-esta-unidad\\\/\"]}]},{\"@type\":\"ImageObject\",\"inLanguage\":\"es\",\"@id\":\"https:\\\/\\\/diariotextual.com\\\/inicio\\\/index.php\\\/2018\\\/11\\\/16\\\/kilogramo-cambia-siempre-aprueban-la-redefinicion-esta-unidad\\\/#primaryimage\",\"url\":\"https:\\\/\\\/diariotextual.com\\\/inicio\\\/wp-content\\\/uploads\\\/2018\\\/11\\\/kilogramomedida2.jpg\",\"contentUrl\":\"https:\\\/\\\/diariotextual.com\\\/inicio\\\/wp-content\\\/uploads\\\/2018\\\/11\\\/kilogramomedida2.jpg\",\"width\":912,\"height\":584},{\"@type\":\"BreadcrumbList\",\"@id\":\"https:\\\/\\\/diariotextual.com\\\/inicio\\\/index.php\\\/2018\\\/11\\\/16\\\/kilogramo-cambia-siempre-aprueban-la-redefinicion-esta-unidad\\\/#breadcrumb\",\"itemListElement\":[{\"@type\":\"ListItem\",\"position\":1,\"name\":\"Portada\",\"item\":\"https:\\\/\\\/diariotextual.com\\\/inicio\\\/\"},{\"@type\":\"ListItem\",\"position\":2,\"name\":\"El kilogramo cambia para siempre: aprueban la redefinici\u00f3n de esta unidad\"}]},{\"@type\":\"WebSite\",\"@id\":\"https:\\\/\\\/diariotextual.com\\\/inicio\\\/#website\",\"url\":\"https:\\\/\\\/diariotextual.com\\\/inicio\\\/\",\"name\":\"Diario Textual\",\"description\":\"\",\"publisher\":{\"@id\":\"https:\\\/\\\/diariotextual.com\\\/inicio\\\/#organization\"},\"potentialAction\":[{\"@type\":\"SearchAction\",\"target\":{\"@type\":\"EntryPoint\",\"urlTemplate\":\"https:\\\/\\\/diariotextual.com\\\/inicio\\\/?s={search_term_string}\"},\"query-input\":{\"@type\":\"PropertyValueSpecification\",\"valueRequired\":true,\"valueName\":\"search_term_string\"}}],\"inLanguage\":\"es\"},{\"@type\":\"Organization\",\"@id\":\"https:\\\/\\\/diariotextual.com\\\/inicio\\\/#organization\",\"name\":\"Diario Textual\",\"url\":\"https:\\\/\\\/diariotextual.com\\\/inicio\\\/\",\"logo\":{\"@type\":\"ImageObject\",\"inLanguage\":\"es\",\"@id\":\"https:\\\/\\\/diariotextual.com\\\/inicio\\\/#\\\/schema\\\/logo\\\/image\\\/\",\"url\":\"https:\\\/\\\/diariotextual.com\\\/inicio\\\/wp-content\\\/uploads\\\/2023\\\/05\\\/logotextual1.jpg\",\"contentUrl\":\"https:\\\/\\\/diariotextual.com\\\/inicio\\\/wp-content\\\/uploads\\\/2023\\\/05\\\/logotextual1.jpg\",\"width\":516,\"height\":76,\"caption\":\"Diario Textual\"},\"image\":{\"@id\":\"https:\\\/\\\/diariotextual.com\\\/inicio\\\/#\\\/schema\\\/logo\\\/image\\\/\"},\"sameAs\":[\"https:\\\/\\\/www.facebook.com\\\/eltextual\",\"https:\\\/\\\/x.com\\\/eltextual\",\"http:\\\/\\\/www.instagram.com\\\/eltextual\"]},{\"@type\":\"Person\",\"@id\":\"https:\\\/\\\/diariotextual.com\\\/inicio\\\/#\\\/schema\\\/person\\\/418fc4093c33e86ed41562db3508f958\",\"name\":\"Diario1 Diario1\",\"image\":{\"@type\":\"ImageObject\",\"inLanguage\":\"es\",\"@id\":\"https:\\\/\\\/secure.gravatar.com\\\/avatar\\\/9167d280179c85bc18be67aa7eda765854300033af4896dd779b608640f2ef7a?s=96&d=mm&r=g\",\"url\":\"https:\\\/\\\/secure.gravatar.com\\\/avatar\\\/9167d280179c85bc18be67aa7eda765854300033af4896dd779b608640f2ef7a?s=96&d=mm&r=g\",\"contentUrl\":\"https:\\\/\\\/secure.gravatar.com\\\/avatar\\\/9167d280179c85bc18be67aa7eda765854300033af4896dd779b608640f2ef7a?s=96&d=mm&r=g\",\"caption\":\"Diario1 Diario1\"},\"url\":\"https:\\\/\\\/diariotextual.com\\\/inicio\\\/index.php\\\/author\\\/diario1\\\/\"}]}<\/script>\n<!-- \/ Yoast SEO plugin. -->","yoast_head_json":{"title":"El kilogramo cambia para siempre: aprueban la redefinici\u00f3n de esta unidad - Diario Textual","robots":{"index":"index","follow":"follow","max-snippet":"max-snippet:-1","max-image-preview":"max-image-preview:large","max-video-preview":"max-video-preview:-1"},"canonical":"https:\/\/diariotextual.com\/inicio\/index.php\/2018\/11\/16\/kilogramo-cambia-siempre-aprueban-la-redefinicion-esta-unidad\/","og_locale":"es_ES","og_type":"article","og_title":"El kilogramo cambia para siempre: aprueban la redefinici\u00f3n de esta unidad - Diario Textual","og_description":"La 26.\u00aa Conferencia General de Pesos y Medidas, celebrada en la ciudad francesa de Versalles, vot\u00f3 a favor de la redefinici\u00f3n de la medici\u00f3n de kilogramo, que ya no depender\u00e1&hellip;","og_url":"https:\/\/diariotextual.com\/inicio\/index.php\/2018\/11\/16\/kilogramo-cambia-siempre-aprueban-la-redefinicion-esta-unidad\/","og_site_name":"Diario Textual","article_publisher":"https:\/\/www.facebook.com\/eltextual","article_published_time":"2018-11-16T21:26:38+00:00","og_image":[{"width":912,"height":584,"url":"https:\/\/diariotextual.com\/inicio\/wp-content\/uploads\/2018\/11\/kilogramomedida2.jpg","type":"image\/jpeg"}],"author":"Diario1 Diario1","twitter_card":"summary_large_image","twitter_creator":"@eltextual","twitter_site":"@eltextual","twitter_misc":{"Escrito por":"Diario1 Diario1","Tiempo de lectura":"2 minutos"},"schema":{"@context":"https:\/\/schema.org","@graph":[{"@type":"Article","@id":"https:\/\/diariotextual.com\/inicio\/index.php\/2018\/11\/16\/kilogramo-cambia-siempre-aprueban-la-redefinicion-esta-unidad\/#article","isPartOf":{"@id":"https:\/\/diariotextual.com\/inicio\/index.php\/2018\/11\/16\/kilogramo-cambia-siempre-aprueban-la-redefinicion-esta-unidad\/"},"author":{"name":"Diario1 Diario1","@id":"https:\/\/diariotextual.com\/inicio\/#\/schema\/person\/418fc4093c33e86ed41562db3508f958"},"headline":"El kilogramo cambia para siempre: aprueban la redefinici\u00f3n de esta unidad","datePublished":"2018-11-16T21:26:38+00:00","mainEntityOfPage":{"@id":"https:\/\/diariotextual.com\/inicio\/index.php\/2018\/11\/16\/kilogramo-cambia-siempre-aprueban-la-redefinicion-esta-unidad\/"},"wordCount":372,"publisher":{"@id":"https:\/\/diariotextual.com\/inicio\/#organization"},"image":{"@id":"https:\/\/diariotextual.com\/inicio\/index.php\/2018\/11\/16\/kilogramo-cambia-siempre-aprueban-la-redefinicion-esta-unidad\/#primaryimage"},"thumbnailUrl":"https:\/\/diariotextual.com\/inicio\/wp-content\/uploads\/2018\/11\/kilogramomedida2.jpg","articleSection":["A - ES NOTICIA (van abajo)","A - QUE PASA (al costado)","MUNDO"],"inLanguage":"es"},{"@type":"WebPage","@id":"https:\/\/diariotextual.com\/inicio\/index.php\/2018\/11\/16\/kilogramo-cambia-siempre-aprueban-la-redefinicion-esta-unidad\/","url":"https:\/\/diariotextual.com\/inicio\/index.php\/2018\/11\/16\/kilogramo-cambia-siempre-aprueban-la-redefinicion-esta-unidad\/","name":"El kilogramo cambia para siempre: aprueban la redefinici\u00f3n de esta unidad - Diario Textual","isPartOf":{"@id":"https:\/\/diariotextual.com\/inicio\/#website"},"primaryImageOfPage":{"@id":"https:\/\/diariotextual.com\/inicio\/index.php\/2018\/11\/16\/kilogramo-cambia-siempre-aprueban-la-redefinicion-esta-unidad\/#primaryimage"},"image":{"@id":"https:\/\/diariotextual.com\/inicio\/index.php\/2018\/11\/16\/kilogramo-cambia-siempre-aprueban-la-redefinicion-esta-unidad\/#primaryimage"},"thumbnailUrl":"https:\/\/diariotextual.com\/inicio\/wp-content\/uploads\/2018\/11\/kilogramomedida2.jpg","datePublished":"2018-11-16T21:26:38+00:00","breadcrumb":{"@id":"https:\/\/diariotextual.com\/inicio\/index.php\/2018\/11\/16\/kilogramo-cambia-siempre-aprueban-la-redefinicion-esta-unidad\/#breadcrumb"},"inLanguage":"es","potentialAction":[{"@type":"ReadAction","target":["https:\/\/diariotextual.com\/inicio\/index.php\/2018\/11\/16\/kilogramo-cambia-siempre-aprueban-la-redefinicion-esta-unidad\/"]}]},{"@type":"ImageObject","inLanguage":"es","@id":"https:\/\/diariotextual.com\/inicio\/index.php\/2018\/11\/16\/kilogramo-cambia-siempre-aprueban-la-redefinicion-esta-unidad\/#primaryimage","url":"https:\/\/diariotextual.com\/inicio\/wp-content\/uploads\/2018\/11\/kilogramomedida2.jpg","contentUrl":"https:\/\/diariotextual.com\/inicio\/wp-content\/uploads\/2018\/11\/kilogramomedida2.jpg","width":912,"height":584},{"@type":"BreadcrumbList","@id":"https:\/\/diariotextual.com\/inicio\/index.php\/2018\/11\/16\/kilogramo-cambia-siempre-aprueban-la-redefinicion-esta-unidad\/#breadcrumb","itemListElement":[{"@type":"ListItem","position":1,"name":"Portada","item":"https:\/\/diariotextual.com\/inicio\/"},{"@type":"ListItem","position":2,"name":"El kilogramo cambia para siempre: aprueban la redefinici\u00f3n de esta unidad"}]},{"@type":"WebSite","@id":"https:\/\/diariotextual.com\/inicio\/#website","url":"https:\/\/diariotextual.com\/inicio\/","name":"Diario Textual","description":"","publisher":{"@id":"https:\/\/diariotextual.com\/inicio\/#organization"},"potentialAction":[{"@type":"SearchAction","target":{"@type":"EntryPoint","urlTemplate":"https:\/\/diariotextual.com\/inicio\/?s={search_term_string}"},"query-input":{"@type":"PropertyValueSpecification","valueRequired":true,"valueName":"search_term_string"}}],"inLanguage":"es"},{"@type":"Organization","@id":"https:\/\/diariotextual.com\/inicio\/#organization","name":"Diario Textual","url":"https:\/\/diariotextual.com\/inicio\/","logo":{"@type":"ImageObject","inLanguage":"es","@id":"https:\/\/diariotextual.com\/inicio\/#\/schema\/logo\/image\/","url":"https:\/\/diariotextual.com\/inicio\/wp-content\/uploads\/2023\/05\/logotextual1.jpg","contentUrl":"https:\/\/diariotextual.com\/inicio\/wp-content\/uploads\/2023\/05\/logotextual1.jpg","width":516,"height":76,"caption":"Diario Textual"},"image":{"@id":"https:\/\/diariotextual.com\/inicio\/#\/schema\/logo\/image\/"},"sameAs":["https:\/\/www.facebook.com\/eltextual","https:\/\/x.com\/eltextual","http:\/\/www.instagram.com\/eltextual"]},{"@type":"Person","@id":"https:\/\/diariotextual.com\/inicio\/#\/schema\/person\/418fc4093c33e86ed41562db3508f958","name":"Diario1 Diario1","image":{"@type":"ImageObject","inLanguage":"es","@id":"https:\/\/secure.gravatar.com\/avatar\/9167d280179c85bc18be67aa7eda765854300033af4896dd779b608640f2ef7a?s=96&d=mm&r=g","url":"https:\/\/secure.gravatar.com\/avatar\/9167d280179c85bc18be67aa7eda765854300033af4896dd779b608640f2ef7a?s=96&d=mm&r=g","contentUrl":"https:\/\/secure.gravatar.com\/avatar\/9167d280179c85bc18be67aa7eda765854300033af4896dd779b608640f2ef7a?s=96&d=mm&r=g","caption":"Diario1 Diario1"},"url":"https:\/\/diariotextual.com\/inicio\/index.php\/author\/diario1\/"}]}},"_links":{"self":[{"href":"https:\/\/diariotextual.com\/inicio\/index.php\/wp-json\/wp\/v2\/posts\/27526","targetHints":{"allow":["GET"]}}],"collection":[{"href":"https:\/\/diariotextual.com\/inicio\/index.php\/wp-json\/wp\/v2\/posts"}],"about":[{"href":"https:\/\/diariotextual.com\/inicio\/index.php\/wp-json\/wp\/v2\/types\/post"}],"author":[{"embeddable":true,"href":"https:\/\/diariotextual.com\/inicio\/index.php\/wp-json\/wp\/v2\/users\/3"}],"replies":[{"embeddable":true,"href":"https:\/\/diariotextual.com\/inicio\/index.php\/wp-json\/wp\/v2\/comments?post=27526"}],"version-history":[{"count":2,"href":"https:\/\/diariotextual.com\/inicio\/index.php\/wp-json\/wp\/v2\/posts\/27526\/revisions"}],"predecessor-version":[{"id":27529,"href":"https:\/\/diariotextual.com\/inicio\/index.php\/wp-json\/wp\/v2\/posts\/27526\/revisions\/27529"}],"wp:featuredmedia":[{"embeddable":true,"href":"https:\/\/diariotextual.com\/inicio\/index.php\/wp-json\/wp\/v2\/media\/27528"}],"wp:attachment":[{"href":"https:\/\/diariotextual.com\/inicio\/index.php\/wp-json\/wp\/v2\/media?parent=27526"}],"wp:term":[{"taxonomy":"category","embeddable":true,"href":"https:\/\/diariotextual.com\/inicio\/index.php\/wp-json\/wp\/v2\/categories?post=27526"},{"taxonomy":"post_tag","embeddable":true,"href":"https:\/\/diariotextual.com\/inicio\/index.php\/wp-json\/wp\/v2\/tags?post=27526"}],"curies":[{"name":"wp","href":"https:\/\/api.w.org\/{rel}","templated":true}]}}