{"id":275457,"date":"2024-09-17T08:22:12","date_gmt":"2024-09-17T11:22:12","guid":{"rendered":"https:\/\/diariotextual.com\/inicio\/?p=275457"},"modified":"2024-09-17T23:19:47","modified_gmt":"2024-09-18T02:19:47","slug":"river-plate-abrira-su-serie-de-cuartos-de-final-ante-colo-colo-en-chile","status":"publish","type":"post","link":"https:\/\/diariotextual.com\/inicio\/index.php\/2024\/09\/17\/river-plate-abrira-su-serie-de-cuartos-de-final-ante-colo-colo-en-chile\/","title":{"rendered":"River Plate abrir\u00e1 su serie de cuartos de final ante Colo Colo en Chile"},"content":{"rendered":"\n<p><strong>River Plate visita esta noche a Colo Colo en Chile, por el partido de ida de los cuartos de final de la Copa Libertadores de Am\u00e9rica 2024.<\/strong><\/p>\n\n\n\n<p>El encuentro&nbsp;se disputar\u00e1 desde las 21.30 en&nbsp;el estadio Monumental David Arellano de Santiago,&nbsp;con el arbitraje del brasile\u00f1o Raphael Claus y ser\u00e1 transmitido por&nbsp;Fox Sports y Telef\u00e9.<\/p>\n\n\n\n<p>El que avance de esta llave se medir\u00e1 en semifinales ante el vencedor del cruce entre Fluminense y Atl\u00e9tico Mineiro, que ma\u00f1ana jugar\u00e1n el primer partido.<\/p>\n\n\n\n<p>El equipo que conduce Marcelo Gallardo\u00a0llega a este compromiso luego de golear a Atl\u00e9tico Tucum\u00e1n 4-1 en la Liga Profesional, mientras que en el certamen internacional, elimin\u00f3 a Talleres de C\u00f3rdoba en los octavos de final con un global de 3-1.<\/p>\n\n\n\n<p>En cuanto a los 11 para este noche, el&nbsp;entrenador planea repetir la mayor\u00eda de los futbolistas que participaron en la victoria ante el \u00abDecano\u00bb y la \u00fanica duda es si Ignacio Fern\u00e1ndez o Rodrigo Villagra ocupar\u00e1 el centro de la cancha para acompa\u00f1ar a Mat\u00edas Kranevitter.<\/p>\n\n\n\n<p>Adem\u00e1s, Claudio Echeverri le ganar\u00eda nuevamente el lugar a Franco Mastantuono mientras que Miguel Borja es una fija en la delantera.<\/p>\n\n\n\n<p>Asimismo el bahiense Germ\u00e1n Pezzella y Marcos Acu\u00f1a estar\u00e1n en la defensa, junto a Fabricio Bustos y el regreso de Paulo D\u00edaz (ingresa por Leandro Gonz\u00e1lez Pires).<\/p>\n\n\n\n<p>Por su parte,<strong>&nbsp;<\/strong>Colo Colo&nbsp;buscar\u00e1 sacar un resultado positivo para llegar bien posicionado a la revancha, que se jugar\u00e1 el pr\u00f3ximo martes en el Monumental.<\/p>\n\n\n\n<p>En su camino a los cuartos, el conjunto que dirige Jorge Almir\u00f3n elimin\u00f3 a&nbsp;Junior de Barranquilla por un global de 3 a 1.<\/p>\n\n\n\n<p>En la primera etapa, en tanto, fue escolta de Fluminense en el grupo A con apenas seis unidades porque gan\u00f3 un cotejo, igual\u00f3 tres y perdi\u00f3 los dos restantes.<\/p>\n\n\n\n<p>Para el compromiso ante River, el ex-DT de Boca tiene m\u00e1s dudas que certezas, aunque todo apunta a que estar\u00e1n Arturo Vidal y Mauricio Isla, dos de los referentes del plantel, como tambi\u00e9n podr\u00edan dar el presente el exjugador de Olimpo Leonardo Gil y el delantero con pasado en Racing y Estudiantes Javier Correa.<\/p>\n\n\n\n<div style=\"height:100px\" aria-hidden=\"true\" class=\"wp-block-spacer\"><\/div>\n\n\n\n<p><strong>Probables formaciones<\/strong><br>-Colo Colo: Brayan Cort\u00e9s; Mauricio Isla, Maximiliano Falc\u00f3n, Alan Saldivia o Emiliano Amor; Erick Wiemberg; Esteban Pavez, Arturo Vidal, Leonardo Gil; Carlos Palacios, Javier Correa y Lucas Cepeda. DT: Jorge Almir\u00f3n.<\/p>\n\n\n\n<p>-River: Franco Armani; Fabricio Bustos, Germ\u00e1n Pezzella, Paulo D\u00edaz y Marcos Acu\u00f1a; Mat\u00edas Kranevitter, Ignacio Fern\u00e1ndez o Rodrigo Villagra, Santiago Sim\u00f3n, Maximiliano Meza, Claudio Echeverri; Miguel Borja. DT: Marcelo Gallardo.<\/p>\n\n\n\n<p>-Estadio: Monumental David Arellano de Santiago (Chile).<\/p>\n\n\n\n<p>-\u00c1rbitro: Raphael Claus (Brasil).<\/p>\n\n\n\n<p>-Hora de inicio: 21.30.<\/p>\n\n\n\n<p>-TV: Fox Sports y Telefe.<\/p>\n","protected":false},"excerpt":{"rendered":"<p>River Plate visita esta noche a Colo Colo en Chile, por el partido de ida de los cuartos de final de la Copa Libertadores de Am\u00e9rica 2024. El encuentro&nbsp;se disputar\u00e1&hellip;<\/p>\n","protected":false},"author":3,"featured_media":273305,"comment_status":"closed","ping_status":"open","sticky":false,"template":"","format":"standard","meta":{"_acf_changed":false,"footnotes":""},"categories":[3],"tags":[],"class_list":["post-275457","post","type-post","status-publish","format-standard","has-post-thumbnail","hentry","category-deportes"],"acf":[],"yoast_head":"<!-- This site is optimized with the Yoast SEO plugin v27.5 - https:\/\/yoast.com\/product\/yoast-seo-wordpress\/ -->\n<title>River Plate abrir\u00e1 su serie de cuartos de final ante Colo Colo en Chile - Diario Textual<\/title>\n<meta name=\"robots\" content=\"index, follow, max-snippet:-1, max-image-preview:large, max-video-preview:-1\" \/>\n<link rel=\"canonical\" href=\"https:\/\/diariotextual.com\/inicio\/index.php\/2024\/09\/17\/river-plate-abrira-su-serie-de-cuartos-de-final-ante-colo-colo-en-chile\/\" \/>\n<meta property=\"og:locale\" content=\"es_ES\" \/>\n<meta property=\"og:type\" content=\"article\" \/>\n<meta property=\"og:title\" content=\"River Plate abrir\u00e1 su serie de cuartos de final ante Colo Colo en Chile - Diario Textual\" \/>\n<meta property=\"og:description\" content=\"River Plate visita esta noche a Colo Colo en Chile, por el partido de ida de los cuartos de final de la Copa Libertadores de Am\u00e9rica 2024. El encuentro&nbsp;se disputar\u00e1&hellip;\" \/>\n<meta property=\"og:url\" content=\"https:\/\/diariotextual.com\/inicio\/index.php\/2024\/09\/17\/river-plate-abrira-su-serie-de-cuartos-de-final-ante-colo-colo-en-chile\/\" \/>\n<meta property=\"og:site_name\" content=\"Diario Textual\" \/>\n<meta property=\"article:publisher\" content=\"https:\/\/www.facebook.com\/eltextual\" \/>\n<meta property=\"article:published_time\" content=\"2024-09-17T11:22:12+00:00\" \/>\n<meta property=\"article:modified_time\" content=\"2024-09-18T02:19:47+00:00\" \/>\n<meta property=\"og:image\" content=\"https:\/\/diariotextual.com\/inicio\/wp-content\/uploads\/2024\/08\/borjamiguelriver2024-10.jpg\" \/>\n\t<meta property=\"og:image:width\" content=\"1500\" \/>\n\t<meta property=\"og:image:height\" content=\"1000\" \/>\n\t<meta property=\"og:image:type\" content=\"image\/jpeg\" \/>\n<meta name=\"author\" content=\"Diario1 Diario1\" \/>\n<meta name=\"twitter:card\" content=\"summary_large_image\" \/>\n<meta name=\"twitter:creator\" content=\"@eltextual\" \/>\n<meta name=\"twitter:site\" content=\"@eltextual\" \/>\n<meta name=\"twitter:label1\" content=\"Escrito por\" \/>\n\t<meta name=\"twitter:data1\" content=\"Diario1 Diario1\" \/>\n\t<meta name=\"twitter:label2\" content=\"Tiempo de lectura\" \/>\n\t<meta name=\"twitter:data2\" content=\"3 minutos\" \/>\n<script type=\"application\/ld+json\" class=\"yoast-schema-graph\">{\"@context\":\"https:\\\/\\\/schema.org\",\"@graph\":[{\"@type\":\"Article\",\"@id\":\"https:\\\/\\\/diariotextual.com\\\/inicio\\\/index.php\\\/2024\\\/09\\\/17\\\/river-plate-abrira-su-serie-de-cuartos-de-final-ante-colo-colo-en-chile\\\/#article\",\"isPartOf\":{\"@id\":\"https:\\\/\\\/diariotextual.com\\\/inicio\\\/index.php\\\/2024\\\/09\\\/17\\\/river-plate-abrira-su-serie-de-cuartos-de-final-ante-colo-colo-en-chile\\\/\"},\"author\":{\"name\":\"Diario1 Diario1\",\"@id\":\"https:\\\/\\\/diariotextual.com\\\/inicio\\\/#\\\/schema\\\/person\\\/418fc4093c33e86ed41562db3508f958\"},\"headline\":\"River Plate abrir\u00e1 su serie de cuartos de final ante Colo Colo en Chile\",\"datePublished\":\"2024-09-17T11:22:12+00:00\",\"dateModified\":\"2024-09-18T02:19:47+00:00\",\"mainEntityOfPage\":{\"@id\":\"https:\\\/\\\/diariotextual.com\\\/inicio\\\/index.php\\\/2024\\\/09\\\/17\\\/river-plate-abrira-su-serie-de-cuartos-de-final-ante-colo-colo-en-chile\\\/\"},\"wordCount\":487,\"publisher\":{\"@id\":\"https:\\\/\\\/diariotextual.com\\\/inicio\\\/#organization\"},\"image\":{\"@id\":\"https:\\\/\\\/diariotextual.com\\\/inicio\\\/index.php\\\/2024\\\/09\\\/17\\\/river-plate-abrira-su-serie-de-cuartos-de-final-ante-colo-colo-en-chile\\\/#primaryimage\"},\"thumbnailUrl\":\"https:\\\/\\\/diariotextual.com\\\/inicio\\\/wp-content\\\/uploads\\\/2024\\\/08\\\/borjamiguelriver2024-10.jpg\",\"articleSection\":[\"DEPORTES\"],\"inLanguage\":\"es\"},{\"@type\":\"WebPage\",\"@id\":\"https:\\\/\\\/diariotextual.com\\\/inicio\\\/index.php\\\/2024\\\/09\\\/17\\\/river-plate-abrira-su-serie-de-cuartos-de-final-ante-colo-colo-en-chile\\\/\",\"url\":\"https:\\\/\\\/diariotextual.com\\\/inicio\\\/index.php\\\/2024\\\/09\\\/17\\\/river-plate-abrira-su-serie-de-cuartos-de-final-ante-colo-colo-en-chile\\\/\",\"name\":\"River Plate abrir\u00e1 su serie de cuartos de final ante Colo Colo en Chile - Diario Textual\",\"isPartOf\":{\"@id\":\"https:\\\/\\\/diariotextual.com\\\/inicio\\\/#website\"},\"primaryImageOfPage\":{\"@id\":\"https:\\\/\\\/diariotextual.com\\\/inicio\\\/index.php\\\/2024\\\/09\\\/17\\\/river-plate-abrira-su-serie-de-cuartos-de-final-ante-colo-colo-en-chile\\\/#primaryimage\"},\"image\":{\"@id\":\"https:\\\/\\\/diariotextual.com\\\/inicio\\\/index.php\\\/2024\\\/09\\\/17\\\/river-plate-abrira-su-serie-de-cuartos-de-final-ante-colo-colo-en-chile\\\/#primaryimage\"},\"thumbnailUrl\":\"https:\\\/\\\/diariotextual.com\\\/inicio\\\/wp-content\\\/uploads\\\/2024\\\/08\\\/borjamiguelriver2024-10.jpg\",\"datePublished\":\"2024-09-17T11:22:12+00:00\",\"dateModified\":\"2024-09-18T02:19:47+00:00\",\"breadcrumb\":{\"@id\":\"https:\\\/\\\/diariotextual.com\\\/inicio\\\/index.php\\\/2024\\\/09\\\/17\\\/river-plate-abrira-su-serie-de-cuartos-de-final-ante-colo-colo-en-chile\\\/#breadcrumb\"},\"inLanguage\":\"es\",\"potentialAction\":[{\"@type\":\"ReadAction\",\"target\":[\"https:\\\/\\\/diariotextual.com\\\/inicio\\\/index.php\\\/2024\\\/09\\\/17\\\/river-plate-abrira-su-serie-de-cuartos-de-final-ante-colo-colo-en-chile\\\/\"]}]},{\"@type\":\"ImageObject\",\"inLanguage\":\"es\",\"@id\":\"https:\\\/\\\/diariotextual.com\\\/inicio\\\/index.php\\\/2024\\\/09\\\/17\\\/river-plate-abrira-su-serie-de-cuartos-de-final-ante-colo-colo-en-chile\\\/#primaryimage\",\"url\":\"https:\\\/\\\/diariotextual.com\\\/inicio\\\/wp-content\\\/uploads\\\/2024\\\/08\\\/borjamiguelriver2024-10.jpg\",\"contentUrl\":\"https:\\\/\\\/diariotextual.com\\\/inicio\\\/wp-content\\\/uploads\\\/2024\\\/08\\\/borjamiguelriver2024-10.jpg\",\"width\":1500,\"height\":1000},{\"@type\":\"BreadcrumbList\",\"@id\":\"https:\\\/\\\/diariotextual.com\\\/inicio\\\/index.php\\\/2024\\\/09\\\/17\\\/river-plate-abrira-su-serie-de-cuartos-de-final-ante-colo-colo-en-chile\\\/#breadcrumb\",\"itemListElement\":[{\"@type\":\"ListItem\",\"position\":1,\"name\":\"Portada\",\"item\":\"https:\\\/\\\/diariotextual.com\\\/inicio\\\/\"},{\"@type\":\"ListItem\",\"position\":2,\"name\":\"River Plate abrir\u00e1 su serie de cuartos de final ante Colo Colo en Chile\"}]},{\"@type\":\"WebSite\",\"@id\":\"https:\\\/\\\/diariotextual.com\\\/inicio\\\/#website\",\"url\":\"https:\\\/\\\/diariotextual.com\\\/inicio\\\/\",\"name\":\"Diario Textual\",\"description\":\"\",\"publisher\":{\"@id\":\"https:\\\/\\\/diariotextual.com\\\/inicio\\\/#organization\"},\"potentialAction\":[{\"@type\":\"SearchAction\",\"target\":{\"@type\":\"EntryPoint\",\"urlTemplate\":\"https:\\\/\\\/diariotextual.com\\\/inicio\\\/?s={search_term_string}\"},\"query-input\":{\"@type\":\"PropertyValueSpecification\",\"valueRequired\":true,\"valueName\":\"search_term_string\"}}],\"inLanguage\":\"es\"},{\"@type\":\"Organization\",\"@id\":\"https:\\\/\\\/diariotextual.com\\\/inicio\\\/#organization\",\"name\":\"Diario Textual\",\"url\":\"https:\\\/\\\/diariotextual.com\\\/inicio\\\/\",\"logo\":{\"@type\":\"ImageObject\",\"inLanguage\":\"es\",\"@id\":\"https:\\\/\\\/diariotextual.com\\\/inicio\\\/#\\\/schema\\\/logo\\\/image\\\/\",\"url\":\"https:\\\/\\\/diariotextual.com\\\/inicio\\\/wp-content\\\/uploads\\\/2023\\\/05\\\/logotextual1.jpg\",\"contentUrl\":\"https:\\\/\\\/diariotextual.com\\\/inicio\\\/wp-content\\\/uploads\\\/2023\\\/05\\\/logotextual1.jpg\",\"width\":516,\"height\":76,\"caption\":\"Diario Textual\"},\"image\":{\"@id\":\"https:\\\/\\\/diariotextual.com\\\/inicio\\\/#\\\/schema\\\/logo\\\/image\\\/\"},\"sameAs\":[\"https:\\\/\\\/www.facebook.com\\\/eltextual\",\"https:\\\/\\\/x.com\\\/eltextual\",\"http:\\\/\\\/www.instagram.com\\\/eltextual\"]},{\"@type\":\"Person\",\"@id\":\"https:\\\/\\\/diariotextual.com\\\/inicio\\\/#\\\/schema\\\/person\\\/418fc4093c33e86ed41562db3508f958\",\"name\":\"Diario1 Diario1\",\"image\":{\"@type\":\"ImageObject\",\"inLanguage\":\"es\",\"@id\":\"https:\\\/\\\/secure.gravatar.com\\\/avatar\\\/9167d280179c85bc18be67aa7eda765854300033af4896dd779b608640f2ef7a?s=96&d=mm&r=g\",\"url\":\"https:\\\/\\\/secure.gravatar.com\\\/avatar\\\/9167d280179c85bc18be67aa7eda765854300033af4896dd779b608640f2ef7a?s=96&d=mm&r=g\",\"contentUrl\":\"https:\\\/\\\/secure.gravatar.com\\\/avatar\\\/9167d280179c85bc18be67aa7eda765854300033af4896dd779b608640f2ef7a?s=96&d=mm&r=g\",\"caption\":\"Diario1 Diario1\"},\"url\":\"https:\\\/\\\/diariotextual.com\\\/inicio\\\/index.php\\\/author\\\/diario1\\\/\"}]}<\/script>\n<!-- \/ Yoast SEO plugin. -->","yoast_head_json":{"title":"River Plate abrir\u00e1 su serie de cuartos de final ante Colo Colo en Chile - Diario Textual","robots":{"index":"index","follow":"follow","max-snippet":"max-snippet:-1","max-image-preview":"max-image-preview:large","max-video-preview":"max-video-preview:-1"},"canonical":"https:\/\/diariotextual.com\/inicio\/index.php\/2024\/09\/17\/river-plate-abrira-su-serie-de-cuartos-de-final-ante-colo-colo-en-chile\/","og_locale":"es_ES","og_type":"article","og_title":"River Plate abrir\u00e1 su serie de cuartos de final ante Colo Colo en Chile - Diario Textual","og_description":"River Plate visita esta noche a Colo Colo en Chile, por el partido de ida de los cuartos de final de la Copa Libertadores de Am\u00e9rica 2024. El encuentro&nbsp;se disputar\u00e1&hellip;","og_url":"https:\/\/diariotextual.com\/inicio\/index.php\/2024\/09\/17\/river-plate-abrira-su-serie-de-cuartos-de-final-ante-colo-colo-en-chile\/","og_site_name":"Diario Textual","article_publisher":"https:\/\/www.facebook.com\/eltextual","article_published_time":"2024-09-17T11:22:12+00:00","article_modified_time":"2024-09-18T02:19:47+00:00","og_image":[{"width":1500,"height":1000,"url":"https:\/\/diariotextual.com\/inicio\/wp-content\/uploads\/2024\/08\/borjamiguelriver2024-10.jpg","type":"image\/jpeg"}],"author":"Diario1 Diario1","twitter_card":"summary_large_image","twitter_creator":"@eltextual","twitter_site":"@eltextual","twitter_misc":{"Escrito por":"Diario1 Diario1","Tiempo de lectura":"3 minutos"},"schema":{"@context":"https:\/\/schema.org","@graph":[{"@type":"Article","@id":"https:\/\/diariotextual.com\/inicio\/index.php\/2024\/09\/17\/river-plate-abrira-su-serie-de-cuartos-de-final-ante-colo-colo-en-chile\/#article","isPartOf":{"@id":"https:\/\/diariotextual.com\/inicio\/index.php\/2024\/09\/17\/river-plate-abrira-su-serie-de-cuartos-de-final-ante-colo-colo-en-chile\/"},"author":{"name":"Diario1 Diario1","@id":"https:\/\/diariotextual.com\/inicio\/#\/schema\/person\/418fc4093c33e86ed41562db3508f958"},"headline":"River Plate abrir\u00e1 su serie de cuartos de final ante Colo Colo en Chile","datePublished":"2024-09-17T11:22:12+00:00","dateModified":"2024-09-18T02:19:47+00:00","mainEntityOfPage":{"@id":"https:\/\/diariotextual.com\/inicio\/index.php\/2024\/09\/17\/river-plate-abrira-su-serie-de-cuartos-de-final-ante-colo-colo-en-chile\/"},"wordCount":487,"publisher":{"@id":"https:\/\/diariotextual.com\/inicio\/#organization"},"image":{"@id":"https:\/\/diariotextual.com\/inicio\/index.php\/2024\/09\/17\/river-plate-abrira-su-serie-de-cuartos-de-final-ante-colo-colo-en-chile\/#primaryimage"},"thumbnailUrl":"https:\/\/diariotextual.com\/inicio\/wp-content\/uploads\/2024\/08\/borjamiguelriver2024-10.jpg","articleSection":["DEPORTES"],"inLanguage":"es"},{"@type":"WebPage","@id":"https:\/\/diariotextual.com\/inicio\/index.php\/2024\/09\/17\/river-plate-abrira-su-serie-de-cuartos-de-final-ante-colo-colo-en-chile\/","url":"https:\/\/diariotextual.com\/inicio\/index.php\/2024\/09\/17\/river-plate-abrira-su-serie-de-cuartos-de-final-ante-colo-colo-en-chile\/","name":"River Plate abrir\u00e1 su serie de cuartos de final ante Colo Colo en Chile - Diario Textual","isPartOf":{"@id":"https:\/\/diariotextual.com\/inicio\/#website"},"primaryImageOfPage":{"@id":"https:\/\/diariotextual.com\/inicio\/index.php\/2024\/09\/17\/river-plate-abrira-su-serie-de-cuartos-de-final-ante-colo-colo-en-chile\/#primaryimage"},"image":{"@id":"https:\/\/diariotextual.com\/inicio\/index.php\/2024\/09\/17\/river-plate-abrira-su-serie-de-cuartos-de-final-ante-colo-colo-en-chile\/#primaryimage"},"thumbnailUrl":"https:\/\/diariotextual.com\/inicio\/wp-content\/uploads\/2024\/08\/borjamiguelriver2024-10.jpg","datePublished":"2024-09-17T11:22:12+00:00","dateModified":"2024-09-18T02:19:47+00:00","breadcrumb":{"@id":"https:\/\/diariotextual.com\/inicio\/index.php\/2024\/09\/17\/river-plate-abrira-su-serie-de-cuartos-de-final-ante-colo-colo-en-chile\/#breadcrumb"},"inLanguage":"es","potentialAction":[{"@type":"ReadAction","target":["https:\/\/diariotextual.com\/inicio\/index.php\/2024\/09\/17\/river-plate-abrira-su-serie-de-cuartos-de-final-ante-colo-colo-en-chile\/"]}]},{"@type":"ImageObject","inLanguage":"es","@id":"https:\/\/diariotextual.com\/inicio\/index.php\/2024\/09\/17\/river-plate-abrira-su-serie-de-cuartos-de-final-ante-colo-colo-en-chile\/#primaryimage","url":"https:\/\/diariotextual.com\/inicio\/wp-content\/uploads\/2024\/08\/borjamiguelriver2024-10.jpg","contentUrl":"https:\/\/diariotextual.com\/inicio\/wp-content\/uploads\/2024\/08\/borjamiguelriver2024-10.jpg","width":1500,"height":1000},{"@type":"BreadcrumbList","@id":"https:\/\/diariotextual.com\/inicio\/index.php\/2024\/09\/17\/river-plate-abrira-su-serie-de-cuartos-de-final-ante-colo-colo-en-chile\/#breadcrumb","itemListElement":[{"@type":"ListItem","position":1,"name":"Portada","item":"https:\/\/diariotextual.com\/inicio\/"},{"@type":"ListItem","position":2,"name":"River Plate abrir\u00e1 su serie de cuartos de final ante Colo Colo en Chile"}]},{"@type":"WebSite","@id":"https:\/\/diariotextual.com\/inicio\/#website","url":"https:\/\/diariotextual.com\/inicio\/","name":"Diario Textual","description":"","publisher":{"@id":"https:\/\/diariotextual.com\/inicio\/#organization"},"potentialAction":[{"@type":"SearchAction","target":{"@type":"EntryPoint","urlTemplate":"https:\/\/diariotextual.com\/inicio\/?s={search_term_string}"},"query-input":{"@type":"PropertyValueSpecification","valueRequired":true,"valueName":"search_term_string"}}],"inLanguage":"es"},{"@type":"Organization","@id":"https:\/\/diariotextual.com\/inicio\/#organization","name":"Diario Textual","url":"https:\/\/diariotextual.com\/inicio\/","logo":{"@type":"ImageObject","inLanguage":"es","@id":"https:\/\/diariotextual.com\/inicio\/#\/schema\/logo\/image\/","url":"https:\/\/diariotextual.com\/inicio\/wp-content\/uploads\/2023\/05\/logotextual1.jpg","contentUrl":"https:\/\/diariotextual.com\/inicio\/wp-content\/uploads\/2023\/05\/logotextual1.jpg","width":516,"height":76,"caption":"Diario Textual"},"image":{"@id":"https:\/\/diariotextual.com\/inicio\/#\/schema\/logo\/image\/"},"sameAs":["https:\/\/www.facebook.com\/eltextual","https:\/\/x.com\/eltextual","http:\/\/www.instagram.com\/eltextual"]},{"@type":"Person","@id":"https:\/\/diariotextual.com\/inicio\/#\/schema\/person\/418fc4093c33e86ed41562db3508f958","name":"Diario1 Diario1","image":{"@type":"ImageObject","inLanguage":"es","@id":"https:\/\/secure.gravatar.com\/avatar\/9167d280179c85bc18be67aa7eda765854300033af4896dd779b608640f2ef7a?s=96&d=mm&r=g","url":"https:\/\/secure.gravatar.com\/avatar\/9167d280179c85bc18be67aa7eda765854300033af4896dd779b608640f2ef7a?s=96&d=mm&r=g","contentUrl":"https:\/\/secure.gravatar.com\/avatar\/9167d280179c85bc18be67aa7eda765854300033af4896dd779b608640f2ef7a?s=96&d=mm&r=g","caption":"Diario1 Diario1"},"url":"https:\/\/diariotextual.com\/inicio\/index.php\/author\/diario1\/"}]}},"_links":{"self":[{"href":"https:\/\/diariotextual.com\/inicio\/index.php\/wp-json\/wp\/v2\/posts\/275457","targetHints":{"allow":["GET"]}}],"collection":[{"href":"https:\/\/diariotextual.com\/inicio\/index.php\/wp-json\/wp\/v2\/posts"}],"about":[{"href":"https:\/\/diariotextual.com\/inicio\/index.php\/wp-json\/wp\/v2\/types\/post"}],"author":[{"embeddable":true,"href":"https:\/\/diariotextual.com\/inicio\/index.php\/wp-json\/wp\/v2\/users\/3"}],"replies":[{"embeddable":true,"href":"https:\/\/diariotextual.com\/inicio\/index.php\/wp-json\/wp\/v2\/comments?post=275457"}],"version-history":[{"count":3,"href":"https:\/\/diariotextual.com\/inicio\/index.php\/wp-json\/wp\/v2\/posts\/275457\/revisions"}],"predecessor-version":[{"id":275460,"href":"https:\/\/diariotextual.com\/inicio\/index.php\/wp-json\/wp\/v2\/posts\/275457\/revisions\/275460"}],"wp:featuredmedia":[{"embeddable":true,"href":"https:\/\/diariotextual.com\/inicio\/index.php\/wp-json\/wp\/v2\/media\/273305"}],"wp:attachment":[{"href":"https:\/\/diariotextual.com\/inicio\/index.php\/wp-json\/wp\/v2\/media?parent=275457"}],"wp:term":[{"taxonomy":"category","embeddable":true,"href":"https:\/\/diariotextual.com\/inicio\/index.php\/wp-json\/wp\/v2\/categories?post=275457"},{"taxonomy":"post_tag","embeddable":true,"href":"https:\/\/diariotextual.com\/inicio\/index.php\/wp-json\/wp\/v2\/tags?post=275457"}],"curies":[{"name":"wp","href":"https:\/\/api.w.org\/{rel}","templated":true}]}}