{"id":276479,"date":"2024-09-28T21:57:52","date_gmt":"2024-09-29T00:57:52","guid":{"rendered":"https:\/\/diariotextual.com\/inicio\/?p=276479"},"modified":"2024-09-28T22:32:45","modified_gmt":"2024-09-29T01:32:45","slug":"boca-volvio-a-perder","status":"publish","type":"post","link":"https:\/\/diariotextual.com\/inicio\/index.php\/2024\/09\/28\/boca-volvio-a-perder\/","title":{"rendered":"Boca volvi\u00f3 a perder y Mart\u00ednez renunci\u00f3 como DT"},"content":{"rendered":"\n<p><strong>Belgrano super\u00f3 2-0 a Boca\u00a0<\/strong>en C\u00f3rdoba, en el marco de la decimosexta fecha de la Liga Profesional de F\u00fatbol, y se agudiz\u00f3 su crisis: Diego Mart\u00ednez comunic\u00f3 su renuncia como director t\u00e9cnico.<\/p>\n\n\n\n<p><strong>Los goles del \u201cPirata\u201d<\/strong>&nbsp;los convirtieron los delanteros&nbsp;<strong>Franco Jara y Nicol\u00e1s Fern\u00e1ndez<\/strong>&nbsp;a los 14 y 23 minutos del segundo tiempo respectivamente.<\/p>\n\n\n\n<p>El&nbsp;<strong>primer tiempo<\/strong>&nbsp;en el estadio Julio C\u00e9sar Villagra fue para el olvido, ya que&nbsp;<strong>Boca no gener\u00f3 peligro al no rematar ni una sola vez al arco,<\/strong>&nbsp;reflejando el momento actual del equipo y&nbsp;<strong>Belgrano tampoco fue efectivo en las situaciones que tuvo<\/strong>. La \u00fanica jugada destacada fue la lesi\u00f3n de Cristian Medina, que debi\u00f3 ser reemplazado por Exequiel Zeballos.<\/p>\n\n\n\n<p>En el complemento,&nbsp;<strong>Belgrano tom\u00f3 el control y a los 13 minutos, Jara abri\u00f3 el marcador<\/strong>&nbsp;tras un&nbsp;<strong>penal atajado por Leandro Brey<\/strong>, pero que el delantero capitaliz\u00f3 en el rebote. Desde ese momento,&nbsp;<strong>Boca se desmoron\u00f3 y fue superado en todas las l\u00edneas<\/strong>.<\/p>\n\n\n\n<p>El \u201cPirata\u201d domin\u00f3 a voluntad y pudo ampliar la ventaja en varias ocasiones, incluyendo dos tiros al poste en la misma jugada y un&nbsp;<strong>gol de \u201cUvita\u201d Fern\u00e1ndez a los 23 minutos<\/strong>&nbsp;tras un gran pase de cabeza de Alejandro R\u00e9bola.&nbsp;<strong>Boca nunca logr\u00f3 reaccionar<\/strong>&nbsp;y, salvo por algunas intervenciones del arquero Brey, el equipo no mostr\u00f3 se\u00f1ales de mejora.<\/p>\n\n\n\n<p><strong>El conjunto \u201cXeneize\u201d se vio desdibujado<\/strong>&nbsp;y sigue sin encontrar el rumbo futbol\u00edstico tras la eliminaci\u00f3n en la Copa Sudamericana y los dos cl\u00e1sicos perdidos ante Racing y River, por su parte Belgrano, logr\u00f3 una victoria que lo deja bien parado de cara al enfrentamiento de la pr\u00f3xima fecha, donde jugar\u00e1 el cl\u00e1sico cordob\u00e9s ante Talleres.<\/p>\n\n\n\n<p>Con esta derrota,\u00a0<strong>Boca se ubica duod\u00e9cimo en la Liga Profesional<\/strong>, lejos de los puestos de clasificaci\u00f3n a la Copa Libertadores y Mart\u00ednez present\u00f3 la dimisi\u00f3n luego de este resultado, en un contexto donde las derrotas ante River y Racing hab\u00edan\u00a0<strong>encendido las alarmas<\/strong>\u00a0y ya se especulaba que el\u00a0<strong>t\u00e9cnico iba a vivir el d\u00eda a d\u00eda, dependiendo como transcurr\u00edan los dem\u00e1s encuentros.<\/strong><\/p>\n\n\n\n<p><strong>Belgrano con esta victoria queda en la novena posici\u00f3n con 24 unidades&nbsp;<\/strong>y queda a nueve unidades del l\u00edder solitario, V\u00e9lez.<\/p>\n\n\n\n<p><\/p>\n","protected":false},"excerpt":{"rendered":"<p>Belgrano super\u00f3 2-0 a Boca\u00a0en C\u00f3rdoba, en el marco de la decimosexta fecha de la Liga Profesional de F\u00fatbol, y se agudiz\u00f3 su crisis: Diego Mart\u00ednez comunic\u00f3 su renuncia como&hellip;<\/p>\n","protected":false},"author":3,"featured_media":276480,"comment_status":"closed","ping_status":"open","sticky":false,"template":"","format":"standard","meta":{"_acf_changed":false,"footnotes":""},"categories":[1,3],"tags":[],"class_list":["post-276479","post","type-post","status-publish","format-standard","has-post-thumbnail","hentry","category-es-noticia","category-deportes"],"acf":[],"yoast_head":"<!-- This site is optimized with the Yoast SEO plugin v27.5 - https:\/\/yoast.com\/product\/yoast-seo-wordpress\/ -->\n<title>Boca volvi\u00f3 a perder y Mart\u00ednez renunci\u00f3 como DT - Diario Textual<\/title>\n<meta name=\"robots\" content=\"index, follow, max-snippet:-1, max-image-preview:large, max-video-preview:-1\" \/>\n<link rel=\"canonical\" href=\"https:\/\/diariotextual.com\/inicio\/index.php\/2024\/09\/28\/boca-volvio-a-perder\/\" \/>\n<meta property=\"og:locale\" content=\"es_ES\" \/>\n<meta property=\"og:type\" content=\"article\" \/>\n<meta property=\"og:title\" content=\"Boca volvi\u00f3 a perder y Mart\u00ednez renunci\u00f3 como DT - Diario Textual\" \/>\n<meta property=\"og:description\" content=\"Belgrano super\u00f3 2-0 a Boca\u00a0en C\u00f3rdoba, en el marco de la decimosexta fecha de la Liga Profesional de F\u00fatbol, y se agudiz\u00f3 su crisis: Diego Mart\u00ednez comunic\u00f3 su renuncia como&hellip;\" \/>\n<meta property=\"og:url\" content=\"https:\/\/diariotextual.com\/inicio\/index.php\/2024\/09\/28\/boca-volvio-a-perder\/\" \/>\n<meta property=\"og:site_name\" content=\"Diario Textual\" \/>\n<meta property=\"article:publisher\" content=\"https:\/\/www.facebook.com\/eltextual\" \/>\n<meta property=\"article:published_time\" content=\"2024-09-29T00:57:52+00:00\" \/>\n<meta property=\"article:modified_time\" content=\"2024-09-29T01:32:45+00:00\" \/>\n<meta property=\"og:image\" content=\"https:\/\/diariotextual.com\/inicio\/wp-content\/uploads\/2024\/09\/belgranoboca2024-12.jpg\" \/>\n\t<meta property=\"og:image:width\" content=\"1500\" \/>\n\t<meta property=\"og:image:height\" content=\"844\" \/>\n\t<meta property=\"og:image:type\" content=\"image\/jpeg\" \/>\n<meta name=\"author\" content=\"Diario1 Diario1\" \/>\n<meta name=\"twitter:card\" content=\"summary_large_image\" \/>\n<meta name=\"twitter:creator\" content=\"@eltextual\" \/>\n<meta name=\"twitter:site\" content=\"@eltextual\" \/>\n<meta name=\"twitter:label1\" content=\"Escrito por\" \/>\n\t<meta name=\"twitter:data1\" content=\"Diario1 Diario1\" \/>\n\t<meta name=\"twitter:label2\" content=\"Tiempo de lectura\" \/>\n\t<meta name=\"twitter:data2\" content=\"2 minutos\" \/>\n<script type=\"application\/ld+json\" class=\"yoast-schema-graph\">{\"@context\":\"https:\\\/\\\/schema.org\",\"@graph\":[{\"@type\":\"Article\",\"@id\":\"https:\\\/\\\/diariotextual.com\\\/inicio\\\/index.php\\\/2024\\\/09\\\/28\\\/boca-volvio-a-perder\\\/#article\",\"isPartOf\":{\"@id\":\"https:\\\/\\\/diariotextual.com\\\/inicio\\\/index.php\\\/2024\\\/09\\\/28\\\/boca-volvio-a-perder\\\/\"},\"author\":{\"name\":\"Diario1 Diario1\",\"@id\":\"https:\\\/\\\/diariotextual.com\\\/inicio\\\/#\\\/schema\\\/person\\\/418fc4093c33e86ed41562db3508f958\"},\"headline\":\"Boca volvi\u00f3 a perder y Mart\u00ednez renunci\u00f3 como DT\",\"datePublished\":\"2024-09-29T00:57:52+00:00\",\"dateModified\":\"2024-09-29T01:32:45+00:00\",\"mainEntityOfPage\":{\"@id\":\"https:\\\/\\\/diariotextual.com\\\/inicio\\\/index.php\\\/2024\\\/09\\\/28\\\/boca-volvio-a-perder\\\/\"},\"wordCount\":416,\"publisher\":{\"@id\":\"https:\\\/\\\/diariotextual.com\\\/inicio\\\/#organization\"},\"image\":{\"@id\":\"https:\\\/\\\/diariotextual.com\\\/inicio\\\/index.php\\\/2024\\\/09\\\/28\\\/boca-volvio-a-perder\\\/#primaryimage\"},\"thumbnailUrl\":\"https:\\\/\\\/diariotextual.com\\\/inicio\\\/wp-content\\\/uploads\\\/2024\\\/09\\\/belgranoboca2024-12.jpg\",\"articleSection\":[\"A - ES NOTICIA (van abajo)\",\"DEPORTES\"],\"inLanguage\":\"es\"},{\"@type\":\"WebPage\",\"@id\":\"https:\\\/\\\/diariotextual.com\\\/inicio\\\/index.php\\\/2024\\\/09\\\/28\\\/boca-volvio-a-perder\\\/\",\"url\":\"https:\\\/\\\/diariotextual.com\\\/inicio\\\/index.php\\\/2024\\\/09\\\/28\\\/boca-volvio-a-perder\\\/\",\"name\":\"Boca volvi\u00f3 a perder y Mart\u00ednez renunci\u00f3 como DT - Diario Textual\",\"isPartOf\":{\"@id\":\"https:\\\/\\\/diariotextual.com\\\/inicio\\\/#website\"},\"primaryImageOfPage\":{\"@id\":\"https:\\\/\\\/diariotextual.com\\\/inicio\\\/index.php\\\/2024\\\/09\\\/28\\\/boca-volvio-a-perder\\\/#primaryimage\"},\"image\":{\"@id\":\"https:\\\/\\\/diariotextual.com\\\/inicio\\\/index.php\\\/2024\\\/09\\\/28\\\/boca-volvio-a-perder\\\/#primaryimage\"},\"thumbnailUrl\":\"https:\\\/\\\/diariotextual.com\\\/inicio\\\/wp-content\\\/uploads\\\/2024\\\/09\\\/belgranoboca2024-12.jpg\",\"datePublished\":\"2024-09-29T00:57:52+00:00\",\"dateModified\":\"2024-09-29T01:32:45+00:00\",\"breadcrumb\":{\"@id\":\"https:\\\/\\\/diariotextual.com\\\/inicio\\\/index.php\\\/2024\\\/09\\\/28\\\/boca-volvio-a-perder\\\/#breadcrumb\"},\"inLanguage\":\"es\",\"potentialAction\":[{\"@type\":\"ReadAction\",\"target\":[\"https:\\\/\\\/diariotextual.com\\\/inicio\\\/index.php\\\/2024\\\/09\\\/28\\\/boca-volvio-a-perder\\\/\"]}]},{\"@type\":\"ImageObject\",\"inLanguage\":\"es\",\"@id\":\"https:\\\/\\\/diariotextual.com\\\/inicio\\\/index.php\\\/2024\\\/09\\\/28\\\/boca-volvio-a-perder\\\/#primaryimage\",\"url\":\"https:\\\/\\\/diariotextual.com\\\/inicio\\\/wp-content\\\/uploads\\\/2024\\\/09\\\/belgranoboca2024-12.jpg\",\"contentUrl\":\"https:\\\/\\\/diariotextual.com\\\/inicio\\\/wp-content\\\/uploads\\\/2024\\\/09\\\/belgranoboca2024-12.jpg\",\"width\":1500,\"height\":844},{\"@type\":\"BreadcrumbList\",\"@id\":\"https:\\\/\\\/diariotextual.com\\\/inicio\\\/index.php\\\/2024\\\/09\\\/28\\\/boca-volvio-a-perder\\\/#breadcrumb\",\"itemListElement\":[{\"@type\":\"ListItem\",\"position\":1,\"name\":\"Portada\",\"item\":\"https:\\\/\\\/diariotextual.com\\\/inicio\\\/\"},{\"@type\":\"ListItem\",\"position\":2,\"name\":\"Boca volvi\u00f3 a perder y Mart\u00ednez renunci\u00f3 como DT\"}]},{\"@type\":\"WebSite\",\"@id\":\"https:\\\/\\\/diariotextual.com\\\/inicio\\\/#website\",\"url\":\"https:\\\/\\\/diariotextual.com\\\/inicio\\\/\",\"name\":\"Diario Textual\",\"description\":\"\",\"publisher\":{\"@id\":\"https:\\\/\\\/diariotextual.com\\\/inicio\\\/#organization\"},\"potentialAction\":[{\"@type\":\"SearchAction\",\"target\":{\"@type\":\"EntryPoint\",\"urlTemplate\":\"https:\\\/\\\/diariotextual.com\\\/inicio\\\/?s={search_term_string}\"},\"query-input\":{\"@type\":\"PropertyValueSpecification\",\"valueRequired\":true,\"valueName\":\"search_term_string\"}}],\"inLanguage\":\"es\"},{\"@type\":\"Organization\",\"@id\":\"https:\\\/\\\/diariotextual.com\\\/inicio\\\/#organization\",\"name\":\"Diario Textual\",\"url\":\"https:\\\/\\\/diariotextual.com\\\/inicio\\\/\",\"logo\":{\"@type\":\"ImageObject\",\"inLanguage\":\"es\",\"@id\":\"https:\\\/\\\/diariotextual.com\\\/inicio\\\/#\\\/schema\\\/logo\\\/image\\\/\",\"url\":\"https:\\\/\\\/diariotextual.com\\\/inicio\\\/wp-content\\\/uploads\\\/2023\\\/05\\\/logotextual1.jpg\",\"contentUrl\":\"https:\\\/\\\/diariotextual.com\\\/inicio\\\/wp-content\\\/uploads\\\/2023\\\/05\\\/logotextual1.jpg\",\"width\":516,\"height\":76,\"caption\":\"Diario Textual\"},\"image\":{\"@id\":\"https:\\\/\\\/diariotextual.com\\\/inicio\\\/#\\\/schema\\\/logo\\\/image\\\/\"},\"sameAs\":[\"https:\\\/\\\/www.facebook.com\\\/eltextual\",\"https:\\\/\\\/x.com\\\/eltextual\",\"http:\\\/\\\/www.instagram.com\\\/eltextual\"]},{\"@type\":\"Person\",\"@id\":\"https:\\\/\\\/diariotextual.com\\\/inicio\\\/#\\\/schema\\\/person\\\/418fc4093c33e86ed41562db3508f958\",\"name\":\"Diario1 Diario1\",\"image\":{\"@type\":\"ImageObject\",\"inLanguage\":\"es\",\"@id\":\"https:\\\/\\\/secure.gravatar.com\\\/avatar\\\/9167d280179c85bc18be67aa7eda765854300033af4896dd779b608640f2ef7a?s=96&d=mm&r=g\",\"url\":\"https:\\\/\\\/secure.gravatar.com\\\/avatar\\\/9167d280179c85bc18be67aa7eda765854300033af4896dd779b608640f2ef7a?s=96&d=mm&r=g\",\"contentUrl\":\"https:\\\/\\\/secure.gravatar.com\\\/avatar\\\/9167d280179c85bc18be67aa7eda765854300033af4896dd779b608640f2ef7a?s=96&d=mm&r=g\",\"caption\":\"Diario1 Diario1\"},\"url\":\"https:\\\/\\\/diariotextual.com\\\/inicio\\\/index.php\\\/author\\\/diario1\\\/\"}]}<\/script>\n<!-- \/ Yoast SEO plugin. -->","yoast_head_json":{"title":"Boca volvi\u00f3 a perder y Mart\u00ednez renunci\u00f3 como DT - Diario Textual","robots":{"index":"index","follow":"follow","max-snippet":"max-snippet:-1","max-image-preview":"max-image-preview:large","max-video-preview":"max-video-preview:-1"},"canonical":"https:\/\/diariotextual.com\/inicio\/index.php\/2024\/09\/28\/boca-volvio-a-perder\/","og_locale":"es_ES","og_type":"article","og_title":"Boca volvi\u00f3 a perder y Mart\u00ednez renunci\u00f3 como DT - Diario Textual","og_description":"Belgrano super\u00f3 2-0 a Boca\u00a0en C\u00f3rdoba, en el marco de la decimosexta fecha de la Liga Profesional de F\u00fatbol, y se agudiz\u00f3 su crisis: Diego Mart\u00ednez comunic\u00f3 su renuncia como&hellip;","og_url":"https:\/\/diariotextual.com\/inicio\/index.php\/2024\/09\/28\/boca-volvio-a-perder\/","og_site_name":"Diario Textual","article_publisher":"https:\/\/www.facebook.com\/eltextual","article_published_time":"2024-09-29T00:57:52+00:00","article_modified_time":"2024-09-29T01:32:45+00:00","og_image":[{"width":1500,"height":844,"url":"https:\/\/diariotextual.com\/inicio\/wp-content\/uploads\/2024\/09\/belgranoboca2024-12.jpg","type":"image\/jpeg"}],"author":"Diario1 Diario1","twitter_card":"summary_large_image","twitter_creator":"@eltextual","twitter_site":"@eltextual","twitter_misc":{"Escrito por":"Diario1 Diario1","Tiempo de lectura":"2 minutos"},"schema":{"@context":"https:\/\/schema.org","@graph":[{"@type":"Article","@id":"https:\/\/diariotextual.com\/inicio\/index.php\/2024\/09\/28\/boca-volvio-a-perder\/#article","isPartOf":{"@id":"https:\/\/diariotextual.com\/inicio\/index.php\/2024\/09\/28\/boca-volvio-a-perder\/"},"author":{"name":"Diario1 Diario1","@id":"https:\/\/diariotextual.com\/inicio\/#\/schema\/person\/418fc4093c33e86ed41562db3508f958"},"headline":"Boca volvi\u00f3 a perder y Mart\u00ednez renunci\u00f3 como DT","datePublished":"2024-09-29T00:57:52+00:00","dateModified":"2024-09-29T01:32:45+00:00","mainEntityOfPage":{"@id":"https:\/\/diariotextual.com\/inicio\/index.php\/2024\/09\/28\/boca-volvio-a-perder\/"},"wordCount":416,"publisher":{"@id":"https:\/\/diariotextual.com\/inicio\/#organization"},"image":{"@id":"https:\/\/diariotextual.com\/inicio\/index.php\/2024\/09\/28\/boca-volvio-a-perder\/#primaryimage"},"thumbnailUrl":"https:\/\/diariotextual.com\/inicio\/wp-content\/uploads\/2024\/09\/belgranoboca2024-12.jpg","articleSection":["A - ES NOTICIA (van abajo)","DEPORTES"],"inLanguage":"es"},{"@type":"WebPage","@id":"https:\/\/diariotextual.com\/inicio\/index.php\/2024\/09\/28\/boca-volvio-a-perder\/","url":"https:\/\/diariotextual.com\/inicio\/index.php\/2024\/09\/28\/boca-volvio-a-perder\/","name":"Boca volvi\u00f3 a perder y Mart\u00ednez renunci\u00f3 como DT - Diario Textual","isPartOf":{"@id":"https:\/\/diariotextual.com\/inicio\/#website"},"primaryImageOfPage":{"@id":"https:\/\/diariotextual.com\/inicio\/index.php\/2024\/09\/28\/boca-volvio-a-perder\/#primaryimage"},"image":{"@id":"https:\/\/diariotextual.com\/inicio\/index.php\/2024\/09\/28\/boca-volvio-a-perder\/#primaryimage"},"thumbnailUrl":"https:\/\/diariotextual.com\/inicio\/wp-content\/uploads\/2024\/09\/belgranoboca2024-12.jpg","datePublished":"2024-09-29T00:57:52+00:00","dateModified":"2024-09-29T01:32:45+00:00","breadcrumb":{"@id":"https:\/\/diariotextual.com\/inicio\/index.php\/2024\/09\/28\/boca-volvio-a-perder\/#breadcrumb"},"inLanguage":"es","potentialAction":[{"@type":"ReadAction","target":["https:\/\/diariotextual.com\/inicio\/index.php\/2024\/09\/28\/boca-volvio-a-perder\/"]}]},{"@type":"ImageObject","inLanguage":"es","@id":"https:\/\/diariotextual.com\/inicio\/index.php\/2024\/09\/28\/boca-volvio-a-perder\/#primaryimage","url":"https:\/\/diariotextual.com\/inicio\/wp-content\/uploads\/2024\/09\/belgranoboca2024-12.jpg","contentUrl":"https:\/\/diariotextual.com\/inicio\/wp-content\/uploads\/2024\/09\/belgranoboca2024-12.jpg","width":1500,"height":844},{"@type":"BreadcrumbList","@id":"https:\/\/diariotextual.com\/inicio\/index.php\/2024\/09\/28\/boca-volvio-a-perder\/#breadcrumb","itemListElement":[{"@type":"ListItem","position":1,"name":"Portada","item":"https:\/\/diariotextual.com\/inicio\/"},{"@type":"ListItem","position":2,"name":"Boca volvi\u00f3 a perder y Mart\u00ednez renunci\u00f3 como DT"}]},{"@type":"WebSite","@id":"https:\/\/diariotextual.com\/inicio\/#website","url":"https:\/\/diariotextual.com\/inicio\/","name":"Diario Textual","description":"","publisher":{"@id":"https:\/\/diariotextual.com\/inicio\/#organization"},"potentialAction":[{"@type":"SearchAction","target":{"@type":"EntryPoint","urlTemplate":"https:\/\/diariotextual.com\/inicio\/?s={search_term_string}"},"query-input":{"@type":"PropertyValueSpecification","valueRequired":true,"valueName":"search_term_string"}}],"inLanguage":"es"},{"@type":"Organization","@id":"https:\/\/diariotextual.com\/inicio\/#organization","name":"Diario Textual","url":"https:\/\/diariotextual.com\/inicio\/","logo":{"@type":"ImageObject","inLanguage":"es","@id":"https:\/\/diariotextual.com\/inicio\/#\/schema\/logo\/image\/","url":"https:\/\/diariotextual.com\/inicio\/wp-content\/uploads\/2023\/05\/logotextual1.jpg","contentUrl":"https:\/\/diariotextual.com\/inicio\/wp-content\/uploads\/2023\/05\/logotextual1.jpg","width":516,"height":76,"caption":"Diario Textual"},"image":{"@id":"https:\/\/diariotextual.com\/inicio\/#\/schema\/logo\/image\/"},"sameAs":["https:\/\/www.facebook.com\/eltextual","https:\/\/x.com\/eltextual","http:\/\/www.instagram.com\/eltextual"]},{"@type":"Person","@id":"https:\/\/diariotextual.com\/inicio\/#\/schema\/person\/418fc4093c33e86ed41562db3508f958","name":"Diario1 Diario1","image":{"@type":"ImageObject","inLanguage":"es","@id":"https:\/\/secure.gravatar.com\/avatar\/9167d280179c85bc18be67aa7eda765854300033af4896dd779b608640f2ef7a?s=96&d=mm&r=g","url":"https:\/\/secure.gravatar.com\/avatar\/9167d280179c85bc18be67aa7eda765854300033af4896dd779b608640f2ef7a?s=96&d=mm&r=g","contentUrl":"https:\/\/secure.gravatar.com\/avatar\/9167d280179c85bc18be67aa7eda765854300033af4896dd779b608640f2ef7a?s=96&d=mm&r=g","caption":"Diario1 Diario1"},"url":"https:\/\/diariotextual.com\/inicio\/index.php\/author\/diario1\/"}]}},"_links":{"self":[{"href":"https:\/\/diariotextual.com\/inicio\/index.php\/wp-json\/wp\/v2\/posts\/276479","targetHints":{"allow":["GET"]}}],"collection":[{"href":"https:\/\/diariotextual.com\/inicio\/index.php\/wp-json\/wp\/v2\/posts"}],"about":[{"href":"https:\/\/diariotextual.com\/inicio\/index.php\/wp-json\/wp\/v2\/types\/post"}],"author":[{"embeddable":true,"href":"https:\/\/diariotextual.com\/inicio\/index.php\/wp-json\/wp\/v2\/users\/3"}],"replies":[{"embeddable":true,"href":"https:\/\/diariotextual.com\/inicio\/index.php\/wp-json\/wp\/v2\/comments?post=276479"}],"version-history":[{"count":5,"href":"https:\/\/diariotextual.com\/inicio\/index.php\/wp-json\/wp\/v2\/posts\/276479\/revisions"}],"predecessor-version":[{"id":276487,"href":"https:\/\/diariotextual.com\/inicio\/index.php\/wp-json\/wp\/v2\/posts\/276479\/revisions\/276487"}],"wp:featuredmedia":[{"embeddable":true,"href":"https:\/\/diariotextual.com\/inicio\/index.php\/wp-json\/wp\/v2\/media\/276480"}],"wp:attachment":[{"href":"https:\/\/diariotextual.com\/inicio\/index.php\/wp-json\/wp\/v2\/media?parent=276479"}],"wp:term":[{"taxonomy":"category","embeddable":true,"href":"https:\/\/diariotextual.com\/inicio\/index.php\/wp-json\/wp\/v2\/categories?post=276479"},{"taxonomy":"post_tag","embeddable":true,"href":"https:\/\/diariotextual.com\/inicio\/index.php\/wp-json\/wp\/v2\/tags?post=276479"}],"curies":[{"name":"wp","href":"https:\/\/api.w.org\/{rel}","templated":true}]}}