{"id":276720,"date":"2024-10-02T08:46:03","date_gmt":"2024-10-02T11:46:03","guid":{"rendered":"https:\/\/diariotextual.com\/inicio\/?p=276720"},"modified":"2024-10-02T10:55:08","modified_gmt":"2024-10-02T13:55:08","slug":"el-ipav-ya-aprobo-627-exenciones-de-pago-de-cuotas-de-casas-sociales-a-jubilados-nacionales-que-cobran-la-minima","status":"publish","type":"post","link":"https:\/\/diariotextual.com\/inicio\/index.php\/2024\/10\/02\/el-ipav-ya-aprobo-627-exenciones-de-pago-de-cuotas-de-casas-sociales-a-jubilados-nacionales-que-cobran-la-minima\/","title":{"rendered":"El IPAV ya aprob\u00f3 627 exenciones de pago de cuotas de casas sociales a jubilados nacionales que cobran la m\u00ednima"},"content":{"rendered":"\n<p>El<strong> Instituto Provincial Aut\u00e1rquico de Vivienda<\/strong> ya aprob\u00f3 <strong>627 solicitudes de exenciones de pago de cuotas<\/strong> de casas sociales a <strong>jubilados nacionales que cobran la m\u00ednima.<\/strong><\/p>\n\n\n\n<p>La medida dispuesta por el Gobierno provincial incluye a quienes cobran la jubilaci\u00f3n m\u00ednima de Naci\u00f3n. <strong>El beneficio implica que una vez aprobado el tr\u00e1mite, el jubilado o jubilada no va a pagar la cuota hasta octubre de 2025.<\/strong><\/p>\n\n\n\n<p>Esto fue impulsado por el gobernador Sergio Ziliotto con el objetivo de brindar una ayuda a las y los jubilados nacionales en un contexto donde el ajuste de Naci\u00f3n castiga a todos, pero especialmente, a aquellas personas que se encuentran en edad jubilatoria.<\/p>\n\n\n\n<p>\u201cEl gobernador entiende que el sector de los jubilados est\u00e1 siendo fuertemente castigado y es necesario dar una respuesta a este sector, por eso se plante\u00f3 y se impuls\u00f3 esta medida, que lleva alivio a las y los jubilados en la Provincia, para que esa plata que destinan a las cuotas, la puedan utilizar en otras cosas tan elementales y necesarias como alimentos o medicamentos\u201d, dijo la titular del IPAV, Erica Riboyra.<\/p>\n","protected":false},"excerpt":{"rendered":"<p>El Instituto Provincial Aut\u00e1rquico de Vivienda ya aprob\u00f3 627 solicitudes de exenciones de pago de cuotas de casas sociales a jubilados nacionales que cobran la m\u00ednima. La medida dispuesta por&hellip;<\/p>\n","protected":false},"author":7,"featured_media":42680,"comment_status":"closed","ping_status":"open","sticky":false,"template":"","format":"standard","meta":{"_acf_changed":false,"footnotes":""},"categories":[4,12],"tags":[],"class_list":["post-276720","post","type-post","status-publish","format-standard","has-post-thumbnail","hentry","category-destacadas","category-sociedad"],"acf":[],"yoast_head":"<!-- This site is optimized with the Yoast SEO plugin v27.4 - https:\/\/yoast.com\/product\/yoast-seo-wordpress\/ -->\n<title>El IPAV ya aprob\u00f3 627 exenciones de pago de cuotas de casas sociales a jubilados nacionales que cobran la m\u00ednima - Diario Textual<\/title>\n<meta name=\"robots\" content=\"index, follow, max-snippet:-1, max-image-preview:large, max-video-preview:-1\" \/>\n<link rel=\"canonical\" href=\"https:\/\/diariotextual.com\/inicio\/index.php\/2024\/10\/02\/el-ipav-ya-aprobo-627-exenciones-de-pago-de-cuotas-de-casas-sociales-a-jubilados-nacionales-que-cobran-la-minima\/\" \/>\n<meta property=\"og:locale\" content=\"es_ES\" \/>\n<meta property=\"og:type\" content=\"article\" \/>\n<meta property=\"og:title\" content=\"El IPAV ya aprob\u00f3 627 exenciones de pago de cuotas de casas sociales a jubilados nacionales que cobran la m\u00ednima - Diario Textual\" \/>\n<meta property=\"og:description\" content=\"El Instituto Provincial Aut\u00e1rquico de Vivienda ya aprob\u00f3 627 solicitudes de exenciones de pago de cuotas de casas sociales a jubilados nacionales que cobran la m\u00ednima. La medida dispuesta por&hellip;\" \/>\n<meta property=\"og:url\" content=\"https:\/\/diariotextual.com\/inicio\/index.php\/2024\/10\/02\/el-ipav-ya-aprobo-627-exenciones-de-pago-de-cuotas-de-casas-sociales-a-jubilados-nacionales-que-cobran-la-minima\/\" \/>\n<meta property=\"og:site_name\" content=\"Diario Textual\" \/>\n<meta property=\"article:publisher\" content=\"https:\/\/www.facebook.com\/eltextual\" \/>\n<meta property=\"article:published_time\" content=\"2024-10-02T11:46:03+00:00\" \/>\n<meta property=\"article:modified_time\" content=\"2024-10-02T13:55:08+00:00\" \/>\n<meta property=\"og:image\" content=\"https:\/\/diariotextual.com\/inicio\/wp-content\/uploads\/2019\/03\/casassociales1009-2019-2.jpg\" \/>\n\t<meta property=\"og:image:width\" content=\"1100\" \/>\n\t<meta property=\"og:image:height\" content=\"719\" \/>\n\t<meta property=\"og:image:type\" content=\"image\/jpeg\" \/>\n<meta name=\"author\" content=\"diario5\" \/>\n<meta name=\"twitter:card\" content=\"summary_large_image\" \/>\n<meta name=\"twitter:creator\" content=\"@eltextual\" \/>\n<meta name=\"twitter:site\" content=\"@eltextual\" \/>\n<meta name=\"twitter:label1\" content=\"Escrito por\" \/>\n\t<meta name=\"twitter:data1\" content=\"diario5\" \/>\n\t<meta name=\"twitter:label2\" content=\"Tiempo de lectura\" \/>\n\t<meta name=\"twitter:data2\" content=\"2 minutos\" \/>\n<script type=\"application\/ld+json\" class=\"yoast-schema-graph\">{\"@context\":\"https:\\\/\\\/schema.org\",\"@graph\":[{\"@type\":\"Article\",\"@id\":\"https:\\\/\\\/diariotextual.com\\\/inicio\\\/index.php\\\/2024\\\/10\\\/02\\\/el-ipav-ya-aprobo-627-exenciones-de-pago-de-cuotas-de-casas-sociales-a-jubilados-nacionales-que-cobran-la-minima\\\/#article\",\"isPartOf\":{\"@id\":\"https:\\\/\\\/diariotextual.com\\\/inicio\\\/index.php\\\/2024\\\/10\\\/02\\\/el-ipav-ya-aprobo-627-exenciones-de-pago-de-cuotas-de-casas-sociales-a-jubilados-nacionales-que-cobran-la-minima\\\/\"},\"author\":{\"name\":\"diario5\",\"@id\":\"https:\\\/\\\/diariotextual.com\\\/inicio\\\/#\\\/schema\\\/person\\\/c7834961ad8b29b1d9cdbf4571299067\"},\"headline\":\"El IPAV ya aprob\u00f3 627 exenciones de pago de cuotas de casas sociales a jubilados nacionales que cobran la m\u00ednima\",\"datePublished\":\"2024-10-02T11:46:03+00:00\",\"dateModified\":\"2024-10-02T13:55:08+00:00\",\"mainEntityOfPage\":{\"@id\":\"https:\\\/\\\/diariotextual.com\\\/inicio\\\/index.php\\\/2024\\\/10\\\/02\\\/el-ipav-ya-aprobo-627-exenciones-de-pago-de-cuotas-de-casas-sociales-a-jubilados-nacionales-que-cobran-la-minima\\\/\"},\"wordCount\":205,\"publisher\":{\"@id\":\"https:\\\/\\\/diariotextual.com\\\/inicio\\\/#organization\"},\"image\":{\"@id\":\"https:\\\/\\\/diariotextual.com\\\/inicio\\\/index.php\\\/2024\\\/10\\\/02\\\/el-ipav-ya-aprobo-627-exenciones-de-pago-de-cuotas-de-casas-sociales-a-jubilados-nacionales-que-cobran-la-minima\\\/#primaryimage\"},\"thumbnailUrl\":\"https:\\\/\\\/diariotextual.com\\\/inicio\\\/wp-content\\\/uploads\\\/2019\\\/03\\\/casassociales1009-2019-2.jpg\",\"articleSection\":[\"A - DESTACADAS (mod 16)\",\"SOCIEDAD\"],\"inLanguage\":\"es\"},{\"@type\":\"WebPage\",\"@id\":\"https:\\\/\\\/diariotextual.com\\\/inicio\\\/index.php\\\/2024\\\/10\\\/02\\\/el-ipav-ya-aprobo-627-exenciones-de-pago-de-cuotas-de-casas-sociales-a-jubilados-nacionales-que-cobran-la-minima\\\/\",\"url\":\"https:\\\/\\\/diariotextual.com\\\/inicio\\\/index.php\\\/2024\\\/10\\\/02\\\/el-ipav-ya-aprobo-627-exenciones-de-pago-de-cuotas-de-casas-sociales-a-jubilados-nacionales-que-cobran-la-minima\\\/\",\"name\":\"El IPAV ya aprob\u00f3 627 exenciones de pago de cuotas de casas sociales a jubilados nacionales que cobran la m\u00ednima - Diario Textual\",\"isPartOf\":{\"@id\":\"https:\\\/\\\/diariotextual.com\\\/inicio\\\/#website\"},\"primaryImageOfPage\":{\"@id\":\"https:\\\/\\\/diariotextual.com\\\/inicio\\\/index.php\\\/2024\\\/10\\\/02\\\/el-ipav-ya-aprobo-627-exenciones-de-pago-de-cuotas-de-casas-sociales-a-jubilados-nacionales-que-cobran-la-minima\\\/#primaryimage\"},\"image\":{\"@id\":\"https:\\\/\\\/diariotextual.com\\\/inicio\\\/index.php\\\/2024\\\/10\\\/02\\\/el-ipav-ya-aprobo-627-exenciones-de-pago-de-cuotas-de-casas-sociales-a-jubilados-nacionales-que-cobran-la-minima\\\/#primaryimage\"},\"thumbnailUrl\":\"https:\\\/\\\/diariotextual.com\\\/inicio\\\/wp-content\\\/uploads\\\/2019\\\/03\\\/casassociales1009-2019-2.jpg\",\"datePublished\":\"2024-10-02T11:46:03+00:00\",\"dateModified\":\"2024-10-02T13:55:08+00:00\",\"breadcrumb\":{\"@id\":\"https:\\\/\\\/diariotextual.com\\\/inicio\\\/index.php\\\/2024\\\/10\\\/02\\\/el-ipav-ya-aprobo-627-exenciones-de-pago-de-cuotas-de-casas-sociales-a-jubilados-nacionales-que-cobran-la-minima\\\/#breadcrumb\"},\"inLanguage\":\"es\",\"potentialAction\":[{\"@type\":\"ReadAction\",\"target\":[\"https:\\\/\\\/diariotextual.com\\\/inicio\\\/index.php\\\/2024\\\/10\\\/02\\\/el-ipav-ya-aprobo-627-exenciones-de-pago-de-cuotas-de-casas-sociales-a-jubilados-nacionales-que-cobran-la-minima\\\/\"]}]},{\"@type\":\"ImageObject\",\"inLanguage\":\"es\",\"@id\":\"https:\\\/\\\/diariotextual.com\\\/inicio\\\/index.php\\\/2024\\\/10\\\/02\\\/el-ipav-ya-aprobo-627-exenciones-de-pago-de-cuotas-de-casas-sociales-a-jubilados-nacionales-que-cobran-la-minima\\\/#primaryimage\",\"url\":\"https:\\\/\\\/diariotextual.com\\\/inicio\\\/wp-content\\\/uploads\\\/2019\\\/03\\\/casassociales1009-2019-2.jpg\",\"contentUrl\":\"https:\\\/\\\/diariotextual.com\\\/inicio\\\/wp-content\\\/uploads\\\/2019\\\/03\\\/casassociales1009-2019-2.jpg\",\"width\":1100,\"height\":719},{\"@type\":\"BreadcrumbList\",\"@id\":\"https:\\\/\\\/diariotextual.com\\\/inicio\\\/index.php\\\/2024\\\/10\\\/02\\\/el-ipav-ya-aprobo-627-exenciones-de-pago-de-cuotas-de-casas-sociales-a-jubilados-nacionales-que-cobran-la-minima\\\/#breadcrumb\",\"itemListElement\":[{\"@type\":\"ListItem\",\"position\":1,\"name\":\"Portada\",\"item\":\"https:\\\/\\\/diariotextual.com\\\/inicio\\\/\"},{\"@type\":\"ListItem\",\"position\":2,\"name\":\"El IPAV ya aprob\u00f3 627 exenciones de pago de cuotas de casas sociales a jubilados nacionales que cobran la m\u00ednima\"}]},{\"@type\":\"WebSite\",\"@id\":\"https:\\\/\\\/diariotextual.com\\\/inicio\\\/#website\",\"url\":\"https:\\\/\\\/diariotextual.com\\\/inicio\\\/\",\"name\":\"Diario Textual\",\"description\":\"\",\"publisher\":{\"@id\":\"https:\\\/\\\/diariotextual.com\\\/inicio\\\/#organization\"},\"potentialAction\":[{\"@type\":\"SearchAction\",\"target\":{\"@type\":\"EntryPoint\",\"urlTemplate\":\"https:\\\/\\\/diariotextual.com\\\/inicio\\\/?s={search_term_string}\"},\"query-input\":{\"@type\":\"PropertyValueSpecification\",\"valueRequired\":true,\"valueName\":\"search_term_string\"}}],\"inLanguage\":\"es\"},{\"@type\":\"Organization\",\"@id\":\"https:\\\/\\\/diariotextual.com\\\/inicio\\\/#organization\",\"name\":\"Diario Textual\",\"url\":\"https:\\\/\\\/diariotextual.com\\\/inicio\\\/\",\"logo\":{\"@type\":\"ImageObject\",\"inLanguage\":\"es\",\"@id\":\"https:\\\/\\\/diariotextual.com\\\/inicio\\\/#\\\/schema\\\/logo\\\/image\\\/\",\"url\":\"https:\\\/\\\/diariotextual.com\\\/inicio\\\/wp-content\\\/uploads\\\/2023\\\/05\\\/logotextual1.jpg\",\"contentUrl\":\"https:\\\/\\\/diariotextual.com\\\/inicio\\\/wp-content\\\/uploads\\\/2023\\\/05\\\/logotextual1.jpg\",\"width\":516,\"height\":76,\"caption\":\"Diario Textual\"},\"image\":{\"@id\":\"https:\\\/\\\/diariotextual.com\\\/inicio\\\/#\\\/schema\\\/logo\\\/image\\\/\"},\"sameAs\":[\"https:\\\/\\\/www.facebook.com\\\/eltextual\",\"https:\\\/\\\/x.com\\\/eltextual\",\"http:\\\/\\\/www.instagram.com\\\/eltextual\"]},{\"@type\":\"Person\",\"@id\":\"https:\\\/\\\/diariotextual.com\\\/inicio\\\/#\\\/schema\\\/person\\\/c7834961ad8b29b1d9cdbf4571299067\",\"name\":\"diario5\",\"image\":{\"@type\":\"ImageObject\",\"inLanguage\":\"es\",\"@id\":\"https:\\\/\\\/secure.gravatar.com\\\/avatar\\\/948c893b847ca6df68216ead81b63f363408ec9b0f600fefc0641ce78613b111?s=96&d=mm&r=g\",\"url\":\"https:\\\/\\\/secure.gravatar.com\\\/avatar\\\/948c893b847ca6df68216ead81b63f363408ec9b0f600fefc0641ce78613b111?s=96&d=mm&r=g\",\"contentUrl\":\"https:\\\/\\\/secure.gravatar.com\\\/avatar\\\/948c893b847ca6df68216ead81b63f363408ec9b0f600fefc0641ce78613b111?s=96&d=mm&r=g\",\"caption\":\"diario5\"},\"url\":\"https:\\\/\\\/diariotextual.com\\\/inicio\\\/index.php\\\/author\\\/diario5\\\/\"}]}<\/script>\n<!-- \/ Yoast SEO plugin. -->","yoast_head_json":{"title":"El IPAV ya aprob\u00f3 627 exenciones de pago de cuotas de casas sociales a jubilados nacionales que cobran la m\u00ednima - Diario Textual","robots":{"index":"index","follow":"follow","max-snippet":"max-snippet:-1","max-image-preview":"max-image-preview:large","max-video-preview":"max-video-preview:-1"},"canonical":"https:\/\/diariotextual.com\/inicio\/index.php\/2024\/10\/02\/el-ipav-ya-aprobo-627-exenciones-de-pago-de-cuotas-de-casas-sociales-a-jubilados-nacionales-que-cobran-la-minima\/","og_locale":"es_ES","og_type":"article","og_title":"El IPAV ya aprob\u00f3 627 exenciones de pago de cuotas de casas sociales a jubilados nacionales que cobran la m\u00ednima - Diario Textual","og_description":"El Instituto Provincial Aut\u00e1rquico de Vivienda ya aprob\u00f3 627 solicitudes de exenciones de pago de cuotas de casas sociales a jubilados nacionales que cobran la m\u00ednima. La medida dispuesta por&hellip;","og_url":"https:\/\/diariotextual.com\/inicio\/index.php\/2024\/10\/02\/el-ipav-ya-aprobo-627-exenciones-de-pago-de-cuotas-de-casas-sociales-a-jubilados-nacionales-que-cobran-la-minima\/","og_site_name":"Diario Textual","article_publisher":"https:\/\/www.facebook.com\/eltextual","article_published_time":"2024-10-02T11:46:03+00:00","article_modified_time":"2024-10-02T13:55:08+00:00","og_image":[{"width":1100,"height":719,"url":"https:\/\/diariotextual.com\/inicio\/wp-content\/uploads\/2019\/03\/casassociales1009-2019-2.jpg","type":"image\/jpeg"}],"author":"diario5","twitter_card":"summary_large_image","twitter_creator":"@eltextual","twitter_site":"@eltextual","twitter_misc":{"Escrito por":"diario5","Tiempo de lectura":"2 minutos"},"schema":{"@context":"https:\/\/schema.org","@graph":[{"@type":"Article","@id":"https:\/\/diariotextual.com\/inicio\/index.php\/2024\/10\/02\/el-ipav-ya-aprobo-627-exenciones-de-pago-de-cuotas-de-casas-sociales-a-jubilados-nacionales-que-cobran-la-minima\/#article","isPartOf":{"@id":"https:\/\/diariotextual.com\/inicio\/index.php\/2024\/10\/02\/el-ipav-ya-aprobo-627-exenciones-de-pago-de-cuotas-de-casas-sociales-a-jubilados-nacionales-que-cobran-la-minima\/"},"author":{"name":"diario5","@id":"https:\/\/diariotextual.com\/inicio\/#\/schema\/person\/c7834961ad8b29b1d9cdbf4571299067"},"headline":"El IPAV ya aprob\u00f3 627 exenciones de pago de cuotas de casas sociales a jubilados nacionales que cobran la m\u00ednima","datePublished":"2024-10-02T11:46:03+00:00","dateModified":"2024-10-02T13:55:08+00:00","mainEntityOfPage":{"@id":"https:\/\/diariotextual.com\/inicio\/index.php\/2024\/10\/02\/el-ipav-ya-aprobo-627-exenciones-de-pago-de-cuotas-de-casas-sociales-a-jubilados-nacionales-que-cobran-la-minima\/"},"wordCount":205,"publisher":{"@id":"https:\/\/diariotextual.com\/inicio\/#organization"},"image":{"@id":"https:\/\/diariotextual.com\/inicio\/index.php\/2024\/10\/02\/el-ipav-ya-aprobo-627-exenciones-de-pago-de-cuotas-de-casas-sociales-a-jubilados-nacionales-que-cobran-la-minima\/#primaryimage"},"thumbnailUrl":"https:\/\/diariotextual.com\/inicio\/wp-content\/uploads\/2019\/03\/casassociales1009-2019-2.jpg","articleSection":["A - DESTACADAS (mod 16)","SOCIEDAD"],"inLanguage":"es"},{"@type":"WebPage","@id":"https:\/\/diariotextual.com\/inicio\/index.php\/2024\/10\/02\/el-ipav-ya-aprobo-627-exenciones-de-pago-de-cuotas-de-casas-sociales-a-jubilados-nacionales-que-cobran-la-minima\/","url":"https:\/\/diariotextual.com\/inicio\/index.php\/2024\/10\/02\/el-ipav-ya-aprobo-627-exenciones-de-pago-de-cuotas-de-casas-sociales-a-jubilados-nacionales-que-cobran-la-minima\/","name":"El IPAV ya aprob\u00f3 627 exenciones de pago de cuotas de casas sociales a jubilados nacionales que cobran la m\u00ednima - Diario Textual","isPartOf":{"@id":"https:\/\/diariotextual.com\/inicio\/#website"},"primaryImageOfPage":{"@id":"https:\/\/diariotextual.com\/inicio\/index.php\/2024\/10\/02\/el-ipav-ya-aprobo-627-exenciones-de-pago-de-cuotas-de-casas-sociales-a-jubilados-nacionales-que-cobran-la-minima\/#primaryimage"},"image":{"@id":"https:\/\/diariotextual.com\/inicio\/index.php\/2024\/10\/02\/el-ipav-ya-aprobo-627-exenciones-de-pago-de-cuotas-de-casas-sociales-a-jubilados-nacionales-que-cobran-la-minima\/#primaryimage"},"thumbnailUrl":"https:\/\/diariotextual.com\/inicio\/wp-content\/uploads\/2019\/03\/casassociales1009-2019-2.jpg","datePublished":"2024-10-02T11:46:03+00:00","dateModified":"2024-10-02T13:55:08+00:00","breadcrumb":{"@id":"https:\/\/diariotextual.com\/inicio\/index.php\/2024\/10\/02\/el-ipav-ya-aprobo-627-exenciones-de-pago-de-cuotas-de-casas-sociales-a-jubilados-nacionales-que-cobran-la-minima\/#breadcrumb"},"inLanguage":"es","potentialAction":[{"@type":"ReadAction","target":["https:\/\/diariotextual.com\/inicio\/index.php\/2024\/10\/02\/el-ipav-ya-aprobo-627-exenciones-de-pago-de-cuotas-de-casas-sociales-a-jubilados-nacionales-que-cobran-la-minima\/"]}]},{"@type":"ImageObject","inLanguage":"es","@id":"https:\/\/diariotextual.com\/inicio\/index.php\/2024\/10\/02\/el-ipav-ya-aprobo-627-exenciones-de-pago-de-cuotas-de-casas-sociales-a-jubilados-nacionales-que-cobran-la-minima\/#primaryimage","url":"https:\/\/diariotextual.com\/inicio\/wp-content\/uploads\/2019\/03\/casassociales1009-2019-2.jpg","contentUrl":"https:\/\/diariotextual.com\/inicio\/wp-content\/uploads\/2019\/03\/casassociales1009-2019-2.jpg","width":1100,"height":719},{"@type":"BreadcrumbList","@id":"https:\/\/diariotextual.com\/inicio\/index.php\/2024\/10\/02\/el-ipav-ya-aprobo-627-exenciones-de-pago-de-cuotas-de-casas-sociales-a-jubilados-nacionales-que-cobran-la-minima\/#breadcrumb","itemListElement":[{"@type":"ListItem","position":1,"name":"Portada","item":"https:\/\/diariotextual.com\/inicio\/"},{"@type":"ListItem","position":2,"name":"El IPAV ya aprob\u00f3 627 exenciones de pago de cuotas de casas sociales a jubilados nacionales que cobran la m\u00ednima"}]},{"@type":"WebSite","@id":"https:\/\/diariotextual.com\/inicio\/#website","url":"https:\/\/diariotextual.com\/inicio\/","name":"Diario Textual","description":"","publisher":{"@id":"https:\/\/diariotextual.com\/inicio\/#organization"},"potentialAction":[{"@type":"SearchAction","target":{"@type":"EntryPoint","urlTemplate":"https:\/\/diariotextual.com\/inicio\/?s={search_term_string}"},"query-input":{"@type":"PropertyValueSpecification","valueRequired":true,"valueName":"search_term_string"}}],"inLanguage":"es"},{"@type":"Organization","@id":"https:\/\/diariotextual.com\/inicio\/#organization","name":"Diario Textual","url":"https:\/\/diariotextual.com\/inicio\/","logo":{"@type":"ImageObject","inLanguage":"es","@id":"https:\/\/diariotextual.com\/inicio\/#\/schema\/logo\/image\/","url":"https:\/\/diariotextual.com\/inicio\/wp-content\/uploads\/2023\/05\/logotextual1.jpg","contentUrl":"https:\/\/diariotextual.com\/inicio\/wp-content\/uploads\/2023\/05\/logotextual1.jpg","width":516,"height":76,"caption":"Diario Textual"},"image":{"@id":"https:\/\/diariotextual.com\/inicio\/#\/schema\/logo\/image\/"},"sameAs":["https:\/\/www.facebook.com\/eltextual","https:\/\/x.com\/eltextual","http:\/\/www.instagram.com\/eltextual"]},{"@type":"Person","@id":"https:\/\/diariotextual.com\/inicio\/#\/schema\/person\/c7834961ad8b29b1d9cdbf4571299067","name":"diario5","image":{"@type":"ImageObject","inLanguage":"es","@id":"https:\/\/secure.gravatar.com\/avatar\/948c893b847ca6df68216ead81b63f363408ec9b0f600fefc0641ce78613b111?s=96&d=mm&r=g","url":"https:\/\/secure.gravatar.com\/avatar\/948c893b847ca6df68216ead81b63f363408ec9b0f600fefc0641ce78613b111?s=96&d=mm&r=g","contentUrl":"https:\/\/secure.gravatar.com\/avatar\/948c893b847ca6df68216ead81b63f363408ec9b0f600fefc0641ce78613b111?s=96&d=mm&r=g","caption":"diario5"},"url":"https:\/\/diariotextual.com\/inicio\/index.php\/author\/diario5\/"}]}},"_links":{"self":[{"href":"https:\/\/diariotextual.com\/inicio\/index.php\/wp-json\/wp\/v2\/posts\/276720","targetHints":{"allow":["GET"]}}],"collection":[{"href":"https:\/\/diariotextual.com\/inicio\/index.php\/wp-json\/wp\/v2\/posts"}],"about":[{"href":"https:\/\/diariotextual.com\/inicio\/index.php\/wp-json\/wp\/v2\/types\/post"}],"author":[{"embeddable":true,"href":"https:\/\/diariotextual.com\/inicio\/index.php\/wp-json\/wp\/v2\/users\/7"}],"replies":[{"embeddable":true,"href":"https:\/\/diariotextual.com\/inicio\/index.php\/wp-json\/wp\/v2\/comments?post=276720"}],"version-history":[{"count":4,"href":"https:\/\/diariotextual.com\/inicio\/index.php\/wp-json\/wp\/v2\/posts\/276720\/revisions"}],"predecessor-version":[{"id":276727,"href":"https:\/\/diariotextual.com\/inicio\/index.php\/wp-json\/wp\/v2\/posts\/276720\/revisions\/276727"}],"wp:featuredmedia":[{"embeddable":true,"href":"https:\/\/diariotextual.com\/inicio\/index.php\/wp-json\/wp\/v2\/media\/42680"}],"wp:attachment":[{"href":"https:\/\/diariotextual.com\/inicio\/index.php\/wp-json\/wp\/v2\/media?parent=276720"}],"wp:term":[{"taxonomy":"category","embeddable":true,"href":"https:\/\/diariotextual.com\/inicio\/index.php\/wp-json\/wp\/v2\/categories?post=276720"},{"taxonomy":"post_tag","embeddable":true,"href":"https:\/\/diariotextual.com\/inicio\/index.php\/wp-json\/wp\/v2\/tags?post=276720"}],"curies":[{"name":"wp","href":"https:\/\/api.w.org\/{rel}","templated":true}]}}