{"id":276737,"date":"2024-10-02T18:55:32","date_gmt":"2024-10-02T21:55:32","guid":{"rendered":"https:\/\/diariotextual.com\/inicio\/?p=276737"},"modified":"2024-10-03T12:47:40","modified_gmt":"2024-10-03T15:47:40","slug":"dirigentes-del-pj-la-ucr-y-la-izquierda-marcharon-en-tanto-que-el-pro-le-dio-la-espalda-a-la-unlpam","status":"publish","type":"post","link":"https:\/\/diariotextual.com\/inicio\/index.php\/2024\/10\/02\/dirigentes-del-pj-la-ucr-y-la-izquierda-marcharon-en-tanto-que-el-pro-le-dio-la-espalda-a-la-unlpam\/","title":{"rendered":"Dirigentes del PJ, la UCR y la izquierda marcharon, en tanto que el PRO le dio la espalda a la UNLPam"},"content":{"rendered":"\n<p><strong>Dirigentes del peronismo, la UCR y de la izquierda participaron en la tarde de este mi\u00e9rcoles en Santa Rosa y General Pico de la masiva Marcha Federal Universitaria, en defensa del presupuesto para sostener la educaci\u00f3n p\u00fablica y de calidad. Los dirigentes de La Libertad Avanza, obviamente, no estuvieron. Tambi\u00e9n le dieron la espalda a la Universidad Nacional de La Pampa (UNLPam) los dirigentes del PRO: la mayor\u00eda -desde autoridades partidarias a legisladores provinciales y por supuesto los legisladores nacionales que votaron en el Congreso contra el aumento presupuestario- no estuvieron en las marchas.<\/strong><\/p>\n\n\n\n<p><\/p>\n\n\n\n<p>Por el peronismo, entre otros, estuvieron la vicegobernadora Alicia Mayoral; los diputados provinciales Espartaco Mar\u00edn, Juan Barrionuevo y Hern\u00e1n P\u00e9rez Araujo; el intendente capitalino Luciano di N\u00e1poli; el ministro Diego Alvarez; y el senador nacional Daniel Bensus\u00e1n.<\/p>\n\n\n\n<figure class=\"wp-block-image size-large\"><img fetchpriority=\"high\" decoding=\"async\" width=\"1024\" height=\"763\" src=\"https:\/\/diariotextual.com\/inicio\/wp-content\/uploads\/2024\/10\/bensusandanielmarchauniversitariaunlpam2024-12-1024x763.jpg\" alt=\"\" class=\"wp-image-276785\" srcset=\"https:\/\/diariotextual.com\/inicio\/wp-content\/uploads\/2024\/10\/bensusandanielmarchauniversitariaunlpam2024-12-1024x763.jpg 1024w, https:\/\/diariotextual.com\/inicio\/wp-content\/uploads\/2024\/10\/bensusandanielmarchauniversitariaunlpam2024-12-300x224.jpg 300w, https:\/\/diariotextual.com\/inicio\/wp-content\/uploads\/2024\/10\/bensusandanielmarchauniversitariaunlpam2024-12-768x572.jpg 768w, https:\/\/diariotextual.com\/inicio\/wp-content\/uploads\/2024\/10\/bensusandanielmarchauniversitariaunlpam2024-12-1170x872.jpg 1170w, https:\/\/diariotextual.com\/inicio\/wp-content\/uploads\/2024\/10\/bensusandanielmarchauniversitariaunlpam2024-12-585x436.jpg 585w, https:\/\/diariotextual.com\/inicio\/wp-content\/uploads\/2024\/10\/bensusandanielmarchauniversitariaunlpam2024-12.jpg 1300w\" sizes=\"(max-width: 1024px) 100vw, 1024px\" \/><\/figure>\n\n\n\n<p>Por la UCR, entre otros, estuvieron el diputado provincial Hip\u00f3lito \u201cPoli\u201d Altolaguirre y el presidente del Comit\u00e9 Provincia, Federico Guidugli, adem\u00e1s de decenas de dirigentes, militantes e integrantes de la agrupaci\u00f3n Franja Morada.<\/p>\n\n\n\n<p>Este mi\u00e9rcoles por la tarde, una<strong> multitud<\/strong> march\u00f3 en Santa Rosa y General Pico -como en Buenos Aires y las principales ciudades del pa\u00eds- en defensa de la <strong>Ley de Financiamiento Universitario<\/strong>, luego de que el presidente <strong>Javier Milei <\/strong>anticipara su intenci\u00f3n de vetar el proyecto aprobado por el Congreso. <strong>Estudiantes, docentes, trabajadores universitarios, dirigentes de organizaciones pol\u00edticas y sindicales, junto a familiares y amigos de la comunidad universitaria<\/strong>, dejaron un claro mensaje para que<strong> se garantice un presupuesto para mantener sueldos dignos, gastos funcionamiento, becas, y seguir con el desarrollo cient\u00edfico y tecnol\u00f3gico.<\/strong><\/p>\n\n\n\n<p>En Santa Rosa, hubo unas 13 mil personas. Una cifra posiblemente superior a la anterior manifestaci\u00f3n.<\/p>\n\n\n\n<figure class=\"wp-block-image size-large\"><img decoding=\"async\" width=\"1024\" height=\"576\" src=\"https:\/\/diariotextual.com\/inicio\/wp-content\/uploads\/2024\/10\/marchauniversitariasantarosaunlpamguidugli2024-4-1024x576.jpg\" alt=\"\" class=\"wp-image-276790\" srcset=\"https:\/\/diariotextual.com\/inicio\/wp-content\/uploads\/2024\/10\/marchauniversitariasantarosaunlpamguidugli2024-4-1024x576.jpg 1024w, https:\/\/diariotextual.com\/inicio\/wp-content\/uploads\/2024\/10\/marchauniversitariasantarosaunlpamguidugli2024-4-300x169.jpg 300w, https:\/\/diariotextual.com\/inicio\/wp-content\/uploads\/2024\/10\/marchauniversitariasantarosaunlpamguidugli2024-4-768x432.jpg 768w, https:\/\/diariotextual.com\/inicio\/wp-content\/uploads\/2024\/10\/marchauniversitariasantarosaunlpamguidugli2024-4-1536x864.jpg 1536w, https:\/\/diariotextual.com\/inicio\/wp-content\/uploads\/2024\/10\/marchauniversitariasantarosaunlpamguidugli2024-4-1170x658.jpg 1170w, https:\/\/diariotextual.com\/inicio\/wp-content\/uploads\/2024\/10\/marchauniversitariasantarosaunlpamguidugli2024-4-585x329.jpg 585w, https:\/\/diariotextual.com\/inicio\/wp-content\/uploads\/2024\/10\/marchauniversitariasantarosaunlpamguidugli2024-4.jpg 1600w\" sizes=\"(max-width: 1024px) 100vw, 1024px\" \/><\/figure>\n\n\n\n<p><\/p>\n\n\n\n<p>La segunda <strong>Marcha Federal Universitaria <\/strong>del a\u00f1o, con el lema \u201cEn defensa de nuestra universidad p\u00fablica\u201d, es una reedici\u00f3n de la masiva movilizaci\u00f3n que tuvo lugar el 23 de abril. <strong>&nbsp;Las consignas de la manifestaci\u00f3n incluyen el rechazo a los recortes presupuestarios, la privatizaci\u00f3n de servicios y la eliminaci\u00f3n de programas de becas, algunos de los pilares para garantizar el acceso a la educaci\u00f3n p\u00fablica de calidad en el pa\u00eds.<\/strong><\/p>\n\n\n\n<p>Desde la <strong>Universidad Nacional de La Pampa (UNLPam) <\/strong>resaltaron la convocatoria, en defensa de formaci\u00f3n de ciudadanos y ciudadanas y la autonom\u00eda universitaria. \u201cEsta movilizaci\u00f3n busca reivindicar el rol fundamental de la universidad p\u00fablica en la formaci\u00f3n de ciudadanas y ciudadanos, garantizando el acceso a la educaci\u00f3n superior para todas las personas, al tiempo que exigir al gobierno nacional que cumpla debidamente con el financiamiento del sistema educativo universitario nacional. La marcha se realiza en el marco de la defensa de los valores democr\u00e1ticos y la autonom\u00eda universitaria\u201d, dijeron en un documento.<\/p>\n\n\n\n<p>Desde abril hasta octubre tuvieron lugar negociaciones entre las m\u00e1ximas autoridades de las universidades y los funcionarios del gobierno de Milei.<strong> El reclamo est\u00e1 trabado en el financiamiento para el funcionamiento cotidiano y la recomposici\u00f3n de los salarios docentes y trabajadores en general de las casas de altos estudios.<\/strong><\/p>\n\n\n\n<iframe src=\"https:\/\/www.facebook.com\/plugins\/video.php?height=314&#038;href=https%3A%2F%2Fwww.facebook.com%2Feltextual%2Fvideos%2F408507542290851%2F&#038;show_text=true&#038;width=560&#038;t=0\" width=\"560\" height=\"429\" style=\"border:none;overflow:hidden\" scrolling=\"no\" frameborder=\"0\" allowfullscreen=\"true\" allow=\"autoplay; clipboard-write; encrypted-media; picture-in-picture; web-share\" allowFullScreen=\"true\"><\/iframe>\n\n\n\n<p><\/p>\n\n\n\n<div style=\"height:100px\" aria-hidden=\"true\" class=\"wp-block-spacer\"><\/div>\n\n\n\n<p><strong>Las palabras del rector de la UNLPam<\/strong><\/p>\n\n\n\n<p>El rector de la UNLPam y vicepresidente del Consejo Interuniversitario Nacional (CIN), Oscar Alpa, afirm\u00f3 sobre la Ley de Financiamiento Universitario que \u201cno distorsiona la econom\u00eda ni impide tener una econom\u00eda estable, lo que estamos viendo es una distorsi\u00f3n de las prioridades\u201d y que con decisiones como el anunciado veto presidencial \u201cse est\u00e1 desarmando\u201d nuestro sistema cient\u00edfico.<\/p>\n\n\n\n<figure class=\"wp-block-embed is-type-wp-embed is-provider-diario-textual wp-block-embed-diario-textual\"><div class=\"wp-block-embed__wrapper\">\n<blockquote class=\"wp-embedded-content\" data-secret=\"qMkUCUQXzr\"><a href=\"https:\/\/diariotextual.com\/inicio\/index.php\/2024\/10\/02\/marcha-federal-una-multitud-marcha-en-santa-rosa-y-picl\/\">Una multitud march\u00f3 en Santa Rosa y Pico en defensa de la universidad<\/a><\/blockquote><iframe class=\"wp-embedded-content\" sandbox=\"allow-scripts\" security=\"restricted\" style=\"position: absolute; visibility: hidden;\" title=\"\u00abUna multitud march\u00f3 en Santa Rosa y Pico en defensa de la universidad\u00bb \u2014 Diario Textual\" src=\"https:\/\/diariotextual.com\/inicio\/index.php\/2024\/10\/02\/marcha-federal-una-multitud-marcha-en-santa-rosa-y-picl\/embed\/#?secret=8n0reDtPQ3#?secret=qMkUCUQXzr\" data-secret=\"qMkUCUQXzr\" width=\"600\" height=\"338\" frameborder=\"0\" marginwidth=\"0\" marginheight=\"0\" scrolling=\"no\"><\/iframe>\n<\/div><\/figure>\n\n\n\n<div style=\"height:100px\" aria-hidden=\"true\" class=\"wp-block-spacer\"><\/div>\n\n\n\n<p><strong>La ley de financiamiento<\/strong><\/p>\n\n\n\n<p>El viernes 13 de septiembre, con 57 votos a favor, 10 en contra y 1 abstenci\u00f3n, el Senado sancion\u00f3 en la madrugada la Ley de Financiamiento Universitario, que el Gobierno de Javier Milei ya avis\u00f3 que vetar\u00e1, lo que en los \u00faltimos d\u00edas gener\u00f3 una gran pol\u00e9mica en la comunidad universitaria, que convoc\u00f3 a una marcha multitudinaria para este mi\u00e9rcoles.<\/p>\n\n\n\n<figure class=\"wp-block-image size-large\"><img decoding=\"async\" width=\"1024\" height=\"636\" src=\"https:\/\/diariotextual.com\/inicio\/wp-content\/uploads\/2024\/10\/marchauniversitariafranjamorada2024-65-1024x636.jpg\" alt=\"\" class=\"wp-image-276789\" srcset=\"https:\/\/diariotextual.com\/inicio\/wp-content\/uploads\/2024\/10\/marchauniversitariafranjamorada2024-65-1024x636.jpg 1024w, https:\/\/diariotextual.com\/inicio\/wp-content\/uploads\/2024\/10\/marchauniversitariafranjamorada2024-65-300x186.jpg 300w, https:\/\/diariotextual.com\/inicio\/wp-content\/uploads\/2024\/10\/marchauniversitariafranjamorada2024-65-768x477.jpg 768w, https:\/\/diariotextual.com\/inicio\/wp-content\/uploads\/2024\/10\/marchauniversitariafranjamorada2024-65-1170x726.jpg 1170w, https:\/\/diariotextual.com\/inicio\/wp-content\/uploads\/2024\/10\/marchauniversitariafranjamorada2024-65-585x363.jpg 585w, https:\/\/diariotextual.com\/inicio\/wp-content\/uploads\/2024\/10\/marchauniversitariafranjamorada2024-65.jpg 1450w\" sizes=\"(max-width: 1024px) 100vw, 1024px\" \/><\/figure>\n\n\n\n<p><\/p>\n\n\n\n<p>La ley aprobada prev\u00e9 un incremento en las partidas presupuestarias para el funcionamiento de las casas de altos estudios, al tiempo de una actualizaci\u00f3n en los salarios de los docentes y no docentes.<\/p>\n\n\n\n<p>La norma propone declarar la emergencia presupuestaria del sistema universitario nacional para el a\u00f1o 2024, con el objetivo de \u201catenuar, ante el aumento de los costos de los bienes y servicios esenciales, el impacto que los mismos tienen para los compromisos salariales y los gastos de funcionamiento de todas las universidades nacionales\u201d.<\/p>\n\n\n\n<p>Para los gastos de funcionamiento, la iniciativa propone actualizar las partidas del Presupuesto 2023 que fue prorrogado por el Gobierno de Javier Milei, seg\u00fan la inflaci\u00f3n acumulada ese a\u00f1o que fue del 211 % y luego aplicar un incremento bimestral de acuerdo con la evoluci\u00f3n del \u00cdndice de Precios al Consumidor (IPC), descontando los aumentos ya otorgados en lo que va del a\u00f1o.<\/p>\n\n\n\n<div style=\"height:100px\" aria-hidden=\"true\" class=\"wp-block-spacer\"><\/div>\n\n\n\n<p><strong>Costo<\/strong><\/p>\n\n\n\n<p>La norma implicar\u00eda para este a\u00f1o un costo fiscal de 0,14% del PBI, equivalente a $738.595 millones, seg\u00fan un informe de la Oficina de Presupuesto del Congreso.<\/p>\n\n\n\n<p>La ley aprobada tambi\u00e9n modifica el art\u00edculo 58 de la Ley de Educaci\u00f3n Superior, estableciendo nuevos criterios para la distribuci\u00f3n del presupuesto entre las universidades. Estos criterios incluyen factores como el n\u00famero de estudiantes, tipos de carreras, cantidad de egresados, \u00e1reas de vacancia y actividades de investigaci\u00f3n y extensi\u00f3n.<\/p>\n\n\n\n<p>En la ley se encomienda al Poder Ejecutivo Nacional recomponer los salarios docentes y no docentes del Sistema Universitario Nacional, a partir del 1\u00b0 de diciembre de 2023 y hasta el mes de sanci\u00f3n de la ley por la variaci\u00f3n acumulada de la inflaci\u00f3n informada por el Instituto Nacional de Estad\u00edsticas y Censos (Indec) durante ese per\u00edodo.<\/p>\n\n\n\n<p>Desde el mes siguiente a la sanci\u00f3n de la ley y hasta el 31 de diciembre de 2024, el Ejecutivo deber\u00e1 actualizar los salarios de forma mensual y conforme a la inflaci\u00f3n informada por el Indec.<\/p>\n\n\n\n<figure class=\"wp-block-image size-large\"><img loading=\"lazy\" decoding=\"async\" width=\"1024\" height=\"576\" src=\"https:\/\/diariotextual.com\/inicio\/wp-content\/uploads\/2024\/10\/marchauniversitariasantarosaunlpam2024-3-1024x576.jpg\" alt=\"\" class=\"wp-image-276793\" srcset=\"https:\/\/diariotextual.com\/inicio\/wp-content\/uploads\/2024\/10\/marchauniversitariasantarosaunlpam2024-3-1024x576.jpg 1024w, https:\/\/diariotextual.com\/inicio\/wp-content\/uploads\/2024\/10\/marchauniversitariasantarosaunlpam2024-3-300x169.jpg 300w, https:\/\/diariotextual.com\/inicio\/wp-content\/uploads\/2024\/10\/marchauniversitariasantarosaunlpam2024-3-768x432.jpg 768w, https:\/\/diariotextual.com\/inicio\/wp-content\/uploads\/2024\/10\/marchauniversitariasantarosaunlpam2024-3-1536x864.jpg 1536w, https:\/\/diariotextual.com\/inicio\/wp-content\/uploads\/2024\/10\/marchauniversitariasantarosaunlpam2024-3-1170x658.jpg 1170w, https:\/\/diariotextual.com\/inicio\/wp-content\/uploads\/2024\/10\/marchauniversitariasantarosaunlpam2024-3-585x329.jpg 585w, https:\/\/diariotextual.com\/inicio\/wp-content\/uploads\/2024\/10\/marchauniversitariasantarosaunlpam2024-3.jpg 1600w\" sizes=\"(max-width: 1024px) 100vw, 1024px\" \/><\/figure>\n\n\n\n<div style=\"height:100px\" aria-hidden=\"true\" class=\"wp-block-spacer\"><\/div>\n\n\n\n<p><strong>Salarios<\/strong><\/p>\n\n\n\n<p>De acuerdo con los datos publicados por la&nbsp;<strong>Federaci\u00f3n Nacional de Docentes Universitarios (Conadu),<\/strong>&nbsp;al contrastar la pauta salarial de un docente universitario con la inflaci\u00f3n publicada por el INDEC, en agosto de 2024 la ca\u00edda del poder de compra fue del 9,2% respecto de diciembre de 2023.<\/p>\n\n\n\n<p>Por ejemplo, un auxiliar de primera con dedicaci\u00f3n simple (9 horas semanales) y 10 a\u00f1os de antig\u00fcedad, en diciembre de 2023 percib\u00eda $132.035,51, y en agosto de 2024 cobr\u00f3 un salario bruto de&nbsp;<strong>$232.531,90.<\/strong><\/p>\n\n\n\n<p>Si la comparaci\u00f3n se realiza sobre los sueldos de noviembre (antes de la inflaci\u00f3n del 25,5% registrada en diciembre),&nbsp;<strong>la ca\u00edda hasta agosto fue del 23,71%.<\/strong><\/p>\n\n\n\n<p>Seg\u00fan lo aprobado la inyecci\u00f3n de fondos se deber\u00e1 distribuir en funci\u00f3n del n\u00famero de estudiantes que ingresan, los alumnos de cada universidad, las carreras ofrecidas, la cantidad de egresados, los hospitales y escuelas secundarias que posean a su cargo y la actividad cient\u00edfica, tecnol\u00f3gica y de extensi\u00f3n que lleven a cabo.<\/p>\n\n\n\n<p>El Observatorio Universitario de Econom\u00eda (Facultad de Ciencias Econ\u00f3micas y Jur\u00eddicas de la UNLPam) elabor\u00f3 un informe titulado \u201cCrisis en el sistema universitario nacional: Deterioro presupuestario, salarial y el futuro incierto de la universidad p\u00fablica\u201d. Uno de los datos m\u00e1s impactantes es que los docentes ganan menos que las empleadas de casas particulares.<\/p>\n\n\n\n<figure class=\"wp-block-embed is-type-wp-embed is-provider-diario-textual wp-block-embed-diario-textual\"><div class=\"wp-block-embed__wrapper\">\n<blockquote class=\"wp-embedded-content\" data-secret=\"0cFYt77Rp8\"><a href=\"https:\/\/diariotextual.com\/inicio\/index.php\/2024\/09\/30\/banco-nacion-universidad-campo-la-batalla-cultural-se-pelea-aca-a-la-vuelta\/\">Banco Naci\u00f3n, Universidad, campo: la batalla cultural se pelea ac\u00e1 a la vuelta<\/a><\/blockquote><iframe class=\"wp-embedded-content\" sandbox=\"allow-scripts\" security=\"restricted\" style=\"position: absolute; visibility: hidden;\" title=\"\u00abBanco Naci\u00f3n, Universidad, campo: la batalla cultural se pelea ac\u00e1 a la vuelta\u00bb \u2014 Diario Textual\" src=\"https:\/\/diariotextual.com\/inicio\/index.php\/2024\/09\/30\/banco-nacion-universidad-campo-la-batalla-cultural-se-pelea-aca-a-la-vuelta\/embed\/#?secret=ThxdmQ2Olf#?secret=0cFYt77Rp8\" data-secret=\"0cFYt77Rp8\" width=\"600\" height=\"338\" frameborder=\"0\" marginwidth=\"0\" marginheight=\"0\" scrolling=\"no\"><\/iframe>\n<\/div><\/figure>\n\n\n\n<div style=\"height:100px\" aria-hidden=\"true\" class=\"wp-block-spacer\"><\/div>\n\n\n\n<p><strong>Cu\u00e1nto dinero asign\u00f3 el Gobierno<\/strong><\/p>\n\n\n\n<p>Seg\u00fan consta en el Proyecto de&nbsp;<strong>Presupuesto 2025<\/strong>, el Gobierno le asign\u00f3 $3,8 billones a las universidades nacionales, mientras que el Consejo Interuniversitario Nacional (CIN) pide $7,2 billones para poder funcionar.<\/p>\n\n\n\n<p>La diferencia entre el presupuesto proyectado por el&nbsp;<strong>Gobierno<\/strong>&nbsp;y el dise\u00f1ado por los rectores es enorme: de unos $3,4 billones.<\/p>\n\n\n\n<p>Desde el&nbsp;<strong>Gobierno<\/strong>&nbsp;sostienen que los&nbsp;3,4 billones de pesos de diferencia son infinanciables. La mayor diferencia aparece en el rubro que los rectores llamaron \u201cIncrementos de recomposici\u00f3n salarial diciembre 2023\u201d. All\u00ed, el CIN fij\u00f3 una asignaci\u00f3n de partidas de 1,7 billones de pesos. Ese rubro no aparece as\u00ed nombrado en la proyecci\u00f3n oficial.<\/p>\n\n\n\n<p>En los \u00edtems<strong>&nbsp;\u201cEducaci\u00f3n y Cultura\u201d y \u201cSalud<\/strong>\u201d, los n\u00fameros son similares, al menos en el detalle. Sin embargo, al agregarle los incrementos de inflaci\u00f3n y recomposici\u00f3n salarial, mientras que el presupuesto oficial llega a un subtotal de $3,7 billones (la parte central del presupuesto), a las autoridades del CIN les da $5,8 billones.<\/p>\n\n\n\n<p>Otra diferencia se explica porque el presupuesto de los rectores desarrolla un apartado de otros gastos en salud, educaci\u00f3n, ciencia y t\u00e9cnica, y consolidaciones de distintas \u00e1reas y programas, que suman unos $4159 millones.<\/p>\n\n\n\n<p><\/p>\n\n\n\n<p><\/p>\n\n\n\n<p><\/p>\n\n\n\n<p><\/p>\n","protected":false},"excerpt":{"rendered":"<p>Dirigentes del peronismo, la UCR y de la izquierda participaron en la tarde de este mi\u00e9rcoles en Santa Rosa y General Pico de la masiva Marcha Federal Universitaria, en defensa&hellip;<\/p>\n","protected":false},"author":3,"featured_media":276787,"comment_status":"closed","ping_status":"open","sticky":false,"template":"","format":"standard","meta":{"_acf_changed":false,"footnotes":""},"categories":[11,8],"tags":[],"class_list":["post-276737","post","type-post","status-publish","format-standard","has-post-thumbnail","hentry","category-que-pasa","category-politica"],"acf":[],"yoast_head":"<!-- This site is optimized with the Yoast SEO plugin v27.4 - https:\/\/yoast.com\/product\/yoast-seo-wordpress\/ -->\n<title>Dirigentes del PJ, la UCR y la izquierda marcharon, en tanto que el PRO le dio la espalda a la UNLPam - Diario Textual<\/title>\n<meta name=\"robots\" content=\"index, follow, max-snippet:-1, max-image-preview:large, max-video-preview:-1\" \/>\n<link rel=\"canonical\" href=\"https:\/\/diariotextual.com\/inicio\/index.php\/2024\/10\/02\/dirigentes-del-pj-la-ucr-y-la-izquierda-marcharon-en-tanto-que-el-pro-le-dio-la-espalda-a-la-unlpam\/\" \/>\n<meta property=\"og:locale\" content=\"es_ES\" \/>\n<meta property=\"og:type\" content=\"article\" \/>\n<meta property=\"og:title\" content=\"Dirigentes del PJ, la UCR y la izquierda marcharon, en tanto que el PRO le dio la espalda a la UNLPam - Diario Textual\" \/>\n<meta property=\"og:description\" content=\"Dirigentes del peronismo, la UCR y de la izquierda participaron en la tarde de este mi\u00e9rcoles en Santa Rosa y General Pico de la masiva Marcha Federal Universitaria, en defensa&hellip;\" \/>\n<meta property=\"og:url\" content=\"https:\/\/diariotextual.com\/inicio\/index.php\/2024\/10\/02\/dirigentes-del-pj-la-ucr-y-la-izquierda-marcharon-en-tanto-que-el-pro-le-dio-la-espalda-a-la-unlpam\/\" \/>\n<meta property=\"og:site_name\" content=\"Diario Textual\" \/>\n<meta property=\"article:publisher\" content=\"https:\/\/www.facebook.com\/eltextual\" \/>\n<meta property=\"article:published_time\" content=\"2024-10-02T21:55:32+00:00\" \/>\n<meta property=\"article:modified_time\" content=\"2024-10-03T15:47:40+00:00\" \/>\n<meta property=\"og:image\" content=\"https:\/\/diariotextual.com\/inicio\/wp-content\/uploads\/2024\/10\/marchauniversitariasantarosapolialtolaguirre2024-67.jpg\" \/>\n\t<meta property=\"og:image:width\" content=\"1600\" \/>\n\t<meta property=\"og:image:height\" content=\"900\" \/>\n\t<meta property=\"og:image:type\" content=\"image\/jpeg\" \/>\n<meta name=\"author\" content=\"Diario1 Diario1\" \/>\n<meta name=\"twitter:card\" content=\"summary_large_image\" \/>\n<meta name=\"twitter:creator\" content=\"@eltextual\" \/>\n<meta name=\"twitter:site\" content=\"@eltextual\" \/>\n<meta name=\"twitter:label1\" content=\"Escrito por\" \/>\n\t<meta name=\"twitter:data1\" content=\"Diario1 Diario1\" \/>\n\t<meta name=\"twitter:label2\" content=\"Tiempo de lectura\" \/>\n\t<meta name=\"twitter:data2\" content=\"8 minutos\" \/>\n<script type=\"application\/ld+json\" class=\"yoast-schema-graph\">{\"@context\":\"https:\\\/\\\/schema.org\",\"@graph\":[{\"@type\":\"Article\",\"@id\":\"https:\\\/\\\/diariotextual.com\\\/inicio\\\/index.php\\\/2024\\\/10\\\/02\\\/dirigentes-del-pj-la-ucr-y-la-izquierda-marcharon-en-tanto-que-el-pro-le-dio-la-espalda-a-la-unlpam\\\/#article\",\"isPartOf\":{\"@id\":\"https:\\\/\\\/diariotextual.com\\\/inicio\\\/index.php\\\/2024\\\/10\\\/02\\\/dirigentes-del-pj-la-ucr-y-la-izquierda-marcharon-en-tanto-que-el-pro-le-dio-la-espalda-a-la-unlpam\\\/\"},\"author\":{\"name\":\"Diario1 Diario1\",\"@id\":\"https:\\\/\\\/diariotextual.com\\\/inicio\\\/#\\\/schema\\\/person\\\/418fc4093c33e86ed41562db3508f958\"},\"headline\":\"Dirigentes del PJ, la UCR y la izquierda marcharon, en tanto que el PRO le dio la espalda a la UNLPam\",\"datePublished\":\"2024-10-02T21:55:32+00:00\",\"dateModified\":\"2024-10-03T15:47:40+00:00\",\"mainEntityOfPage\":{\"@id\":\"https:\\\/\\\/diariotextual.com\\\/inicio\\\/index.php\\\/2024\\\/10\\\/02\\\/dirigentes-del-pj-la-ucr-y-la-izquierda-marcharon-en-tanto-que-el-pro-le-dio-la-espalda-a-la-unlpam\\\/\"},\"wordCount\":1461,\"publisher\":{\"@id\":\"https:\\\/\\\/diariotextual.com\\\/inicio\\\/#organization\"},\"image\":{\"@id\":\"https:\\\/\\\/diariotextual.com\\\/inicio\\\/index.php\\\/2024\\\/10\\\/02\\\/dirigentes-del-pj-la-ucr-y-la-izquierda-marcharon-en-tanto-que-el-pro-le-dio-la-espalda-a-la-unlpam\\\/#primaryimage\"},\"thumbnailUrl\":\"https:\\\/\\\/diariotextual.com\\\/inicio\\\/wp-content\\\/uploads\\\/2024\\\/10\\\/marchauniversitariasantarosapolialtolaguirre2024-67.jpg\",\"articleSection\":[\"A - QUE PASA (al costado)\",\"POLITICA\"],\"inLanguage\":\"es\"},{\"@type\":\"WebPage\",\"@id\":\"https:\\\/\\\/diariotextual.com\\\/inicio\\\/index.php\\\/2024\\\/10\\\/02\\\/dirigentes-del-pj-la-ucr-y-la-izquierda-marcharon-en-tanto-que-el-pro-le-dio-la-espalda-a-la-unlpam\\\/\",\"url\":\"https:\\\/\\\/diariotextual.com\\\/inicio\\\/index.php\\\/2024\\\/10\\\/02\\\/dirigentes-del-pj-la-ucr-y-la-izquierda-marcharon-en-tanto-que-el-pro-le-dio-la-espalda-a-la-unlpam\\\/\",\"name\":\"Dirigentes del PJ, la UCR y la izquierda marcharon, en tanto que el PRO le dio la espalda a la UNLPam - Diario Textual\",\"isPartOf\":{\"@id\":\"https:\\\/\\\/diariotextual.com\\\/inicio\\\/#website\"},\"primaryImageOfPage\":{\"@id\":\"https:\\\/\\\/diariotextual.com\\\/inicio\\\/index.php\\\/2024\\\/10\\\/02\\\/dirigentes-del-pj-la-ucr-y-la-izquierda-marcharon-en-tanto-que-el-pro-le-dio-la-espalda-a-la-unlpam\\\/#primaryimage\"},\"image\":{\"@id\":\"https:\\\/\\\/diariotextual.com\\\/inicio\\\/index.php\\\/2024\\\/10\\\/02\\\/dirigentes-del-pj-la-ucr-y-la-izquierda-marcharon-en-tanto-que-el-pro-le-dio-la-espalda-a-la-unlpam\\\/#primaryimage\"},\"thumbnailUrl\":\"https:\\\/\\\/diariotextual.com\\\/inicio\\\/wp-content\\\/uploads\\\/2024\\\/10\\\/marchauniversitariasantarosapolialtolaguirre2024-67.jpg\",\"datePublished\":\"2024-10-02T21:55:32+00:00\",\"dateModified\":\"2024-10-03T15:47:40+00:00\",\"breadcrumb\":{\"@id\":\"https:\\\/\\\/diariotextual.com\\\/inicio\\\/index.php\\\/2024\\\/10\\\/02\\\/dirigentes-del-pj-la-ucr-y-la-izquierda-marcharon-en-tanto-que-el-pro-le-dio-la-espalda-a-la-unlpam\\\/#breadcrumb\"},\"inLanguage\":\"es\",\"potentialAction\":[{\"@type\":\"ReadAction\",\"target\":[\"https:\\\/\\\/diariotextual.com\\\/inicio\\\/index.php\\\/2024\\\/10\\\/02\\\/dirigentes-del-pj-la-ucr-y-la-izquierda-marcharon-en-tanto-que-el-pro-le-dio-la-espalda-a-la-unlpam\\\/\"]}]},{\"@type\":\"ImageObject\",\"inLanguage\":\"es\",\"@id\":\"https:\\\/\\\/diariotextual.com\\\/inicio\\\/index.php\\\/2024\\\/10\\\/02\\\/dirigentes-del-pj-la-ucr-y-la-izquierda-marcharon-en-tanto-que-el-pro-le-dio-la-espalda-a-la-unlpam\\\/#primaryimage\",\"url\":\"https:\\\/\\\/diariotextual.com\\\/inicio\\\/wp-content\\\/uploads\\\/2024\\\/10\\\/marchauniversitariasantarosapolialtolaguirre2024-67.jpg\",\"contentUrl\":\"https:\\\/\\\/diariotextual.com\\\/inicio\\\/wp-content\\\/uploads\\\/2024\\\/10\\\/marchauniversitariasantarosapolialtolaguirre2024-67.jpg\",\"width\":1600,\"height\":900},{\"@type\":\"BreadcrumbList\",\"@id\":\"https:\\\/\\\/diariotextual.com\\\/inicio\\\/index.php\\\/2024\\\/10\\\/02\\\/dirigentes-del-pj-la-ucr-y-la-izquierda-marcharon-en-tanto-que-el-pro-le-dio-la-espalda-a-la-unlpam\\\/#breadcrumb\",\"itemListElement\":[{\"@type\":\"ListItem\",\"position\":1,\"name\":\"Portada\",\"item\":\"https:\\\/\\\/diariotextual.com\\\/inicio\\\/\"},{\"@type\":\"ListItem\",\"position\":2,\"name\":\"Dirigentes del PJ, la UCR y la izquierda marcharon, en tanto que el PRO le dio la espalda a la UNLPam\"}]},{\"@type\":\"WebSite\",\"@id\":\"https:\\\/\\\/diariotextual.com\\\/inicio\\\/#website\",\"url\":\"https:\\\/\\\/diariotextual.com\\\/inicio\\\/\",\"name\":\"Diario Textual\",\"description\":\"\",\"publisher\":{\"@id\":\"https:\\\/\\\/diariotextual.com\\\/inicio\\\/#organization\"},\"potentialAction\":[{\"@type\":\"SearchAction\",\"target\":{\"@type\":\"EntryPoint\",\"urlTemplate\":\"https:\\\/\\\/diariotextual.com\\\/inicio\\\/?s={search_term_string}\"},\"query-input\":{\"@type\":\"PropertyValueSpecification\",\"valueRequired\":true,\"valueName\":\"search_term_string\"}}],\"inLanguage\":\"es\"},{\"@type\":\"Organization\",\"@id\":\"https:\\\/\\\/diariotextual.com\\\/inicio\\\/#organization\",\"name\":\"Diario Textual\",\"url\":\"https:\\\/\\\/diariotextual.com\\\/inicio\\\/\",\"logo\":{\"@type\":\"ImageObject\",\"inLanguage\":\"es\",\"@id\":\"https:\\\/\\\/diariotextual.com\\\/inicio\\\/#\\\/schema\\\/logo\\\/image\\\/\",\"url\":\"https:\\\/\\\/diariotextual.com\\\/inicio\\\/wp-content\\\/uploads\\\/2023\\\/05\\\/logotextual1.jpg\",\"contentUrl\":\"https:\\\/\\\/diariotextual.com\\\/inicio\\\/wp-content\\\/uploads\\\/2023\\\/05\\\/logotextual1.jpg\",\"width\":516,\"height\":76,\"caption\":\"Diario Textual\"},\"image\":{\"@id\":\"https:\\\/\\\/diariotextual.com\\\/inicio\\\/#\\\/schema\\\/logo\\\/image\\\/\"},\"sameAs\":[\"https:\\\/\\\/www.facebook.com\\\/eltextual\",\"https:\\\/\\\/x.com\\\/eltextual\",\"http:\\\/\\\/www.instagram.com\\\/eltextual\"]},{\"@type\":\"Person\",\"@id\":\"https:\\\/\\\/diariotextual.com\\\/inicio\\\/#\\\/schema\\\/person\\\/418fc4093c33e86ed41562db3508f958\",\"name\":\"Diario1 Diario1\",\"image\":{\"@type\":\"ImageObject\",\"inLanguage\":\"es\",\"@id\":\"https:\\\/\\\/secure.gravatar.com\\\/avatar\\\/9167d280179c85bc18be67aa7eda765854300033af4896dd779b608640f2ef7a?s=96&d=mm&r=g\",\"url\":\"https:\\\/\\\/secure.gravatar.com\\\/avatar\\\/9167d280179c85bc18be67aa7eda765854300033af4896dd779b608640f2ef7a?s=96&d=mm&r=g\",\"contentUrl\":\"https:\\\/\\\/secure.gravatar.com\\\/avatar\\\/9167d280179c85bc18be67aa7eda765854300033af4896dd779b608640f2ef7a?s=96&d=mm&r=g\",\"caption\":\"Diario1 Diario1\"},\"url\":\"https:\\\/\\\/diariotextual.com\\\/inicio\\\/index.php\\\/author\\\/diario1\\\/\"}]}<\/script>\n<!-- \/ Yoast SEO plugin. -->","yoast_head_json":{"title":"Dirigentes del PJ, la UCR y la izquierda marcharon, en tanto que el PRO le dio la espalda a la UNLPam - Diario Textual","robots":{"index":"index","follow":"follow","max-snippet":"max-snippet:-1","max-image-preview":"max-image-preview:large","max-video-preview":"max-video-preview:-1"},"canonical":"https:\/\/diariotextual.com\/inicio\/index.php\/2024\/10\/02\/dirigentes-del-pj-la-ucr-y-la-izquierda-marcharon-en-tanto-que-el-pro-le-dio-la-espalda-a-la-unlpam\/","og_locale":"es_ES","og_type":"article","og_title":"Dirigentes del PJ, la UCR y la izquierda marcharon, en tanto que el PRO le dio la espalda a la UNLPam - Diario Textual","og_description":"Dirigentes del peronismo, la UCR y de la izquierda participaron en la tarde de este mi\u00e9rcoles en Santa Rosa y General Pico de la masiva Marcha Federal Universitaria, en defensa&hellip;","og_url":"https:\/\/diariotextual.com\/inicio\/index.php\/2024\/10\/02\/dirigentes-del-pj-la-ucr-y-la-izquierda-marcharon-en-tanto-que-el-pro-le-dio-la-espalda-a-la-unlpam\/","og_site_name":"Diario Textual","article_publisher":"https:\/\/www.facebook.com\/eltextual","article_published_time":"2024-10-02T21:55:32+00:00","article_modified_time":"2024-10-03T15:47:40+00:00","og_image":[{"width":1600,"height":900,"url":"https:\/\/diariotextual.com\/inicio\/wp-content\/uploads\/2024\/10\/marchauniversitariasantarosapolialtolaguirre2024-67.jpg","type":"image\/jpeg"}],"author":"Diario1 Diario1","twitter_card":"summary_large_image","twitter_creator":"@eltextual","twitter_site":"@eltextual","twitter_misc":{"Escrito por":"Diario1 Diario1","Tiempo de lectura":"8 minutos"},"schema":{"@context":"https:\/\/schema.org","@graph":[{"@type":"Article","@id":"https:\/\/diariotextual.com\/inicio\/index.php\/2024\/10\/02\/dirigentes-del-pj-la-ucr-y-la-izquierda-marcharon-en-tanto-que-el-pro-le-dio-la-espalda-a-la-unlpam\/#article","isPartOf":{"@id":"https:\/\/diariotextual.com\/inicio\/index.php\/2024\/10\/02\/dirigentes-del-pj-la-ucr-y-la-izquierda-marcharon-en-tanto-que-el-pro-le-dio-la-espalda-a-la-unlpam\/"},"author":{"name":"Diario1 Diario1","@id":"https:\/\/diariotextual.com\/inicio\/#\/schema\/person\/418fc4093c33e86ed41562db3508f958"},"headline":"Dirigentes del PJ, la UCR y la izquierda marcharon, en tanto que el PRO le dio la espalda a la UNLPam","datePublished":"2024-10-02T21:55:32+00:00","dateModified":"2024-10-03T15:47:40+00:00","mainEntityOfPage":{"@id":"https:\/\/diariotextual.com\/inicio\/index.php\/2024\/10\/02\/dirigentes-del-pj-la-ucr-y-la-izquierda-marcharon-en-tanto-que-el-pro-le-dio-la-espalda-a-la-unlpam\/"},"wordCount":1461,"publisher":{"@id":"https:\/\/diariotextual.com\/inicio\/#organization"},"image":{"@id":"https:\/\/diariotextual.com\/inicio\/index.php\/2024\/10\/02\/dirigentes-del-pj-la-ucr-y-la-izquierda-marcharon-en-tanto-que-el-pro-le-dio-la-espalda-a-la-unlpam\/#primaryimage"},"thumbnailUrl":"https:\/\/diariotextual.com\/inicio\/wp-content\/uploads\/2024\/10\/marchauniversitariasantarosapolialtolaguirre2024-67.jpg","articleSection":["A - QUE PASA (al costado)","POLITICA"],"inLanguage":"es"},{"@type":"WebPage","@id":"https:\/\/diariotextual.com\/inicio\/index.php\/2024\/10\/02\/dirigentes-del-pj-la-ucr-y-la-izquierda-marcharon-en-tanto-que-el-pro-le-dio-la-espalda-a-la-unlpam\/","url":"https:\/\/diariotextual.com\/inicio\/index.php\/2024\/10\/02\/dirigentes-del-pj-la-ucr-y-la-izquierda-marcharon-en-tanto-que-el-pro-le-dio-la-espalda-a-la-unlpam\/","name":"Dirigentes del PJ, la UCR y la izquierda marcharon, en tanto que el PRO le dio la espalda a la UNLPam - Diario Textual","isPartOf":{"@id":"https:\/\/diariotextual.com\/inicio\/#website"},"primaryImageOfPage":{"@id":"https:\/\/diariotextual.com\/inicio\/index.php\/2024\/10\/02\/dirigentes-del-pj-la-ucr-y-la-izquierda-marcharon-en-tanto-que-el-pro-le-dio-la-espalda-a-la-unlpam\/#primaryimage"},"image":{"@id":"https:\/\/diariotextual.com\/inicio\/index.php\/2024\/10\/02\/dirigentes-del-pj-la-ucr-y-la-izquierda-marcharon-en-tanto-que-el-pro-le-dio-la-espalda-a-la-unlpam\/#primaryimage"},"thumbnailUrl":"https:\/\/diariotextual.com\/inicio\/wp-content\/uploads\/2024\/10\/marchauniversitariasantarosapolialtolaguirre2024-67.jpg","datePublished":"2024-10-02T21:55:32+00:00","dateModified":"2024-10-03T15:47:40+00:00","breadcrumb":{"@id":"https:\/\/diariotextual.com\/inicio\/index.php\/2024\/10\/02\/dirigentes-del-pj-la-ucr-y-la-izquierda-marcharon-en-tanto-que-el-pro-le-dio-la-espalda-a-la-unlpam\/#breadcrumb"},"inLanguage":"es","potentialAction":[{"@type":"ReadAction","target":["https:\/\/diariotextual.com\/inicio\/index.php\/2024\/10\/02\/dirigentes-del-pj-la-ucr-y-la-izquierda-marcharon-en-tanto-que-el-pro-le-dio-la-espalda-a-la-unlpam\/"]}]},{"@type":"ImageObject","inLanguage":"es","@id":"https:\/\/diariotextual.com\/inicio\/index.php\/2024\/10\/02\/dirigentes-del-pj-la-ucr-y-la-izquierda-marcharon-en-tanto-que-el-pro-le-dio-la-espalda-a-la-unlpam\/#primaryimage","url":"https:\/\/diariotextual.com\/inicio\/wp-content\/uploads\/2024\/10\/marchauniversitariasantarosapolialtolaguirre2024-67.jpg","contentUrl":"https:\/\/diariotextual.com\/inicio\/wp-content\/uploads\/2024\/10\/marchauniversitariasantarosapolialtolaguirre2024-67.jpg","width":1600,"height":900},{"@type":"BreadcrumbList","@id":"https:\/\/diariotextual.com\/inicio\/index.php\/2024\/10\/02\/dirigentes-del-pj-la-ucr-y-la-izquierda-marcharon-en-tanto-que-el-pro-le-dio-la-espalda-a-la-unlpam\/#breadcrumb","itemListElement":[{"@type":"ListItem","position":1,"name":"Portada","item":"https:\/\/diariotextual.com\/inicio\/"},{"@type":"ListItem","position":2,"name":"Dirigentes del PJ, la UCR y la izquierda marcharon, en tanto que el PRO le dio la espalda a la UNLPam"}]},{"@type":"WebSite","@id":"https:\/\/diariotextual.com\/inicio\/#website","url":"https:\/\/diariotextual.com\/inicio\/","name":"Diario Textual","description":"","publisher":{"@id":"https:\/\/diariotextual.com\/inicio\/#organization"},"potentialAction":[{"@type":"SearchAction","target":{"@type":"EntryPoint","urlTemplate":"https:\/\/diariotextual.com\/inicio\/?s={search_term_string}"},"query-input":{"@type":"PropertyValueSpecification","valueRequired":true,"valueName":"search_term_string"}}],"inLanguage":"es"},{"@type":"Organization","@id":"https:\/\/diariotextual.com\/inicio\/#organization","name":"Diario Textual","url":"https:\/\/diariotextual.com\/inicio\/","logo":{"@type":"ImageObject","inLanguage":"es","@id":"https:\/\/diariotextual.com\/inicio\/#\/schema\/logo\/image\/","url":"https:\/\/diariotextual.com\/inicio\/wp-content\/uploads\/2023\/05\/logotextual1.jpg","contentUrl":"https:\/\/diariotextual.com\/inicio\/wp-content\/uploads\/2023\/05\/logotextual1.jpg","width":516,"height":76,"caption":"Diario Textual"},"image":{"@id":"https:\/\/diariotextual.com\/inicio\/#\/schema\/logo\/image\/"},"sameAs":["https:\/\/www.facebook.com\/eltextual","https:\/\/x.com\/eltextual","http:\/\/www.instagram.com\/eltextual"]},{"@type":"Person","@id":"https:\/\/diariotextual.com\/inicio\/#\/schema\/person\/418fc4093c33e86ed41562db3508f958","name":"Diario1 Diario1","image":{"@type":"ImageObject","inLanguage":"es","@id":"https:\/\/secure.gravatar.com\/avatar\/9167d280179c85bc18be67aa7eda765854300033af4896dd779b608640f2ef7a?s=96&d=mm&r=g","url":"https:\/\/secure.gravatar.com\/avatar\/9167d280179c85bc18be67aa7eda765854300033af4896dd779b608640f2ef7a?s=96&d=mm&r=g","contentUrl":"https:\/\/secure.gravatar.com\/avatar\/9167d280179c85bc18be67aa7eda765854300033af4896dd779b608640f2ef7a?s=96&d=mm&r=g","caption":"Diario1 Diario1"},"url":"https:\/\/diariotextual.com\/inicio\/index.php\/author\/diario1\/"}]}},"_links":{"self":[{"href":"https:\/\/diariotextual.com\/inicio\/index.php\/wp-json\/wp\/v2\/posts\/276737","targetHints":{"allow":["GET"]}}],"collection":[{"href":"https:\/\/diariotextual.com\/inicio\/index.php\/wp-json\/wp\/v2\/posts"}],"about":[{"href":"https:\/\/diariotextual.com\/inicio\/index.php\/wp-json\/wp\/v2\/types\/post"}],"author":[{"embeddable":true,"href":"https:\/\/diariotextual.com\/inicio\/index.php\/wp-json\/wp\/v2\/users\/3"}],"replies":[{"embeddable":true,"href":"https:\/\/diariotextual.com\/inicio\/index.php\/wp-json\/wp\/v2\/comments?post=276737"}],"version-history":[{"count":7,"href":"https:\/\/diariotextual.com\/inicio\/index.php\/wp-json\/wp\/v2\/posts\/276737\/revisions"}],"predecessor-version":[{"id":276796,"href":"https:\/\/diariotextual.com\/inicio\/index.php\/wp-json\/wp\/v2\/posts\/276737\/revisions\/276796"}],"wp:featuredmedia":[{"embeddable":true,"href":"https:\/\/diariotextual.com\/inicio\/index.php\/wp-json\/wp\/v2\/media\/276787"}],"wp:attachment":[{"href":"https:\/\/diariotextual.com\/inicio\/index.php\/wp-json\/wp\/v2\/media?parent=276737"}],"wp:term":[{"taxonomy":"category","embeddable":true,"href":"https:\/\/diariotextual.com\/inicio\/index.php\/wp-json\/wp\/v2\/categories?post=276737"},{"taxonomy":"post_tag","embeddable":true,"href":"https:\/\/diariotextual.com\/inicio\/index.php\/wp-json\/wp\/v2\/tags?post=276737"}],"curies":[{"name":"wp","href":"https:\/\/api.w.org\/{rel}","templated":true}]}}