{"id":276747,"date":"2024-10-02T16:58:05","date_gmt":"2024-10-02T19:58:05","guid":{"rendered":"https:\/\/diariotextual.com\/inicio\/?p=276747"},"modified":"2024-10-02T21:25:50","modified_gmt":"2024-10-03T00:25:50","slug":"una-multitud-reclama-frente-al-congreso-contra-el-veto-de-milei-al-presupuesto-universitario","status":"publish","type":"post","link":"https:\/\/diariotextual.com\/inicio\/index.php\/2024\/10\/02\/una-multitud-reclama-frente-al-congreso-contra-el-veto-de-milei-al-presupuesto-universitario\/","title":{"rendered":"Una multitud reclam\u00f3 frente al Congreso contra el veto de Milei al presupuesto universitario"},"content":{"rendered":"\n<p>Docentes, no docentes y estudiantes marcharon hoy al Congreso para pedirle al presidente Javier Milei que \u201cpromulgue\u201d la ley de Financiamiento Universitario y que \u201creconsidere\u201d el proyecto de Presupuesto 2025.<\/p>\n\n\n\n<figure class=\"wp-block-embed is-type-wp-embed is-provider-diario-textual wp-block-embed-diario-textual\"><div class=\"wp-block-embed__wrapper\">\n<blockquote class=\"wp-embedded-content\" data-secret=\"DzdJ8xVGJc\"><a href=\"https:\/\/diariotextual.com\/inicio\/index.php\/2024\/10\/02\/luego-de-la-masiva-marcha-milei-confirmo-que-vetara-la-ley-de-financiamiento-universitario\/\">Luego de la masiva marcha, Milei confirm\u00f3 que vetar\u00e1 la Ley de Financiamiento Universitario<\/a><\/blockquote><iframe class=\"wp-embedded-content\" sandbox=\"allow-scripts\" security=\"restricted\" style=\"position: absolute; visibility: hidden;\" title=\"\u00abLuego de la masiva marcha, Milei confirm\u00f3 que vetar\u00e1 la Ley de Financiamiento Universitario\u00bb \u2014 Diario Textual\" src=\"https:\/\/diariotextual.com\/inicio\/index.php\/2024\/10\/02\/luego-de-la-masiva-marcha-milei-confirmo-que-vetara-la-ley-de-financiamiento-universitario\/embed\/#?secret=txe34mDqZd#?secret=DzdJ8xVGJc\" data-secret=\"DzdJ8xVGJc\" width=\"600\" height=\"338\" frameborder=\"0\" marginwidth=\"0\" marginheight=\"0\" scrolling=\"no\"><\/iframe>\n<\/div><\/figure>\n\n\n\n<p><br>\u201cLos estudiantes de toda la Argentina le pedimos, en un grito de auxilio para salvar al sistema: \u00a1promulgue la Ley de Financiamiento universitario!\u201d, manifest\u00f3 la presidenta de la Federaci\u00f3n Universitaria Argentina (FUA), Piera Fern\u00e1ndez de Piccoli, quien se encarg\u00f3 de leer el documento con el que cerr\u00f3 la multitudinaria Marcha Federal en todo el pa\u00eds, y que tuvo como epicentro la Plaza Congreso.<br>El texto, al que tambi\u00e9n suscribieron Frente Sindical de Universidades Nacionales y el Consejo Interuniversitario Nacional (CIN), se\u00f1al\u00f3 que con la norma aprobada por el Congreso el presidente \u201ctiene al alcance de su mano una ley razonable que resuelve los problemas, cuidando al Estado y a su econom\u00eda\u201d.<\/p>\n\n\n\n<p><br>Asimismo, la comunidad universitaria le \u201cexigi\u00f3\u201d al jefe de Estado que \u201creconsidere\u201d el proyecto de Presupuesto 2025, al advertir que \u201csi no se modifica, la situaci\u00f3n de las universidades y del sistema cient\u00edfico ser\u00e1 mucho m\u00e1s grave que la que atravesamos hoy. Lo que estar\u00e1 en juego es su continuidad\u201d.<\/p>\n\n\n\n<p><br>\u201cEs un error entender como un gasto y no como una inversi\u00f3n lo que el Estado destina a educaci\u00f3n, universidades y desarrollo cient\u00edfico\u201d, advirti\u00f3 el manifiesto de las casas de altos estudios.<\/p>\n\n\n\n<p><br>\u201cCon la misma fuerza y claridad que lo dimos en abril, estudiantes de todo el sistema universitario reiteramos: no queremos que nos arrebaten nuestros sue\u00f1os, nuestro futuro no les pertenece\u201d, sostuvo.<br>\u201cLa universidad no es el problema, es parte de la soluci\u00f3n\u201d, fue el lema que utiliz\u00f3 la comunidad educativa para rechazar el recorte presupuestario que instrument\u00f3 el gobierno libertario.<\/p>\n\n\n\n<p><br>El acto central de la Marcha Federal Universitaria se realiz\u00f3 pasadas las 17 en la plaza del Congreso, con r\u00e9plicas en las principales ciudades de todas las provincias del pa\u00eds.<\/p>\n\n\n\n<p><br>Durante la previa de la jornada de protesta, dirigentes del arco pol\u00edtico opositor manifestaron su respaldo al reclamo de fondos por parte de las universidades.<\/p>\n\n\n\n<figure class=\"wp-block-image size-large\"><img fetchpriority=\"high\" decoding=\"async\" width=\"1024\" height=\"667\" src=\"https:\/\/diariotextual.com\/inicio\/wp-content\/uploads\/2024\/10\/marchafederaluniversitaria2octubre2024-12-1024x667.jpg\" alt=\"\" class=\"wp-image-276750\" srcset=\"https:\/\/diariotextual.com\/inicio\/wp-content\/uploads\/2024\/10\/marchafederaluniversitaria2octubre2024-12-1024x667.jpg 1024w, https:\/\/diariotextual.com\/inicio\/wp-content\/uploads\/2024\/10\/marchafederaluniversitaria2octubre2024-12-300x195.jpg 300w, https:\/\/diariotextual.com\/inicio\/wp-content\/uploads\/2024\/10\/marchafederaluniversitaria2octubre2024-12-768x500.jpg 768w, https:\/\/diariotextual.com\/inicio\/wp-content\/uploads\/2024\/10\/marchafederaluniversitaria2octubre2024-12-585x381.jpg 585w, https:\/\/diariotextual.com\/inicio\/wp-content\/uploads\/2024\/10\/marchafederaluniversitaria2octubre2024-12.jpg 1061w\" sizes=\"(max-width: 1024px) 100vw, 1024px\" \/><\/figure>\n","protected":false},"excerpt":{"rendered":"<p>Docentes, no docentes y estudiantes marcharon hoy al Congreso para pedirle al presidente Javier Milei que \u201cpromulgue\u201d la ley de Financiamiento Universitario y que \u201creconsidere\u201d el proyecto de Presupuesto 2025.&hellip;<\/p>\n","protected":false},"author":3,"featured_media":276751,"comment_status":"closed","ping_status":"open","sticky":false,"template":"","format":"standard","meta":{"_acf_changed":false,"footnotes":""},"categories":[4,1,8],"tags":[],"class_list":["post-276747","post","type-post","status-publish","format-standard","has-post-thumbnail","hentry","category-destacadas","category-es-noticia","category-politica"],"acf":[],"yoast_head":"<!-- This site is optimized with the Yoast SEO plugin v27.4 - https:\/\/yoast.com\/product\/yoast-seo-wordpress\/ -->\n<title>Una multitud reclam\u00f3 frente al Congreso contra el veto de Milei al presupuesto universitario - Diario Textual<\/title>\n<meta name=\"robots\" content=\"index, follow, max-snippet:-1, max-image-preview:large, max-video-preview:-1\" \/>\n<link rel=\"canonical\" href=\"https:\/\/diariotextual.com\/inicio\/index.php\/2024\/10\/02\/una-multitud-reclama-frente-al-congreso-contra-el-veto-de-milei-al-presupuesto-universitario\/\" \/>\n<meta property=\"og:locale\" content=\"es_ES\" \/>\n<meta property=\"og:type\" content=\"article\" \/>\n<meta property=\"og:title\" content=\"Una multitud reclam\u00f3 frente al Congreso contra el veto de Milei al presupuesto universitario - Diario Textual\" \/>\n<meta property=\"og:description\" content=\"Docentes, no docentes y estudiantes marcharon hoy al Congreso para pedirle al presidente Javier Milei que \u201cpromulgue\u201d la ley de Financiamiento Universitario y que \u201creconsidere\u201d el proyecto de Presupuesto 2025.&hellip;\" \/>\n<meta property=\"og:url\" content=\"https:\/\/diariotextual.com\/inicio\/index.php\/2024\/10\/02\/una-multitud-reclama-frente-al-congreso-contra-el-veto-de-milei-al-presupuesto-universitario\/\" \/>\n<meta property=\"og:site_name\" content=\"Diario Textual\" \/>\n<meta property=\"article:publisher\" content=\"https:\/\/www.facebook.com\/eltextual\" \/>\n<meta property=\"article:published_time\" content=\"2024-10-02T19:58:05+00:00\" \/>\n<meta property=\"article:modified_time\" content=\"2024-10-03T00:25:50+00:00\" \/>\n<meta property=\"og:image\" content=\"https:\/\/diariotextual.com\/inicio\/wp-content\/uploads\/2024\/10\/marchauniversitariacongresooct2024.webp\" \/>\n\t<meta property=\"og:image:width\" content=\"943\" \/>\n\t<meta property=\"og:image:height\" content=\"720\" \/>\n\t<meta property=\"og:image:type\" content=\"image\/webp\" \/>\n<meta name=\"author\" content=\"Diario1 Diario1\" \/>\n<meta name=\"twitter:card\" content=\"summary_large_image\" \/>\n<meta name=\"twitter:creator\" content=\"@eltextual\" \/>\n<meta name=\"twitter:site\" content=\"@eltextual\" \/>\n<meta name=\"twitter:label1\" content=\"Escrito por\" \/>\n\t<meta name=\"twitter:data1\" content=\"Diario1 Diario1\" \/>\n\t<meta name=\"twitter:label2\" content=\"Tiempo de lectura\" \/>\n\t<meta name=\"twitter:data2\" content=\"2 minutos\" \/>\n<script type=\"application\/ld+json\" class=\"yoast-schema-graph\">{\"@context\":\"https:\\\/\\\/schema.org\",\"@graph\":[{\"@type\":\"Article\",\"@id\":\"https:\\\/\\\/diariotextual.com\\\/inicio\\\/index.php\\\/2024\\\/10\\\/02\\\/una-multitud-reclama-frente-al-congreso-contra-el-veto-de-milei-al-presupuesto-universitario\\\/#article\",\"isPartOf\":{\"@id\":\"https:\\\/\\\/diariotextual.com\\\/inicio\\\/index.php\\\/2024\\\/10\\\/02\\\/una-multitud-reclama-frente-al-congreso-contra-el-veto-de-milei-al-presupuesto-universitario\\\/\"},\"author\":{\"name\":\"Diario1 Diario1\",\"@id\":\"https:\\\/\\\/diariotextual.com\\\/inicio\\\/#\\\/schema\\\/person\\\/418fc4093c33e86ed41562db3508f958\"},\"headline\":\"Una multitud reclam\u00f3 frente al Congreso contra el veto de Milei al presupuesto universitario\",\"datePublished\":\"2024-10-02T19:58:05+00:00\",\"dateModified\":\"2024-10-03T00:25:50+00:00\",\"mainEntityOfPage\":{\"@id\":\"https:\\\/\\\/diariotextual.com\\\/inicio\\\/index.php\\\/2024\\\/10\\\/02\\\/una-multitud-reclama-frente-al-congreso-contra-el-veto-de-milei-al-presupuesto-universitario\\\/\"},\"wordCount\":373,\"publisher\":{\"@id\":\"https:\\\/\\\/diariotextual.com\\\/inicio\\\/#organization\"},\"image\":{\"@id\":\"https:\\\/\\\/diariotextual.com\\\/inicio\\\/index.php\\\/2024\\\/10\\\/02\\\/una-multitud-reclama-frente-al-congreso-contra-el-veto-de-milei-al-presupuesto-universitario\\\/#primaryimage\"},\"thumbnailUrl\":\"https:\\\/\\\/diariotextual.com\\\/inicio\\\/wp-content\\\/uploads\\\/2024\\\/10\\\/marchauniversitariacongresooct2024.webp\",\"articleSection\":[\"A - DESTACADAS (mod 16)\",\"A - ES NOTICIA (van abajo)\",\"POLITICA\"],\"inLanguage\":\"es\"},{\"@type\":\"WebPage\",\"@id\":\"https:\\\/\\\/diariotextual.com\\\/inicio\\\/index.php\\\/2024\\\/10\\\/02\\\/una-multitud-reclama-frente-al-congreso-contra-el-veto-de-milei-al-presupuesto-universitario\\\/\",\"url\":\"https:\\\/\\\/diariotextual.com\\\/inicio\\\/index.php\\\/2024\\\/10\\\/02\\\/una-multitud-reclama-frente-al-congreso-contra-el-veto-de-milei-al-presupuesto-universitario\\\/\",\"name\":\"Una multitud reclam\u00f3 frente al Congreso contra el veto de Milei al presupuesto universitario - Diario Textual\",\"isPartOf\":{\"@id\":\"https:\\\/\\\/diariotextual.com\\\/inicio\\\/#website\"},\"primaryImageOfPage\":{\"@id\":\"https:\\\/\\\/diariotextual.com\\\/inicio\\\/index.php\\\/2024\\\/10\\\/02\\\/una-multitud-reclama-frente-al-congreso-contra-el-veto-de-milei-al-presupuesto-universitario\\\/#primaryimage\"},\"image\":{\"@id\":\"https:\\\/\\\/diariotextual.com\\\/inicio\\\/index.php\\\/2024\\\/10\\\/02\\\/una-multitud-reclama-frente-al-congreso-contra-el-veto-de-milei-al-presupuesto-universitario\\\/#primaryimage\"},\"thumbnailUrl\":\"https:\\\/\\\/diariotextual.com\\\/inicio\\\/wp-content\\\/uploads\\\/2024\\\/10\\\/marchauniversitariacongresooct2024.webp\",\"datePublished\":\"2024-10-02T19:58:05+00:00\",\"dateModified\":\"2024-10-03T00:25:50+00:00\",\"breadcrumb\":{\"@id\":\"https:\\\/\\\/diariotextual.com\\\/inicio\\\/index.php\\\/2024\\\/10\\\/02\\\/una-multitud-reclama-frente-al-congreso-contra-el-veto-de-milei-al-presupuesto-universitario\\\/#breadcrumb\"},\"inLanguage\":\"es\",\"potentialAction\":[{\"@type\":\"ReadAction\",\"target\":[\"https:\\\/\\\/diariotextual.com\\\/inicio\\\/index.php\\\/2024\\\/10\\\/02\\\/una-multitud-reclama-frente-al-congreso-contra-el-veto-de-milei-al-presupuesto-universitario\\\/\"]}]},{\"@type\":\"ImageObject\",\"inLanguage\":\"es\",\"@id\":\"https:\\\/\\\/diariotextual.com\\\/inicio\\\/index.php\\\/2024\\\/10\\\/02\\\/una-multitud-reclama-frente-al-congreso-contra-el-veto-de-milei-al-presupuesto-universitario\\\/#primaryimage\",\"url\":\"https:\\\/\\\/diariotextual.com\\\/inicio\\\/wp-content\\\/uploads\\\/2024\\\/10\\\/marchauniversitariacongresooct2024.webp\",\"contentUrl\":\"https:\\\/\\\/diariotextual.com\\\/inicio\\\/wp-content\\\/uploads\\\/2024\\\/10\\\/marchauniversitariacongresooct2024.webp\",\"width\":943,\"height\":720},{\"@type\":\"BreadcrumbList\",\"@id\":\"https:\\\/\\\/diariotextual.com\\\/inicio\\\/index.php\\\/2024\\\/10\\\/02\\\/una-multitud-reclama-frente-al-congreso-contra-el-veto-de-milei-al-presupuesto-universitario\\\/#breadcrumb\",\"itemListElement\":[{\"@type\":\"ListItem\",\"position\":1,\"name\":\"Portada\",\"item\":\"https:\\\/\\\/diariotextual.com\\\/inicio\\\/\"},{\"@type\":\"ListItem\",\"position\":2,\"name\":\"Una multitud reclam\u00f3 frente al Congreso contra el veto de Milei al presupuesto universitario\"}]},{\"@type\":\"WebSite\",\"@id\":\"https:\\\/\\\/diariotextual.com\\\/inicio\\\/#website\",\"url\":\"https:\\\/\\\/diariotextual.com\\\/inicio\\\/\",\"name\":\"Diario Textual\",\"description\":\"\",\"publisher\":{\"@id\":\"https:\\\/\\\/diariotextual.com\\\/inicio\\\/#organization\"},\"potentialAction\":[{\"@type\":\"SearchAction\",\"target\":{\"@type\":\"EntryPoint\",\"urlTemplate\":\"https:\\\/\\\/diariotextual.com\\\/inicio\\\/?s={search_term_string}\"},\"query-input\":{\"@type\":\"PropertyValueSpecification\",\"valueRequired\":true,\"valueName\":\"search_term_string\"}}],\"inLanguage\":\"es\"},{\"@type\":\"Organization\",\"@id\":\"https:\\\/\\\/diariotextual.com\\\/inicio\\\/#organization\",\"name\":\"Diario Textual\",\"url\":\"https:\\\/\\\/diariotextual.com\\\/inicio\\\/\",\"logo\":{\"@type\":\"ImageObject\",\"inLanguage\":\"es\",\"@id\":\"https:\\\/\\\/diariotextual.com\\\/inicio\\\/#\\\/schema\\\/logo\\\/image\\\/\",\"url\":\"https:\\\/\\\/diariotextual.com\\\/inicio\\\/wp-content\\\/uploads\\\/2023\\\/05\\\/logotextual1.jpg\",\"contentUrl\":\"https:\\\/\\\/diariotextual.com\\\/inicio\\\/wp-content\\\/uploads\\\/2023\\\/05\\\/logotextual1.jpg\",\"width\":516,\"height\":76,\"caption\":\"Diario Textual\"},\"image\":{\"@id\":\"https:\\\/\\\/diariotextual.com\\\/inicio\\\/#\\\/schema\\\/logo\\\/image\\\/\"},\"sameAs\":[\"https:\\\/\\\/www.facebook.com\\\/eltextual\",\"https:\\\/\\\/x.com\\\/eltextual\",\"http:\\\/\\\/www.instagram.com\\\/eltextual\"]},{\"@type\":\"Person\",\"@id\":\"https:\\\/\\\/diariotextual.com\\\/inicio\\\/#\\\/schema\\\/person\\\/418fc4093c33e86ed41562db3508f958\",\"name\":\"Diario1 Diario1\",\"image\":{\"@type\":\"ImageObject\",\"inLanguage\":\"es\",\"@id\":\"https:\\\/\\\/secure.gravatar.com\\\/avatar\\\/9167d280179c85bc18be67aa7eda765854300033af4896dd779b608640f2ef7a?s=96&d=mm&r=g\",\"url\":\"https:\\\/\\\/secure.gravatar.com\\\/avatar\\\/9167d280179c85bc18be67aa7eda765854300033af4896dd779b608640f2ef7a?s=96&d=mm&r=g\",\"contentUrl\":\"https:\\\/\\\/secure.gravatar.com\\\/avatar\\\/9167d280179c85bc18be67aa7eda765854300033af4896dd779b608640f2ef7a?s=96&d=mm&r=g\",\"caption\":\"Diario1 Diario1\"},\"url\":\"https:\\\/\\\/diariotextual.com\\\/inicio\\\/index.php\\\/author\\\/diario1\\\/\"}]}<\/script>\n<!-- \/ Yoast SEO plugin. -->","yoast_head_json":{"title":"Una multitud reclam\u00f3 frente al Congreso contra el veto de Milei al presupuesto universitario - Diario Textual","robots":{"index":"index","follow":"follow","max-snippet":"max-snippet:-1","max-image-preview":"max-image-preview:large","max-video-preview":"max-video-preview:-1"},"canonical":"https:\/\/diariotextual.com\/inicio\/index.php\/2024\/10\/02\/una-multitud-reclama-frente-al-congreso-contra-el-veto-de-milei-al-presupuesto-universitario\/","og_locale":"es_ES","og_type":"article","og_title":"Una multitud reclam\u00f3 frente al Congreso contra el veto de Milei al presupuesto universitario - Diario Textual","og_description":"Docentes, no docentes y estudiantes marcharon hoy al Congreso para pedirle al presidente Javier Milei que \u201cpromulgue\u201d la ley de Financiamiento Universitario y que \u201creconsidere\u201d el proyecto de Presupuesto 2025.&hellip;","og_url":"https:\/\/diariotextual.com\/inicio\/index.php\/2024\/10\/02\/una-multitud-reclama-frente-al-congreso-contra-el-veto-de-milei-al-presupuesto-universitario\/","og_site_name":"Diario Textual","article_publisher":"https:\/\/www.facebook.com\/eltextual","article_published_time":"2024-10-02T19:58:05+00:00","article_modified_time":"2024-10-03T00:25:50+00:00","og_image":[{"width":943,"height":720,"url":"https:\/\/diariotextual.com\/inicio\/wp-content\/uploads\/2024\/10\/marchauniversitariacongresooct2024.webp","type":"image\/webp"}],"author":"Diario1 Diario1","twitter_card":"summary_large_image","twitter_creator":"@eltextual","twitter_site":"@eltextual","twitter_misc":{"Escrito por":"Diario1 Diario1","Tiempo de lectura":"2 minutos"},"schema":{"@context":"https:\/\/schema.org","@graph":[{"@type":"Article","@id":"https:\/\/diariotextual.com\/inicio\/index.php\/2024\/10\/02\/una-multitud-reclama-frente-al-congreso-contra-el-veto-de-milei-al-presupuesto-universitario\/#article","isPartOf":{"@id":"https:\/\/diariotextual.com\/inicio\/index.php\/2024\/10\/02\/una-multitud-reclama-frente-al-congreso-contra-el-veto-de-milei-al-presupuesto-universitario\/"},"author":{"name":"Diario1 Diario1","@id":"https:\/\/diariotextual.com\/inicio\/#\/schema\/person\/418fc4093c33e86ed41562db3508f958"},"headline":"Una multitud reclam\u00f3 frente al Congreso contra el veto de Milei al presupuesto universitario","datePublished":"2024-10-02T19:58:05+00:00","dateModified":"2024-10-03T00:25:50+00:00","mainEntityOfPage":{"@id":"https:\/\/diariotextual.com\/inicio\/index.php\/2024\/10\/02\/una-multitud-reclama-frente-al-congreso-contra-el-veto-de-milei-al-presupuesto-universitario\/"},"wordCount":373,"publisher":{"@id":"https:\/\/diariotextual.com\/inicio\/#organization"},"image":{"@id":"https:\/\/diariotextual.com\/inicio\/index.php\/2024\/10\/02\/una-multitud-reclama-frente-al-congreso-contra-el-veto-de-milei-al-presupuesto-universitario\/#primaryimage"},"thumbnailUrl":"https:\/\/diariotextual.com\/inicio\/wp-content\/uploads\/2024\/10\/marchauniversitariacongresooct2024.webp","articleSection":["A - DESTACADAS (mod 16)","A - ES NOTICIA (van abajo)","POLITICA"],"inLanguage":"es"},{"@type":"WebPage","@id":"https:\/\/diariotextual.com\/inicio\/index.php\/2024\/10\/02\/una-multitud-reclama-frente-al-congreso-contra-el-veto-de-milei-al-presupuesto-universitario\/","url":"https:\/\/diariotextual.com\/inicio\/index.php\/2024\/10\/02\/una-multitud-reclama-frente-al-congreso-contra-el-veto-de-milei-al-presupuesto-universitario\/","name":"Una multitud reclam\u00f3 frente al Congreso contra el veto de Milei al presupuesto universitario - Diario Textual","isPartOf":{"@id":"https:\/\/diariotextual.com\/inicio\/#website"},"primaryImageOfPage":{"@id":"https:\/\/diariotextual.com\/inicio\/index.php\/2024\/10\/02\/una-multitud-reclama-frente-al-congreso-contra-el-veto-de-milei-al-presupuesto-universitario\/#primaryimage"},"image":{"@id":"https:\/\/diariotextual.com\/inicio\/index.php\/2024\/10\/02\/una-multitud-reclama-frente-al-congreso-contra-el-veto-de-milei-al-presupuesto-universitario\/#primaryimage"},"thumbnailUrl":"https:\/\/diariotextual.com\/inicio\/wp-content\/uploads\/2024\/10\/marchauniversitariacongresooct2024.webp","datePublished":"2024-10-02T19:58:05+00:00","dateModified":"2024-10-03T00:25:50+00:00","breadcrumb":{"@id":"https:\/\/diariotextual.com\/inicio\/index.php\/2024\/10\/02\/una-multitud-reclama-frente-al-congreso-contra-el-veto-de-milei-al-presupuesto-universitario\/#breadcrumb"},"inLanguage":"es","potentialAction":[{"@type":"ReadAction","target":["https:\/\/diariotextual.com\/inicio\/index.php\/2024\/10\/02\/una-multitud-reclama-frente-al-congreso-contra-el-veto-de-milei-al-presupuesto-universitario\/"]}]},{"@type":"ImageObject","inLanguage":"es","@id":"https:\/\/diariotextual.com\/inicio\/index.php\/2024\/10\/02\/una-multitud-reclama-frente-al-congreso-contra-el-veto-de-milei-al-presupuesto-universitario\/#primaryimage","url":"https:\/\/diariotextual.com\/inicio\/wp-content\/uploads\/2024\/10\/marchauniversitariacongresooct2024.webp","contentUrl":"https:\/\/diariotextual.com\/inicio\/wp-content\/uploads\/2024\/10\/marchauniversitariacongresooct2024.webp","width":943,"height":720},{"@type":"BreadcrumbList","@id":"https:\/\/diariotextual.com\/inicio\/index.php\/2024\/10\/02\/una-multitud-reclama-frente-al-congreso-contra-el-veto-de-milei-al-presupuesto-universitario\/#breadcrumb","itemListElement":[{"@type":"ListItem","position":1,"name":"Portada","item":"https:\/\/diariotextual.com\/inicio\/"},{"@type":"ListItem","position":2,"name":"Una multitud reclam\u00f3 frente al Congreso contra el veto de Milei al presupuesto universitario"}]},{"@type":"WebSite","@id":"https:\/\/diariotextual.com\/inicio\/#website","url":"https:\/\/diariotextual.com\/inicio\/","name":"Diario Textual","description":"","publisher":{"@id":"https:\/\/diariotextual.com\/inicio\/#organization"},"potentialAction":[{"@type":"SearchAction","target":{"@type":"EntryPoint","urlTemplate":"https:\/\/diariotextual.com\/inicio\/?s={search_term_string}"},"query-input":{"@type":"PropertyValueSpecification","valueRequired":true,"valueName":"search_term_string"}}],"inLanguage":"es"},{"@type":"Organization","@id":"https:\/\/diariotextual.com\/inicio\/#organization","name":"Diario Textual","url":"https:\/\/diariotextual.com\/inicio\/","logo":{"@type":"ImageObject","inLanguage":"es","@id":"https:\/\/diariotextual.com\/inicio\/#\/schema\/logo\/image\/","url":"https:\/\/diariotextual.com\/inicio\/wp-content\/uploads\/2023\/05\/logotextual1.jpg","contentUrl":"https:\/\/diariotextual.com\/inicio\/wp-content\/uploads\/2023\/05\/logotextual1.jpg","width":516,"height":76,"caption":"Diario Textual"},"image":{"@id":"https:\/\/diariotextual.com\/inicio\/#\/schema\/logo\/image\/"},"sameAs":["https:\/\/www.facebook.com\/eltextual","https:\/\/x.com\/eltextual","http:\/\/www.instagram.com\/eltextual"]},{"@type":"Person","@id":"https:\/\/diariotextual.com\/inicio\/#\/schema\/person\/418fc4093c33e86ed41562db3508f958","name":"Diario1 Diario1","image":{"@type":"ImageObject","inLanguage":"es","@id":"https:\/\/secure.gravatar.com\/avatar\/9167d280179c85bc18be67aa7eda765854300033af4896dd779b608640f2ef7a?s=96&d=mm&r=g","url":"https:\/\/secure.gravatar.com\/avatar\/9167d280179c85bc18be67aa7eda765854300033af4896dd779b608640f2ef7a?s=96&d=mm&r=g","contentUrl":"https:\/\/secure.gravatar.com\/avatar\/9167d280179c85bc18be67aa7eda765854300033af4896dd779b608640f2ef7a?s=96&d=mm&r=g","caption":"Diario1 Diario1"},"url":"https:\/\/diariotextual.com\/inicio\/index.php\/author\/diario1\/"}]}},"_links":{"self":[{"href":"https:\/\/diariotextual.com\/inicio\/index.php\/wp-json\/wp\/v2\/posts\/276747","targetHints":{"allow":["GET"]}}],"collection":[{"href":"https:\/\/diariotextual.com\/inicio\/index.php\/wp-json\/wp\/v2\/posts"}],"about":[{"href":"https:\/\/diariotextual.com\/inicio\/index.php\/wp-json\/wp\/v2\/types\/post"}],"author":[{"embeddable":true,"href":"https:\/\/diariotextual.com\/inicio\/index.php\/wp-json\/wp\/v2\/users\/3"}],"replies":[{"embeddable":true,"href":"https:\/\/diariotextual.com\/inicio\/index.php\/wp-json\/wp\/v2\/comments?post=276747"}],"version-history":[{"count":6,"href":"https:\/\/diariotextual.com\/inicio\/index.php\/wp-json\/wp\/v2\/posts\/276747\/revisions"}],"predecessor-version":[{"id":276814,"href":"https:\/\/diariotextual.com\/inicio\/index.php\/wp-json\/wp\/v2\/posts\/276747\/revisions\/276814"}],"wp:featuredmedia":[{"embeddable":true,"href":"https:\/\/diariotextual.com\/inicio\/index.php\/wp-json\/wp\/v2\/media\/276751"}],"wp:attachment":[{"href":"https:\/\/diariotextual.com\/inicio\/index.php\/wp-json\/wp\/v2\/media?parent=276747"}],"wp:term":[{"taxonomy":"category","embeddable":true,"href":"https:\/\/diariotextual.com\/inicio\/index.php\/wp-json\/wp\/v2\/categories?post=276747"},{"taxonomy":"post_tag","embeddable":true,"href":"https:\/\/diariotextual.com\/inicio\/index.php\/wp-json\/wp\/v2\/tags?post=276747"}],"curies":[{"name":"wp","href":"https:\/\/api.w.org\/{rel}","templated":true}]}}