{"id":276806,"date":"2024-10-03T05:23:00","date_gmt":"2024-10-03T08:23:00","guid":{"rendered":"https:\/\/diariotextual.com\/inicio\/?p=276806"},"modified":"2024-10-03T16:51:17","modified_gmt":"2024-10-03T19:51:17","slug":"luego-de-la-masiva-marcha-milei-confirmo-que-vetara-la-ley-de-financiamiento-universitario","status":"publish","type":"post","link":"https:\/\/diariotextual.com\/inicio\/index.php\/2024\/10\/03\/luego-de-la-masiva-marcha-milei-confirmo-que-vetara-la-ley-de-financiamiento-universitario\/","title":{"rendered":"Luego de las masivas marchas, Milei vet\u00f3 la Ley de Financiamiento Universitario"},"content":{"rendered":"\n<p>A pesar de las masivas marchas que tuvieron lugar este mi\u00e9rcoles por la tarde, <strong>el presidente Javier Milei vet\u00f3 la ley de Financiamiento Universitario.<\/strong> As\u00ed lo dej\u00f3 asentado el gobierno nacional en el Decreto 879\/2024 publicado en el Bolet\u00edn Oficial este jueves.<\/p>\n\n\n\n<p><\/p>\n\n\n\n<figure class=\"wp-block-embed is-type-wp-embed is-provider-diario-textual wp-block-embed-diario-textual\"><div class=\"wp-block-embed__wrapper\">\n<blockquote class=\"wp-embedded-content\" data-secret=\"OUXXH5BQBZ\"><a href=\"https:\/\/diariotextual.com\/inicio\/index.php\/2024\/10\/02\/marcha-federal-una-multitud-marcha-en-santa-rosa-y-picl\/\">Una multitud march\u00f3 en Santa Rosa y Pico en defensa de la universidad<\/a><\/blockquote><iframe class=\"wp-embedded-content\" sandbox=\"allow-scripts\" security=\"restricted\" style=\"position: absolute; visibility: hidden;\" title=\"\u00abUna multitud march\u00f3 en Santa Rosa y Pico en defensa de la universidad\u00bb \u2014 Diario Textual\" src=\"https:\/\/diariotextual.com\/inicio\/index.php\/2024\/10\/02\/marcha-federal-una-multitud-marcha-en-santa-rosa-y-picl\/embed\/#?secret=NqpRnE6ziw#?secret=OUXXH5BQBZ\" data-secret=\"OUXXH5BQBZ\" width=\"600\" height=\"338\" frameborder=\"0\" marginwidth=\"0\" marginheight=\"0\" scrolling=\"no\"><\/iframe>\n<\/div><\/figure>\n\n\n\n<p>Mediante el decreto publicado se establece el veto al Proyecto de Ley registrado bajo el N\u00ba 27.757 sancionado por el H. CONGRESO DE LA NACI\u00d3N el 12 de septiembre de 2024. En el art\u00edculo 1 se establece \u201cObs\u00e9rvase en su totalidad el Proyecto de Ley registrado bajo el N\u00ba 27.757\u2033 mientras que en el art\u00edculo dos se remarca: \u201cDevu\u00e9lvase al H. CONGRESO DE LA NACI\u00d3N el Proyecto de Ley mencionado en el art\u00edculo anterior\u201d.<\/p>\n\n\n\n<p>En el considerando del decreto se detallan los distintos art\u00edculos del proyecto, como por ejemplo, las \u201cmodificaciones que impactan en el r\u00e9gimen jur\u00eddico de financiamiento de las Universidades Nacionales, en materia de gastos de funcionamiento y de salarios para el personal docente y no docente del Sistema Universitario Nacional\u201d.<\/p>\n\n\n\n<p>Por tal motivo, al justificar el veto de la ley el gobierno nacional sostuvo que \u201ces manifiestamente violatorio del marco jur\u00eddico vigente, en tanto no contempla el impacto fiscal de la medida ni tampoco determina la fuente de su financiamiento\u201d y se aclar\u00f3 que \u201cel art\u00edculo 38 de la Ley N\u00b0 24.156 de Administraci\u00f3n Financiera y de los Sistemas de Control del Sector P\u00fablico Nacional es claro al exigir de forma expresa que \u201c[t]oda ley que autorice gastos no previstos en el presupuesto general deber\u00e1 especificar las fuentes de los recursos a utilizar para su financiamiento\u201d.<\/p>\n\n\n\n<p>Adem\u00e1s, se record\u00f3 que el reglamento de la C\u00e1mara de Senadores en su art\u00edculo 126 prev\u00e9 que \u201ctodo proyecto que importe gastos incluir\u00e1 en sus fundamentos la estimaci\u00f3n de tales erogaciones e indicar\u00e1 la fuente de financiamiento, a fin de justificar la viabilidad del mismo. De no ser as\u00ed, no se discutir\u00e1 en las sesiones de la C\u00e1mara hasta tanto la omisi\u00f3n no sea subsanada, por el o los autores del mismo\u201d.<\/p>\n\n\n\n<p><\/p>\n\n\n\n<p><\/p>\n\n\n\n<iframe src=\"https:\/\/www.facebook.com\/plugins\/video.php?height=314&#038;href=https%3A%2F%2Fwww.facebook.com%2Feltextual%2Fvideos%2F408507542290851%2F&#038;show_text=true&#038;width=560&#038;t=0\" width=\"560\" height=\"429\" style=\"border:none;overflow:hidden\" scrolling=\"no\" frameborder=\"0\" allowfullscreen=\"true\" allow=\"autoplay; clipboard-write; encrypted-media; picture-in-picture; web-share\" allowFullScreen=\"true\"><\/iframe>\n\n\n\n<p><\/p>\n","protected":false},"excerpt":{"rendered":"<p>A pesar de las masivas marchas que tuvieron lugar este mi\u00e9rcoles por la tarde, el presidente Javier Milei vet\u00f3 la ley de Financiamiento Universitario. As\u00ed lo dej\u00f3 asentado el gobierno&hellip;<\/p>\n","protected":false},"author":3,"featured_media":276794,"comment_status":"closed","ping_status":"open","sticky":false,"template":"","format":"standard","meta":{"_acf_changed":false,"footnotes":""},"categories":[1,11,8],"tags":[],"class_list":["post-276806","post","type-post","status-publish","format-standard","has-post-thumbnail","hentry","category-es-noticia","category-que-pasa","category-politica"],"acf":[],"yoast_head":"<!-- This site is optimized with the Yoast SEO plugin v27.4 - https:\/\/yoast.com\/product\/yoast-seo-wordpress\/ -->\n<title>Luego de las masivas marchas, Milei vet\u00f3 la Ley de Financiamiento Universitario - Diario Textual<\/title>\n<meta name=\"robots\" content=\"index, follow, max-snippet:-1, max-image-preview:large, max-video-preview:-1\" \/>\n<link rel=\"canonical\" href=\"https:\/\/diariotextual.com\/inicio\/index.php\/2024\/10\/03\/luego-de-la-masiva-marcha-milei-confirmo-que-vetara-la-ley-de-financiamiento-universitario\/\" \/>\n<meta property=\"og:locale\" content=\"es_ES\" \/>\n<meta property=\"og:type\" content=\"article\" \/>\n<meta property=\"og:title\" content=\"Luego de las masivas marchas, Milei vet\u00f3 la Ley de Financiamiento Universitario - Diario Textual\" \/>\n<meta property=\"og:description\" content=\"A pesar de las masivas marchas que tuvieron lugar este mi\u00e9rcoles por la tarde, el presidente Javier Milei vet\u00f3 la ley de Financiamiento Universitario. As\u00ed lo dej\u00f3 asentado el gobierno&hellip;\" \/>\n<meta property=\"og:url\" content=\"https:\/\/diariotextual.com\/inicio\/index.php\/2024\/10\/03\/luego-de-la-masiva-marcha-milei-confirmo-que-vetara-la-ley-de-financiamiento-universitario\/\" \/>\n<meta property=\"og:site_name\" content=\"Diario Textual\" \/>\n<meta property=\"article:publisher\" content=\"https:\/\/www.facebook.com\/eltextual\" \/>\n<meta property=\"article:published_time\" content=\"2024-10-03T08:23:00+00:00\" \/>\n<meta property=\"article:modified_time\" content=\"2024-10-03T19:51:17+00:00\" \/>\n<meta property=\"og:image\" content=\"https:\/\/diariotextual.com\/inicio\/wp-content\/uploads\/2024\/10\/marchauniversitariasantarosaunlpam2024-2.jpg\" \/>\n\t<meta property=\"og:image:width\" content=\"1600\" \/>\n\t<meta property=\"og:image:height\" content=\"900\" \/>\n\t<meta property=\"og:image:type\" content=\"image\/jpeg\" \/>\n<meta name=\"author\" content=\"Diario1 Diario1\" \/>\n<meta name=\"twitter:card\" content=\"summary_large_image\" \/>\n<meta name=\"twitter:creator\" content=\"@eltextual\" \/>\n<meta name=\"twitter:site\" content=\"@eltextual\" \/>\n<meta name=\"twitter:label1\" content=\"Escrito por\" \/>\n\t<meta name=\"twitter:data1\" content=\"Diario1 Diario1\" \/>\n\t<meta name=\"twitter:label2\" content=\"Tiempo de lectura\" \/>\n\t<meta name=\"twitter:data2\" content=\"2 minutos\" \/>\n<script type=\"application\/ld+json\" class=\"yoast-schema-graph\">{\"@context\":\"https:\\\/\\\/schema.org\",\"@graph\":[{\"@type\":\"Article\",\"@id\":\"https:\\\/\\\/diariotextual.com\\\/inicio\\\/index.php\\\/2024\\\/10\\\/03\\\/luego-de-la-masiva-marcha-milei-confirmo-que-vetara-la-ley-de-financiamiento-universitario\\\/#article\",\"isPartOf\":{\"@id\":\"https:\\\/\\\/diariotextual.com\\\/inicio\\\/index.php\\\/2024\\\/10\\\/03\\\/luego-de-la-masiva-marcha-milei-confirmo-que-vetara-la-ley-de-financiamiento-universitario\\\/\"},\"author\":{\"name\":\"Diario1 Diario1\",\"@id\":\"https:\\\/\\\/diariotextual.com\\\/inicio\\\/#\\\/schema\\\/person\\\/418fc4093c33e86ed41562db3508f958\"},\"headline\":\"Luego de las masivas marchas, Milei vet\u00f3 la Ley de Financiamiento Universitario\",\"datePublished\":\"2024-10-03T08:23:00+00:00\",\"dateModified\":\"2024-10-03T19:51:17+00:00\",\"mainEntityOfPage\":{\"@id\":\"https:\\\/\\\/diariotextual.com\\\/inicio\\\/index.php\\\/2024\\\/10\\\/03\\\/luego-de-la-masiva-marcha-milei-confirmo-que-vetara-la-ley-de-financiamiento-universitario\\\/\"},\"wordCount\":366,\"publisher\":{\"@id\":\"https:\\\/\\\/diariotextual.com\\\/inicio\\\/#organization\"},\"image\":{\"@id\":\"https:\\\/\\\/diariotextual.com\\\/inicio\\\/index.php\\\/2024\\\/10\\\/03\\\/luego-de-la-masiva-marcha-milei-confirmo-que-vetara-la-ley-de-financiamiento-universitario\\\/#primaryimage\"},\"thumbnailUrl\":\"https:\\\/\\\/diariotextual.com\\\/inicio\\\/wp-content\\\/uploads\\\/2024\\\/10\\\/marchauniversitariasantarosaunlpam2024-2.jpg\",\"articleSection\":[\"A - ES NOTICIA (van abajo)\",\"A - QUE PASA (al costado)\",\"POLITICA\"],\"inLanguage\":\"es\"},{\"@type\":\"WebPage\",\"@id\":\"https:\\\/\\\/diariotextual.com\\\/inicio\\\/index.php\\\/2024\\\/10\\\/03\\\/luego-de-la-masiva-marcha-milei-confirmo-que-vetara-la-ley-de-financiamiento-universitario\\\/\",\"url\":\"https:\\\/\\\/diariotextual.com\\\/inicio\\\/index.php\\\/2024\\\/10\\\/03\\\/luego-de-la-masiva-marcha-milei-confirmo-que-vetara-la-ley-de-financiamiento-universitario\\\/\",\"name\":\"Luego de las masivas marchas, Milei vet\u00f3 la Ley de Financiamiento Universitario - Diario Textual\",\"isPartOf\":{\"@id\":\"https:\\\/\\\/diariotextual.com\\\/inicio\\\/#website\"},\"primaryImageOfPage\":{\"@id\":\"https:\\\/\\\/diariotextual.com\\\/inicio\\\/index.php\\\/2024\\\/10\\\/03\\\/luego-de-la-masiva-marcha-milei-confirmo-que-vetara-la-ley-de-financiamiento-universitario\\\/#primaryimage\"},\"image\":{\"@id\":\"https:\\\/\\\/diariotextual.com\\\/inicio\\\/index.php\\\/2024\\\/10\\\/03\\\/luego-de-la-masiva-marcha-milei-confirmo-que-vetara-la-ley-de-financiamiento-universitario\\\/#primaryimage\"},\"thumbnailUrl\":\"https:\\\/\\\/diariotextual.com\\\/inicio\\\/wp-content\\\/uploads\\\/2024\\\/10\\\/marchauniversitariasantarosaunlpam2024-2.jpg\",\"datePublished\":\"2024-10-03T08:23:00+00:00\",\"dateModified\":\"2024-10-03T19:51:17+00:00\",\"breadcrumb\":{\"@id\":\"https:\\\/\\\/diariotextual.com\\\/inicio\\\/index.php\\\/2024\\\/10\\\/03\\\/luego-de-la-masiva-marcha-milei-confirmo-que-vetara-la-ley-de-financiamiento-universitario\\\/#breadcrumb\"},\"inLanguage\":\"es\",\"potentialAction\":[{\"@type\":\"ReadAction\",\"target\":[\"https:\\\/\\\/diariotextual.com\\\/inicio\\\/index.php\\\/2024\\\/10\\\/03\\\/luego-de-la-masiva-marcha-milei-confirmo-que-vetara-la-ley-de-financiamiento-universitario\\\/\"]}]},{\"@type\":\"ImageObject\",\"inLanguage\":\"es\",\"@id\":\"https:\\\/\\\/diariotextual.com\\\/inicio\\\/index.php\\\/2024\\\/10\\\/03\\\/luego-de-la-masiva-marcha-milei-confirmo-que-vetara-la-ley-de-financiamiento-universitario\\\/#primaryimage\",\"url\":\"https:\\\/\\\/diariotextual.com\\\/inicio\\\/wp-content\\\/uploads\\\/2024\\\/10\\\/marchauniversitariasantarosaunlpam2024-2.jpg\",\"contentUrl\":\"https:\\\/\\\/diariotextual.com\\\/inicio\\\/wp-content\\\/uploads\\\/2024\\\/10\\\/marchauniversitariasantarosaunlpam2024-2.jpg\",\"width\":1600,\"height\":900},{\"@type\":\"BreadcrumbList\",\"@id\":\"https:\\\/\\\/diariotextual.com\\\/inicio\\\/index.php\\\/2024\\\/10\\\/03\\\/luego-de-la-masiva-marcha-milei-confirmo-que-vetara-la-ley-de-financiamiento-universitario\\\/#breadcrumb\",\"itemListElement\":[{\"@type\":\"ListItem\",\"position\":1,\"name\":\"Portada\",\"item\":\"https:\\\/\\\/diariotextual.com\\\/inicio\\\/\"},{\"@type\":\"ListItem\",\"position\":2,\"name\":\"Luego de las masivas marchas, Milei vet\u00f3 la Ley de Financiamiento Universitario\"}]},{\"@type\":\"WebSite\",\"@id\":\"https:\\\/\\\/diariotextual.com\\\/inicio\\\/#website\",\"url\":\"https:\\\/\\\/diariotextual.com\\\/inicio\\\/\",\"name\":\"Diario Textual\",\"description\":\"\",\"publisher\":{\"@id\":\"https:\\\/\\\/diariotextual.com\\\/inicio\\\/#organization\"},\"potentialAction\":[{\"@type\":\"SearchAction\",\"target\":{\"@type\":\"EntryPoint\",\"urlTemplate\":\"https:\\\/\\\/diariotextual.com\\\/inicio\\\/?s={search_term_string}\"},\"query-input\":{\"@type\":\"PropertyValueSpecification\",\"valueRequired\":true,\"valueName\":\"search_term_string\"}}],\"inLanguage\":\"es\"},{\"@type\":\"Organization\",\"@id\":\"https:\\\/\\\/diariotextual.com\\\/inicio\\\/#organization\",\"name\":\"Diario Textual\",\"url\":\"https:\\\/\\\/diariotextual.com\\\/inicio\\\/\",\"logo\":{\"@type\":\"ImageObject\",\"inLanguage\":\"es\",\"@id\":\"https:\\\/\\\/diariotextual.com\\\/inicio\\\/#\\\/schema\\\/logo\\\/image\\\/\",\"url\":\"https:\\\/\\\/diariotextual.com\\\/inicio\\\/wp-content\\\/uploads\\\/2023\\\/05\\\/logotextual1.jpg\",\"contentUrl\":\"https:\\\/\\\/diariotextual.com\\\/inicio\\\/wp-content\\\/uploads\\\/2023\\\/05\\\/logotextual1.jpg\",\"width\":516,\"height\":76,\"caption\":\"Diario Textual\"},\"image\":{\"@id\":\"https:\\\/\\\/diariotextual.com\\\/inicio\\\/#\\\/schema\\\/logo\\\/image\\\/\"},\"sameAs\":[\"https:\\\/\\\/www.facebook.com\\\/eltextual\",\"https:\\\/\\\/x.com\\\/eltextual\",\"http:\\\/\\\/www.instagram.com\\\/eltextual\"]},{\"@type\":\"Person\",\"@id\":\"https:\\\/\\\/diariotextual.com\\\/inicio\\\/#\\\/schema\\\/person\\\/418fc4093c33e86ed41562db3508f958\",\"name\":\"Diario1 Diario1\",\"image\":{\"@type\":\"ImageObject\",\"inLanguage\":\"es\",\"@id\":\"https:\\\/\\\/secure.gravatar.com\\\/avatar\\\/9167d280179c85bc18be67aa7eda765854300033af4896dd779b608640f2ef7a?s=96&d=mm&r=g\",\"url\":\"https:\\\/\\\/secure.gravatar.com\\\/avatar\\\/9167d280179c85bc18be67aa7eda765854300033af4896dd779b608640f2ef7a?s=96&d=mm&r=g\",\"contentUrl\":\"https:\\\/\\\/secure.gravatar.com\\\/avatar\\\/9167d280179c85bc18be67aa7eda765854300033af4896dd779b608640f2ef7a?s=96&d=mm&r=g\",\"caption\":\"Diario1 Diario1\"},\"url\":\"https:\\\/\\\/diariotextual.com\\\/inicio\\\/index.php\\\/author\\\/diario1\\\/\"}]}<\/script>\n<!-- \/ Yoast SEO plugin. -->","yoast_head_json":{"title":"Luego de las masivas marchas, Milei vet\u00f3 la Ley de Financiamiento Universitario - Diario Textual","robots":{"index":"index","follow":"follow","max-snippet":"max-snippet:-1","max-image-preview":"max-image-preview:large","max-video-preview":"max-video-preview:-1"},"canonical":"https:\/\/diariotextual.com\/inicio\/index.php\/2024\/10\/03\/luego-de-la-masiva-marcha-milei-confirmo-que-vetara-la-ley-de-financiamiento-universitario\/","og_locale":"es_ES","og_type":"article","og_title":"Luego de las masivas marchas, Milei vet\u00f3 la Ley de Financiamiento Universitario - Diario Textual","og_description":"A pesar de las masivas marchas que tuvieron lugar este mi\u00e9rcoles por la tarde, el presidente Javier Milei vet\u00f3 la ley de Financiamiento Universitario. As\u00ed lo dej\u00f3 asentado el gobierno&hellip;","og_url":"https:\/\/diariotextual.com\/inicio\/index.php\/2024\/10\/03\/luego-de-la-masiva-marcha-milei-confirmo-que-vetara-la-ley-de-financiamiento-universitario\/","og_site_name":"Diario Textual","article_publisher":"https:\/\/www.facebook.com\/eltextual","article_published_time":"2024-10-03T08:23:00+00:00","article_modified_time":"2024-10-03T19:51:17+00:00","og_image":[{"width":1600,"height":900,"url":"https:\/\/diariotextual.com\/inicio\/wp-content\/uploads\/2024\/10\/marchauniversitariasantarosaunlpam2024-2.jpg","type":"image\/jpeg"}],"author":"Diario1 Diario1","twitter_card":"summary_large_image","twitter_creator":"@eltextual","twitter_site":"@eltextual","twitter_misc":{"Escrito por":"Diario1 Diario1","Tiempo de lectura":"2 minutos"},"schema":{"@context":"https:\/\/schema.org","@graph":[{"@type":"Article","@id":"https:\/\/diariotextual.com\/inicio\/index.php\/2024\/10\/03\/luego-de-la-masiva-marcha-milei-confirmo-que-vetara-la-ley-de-financiamiento-universitario\/#article","isPartOf":{"@id":"https:\/\/diariotextual.com\/inicio\/index.php\/2024\/10\/03\/luego-de-la-masiva-marcha-milei-confirmo-que-vetara-la-ley-de-financiamiento-universitario\/"},"author":{"name":"Diario1 Diario1","@id":"https:\/\/diariotextual.com\/inicio\/#\/schema\/person\/418fc4093c33e86ed41562db3508f958"},"headline":"Luego de las masivas marchas, Milei vet\u00f3 la Ley de Financiamiento Universitario","datePublished":"2024-10-03T08:23:00+00:00","dateModified":"2024-10-03T19:51:17+00:00","mainEntityOfPage":{"@id":"https:\/\/diariotextual.com\/inicio\/index.php\/2024\/10\/03\/luego-de-la-masiva-marcha-milei-confirmo-que-vetara-la-ley-de-financiamiento-universitario\/"},"wordCount":366,"publisher":{"@id":"https:\/\/diariotextual.com\/inicio\/#organization"},"image":{"@id":"https:\/\/diariotextual.com\/inicio\/index.php\/2024\/10\/03\/luego-de-la-masiva-marcha-milei-confirmo-que-vetara-la-ley-de-financiamiento-universitario\/#primaryimage"},"thumbnailUrl":"https:\/\/diariotextual.com\/inicio\/wp-content\/uploads\/2024\/10\/marchauniversitariasantarosaunlpam2024-2.jpg","articleSection":["A - ES NOTICIA (van abajo)","A - QUE PASA (al costado)","POLITICA"],"inLanguage":"es"},{"@type":"WebPage","@id":"https:\/\/diariotextual.com\/inicio\/index.php\/2024\/10\/03\/luego-de-la-masiva-marcha-milei-confirmo-que-vetara-la-ley-de-financiamiento-universitario\/","url":"https:\/\/diariotextual.com\/inicio\/index.php\/2024\/10\/03\/luego-de-la-masiva-marcha-milei-confirmo-que-vetara-la-ley-de-financiamiento-universitario\/","name":"Luego de las masivas marchas, Milei vet\u00f3 la Ley de Financiamiento Universitario - Diario Textual","isPartOf":{"@id":"https:\/\/diariotextual.com\/inicio\/#website"},"primaryImageOfPage":{"@id":"https:\/\/diariotextual.com\/inicio\/index.php\/2024\/10\/03\/luego-de-la-masiva-marcha-milei-confirmo-que-vetara-la-ley-de-financiamiento-universitario\/#primaryimage"},"image":{"@id":"https:\/\/diariotextual.com\/inicio\/index.php\/2024\/10\/03\/luego-de-la-masiva-marcha-milei-confirmo-que-vetara-la-ley-de-financiamiento-universitario\/#primaryimage"},"thumbnailUrl":"https:\/\/diariotextual.com\/inicio\/wp-content\/uploads\/2024\/10\/marchauniversitariasantarosaunlpam2024-2.jpg","datePublished":"2024-10-03T08:23:00+00:00","dateModified":"2024-10-03T19:51:17+00:00","breadcrumb":{"@id":"https:\/\/diariotextual.com\/inicio\/index.php\/2024\/10\/03\/luego-de-la-masiva-marcha-milei-confirmo-que-vetara-la-ley-de-financiamiento-universitario\/#breadcrumb"},"inLanguage":"es","potentialAction":[{"@type":"ReadAction","target":["https:\/\/diariotextual.com\/inicio\/index.php\/2024\/10\/03\/luego-de-la-masiva-marcha-milei-confirmo-que-vetara-la-ley-de-financiamiento-universitario\/"]}]},{"@type":"ImageObject","inLanguage":"es","@id":"https:\/\/diariotextual.com\/inicio\/index.php\/2024\/10\/03\/luego-de-la-masiva-marcha-milei-confirmo-que-vetara-la-ley-de-financiamiento-universitario\/#primaryimage","url":"https:\/\/diariotextual.com\/inicio\/wp-content\/uploads\/2024\/10\/marchauniversitariasantarosaunlpam2024-2.jpg","contentUrl":"https:\/\/diariotextual.com\/inicio\/wp-content\/uploads\/2024\/10\/marchauniversitariasantarosaunlpam2024-2.jpg","width":1600,"height":900},{"@type":"BreadcrumbList","@id":"https:\/\/diariotextual.com\/inicio\/index.php\/2024\/10\/03\/luego-de-la-masiva-marcha-milei-confirmo-que-vetara-la-ley-de-financiamiento-universitario\/#breadcrumb","itemListElement":[{"@type":"ListItem","position":1,"name":"Portada","item":"https:\/\/diariotextual.com\/inicio\/"},{"@type":"ListItem","position":2,"name":"Luego de las masivas marchas, Milei vet\u00f3 la Ley de Financiamiento Universitario"}]},{"@type":"WebSite","@id":"https:\/\/diariotextual.com\/inicio\/#website","url":"https:\/\/diariotextual.com\/inicio\/","name":"Diario Textual","description":"","publisher":{"@id":"https:\/\/diariotextual.com\/inicio\/#organization"},"potentialAction":[{"@type":"SearchAction","target":{"@type":"EntryPoint","urlTemplate":"https:\/\/diariotextual.com\/inicio\/?s={search_term_string}"},"query-input":{"@type":"PropertyValueSpecification","valueRequired":true,"valueName":"search_term_string"}}],"inLanguage":"es"},{"@type":"Organization","@id":"https:\/\/diariotextual.com\/inicio\/#organization","name":"Diario Textual","url":"https:\/\/diariotextual.com\/inicio\/","logo":{"@type":"ImageObject","inLanguage":"es","@id":"https:\/\/diariotextual.com\/inicio\/#\/schema\/logo\/image\/","url":"https:\/\/diariotextual.com\/inicio\/wp-content\/uploads\/2023\/05\/logotextual1.jpg","contentUrl":"https:\/\/diariotextual.com\/inicio\/wp-content\/uploads\/2023\/05\/logotextual1.jpg","width":516,"height":76,"caption":"Diario Textual"},"image":{"@id":"https:\/\/diariotextual.com\/inicio\/#\/schema\/logo\/image\/"},"sameAs":["https:\/\/www.facebook.com\/eltextual","https:\/\/x.com\/eltextual","http:\/\/www.instagram.com\/eltextual"]},{"@type":"Person","@id":"https:\/\/diariotextual.com\/inicio\/#\/schema\/person\/418fc4093c33e86ed41562db3508f958","name":"Diario1 Diario1","image":{"@type":"ImageObject","inLanguage":"es","@id":"https:\/\/secure.gravatar.com\/avatar\/9167d280179c85bc18be67aa7eda765854300033af4896dd779b608640f2ef7a?s=96&d=mm&r=g","url":"https:\/\/secure.gravatar.com\/avatar\/9167d280179c85bc18be67aa7eda765854300033af4896dd779b608640f2ef7a?s=96&d=mm&r=g","contentUrl":"https:\/\/secure.gravatar.com\/avatar\/9167d280179c85bc18be67aa7eda765854300033af4896dd779b608640f2ef7a?s=96&d=mm&r=g","caption":"Diario1 Diario1"},"url":"https:\/\/diariotextual.com\/inicio\/index.php\/author\/diario1\/"}]}},"_links":{"self":[{"href":"https:\/\/diariotextual.com\/inicio\/index.php\/wp-json\/wp\/v2\/posts\/276806","targetHints":{"allow":["GET"]}}],"collection":[{"href":"https:\/\/diariotextual.com\/inicio\/index.php\/wp-json\/wp\/v2\/posts"}],"about":[{"href":"https:\/\/diariotextual.com\/inicio\/index.php\/wp-json\/wp\/v2\/types\/post"}],"author":[{"embeddable":true,"href":"https:\/\/diariotextual.com\/inicio\/index.php\/wp-json\/wp\/v2\/users\/3"}],"replies":[{"embeddable":true,"href":"https:\/\/diariotextual.com\/inicio\/index.php\/wp-json\/wp\/v2\/comments?post=276806"}],"version-history":[{"count":8,"href":"https:\/\/diariotextual.com\/inicio\/index.php\/wp-json\/wp\/v2\/posts\/276806\/revisions"}],"predecessor-version":[{"id":276819,"href":"https:\/\/diariotextual.com\/inicio\/index.php\/wp-json\/wp\/v2\/posts\/276806\/revisions\/276819"}],"wp:featuredmedia":[{"embeddable":true,"href":"https:\/\/diariotextual.com\/inicio\/index.php\/wp-json\/wp\/v2\/media\/276794"}],"wp:attachment":[{"href":"https:\/\/diariotextual.com\/inicio\/index.php\/wp-json\/wp\/v2\/media?parent=276806"}],"wp:term":[{"taxonomy":"category","embeddable":true,"href":"https:\/\/diariotextual.com\/inicio\/index.php\/wp-json\/wp\/v2\/categories?post=276806"},{"taxonomy":"post_tag","embeddable":true,"href":"https:\/\/diariotextual.com\/inicio\/index.php\/wp-json\/wp\/v2\/tags?post=276806"}],"curies":[{"name":"wp","href":"https:\/\/api.w.org\/{rel}","templated":true}]}}