{"id":278052,"date":"2024-10-12T10:56:27","date_gmt":"2024-10-12T13:56:27","guid":{"rendered":"https:\/\/diariotextual.com\/inicio\/?p=278052"},"modified":"2024-10-12T19:33:45","modified_gmt":"2024-10-12T22:33:45","slug":"colapinto-y-el-nuevo-dato-que-ilusiona-con-la-vuelta-de-la-formula-1-a-la-argentina","status":"publish","type":"post","link":"https:\/\/diariotextual.com\/inicio\/index.php\/2024\/10\/12\/colapinto-y-el-nuevo-dato-que-ilusiona-con-la-vuelta-de-la-formula-1-a-la-argentina\/","title":{"rendered":"Colapinto y el nuevo dato que ilusiona con la vuelta de la F\u00f3rmula 1 a la Argentina"},"content":{"rendered":"\n<p>En medio del furor que desat\u00f3&nbsp;<strong>Franco Colapinto<\/strong>&nbsp;con su arribo a la F\u00f3rmula 1, el Gobierno de Javier Milei aceler\u00f3 las negociaciones con las m\u00e1ximas autoridades de la competici\u00f3n para analizar la posibilidad de que la mejor carrera del mundo tenga una plaza en la Argentina.<\/p>\n\n\n\n<p>Quien brind\u00f3 m\u00e1s detalles fue Daniel Scioli, que el pr\u00f3ximo 1 de noviembre se reunir\u00e1 en San Pablo con los responsables de la organizaci\u00f3n de la F\u00f3rmula 1, en el marco del Gran Premio de Interlagos. <strong>\u201cTenemos una reuni\u00f3n programada en San Pablo por el tema de la F\u00f3rmula 1. La Argentina est\u00e1 preparada para traerlo, con inversiones privadas. Le vamos a plantear por qu\u00e9 tienen que venir al pa\u00eds. Adem\u00e1s de la importancia de Franco Colapinto\u201d<\/strong>, dijo el secretario de Ambiente, Deporte y Turismo en declaraciones radiales.<\/p>\n\n\n\n<p>\u201cNo depender\u00e1 de la continuidad de Colapinto en la F\u00f3rmula 1. Va m\u00e1s all\u00e1 de Colapinto la F\u00f3rmula 1.&nbsp;<strong>El aut\u00f3dromo de la Ciudad de Buenos Aires se est\u00e1 modernizando. Los privados quieren cubrir todos los gastos para que este evento venga al pa\u00eds.&nbsp;<\/strong>Adem\u00e1s de una fuerte inversi\u00f3n del Gobierno de la Ciudad\u201d,&nbsp;complet\u00f3 Scioli.<\/p>\n\n\n\n<div style=\"height:100px\" aria-hidden=\"true\" class=\"wp-block-spacer\"><\/div>\n\n\n\n<p><strong>Qu\u00e9 chances hay de que la F1 vuelva al pa\u00eds<\/strong><\/p>\n\n\n\n<p>El responsable de la CDA,&nbsp;<strong>Eugenio Breard<\/strong>, se refiri\u00f3 a la posibilidad de que la F1 llegue al pa\u00eds y<strong>&nbsp;detall\u00f3 los puntos que hay que tener en cuenta para que el sue\u00f1o se haga realidad.<\/strong><\/p>\n\n\n\n<p>La presencia del circuito de&nbsp;<strong>Interlagos&nbsp;<\/strong>de la ciudad de San Pablo en Brasil, en el calendario actual de la m\u00e1xima categor\u00eda,&nbsp;<strong>ayudar\u00eda en el tema log\u00edstica<\/strong>. Seg\u00fan las propias palabras de Breard, la cercan\u00eda de ambos pa\u00edses&nbsp;<strong>abaratar\u00eda los costos que producir\u00eda&nbsp;llevar a cabo un Gran Premio de F1 en el pa\u00eds nuevamente<\/strong>.<\/p>\n\n\n\n<p>\u201cLa verdad es que s\u00ed, estamos trabajando para el 2027. En la reuni\u00f3n que tuvimos con Daniel (Scioli) definimos que, si el pa\u00eds sigue yendo por este camino, la Ciudad de Buenos Aires avanza como lo est\u00e1 haciendo y se pueden llevar a cabo las obras en el aut\u00f3dromo, m\u00e1s la frutilla del postre que ser\u00eda tener en la grilla a un piloto argentino, ah\u00ed reci\u00e9n se dar\u00edan todas las condiciones para volver a tener un Gran Premio de F\u00f3rmula 1\u2033<em>,<\/em>&nbsp;se\u00f1al\u00f3&nbsp;Breard al programa Carburando.<\/p>\n\n\n\n<div style=\"height:100px\" aria-hidden=\"true\" class=\"wp-block-spacer\"><\/div>\n\n\n\n<p><strong>Repaso de la historia<\/strong><\/p>\n\n\n\n<p><strong>En 1953<\/strong>&nbsp;se realiz\u00f3 el&nbsp;primer&nbsp;<strong>Gran Premio de Argentina de F,&nbsp;<\/strong>certamen que se repiti\u00f3 todos los a\u00f1os (salvo en 1959) hasta&nbsp;<strong>1960.&nbsp;<\/strong>Luego, durante toda esta d\u00e9cada, el calendario de la F\u00f3rmula 1 no incluy\u00f3 visitas a nuestro pa\u00eds. Estas reci\u00e9n se retomaron en&nbsp;<strong>1971.<\/strong><\/p>\n\n\n\n<p>Una vez m\u00e1s, el Gran Premio de Argentina cautiv\u00f3 a pilotos y espectadores de todo el mundo. Pero, tras la edici\u00f3n de&nbsp;<strong>1981<\/strong>, las autoridades decidieron retirar esta fecha, que reci\u00e9n volvi\u00f3, por tercera y \u00faltima vez, en&nbsp;<strong>1995.<\/strong><\/p>\n\n\n\n<p>Las&nbsp;<strong>21 ediciones&nbsp;<\/strong>del Gran Premio de Argentina, que se disputaron en el&nbsp;<strong>Aut\u00f3dromo de Buenos Aires&nbsp;<\/strong>durante tres per\u00edodos, tuvieron como m\u00e1ximo ganador al legendario&nbsp;<strong>Juan Manuel Fangio<\/strong>, que gan\u00f3 esta carrera en cuatro oportunidades consecutivas:&nbsp;<strong>1954, 1955, 1956 y 1957.<\/strong><\/p>\n","protected":false},"excerpt":{"rendered":"<p>En medio del furor que desat\u00f3&nbsp;Franco Colapinto&nbsp;con su arribo a la F\u00f3rmula 1, el Gobierno de Javier Milei aceler\u00f3 las negociaciones con las m\u00e1ximas autoridades de la competici\u00f3n para analizar&hellip;<\/p>\n","protected":false},"author":3,"featured_media":275856,"comment_status":"closed","ping_status":"open","sticky":false,"template":"","format":"standard","meta":{"_acf_changed":false,"footnotes":""},"categories":[1,3],"tags":[],"class_list":["post-278052","post","type-post","status-publish","format-standard","has-post-thumbnail","hentry","category-es-noticia","category-deportes"],"acf":[],"yoast_head":"<!-- This site is optimized with the Yoast SEO plugin v27.5 - https:\/\/yoast.com\/product\/yoast-seo-wordpress\/ -->\n<title>Colapinto y el nuevo dato que ilusiona con la vuelta de la F\u00f3rmula 1 a la Argentina - Diario Textual<\/title>\n<meta name=\"robots\" content=\"index, follow, max-snippet:-1, max-image-preview:large, max-video-preview:-1\" \/>\n<link rel=\"canonical\" href=\"https:\/\/diariotextual.com\/inicio\/index.php\/2024\/10\/12\/colapinto-y-el-nuevo-dato-que-ilusiona-con-la-vuelta-de-la-formula-1-a-la-argentina\/\" \/>\n<meta property=\"og:locale\" content=\"es_ES\" \/>\n<meta property=\"og:type\" content=\"article\" \/>\n<meta property=\"og:title\" content=\"Colapinto y el nuevo dato que ilusiona con la vuelta de la F\u00f3rmula 1 a la Argentina - Diario Textual\" \/>\n<meta property=\"og:description\" content=\"En medio del furor que desat\u00f3&nbsp;Franco Colapinto&nbsp;con su arribo a la F\u00f3rmula 1, el Gobierno de Javier Milei aceler\u00f3 las negociaciones con las m\u00e1ximas autoridades de la competici\u00f3n para analizar&hellip;\" \/>\n<meta property=\"og:url\" content=\"https:\/\/diariotextual.com\/inicio\/index.php\/2024\/10\/12\/colapinto-y-el-nuevo-dato-que-ilusiona-con-la-vuelta-de-la-formula-1-a-la-argentina\/\" \/>\n<meta property=\"og:site_name\" content=\"Diario Textual\" \/>\n<meta property=\"article:publisher\" content=\"https:\/\/www.facebook.com\/eltextual\" \/>\n<meta property=\"article:published_time\" content=\"2024-10-12T13:56:27+00:00\" \/>\n<meta property=\"article:modified_time\" content=\"2024-10-12T22:33:45+00:00\" \/>\n<meta property=\"og:image\" content=\"https:\/\/diariotextual.com\/inicio\/wp-content\/uploads\/2024\/09\/colapintofranco2024-93.jpg\" \/>\n\t<meta property=\"og:image:width\" content=\"619\" \/>\n\t<meta property=\"og:image:height\" content=\"363\" \/>\n\t<meta property=\"og:image:type\" content=\"image\/jpeg\" \/>\n<meta name=\"author\" content=\"Diario1 Diario1\" \/>\n<meta name=\"twitter:card\" content=\"summary_large_image\" \/>\n<meta name=\"twitter:creator\" content=\"@eltextual\" \/>\n<meta name=\"twitter:site\" content=\"@eltextual\" \/>\n<meta name=\"twitter:label1\" content=\"Escrito por\" \/>\n\t<meta name=\"twitter:data1\" content=\"Diario1 Diario1\" \/>\n\t<meta name=\"twitter:label2\" content=\"Tiempo de lectura\" \/>\n\t<meta name=\"twitter:data2\" content=\"3 minutos\" \/>\n<script type=\"application\/ld+json\" class=\"yoast-schema-graph\">{\"@context\":\"https:\\\/\\\/schema.org\",\"@graph\":[{\"@type\":\"Article\",\"@id\":\"https:\\\/\\\/diariotextual.com\\\/inicio\\\/index.php\\\/2024\\\/10\\\/12\\\/colapinto-y-el-nuevo-dato-que-ilusiona-con-la-vuelta-de-la-formula-1-a-la-argentina\\\/#article\",\"isPartOf\":{\"@id\":\"https:\\\/\\\/diariotextual.com\\\/inicio\\\/index.php\\\/2024\\\/10\\\/12\\\/colapinto-y-el-nuevo-dato-que-ilusiona-con-la-vuelta-de-la-formula-1-a-la-argentina\\\/\"},\"author\":{\"name\":\"Diario1 Diario1\",\"@id\":\"https:\\\/\\\/diariotextual.com\\\/inicio\\\/#\\\/schema\\\/person\\\/418fc4093c33e86ed41562db3508f958\"},\"headline\":\"Colapinto y el nuevo dato que ilusiona con la vuelta de la F\u00f3rmula 1 a la Argentina\",\"datePublished\":\"2024-10-12T13:56:27+00:00\",\"dateModified\":\"2024-10-12T22:33:45+00:00\",\"mainEntityOfPage\":{\"@id\":\"https:\\\/\\\/diariotextual.com\\\/inicio\\\/index.php\\\/2024\\\/10\\\/12\\\/colapinto-y-el-nuevo-dato-que-ilusiona-con-la-vuelta-de-la-formula-1-a-la-argentina\\\/\"},\"wordCount\":587,\"publisher\":{\"@id\":\"https:\\\/\\\/diariotextual.com\\\/inicio\\\/#organization\"},\"image\":{\"@id\":\"https:\\\/\\\/diariotextual.com\\\/inicio\\\/index.php\\\/2024\\\/10\\\/12\\\/colapinto-y-el-nuevo-dato-que-ilusiona-con-la-vuelta-de-la-formula-1-a-la-argentina\\\/#primaryimage\"},\"thumbnailUrl\":\"https:\\\/\\\/diariotextual.com\\\/inicio\\\/wp-content\\\/uploads\\\/2024\\\/09\\\/colapintofranco2024-93.jpg\",\"articleSection\":[\"A - ES NOTICIA (van abajo)\",\"DEPORTES\"],\"inLanguage\":\"es\"},{\"@type\":\"WebPage\",\"@id\":\"https:\\\/\\\/diariotextual.com\\\/inicio\\\/index.php\\\/2024\\\/10\\\/12\\\/colapinto-y-el-nuevo-dato-que-ilusiona-con-la-vuelta-de-la-formula-1-a-la-argentina\\\/\",\"url\":\"https:\\\/\\\/diariotextual.com\\\/inicio\\\/index.php\\\/2024\\\/10\\\/12\\\/colapinto-y-el-nuevo-dato-que-ilusiona-con-la-vuelta-de-la-formula-1-a-la-argentina\\\/\",\"name\":\"Colapinto y el nuevo dato que ilusiona con la vuelta de la F\u00f3rmula 1 a la Argentina - Diario Textual\",\"isPartOf\":{\"@id\":\"https:\\\/\\\/diariotextual.com\\\/inicio\\\/#website\"},\"primaryImageOfPage\":{\"@id\":\"https:\\\/\\\/diariotextual.com\\\/inicio\\\/index.php\\\/2024\\\/10\\\/12\\\/colapinto-y-el-nuevo-dato-que-ilusiona-con-la-vuelta-de-la-formula-1-a-la-argentina\\\/#primaryimage\"},\"image\":{\"@id\":\"https:\\\/\\\/diariotextual.com\\\/inicio\\\/index.php\\\/2024\\\/10\\\/12\\\/colapinto-y-el-nuevo-dato-que-ilusiona-con-la-vuelta-de-la-formula-1-a-la-argentina\\\/#primaryimage\"},\"thumbnailUrl\":\"https:\\\/\\\/diariotextual.com\\\/inicio\\\/wp-content\\\/uploads\\\/2024\\\/09\\\/colapintofranco2024-93.jpg\",\"datePublished\":\"2024-10-12T13:56:27+00:00\",\"dateModified\":\"2024-10-12T22:33:45+00:00\",\"breadcrumb\":{\"@id\":\"https:\\\/\\\/diariotextual.com\\\/inicio\\\/index.php\\\/2024\\\/10\\\/12\\\/colapinto-y-el-nuevo-dato-que-ilusiona-con-la-vuelta-de-la-formula-1-a-la-argentina\\\/#breadcrumb\"},\"inLanguage\":\"es\",\"potentialAction\":[{\"@type\":\"ReadAction\",\"target\":[\"https:\\\/\\\/diariotextual.com\\\/inicio\\\/index.php\\\/2024\\\/10\\\/12\\\/colapinto-y-el-nuevo-dato-que-ilusiona-con-la-vuelta-de-la-formula-1-a-la-argentina\\\/\"]}]},{\"@type\":\"ImageObject\",\"inLanguage\":\"es\",\"@id\":\"https:\\\/\\\/diariotextual.com\\\/inicio\\\/index.php\\\/2024\\\/10\\\/12\\\/colapinto-y-el-nuevo-dato-que-ilusiona-con-la-vuelta-de-la-formula-1-a-la-argentina\\\/#primaryimage\",\"url\":\"https:\\\/\\\/diariotextual.com\\\/inicio\\\/wp-content\\\/uploads\\\/2024\\\/09\\\/colapintofranco2024-93.jpg\",\"contentUrl\":\"https:\\\/\\\/diariotextual.com\\\/inicio\\\/wp-content\\\/uploads\\\/2024\\\/09\\\/colapintofranco2024-93.jpg\",\"width\":619,\"height\":363},{\"@type\":\"BreadcrumbList\",\"@id\":\"https:\\\/\\\/diariotextual.com\\\/inicio\\\/index.php\\\/2024\\\/10\\\/12\\\/colapinto-y-el-nuevo-dato-que-ilusiona-con-la-vuelta-de-la-formula-1-a-la-argentina\\\/#breadcrumb\",\"itemListElement\":[{\"@type\":\"ListItem\",\"position\":1,\"name\":\"Portada\",\"item\":\"https:\\\/\\\/diariotextual.com\\\/inicio\\\/\"},{\"@type\":\"ListItem\",\"position\":2,\"name\":\"Colapinto y el nuevo dato que ilusiona con la vuelta de la F\u00f3rmula 1 a la Argentina\"}]},{\"@type\":\"WebSite\",\"@id\":\"https:\\\/\\\/diariotextual.com\\\/inicio\\\/#website\",\"url\":\"https:\\\/\\\/diariotextual.com\\\/inicio\\\/\",\"name\":\"Diario Textual\",\"description\":\"\",\"publisher\":{\"@id\":\"https:\\\/\\\/diariotextual.com\\\/inicio\\\/#organization\"},\"potentialAction\":[{\"@type\":\"SearchAction\",\"target\":{\"@type\":\"EntryPoint\",\"urlTemplate\":\"https:\\\/\\\/diariotextual.com\\\/inicio\\\/?s={search_term_string}\"},\"query-input\":{\"@type\":\"PropertyValueSpecification\",\"valueRequired\":true,\"valueName\":\"search_term_string\"}}],\"inLanguage\":\"es\"},{\"@type\":\"Organization\",\"@id\":\"https:\\\/\\\/diariotextual.com\\\/inicio\\\/#organization\",\"name\":\"Diario Textual\",\"url\":\"https:\\\/\\\/diariotextual.com\\\/inicio\\\/\",\"logo\":{\"@type\":\"ImageObject\",\"inLanguage\":\"es\",\"@id\":\"https:\\\/\\\/diariotextual.com\\\/inicio\\\/#\\\/schema\\\/logo\\\/image\\\/\",\"url\":\"https:\\\/\\\/diariotextual.com\\\/inicio\\\/wp-content\\\/uploads\\\/2023\\\/05\\\/logotextual1.jpg\",\"contentUrl\":\"https:\\\/\\\/diariotextual.com\\\/inicio\\\/wp-content\\\/uploads\\\/2023\\\/05\\\/logotextual1.jpg\",\"width\":516,\"height\":76,\"caption\":\"Diario Textual\"},\"image\":{\"@id\":\"https:\\\/\\\/diariotextual.com\\\/inicio\\\/#\\\/schema\\\/logo\\\/image\\\/\"},\"sameAs\":[\"https:\\\/\\\/www.facebook.com\\\/eltextual\",\"https:\\\/\\\/x.com\\\/eltextual\",\"http:\\\/\\\/www.instagram.com\\\/eltextual\"]},{\"@type\":\"Person\",\"@id\":\"https:\\\/\\\/diariotextual.com\\\/inicio\\\/#\\\/schema\\\/person\\\/418fc4093c33e86ed41562db3508f958\",\"name\":\"Diario1 Diario1\",\"image\":{\"@type\":\"ImageObject\",\"inLanguage\":\"es\",\"@id\":\"https:\\\/\\\/secure.gravatar.com\\\/avatar\\\/9167d280179c85bc18be67aa7eda765854300033af4896dd779b608640f2ef7a?s=96&d=mm&r=g\",\"url\":\"https:\\\/\\\/secure.gravatar.com\\\/avatar\\\/9167d280179c85bc18be67aa7eda765854300033af4896dd779b608640f2ef7a?s=96&d=mm&r=g\",\"contentUrl\":\"https:\\\/\\\/secure.gravatar.com\\\/avatar\\\/9167d280179c85bc18be67aa7eda765854300033af4896dd779b608640f2ef7a?s=96&d=mm&r=g\",\"caption\":\"Diario1 Diario1\"},\"url\":\"https:\\\/\\\/diariotextual.com\\\/inicio\\\/index.php\\\/author\\\/diario1\\\/\"}]}<\/script>\n<!-- \/ Yoast SEO plugin. -->","yoast_head_json":{"title":"Colapinto y el nuevo dato que ilusiona con la vuelta de la F\u00f3rmula 1 a la Argentina - Diario Textual","robots":{"index":"index","follow":"follow","max-snippet":"max-snippet:-1","max-image-preview":"max-image-preview:large","max-video-preview":"max-video-preview:-1"},"canonical":"https:\/\/diariotextual.com\/inicio\/index.php\/2024\/10\/12\/colapinto-y-el-nuevo-dato-que-ilusiona-con-la-vuelta-de-la-formula-1-a-la-argentina\/","og_locale":"es_ES","og_type":"article","og_title":"Colapinto y el nuevo dato que ilusiona con la vuelta de la F\u00f3rmula 1 a la Argentina - Diario Textual","og_description":"En medio del furor que desat\u00f3&nbsp;Franco Colapinto&nbsp;con su arribo a la F\u00f3rmula 1, el Gobierno de Javier Milei aceler\u00f3 las negociaciones con las m\u00e1ximas autoridades de la competici\u00f3n para analizar&hellip;","og_url":"https:\/\/diariotextual.com\/inicio\/index.php\/2024\/10\/12\/colapinto-y-el-nuevo-dato-que-ilusiona-con-la-vuelta-de-la-formula-1-a-la-argentina\/","og_site_name":"Diario Textual","article_publisher":"https:\/\/www.facebook.com\/eltextual","article_published_time":"2024-10-12T13:56:27+00:00","article_modified_time":"2024-10-12T22:33:45+00:00","og_image":[{"width":619,"height":363,"url":"https:\/\/diariotextual.com\/inicio\/wp-content\/uploads\/2024\/09\/colapintofranco2024-93.jpg","type":"image\/jpeg"}],"author":"Diario1 Diario1","twitter_card":"summary_large_image","twitter_creator":"@eltextual","twitter_site":"@eltextual","twitter_misc":{"Escrito por":"Diario1 Diario1","Tiempo de lectura":"3 minutos"},"schema":{"@context":"https:\/\/schema.org","@graph":[{"@type":"Article","@id":"https:\/\/diariotextual.com\/inicio\/index.php\/2024\/10\/12\/colapinto-y-el-nuevo-dato-que-ilusiona-con-la-vuelta-de-la-formula-1-a-la-argentina\/#article","isPartOf":{"@id":"https:\/\/diariotextual.com\/inicio\/index.php\/2024\/10\/12\/colapinto-y-el-nuevo-dato-que-ilusiona-con-la-vuelta-de-la-formula-1-a-la-argentina\/"},"author":{"name":"Diario1 Diario1","@id":"https:\/\/diariotextual.com\/inicio\/#\/schema\/person\/418fc4093c33e86ed41562db3508f958"},"headline":"Colapinto y el nuevo dato que ilusiona con la vuelta de la F\u00f3rmula 1 a la Argentina","datePublished":"2024-10-12T13:56:27+00:00","dateModified":"2024-10-12T22:33:45+00:00","mainEntityOfPage":{"@id":"https:\/\/diariotextual.com\/inicio\/index.php\/2024\/10\/12\/colapinto-y-el-nuevo-dato-que-ilusiona-con-la-vuelta-de-la-formula-1-a-la-argentina\/"},"wordCount":587,"publisher":{"@id":"https:\/\/diariotextual.com\/inicio\/#organization"},"image":{"@id":"https:\/\/diariotextual.com\/inicio\/index.php\/2024\/10\/12\/colapinto-y-el-nuevo-dato-que-ilusiona-con-la-vuelta-de-la-formula-1-a-la-argentina\/#primaryimage"},"thumbnailUrl":"https:\/\/diariotextual.com\/inicio\/wp-content\/uploads\/2024\/09\/colapintofranco2024-93.jpg","articleSection":["A - ES NOTICIA (van abajo)","DEPORTES"],"inLanguage":"es"},{"@type":"WebPage","@id":"https:\/\/diariotextual.com\/inicio\/index.php\/2024\/10\/12\/colapinto-y-el-nuevo-dato-que-ilusiona-con-la-vuelta-de-la-formula-1-a-la-argentina\/","url":"https:\/\/diariotextual.com\/inicio\/index.php\/2024\/10\/12\/colapinto-y-el-nuevo-dato-que-ilusiona-con-la-vuelta-de-la-formula-1-a-la-argentina\/","name":"Colapinto y el nuevo dato que ilusiona con la vuelta de la F\u00f3rmula 1 a la Argentina - Diario Textual","isPartOf":{"@id":"https:\/\/diariotextual.com\/inicio\/#website"},"primaryImageOfPage":{"@id":"https:\/\/diariotextual.com\/inicio\/index.php\/2024\/10\/12\/colapinto-y-el-nuevo-dato-que-ilusiona-con-la-vuelta-de-la-formula-1-a-la-argentina\/#primaryimage"},"image":{"@id":"https:\/\/diariotextual.com\/inicio\/index.php\/2024\/10\/12\/colapinto-y-el-nuevo-dato-que-ilusiona-con-la-vuelta-de-la-formula-1-a-la-argentina\/#primaryimage"},"thumbnailUrl":"https:\/\/diariotextual.com\/inicio\/wp-content\/uploads\/2024\/09\/colapintofranco2024-93.jpg","datePublished":"2024-10-12T13:56:27+00:00","dateModified":"2024-10-12T22:33:45+00:00","breadcrumb":{"@id":"https:\/\/diariotextual.com\/inicio\/index.php\/2024\/10\/12\/colapinto-y-el-nuevo-dato-que-ilusiona-con-la-vuelta-de-la-formula-1-a-la-argentina\/#breadcrumb"},"inLanguage":"es","potentialAction":[{"@type":"ReadAction","target":["https:\/\/diariotextual.com\/inicio\/index.php\/2024\/10\/12\/colapinto-y-el-nuevo-dato-que-ilusiona-con-la-vuelta-de-la-formula-1-a-la-argentina\/"]}]},{"@type":"ImageObject","inLanguage":"es","@id":"https:\/\/diariotextual.com\/inicio\/index.php\/2024\/10\/12\/colapinto-y-el-nuevo-dato-que-ilusiona-con-la-vuelta-de-la-formula-1-a-la-argentina\/#primaryimage","url":"https:\/\/diariotextual.com\/inicio\/wp-content\/uploads\/2024\/09\/colapintofranco2024-93.jpg","contentUrl":"https:\/\/diariotextual.com\/inicio\/wp-content\/uploads\/2024\/09\/colapintofranco2024-93.jpg","width":619,"height":363},{"@type":"BreadcrumbList","@id":"https:\/\/diariotextual.com\/inicio\/index.php\/2024\/10\/12\/colapinto-y-el-nuevo-dato-que-ilusiona-con-la-vuelta-de-la-formula-1-a-la-argentina\/#breadcrumb","itemListElement":[{"@type":"ListItem","position":1,"name":"Portada","item":"https:\/\/diariotextual.com\/inicio\/"},{"@type":"ListItem","position":2,"name":"Colapinto y el nuevo dato que ilusiona con la vuelta de la F\u00f3rmula 1 a la Argentina"}]},{"@type":"WebSite","@id":"https:\/\/diariotextual.com\/inicio\/#website","url":"https:\/\/diariotextual.com\/inicio\/","name":"Diario Textual","description":"","publisher":{"@id":"https:\/\/diariotextual.com\/inicio\/#organization"},"potentialAction":[{"@type":"SearchAction","target":{"@type":"EntryPoint","urlTemplate":"https:\/\/diariotextual.com\/inicio\/?s={search_term_string}"},"query-input":{"@type":"PropertyValueSpecification","valueRequired":true,"valueName":"search_term_string"}}],"inLanguage":"es"},{"@type":"Organization","@id":"https:\/\/diariotextual.com\/inicio\/#organization","name":"Diario Textual","url":"https:\/\/diariotextual.com\/inicio\/","logo":{"@type":"ImageObject","inLanguage":"es","@id":"https:\/\/diariotextual.com\/inicio\/#\/schema\/logo\/image\/","url":"https:\/\/diariotextual.com\/inicio\/wp-content\/uploads\/2023\/05\/logotextual1.jpg","contentUrl":"https:\/\/diariotextual.com\/inicio\/wp-content\/uploads\/2023\/05\/logotextual1.jpg","width":516,"height":76,"caption":"Diario Textual"},"image":{"@id":"https:\/\/diariotextual.com\/inicio\/#\/schema\/logo\/image\/"},"sameAs":["https:\/\/www.facebook.com\/eltextual","https:\/\/x.com\/eltextual","http:\/\/www.instagram.com\/eltextual"]},{"@type":"Person","@id":"https:\/\/diariotextual.com\/inicio\/#\/schema\/person\/418fc4093c33e86ed41562db3508f958","name":"Diario1 Diario1","image":{"@type":"ImageObject","inLanguage":"es","@id":"https:\/\/secure.gravatar.com\/avatar\/9167d280179c85bc18be67aa7eda765854300033af4896dd779b608640f2ef7a?s=96&d=mm&r=g","url":"https:\/\/secure.gravatar.com\/avatar\/9167d280179c85bc18be67aa7eda765854300033af4896dd779b608640f2ef7a?s=96&d=mm&r=g","contentUrl":"https:\/\/secure.gravatar.com\/avatar\/9167d280179c85bc18be67aa7eda765854300033af4896dd779b608640f2ef7a?s=96&d=mm&r=g","caption":"Diario1 Diario1"},"url":"https:\/\/diariotextual.com\/inicio\/index.php\/author\/diario1\/"}]}},"_links":{"self":[{"href":"https:\/\/diariotextual.com\/inicio\/index.php\/wp-json\/wp\/v2\/posts\/278052","targetHints":{"allow":["GET"]}}],"collection":[{"href":"https:\/\/diariotextual.com\/inicio\/index.php\/wp-json\/wp\/v2\/posts"}],"about":[{"href":"https:\/\/diariotextual.com\/inicio\/index.php\/wp-json\/wp\/v2\/types\/post"}],"author":[{"embeddable":true,"href":"https:\/\/diariotextual.com\/inicio\/index.php\/wp-json\/wp\/v2\/users\/3"}],"replies":[{"embeddable":true,"href":"https:\/\/diariotextual.com\/inicio\/index.php\/wp-json\/wp\/v2\/comments?post=278052"}],"version-history":[{"count":1,"href":"https:\/\/diariotextual.com\/inicio\/index.php\/wp-json\/wp\/v2\/posts\/278052\/revisions"}],"predecessor-version":[{"id":278053,"href":"https:\/\/diariotextual.com\/inicio\/index.php\/wp-json\/wp\/v2\/posts\/278052\/revisions\/278053"}],"wp:featuredmedia":[{"embeddable":true,"href":"https:\/\/diariotextual.com\/inicio\/index.php\/wp-json\/wp\/v2\/media\/275856"}],"wp:attachment":[{"href":"https:\/\/diariotextual.com\/inicio\/index.php\/wp-json\/wp\/v2\/media?parent=278052"}],"wp:term":[{"taxonomy":"category","embeddable":true,"href":"https:\/\/diariotextual.com\/inicio\/index.php\/wp-json\/wp\/v2\/categories?post=278052"},{"taxonomy":"post_tag","embeddable":true,"href":"https:\/\/diariotextual.com\/inicio\/index.php\/wp-json\/wp\/v2\/tags?post=278052"}],"curies":[{"name":"wp","href":"https:\/\/api.w.org\/{rel}","templated":true}]}}