{"id":278729,"date":"2024-10-18T19:00:00","date_gmt":"2024-10-18T22:00:00","guid":{"rendered":"https:\/\/diariotextual.com\/inicio\/?p=278729"},"modified":"2024-10-19T20:22:54","modified_gmt":"2024-10-19T23:22:54","slug":"colapinto-tiene-su-primera-practica-libre-y-clasificacion-para-la-sprint-en-el-gp-de-austin","status":"publish","type":"post","link":"https:\/\/diariotextual.com\/inicio\/index.php\/2024\/10\/18\/colapinto-tiene-su-primera-practica-libre-y-clasificacion-para-la-sprint-en-el-gp-de-austin\/","title":{"rendered":"Franco Colapinto brill\u00f3 en la clasificaci\u00f3n y largar\u00e1 d\u00e9cimo en la carrera Sprint"},"content":{"rendered":"\n<p>El piloto argentino&nbsp;<strong>Franco Colapinto<\/strong>&nbsp;sigue mostrando un gran nivel en la&nbsp;<strong>F\u00f3rmula 1<\/strong>. En su primera clasificaci\u00f3n para una carrera Sprint, logr\u00f3 superar los tres cortes y qued\u00f3 en el&nbsp;<strong>d\u00e9cimo lugar de la grilla<\/strong>&nbsp;para la cita de este s\u00e1bado que ser\u00e1 a 19 vueltas (competir\u00e1n a partir de las 15.00, hora Argentina).<\/p>\n\n\n\n<p>Si bien tuvo un trompo que le impidi\u00f3 tener un giro r\u00e1pido en la SQ3, el corredor de Williams se destac\u00f3 a lo largo de esta exigente tanda de clasificaci\u00f3n en el Circuito de las Am\u00e9ricas (Austin, Texas).<\/p>\n\n\n\n<p>Los diez primeros lugares los ocupar\u00e1n&nbsp;<strong>Max Verstappen<\/strong>&nbsp;(Red Bull),&nbsp;<strong>George Russell<\/strong>&nbsp;(Mercedes),&nbsp;<strong>Charles Leclerc<\/strong>&nbsp;(Ferrari),&nbsp;<strong>Lando Norris<\/strong>&nbsp;(McLaren),&nbsp;<strong>Carlos Sainz<\/strong>&nbsp;(Ferrari),&nbsp;<strong>Nico H\u00fclkenberg<\/strong>&nbsp;(Haas),&nbsp;<strong>Lewis Hamilton<\/strong>&nbsp;(Mercedes),&nbsp;<strong>Kevin Magnussen<\/strong>&nbsp;(Haas),&nbsp;<strong>Yuki Tsunoda<\/strong>&nbsp;(RB) y&nbsp;<strong>Colapinto&nbsp;<\/strong>(Williams), respectivamente.<\/p>\n\n\n\n<p>Las sorpresas estuvieron principalmente en la SQ1, donde quedaron afuera&nbsp;<strong>Alex Albon<\/strong>&nbsp;con su Williams (largar\u00e1 18\u00b0) y&nbsp;<strong>Oscar Piastri<\/strong>&nbsp;de McLaren (16\u00b0). El mexicano&nbsp;<em><strong>Checo&nbsp;<\/strong><\/em><strong>P\u00e9rez<\/strong>, con su Red Bull, qued\u00f3 11\u00b0.<\/p>\n","protected":false},"excerpt":{"rendered":"<p>El piloto argentino&nbsp;Franco Colapinto&nbsp;sigue mostrando un gran nivel en la&nbsp;F\u00f3rmula 1. En su primera clasificaci\u00f3n para una carrera Sprint, logr\u00f3 superar los tres cortes y qued\u00f3 en el&nbsp;d\u00e9cimo lugar de&hellip;<\/p>\n","protected":false},"author":3,"featured_media":275270,"comment_status":"closed","ping_status":"open","sticky":false,"template":"","format":"standard","meta":{"_acf_changed":false,"footnotes":""},"categories":[3],"tags":[],"class_list":["post-278729","post","type-post","status-publish","format-standard","has-post-thumbnail","hentry","category-deportes"],"acf":[],"yoast_head":"<!-- This site is optimized with the Yoast SEO plugin v27.5 - https:\/\/yoast.com\/product\/yoast-seo-wordpress\/ -->\n<title>Franco Colapinto brill\u00f3 en la clasificaci\u00f3n y largar\u00e1 d\u00e9cimo en la carrera Sprint - Diario Textual<\/title>\n<meta name=\"robots\" content=\"index, follow, max-snippet:-1, max-image-preview:large, max-video-preview:-1\" \/>\n<link rel=\"canonical\" href=\"https:\/\/diariotextual.com\/inicio\/index.php\/2024\/10\/18\/colapinto-tiene-su-primera-practica-libre-y-clasificacion-para-la-sprint-en-el-gp-de-austin\/\" \/>\n<meta property=\"og:locale\" content=\"es_ES\" \/>\n<meta property=\"og:type\" content=\"article\" \/>\n<meta property=\"og:title\" content=\"Franco Colapinto brill\u00f3 en la clasificaci\u00f3n y largar\u00e1 d\u00e9cimo en la carrera Sprint - Diario Textual\" \/>\n<meta property=\"og:description\" content=\"El piloto argentino&nbsp;Franco Colapinto&nbsp;sigue mostrando un gran nivel en la&nbsp;F\u00f3rmula 1. En su primera clasificaci\u00f3n para una carrera Sprint, logr\u00f3 superar los tres cortes y qued\u00f3 en el&nbsp;d\u00e9cimo lugar de&hellip;\" \/>\n<meta property=\"og:url\" content=\"https:\/\/diariotextual.com\/inicio\/index.php\/2024\/10\/18\/colapinto-tiene-su-primera-practica-libre-y-clasificacion-para-la-sprint-en-el-gp-de-austin\/\" \/>\n<meta property=\"og:site_name\" content=\"Diario Textual\" \/>\n<meta property=\"article:publisher\" content=\"https:\/\/www.facebook.com\/eltextual\" \/>\n<meta property=\"article:published_time\" content=\"2024-10-18T22:00:00+00:00\" \/>\n<meta property=\"article:modified_time\" content=\"2024-10-19T23:22:54+00:00\" \/>\n<meta property=\"og:image\" content=\"https:\/\/diariotextual.com\/inicio\/wp-content\/uploads\/2024\/09\/colapintofranco2024-79.jpg\" \/>\n\t<meta property=\"og:image:width\" content=\"1080\" \/>\n\t<meta property=\"og:image:height\" content=\"773\" \/>\n\t<meta property=\"og:image:type\" content=\"image\/jpeg\" \/>\n<meta name=\"author\" content=\"Diario1 Diario1\" \/>\n<meta name=\"twitter:card\" content=\"summary_large_image\" \/>\n<meta name=\"twitter:creator\" content=\"@eltextual\" \/>\n<meta name=\"twitter:site\" content=\"@eltextual\" \/>\n<meta name=\"twitter:label1\" content=\"Escrito por\" \/>\n\t<meta name=\"twitter:data1\" content=\"Diario1 Diario1\" \/>\n\t<meta name=\"twitter:label2\" content=\"Tiempo de lectura\" \/>\n\t<meta name=\"twitter:data2\" content=\"1 minuto\" \/>\n<script type=\"application\/ld+json\" class=\"yoast-schema-graph\">{\"@context\":\"https:\\\/\\\/schema.org\",\"@graph\":[{\"@type\":\"Article\",\"@id\":\"https:\\\/\\\/diariotextual.com\\\/inicio\\\/index.php\\\/2024\\\/10\\\/18\\\/colapinto-tiene-su-primera-practica-libre-y-clasificacion-para-la-sprint-en-el-gp-de-austin\\\/#article\",\"isPartOf\":{\"@id\":\"https:\\\/\\\/diariotextual.com\\\/inicio\\\/index.php\\\/2024\\\/10\\\/18\\\/colapinto-tiene-su-primera-practica-libre-y-clasificacion-para-la-sprint-en-el-gp-de-austin\\\/\"},\"author\":{\"name\":\"Diario1 Diario1\",\"@id\":\"https:\\\/\\\/diariotextual.com\\\/inicio\\\/#\\\/schema\\\/person\\\/418fc4093c33e86ed41562db3508f958\"},\"headline\":\"Franco Colapinto brill\u00f3 en la clasificaci\u00f3n y largar\u00e1 d\u00e9cimo en la carrera Sprint\",\"datePublished\":\"2024-10-18T22:00:00+00:00\",\"dateModified\":\"2024-10-19T23:22:54+00:00\",\"mainEntityOfPage\":{\"@id\":\"https:\\\/\\\/diariotextual.com\\\/inicio\\\/index.php\\\/2024\\\/10\\\/18\\\/colapinto-tiene-su-primera-practica-libre-y-clasificacion-para-la-sprint-en-el-gp-de-austin\\\/\"},\"wordCount\":215,\"publisher\":{\"@id\":\"https:\\\/\\\/diariotextual.com\\\/inicio\\\/#organization\"},\"image\":{\"@id\":\"https:\\\/\\\/diariotextual.com\\\/inicio\\\/index.php\\\/2024\\\/10\\\/18\\\/colapinto-tiene-su-primera-practica-libre-y-clasificacion-para-la-sprint-en-el-gp-de-austin\\\/#primaryimage\"},\"thumbnailUrl\":\"https:\\\/\\\/diariotextual.com\\\/inicio\\\/wp-content\\\/uploads\\\/2024\\\/09\\\/colapintofranco2024-79.jpg\",\"articleSection\":[\"DEPORTES\"],\"inLanguage\":\"es\"},{\"@type\":\"WebPage\",\"@id\":\"https:\\\/\\\/diariotextual.com\\\/inicio\\\/index.php\\\/2024\\\/10\\\/18\\\/colapinto-tiene-su-primera-practica-libre-y-clasificacion-para-la-sprint-en-el-gp-de-austin\\\/\",\"url\":\"https:\\\/\\\/diariotextual.com\\\/inicio\\\/index.php\\\/2024\\\/10\\\/18\\\/colapinto-tiene-su-primera-practica-libre-y-clasificacion-para-la-sprint-en-el-gp-de-austin\\\/\",\"name\":\"Franco Colapinto brill\u00f3 en la clasificaci\u00f3n y largar\u00e1 d\u00e9cimo en la carrera Sprint - Diario Textual\",\"isPartOf\":{\"@id\":\"https:\\\/\\\/diariotextual.com\\\/inicio\\\/#website\"},\"primaryImageOfPage\":{\"@id\":\"https:\\\/\\\/diariotextual.com\\\/inicio\\\/index.php\\\/2024\\\/10\\\/18\\\/colapinto-tiene-su-primera-practica-libre-y-clasificacion-para-la-sprint-en-el-gp-de-austin\\\/#primaryimage\"},\"image\":{\"@id\":\"https:\\\/\\\/diariotextual.com\\\/inicio\\\/index.php\\\/2024\\\/10\\\/18\\\/colapinto-tiene-su-primera-practica-libre-y-clasificacion-para-la-sprint-en-el-gp-de-austin\\\/#primaryimage\"},\"thumbnailUrl\":\"https:\\\/\\\/diariotextual.com\\\/inicio\\\/wp-content\\\/uploads\\\/2024\\\/09\\\/colapintofranco2024-79.jpg\",\"datePublished\":\"2024-10-18T22:00:00+00:00\",\"dateModified\":\"2024-10-19T23:22:54+00:00\",\"breadcrumb\":{\"@id\":\"https:\\\/\\\/diariotextual.com\\\/inicio\\\/index.php\\\/2024\\\/10\\\/18\\\/colapinto-tiene-su-primera-practica-libre-y-clasificacion-para-la-sprint-en-el-gp-de-austin\\\/#breadcrumb\"},\"inLanguage\":\"es\",\"potentialAction\":[{\"@type\":\"ReadAction\",\"target\":[\"https:\\\/\\\/diariotextual.com\\\/inicio\\\/index.php\\\/2024\\\/10\\\/18\\\/colapinto-tiene-su-primera-practica-libre-y-clasificacion-para-la-sprint-en-el-gp-de-austin\\\/\"]}]},{\"@type\":\"ImageObject\",\"inLanguage\":\"es\",\"@id\":\"https:\\\/\\\/diariotextual.com\\\/inicio\\\/index.php\\\/2024\\\/10\\\/18\\\/colapinto-tiene-su-primera-practica-libre-y-clasificacion-para-la-sprint-en-el-gp-de-austin\\\/#primaryimage\",\"url\":\"https:\\\/\\\/diariotextual.com\\\/inicio\\\/wp-content\\\/uploads\\\/2024\\\/09\\\/colapintofranco2024-79.jpg\",\"contentUrl\":\"https:\\\/\\\/diariotextual.com\\\/inicio\\\/wp-content\\\/uploads\\\/2024\\\/09\\\/colapintofranco2024-79.jpg\",\"width\":1080,\"height\":773},{\"@type\":\"BreadcrumbList\",\"@id\":\"https:\\\/\\\/diariotextual.com\\\/inicio\\\/index.php\\\/2024\\\/10\\\/18\\\/colapinto-tiene-su-primera-practica-libre-y-clasificacion-para-la-sprint-en-el-gp-de-austin\\\/#breadcrumb\",\"itemListElement\":[{\"@type\":\"ListItem\",\"position\":1,\"name\":\"Portada\",\"item\":\"https:\\\/\\\/diariotextual.com\\\/inicio\\\/\"},{\"@type\":\"ListItem\",\"position\":2,\"name\":\"Franco Colapinto brill\u00f3 en la clasificaci\u00f3n y largar\u00e1 d\u00e9cimo en la carrera Sprint\"}]},{\"@type\":\"WebSite\",\"@id\":\"https:\\\/\\\/diariotextual.com\\\/inicio\\\/#website\",\"url\":\"https:\\\/\\\/diariotextual.com\\\/inicio\\\/\",\"name\":\"Diario Textual\",\"description\":\"\",\"publisher\":{\"@id\":\"https:\\\/\\\/diariotextual.com\\\/inicio\\\/#organization\"},\"potentialAction\":[{\"@type\":\"SearchAction\",\"target\":{\"@type\":\"EntryPoint\",\"urlTemplate\":\"https:\\\/\\\/diariotextual.com\\\/inicio\\\/?s={search_term_string}\"},\"query-input\":{\"@type\":\"PropertyValueSpecification\",\"valueRequired\":true,\"valueName\":\"search_term_string\"}}],\"inLanguage\":\"es\"},{\"@type\":\"Organization\",\"@id\":\"https:\\\/\\\/diariotextual.com\\\/inicio\\\/#organization\",\"name\":\"Diario Textual\",\"url\":\"https:\\\/\\\/diariotextual.com\\\/inicio\\\/\",\"logo\":{\"@type\":\"ImageObject\",\"inLanguage\":\"es\",\"@id\":\"https:\\\/\\\/diariotextual.com\\\/inicio\\\/#\\\/schema\\\/logo\\\/image\\\/\",\"url\":\"https:\\\/\\\/diariotextual.com\\\/inicio\\\/wp-content\\\/uploads\\\/2023\\\/05\\\/logotextual1.jpg\",\"contentUrl\":\"https:\\\/\\\/diariotextual.com\\\/inicio\\\/wp-content\\\/uploads\\\/2023\\\/05\\\/logotextual1.jpg\",\"width\":516,\"height\":76,\"caption\":\"Diario Textual\"},\"image\":{\"@id\":\"https:\\\/\\\/diariotextual.com\\\/inicio\\\/#\\\/schema\\\/logo\\\/image\\\/\"},\"sameAs\":[\"https:\\\/\\\/www.facebook.com\\\/eltextual\",\"https:\\\/\\\/x.com\\\/eltextual\",\"http:\\\/\\\/www.instagram.com\\\/eltextual\"]},{\"@type\":\"Person\",\"@id\":\"https:\\\/\\\/diariotextual.com\\\/inicio\\\/#\\\/schema\\\/person\\\/418fc4093c33e86ed41562db3508f958\",\"name\":\"Diario1 Diario1\",\"image\":{\"@type\":\"ImageObject\",\"inLanguage\":\"es\",\"@id\":\"https:\\\/\\\/secure.gravatar.com\\\/avatar\\\/9167d280179c85bc18be67aa7eda765854300033af4896dd779b608640f2ef7a?s=96&d=mm&r=g\",\"url\":\"https:\\\/\\\/secure.gravatar.com\\\/avatar\\\/9167d280179c85bc18be67aa7eda765854300033af4896dd779b608640f2ef7a?s=96&d=mm&r=g\",\"contentUrl\":\"https:\\\/\\\/secure.gravatar.com\\\/avatar\\\/9167d280179c85bc18be67aa7eda765854300033af4896dd779b608640f2ef7a?s=96&d=mm&r=g\",\"caption\":\"Diario1 Diario1\"},\"url\":\"https:\\\/\\\/diariotextual.com\\\/inicio\\\/index.php\\\/author\\\/diario1\\\/\"}]}<\/script>\n<!-- \/ Yoast SEO plugin. -->","yoast_head_json":{"title":"Franco Colapinto brill\u00f3 en la clasificaci\u00f3n y largar\u00e1 d\u00e9cimo en la carrera Sprint - Diario Textual","robots":{"index":"index","follow":"follow","max-snippet":"max-snippet:-1","max-image-preview":"max-image-preview:large","max-video-preview":"max-video-preview:-1"},"canonical":"https:\/\/diariotextual.com\/inicio\/index.php\/2024\/10\/18\/colapinto-tiene-su-primera-practica-libre-y-clasificacion-para-la-sprint-en-el-gp-de-austin\/","og_locale":"es_ES","og_type":"article","og_title":"Franco Colapinto brill\u00f3 en la clasificaci\u00f3n y largar\u00e1 d\u00e9cimo en la carrera Sprint - Diario Textual","og_description":"El piloto argentino&nbsp;Franco Colapinto&nbsp;sigue mostrando un gran nivel en la&nbsp;F\u00f3rmula 1. En su primera clasificaci\u00f3n para una carrera Sprint, logr\u00f3 superar los tres cortes y qued\u00f3 en el&nbsp;d\u00e9cimo lugar de&hellip;","og_url":"https:\/\/diariotextual.com\/inicio\/index.php\/2024\/10\/18\/colapinto-tiene-su-primera-practica-libre-y-clasificacion-para-la-sprint-en-el-gp-de-austin\/","og_site_name":"Diario Textual","article_publisher":"https:\/\/www.facebook.com\/eltextual","article_published_time":"2024-10-18T22:00:00+00:00","article_modified_time":"2024-10-19T23:22:54+00:00","og_image":[{"width":1080,"height":773,"url":"https:\/\/diariotextual.com\/inicio\/wp-content\/uploads\/2024\/09\/colapintofranco2024-79.jpg","type":"image\/jpeg"}],"author":"Diario1 Diario1","twitter_card":"summary_large_image","twitter_creator":"@eltextual","twitter_site":"@eltextual","twitter_misc":{"Escrito por":"Diario1 Diario1","Tiempo de lectura":"1 minuto"},"schema":{"@context":"https:\/\/schema.org","@graph":[{"@type":"Article","@id":"https:\/\/diariotextual.com\/inicio\/index.php\/2024\/10\/18\/colapinto-tiene-su-primera-practica-libre-y-clasificacion-para-la-sprint-en-el-gp-de-austin\/#article","isPartOf":{"@id":"https:\/\/diariotextual.com\/inicio\/index.php\/2024\/10\/18\/colapinto-tiene-su-primera-practica-libre-y-clasificacion-para-la-sprint-en-el-gp-de-austin\/"},"author":{"name":"Diario1 Diario1","@id":"https:\/\/diariotextual.com\/inicio\/#\/schema\/person\/418fc4093c33e86ed41562db3508f958"},"headline":"Franco Colapinto brill\u00f3 en la clasificaci\u00f3n y largar\u00e1 d\u00e9cimo en la carrera Sprint","datePublished":"2024-10-18T22:00:00+00:00","dateModified":"2024-10-19T23:22:54+00:00","mainEntityOfPage":{"@id":"https:\/\/diariotextual.com\/inicio\/index.php\/2024\/10\/18\/colapinto-tiene-su-primera-practica-libre-y-clasificacion-para-la-sprint-en-el-gp-de-austin\/"},"wordCount":215,"publisher":{"@id":"https:\/\/diariotextual.com\/inicio\/#organization"},"image":{"@id":"https:\/\/diariotextual.com\/inicio\/index.php\/2024\/10\/18\/colapinto-tiene-su-primera-practica-libre-y-clasificacion-para-la-sprint-en-el-gp-de-austin\/#primaryimage"},"thumbnailUrl":"https:\/\/diariotextual.com\/inicio\/wp-content\/uploads\/2024\/09\/colapintofranco2024-79.jpg","articleSection":["DEPORTES"],"inLanguage":"es"},{"@type":"WebPage","@id":"https:\/\/diariotextual.com\/inicio\/index.php\/2024\/10\/18\/colapinto-tiene-su-primera-practica-libre-y-clasificacion-para-la-sprint-en-el-gp-de-austin\/","url":"https:\/\/diariotextual.com\/inicio\/index.php\/2024\/10\/18\/colapinto-tiene-su-primera-practica-libre-y-clasificacion-para-la-sprint-en-el-gp-de-austin\/","name":"Franco Colapinto brill\u00f3 en la clasificaci\u00f3n y largar\u00e1 d\u00e9cimo en la carrera Sprint - Diario Textual","isPartOf":{"@id":"https:\/\/diariotextual.com\/inicio\/#website"},"primaryImageOfPage":{"@id":"https:\/\/diariotextual.com\/inicio\/index.php\/2024\/10\/18\/colapinto-tiene-su-primera-practica-libre-y-clasificacion-para-la-sprint-en-el-gp-de-austin\/#primaryimage"},"image":{"@id":"https:\/\/diariotextual.com\/inicio\/index.php\/2024\/10\/18\/colapinto-tiene-su-primera-practica-libre-y-clasificacion-para-la-sprint-en-el-gp-de-austin\/#primaryimage"},"thumbnailUrl":"https:\/\/diariotextual.com\/inicio\/wp-content\/uploads\/2024\/09\/colapintofranco2024-79.jpg","datePublished":"2024-10-18T22:00:00+00:00","dateModified":"2024-10-19T23:22:54+00:00","breadcrumb":{"@id":"https:\/\/diariotextual.com\/inicio\/index.php\/2024\/10\/18\/colapinto-tiene-su-primera-practica-libre-y-clasificacion-para-la-sprint-en-el-gp-de-austin\/#breadcrumb"},"inLanguage":"es","potentialAction":[{"@type":"ReadAction","target":["https:\/\/diariotextual.com\/inicio\/index.php\/2024\/10\/18\/colapinto-tiene-su-primera-practica-libre-y-clasificacion-para-la-sprint-en-el-gp-de-austin\/"]}]},{"@type":"ImageObject","inLanguage":"es","@id":"https:\/\/diariotextual.com\/inicio\/index.php\/2024\/10\/18\/colapinto-tiene-su-primera-practica-libre-y-clasificacion-para-la-sprint-en-el-gp-de-austin\/#primaryimage","url":"https:\/\/diariotextual.com\/inicio\/wp-content\/uploads\/2024\/09\/colapintofranco2024-79.jpg","contentUrl":"https:\/\/diariotextual.com\/inicio\/wp-content\/uploads\/2024\/09\/colapintofranco2024-79.jpg","width":1080,"height":773},{"@type":"BreadcrumbList","@id":"https:\/\/diariotextual.com\/inicio\/index.php\/2024\/10\/18\/colapinto-tiene-su-primera-practica-libre-y-clasificacion-para-la-sprint-en-el-gp-de-austin\/#breadcrumb","itemListElement":[{"@type":"ListItem","position":1,"name":"Portada","item":"https:\/\/diariotextual.com\/inicio\/"},{"@type":"ListItem","position":2,"name":"Franco Colapinto brill\u00f3 en la clasificaci\u00f3n y largar\u00e1 d\u00e9cimo en la carrera Sprint"}]},{"@type":"WebSite","@id":"https:\/\/diariotextual.com\/inicio\/#website","url":"https:\/\/diariotextual.com\/inicio\/","name":"Diario Textual","description":"","publisher":{"@id":"https:\/\/diariotextual.com\/inicio\/#organization"},"potentialAction":[{"@type":"SearchAction","target":{"@type":"EntryPoint","urlTemplate":"https:\/\/diariotextual.com\/inicio\/?s={search_term_string}"},"query-input":{"@type":"PropertyValueSpecification","valueRequired":true,"valueName":"search_term_string"}}],"inLanguage":"es"},{"@type":"Organization","@id":"https:\/\/diariotextual.com\/inicio\/#organization","name":"Diario Textual","url":"https:\/\/diariotextual.com\/inicio\/","logo":{"@type":"ImageObject","inLanguage":"es","@id":"https:\/\/diariotextual.com\/inicio\/#\/schema\/logo\/image\/","url":"https:\/\/diariotextual.com\/inicio\/wp-content\/uploads\/2023\/05\/logotextual1.jpg","contentUrl":"https:\/\/diariotextual.com\/inicio\/wp-content\/uploads\/2023\/05\/logotextual1.jpg","width":516,"height":76,"caption":"Diario Textual"},"image":{"@id":"https:\/\/diariotextual.com\/inicio\/#\/schema\/logo\/image\/"},"sameAs":["https:\/\/www.facebook.com\/eltextual","https:\/\/x.com\/eltextual","http:\/\/www.instagram.com\/eltextual"]},{"@type":"Person","@id":"https:\/\/diariotextual.com\/inicio\/#\/schema\/person\/418fc4093c33e86ed41562db3508f958","name":"Diario1 Diario1","image":{"@type":"ImageObject","inLanguage":"es","@id":"https:\/\/secure.gravatar.com\/avatar\/9167d280179c85bc18be67aa7eda765854300033af4896dd779b608640f2ef7a?s=96&d=mm&r=g","url":"https:\/\/secure.gravatar.com\/avatar\/9167d280179c85bc18be67aa7eda765854300033af4896dd779b608640f2ef7a?s=96&d=mm&r=g","contentUrl":"https:\/\/secure.gravatar.com\/avatar\/9167d280179c85bc18be67aa7eda765854300033af4896dd779b608640f2ef7a?s=96&d=mm&r=g","caption":"Diario1 Diario1"},"url":"https:\/\/diariotextual.com\/inicio\/index.php\/author\/diario1\/"}]}},"_links":{"self":[{"href":"https:\/\/diariotextual.com\/inicio\/index.php\/wp-json\/wp\/v2\/posts\/278729","targetHints":{"allow":["GET"]}}],"collection":[{"href":"https:\/\/diariotextual.com\/inicio\/index.php\/wp-json\/wp\/v2\/posts"}],"about":[{"href":"https:\/\/diariotextual.com\/inicio\/index.php\/wp-json\/wp\/v2\/types\/post"}],"author":[{"embeddable":true,"href":"https:\/\/diariotextual.com\/inicio\/index.php\/wp-json\/wp\/v2\/users\/3"}],"replies":[{"embeddable":true,"href":"https:\/\/diariotextual.com\/inicio\/index.php\/wp-json\/wp\/v2\/comments?post=278729"}],"version-history":[{"count":4,"href":"https:\/\/diariotextual.com\/inicio\/index.php\/wp-json\/wp\/v2\/posts\/278729\/revisions"}],"predecessor-version":[{"id":278815,"href":"https:\/\/diariotextual.com\/inicio\/index.php\/wp-json\/wp\/v2\/posts\/278729\/revisions\/278815"}],"wp:featuredmedia":[{"embeddable":true,"href":"https:\/\/diariotextual.com\/inicio\/index.php\/wp-json\/wp\/v2\/media\/275270"}],"wp:attachment":[{"href":"https:\/\/diariotextual.com\/inicio\/index.php\/wp-json\/wp\/v2\/media?parent=278729"}],"wp:term":[{"taxonomy":"category","embeddable":true,"href":"https:\/\/diariotextual.com\/inicio\/index.php\/wp-json\/wp\/v2\/categories?post=278729"},{"taxonomy":"post_tag","embeddable":true,"href":"https:\/\/diariotextual.com\/inicio\/index.php\/wp-json\/wp\/v2\/tags?post=278729"}],"curies":[{"name":"wp","href":"https:\/\/api.w.org\/{rel}","templated":true}]}}