{"id":278859,"date":"2024-10-19T20:22:31","date_gmt":"2024-10-19T23:22:31","guid":{"rendered":"https:\/\/diariotextual.com\/inicio\/?p=278859"},"modified":"2024-10-20T07:56:43","modified_gmt":"2024-10-20T10:56:43","slug":"franco-colapinto-no-pudo-clasificar-a-la-q2-y-largara-16-en-el-gp-de-estados-unidos","status":"publish","type":"post","link":"https:\/\/diariotextual.com\/inicio\/index.php\/2024\/10\/19\/franco-colapinto-no-pudo-clasificar-a-la-q2-y-largara-16-en-el-gp-de-estados-unidos\/","title":{"rendered":"Franco Colapinto no pudo clasificar a la Q2 y largar\u00e1 16\u00b0 en el GP de Estados Unidos"},"content":{"rendered":"\n<p><strong>El piloto argentino de F\u00f3rmula 1, Franco Colapinto, no pudo clasificar a la Q2 y largar\u00e1 en la decimosexta posici\u00f3n en el Gran Premio de Estados Unidos.<\/strong><\/p>\n\n\n\n<p>Colapinto, que corre con Williams,&nbsp;<strong>termin\u00f3 17\u00b0 con un tiempo de 1:34,062, aunque partir\u00e1 una posici\u00f3n adelante en la carrera<\/strong>&nbsp;de este domingo debido a la&nbsp;<strong>sanci\u00f3n que recibi\u00f3 el neozeland\u00e9s Liam Lawson (Racing Bulls)&nbsp;<\/strong>por cambiar el motor.<\/p>\n\n\n\n<p>De esta manera,&nbsp;<strong>Colapinto cerr\u00f3 un flojo s\u00e1bado, que comenz\u00f3 con un duod\u00e9cimo lugar en el Sprint race<\/strong>, en el que perdi\u00f3 dos posiciones (con el mexicano Sergio P\u00e9rez y el australiano Oscar Piastri).<\/p>\n\n\n\n<p>Su compa\u00f1ero de equipo, el tailand\u00e9s Alexander Albon, largar\u00e1 una posici\u00f3n por delante, ya que cerr\u00f3 su mejor vuelta con solo 11 mil\u00e9simas menos que Colapinto, aunque tampoco le alcanz\u00f3 para meterse en la Q2.<\/p>\n\n\n\n<p><strong>La carrera de este domingo ser\u00e1 la quinta de Colapinto en la F\u00f3rmula 1<\/strong>, luego del GP de Italia, Azerbaiy\u00e1n y Singapur, adem\u00e1s de la Sprint race de este s\u00e1bado en Estados Unidos.<\/p>\n\n\n\n<p>El brit\u00e1nico Lando Norris (McLaren), que intenta pelearle el campeonato al neerland\u00e9s Max Verstappen (Red Bull), largar\u00e1 desde la pole position al marcar el mejor tiempo de la Q3 con un registro de 1:33,<\/p>\n\n\n\n<p>Norris tuvo una pizca de suerte sobre el final, ya que Verstappen ven\u00eda marcando mejores registros en su \u00faltima vuelta y no pudo completar la misma debido a una bandera amarilla por un choque del tambi\u00e9n brit\u00e1nico George Russell (Mercedes).<\/p>\n\n\n\n<p>Norris, que viene de ganar el GP de Singapur y de terminar segundo en el Sprint race de este s\u00e1bado, est\u00e1 a 54 puntos del l\u00edder del campeonato, Verstappen.<\/p>\n\n\n\n<p>As\u00ed termin\u00f3 la Qualy del GP de Estados Unidos:<br>1) Lando Norris (McLaren): 1:32,330<\/p>\n\n\n\n<p>2) Max Verstappen (Red Bull): 1:32,361<\/p>\n\n\n\n<p>3) Carlos Sainz Jr. (Ferrari): 1:32,652<\/p>\n\n\n\n<p>4) Charles Leclerc (Ferrari): 1:32,740<\/p>\n\n\n\n<p>5) Oscar Piastri (McLaren): 1:32,950<\/p>\n\n\n\n<p>6) George Russell (Mercedes): 1:32,974<\/p>\n\n\n\n<p>7) Pierre Gasly (Alpine): 1:33,018<\/p>\n\n\n\n<p>8) Fernando Alonso (Aston Martin): 1:33,309<\/p>\n\n\n\n<p>9) Kevin Magnussen (Haas): 1:33,481<\/p>\n\n\n\n<p>10) Sergio P\u00e9rez (Red Bull): sin tiempo en la Q3<\/p>\n\n\n\n<p>11) Yuki Tsunoda (Racing Bulls): 1:33,506<\/p>\n\n\n\n<p>12) Nico Hulkenberg (Haas): 1:33,544<\/p>\n\n\n\n<p>13) Esteban Ocon (Alpine): 1:33,597<\/p>\n\n\n\n<p>14) Lance Stroll (Aston Martin): 1:33,759<\/p>\n\n\n\n<p>15) Liam Lawson (Racing Bulls): sin tiempo en la Q2<\/p>\n\n\n\n<p>16) Alexander Albon (Williams): 1:34, 051<\/p>\n\n\n\n<p>17) Franco Colapinto (Williams): 1:34,062<\/p>\n\n\n\n<p>18) Valtteri Bottas (Sauber): 1:34,152<\/p>\n\n\n\n<p>19) Lewis Hamilton (Mercedes): 1:34,154<\/p>\n\n\n\n<p>20) Guanyu Zhou (Sauber): 1:34,228<\/p>\n\n\n\n<p>*Lawson largar\u00e1 \u00faltimo, ya que fue sancionado por cambiar el motor.<\/p>\n\n\n\n<p><\/p>\n","protected":false},"excerpt":{"rendered":"<p>El piloto argentino de F\u00f3rmula 1, Franco Colapinto, no pudo clasificar a la Q2 y largar\u00e1 en la decimosexta posici\u00f3n en el Gran Premio de Estados Unidos. Colapinto, que corre&hellip;<\/p>\n","protected":false},"author":3,"featured_media":274103,"comment_status":"closed","ping_status":"open","sticky":false,"template":"","format":"standard","meta":{"_acf_changed":false,"footnotes":""},"categories":[1,3],"tags":[],"class_list":["post-278859","post","type-post","status-publish","format-standard","has-post-thumbnail","hentry","category-es-noticia","category-deportes"],"acf":[],"yoast_head":"<!-- This site is optimized with the Yoast SEO plugin v27.5 - https:\/\/yoast.com\/product\/yoast-seo-wordpress\/ -->\n<title>Franco Colapinto no pudo clasificar a la Q2 y largar\u00e1 16\u00b0 en el GP de Estados Unidos - Diario Textual<\/title>\n<meta name=\"robots\" content=\"index, follow, max-snippet:-1, max-image-preview:large, max-video-preview:-1\" \/>\n<link rel=\"canonical\" href=\"https:\/\/diariotextual.com\/inicio\/index.php\/2024\/10\/19\/franco-colapinto-no-pudo-clasificar-a-la-q2-y-largara-16-en-el-gp-de-estados-unidos\/\" \/>\n<meta property=\"og:locale\" content=\"es_ES\" \/>\n<meta property=\"og:type\" content=\"article\" \/>\n<meta property=\"og:title\" content=\"Franco Colapinto no pudo clasificar a la Q2 y largar\u00e1 16\u00b0 en el GP de Estados Unidos - Diario Textual\" \/>\n<meta property=\"og:description\" content=\"El piloto argentino de F\u00f3rmula 1, Franco Colapinto, no pudo clasificar a la Q2 y largar\u00e1 en la decimosexta posici\u00f3n en el Gran Premio de Estados Unidos. Colapinto, que corre&hellip;\" \/>\n<meta property=\"og:url\" content=\"https:\/\/diariotextual.com\/inicio\/index.php\/2024\/10\/19\/franco-colapinto-no-pudo-clasificar-a-la-q2-y-largara-16-en-el-gp-de-estados-unidos\/\" \/>\n<meta property=\"og:site_name\" content=\"Diario Textual\" \/>\n<meta property=\"article:publisher\" content=\"https:\/\/www.facebook.com\/eltextual\" \/>\n<meta property=\"article:published_time\" content=\"2024-10-19T23:22:31+00:00\" \/>\n<meta property=\"article:modified_time\" content=\"2024-10-20T10:56:43+00:00\" \/>\n<meta property=\"og:image\" content=\"https:\/\/diariotextual.com\/inicio\/wp-content\/uploads\/2024\/08\/colapintoautof12024.jpg\" \/>\n\t<meta property=\"og:image:width\" content=\"789\" \/>\n\t<meta property=\"og:image:height\" content=\"442\" \/>\n\t<meta property=\"og:image:type\" content=\"image\/jpeg\" \/>\n<meta name=\"author\" content=\"Diario1 Diario1\" \/>\n<meta name=\"twitter:card\" content=\"summary_large_image\" \/>\n<meta name=\"twitter:creator\" content=\"@eltextual\" \/>\n<meta name=\"twitter:site\" content=\"@eltextual\" \/>\n<meta name=\"twitter:label1\" content=\"Escrito por\" \/>\n\t<meta name=\"twitter:data1\" content=\"Diario1 Diario1\" \/>\n\t<meta name=\"twitter:label2\" content=\"Tiempo de lectura\" \/>\n\t<meta name=\"twitter:data2\" content=\"3 minutos\" \/>\n<script type=\"application\/ld+json\" class=\"yoast-schema-graph\">{\"@context\":\"https:\\\/\\\/schema.org\",\"@graph\":[{\"@type\":\"Article\",\"@id\":\"https:\\\/\\\/diariotextual.com\\\/inicio\\\/index.php\\\/2024\\\/10\\\/19\\\/franco-colapinto-no-pudo-clasificar-a-la-q2-y-largara-16-en-el-gp-de-estados-unidos\\\/#article\",\"isPartOf\":{\"@id\":\"https:\\\/\\\/diariotextual.com\\\/inicio\\\/index.php\\\/2024\\\/10\\\/19\\\/franco-colapinto-no-pudo-clasificar-a-la-q2-y-largara-16-en-el-gp-de-estados-unidos\\\/\"},\"author\":{\"name\":\"Diario1 Diario1\",\"@id\":\"https:\\\/\\\/diariotextual.com\\\/inicio\\\/#\\\/schema\\\/person\\\/418fc4093c33e86ed41562db3508f958\"},\"headline\":\"Franco Colapinto no pudo clasificar a la Q2 y largar\u00e1 16\u00b0 en el GP de Estados Unidos\",\"datePublished\":\"2024-10-19T23:22:31+00:00\",\"dateModified\":\"2024-10-20T10:56:43+00:00\",\"mainEntityOfPage\":{\"@id\":\"https:\\\/\\\/diariotextual.com\\\/inicio\\\/index.php\\\/2024\\\/10\\\/19\\\/franco-colapinto-no-pudo-clasificar-a-la-q2-y-largara-16-en-el-gp-de-estados-unidos\\\/\"},\"wordCount\":406,\"publisher\":{\"@id\":\"https:\\\/\\\/diariotextual.com\\\/inicio\\\/#organization\"},\"image\":{\"@id\":\"https:\\\/\\\/diariotextual.com\\\/inicio\\\/index.php\\\/2024\\\/10\\\/19\\\/franco-colapinto-no-pudo-clasificar-a-la-q2-y-largara-16-en-el-gp-de-estados-unidos\\\/#primaryimage\"},\"thumbnailUrl\":\"https:\\\/\\\/diariotextual.com\\\/inicio\\\/wp-content\\\/uploads\\\/2024\\\/08\\\/colapintoautof12024.jpg\",\"articleSection\":[\"A - ES NOTICIA (van abajo)\",\"DEPORTES\"],\"inLanguage\":\"es\"},{\"@type\":\"WebPage\",\"@id\":\"https:\\\/\\\/diariotextual.com\\\/inicio\\\/index.php\\\/2024\\\/10\\\/19\\\/franco-colapinto-no-pudo-clasificar-a-la-q2-y-largara-16-en-el-gp-de-estados-unidos\\\/\",\"url\":\"https:\\\/\\\/diariotextual.com\\\/inicio\\\/index.php\\\/2024\\\/10\\\/19\\\/franco-colapinto-no-pudo-clasificar-a-la-q2-y-largara-16-en-el-gp-de-estados-unidos\\\/\",\"name\":\"Franco Colapinto no pudo clasificar a la Q2 y largar\u00e1 16\u00b0 en el GP de Estados Unidos - Diario Textual\",\"isPartOf\":{\"@id\":\"https:\\\/\\\/diariotextual.com\\\/inicio\\\/#website\"},\"primaryImageOfPage\":{\"@id\":\"https:\\\/\\\/diariotextual.com\\\/inicio\\\/index.php\\\/2024\\\/10\\\/19\\\/franco-colapinto-no-pudo-clasificar-a-la-q2-y-largara-16-en-el-gp-de-estados-unidos\\\/#primaryimage\"},\"image\":{\"@id\":\"https:\\\/\\\/diariotextual.com\\\/inicio\\\/index.php\\\/2024\\\/10\\\/19\\\/franco-colapinto-no-pudo-clasificar-a-la-q2-y-largara-16-en-el-gp-de-estados-unidos\\\/#primaryimage\"},\"thumbnailUrl\":\"https:\\\/\\\/diariotextual.com\\\/inicio\\\/wp-content\\\/uploads\\\/2024\\\/08\\\/colapintoautof12024.jpg\",\"datePublished\":\"2024-10-19T23:22:31+00:00\",\"dateModified\":\"2024-10-20T10:56:43+00:00\",\"breadcrumb\":{\"@id\":\"https:\\\/\\\/diariotextual.com\\\/inicio\\\/index.php\\\/2024\\\/10\\\/19\\\/franco-colapinto-no-pudo-clasificar-a-la-q2-y-largara-16-en-el-gp-de-estados-unidos\\\/#breadcrumb\"},\"inLanguage\":\"es\",\"potentialAction\":[{\"@type\":\"ReadAction\",\"target\":[\"https:\\\/\\\/diariotextual.com\\\/inicio\\\/index.php\\\/2024\\\/10\\\/19\\\/franco-colapinto-no-pudo-clasificar-a-la-q2-y-largara-16-en-el-gp-de-estados-unidos\\\/\"]}]},{\"@type\":\"ImageObject\",\"inLanguage\":\"es\",\"@id\":\"https:\\\/\\\/diariotextual.com\\\/inicio\\\/index.php\\\/2024\\\/10\\\/19\\\/franco-colapinto-no-pudo-clasificar-a-la-q2-y-largara-16-en-el-gp-de-estados-unidos\\\/#primaryimage\",\"url\":\"https:\\\/\\\/diariotextual.com\\\/inicio\\\/wp-content\\\/uploads\\\/2024\\\/08\\\/colapintoautof12024.jpg\",\"contentUrl\":\"https:\\\/\\\/diariotextual.com\\\/inicio\\\/wp-content\\\/uploads\\\/2024\\\/08\\\/colapintoautof12024.jpg\",\"width\":789,\"height\":442},{\"@type\":\"BreadcrumbList\",\"@id\":\"https:\\\/\\\/diariotextual.com\\\/inicio\\\/index.php\\\/2024\\\/10\\\/19\\\/franco-colapinto-no-pudo-clasificar-a-la-q2-y-largara-16-en-el-gp-de-estados-unidos\\\/#breadcrumb\",\"itemListElement\":[{\"@type\":\"ListItem\",\"position\":1,\"name\":\"Portada\",\"item\":\"https:\\\/\\\/diariotextual.com\\\/inicio\\\/\"},{\"@type\":\"ListItem\",\"position\":2,\"name\":\"Franco Colapinto no pudo clasificar a la Q2 y largar\u00e1 16\u00b0 en el GP de Estados Unidos\"}]},{\"@type\":\"WebSite\",\"@id\":\"https:\\\/\\\/diariotextual.com\\\/inicio\\\/#website\",\"url\":\"https:\\\/\\\/diariotextual.com\\\/inicio\\\/\",\"name\":\"Diario Textual\",\"description\":\"\",\"publisher\":{\"@id\":\"https:\\\/\\\/diariotextual.com\\\/inicio\\\/#organization\"},\"potentialAction\":[{\"@type\":\"SearchAction\",\"target\":{\"@type\":\"EntryPoint\",\"urlTemplate\":\"https:\\\/\\\/diariotextual.com\\\/inicio\\\/?s={search_term_string}\"},\"query-input\":{\"@type\":\"PropertyValueSpecification\",\"valueRequired\":true,\"valueName\":\"search_term_string\"}}],\"inLanguage\":\"es\"},{\"@type\":\"Organization\",\"@id\":\"https:\\\/\\\/diariotextual.com\\\/inicio\\\/#organization\",\"name\":\"Diario Textual\",\"url\":\"https:\\\/\\\/diariotextual.com\\\/inicio\\\/\",\"logo\":{\"@type\":\"ImageObject\",\"inLanguage\":\"es\",\"@id\":\"https:\\\/\\\/diariotextual.com\\\/inicio\\\/#\\\/schema\\\/logo\\\/image\\\/\",\"url\":\"https:\\\/\\\/diariotextual.com\\\/inicio\\\/wp-content\\\/uploads\\\/2023\\\/05\\\/logotextual1.jpg\",\"contentUrl\":\"https:\\\/\\\/diariotextual.com\\\/inicio\\\/wp-content\\\/uploads\\\/2023\\\/05\\\/logotextual1.jpg\",\"width\":516,\"height\":76,\"caption\":\"Diario Textual\"},\"image\":{\"@id\":\"https:\\\/\\\/diariotextual.com\\\/inicio\\\/#\\\/schema\\\/logo\\\/image\\\/\"},\"sameAs\":[\"https:\\\/\\\/www.facebook.com\\\/eltextual\",\"https:\\\/\\\/x.com\\\/eltextual\",\"http:\\\/\\\/www.instagram.com\\\/eltextual\"]},{\"@type\":\"Person\",\"@id\":\"https:\\\/\\\/diariotextual.com\\\/inicio\\\/#\\\/schema\\\/person\\\/418fc4093c33e86ed41562db3508f958\",\"name\":\"Diario1 Diario1\",\"image\":{\"@type\":\"ImageObject\",\"inLanguage\":\"es\",\"@id\":\"https:\\\/\\\/secure.gravatar.com\\\/avatar\\\/9167d280179c85bc18be67aa7eda765854300033af4896dd779b608640f2ef7a?s=96&d=mm&r=g\",\"url\":\"https:\\\/\\\/secure.gravatar.com\\\/avatar\\\/9167d280179c85bc18be67aa7eda765854300033af4896dd779b608640f2ef7a?s=96&d=mm&r=g\",\"contentUrl\":\"https:\\\/\\\/secure.gravatar.com\\\/avatar\\\/9167d280179c85bc18be67aa7eda765854300033af4896dd779b608640f2ef7a?s=96&d=mm&r=g\",\"caption\":\"Diario1 Diario1\"},\"url\":\"https:\\\/\\\/diariotextual.com\\\/inicio\\\/index.php\\\/author\\\/diario1\\\/\"}]}<\/script>\n<!-- \/ Yoast SEO plugin. -->","yoast_head_json":{"title":"Franco Colapinto no pudo clasificar a la Q2 y largar\u00e1 16\u00b0 en el GP de Estados Unidos - Diario Textual","robots":{"index":"index","follow":"follow","max-snippet":"max-snippet:-1","max-image-preview":"max-image-preview:large","max-video-preview":"max-video-preview:-1"},"canonical":"https:\/\/diariotextual.com\/inicio\/index.php\/2024\/10\/19\/franco-colapinto-no-pudo-clasificar-a-la-q2-y-largara-16-en-el-gp-de-estados-unidos\/","og_locale":"es_ES","og_type":"article","og_title":"Franco Colapinto no pudo clasificar a la Q2 y largar\u00e1 16\u00b0 en el GP de Estados Unidos - Diario Textual","og_description":"El piloto argentino de F\u00f3rmula 1, Franco Colapinto, no pudo clasificar a la Q2 y largar\u00e1 en la decimosexta posici\u00f3n en el Gran Premio de Estados Unidos. Colapinto, que corre&hellip;","og_url":"https:\/\/diariotextual.com\/inicio\/index.php\/2024\/10\/19\/franco-colapinto-no-pudo-clasificar-a-la-q2-y-largara-16-en-el-gp-de-estados-unidos\/","og_site_name":"Diario Textual","article_publisher":"https:\/\/www.facebook.com\/eltextual","article_published_time":"2024-10-19T23:22:31+00:00","article_modified_time":"2024-10-20T10:56:43+00:00","og_image":[{"width":789,"height":442,"url":"https:\/\/diariotextual.com\/inicio\/wp-content\/uploads\/2024\/08\/colapintoautof12024.jpg","type":"image\/jpeg"}],"author":"Diario1 Diario1","twitter_card":"summary_large_image","twitter_creator":"@eltextual","twitter_site":"@eltextual","twitter_misc":{"Escrito por":"Diario1 Diario1","Tiempo de lectura":"3 minutos"},"schema":{"@context":"https:\/\/schema.org","@graph":[{"@type":"Article","@id":"https:\/\/diariotextual.com\/inicio\/index.php\/2024\/10\/19\/franco-colapinto-no-pudo-clasificar-a-la-q2-y-largara-16-en-el-gp-de-estados-unidos\/#article","isPartOf":{"@id":"https:\/\/diariotextual.com\/inicio\/index.php\/2024\/10\/19\/franco-colapinto-no-pudo-clasificar-a-la-q2-y-largara-16-en-el-gp-de-estados-unidos\/"},"author":{"name":"Diario1 Diario1","@id":"https:\/\/diariotextual.com\/inicio\/#\/schema\/person\/418fc4093c33e86ed41562db3508f958"},"headline":"Franco Colapinto no pudo clasificar a la Q2 y largar\u00e1 16\u00b0 en el GP de Estados Unidos","datePublished":"2024-10-19T23:22:31+00:00","dateModified":"2024-10-20T10:56:43+00:00","mainEntityOfPage":{"@id":"https:\/\/diariotextual.com\/inicio\/index.php\/2024\/10\/19\/franco-colapinto-no-pudo-clasificar-a-la-q2-y-largara-16-en-el-gp-de-estados-unidos\/"},"wordCount":406,"publisher":{"@id":"https:\/\/diariotextual.com\/inicio\/#organization"},"image":{"@id":"https:\/\/diariotextual.com\/inicio\/index.php\/2024\/10\/19\/franco-colapinto-no-pudo-clasificar-a-la-q2-y-largara-16-en-el-gp-de-estados-unidos\/#primaryimage"},"thumbnailUrl":"https:\/\/diariotextual.com\/inicio\/wp-content\/uploads\/2024\/08\/colapintoautof12024.jpg","articleSection":["A - ES NOTICIA (van abajo)","DEPORTES"],"inLanguage":"es"},{"@type":"WebPage","@id":"https:\/\/diariotextual.com\/inicio\/index.php\/2024\/10\/19\/franco-colapinto-no-pudo-clasificar-a-la-q2-y-largara-16-en-el-gp-de-estados-unidos\/","url":"https:\/\/diariotextual.com\/inicio\/index.php\/2024\/10\/19\/franco-colapinto-no-pudo-clasificar-a-la-q2-y-largara-16-en-el-gp-de-estados-unidos\/","name":"Franco Colapinto no pudo clasificar a la Q2 y largar\u00e1 16\u00b0 en el GP de Estados Unidos - Diario Textual","isPartOf":{"@id":"https:\/\/diariotextual.com\/inicio\/#website"},"primaryImageOfPage":{"@id":"https:\/\/diariotextual.com\/inicio\/index.php\/2024\/10\/19\/franco-colapinto-no-pudo-clasificar-a-la-q2-y-largara-16-en-el-gp-de-estados-unidos\/#primaryimage"},"image":{"@id":"https:\/\/diariotextual.com\/inicio\/index.php\/2024\/10\/19\/franco-colapinto-no-pudo-clasificar-a-la-q2-y-largara-16-en-el-gp-de-estados-unidos\/#primaryimage"},"thumbnailUrl":"https:\/\/diariotextual.com\/inicio\/wp-content\/uploads\/2024\/08\/colapintoautof12024.jpg","datePublished":"2024-10-19T23:22:31+00:00","dateModified":"2024-10-20T10:56:43+00:00","breadcrumb":{"@id":"https:\/\/diariotextual.com\/inicio\/index.php\/2024\/10\/19\/franco-colapinto-no-pudo-clasificar-a-la-q2-y-largara-16-en-el-gp-de-estados-unidos\/#breadcrumb"},"inLanguage":"es","potentialAction":[{"@type":"ReadAction","target":["https:\/\/diariotextual.com\/inicio\/index.php\/2024\/10\/19\/franco-colapinto-no-pudo-clasificar-a-la-q2-y-largara-16-en-el-gp-de-estados-unidos\/"]}]},{"@type":"ImageObject","inLanguage":"es","@id":"https:\/\/diariotextual.com\/inicio\/index.php\/2024\/10\/19\/franco-colapinto-no-pudo-clasificar-a-la-q2-y-largara-16-en-el-gp-de-estados-unidos\/#primaryimage","url":"https:\/\/diariotextual.com\/inicio\/wp-content\/uploads\/2024\/08\/colapintoautof12024.jpg","contentUrl":"https:\/\/diariotextual.com\/inicio\/wp-content\/uploads\/2024\/08\/colapintoautof12024.jpg","width":789,"height":442},{"@type":"BreadcrumbList","@id":"https:\/\/diariotextual.com\/inicio\/index.php\/2024\/10\/19\/franco-colapinto-no-pudo-clasificar-a-la-q2-y-largara-16-en-el-gp-de-estados-unidos\/#breadcrumb","itemListElement":[{"@type":"ListItem","position":1,"name":"Portada","item":"https:\/\/diariotextual.com\/inicio\/"},{"@type":"ListItem","position":2,"name":"Franco Colapinto no pudo clasificar a la Q2 y largar\u00e1 16\u00b0 en el GP de Estados Unidos"}]},{"@type":"WebSite","@id":"https:\/\/diariotextual.com\/inicio\/#website","url":"https:\/\/diariotextual.com\/inicio\/","name":"Diario Textual","description":"","publisher":{"@id":"https:\/\/diariotextual.com\/inicio\/#organization"},"potentialAction":[{"@type":"SearchAction","target":{"@type":"EntryPoint","urlTemplate":"https:\/\/diariotextual.com\/inicio\/?s={search_term_string}"},"query-input":{"@type":"PropertyValueSpecification","valueRequired":true,"valueName":"search_term_string"}}],"inLanguage":"es"},{"@type":"Organization","@id":"https:\/\/diariotextual.com\/inicio\/#organization","name":"Diario Textual","url":"https:\/\/diariotextual.com\/inicio\/","logo":{"@type":"ImageObject","inLanguage":"es","@id":"https:\/\/diariotextual.com\/inicio\/#\/schema\/logo\/image\/","url":"https:\/\/diariotextual.com\/inicio\/wp-content\/uploads\/2023\/05\/logotextual1.jpg","contentUrl":"https:\/\/diariotextual.com\/inicio\/wp-content\/uploads\/2023\/05\/logotextual1.jpg","width":516,"height":76,"caption":"Diario Textual"},"image":{"@id":"https:\/\/diariotextual.com\/inicio\/#\/schema\/logo\/image\/"},"sameAs":["https:\/\/www.facebook.com\/eltextual","https:\/\/x.com\/eltextual","http:\/\/www.instagram.com\/eltextual"]},{"@type":"Person","@id":"https:\/\/diariotextual.com\/inicio\/#\/schema\/person\/418fc4093c33e86ed41562db3508f958","name":"Diario1 Diario1","image":{"@type":"ImageObject","inLanguage":"es","@id":"https:\/\/secure.gravatar.com\/avatar\/9167d280179c85bc18be67aa7eda765854300033af4896dd779b608640f2ef7a?s=96&d=mm&r=g","url":"https:\/\/secure.gravatar.com\/avatar\/9167d280179c85bc18be67aa7eda765854300033af4896dd779b608640f2ef7a?s=96&d=mm&r=g","contentUrl":"https:\/\/secure.gravatar.com\/avatar\/9167d280179c85bc18be67aa7eda765854300033af4896dd779b608640f2ef7a?s=96&d=mm&r=g","caption":"Diario1 Diario1"},"url":"https:\/\/diariotextual.com\/inicio\/index.php\/author\/diario1\/"}]}},"_links":{"self":[{"href":"https:\/\/diariotextual.com\/inicio\/index.php\/wp-json\/wp\/v2\/posts\/278859","targetHints":{"allow":["GET"]}}],"collection":[{"href":"https:\/\/diariotextual.com\/inicio\/index.php\/wp-json\/wp\/v2\/posts"}],"about":[{"href":"https:\/\/diariotextual.com\/inicio\/index.php\/wp-json\/wp\/v2\/types\/post"}],"author":[{"embeddable":true,"href":"https:\/\/diariotextual.com\/inicio\/index.php\/wp-json\/wp\/v2\/users\/3"}],"replies":[{"embeddable":true,"href":"https:\/\/diariotextual.com\/inicio\/index.php\/wp-json\/wp\/v2\/comments?post=278859"}],"version-history":[{"count":3,"href":"https:\/\/diariotextual.com\/inicio\/index.php\/wp-json\/wp\/v2\/posts\/278859\/revisions"}],"predecessor-version":[{"id":278862,"href":"https:\/\/diariotextual.com\/inicio\/index.php\/wp-json\/wp\/v2\/posts\/278859\/revisions\/278862"}],"wp:featuredmedia":[{"embeddable":true,"href":"https:\/\/diariotextual.com\/inicio\/index.php\/wp-json\/wp\/v2\/media\/274103"}],"wp:attachment":[{"href":"https:\/\/diariotextual.com\/inicio\/index.php\/wp-json\/wp\/v2\/media?parent=278859"}],"wp:term":[{"taxonomy":"category","embeddable":true,"href":"https:\/\/diariotextual.com\/inicio\/index.php\/wp-json\/wp\/v2\/categories?post=278859"},{"taxonomy":"post_tag","embeddable":true,"href":"https:\/\/diariotextual.com\/inicio\/index.php\/wp-json\/wp\/v2\/tags?post=278859"}],"curies":[{"name":"wp","href":"https:\/\/api.w.org\/{rel}","templated":true}]}}