{"id":27934,"date":"2018-11-20T09:59:45","date_gmt":"2018-11-20T12:59:45","guid":{"rendered":"http:\/\/diariotextual.com\/inicio\/?p=27934"},"modified":"2018-11-21T08:20:58","modified_gmt":"2018-11-21T11:20:58","slug":"trata-macachin-empezo-juicio-intendente-cabak-mantuvo-silencio","status":"publish","type":"post","link":"https:\/\/diariotextual.com\/inicio\/index.php\/2018\/11\/20\/trata-macachin-empezo-juicio-intendente-cabak-mantuvo-silencio\/","title":{"rendered":"Trata en Macach\u00edn: empez\u00f3 el juicio y el intendente Cabak mantuvo el silencio"},"content":{"rendered":"<p>El Tribunal Oral Federal de Santa Rosa comenz\u00f3 este martes el juicio al intendente de Macach\u00edn,\u00a0<strong>Jorge Cabak (PJ)<\/strong>, por los casos de trata de personas en el prost\u00edbulo<strong>\u00a0La Chicho Show<\/strong>. Una novedad: en la investigaci\u00f3n<strong> se hicieron escuchas telef\u00f3nicas, con indicios de los delitos cometidos, pero los 36 cassettes se \u00abperdieron\u00bb<\/strong> y nadie sabe d\u00f3nde est\u00e1n.<\/p>\n<p>El jefe comunal no es el \u00fanico imputado. Hay otros seis, entre ellos el comisario mayor Hugo Iglesias. \u00abPor consejo de mi defensora (Mirta Brown), no voy a declarar por el momento\u00bb, dijo el jefe comunal ante los jueces.<\/p>\n<p>Cabak y el excomisario del pueblo Hugo Mario Iglesias est\u00e1n acusados de los delitos de <strong>incumplimientos de los deberes de funcionario p\u00fablico y de part\u00edcipes necesarios del delito de trata de personas con fines de explotaci\u00f3n sexual<\/strong>.<\/p>\n<p>Otro de los principales acusados es el due\u00f1o del prost\u00edbulo, <strong>Luis Daniel De Luca<\/strong> -hoy radicado en Mar del Plata y con una agencia de quiniela-. Tambi\u00e9n est\u00e1n en el banquillo Esmundo \u00abDito\u00bb Blas -exconcejal de Macach\u00edn y actualmente residiendo en Bol\u00edvar, donde tiene un restaurante- y Leandro Otero -transportista de Macach\u00edn- como coautores junto a De Luca de los delitos de trata con fines de la explotaci\u00f3n sexual.<\/p>\n<p>Maximiliano De Luca -hijo de Luis Daniel, que trabaja en Mar del Plata- y Oscar Moya -remisero de la localidad-, en tanto, est\u00e1n imputados como part\u00edcipes necesarios del delito de trata.<\/p>\n<p>La Chicho Show es un recordado prost\u00edbulo que funcion\u00f3 hasta 2011. Era propiedad de De Luca, junto a otros socios. All\u00ed, incluso, hace un a\u00f1o se realiz\u00f3 una excavaci\u00f3n en b\u00fasqueda de posibles restos de Marita Ver\u00f3n, la joven tucumana que cay\u00f3 en manos de una red de trata y permanece desaparecida.<\/p>\n<p>&nbsp;<\/p>\n<p><strong>Las acusaciones a Cabak e Iglesias<\/strong><\/p>\n<p>La Fiscal\u00eda Federal de Santa Rosa acus\u00f3 a<strong>\u00a0Cabak y a Iglesias de dar protecci\u00f3n a una banda dedicada a la explotaci\u00f3n de mujeres<\/strong>\u00a0en situaci\u00f3n de vulnerabilidad en el prost\u00edbulo.<\/p>\n<p>\u00bfDe qu\u00e9 acus\u00f3 al jefe comunal del peronismo? \u201cConociendo cabalmente lo que suced\u00eda en el local nocturno \u2018La Chicho Show\u2019, no solo mantuvo la habilitaci\u00f3n municipal sin realizar gesti\u00f3n alguna para que fuera revocada, sino que adem\u00e1s no vet\u00f3 el art\u00edculo 2\u00b0 de la Ordenanza 446\/09, lo que le permiti\u00f3 a los due\u00f1os del mismo seguir con la actividad que all\u00ed se desarrollaba y rubric\u00f3 con su firma las libretas sanitarias de las mujeres prostituidas en ese lugar\u201d, dijo la fiscal\u00eda. \u201cCon todo ello,<strong>\u00a0Cabak realiz\u00f3 un aporte esencial a la consumaci\u00f3n del delito aqu\u00ed investigado, pues con su accionar otorg\u00f3 a sus autores un manto aparente de legalidad bajo el cual desenvolverse<\/strong>\u201d.<\/p>\n<p>Tambi\u00e9n asegur\u00f3 que Iglesias conoc\u00eda \u201cla actividad de prostituci\u00f3n\u201d que se desarrollaba en La Chicho Show. Eso, dijo, se ha demostrado a trav\u00e9s del contenido de los di\u00e1logos telef\u00f3nicos y tambi\u00e9n en los dichos de Cabak. \u201cSe comunicaba asiduamente con el comisario Iglesias ya que \u00e9ste le avisaba cada vez que fichaba a una mujer, para que \u00e9sta prosiguiera el tr\u00e1mite en la Municipalidad y de los propios dichos de Iglesias puesto que afirm\u00f3 haber realizado controles pr\u00e1cticamente diarios en el cabar\u00e9 sin advertir anormalidad alguna o que all\u00ed hubiera prostituci\u00f3n\u201d, dijo.<\/p>\n<p>\u201cA la luz de las constancias asentadas en el acta de allanamiento, relativas a las condiciones edilicias y de funcionamiento de \u2018La Chicho Show\u2019 en particular, la existencia de habitaciones contiguas al local comercial que, evidentemente, eran utilizadas para la realizaci\u00f3n de los denominados en la jerga \u2018pases\u2019 cabe preguntarse \u00bfpor qu\u00e9 nunca se inform\u00f3 a la autoridad judicial sobre la situaci\u00f3n de prostituci\u00f3n bajo las cuales estaban las mujeres que all\u00ed se encontraban, cuando, por lo menos, ello representaba una infracci\u00f3n a la ley 12.331? La respuesta, en base a la prueba colectada y antes expuesta, no es otra que la connivencia de Iglesias\u201d, manifest\u00f3.<\/p>\n<p>&nbsp;<\/p>\n<p><strong>Testigos<\/strong><\/p>\n<p>La primera testigo en declarar fue la subcomisaria <strong>Mar\u00eda Bel\u00e9n P\u00e9rez Fassi<\/strong>. Dijo que, cuando trabajaba en la Brigada de Investigaciones de la Unidad Regional I, se acerc\u00f3 una persona que los alert\u00f3 de la trata en Macach\u00edn y otras localidades, donde \u00abrotaban\u00bb a mujeres del pa\u00eds y extranjeras para explotarlas. Incluso coment\u00f3 que hab\u00eda menores de entre 15 y 17 a\u00f1os, a las que prostitu\u00edan en casas de Macach\u00edn. \u00abMe dijo que por los controles, a las menores no las ten\u00edan en La Chicho Show\u00bb, expres\u00f3.<\/p>\n<p>Finalmente allanaron el lugar a fines de 2011. Dijo que en el predio -de poco m\u00e1s de una hect\u00e1rea- se encontraba el local nocturna, la casa de las chicas explotadas y las viviendas del due\u00f1o y del encargado. Tambi\u00e9n hab\u00eda un stud.<\/p>\n<p>\u00abAl momento del allanamiento, no hab\u00eda ninguna chica. Hab\u00eda cerrado unas semanas antes\u00bb, sostuvo. Dijo que encontraron profil\u00e1cticos y libretas sanitarias.<\/p>\n<p>Sostuvo que, en otros controles, pudieron entrevistarse con las j\u00f3venes. \u00abAlgunas nos dijeron que hab\u00edan estado en otros locales de Delucca, en Salliquel\u00f3 y Guamin\u00ed\u00bb, dijo. Tambi\u00e9n ten\u00eda locales en Pigu\u00e9 y Guatrach\u00e9.<\/p>\n<p>\u00abEllas dec\u00edan que eran coperas. Que los clientes le pagaban la copa. Ninguna refiri\u00f3 de las relaciones sexuales\u00bb, sostuvo.<\/p>\n<p>Hay otro dato: se hicieron escuchas telef\u00f3nicas, pero los 36 cassettes se perdieron. Solo quedaron constancias por escrito. \u00abYo a los cassettes los envi\u00e9 al Juzgado Federal\u00bb, dijo P\u00e9rez Fassi. Sin embargo en el Juzgado Federal dijeron no recibir los cassettes: no tienen constancia en los cuadernos de recibo.<\/p>\n<p>A su vez, luego declar\u00f3 el comisario Carlos Chico, jefe de la Brigada de Investigaciones en 2011. El jefe policial dijo que el mismo Iglesias le hab\u00eda comentado que el cabaret era de De Luca pero estaba a nombre de un testaferro. \u00abEra como una pantalla\u00bb, dijo.<\/p>\n<p>&nbsp;<\/p>\n<p>&nbsp;<\/p>\n<p>&nbsp;<\/p>\n<p>&nbsp;<\/p>\n","protected":false},"excerpt":{"rendered":"<p>El Tribunal Oral Federal de Santa Rosa comenz\u00f3 este martes el juicio al intendente de Macach\u00edn,\u00a0Jorge Cabak (PJ), por los casos de trata de personas en el prost\u00edbulo\u00a0La Chicho Show.&hellip;<\/p>\n","protected":false},"author":3,"featured_media":27991,"comment_status":"closed","ping_status":"open","sticky":false,"template":"","format":"standard","meta":{"_acf_changed":false,"footnotes":""},"categories":[4,319,12],"tags":[],"class_list":["post-27934","post","type-post","status-publish","format-standard","has-post-thumbnail","hentry","category-destacadas","category-a-temporales","category-sociedad"],"acf":[],"yoast_head":"<!-- This site is optimized with the Yoast SEO plugin v27.5 - https:\/\/yoast.com\/product\/yoast-seo-wordpress\/ -->\n<title>Trata en Macach\u00edn: empez\u00f3 el juicio y el intendente Cabak mantuvo el silencio - Diario Textual<\/title>\n<meta name=\"robots\" content=\"index, follow, max-snippet:-1, max-image-preview:large, max-video-preview:-1\" \/>\n<link rel=\"canonical\" href=\"https:\/\/diariotextual.com\/inicio\/index.php\/2018\/11\/20\/trata-macachin-empezo-juicio-intendente-cabak-mantuvo-silencio\/\" \/>\n<meta property=\"og:locale\" content=\"es_ES\" \/>\n<meta property=\"og:type\" content=\"article\" \/>\n<meta property=\"og:title\" content=\"Trata en Macach\u00edn: empez\u00f3 el juicio y el intendente Cabak mantuvo el silencio - Diario Textual\" \/>\n<meta property=\"og:description\" content=\"El Tribunal Oral Federal de Santa Rosa comenz\u00f3 este martes el juicio al intendente de Macach\u00edn,\u00a0Jorge Cabak (PJ), por los casos de trata de personas en el prost\u00edbulo\u00a0La Chicho Show.&hellip;\" \/>\n<meta property=\"og:url\" content=\"https:\/\/diariotextual.com\/inicio\/index.php\/2018\/11\/20\/trata-macachin-empezo-juicio-intendente-cabak-mantuvo-silencio\/\" \/>\n<meta property=\"og:site_name\" content=\"Diario Textual\" \/>\n<meta property=\"article:publisher\" content=\"https:\/\/www.facebook.com\/eltextual\" \/>\n<meta property=\"article:published_time\" content=\"2018-11-20T12:59:45+00:00\" \/>\n<meta property=\"article:modified_time\" content=\"2018-11-21T11:20:58+00:00\" \/>\n<meta property=\"og:image\" content=\"https:\/\/diariotextual.com\/inicio\/wp-content\/uploads\/2018\/11\/lachichoshowjuiciocabak2018-1.jpg\" \/>\n\t<meta property=\"og:image:width\" content=\"1199\" \/>\n\t<meta property=\"og:image:height\" content=\"849\" \/>\n\t<meta property=\"og:image:type\" content=\"image\/jpeg\" \/>\n<meta name=\"author\" content=\"Diario1 Diario1\" \/>\n<meta name=\"twitter:card\" content=\"summary_large_image\" \/>\n<meta name=\"twitter:creator\" content=\"@eltextual\" \/>\n<meta name=\"twitter:site\" content=\"@eltextual\" \/>\n<meta name=\"twitter:label1\" content=\"Escrito por\" \/>\n\t<meta name=\"twitter:data1\" content=\"Diario1 Diario1\" \/>\n\t<meta name=\"twitter:label2\" content=\"Tiempo de lectura\" \/>\n\t<meta name=\"twitter:data2\" content=\"5 minutos\" \/>\n<script type=\"application\/ld+json\" class=\"yoast-schema-graph\">{\"@context\":\"https:\\\/\\\/schema.org\",\"@graph\":[{\"@type\":\"Article\",\"@id\":\"https:\\\/\\\/diariotextual.com\\\/inicio\\\/index.php\\\/2018\\\/11\\\/20\\\/trata-macachin-empezo-juicio-intendente-cabak-mantuvo-silencio\\\/#article\",\"isPartOf\":{\"@id\":\"https:\\\/\\\/diariotextual.com\\\/inicio\\\/index.php\\\/2018\\\/11\\\/20\\\/trata-macachin-empezo-juicio-intendente-cabak-mantuvo-silencio\\\/\"},\"author\":{\"name\":\"Diario1 Diario1\",\"@id\":\"https:\\\/\\\/diariotextual.com\\\/inicio\\\/#\\\/schema\\\/person\\\/418fc4093c33e86ed41562db3508f958\"},\"headline\":\"Trata en Macach\u00edn: empez\u00f3 el juicio y el intendente Cabak mantuvo el silencio\",\"datePublished\":\"2018-11-20T12:59:45+00:00\",\"dateModified\":\"2018-11-21T11:20:58+00:00\",\"mainEntityOfPage\":{\"@id\":\"https:\\\/\\\/diariotextual.com\\\/inicio\\\/index.php\\\/2018\\\/11\\\/20\\\/trata-macachin-empezo-juicio-intendente-cabak-mantuvo-silencio\\\/\"},\"wordCount\":1021,\"publisher\":{\"@id\":\"https:\\\/\\\/diariotextual.com\\\/inicio\\\/#organization\"},\"image\":{\"@id\":\"https:\\\/\\\/diariotextual.com\\\/inicio\\\/index.php\\\/2018\\\/11\\\/20\\\/trata-macachin-empezo-juicio-intendente-cabak-mantuvo-silencio\\\/#primaryimage\"},\"thumbnailUrl\":\"https:\\\/\\\/diariotextual.com\\\/inicio\\\/wp-content\\\/uploads\\\/2018\\\/11\\\/lachichoshowjuiciocabak2018-1.jpg\",\"articleSection\":[\"A - DESTACADAS (mod 16)\",\"A - TEMPORALES\",\"SOCIEDAD\"],\"inLanguage\":\"es\"},{\"@type\":\"WebPage\",\"@id\":\"https:\\\/\\\/diariotextual.com\\\/inicio\\\/index.php\\\/2018\\\/11\\\/20\\\/trata-macachin-empezo-juicio-intendente-cabak-mantuvo-silencio\\\/\",\"url\":\"https:\\\/\\\/diariotextual.com\\\/inicio\\\/index.php\\\/2018\\\/11\\\/20\\\/trata-macachin-empezo-juicio-intendente-cabak-mantuvo-silencio\\\/\",\"name\":\"Trata en Macach\u00edn: empez\u00f3 el juicio y el intendente Cabak mantuvo el silencio - Diario Textual\",\"isPartOf\":{\"@id\":\"https:\\\/\\\/diariotextual.com\\\/inicio\\\/#website\"},\"primaryImageOfPage\":{\"@id\":\"https:\\\/\\\/diariotextual.com\\\/inicio\\\/index.php\\\/2018\\\/11\\\/20\\\/trata-macachin-empezo-juicio-intendente-cabak-mantuvo-silencio\\\/#primaryimage\"},\"image\":{\"@id\":\"https:\\\/\\\/diariotextual.com\\\/inicio\\\/index.php\\\/2018\\\/11\\\/20\\\/trata-macachin-empezo-juicio-intendente-cabak-mantuvo-silencio\\\/#primaryimage\"},\"thumbnailUrl\":\"https:\\\/\\\/diariotextual.com\\\/inicio\\\/wp-content\\\/uploads\\\/2018\\\/11\\\/lachichoshowjuiciocabak2018-1.jpg\",\"datePublished\":\"2018-11-20T12:59:45+00:00\",\"dateModified\":\"2018-11-21T11:20:58+00:00\",\"breadcrumb\":{\"@id\":\"https:\\\/\\\/diariotextual.com\\\/inicio\\\/index.php\\\/2018\\\/11\\\/20\\\/trata-macachin-empezo-juicio-intendente-cabak-mantuvo-silencio\\\/#breadcrumb\"},\"inLanguage\":\"es\",\"potentialAction\":[{\"@type\":\"ReadAction\",\"target\":[\"https:\\\/\\\/diariotextual.com\\\/inicio\\\/index.php\\\/2018\\\/11\\\/20\\\/trata-macachin-empezo-juicio-intendente-cabak-mantuvo-silencio\\\/\"]}]},{\"@type\":\"ImageObject\",\"inLanguage\":\"es\",\"@id\":\"https:\\\/\\\/diariotextual.com\\\/inicio\\\/index.php\\\/2018\\\/11\\\/20\\\/trata-macachin-empezo-juicio-intendente-cabak-mantuvo-silencio\\\/#primaryimage\",\"url\":\"https:\\\/\\\/diariotextual.com\\\/inicio\\\/wp-content\\\/uploads\\\/2018\\\/11\\\/lachichoshowjuiciocabak2018-1.jpg\",\"contentUrl\":\"https:\\\/\\\/diariotextual.com\\\/inicio\\\/wp-content\\\/uploads\\\/2018\\\/11\\\/lachichoshowjuiciocabak2018-1.jpg\",\"width\":1199,\"height\":849},{\"@type\":\"BreadcrumbList\",\"@id\":\"https:\\\/\\\/diariotextual.com\\\/inicio\\\/index.php\\\/2018\\\/11\\\/20\\\/trata-macachin-empezo-juicio-intendente-cabak-mantuvo-silencio\\\/#breadcrumb\",\"itemListElement\":[{\"@type\":\"ListItem\",\"position\":1,\"name\":\"Portada\",\"item\":\"https:\\\/\\\/diariotextual.com\\\/inicio\\\/\"},{\"@type\":\"ListItem\",\"position\":2,\"name\":\"Trata en Macach\u00edn: empez\u00f3 el juicio y el intendente Cabak mantuvo el silencio\"}]},{\"@type\":\"WebSite\",\"@id\":\"https:\\\/\\\/diariotextual.com\\\/inicio\\\/#website\",\"url\":\"https:\\\/\\\/diariotextual.com\\\/inicio\\\/\",\"name\":\"Diario Textual\",\"description\":\"\",\"publisher\":{\"@id\":\"https:\\\/\\\/diariotextual.com\\\/inicio\\\/#organization\"},\"potentialAction\":[{\"@type\":\"SearchAction\",\"target\":{\"@type\":\"EntryPoint\",\"urlTemplate\":\"https:\\\/\\\/diariotextual.com\\\/inicio\\\/?s={search_term_string}\"},\"query-input\":{\"@type\":\"PropertyValueSpecification\",\"valueRequired\":true,\"valueName\":\"search_term_string\"}}],\"inLanguage\":\"es\"},{\"@type\":\"Organization\",\"@id\":\"https:\\\/\\\/diariotextual.com\\\/inicio\\\/#organization\",\"name\":\"Diario Textual\",\"url\":\"https:\\\/\\\/diariotextual.com\\\/inicio\\\/\",\"logo\":{\"@type\":\"ImageObject\",\"inLanguage\":\"es\",\"@id\":\"https:\\\/\\\/diariotextual.com\\\/inicio\\\/#\\\/schema\\\/logo\\\/image\\\/\",\"url\":\"https:\\\/\\\/diariotextual.com\\\/inicio\\\/wp-content\\\/uploads\\\/2023\\\/05\\\/logotextual1.jpg\",\"contentUrl\":\"https:\\\/\\\/diariotextual.com\\\/inicio\\\/wp-content\\\/uploads\\\/2023\\\/05\\\/logotextual1.jpg\",\"width\":516,\"height\":76,\"caption\":\"Diario Textual\"},\"image\":{\"@id\":\"https:\\\/\\\/diariotextual.com\\\/inicio\\\/#\\\/schema\\\/logo\\\/image\\\/\"},\"sameAs\":[\"https:\\\/\\\/www.facebook.com\\\/eltextual\",\"https:\\\/\\\/x.com\\\/eltextual\",\"http:\\\/\\\/www.instagram.com\\\/eltextual\"]},{\"@type\":\"Person\",\"@id\":\"https:\\\/\\\/diariotextual.com\\\/inicio\\\/#\\\/schema\\\/person\\\/418fc4093c33e86ed41562db3508f958\",\"name\":\"Diario1 Diario1\",\"image\":{\"@type\":\"ImageObject\",\"inLanguage\":\"es\",\"@id\":\"https:\\\/\\\/secure.gravatar.com\\\/avatar\\\/9167d280179c85bc18be67aa7eda765854300033af4896dd779b608640f2ef7a?s=96&d=mm&r=g\",\"url\":\"https:\\\/\\\/secure.gravatar.com\\\/avatar\\\/9167d280179c85bc18be67aa7eda765854300033af4896dd779b608640f2ef7a?s=96&d=mm&r=g\",\"contentUrl\":\"https:\\\/\\\/secure.gravatar.com\\\/avatar\\\/9167d280179c85bc18be67aa7eda765854300033af4896dd779b608640f2ef7a?s=96&d=mm&r=g\",\"caption\":\"Diario1 Diario1\"},\"url\":\"https:\\\/\\\/diariotextual.com\\\/inicio\\\/index.php\\\/author\\\/diario1\\\/\"}]}<\/script>\n<!-- \/ Yoast SEO plugin. -->","yoast_head_json":{"title":"Trata en Macach\u00edn: empez\u00f3 el juicio y el intendente Cabak mantuvo el silencio - Diario Textual","robots":{"index":"index","follow":"follow","max-snippet":"max-snippet:-1","max-image-preview":"max-image-preview:large","max-video-preview":"max-video-preview:-1"},"canonical":"https:\/\/diariotextual.com\/inicio\/index.php\/2018\/11\/20\/trata-macachin-empezo-juicio-intendente-cabak-mantuvo-silencio\/","og_locale":"es_ES","og_type":"article","og_title":"Trata en Macach\u00edn: empez\u00f3 el juicio y el intendente Cabak mantuvo el silencio - Diario Textual","og_description":"El Tribunal Oral Federal de Santa Rosa comenz\u00f3 este martes el juicio al intendente de Macach\u00edn,\u00a0Jorge Cabak (PJ), por los casos de trata de personas en el prost\u00edbulo\u00a0La Chicho Show.&hellip;","og_url":"https:\/\/diariotextual.com\/inicio\/index.php\/2018\/11\/20\/trata-macachin-empezo-juicio-intendente-cabak-mantuvo-silencio\/","og_site_name":"Diario Textual","article_publisher":"https:\/\/www.facebook.com\/eltextual","article_published_time":"2018-11-20T12:59:45+00:00","article_modified_time":"2018-11-21T11:20:58+00:00","og_image":[{"width":1199,"height":849,"url":"https:\/\/diariotextual.com\/inicio\/wp-content\/uploads\/2018\/11\/lachichoshowjuiciocabak2018-1.jpg","type":"image\/jpeg"}],"author":"Diario1 Diario1","twitter_card":"summary_large_image","twitter_creator":"@eltextual","twitter_site":"@eltextual","twitter_misc":{"Escrito por":"Diario1 Diario1","Tiempo de lectura":"5 minutos"},"schema":{"@context":"https:\/\/schema.org","@graph":[{"@type":"Article","@id":"https:\/\/diariotextual.com\/inicio\/index.php\/2018\/11\/20\/trata-macachin-empezo-juicio-intendente-cabak-mantuvo-silencio\/#article","isPartOf":{"@id":"https:\/\/diariotextual.com\/inicio\/index.php\/2018\/11\/20\/trata-macachin-empezo-juicio-intendente-cabak-mantuvo-silencio\/"},"author":{"name":"Diario1 Diario1","@id":"https:\/\/diariotextual.com\/inicio\/#\/schema\/person\/418fc4093c33e86ed41562db3508f958"},"headline":"Trata en Macach\u00edn: empez\u00f3 el juicio y el intendente Cabak mantuvo el silencio","datePublished":"2018-11-20T12:59:45+00:00","dateModified":"2018-11-21T11:20:58+00:00","mainEntityOfPage":{"@id":"https:\/\/diariotextual.com\/inicio\/index.php\/2018\/11\/20\/trata-macachin-empezo-juicio-intendente-cabak-mantuvo-silencio\/"},"wordCount":1021,"publisher":{"@id":"https:\/\/diariotextual.com\/inicio\/#organization"},"image":{"@id":"https:\/\/diariotextual.com\/inicio\/index.php\/2018\/11\/20\/trata-macachin-empezo-juicio-intendente-cabak-mantuvo-silencio\/#primaryimage"},"thumbnailUrl":"https:\/\/diariotextual.com\/inicio\/wp-content\/uploads\/2018\/11\/lachichoshowjuiciocabak2018-1.jpg","articleSection":["A - DESTACADAS (mod 16)","A - TEMPORALES","SOCIEDAD"],"inLanguage":"es"},{"@type":"WebPage","@id":"https:\/\/diariotextual.com\/inicio\/index.php\/2018\/11\/20\/trata-macachin-empezo-juicio-intendente-cabak-mantuvo-silencio\/","url":"https:\/\/diariotextual.com\/inicio\/index.php\/2018\/11\/20\/trata-macachin-empezo-juicio-intendente-cabak-mantuvo-silencio\/","name":"Trata en Macach\u00edn: empez\u00f3 el juicio y el intendente Cabak mantuvo el silencio - Diario Textual","isPartOf":{"@id":"https:\/\/diariotextual.com\/inicio\/#website"},"primaryImageOfPage":{"@id":"https:\/\/diariotextual.com\/inicio\/index.php\/2018\/11\/20\/trata-macachin-empezo-juicio-intendente-cabak-mantuvo-silencio\/#primaryimage"},"image":{"@id":"https:\/\/diariotextual.com\/inicio\/index.php\/2018\/11\/20\/trata-macachin-empezo-juicio-intendente-cabak-mantuvo-silencio\/#primaryimage"},"thumbnailUrl":"https:\/\/diariotextual.com\/inicio\/wp-content\/uploads\/2018\/11\/lachichoshowjuiciocabak2018-1.jpg","datePublished":"2018-11-20T12:59:45+00:00","dateModified":"2018-11-21T11:20:58+00:00","breadcrumb":{"@id":"https:\/\/diariotextual.com\/inicio\/index.php\/2018\/11\/20\/trata-macachin-empezo-juicio-intendente-cabak-mantuvo-silencio\/#breadcrumb"},"inLanguage":"es","potentialAction":[{"@type":"ReadAction","target":["https:\/\/diariotextual.com\/inicio\/index.php\/2018\/11\/20\/trata-macachin-empezo-juicio-intendente-cabak-mantuvo-silencio\/"]}]},{"@type":"ImageObject","inLanguage":"es","@id":"https:\/\/diariotextual.com\/inicio\/index.php\/2018\/11\/20\/trata-macachin-empezo-juicio-intendente-cabak-mantuvo-silencio\/#primaryimage","url":"https:\/\/diariotextual.com\/inicio\/wp-content\/uploads\/2018\/11\/lachichoshowjuiciocabak2018-1.jpg","contentUrl":"https:\/\/diariotextual.com\/inicio\/wp-content\/uploads\/2018\/11\/lachichoshowjuiciocabak2018-1.jpg","width":1199,"height":849},{"@type":"BreadcrumbList","@id":"https:\/\/diariotextual.com\/inicio\/index.php\/2018\/11\/20\/trata-macachin-empezo-juicio-intendente-cabak-mantuvo-silencio\/#breadcrumb","itemListElement":[{"@type":"ListItem","position":1,"name":"Portada","item":"https:\/\/diariotextual.com\/inicio\/"},{"@type":"ListItem","position":2,"name":"Trata en Macach\u00edn: empez\u00f3 el juicio y el intendente Cabak mantuvo el silencio"}]},{"@type":"WebSite","@id":"https:\/\/diariotextual.com\/inicio\/#website","url":"https:\/\/diariotextual.com\/inicio\/","name":"Diario Textual","description":"","publisher":{"@id":"https:\/\/diariotextual.com\/inicio\/#organization"},"potentialAction":[{"@type":"SearchAction","target":{"@type":"EntryPoint","urlTemplate":"https:\/\/diariotextual.com\/inicio\/?s={search_term_string}"},"query-input":{"@type":"PropertyValueSpecification","valueRequired":true,"valueName":"search_term_string"}}],"inLanguage":"es"},{"@type":"Organization","@id":"https:\/\/diariotextual.com\/inicio\/#organization","name":"Diario Textual","url":"https:\/\/diariotextual.com\/inicio\/","logo":{"@type":"ImageObject","inLanguage":"es","@id":"https:\/\/diariotextual.com\/inicio\/#\/schema\/logo\/image\/","url":"https:\/\/diariotextual.com\/inicio\/wp-content\/uploads\/2023\/05\/logotextual1.jpg","contentUrl":"https:\/\/diariotextual.com\/inicio\/wp-content\/uploads\/2023\/05\/logotextual1.jpg","width":516,"height":76,"caption":"Diario Textual"},"image":{"@id":"https:\/\/diariotextual.com\/inicio\/#\/schema\/logo\/image\/"},"sameAs":["https:\/\/www.facebook.com\/eltextual","https:\/\/x.com\/eltextual","http:\/\/www.instagram.com\/eltextual"]},{"@type":"Person","@id":"https:\/\/diariotextual.com\/inicio\/#\/schema\/person\/418fc4093c33e86ed41562db3508f958","name":"Diario1 Diario1","image":{"@type":"ImageObject","inLanguage":"es","@id":"https:\/\/secure.gravatar.com\/avatar\/9167d280179c85bc18be67aa7eda765854300033af4896dd779b608640f2ef7a?s=96&d=mm&r=g","url":"https:\/\/secure.gravatar.com\/avatar\/9167d280179c85bc18be67aa7eda765854300033af4896dd779b608640f2ef7a?s=96&d=mm&r=g","contentUrl":"https:\/\/secure.gravatar.com\/avatar\/9167d280179c85bc18be67aa7eda765854300033af4896dd779b608640f2ef7a?s=96&d=mm&r=g","caption":"Diario1 Diario1"},"url":"https:\/\/diariotextual.com\/inicio\/index.php\/author\/diario1\/"}]}},"_links":{"self":[{"href":"https:\/\/diariotextual.com\/inicio\/index.php\/wp-json\/wp\/v2\/posts\/27934","targetHints":{"allow":["GET"]}}],"collection":[{"href":"https:\/\/diariotextual.com\/inicio\/index.php\/wp-json\/wp\/v2\/posts"}],"about":[{"href":"https:\/\/diariotextual.com\/inicio\/index.php\/wp-json\/wp\/v2\/types\/post"}],"author":[{"embeddable":true,"href":"https:\/\/diariotextual.com\/inicio\/index.php\/wp-json\/wp\/v2\/users\/3"}],"replies":[{"embeddable":true,"href":"https:\/\/diariotextual.com\/inicio\/index.php\/wp-json\/wp\/v2\/comments?post=27934"}],"version-history":[{"count":18,"href":"https:\/\/diariotextual.com\/inicio\/index.php\/wp-json\/wp\/v2\/posts\/27934\/revisions"}],"predecessor-version":[{"id":27993,"href":"https:\/\/diariotextual.com\/inicio\/index.php\/wp-json\/wp\/v2\/posts\/27934\/revisions\/27993"}],"wp:featuredmedia":[{"embeddable":true,"href":"https:\/\/diariotextual.com\/inicio\/index.php\/wp-json\/wp\/v2\/media\/27991"}],"wp:attachment":[{"href":"https:\/\/diariotextual.com\/inicio\/index.php\/wp-json\/wp\/v2\/media?parent=27934"}],"wp:term":[{"taxonomy":"category","embeddable":true,"href":"https:\/\/diariotextual.com\/inicio\/index.php\/wp-json\/wp\/v2\/categories?post=27934"},{"taxonomy":"post_tag","embeddable":true,"href":"https:\/\/diariotextual.com\/inicio\/index.php\/wp-json\/wp\/v2\/tags?post=27934"}],"curies":[{"name":"wp","href":"https:\/\/api.w.org\/{rel}","templated":true}]}}