{"id":279565,"date":"2024-10-27T10:10:09","date_gmt":"2024-10-27T13:10:09","guid":{"rendered":"https:\/\/diariotextual.com\/inicio\/?p=279565"},"modified":"2024-10-27T12:36:05","modified_gmt":"2024-10-27T15:36:05","slug":"maximo-kirchner-desmintio-a-quintela-dice-que-le-robaron-los-avales-chamuyo","status":"publish","type":"post","link":"https:\/\/diariotextual.com\/inicio\/index.php\/2024\/10\/27\/maximo-kirchner-desmintio-a-quintela-dice-que-le-robaron-los-avales-chamuyo\/","title":{"rendered":"M\u00e1ximo Kirchner desminti\u00f3 a Quintela: \u201cDice que le robaron los avales, \u00a1chamuyo!\u201d"},"content":{"rendered":"\n<p>El diputado de Uni\u00f3n por la Patria&nbsp;<strong>M\u00e1ximo Kirchner&nbsp;<\/strong>desminti\u00f3 al gobernador de La Rioja,<strong>&nbsp;Ricardo Quintela,<\/strong>&nbsp;quien competir\u00e1 contra la expresidenta Cristina Kirchner por la conducci\u00f3n del Partido Justicialista.<strong>&nbsp;\u201cDice que le robaron los avales, \u00a1chamuyo!\u201d, dijo.<\/strong><\/p>\n\n\n\n<p>\u201cGracias a Dios que Cristina (Kirchner) tiene ganas de caminar y de hacer y se pone a disposici\u00f3n del conjunto.&nbsp;<strong>Mientras el candidato de la otra lista, dice que le robaron los avales\u2026 \u00a1chamuyo!&nbsp;<\/strong>Dice que hace 7 meses ven\u00eda caminando y no tiene los avales\u201d, sentenci\u00f3 en un acto en Hurlingham, en el marco de la campa\u00f1a de Primero la Patria en respaldo a la candidatura la exvice.&nbsp;<\/p>\n\n\n\n<p><strong>\u201cDijo que iba a renunciar si ganaba Milei y no renunci\u00f3. Dijo que si iba Cristina, \u00e9l no iba a competir\u2026 \u00bfCu\u00e1ndo va a cumplir lo que promete?\u201d, se pregunt\u00f3.<\/strong><\/p>\n\n\n\n<p>Para M\u00e1ximo Kirchner, el gobernador riojano debe&nbsp;<strong>\u201ctranquilizarse, recuperar el eje, no decir barbaridades de otros compa\u00f1eros y mucho menos poner a tiro del partido judicial al PJ\u201d.<\/strong><\/p>\n\n\n\n<p>En otro pasaje de su exposici\u00f3n, insisti\u00f3 en la necesidad de que se celebren las internas del espacio, pese al pedido de Quintela para posponerlas. \u201cHay que asumir los desaf\u00edos de este tiempo, y quien mejor puede hacerlo es la compa\u00f1era Cristina (Kirchner).<strong>&nbsp;Ac\u00e1 queremos que se vote para que la compa\u00f1era quede al frente del Partido Justicialista \u00a1Miren si Cristina no va a querer que se vote!&nbsp;<\/strong>\u00bfAlguien lo puede entender?\u201d, sostuvo.<\/p>\n\n\n\n<p>Ante la militancia, M\u00e1ximo Kirchner pidi\u00f3 \u201cacompa\u00f1ar\u201d a la expresidenta al frente del PJ \u201cpara debatir el acuerdo con el FMI, la situaci\u00f3n de las universidades, el presupuesto\u201d mientras \u00abMilei se abraza con Elon Musk, tuitea todo el d\u00eda pero computadoras para los pibes que est\u00e1n estudiando, cero\u201d.<\/p>\n\n\n\n<p>\u201cCuando nosotros decimos \u2018la \u00fanica verdad es la realidad\u2019<strong>, la \u00fanica verdad es transformar la realidad de nuestra gente en el mayor de los sentidos<\/strong>. Hay que trabajar con ganas, con esperanza, pararse de manos en todas, prepararse, estudiar, eso es lo que tienen que hacer compa\u00f1eros y compa\u00f1eras\u201d, sostuvo.<\/p>\n\n\n\n<p>Asimismo, el titular de La C\u00e1mpora plante\u00f3 que la dirigencia pol\u00edtica \u201cno puede claudicar\u201d debido a que mantiene una responsabilidad ante la sociedad, y cuestion\u00f3 las medidas del presidente Javier Milei que cosechan el respaldo de varios referentes del peronismo, por lo que reforz\u00f3 la candidatura de la dirigente del peronismo.&nbsp;<\/p>\n\n\n\n<p><strong>\u201cEn esta situaci\u00f3n tan compleja que atravesamos uno se pregunta por qu\u00e9 la compa\u00f1era da un paso adelante, lo hace para tratar de recomponer un peronismo que nunca gobern\u00f3 tan pocas provincias a lo largo y a lo ancho de nuestra patria\u201d,<\/strong>&nbsp;insisti\u00f3 el legislador sobre su madre.<\/p>\n\n\n\n<p>Por su parte, plante\u00f3 que, si no se les ponen l\u00edmites a los poderes econ\u00f3micos de Milei, \u00abse van a llevar puesto al pueblo, se van a llevar puesto a cada argentino y argentina sin que se les caiga una l\u00e1grima y no haya un solo remordimiento en sus almas\u201d.&nbsp;<\/p>\n\n\n\n<p>\u201cVan reci\u00e9n 10 meses de 48. Si queremos poner l\u00edmites al desparpajo neoliberal y deshumanizante del presidente no solo tenemos que involucrarnos en las cooperativas, en las unidades b\u00e1sicas o donde nos sintamos representados, si no que va a haber que juntar una gran cantidad de voluntades para que la mayor\u00eda que hoy le permite al presidente vetar lo que hoy veta, no lo pueda hacer\u201d, plante\u00f3 el diputado al tiempo que propuso<strong>&nbsp;construir una fuerza pol\u00edtica que sume la mayor cantidad de legisladores.<\/strong><\/p>\n\n\n\n<p>Por \u00faltimo, de cara a los asistentes, M\u00e1ximo Kirchner pidi\u00f3 la atenci\u00f3n y la solidaridad de cada militante. \u201cNecesitamos pedirles que no pierdan la esperanza y que est\u00e9n atentos a estos temas porque cuantos m\u00e1s argentinos sepan m\u00e1s libertad van a tener<strong>. El pilar de la libertad es el conocimiento y la educaci\u00f3n<\/strong>\u201d, dijo.<\/p>\n\n\n\n<p><\/p>\n\n\n\n<p><\/p>\n","protected":false},"excerpt":{"rendered":"<p>El diputado de Uni\u00f3n por la Patria&nbsp;M\u00e1ximo Kirchner&nbsp;desminti\u00f3 al gobernador de La Rioja,&nbsp;Ricardo Quintela,&nbsp;quien competir\u00e1 contra la expresidenta Cristina Kirchner por la conducci\u00f3n del Partido Justicialista.&nbsp;\u201cDice que le robaron los&hellip;<\/p>\n","protected":false},"author":3,"featured_media":223070,"comment_status":"closed","ping_status":"open","sticky":false,"template":"","format":"standard","meta":{"_acf_changed":false,"footnotes":""},"categories":[4,8],"tags":[],"class_list":["post-279565","post","type-post","status-publish","format-standard","has-post-thumbnail","hentry","category-destacadas","category-politica"],"acf":[],"yoast_head":"<!-- This site is optimized with the Yoast SEO plugin v27.4 - https:\/\/yoast.com\/product\/yoast-seo-wordpress\/ -->\n<title>M\u00e1ximo Kirchner desminti\u00f3 a Quintela: \u201cDice que le robaron los avales, \u00a1chamuyo!\u201d - Diario Textual<\/title>\n<meta name=\"robots\" content=\"index, follow, max-snippet:-1, max-image-preview:large, max-video-preview:-1\" \/>\n<link rel=\"canonical\" href=\"https:\/\/diariotextual.com\/inicio\/index.php\/2024\/10\/27\/maximo-kirchner-desmintio-a-quintela-dice-que-le-robaron-los-avales-chamuyo\/\" \/>\n<meta property=\"og:locale\" content=\"es_ES\" \/>\n<meta property=\"og:type\" content=\"article\" \/>\n<meta property=\"og:title\" content=\"M\u00e1ximo Kirchner desminti\u00f3 a Quintela: \u201cDice que le robaron los avales, \u00a1chamuyo!\u201d - Diario Textual\" \/>\n<meta property=\"og:description\" content=\"El diputado de Uni\u00f3n por la Patria&nbsp;M\u00e1ximo Kirchner&nbsp;desminti\u00f3 al gobernador de La Rioja,&nbsp;Ricardo Quintela,&nbsp;quien competir\u00e1 contra la expresidenta Cristina Kirchner por la conducci\u00f3n del Partido Justicialista.&nbsp;\u201cDice que le robaron los&hellip;\" \/>\n<meta property=\"og:url\" content=\"https:\/\/diariotextual.com\/inicio\/index.php\/2024\/10\/27\/maximo-kirchner-desmintio-a-quintela-dice-que-le-robaron-los-avales-chamuyo\/\" \/>\n<meta property=\"og:site_name\" content=\"Diario Textual\" \/>\n<meta property=\"article:publisher\" content=\"https:\/\/www.facebook.com\/eltextual\" \/>\n<meta property=\"article:published_time\" content=\"2024-10-27T13:10:09+00:00\" \/>\n<meta property=\"article:modified_time\" content=\"2024-10-27T15:36:05+00:00\" \/>\n<meta property=\"og:image\" content=\"https:\/\/diariotextual.com\/inicio\/wp-content\/uploads\/2023\/04\/kirchnermaximo2023-2.jpg\" \/>\n\t<meta property=\"og:image:width\" content=\"1280\" \/>\n\t<meta property=\"og:image:height\" content=\"853\" \/>\n\t<meta property=\"og:image:type\" content=\"image\/jpeg\" \/>\n<meta name=\"author\" content=\"Diario1 Diario1\" \/>\n<meta name=\"twitter:card\" content=\"summary_large_image\" \/>\n<meta name=\"twitter:creator\" content=\"@eltextual\" \/>\n<meta name=\"twitter:site\" content=\"@eltextual\" \/>\n<meta name=\"twitter:label1\" content=\"Escrito por\" \/>\n\t<meta name=\"twitter:data1\" content=\"Diario1 Diario1\" \/>\n\t<meta name=\"twitter:label2\" content=\"Tiempo de lectura\" \/>\n\t<meta name=\"twitter:data2\" content=\"4 minutos\" \/>\n<script type=\"application\/ld+json\" class=\"yoast-schema-graph\">{\"@context\":\"https:\\\/\\\/schema.org\",\"@graph\":[{\"@type\":\"Article\",\"@id\":\"https:\\\/\\\/diariotextual.com\\\/inicio\\\/index.php\\\/2024\\\/10\\\/27\\\/maximo-kirchner-desmintio-a-quintela-dice-que-le-robaron-los-avales-chamuyo\\\/#article\",\"isPartOf\":{\"@id\":\"https:\\\/\\\/diariotextual.com\\\/inicio\\\/index.php\\\/2024\\\/10\\\/27\\\/maximo-kirchner-desmintio-a-quintela-dice-que-le-robaron-los-avales-chamuyo\\\/\"},\"author\":{\"name\":\"Diario1 Diario1\",\"@id\":\"https:\\\/\\\/diariotextual.com\\\/inicio\\\/#\\\/schema\\\/person\\\/418fc4093c33e86ed41562db3508f958\"},\"headline\":\"M\u00e1ximo Kirchner desminti\u00f3 a Quintela: \u201cDice que le robaron los avales, \u00a1chamuyo!\u201d\",\"datePublished\":\"2024-10-27T13:10:09+00:00\",\"dateModified\":\"2024-10-27T15:36:05+00:00\",\"mainEntityOfPage\":{\"@id\":\"https:\\\/\\\/diariotextual.com\\\/inicio\\\/index.php\\\/2024\\\/10\\\/27\\\/maximo-kirchner-desmintio-a-quintela-dice-que-le-robaron-los-avales-chamuyo\\\/\"},\"wordCount\":686,\"publisher\":{\"@id\":\"https:\\\/\\\/diariotextual.com\\\/inicio\\\/#organization\"},\"image\":{\"@id\":\"https:\\\/\\\/diariotextual.com\\\/inicio\\\/index.php\\\/2024\\\/10\\\/27\\\/maximo-kirchner-desmintio-a-quintela-dice-que-le-robaron-los-avales-chamuyo\\\/#primaryimage\"},\"thumbnailUrl\":\"https:\\\/\\\/diariotextual.com\\\/inicio\\\/wp-content\\\/uploads\\\/2023\\\/04\\\/kirchnermaximo2023-2.jpg\",\"articleSection\":[\"A - DESTACADAS (mod 16)\",\"POLITICA\"],\"inLanguage\":\"es\"},{\"@type\":\"WebPage\",\"@id\":\"https:\\\/\\\/diariotextual.com\\\/inicio\\\/index.php\\\/2024\\\/10\\\/27\\\/maximo-kirchner-desmintio-a-quintela-dice-que-le-robaron-los-avales-chamuyo\\\/\",\"url\":\"https:\\\/\\\/diariotextual.com\\\/inicio\\\/index.php\\\/2024\\\/10\\\/27\\\/maximo-kirchner-desmintio-a-quintela-dice-que-le-robaron-los-avales-chamuyo\\\/\",\"name\":\"M\u00e1ximo Kirchner desminti\u00f3 a Quintela: \u201cDice que le robaron los avales, \u00a1chamuyo!\u201d - Diario Textual\",\"isPartOf\":{\"@id\":\"https:\\\/\\\/diariotextual.com\\\/inicio\\\/#website\"},\"primaryImageOfPage\":{\"@id\":\"https:\\\/\\\/diariotextual.com\\\/inicio\\\/index.php\\\/2024\\\/10\\\/27\\\/maximo-kirchner-desmintio-a-quintela-dice-que-le-robaron-los-avales-chamuyo\\\/#primaryimage\"},\"image\":{\"@id\":\"https:\\\/\\\/diariotextual.com\\\/inicio\\\/index.php\\\/2024\\\/10\\\/27\\\/maximo-kirchner-desmintio-a-quintela-dice-que-le-robaron-los-avales-chamuyo\\\/#primaryimage\"},\"thumbnailUrl\":\"https:\\\/\\\/diariotextual.com\\\/inicio\\\/wp-content\\\/uploads\\\/2023\\\/04\\\/kirchnermaximo2023-2.jpg\",\"datePublished\":\"2024-10-27T13:10:09+00:00\",\"dateModified\":\"2024-10-27T15:36:05+00:00\",\"breadcrumb\":{\"@id\":\"https:\\\/\\\/diariotextual.com\\\/inicio\\\/index.php\\\/2024\\\/10\\\/27\\\/maximo-kirchner-desmintio-a-quintela-dice-que-le-robaron-los-avales-chamuyo\\\/#breadcrumb\"},\"inLanguage\":\"es\",\"potentialAction\":[{\"@type\":\"ReadAction\",\"target\":[\"https:\\\/\\\/diariotextual.com\\\/inicio\\\/index.php\\\/2024\\\/10\\\/27\\\/maximo-kirchner-desmintio-a-quintela-dice-que-le-robaron-los-avales-chamuyo\\\/\"]}]},{\"@type\":\"ImageObject\",\"inLanguage\":\"es\",\"@id\":\"https:\\\/\\\/diariotextual.com\\\/inicio\\\/index.php\\\/2024\\\/10\\\/27\\\/maximo-kirchner-desmintio-a-quintela-dice-que-le-robaron-los-avales-chamuyo\\\/#primaryimage\",\"url\":\"https:\\\/\\\/diariotextual.com\\\/inicio\\\/wp-content\\\/uploads\\\/2023\\\/04\\\/kirchnermaximo2023-2.jpg\",\"contentUrl\":\"https:\\\/\\\/diariotextual.com\\\/inicio\\\/wp-content\\\/uploads\\\/2023\\\/04\\\/kirchnermaximo2023-2.jpg\",\"width\":1280,\"height\":853},{\"@type\":\"BreadcrumbList\",\"@id\":\"https:\\\/\\\/diariotextual.com\\\/inicio\\\/index.php\\\/2024\\\/10\\\/27\\\/maximo-kirchner-desmintio-a-quintela-dice-que-le-robaron-los-avales-chamuyo\\\/#breadcrumb\",\"itemListElement\":[{\"@type\":\"ListItem\",\"position\":1,\"name\":\"Portada\",\"item\":\"https:\\\/\\\/diariotextual.com\\\/inicio\\\/\"},{\"@type\":\"ListItem\",\"position\":2,\"name\":\"M\u00e1ximo Kirchner desminti\u00f3 a Quintela: \u201cDice que le robaron los avales, \u00a1chamuyo!\u201d\"}]},{\"@type\":\"WebSite\",\"@id\":\"https:\\\/\\\/diariotextual.com\\\/inicio\\\/#website\",\"url\":\"https:\\\/\\\/diariotextual.com\\\/inicio\\\/\",\"name\":\"Diario Textual\",\"description\":\"\",\"publisher\":{\"@id\":\"https:\\\/\\\/diariotextual.com\\\/inicio\\\/#organization\"},\"potentialAction\":[{\"@type\":\"SearchAction\",\"target\":{\"@type\":\"EntryPoint\",\"urlTemplate\":\"https:\\\/\\\/diariotextual.com\\\/inicio\\\/?s={search_term_string}\"},\"query-input\":{\"@type\":\"PropertyValueSpecification\",\"valueRequired\":true,\"valueName\":\"search_term_string\"}}],\"inLanguage\":\"es\"},{\"@type\":\"Organization\",\"@id\":\"https:\\\/\\\/diariotextual.com\\\/inicio\\\/#organization\",\"name\":\"Diario Textual\",\"url\":\"https:\\\/\\\/diariotextual.com\\\/inicio\\\/\",\"logo\":{\"@type\":\"ImageObject\",\"inLanguage\":\"es\",\"@id\":\"https:\\\/\\\/diariotextual.com\\\/inicio\\\/#\\\/schema\\\/logo\\\/image\\\/\",\"url\":\"https:\\\/\\\/diariotextual.com\\\/inicio\\\/wp-content\\\/uploads\\\/2023\\\/05\\\/logotextual1.jpg\",\"contentUrl\":\"https:\\\/\\\/diariotextual.com\\\/inicio\\\/wp-content\\\/uploads\\\/2023\\\/05\\\/logotextual1.jpg\",\"width\":516,\"height\":76,\"caption\":\"Diario Textual\"},\"image\":{\"@id\":\"https:\\\/\\\/diariotextual.com\\\/inicio\\\/#\\\/schema\\\/logo\\\/image\\\/\"},\"sameAs\":[\"https:\\\/\\\/www.facebook.com\\\/eltextual\",\"https:\\\/\\\/x.com\\\/eltextual\",\"http:\\\/\\\/www.instagram.com\\\/eltextual\"]},{\"@type\":\"Person\",\"@id\":\"https:\\\/\\\/diariotextual.com\\\/inicio\\\/#\\\/schema\\\/person\\\/418fc4093c33e86ed41562db3508f958\",\"name\":\"Diario1 Diario1\",\"image\":{\"@type\":\"ImageObject\",\"inLanguage\":\"es\",\"@id\":\"https:\\\/\\\/secure.gravatar.com\\\/avatar\\\/9167d280179c85bc18be67aa7eda765854300033af4896dd779b608640f2ef7a?s=96&d=mm&r=g\",\"url\":\"https:\\\/\\\/secure.gravatar.com\\\/avatar\\\/9167d280179c85bc18be67aa7eda765854300033af4896dd779b608640f2ef7a?s=96&d=mm&r=g\",\"contentUrl\":\"https:\\\/\\\/secure.gravatar.com\\\/avatar\\\/9167d280179c85bc18be67aa7eda765854300033af4896dd779b608640f2ef7a?s=96&d=mm&r=g\",\"caption\":\"Diario1 Diario1\"},\"url\":\"https:\\\/\\\/diariotextual.com\\\/inicio\\\/index.php\\\/author\\\/diario1\\\/\"}]}<\/script>\n<!-- \/ Yoast SEO plugin. -->","yoast_head_json":{"title":"M\u00e1ximo Kirchner desminti\u00f3 a Quintela: \u201cDice que le robaron los avales, \u00a1chamuyo!\u201d - Diario Textual","robots":{"index":"index","follow":"follow","max-snippet":"max-snippet:-1","max-image-preview":"max-image-preview:large","max-video-preview":"max-video-preview:-1"},"canonical":"https:\/\/diariotextual.com\/inicio\/index.php\/2024\/10\/27\/maximo-kirchner-desmintio-a-quintela-dice-que-le-robaron-los-avales-chamuyo\/","og_locale":"es_ES","og_type":"article","og_title":"M\u00e1ximo Kirchner desminti\u00f3 a Quintela: \u201cDice que le robaron los avales, \u00a1chamuyo!\u201d - Diario Textual","og_description":"El diputado de Uni\u00f3n por la Patria&nbsp;M\u00e1ximo Kirchner&nbsp;desminti\u00f3 al gobernador de La Rioja,&nbsp;Ricardo Quintela,&nbsp;quien competir\u00e1 contra la expresidenta Cristina Kirchner por la conducci\u00f3n del Partido Justicialista.&nbsp;\u201cDice que le robaron los&hellip;","og_url":"https:\/\/diariotextual.com\/inicio\/index.php\/2024\/10\/27\/maximo-kirchner-desmintio-a-quintela-dice-que-le-robaron-los-avales-chamuyo\/","og_site_name":"Diario Textual","article_publisher":"https:\/\/www.facebook.com\/eltextual","article_published_time":"2024-10-27T13:10:09+00:00","article_modified_time":"2024-10-27T15:36:05+00:00","og_image":[{"width":1280,"height":853,"url":"https:\/\/diariotextual.com\/inicio\/wp-content\/uploads\/2023\/04\/kirchnermaximo2023-2.jpg","type":"image\/jpeg"}],"author":"Diario1 Diario1","twitter_card":"summary_large_image","twitter_creator":"@eltextual","twitter_site":"@eltextual","twitter_misc":{"Escrito por":"Diario1 Diario1","Tiempo de lectura":"4 minutos"},"schema":{"@context":"https:\/\/schema.org","@graph":[{"@type":"Article","@id":"https:\/\/diariotextual.com\/inicio\/index.php\/2024\/10\/27\/maximo-kirchner-desmintio-a-quintela-dice-que-le-robaron-los-avales-chamuyo\/#article","isPartOf":{"@id":"https:\/\/diariotextual.com\/inicio\/index.php\/2024\/10\/27\/maximo-kirchner-desmintio-a-quintela-dice-que-le-robaron-los-avales-chamuyo\/"},"author":{"name":"Diario1 Diario1","@id":"https:\/\/diariotextual.com\/inicio\/#\/schema\/person\/418fc4093c33e86ed41562db3508f958"},"headline":"M\u00e1ximo Kirchner desminti\u00f3 a Quintela: \u201cDice que le robaron los avales, \u00a1chamuyo!\u201d","datePublished":"2024-10-27T13:10:09+00:00","dateModified":"2024-10-27T15:36:05+00:00","mainEntityOfPage":{"@id":"https:\/\/diariotextual.com\/inicio\/index.php\/2024\/10\/27\/maximo-kirchner-desmintio-a-quintela-dice-que-le-robaron-los-avales-chamuyo\/"},"wordCount":686,"publisher":{"@id":"https:\/\/diariotextual.com\/inicio\/#organization"},"image":{"@id":"https:\/\/diariotextual.com\/inicio\/index.php\/2024\/10\/27\/maximo-kirchner-desmintio-a-quintela-dice-que-le-robaron-los-avales-chamuyo\/#primaryimage"},"thumbnailUrl":"https:\/\/diariotextual.com\/inicio\/wp-content\/uploads\/2023\/04\/kirchnermaximo2023-2.jpg","articleSection":["A - DESTACADAS (mod 16)","POLITICA"],"inLanguage":"es"},{"@type":"WebPage","@id":"https:\/\/diariotextual.com\/inicio\/index.php\/2024\/10\/27\/maximo-kirchner-desmintio-a-quintela-dice-que-le-robaron-los-avales-chamuyo\/","url":"https:\/\/diariotextual.com\/inicio\/index.php\/2024\/10\/27\/maximo-kirchner-desmintio-a-quintela-dice-que-le-robaron-los-avales-chamuyo\/","name":"M\u00e1ximo Kirchner desminti\u00f3 a Quintela: \u201cDice que le robaron los avales, \u00a1chamuyo!\u201d - Diario Textual","isPartOf":{"@id":"https:\/\/diariotextual.com\/inicio\/#website"},"primaryImageOfPage":{"@id":"https:\/\/diariotextual.com\/inicio\/index.php\/2024\/10\/27\/maximo-kirchner-desmintio-a-quintela-dice-que-le-robaron-los-avales-chamuyo\/#primaryimage"},"image":{"@id":"https:\/\/diariotextual.com\/inicio\/index.php\/2024\/10\/27\/maximo-kirchner-desmintio-a-quintela-dice-que-le-robaron-los-avales-chamuyo\/#primaryimage"},"thumbnailUrl":"https:\/\/diariotextual.com\/inicio\/wp-content\/uploads\/2023\/04\/kirchnermaximo2023-2.jpg","datePublished":"2024-10-27T13:10:09+00:00","dateModified":"2024-10-27T15:36:05+00:00","breadcrumb":{"@id":"https:\/\/diariotextual.com\/inicio\/index.php\/2024\/10\/27\/maximo-kirchner-desmintio-a-quintela-dice-que-le-robaron-los-avales-chamuyo\/#breadcrumb"},"inLanguage":"es","potentialAction":[{"@type":"ReadAction","target":["https:\/\/diariotextual.com\/inicio\/index.php\/2024\/10\/27\/maximo-kirchner-desmintio-a-quintela-dice-que-le-robaron-los-avales-chamuyo\/"]}]},{"@type":"ImageObject","inLanguage":"es","@id":"https:\/\/diariotextual.com\/inicio\/index.php\/2024\/10\/27\/maximo-kirchner-desmintio-a-quintela-dice-que-le-robaron-los-avales-chamuyo\/#primaryimage","url":"https:\/\/diariotextual.com\/inicio\/wp-content\/uploads\/2023\/04\/kirchnermaximo2023-2.jpg","contentUrl":"https:\/\/diariotextual.com\/inicio\/wp-content\/uploads\/2023\/04\/kirchnermaximo2023-2.jpg","width":1280,"height":853},{"@type":"BreadcrumbList","@id":"https:\/\/diariotextual.com\/inicio\/index.php\/2024\/10\/27\/maximo-kirchner-desmintio-a-quintela-dice-que-le-robaron-los-avales-chamuyo\/#breadcrumb","itemListElement":[{"@type":"ListItem","position":1,"name":"Portada","item":"https:\/\/diariotextual.com\/inicio\/"},{"@type":"ListItem","position":2,"name":"M\u00e1ximo Kirchner desminti\u00f3 a Quintela: \u201cDice que le robaron los avales, \u00a1chamuyo!\u201d"}]},{"@type":"WebSite","@id":"https:\/\/diariotextual.com\/inicio\/#website","url":"https:\/\/diariotextual.com\/inicio\/","name":"Diario Textual","description":"","publisher":{"@id":"https:\/\/diariotextual.com\/inicio\/#organization"},"potentialAction":[{"@type":"SearchAction","target":{"@type":"EntryPoint","urlTemplate":"https:\/\/diariotextual.com\/inicio\/?s={search_term_string}"},"query-input":{"@type":"PropertyValueSpecification","valueRequired":true,"valueName":"search_term_string"}}],"inLanguage":"es"},{"@type":"Organization","@id":"https:\/\/diariotextual.com\/inicio\/#organization","name":"Diario Textual","url":"https:\/\/diariotextual.com\/inicio\/","logo":{"@type":"ImageObject","inLanguage":"es","@id":"https:\/\/diariotextual.com\/inicio\/#\/schema\/logo\/image\/","url":"https:\/\/diariotextual.com\/inicio\/wp-content\/uploads\/2023\/05\/logotextual1.jpg","contentUrl":"https:\/\/diariotextual.com\/inicio\/wp-content\/uploads\/2023\/05\/logotextual1.jpg","width":516,"height":76,"caption":"Diario Textual"},"image":{"@id":"https:\/\/diariotextual.com\/inicio\/#\/schema\/logo\/image\/"},"sameAs":["https:\/\/www.facebook.com\/eltextual","https:\/\/x.com\/eltextual","http:\/\/www.instagram.com\/eltextual"]},{"@type":"Person","@id":"https:\/\/diariotextual.com\/inicio\/#\/schema\/person\/418fc4093c33e86ed41562db3508f958","name":"Diario1 Diario1","image":{"@type":"ImageObject","inLanguage":"es","@id":"https:\/\/secure.gravatar.com\/avatar\/9167d280179c85bc18be67aa7eda765854300033af4896dd779b608640f2ef7a?s=96&d=mm&r=g","url":"https:\/\/secure.gravatar.com\/avatar\/9167d280179c85bc18be67aa7eda765854300033af4896dd779b608640f2ef7a?s=96&d=mm&r=g","contentUrl":"https:\/\/secure.gravatar.com\/avatar\/9167d280179c85bc18be67aa7eda765854300033af4896dd779b608640f2ef7a?s=96&d=mm&r=g","caption":"Diario1 Diario1"},"url":"https:\/\/diariotextual.com\/inicio\/index.php\/author\/diario1\/"}]}},"_links":{"self":[{"href":"https:\/\/diariotextual.com\/inicio\/index.php\/wp-json\/wp\/v2\/posts\/279565","targetHints":{"allow":["GET"]}}],"collection":[{"href":"https:\/\/diariotextual.com\/inicio\/index.php\/wp-json\/wp\/v2\/posts"}],"about":[{"href":"https:\/\/diariotextual.com\/inicio\/index.php\/wp-json\/wp\/v2\/types\/post"}],"author":[{"embeddable":true,"href":"https:\/\/diariotextual.com\/inicio\/index.php\/wp-json\/wp\/v2\/users\/3"}],"replies":[{"embeddable":true,"href":"https:\/\/diariotextual.com\/inicio\/index.php\/wp-json\/wp\/v2\/comments?post=279565"}],"version-history":[{"count":1,"href":"https:\/\/diariotextual.com\/inicio\/index.php\/wp-json\/wp\/v2\/posts\/279565\/revisions"}],"predecessor-version":[{"id":279567,"href":"https:\/\/diariotextual.com\/inicio\/index.php\/wp-json\/wp\/v2\/posts\/279565\/revisions\/279567"}],"wp:featuredmedia":[{"embeddable":true,"href":"https:\/\/diariotextual.com\/inicio\/index.php\/wp-json\/wp\/v2\/media\/223070"}],"wp:attachment":[{"href":"https:\/\/diariotextual.com\/inicio\/index.php\/wp-json\/wp\/v2\/media?parent=279565"}],"wp:term":[{"taxonomy":"category","embeddable":true,"href":"https:\/\/diariotextual.com\/inicio\/index.php\/wp-json\/wp\/v2\/categories?post=279565"},{"taxonomy":"post_tag","embeddable":true,"href":"https:\/\/diariotextual.com\/inicio\/index.php\/wp-json\/wp\/v2\/tags?post=279565"}],"curies":[{"name":"wp","href":"https:\/\/api.w.org\/{rel}","templated":true}]}}