{"id":279578,"date":"2024-10-27T12:34:49","date_gmt":"2024-10-27T15:34:49","guid":{"rendered":"https:\/\/diariotextual.com\/inicio\/?p=279578"},"modified":"2024-10-28T08:49:59","modified_gmt":"2024-10-28T11:49:59","slug":"pascual-fernandez-le-contesto-a-la-ucr-dejen-de-proteger-a-milei-en-la-pampa-hay-un-estado-eficiente","status":"publish","type":"post","link":"https:\/\/diariotextual.com\/inicio\/index.php\/2024\/10\/27\/pascual-fernandez-le-contesto-a-la-ucr-dejen-de-proteger-a-milei-en-la-pampa-hay-un-estado-eficiente\/","title":{"rendered":"Pascual Fern\u00e1ndez le contest\u00f3 a la UCR: \u201cDejen de proteger a Milei, en La Pampa hay un Estado eficiente\u201d"},"content":{"rendered":"\n<p>El ministro de Gobierno de La Pampa, <strong>Pascual Fern\u00e1ndez<\/strong>, sali\u00f3 a responderle a la<strong> Convenci\u00f3n Provincial de la UCR <\/strong>que, en un documento, este fin de semana dijo que<strong><a href=\"https:\/\/diariotextual.com\/inicio\/index.php\/2024\/10\/26\/la-ucr-nego-el-estado-eficiente-del-que-habla-ziliotto-y-no-dijo-nada-de-la-deuda-de-milei-a-la-pampa\/\" target=\"_blank\" rel=\"noreferrer noopener\"> en la provincia \u201cno hay un Estado eficiente\u201d y sostuvo que hay \u201cpremios y castigos\u201d a las intendencias<\/a><\/strong>.<\/p>\n\n\n\n<p>\u201cMuy a pesar de la dirigencia de la UCR y sus \u00faltimas expresiones, e<strong>n La Pampa tenemos un Estado eficiente.<\/strong> Por eso <strong>somos una provincia sin deudas y con equilibrio fiscal<\/strong>\u201d, dijo el funcionario e intendente de Uriburu con licencia al ser consultado por <strong>Diario Textual.<\/strong><\/p>\n\n\n\n<p><strong>\u201cEl Estado eficiente que ellos cuestionan es el mismo que hoy nos permite contener la demanda social y llevar adelante pol\u00edticas econ\u00f3micas proactivas, en un contexto de crisis cada vez m\u00e1s complejo\u201d,<\/strong> agreg\u00f3 el ministro.<\/p>\n\n\n\n<p><strong>Apunt\u00f3, adem\u00e1s, a un dato resaltado ayer por Diario Textual<\/strong>: en el documento, <strong>los radicales no mencionaron la multimillonaria deuda de Naci\u00f3n a La Pampa.<\/strong> <strong>\u201cEst\u00e1n m\u00e1s preocupados -dijo Fern\u00e1ndez- por sostener su alianza con el macrismo y con el tiernismo en La Pampa y llamativamente eligen no decir nada de la deuda de m\u00e1s\u00a0 de $70.000 millones que la Naci\u00f3n tiene con nuestra provincia\u201d.<\/strong><\/p>\n\n\n\n<p>\u201cSolamente a esta altura, les pido algo: <strong>sean responsables y dejen de defender y proteger a Milei, quien adem\u00e1s le hizo perder un mes de coparticipaci\u00f3n a los municipios del radicalismo tambi\u00e9n. Defiendan a La Pampa y a los pampeanos<\/strong>\u201d, finaliz\u00f3.<\/p>\n\n\n\n<p>Ayer, la <strong>Convenci\u00f3n Provincial de la UCR<\/strong> dio a conocer un documento donde&nbsp;<strong>cuestion\u00f3 uno de los caballitos de batalla<\/strong>&nbsp;del gobernador<strong>&nbsp;Sergio Ziliotto<\/strong>: que<strong>&nbsp;hay un \u201cEstado eficiente\u201d&nbsp;<\/strong>en La Pampa<strong>.<\/strong>&nbsp;<strong>Para los radicales, directamente hay ineficiencia<\/strong>&nbsp;y pidieron<strong>&nbsp;austeridad<\/strong>&nbsp;en el gasto p\u00fablico y&nbsp;<strong>reducci\u00f3n del n\u00famero de funcionarios<\/strong>; protestaron por la&nbsp;<strong>presi\u00f3n impositiva<\/strong>; resaltaron que&nbsp;<strong>el Banco de La Pampa ya no es de fomento<\/strong>&nbsp;y que ha pasado a especular financieramente; sostuvieron que Casa de Gobierno<strong>&nbsp;\u201cha implementado un r\u00e9gimen de premios y castigos\u201d de municipalidades&nbsp;<\/strong>de acuerdo con el color pol\u00edtico y la conveniencia;&nbsp;<strong>dijeron que se debe poner el acento en mejorar la calidad educativa<\/strong>; y se quejaron de la&nbsp;<strong>infraestructura vial.<\/strong>&nbsp;En esas cr\u00edticas,&nbsp;<strong>hubo un respaldo impl\u00edcito a la estrategia de confrontaci\u00f3n -en alianza con el Pro y Comunidad Organizada- en la Legislatura provincial.<\/strong><\/p>\n\n\n\n<p><\/p>\n\n\n\n<figure class=\"wp-block-embed is-type-wp-embed is-provider-diario-textual wp-block-embed-diario-textual\"><div class=\"wp-block-embed__wrapper\">\n<blockquote class=\"wp-embedded-content\" data-secret=\"oHNHqFEmD5\"><a href=\"https:\/\/diariotextual.com\/inicio\/index.php\/2024\/10\/26\/la-ucr-nego-el-estado-eficiente-del-que-habla-ziliotto-y-no-dijo-nada-de-la-deuda-de-milei-a-la-pampa\/\">La UCR neg\u00f3 el \u201cEstado eficiente\u201d del que habla Ziliotto y no dijo nada de la deuda de Milei a La Pampa<\/a><\/blockquote><iframe class=\"wp-embedded-content\" sandbox=\"allow-scripts\" security=\"restricted\" style=\"position: absolute; visibility: hidden;\" title=\"\u00abLa UCR neg\u00f3 el \u201cEstado eficiente\u201d del que habla Ziliotto y no dijo nada de la deuda de Milei a La Pampa\u00bb \u2014 Diario Textual\" src=\"https:\/\/diariotextual.com\/inicio\/index.php\/2024\/10\/26\/la-ucr-nego-el-estado-eficiente-del-que-habla-ziliotto-y-no-dijo-nada-de-la-deuda-de-milei-a-la-pampa\/embed\/#?secret=1XQuAR6ubs#?secret=oHNHqFEmD5\" data-secret=\"oHNHqFEmD5\" width=\"600\" height=\"338\" frameborder=\"0\" marginwidth=\"0\" marginheight=\"0\" scrolling=\"no\"><\/iframe>\n<\/div><\/figure>\n\n\n\n<p>En el documento,\u00a0<strong>para el Gobierno de Javier Milei hubo pocas cr\u00edticas:\u00a0<\/strong>expresaron que est\u00e1 implementando un\u00a0<strong>\u201cprograma profundamente recesivo\u201d\u00a0<\/strong>y\u00a0<strong>rechazaron el desfinanciamiento universitario.<\/strong>\u00a0El dato, llamativo, es que\u00a0<strong>no escribieron ni un p\u00e1rrafo sobre la multimillonaria deuda de Milei con La Pampa -que solo en lo que va del a\u00f1o ya supera los 60 mil millones de pesos- que, en gran parte, condiciona las pol\u00edticas p\u00fablicas que reclaman los mismos radicales<\/strong>, como las obras p\u00fablicas y un mayor respaldo a las actividades productivas.<\/p>\n\n\n\n<p>\u201cEl gobierno provincial -sin embargo, remarcaron los radicales en su documento- solo ha tenido una respuesta: aumentar impuestos y sostener una pol\u00edtica de gastos improductivos y est\u00e9riles. Estas acciones demuestran que&nbsp;<strong>el actual gobierno contin\u00faa con pol\u00edticas anteriores, carentes de un pensamiento estrat\u00e9gico para el desarrollo de la provincia.&nbsp;<\/strong>Desde el radicalismo venimos pidiendo austeridad en el gasto p\u00fablico, reducci\u00f3n del n\u00famero de funcionarios, eficiencia estatal, modernizaci\u00f3n de todos los sectores del \u00e1mbito p\u00fablico y pol\u00edticas de apertura al sector privado, promoviendo pol\u00edticas de exportaci\u00f3n y desarrollo industrial\u201d.<\/p>\n\n\n\n<p>Los radicales dijeron que las administraciones justicialistas \u201cno han podido generar recursos para impulsar obras\u201d p\u00fablicas, por lo que son&nbsp;<strong>\u201cnaci\u00f3n-dependientes\u201d.<\/strong><\/p>\n\n\n\n<p><\/p>\n","protected":false},"excerpt":{"rendered":"<p>El ministro de Gobierno de La Pampa, Pascual Fern\u00e1ndez, sali\u00f3 a responderle a la Convenci\u00f3n Provincial de la UCR que, en un documento, este fin de semana dijo que en&hellip;<\/p>\n","protected":false},"author":3,"featured_media":264873,"comment_status":"closed","ping_status":"open","sticky":false,"template":"","format":"standard","meta":{"_acf_changed":false,"footnotes":""},"categories":[1,8],"tags":[],"class_list":["post-279578","post","type-post","status-publish","format-standard","has-post-thumbnail","hentry","category-es-noticia","category-politica"],"acf":[],"yoast_head":"<!-- This site is optimized with the Yoast SEO plugin v27.5 - https:\/\/yoast.com\/product\/yoast-seo-wordpress\/ -->\n<title>Pascual Fern\u00e1ndez le contest\u00f3 a la UCR: \u201cDejen de proteger a Milei, en La Pampa hay un Estado eficiente\u201d - Diario Textual<\/title>\n<meta name=\"robots\" content=\"index, follow, max-snippet:-1, max-image-preview:large, max-video-preview:-1\" \/>\n<link rel=\"canonical\" href=\"https:\/\/diariotextual.com\/inicio\/index.php\/2024\/10\/27\/pascual-fernandez-le-contesto-a-la-ucr-dejen-de-proteger-a-milei-en-la-pampa-hay-un-estado-eficiente\/\" \/>\n<meta property=\"og:locale\" content=\"es_ES\" \/>\n<meta property=\"og:type\" content=\"article\" \/>\n<meta property=\"og:title\" content=\"Pascual Fern\u00e1ndez le contest\u00f3 a la UCR: \u201cDejen de proteger a Milei, en La Pampa hay un Estado eficiente\u201d - Diario Textual\" \/>\n<meta property=\"og:description\" content=\"El ministro de Gobierno de La Pampa, Pascual Fern\u00e1ndez, sali\u00f3 a responderle a la Convenci\u00f3n Provincial de la UCR que, en un documento, este fin de semana dijo que en&hellip;\" \/>\n<meta property=\"og:url\" content=\"https:\/\/diariotextual.com\/inicio\/index.php\/2024\/10\/27\/pascual-fernandez-le-contesto-a-la-ucr-dejen-de-proteger-a-milei-en-la-pampa-hay-un-estado-eficiente\/\" \/>\n<meta property=\"og:site_name\" content=\"Diario Textual\" \/>\n<meta property=\"article:publisher\" content=\"https:\/\/www.facebook.com\/eltextual\" \/>\n<meta property=\"article:published_time\" content=\"2024-10-27T15:34:49+00:00\" \/>\n<meta property=\"article:modified_time\" content=\"2024-10-28T11:49:59+00:00\" \/>\n<meta property=\"og:image\" content=\"https:\/\/diariotextual.com\/inicio\/wp-content\/uploads\/2024\/05\/fernandezpascual2024-9001.jpg\" \/>\n\t<meta property=\"og:image:width\" content=\"1500\" \/>\n\t<meta property=\"og:image:height\" content=\"997\" \/>\n\t<meta property=\"og:image:type\" content=\"image\/jpeg\" \/>\n<meta name=\"author\" content=\"Diario1 Diario1\" \/>\n<meta name=\"twitter:card\" content=\"summary_large_image\" \/>\n<meta name=\"twitter:creator\" content=\"@eltextual\" \/>\n<meta name=\"twitter:site\" content=\"@eltextual\" \/>\n<meta name=\"twitter:label1\" content=\"Escrito por\" \/>\n\t<meta name=\"twitter:data1\" content=\"Diario1 Diario1\" \/>\n\t<meta name=\"twitter:label2\" content=\"Tiempo de lectura\" \/>\n\t<meta name=\"twitter:data2\" content=\"3 minutos\" \/>\n<script type=\"application\/ld+json\" class=\"yoast-schema-graph\">{\"@context\":\"https:\\\/\\\/schema.org\",\"@graph\":[{\"@type\":\"Article\",\"@id\":\"https:\\\/\\\/diariotextual.com\\\/inicio\\\/index.php\\\/2024\\\/10\\\/27\\\/pascual-fernandez-le-contesto-a-la-ucr-dejen-de-proteger-a-milei-en-la-pampa-hay-un-estado-eficiente\\\/#article\",\"isPartOf\":{\"@id\":\"https:\\\/\\\/diariotextual.com\\\/inicio\\\/index.php\\\/2024\\\/10\\\/27\\\/pascual-fernandez-le-contesto-a-la-ucr-dejen-de-proteger-a-milei-en-la-pampa-hay-un-estado-eficiente\\\/\"},\"author\":{\"name\":\"Diario1 Diario1\",\"@id\":\"https:\\\/\\\/diariotextual.com\\\/inicio\\\/#\\\/schema\\\/person\\\/418fc4093c33e86ed41562db3508f958\"},\"headline\":\"Pascual Fern\u00e1ndez le contest\u00f3 a la UCR: \u201cDejen de proteger a Milei, en La Pampa hay un Estado eficiente\u201d\",\"datePublished\":\"2024-10-27T15:34:49+00:00\",\"dateModified\":\"2024-10-28T11:49:59+00:00\",\"mainEntityOfPage\":{\"@id\":\"https:\\\/\\\/diariotextual.com\\\/inicio\\\/index.php\\\/2024\\\/10\\\/27\\\/pascual-fernandez-le-contesto-a-la-ucr-dejen-de-proteger-a-milei-en-la-pampa-hay-un-estado-eficiente\\\/\"},\"wordCount\":663,\"publisher\":{\"@id\":\"https:\\\/\\\/diariotextual.com\\\/inicio\\\/#organization\"},\"image\":{\"@id\":\"https:\\\/\\\/diariotextual.com\\\/inicio\\\/index.php\\\/2024\\\/10\\\/27\\\/pascual-fernandez-le-contesto-a-la-ucr-dejen-de-proteger-a-milei-en-la-pampa-hay-un-estado-eficiente\\\/#primaryimage\"},\"thumbnailUrl\":\"https:\\\/\\\/diariotextual.com\\\/inicio\\\/wp-content\\\/uploads\\\/2024\\\/05\\\/fernandezpascual2024-9001.jpg\",\"articleSection\":[\"A - ES NOTICIA (van abajo)\",\"POLITICA\"],\"inLanguage\":\"es\"},{\"@type\":\"WebPage\",\"@id\":\"https:\\\/\\\/diariotextual.com\\\/inicio\\\/index.php\\\/2024\\\/10\\\/27\\\/pascual-fernandez-le-contesto-a-la-ucr-dejen-de-proteger-a-milei-en-la-pampa-hay-un-estado-eficiente\\\/\",\"url\":\"https:\\\/\\\/diariotextual.com\\\/inicio\\\/index.php\\\/2024\\\/10\\\/27\\\/pascual-fernandez-le-contesto-a-la-ucr-dejen-de-proteger-a-milei-en-la-pampa-hay-un-estado-eficiente\\\/\",\"name\":\"Pascual Fern\u00e1ndez le contest\u00f3 a la UCR: \u201cDejen de proteger a Milei, en La Pampa hay un Estado eficiente\u201d - Diario Textual\",\"isPartOf\":{\"@id\":\"https:\\\/\\\/diariotextual.com\\\/inicio\\\/#website\"},\"primaryImageOfPage\":{\"@id\":\"https:\\\/\\\/diariotextual.com\\\/inicio\\\/index.php\\\/2024\\\/10\\\/27\\\/pascual-fernandez-le-contesto-a-la-ucr-dejen-de-proteger-a-milei-en-la-pampa-hay-un-estado-eficiente\\\/#primaryimage\"},\"image\":{\"@id\":\"https:\\\/\\\/diariotextual.com\\\/inicio\\\/index.php\\\/2024\\\/10\\\/27\\\/pascual-fernandez-le-contesto-a-la-ucr-dejen-de-proteger-a-milei-en-la-pampa-hay-un-estado-eficiente\\\/#primaryimage\"},\"thumbnailUrl\":\"https:\\\/\\\/diariotextual.com\\\/inicio\\\/wp-content\\\/uploads\\\/2024\\\/05\\\/fernandezpascual2024-9001.jpg\",\"datePublished\":\"2024-10-27T15:34:49+00:00\",\"dateModified\":\"2024-10-28T11:49:59+00:00\",\"breadcrumb\":{\"@id\":\"https:\\\/\\\/diariotextual.com\\\/inicio\\\/index.php\\\/2024\\\/10\\\/27\\\/pascual-fernandez-le-contesto-a-la-ucr-dejen-de-proteger-a-milei-en-la-pampa-hay-un-estado-eficiente\\\/#breadcrumb\"},\"inLanguage\":\"es\",\"potentialAction\":[{\"@type\":\"ReadAction\",\"target\":[\"https:\\\/\\\/diariotextual.com\\\/inicio\\\/index.php\\\/2024\\\/10\\\/27\\\/pascual-fernandez-le-contesto-a-la-ucr-dejen-de-proteger-a-milei-en-la-pampa-hay-un-estado-eficiente\\\/\"]}]},{\"@type\":\"ImageObject\",\"inLanguage\":\"es\",\"@id\":\"https:\\\/\\\/diariotextual.com\\\/inicio\\\/index.php\\\/2024\\\/10\\\/27\\\/pascual-fernandez-le-contesto-a-la-ucr-dejen-de-proteger-a-milei-en-la-pampa-hay-un-estado-eficiente\\\/#primaryimage\",\"url\":\"https:\\\/\\\/diariotextual.com\\\/inicio\\\/wp-content\\\/uploads\\\/2024\\\/05\\\/fernandezpascual2024-9001.jpg\",\"contentUrl\":\"https:\\\/\\\/diariotextual.com\\\/inicio\\\/wp-content\\\/uploads\\\/2024\\\/05\\\/fernandezpascual2024-9001.jpg\",\"width\":1500,\"height\":997},{\"@type\":\"BreadcrumbList\",\"@id\":\"https:\\\/\\\/diariotextual.com\\\/inicio\\\/index.php\\\/2024\\\/10\\\/27\\\/pascual-fernandez-le-contesto-a-la-ucr-dejen-de-proteger-a-milei-en-la-pampa-hay-un-estado-eficiente\\\/#breadcrumb\",\"itemListElement\":[{\"@type\":\"ListItem\",\"position\":1,\"name\":\"Portada\",\"item\":\"https:\\\/\\\/diariotextual.com\\\/inicio\\\/\"},{\"@type\":\"ListItem\",\"position\":2,\"name\":\"Pascual Fern\u00e1ndez le contest\u00f3 a la UCR: \u201cDejen de proteger a Milei, en La Pampa hay un Estado eficiente\u201d\"}]},{\"@type\":\"WebSite\",\"@id\":\"https:\\\/\\\/diariotextual.com\\\/inicio\\\/#website\",\"url\":\"https:\\\/\\\/diariotextual.com\\\/inicio\\\/\",\"name\":\"Diario Textual\",\"description\":\"\",\"publisher\":{\"@id\":\"https:\\\/\\\/diariotextual.com\\\/inicio\\\/#organization\"},\"potentialAction\":[{\"@type\":\"SearchAction\",\"target\":{\"@type\":\"EntryPoint\",\"urlTemplate\":\"https:\\\/\\\/diariotextual.com\\\/inicio\\\/?s={search_term_string}\"},\"query-input\":{\"@type\":\"PropertyValueSpecification\",\"valueRequired\":true,\"valueName\":\"search_term_string\"}}],\"inLanguage\":\"es\"},{\"@type\":\"Organization\",\"@id\":\"https:\\\/\\\/diariotextual.com\\\/inicio\\\/#organization\",\"name\":\"Diario Textual\",\"url\":\"https:\\\/\\\/diariotextual.com\\\/inicio\\\/\",\"logo\":{\"@type\":\"ImageObject\",\"inLanguage\":\"es\",\"@id\":\"https:\\\/\\\/diariotextual.com\\\/inicio\\\/#\\\/schema\\\/logo\\\/image\\\/\",\"url\":\"https:\\\/\\\/diariotextual.com\\\/inicio\\\/wp-content\\\/uploads\\\/2023\\\/05\\\/logotextual1.jpg\",\"contentUrl\":\"https:\\\/\\\/diariotextual.com\\\/inicio\\\/wp-content\\\/uploads\\\/2023\\\/05\\\/logotextual1.jpg\",\"width\":516,\"height\":76,\"caption\":\"Diario Textual\"},\"image\":{\"@id\":\"https:\\\/\\\/diariotextual.com\\\/inicio\\\/#\\\/schema\\\/logo\\\/image\\\/\"},\"sameAs\":[\"https:\\\/\\\/www.facebook.com\\\/eltextual\",\"https:\\\/\\\/x.com\\\/eltextual\",\"http:\\\/\\\/www.instagram.com\\\/eltextual\"]},{\"@type\":\"Person\",\"@id\":\"https:\\\/\\\/diariotextual.com\\\/inicio\\\/#\\\/schema\\\/person\\\/418fc4093c33e86ed41562db3508f958\",\"name\":\"Diario1 Diario1\",\"image\":{\"@type\":\"ImageObject\",\"inLanguage\":\"es\",\"@id\":\"https:\\\/\\\/secure.gravatar.com\\\/avatar\\\/9167d280179c85bc18be67aa7eda765854300033af4896dd779b608640f2ef7a?s=96&d=mm&r=g\",\"url\":\"https:\\\/\\\/secure.gravatar.com\\\/avatar\\\/9167d280179c85bc18be67aa7eda765854300033af4896dd779b608640f2ef7a?s=96&d=mm&r=g\",\"contentUrl\":\"https:\\\/\\\/secure.gravatar.com\\\/avatar\\\/9167d280179c85bc18be67aa7eda765854300033af4896dd779b608640f2ef7a?s=96&d=mm&r=g\",\"caption\":\"Diario1 Diario1\"},\"url\":\"https:\\\/\\\/diariotextual.com\\\/inicio\\\/index.php\\\/author\\\/diario1\\\/\"}]}<\/script>\n<!-- \/ Yoast SEO plugin. -->","yoast_head_json":{"title":"Pascual Fern\u00e1ndez le contest\u00f3 a la UCR: \u201cDejen de proteger a Milei, en La Pampa hay un Estado eficiente\u201d - Diario Textual","robots":{"index":"index","follow":"follow","max-snippet":"max-snippet:-1","max-image-preview":"max-image-preview:large","max-video-preview":"max-video-preview:-1"},"canonical":"https:\/\/diariotextual.com\/inicio\/index.php\/2024\/10\/27\/pascual-fernandez-le-contesto-a-la-ucr-dejen-de-proteger-a-milei-en-la-pampa-hay-un-estado-eficiente\/","og_locale":"es_ES","og_type":"article","og_title":"Pascual Fern\u00e1ndez le contest\u00f3 a la UCR: \u201cDejen de proteger a Milei, en La Pampa hay un Estado eficiente\u201d - Diario Textual","og_description":"El ministro de Gobierno de La Pampa, Pascual Fern\u00e1ndez, sali\u00f3 a responderle a la Convenci\u00f3n Provincial de la UCR que, en un documento, este fin de semana dijo que en&hellip;","og_url":"https:\/\/diariotextual.com\/inicio\/index.php\/2024\/10\/27\/pascual-fernandez-le-contesto-a-la-ucr-dejen-de-proteger-a-milei-en-la-pampa-hay-un-estado-eficiente\/","og_site_name":"Diario Textual","article_publisher":"https:\/\/www.facebook.com\/eltextual","article_published_time":"2024-10-27T15:34:49+00:00","article_modified_time":"2024-10-28T11:49:59+00:00","og_image":[{"width":1500,"height":997,"url":"https:\/\/diariotextual.com\/inicio\/wp-content\/uploads\/2024\/05\/fernandezpascual2024-9001.jpg","type":"image\/jpeg"}],"author":"Diario1 Diario1","twitter_card":"summary_large_image","twitter_creator":"@eltextual","twitter_site":"@eltextual","twitter_misc":{"Escrito por":"Diario1 Diario1","Tiempo de lectura":"3 minutos"},"schema":{"@context":"https:\/\/schema.org","@graph":[{"@type":"Article","@id":"https:\/\/diariotextual.com\/inicio\/index.php\/2024\/10\/27\/pascual-fernandez-le-contesto-a-la-ucr-dejen-de-proteger-a-milei-en-la-pampa-hay-un-estado-eficiente\/#article","isPartOf":{"@id":"https:\/\/diariotextual.com\/inicio\/index.php\/2024\/10\/27\/pascual-fernandez-le-contesto-a-la-ucr-dejen-de-proteger-a-milei-en-la-pampa-hay-un-estado-eficiente\/"},"author":{"name":"Diario1 Diario1","@id":"https:\/\/diariotextual.com\/inicio\/#\/schema\/person\/418fc4093c33e86ed41562db3508f958"},"headline":"Pascual Fern\u00e1ndez le contest\u00f3 a la UCR: \u201cDejen de proteger a Milei, en La Pampa hay un Estado eficiente\u201d","datePublished":"2024-10-27T15:34:49+00:00","dateModified":"2024-10-28T11:49:59+00:00","mainEntityOfPage":{"@id":"https:\/\/diariotextual.com\/inicio\/index.php\/2024\/10\/27\/pascual-fernandez-le-contesto-a-la-ucr-dejen-de-proteger-a-milei-en-la-pampa-hay-un-estado-eficiente\/"},"wordCount":663,"publisher":{"@id":"https:\/\/diariotextual.com\/inicio\/#organization"},"image":{"@id":"https:\/\/diariotextual.com\/inicio\/index.php\/2024\/10\/27\/pascual-fernandez-le-contesto-a-la-ucr-dejen-de-proteger-a-milei-en-la-pampa-hay-un-estado-eficiente\/#primaryimage"},"thumbnailUrl":"https:\/\/diariotextual.com\/inicio\/wp-content\/uploads\/2024\/05\/fernandezpascual2024-9001.jpg","articleSection":["A - ES NOTICIA (van abajo)","POLITICA"],"inLanguage":"es"},{"@type":"WebPage","@id":"https:\/\/diariotextual.com\/inicio\/index.php\/2024\/10\/27\/pascual-fernandez-le-contesto-a-la-ucr-dejen-de-proteger-a-milei-en-la-pampa-hay-un-estado-eficiente\/","url":"https:\/\/diariotextual.com\/inicio\/index.php\/2024\/10\/27\/pascual-fernandez-le-contesto-a-la-ucr-dejen-de-proteger-a-milei-en-la-pampa-hay-un-estado-eficiente\/","name":"Pascual Fern\u00e1ndez le contest\u00f3 a la UCR: \u201cDejen de proteger a Milei, en La Pampa hay un Estado eficiente\u201d - Diario Textual","isPartOf":{"@id":"https:\/\/diariotextual.com\/inicio\/#website"},"primaryImageOfPage":{"@id":"https:\/\/diariotextual.com\/inicio\/index.php\/2024\/10\/27\/pascual-fernandez-le-contesto-a-la-ucr-dejen-de-proteger-a-milei-en-la-pampa-hay-un-estado-eficiente\/#primaryimage"},"image":{"@id":"https:\/\/diariotextual.com\/inicio\/index.php\/2024\/10\/27\/pascual-fernandez-le-contesto-a-la-ucr-dejen-de-proteger-a-milei-en-la-pampa-hay-un-estado-eficiente\/#primaryimage"},"thumbnailUrl":"https:\/\/diariotextual.com\/inicio\/wp-content\/uploads\/2024\/05\/fernandezpascual2024-9001.jpg","datePublished":"2024-10-27T15:34:49+00:00","dateModified":"2024-10-28T11:49:59+00:00","breadcrumb":{"@id":"https:\/\/diariotextual.com\/inicio\/index.php\/2024\/10\/27\/pascual-fernandez-le-contesto-a-la-ucr-dejen-de-proteger-a-milei-en-la-pampa-hay-un-estado-eficiente\/#breadcrumb"},"inLanguage":"es","potentialAction":[{"@type":"ReadAction","target":["https:\/\/diariotextual.com\/inicio\/index.php\/2024\/10\/27\/pascual-fernandez-le-contesto-a-la-ucr-dejen-de-proteger-a-milei-en-la-pampa-hay-un-estado-eficiente\/"]}]},{"@type":"ImageObject","inLanguage":"es","@id":"https:\/\/diariotextual.com\/inicio\/index.php\/2024\/10\/27\/pascual-fernandez-le-contesto-a-la-ucr-dejen-de-proteger-a-milei-en-la-pampa-hay-un-estado-eficiente\/#primaryimage","url":"https:\/\/diariotextual.com\/inicio\/wp-content\/uploads\/2024\/05\/fernandezpascual2024-9001.jpg","contentUrl":"https:\/\/diariotextual.com\/inicio\/wp-content\/uploads\/2024\/05\/fernandezpascual2024-9001.jpg","width":1500,"height":997},{"@type":"BreadcrumbList","@id":"https:\/\/diariotextual.com\/inicio\/index.php\/2024\/10\/27\/pascual-fernandez-le-contesto-a-la-ucr-dejen-de-proteger-a-milei-en-la-pampa-hay-un-estado-eficiente\/#breadcrumb","itemListElement":[{"@type":"ListItem","position":1,"name":"Portada","item":"https:\/\/diariotextual.com\/inicio\/"},{"@type":"ListItem","position":2,"name":"Pascual Fern\u00e1ndez le contest\u00f3 a la UCR: \u201cDejen de proteger a Milei, en La Pampa hay un Estado eficiente\u201d"}]},{"@type":"WebSite","@id":"https:\/\/diariotextual.com\/inicio\/#website","url":"https:\/\/diariotextual.com\/inicio\/","name":"Diario Textual","description":"","publisher":{"@id":"https:\/\/diariotextual.com\/inicio\/#organization"},"potentialAction":[{"@type":"SearchAction","target":{"@type":"EntryPoint","urlTemplate":"https:\/\/diariotextual.com\/inicio\/?s={search_term_string}"},"query-input":{"@type":"PropertyValueSpecification","valueRequired":true,"valueName":"search_term_string"}}],"inLanguage":"es"},{"@type":"Organization","@id":"https:\/\/diariotextual.com\/inicio\/#organization","name":"Diario Textual","url":"https:\/\/diariotextual.com\/inicio\/","logo":{"@type":"ImageObject","inLanguage":"es","@id":"https:\/\/diariotextual.com\/inicio\/#\/schema\/logo\/image\/","url":"https:\/\/diariotextual.com\/inicio\/wp-content\/uploads\/2023\/05\/logotextual1.jpg","contentUrl":"https:\/\/diariotextual.com\/inicio\/wp-content\/uploads\/2023\/05\/logotextual1.jpg","width":516,"height":76,"caption":"Diario Textual"},"image":{"@id":"https:\/\/diariotextual.com\/inicio\/#\/schema\/logo\/image\/"},"sameAs":["https:\/\/www.facebook.com\/eltextual","https:\/\/x.com\/eltextual","http:\/\/www.instagram.com\/eltextual"]},{"@type":"Person","@id":"https:\/\/diariotextual.com\/inicio\/#\/schema\/person\/418fc4093c33e86ed41562db3508f958","name":"Diario1 Diario1","image":{"@type":"ImageObject","inLanguage":"es","@id":"https:\/\/secure.gravatar.com\/avatar\/9167d280179c85bc18be67aa7eda765854300033af4896dd779b608640f2ef7a?s=96&d=mm&r=g","url":"https:\/\/secure.gravatar.com\/avatar\/9167d280179c85bc18be67aa7eda765854300033af4896dd779b608640f2ef7a?s=96&d=mm&r=g","contentUrl":"https:\/\/secure.gravatar.com\/avatar\/9167d280179c85bc18be67aa7eda765854300033af4896dd779b608640f2ef7a?s=96&d=mm&r=g","caption":"Diario1 Diario1"},"url":"https:\/\/diariotextual.com\/inicio\/index.php\/author\/diario1\/"}]}},"_links":{"self":[{"href":"https:\/\/diariotextual.com\/inicio\/index.php\/wp-json\/wp\/v2\/posts\/279578","targetHints":{"allow":["GET"]}}],"collection":[{"href":"https:\/\/diariotextual.com\/inicio\/index.php\/wp-json\/wp\/v2\/posts"}],"about":[{"href":"https:\/\/diariotextual.com\/inicio\/index.php\/wp-json\/wp\/v2\/types\/post"}],"author":[{"embeddable":true,"href":"https:\/\/diariotextual.com\/inicio\/index.php\/wp-json\/wp\/v2\/users\/3"}],"replies":[{"embeddable":true,"href":"https:\/\/diariotextual.com\/inicio\/index.php\/wp-json\/wp\/v2\/comments?post=279578"}],"version-history":[{"count":2,"href":"https:\/\/diariotextual.com\/inicio\/index.php\/wp-json\/wp\/v2\/posts\/279578\/revisions"}],"predecessor-version":[{"id":279581,"href":"https:\/\/diariotextual.com\/inicio\/index.php\/wp-json\/wp\/v2\/posts\/279578\/revisions\/279581"}],"wp:featuredmedia":[{"embeddable":true,"href":"https:\/\/diariotextual.com\/inicio\/index.php\/wp-json\/wp\/v2\/media\/264873"}],"wp:attachment":[{"href":"https:\/\/diariotextual.com\/inicio\/index.php\/wp-json\/wp\/v2\/media?parent=279578"}],"wp:term":[{"taxonomy":"category","embeddable":true,"href":"https:\/\/diariotextual.com\/inicio\/index.php\/wp-json\/wp\/v2\/categories?post=279578"},{"taxonomy":"post_tag","embeddable":true,"href":"https:\/\/diariotextual.com\/inicio\/index.php\/wp-json\/wp\/v2\/tags?post=279578"}],"curies":[{"name":"wp","href":"https:\/\/api.w.org\/{rel}","templated":true}]}}