{"id":279604,"date":"2024-10-27T22:04:54","date_gmt":"2024-10-28T01:04:54","guid":{"rendered":"https:\/\/diariotextual.com\/inicio\/?p=279604"},"modified":"2024-10-27T22:04:56","modified_gmt":"2024-10-28T01:04:56","slug":"alcoholizado-provoco-un-choque-multiple-en-santa-rosa-cinco-vehiculos-involucrados","status":"publish","type":"post","link":"https:\/\/diariotextual.com\/inicio\/index.php\/2024\/10\/27\/alcoholizado-provoco-un-choque-multiple-en-santa-rosa-cinco-vehiculos-involucrados\/","title":{"rendered":"Alcoholizado, provoc\u00f3 un choque m\u00faltiple en Santa Rosa: cinco veh\u00edculos involucrados"},"content":{"rendered":"\n<p>Un hombre de 35 a\u00f1os de edad, alcoholizado y a bordo de una camioneta Chevrolet S10, provoc\u00f3 un choque m\u00faltiple en la esquina de El Fort\u00edn y Juan B. Justo, en Santa Rosa: a las 19.45 horas embisti\u00f3 a cuatro autos y camionetas que se encontraban estacionados.<\/p>\n\n\n\n<figure class=\"wp-block-image size-large\"><img fetchpriority=\"high\" decoding=\"async\" width=\"1024\" height=\"768\" src=\"https:\/\/diariotextual.com\/inicio\/wp-content\/uploads\/2024\/10\/choquemultipleelfortin2024-2-1024x768.jpg\" alt=\"\" class=\"wp-image-279606\" srcset=\"https:\/\/diariotextual.com\/inicio\/wp-content\/uploads\/2024\/10\/choquemultipleelfortin2024-2-1024x768.jpg 1024w, https:\/\/diariotextual.com\/inicio\/wp-content\/uploads\/2024\/10\/choquemultipleelfortin2024-2-300x225.jpg 300w, https:\/\/diariotextual.com\/inicio\/wp-content\/uploads\/2024\/10\/choquemultipleelfortin2024-2-768x576.jpg 768w, https:\/\/diariotextual.com\/inicio\/wp-content\/uploads\/2024\/10\/choquemultipleelfortin2024-2-1536x1152.jpg 1536w, https:\/\/diariotextual.com\/inicio\/wp-content\/uploads\/2024\/10\/choquemultipleelfortin2024-2-1170x878.jpg 1170w, https:\/\/diariotextual.com\/inicio\/wp-content\/uploads\/2024\/10\/choquemultipleelfortin2024-2-585x439.jpg 585w, https:\/\/diariotextual.com\/inicio\/wp-content\/uploads\/2024\/10\/choquemultipleelfortin2024-2.jpg 1600w\" sizes=\"(max-width: 1024px) 100vw, 1024px\" \/><\/figure>\n\n\n\n<p>Primero la pickup choc\u00f3 a una Toyota Hilux. Esta a su vez, embisti\u00f3 a un Renault 19. La S-10 sigui\u00f3 su recorrido y tambi\u00e9n choc\u00f3 a un Chevrolet Corsa. Y \u00e9ste, a su vez, embisti\u00f3 a una Ford Ecosport.<\/p>\n\n\n\n<p>El conductor de la Chevrolet fue hospitalizado. Estaba alcoholizado: la prueba dio 1,31 g\/l, informaron fuentes de la investigaci\u00f3n a Diario Textual.<\/p>\n\n\n\n<p>\u201cSe labra acta de comprobaci\u00f3n por conducir en estado de intoxicaci\u00f3n, falta de seguro obligatorio y c\u00e9dula. La camioneta fue retenida\u201d, comunicaron.<\/p>\n\n\n\n<p><\/p>\n","protected":false},"excerpt":{"rendered":"<p>Un hombre de 35 a\u00f1os de edad, alcoholizado y a bordo de una camioneta Chevrolet S10, provoc\u00f3 un choque m\u00faltiple en la esquina de El Fort\u00edn y Juan B. Justo,&hellip;<\/p>\n","protected":false},"author":3,"featured_media":279605,"comment_status":"closed","ping_status":"open","sticky":false,"template":"","format":"standard","meta":{"_acf_changed":false,"footnotes":""},"categories":[4,12],"tags":[],"class_list":["post-279604","post","type-post","status-publish","format-standard","has-post-thumbnail","hentry","category-destacadas","category-sociedad"],"acf":[],"yoast_head":"<!-- This site is optimized with the Yoast SEO plugin v27.4 - https:\/\/yoast.com\/product\/yoast-seo-wordpress\/ -->\n<title>Alcoholizado, provoc\u00f3 un choque m\u00faltiple en Santa Rosa: cinco veh\u00edculos involucrados - Diario Textual<\/title>\n<meta name=\"robots\" content=\"index, follow, max-snippet:-1, max-image-preview:large, max-video-preview:-1\" \/>\n<link rel=\"canonical\" href=\"https:\/\/diariotextual.com\/inicio\/index.php\/2024\/10\/27\/alcoholizado-provoco-un-choque-multiple-en-santa-rosa-cinco-vehiculos-involucrados\/\" \/>\n<meta property=\"og:locale\" content=\"es_ES\" \/>\n<meta property=\"og:type\" content=\"article\" \/>\n<meta property=\"og:title\" content=\"Alcoholizado, provoc\u00f3 un choque m\u00faltiple en Santa Rosa: cinco veh\u00edculos involucrados - Diario Textual\" \/>\n<meta property=\"og:description\" content=\"Un hombre de 35 a\u00f1os de edad, alcoholizado y a bordo de una camioneta Chevrolet S10, provoc\u00f3 un choque m\u00faltiple en la esquina de El Fort\u00edn y Juan B. Justo,&hellip;\" \/>\n<meta property=\"og:url\" content=\"https:\/\/diariotextual.com\/inicio\/index.php\/2024\/10\/27\/alcoholizado-provoco-un-choque-multiple-en-santa-rosa-cinco-vehiculos-involucrados\/\" \/>\n<meta property=\"og:site_name\" content=\"Diario Textual\" \/>\n<meta property=\"article:publisher\" content=\"https:\/\/www.facebook.com\/eltextual\" \/>\n<meta property=\"article:published_time\" content=\"2024-10-28T01:04:54+00:00\" \/>\n<meta property=\"article:modified_time\" content=\"2024-10-28T01:04:56+00:00\" \/>\n<meta property=\"og:image\" content=\"https:\/\/diariotextual.com\/inicio\/wp-content\/uploads\/2024\/10\/choquemultipleelfortin2024-1.jpg\" \/>\n\t<meta property=\"og:image:width\" content=\"1600\" \/>\n\t<meta property=\"og:image:height\" content=\"1200\" \/>\n\t<meta property=\"og:image:type\" content=\"image\/jpeg\" \/>\n<meta name=\"author\" content=\"Diario1 Diario1\" \/>\n<meta name=\"twitter:card\" content=\"summary_large_image\" \/>\n<meta name=\"twitter:creator\" content=\"@eltextual\" \/>\n<meta name=\"twitter:site\" content=\"@eltextual\" \/>\n<meta name=\"twitter:label1\" content=\"Escrito por\" \/>\n\t<meta name=\"twitter:data1\" content=\"Diario1 Diario1\" \/>\n\t<meta name=\"twitter:label2\" content=\"Tiempo de lectura\" \/>\n\t<meta name=\"twitter:data2\" content=\"1 minuto\" \/>\n<script type=\"application\/ld+json\" class=\"yoast-schema-graph\">{\"@context\":\"https:\\\/\\\/schema.org\",\"@graph\":[{\"@type\":\"Article\",\"@id\":\"https:\\\/\\\/diariotextual.com\\\/inicio\\\/index.php\\\/2024\\\/10\\\/27\\\/alcoholizado-provoco-un-choque-multiple-en-santa-rosa-cinco-vehiculos-involucrados\\\/#article\",\"isPartOf\":{\"@id\":\"https:\\\/\\\/diariotextual.com\\\/inicio\\\/index.php\\\/2024\\\/10\\\/27\\\/alcoholizado-provoco-un-choque-multiple-en-santa-rosa-cinco-vehiculos-involucrados\\\/\"},\"author\":{\"name\":\"Diario1 Diario1\",\"@id\":\"https:\\\/\\\/diariotextual.com\\\/inicio\\\/#\\\/schema\\\/person\\\/418fc4093c33e86ed41562db3508f958\"},\"headline\":\"Alcoholizado, provoc\u00f3 un choque m\u00faltiple en Santa Rosa: cinco veh\u00edculos involucrados\",\"datePublished\":\"2024-10-28T01:04:54+00:00\",\"dateModified\":\"2024-10-28T01:04:56+00:00\",\"mainEntityOfPage\":{\"@id\":\"https:\\\/\\\/diariotextual.com\\\/inicio\\\/index.php\\\/2024\\\/10\\\/27\\\/alcoholizado-provoco-un-choque-multiple-en-santa-rosa-cinco-vehiculos-involucrados\\\/\"},\"wordCount\":148,\"publisher\":{\"@id\":\"https:\\\/\\\/diariotextual.com\\\/inicio\\\/#organization\"},\"image\":{\"@id\":\"https:\\\/\\\/diariotextual.com\\\/inicio\\\/index.php\\\/2024\\\/10\\\/27\\\/alcoholizado-provoco-un-choque-multiple-en-santa-rosa-cinco-vehiculos-involucrados\\\/#primaryimage\"},\"thumbnailUrl\":\"https:\\\/\\\/diariotextual.com\\\/inicio\\\/wp-content\\\/uploads\\\/2024\\\/10\\\/choquemultipleelfortin2024-1.jpg\",\"articleSection\":[\"A - DESTACADAS (mod 16)\",\"SOCIEDAD\"],\"inLanguage\":\"es\"},{\"@type\":\"WebPage\",\"@id\":\"https:\\\/\\\/diariotextual.com\\\/inicio\\\/index.php\\\/2024\\\/10\\\/27\\\/alcoholizado-provoco-un-choque-multiple-en-santa-rosa-cinco-vehiculos-involucrados\\\/\",\"url\":\"https:\\\/\\\/diariotextual.com\\\/inicio\\\/index.php\\\/2024\\\/10\\\/27\\\/alcoholizado-provoco-un-choque-multiple-en-santa-rosa-cinco-vehiculos-involucrados\\\/\",\"name\":\"Alcoholizado, provoc\u00f3 un choque m\u00faltiple en Santa Rosa: cinco veh\u00edculos involucrados - Diario Textual\",\"isPartOf\":{\"@id\":\"https:\\\/\\\/diariotextual.com\\\/inicio\\\/#website\"},\"primaryImageOfPage\":{\"@id\":\"https:\\\/\\\/diariotextual.com\\\/inicio\\\/index.php\\\/2024\\\/10\\\/27\\\/alcoholizado-provoco-un-choque-multiple-en-santa-rosa-cinco-vehiculos-involucrados\\\/#primaryimage\"},\"image\":{\"@id\":\"https:\\\/\\\/diariotextual.com\\\/inicio\\\/index.php\\\/2024\\\/10\\\/27\\\/alcoholizado-provoco-un-choque-multiple-en-santa-rosa-cinco-vehiculos-involucrados\\\/#primaryimage\"},\"thumbnailUrl\":\"https:\\\/\\\/diariotextual.com\\\/inicio\\\/wp-content\\\/uploads\\\/2024\\\/10\\\/choquemultipleelfortin2024-1.jpg\",\"datePublished\":\"2024-10-28T01:04:54+00:00\",\"dateModified\":\"2024-10-28T01:04:56+00:00\",\"breadcrumb\":{\"@id\":\"https:\\\/\\\/diariotextual.com\\\/inicio\\\/index.php\\\/2024\\\/10\\\/27\\\/alcoholizado-provoco-un-choque-multiple-en-santa-rosa-cinco-vehiculos-involucrados\\\/#breadcrumb\"},\"inLanguage\":\"es\",\"potentialAction\":[{\"@type\":\"ReadAction\",\"target\":[\"https:\\\/\\\/diariotextual.com\\\/inicio\\\/index.php\\\/2024\\\/10\\\/27\\\/alcoholizado-provoco-un-choque-multiple-en-santa-rosa-cinco-vehiculos-involucrados\\\/\"]}]},{\"@type\":\"ImageObject\",\"inLanguage\":\"es\",\"@id\":\"https:\\\/\\\/diariotextual.com\\\/inicio\\\/index.php\\\/2024\\\/10\\\/27\\\/alcoholizado-provoco-un-choque-multiple-en-santa-rosa-cinco-vehiculos-involucrados\\\/#primaryimage\",\"url\":\"https:\\\/\\\/diariotextual.com\\\/inicio\\\/wp-content\\\/uploads\\\/2024\\\/10\\\/choquemultipleelfortin2024-1.jpg\",\"contentUrl\":\"https:\\\/\\\/diariotextual.com\\\/inicio\\\/wp-content\\\/uploads\\\/2024\\\/10\\\/choquemultipleelfortin2024-1.jpg\",\"width\":1600,\"height\":1200},{\"@type\":\"BreadcrumbList\",\"@id\":\"https:\\\/\\\/diariotextual.com\\\/inicio\\\/index.php\\\/2024\\\/10\\\/27\\\/alcoholizado-provoco-un-choque-multiple-en-santa-rosa-cinco-vehiculos-involucrados\\\/#breadcrumb\",\"itemListElement\":[{\"@type\":\"ListItem\",\"position\":1,\"name\":\"Portada\",\"item\":\"https:\\\/\\\/diariotextual.com\\\/inicio\\\/\"},{\"@type\":\"ListItem\",\"position\":2,\"name\":\"Alcoholizado, provoc\u00f3 un choque m\u00faltiple en Santa Rosa: cinco veh\u00edculos involucrados\"}]},{\"@type\":\"WebSite\",\"@id\":\"https:\\\/\\\/diariotextual.com\\\/inicio\\\/#website\",\"url\":\"https:\\\/\\\/diariotextual.com\\\/inicio\\\/\",\"name\":\"Diario Textual\",\"description\":\"\",\"publisher\":{\"@id\":\"https:\\\/\\\/diariotextual.com\\\/inicio\\\/#organization\"},\"potentialAction\":[{\"@type\":\"SearchAction\",\"target\":{\"@type\":\"EntryPoint\",\"urlTemplate\":\"https:\\\/\\\/diariotextual.com\\\/inicio\\\/?s={search_term_string}\"},\"query-input\":{\"@type\":\"PropertyValueSpecification\",\"valueRequired\":true,\"valueName\":\"search_term_string\"}}],\"inLanguage\":\"es\"},{\"@type\":\"Organization\",\"@id\":\"https:\\\/\\\/diariotextual.com\\\/inicio\\\/#organization\",\"name\":\"Diario Textual\",\"url\":\"https:\\\/\\\/diariotextual.com\\\/inicio\\\/\",\"logo\":{\"@type\":\"ImageObject\",\"inLanguage\":\"es\",\"@id\":\"https:\\\/\\\/diariotextual.com\\\/inicio\\\/#\\\/schema\\\/logo\\\/image\\\/\",\"url\":\"https:\\\/\\\/diariotextual.com\\\/inicio\\\/wp-content\\\/uploads\\\/2023\\\/05\\\/logotextual1.jpg\",\"contentUrl\":\"https:\\\/\\\/diariotextual.com\\\/inicio\\\/wp-content\\\/uploads\\\/2023\\\/05\\\/logotextual1.jpg\",\"width\":516,\"height\":76,\"caption\":\"Diario Textual\"},\"image\":{\"@id\":\"https:\\\/\\\/diariotextual.com\\\/inicio\\\/#\\\/schema\\\/logo\\\/image\\\/\"},\"sameAs\":[\"https:\\\/\\\/www.facebook.com\\\/eltextual\",\"https:\\\/\\\/x.com\\\/eltextual\",\"http:\\\/\\\/www.instagram.com\\\/eltextual\"]},{\"@type\":\"Person\",\"@id\":\"https:\\\/\\\/diariotextual.com\\\/inicio\\\/#\\\/schema\\\/person\\\/418fc4093c33e86ed41562db3508f958\",\"name\":\"Diario1 Diario1\",\"image\":{\"@type\":\"ImageObject\",\"inLanguage\":\"es\",\"@id\":\"https:\\\/\\\/secure.gravatar.com\\\/avatar\\\/9167d280179c85bc18be67aa7eda765854300033af4896dd779b608640f2ef7a?s=96&d=mm&r=g\",\"url\":\"https:\\\/\\\/secure.gravatar.com\\\/avatar\\\/9167d280179c85bc18be67aa7eda765854300033af4896dd779b608640f2ef7a?s=96&d=mm&r=g\",\"contentUrl\":\"https:\\\/\\\/secure.gravatar.com\\\/avatar\\\/9167d280179c85bc18be67aa7eda765854300033af4896dd779b608640f2ef7a?s=96&d=mm&r=g\",\"caption\":\"Diario1 Diario1\"},\"url\":\"https:\\\/\\\/diariotextual.com\\\/inicio\\\/index.php\\\/author\\\/diario1\\\/\"}]}<\/script>\n<!-- \/ Yoast SEO plugin. -->","yoast_head_json":{"title":"Alcoholizado, provoc\u00f3 un choque m\u00faltiple en Santa Rosa: cinco veh\u00edculos involucrados - Diario Textual","robots":{"index":"index","follow":"follow","max-snippet":"max-snippet:-1","max-image-preview":"max-image-preview:large","max-video-preview":"max-video-preview:-1"},"canonical":"https:\/\/diariotextual.com\/inicio\/index.php\/2024\/10\/27\/alcoholizado-provoco-un-choque-multiple-en-santa-rosa-cinco-vehiculos-involucrados\/","og_locale":"es_ES","og_type":"article","og_title":"Alcoholizado, provoc\u00f3 un choque m\u00faltiple en Santa Rosa: cinco veh\u00edculos involucrados - Diario Textual","og_description":"Un hombre de 35 a\u00f1os de edad, alcoholizado y a bordo de una camioneta Chevrolet S10, provoc\u00f3 un choque m\u00faltiple en la esquina de El Fort\u00edn y Juan B. Justo,&hellip;","og_url":"https:\/\/diariotextual.com\/inicio\/index.php\/2024\/10\/27\/alcoholizado-provoco-un-choque-multiple-en-santa-rosa-cinco-vehiculos-involucrados\/","og_site_name":"Diario Textual","article_publisher":"https:\/\/www.facebook.com\/eltextual","article_published_time":"2024-10-28T01:04:54+00:00","article_modified_time":"2024-10-28T01:04:56+00:00","og_image":[{"width":1600,"height":1200,"url":"https:\/\/diariotextual.com\/inicio\/wp-content\/uploads\/2024\/10\/choquemultipleelfortin2024-1.jpg","type":"image\/jpeg"}],"author":"Diario1 Diario1","twitter_card":"summary_large_image","twitter_creator":"@eltextual","twitter_site":"@eltextual","twitter_misc":{"Escrito por":"Diario1 Diario1","Tiempo de lectura":"1 minuto"},"schema":{"@context":"https:\/\/schema.org","@graph":[{"@type":"Article","@id":"https:\/\/diariotextual.com\/inicio\/index.php\/2024\/10\/27\/alcoholizado-provoco-un-choque-multiple-en-santa-rosa-cinco-vehiculos-involucrados\/#article","isPartOf":{"@id":"https:\/\/diariotextual.com\/inicio\/index.php\/2024\/10\/27\/alcoholizado-provoco-un-choque-multiple-en-santa-rosa-cinco-vehiculos-involucrados\/"},"author":{"name":"Diario1 Diario1","@id":"https:\/\/diariotextual.com\/inicio\/#\/schema\/person\/418fc4093c33e86ed41562db3508f958"},"headline":"Alcoholizado, provoc\u00f3 un choque m\u00faltiple en Santa Rosa: cinco veh\u00edculos involucrados","datePublished":"2024-10-28T01:04:54+00:00","dateModified":"2024-10-28T01:04:56+00:00","mainEntityOfPage":{"@id":"https:\/\/diariotextual.com\/inicio\/index.php\/2024\/10\/27\/alcoholizado-provoco-un-choque-multiple-en-santa-rosa-cinco-vehiculos-involucrados\/"},"wordCount":148,"publisher":{"@id":"https:\/\/diariotextual.com\/inicio\/#organization"},"image":{"@id":"https:\/\/diariotextual.com\/inicio\/index.php\/2024\/10\/27\/alcoholizado-provoco-un-choque-multiple-en-santa-rosa-cinco-vehiculos-involucrados\/#primaryimage"},"thumbnailUrl":"https:\/\/diariotextual.com\/inicio\/wp-content\/uploads\/2024\/10\/choquemultipleelfortin2024-1.jpg","articleSection":["A - DESTACADAS (mod 16)","SOCIEDAD"],"inLanguage":"es"},{"@type":"WebPage","@id":"https:\/\/diariotextual.com\/inicio\/index.php\/2024\/10\/27\/alcoholizado-provoco-un-choque-multiple-en-santa-rosa-cinco-vehiculos-involucrados\/","url":"https:\/\/diariotextual.com\/inicio\/index.php\/2024\/10\/27\/alcoholizado-provoco-un-choque-multiple-en-santa-rosa-cinco-vehiculos-involucrados\/","name":"Alcoholizado, provoc\u00f3 un choque m\u00faltiple en Santa Rosa: cinco veh\u00edculos involucrados - Diario Textual","isPartOf":{"@id":"https:\/\/diariotextual.com\/inicio\/#website"},"primaryImageOfPage":{"@id":"https:\/\/diariotextual.com\/inicio\/index.php\/2024\/10\/27\/alcoholizado-provoco-un-choque-multiple-en-santa-rosa-cinco-vehiculos-involucrados\/#primaryimage"},"image":{"@id":"https:\/\/diariotextual.com\/inicio\/index.php\/2024\/10\/27\/alcoholizado-provoco-un-choque-multiple-en-santa-rosa-cinco-vehiculos-involucrados\/#primaryimage"},"thumbnailUrl":"https:\/\/diariotextual.com\/inicio\/wp-content\/uploads\/2024\/10\/choquemultipleelfortin2024-1.jpg","datePublished":"2024-10-28T01:04:54+00:00","dateModified":"2024-10-28T01:04:56+00:00","breadcrumb":{"@id":"https:\/\/diariotextual.com\/inicio\/index.php\/2024\/10\/27\/alcoholizado-provoco-un-choque-multiple-en-santa-rosa-cinco-vehiculos-involucrados\/#breadcrumb"},"inLanguage":"es","potentialAction":[{"@type":"ReadAction","target":["https:\/\/diariotextual.com\/inicio\/index.php\/2024\/10\/27\/alcoholizado-provoco-un-choque-multiple-en-santa-rosa-cinco-vehiculos-involucrados\/"]}]},{"@type":"ImageObject","inLanguage":"es","@id":"https:\/\/diariotextual.com\/inicio\/index.php\/2024\/10\/27\/alcoholizado-provoco-un-choque-multiple-en-santa-rosa-cinco-vehiculos-involucrados\/#primaryimage","url":"https:\/\/diariotextual.com\/inicio\/wp-content\/uploads\/2024\/10\/choquemultipleelfortin2024-1.jpg","contentUrl":"https:\/\/diariotextual.com\/inicio\/wp-content\/uploads\/2024\/10\/choquemultipleelfortin2024-1.jpg","width":1600,"height":1200},{"@type":"BreadcrumbList","@id":"https:\/\/diariotextual.com\/inicio\/index.php\/2024\/10\/27\/alcoholizado-provoco-un-choque-multiple-en-santa-rosa-cinco-vehiculos-involucrados\/#breadcrumb","itemListElement":[{"@type":"ListItem","position":1,"name":"Portada","item":"https:\/\/diariotextual.com\/inicio\/"},{"@type":"ListItem","position":2,"name":"Alcoholizado, provoc\u00f3 un choque m\u00faltiple en Santa Rosa: cinco veh\u00edculos involucrados"}]},{"@type":"WebSite","@id":"https:\/\/diariotextual.com\/inicio\/#website","url":"https:\/\/diariotextual.com\/inicio\/","name":"Diario Textual","description":"","publisher":{"@id":"https:\/\/diariotextual.com\/inicio\/#organization"},"potentialAction":[{"@type":"SearchAction","target":{"@type":"EntryPoint","urlTemplate":"https:\/\/diariotextual.com\/inicio\/?s={search_term_string}"},"query-input":{"@type":"PropertyValueSpecification","valueRequired":true,"valueName":"search_term_string"}}],"inLanguage":"es"},{"@type":"Organization","@id":"https:\/\/diariotextual.com\/inicio\/#organization","name":"Diario Textual","url":"https:\/\/diariotextual.com\/inicio\/","logo":{"@type":"ImageObject","inLanguage":"es","@id":"https:\/\/diariotextual.com\/inicio\/#\/schema\/logo\/image\/","url":"https:\/\/diariotextual.com\/inicio\/wp-content\/uploads\/2023\/05\/logotextual1.jpg","contentUrl":"https:\/\/diariotextual.com\/inicio\/wp-content\/uploads\/2023\/05\/logotextual1.jpg","width":516,"height":76,"caption":"Diario Textual"},"image":{"@id":"https:\/\/diariotextual.com\/inicio\/#\/schema\/logo\/image\/"},"sameAs":["https:\/\/www.facebook.com\/eltextual","https:\/\/x.com\/eltextual","http:\/\/www.instagram.com\/eltextual"]},{"@type":"Person","@id":"https:\/\/diariotextual.com\/inicio\/#\/schema\/person\/418fc4093c33e86ed41562db3508f958","name":"Diario1 Diario1","image":{"@type":"ImageObject","inLanguage":"es","@id":"https:\/\/secure.gravatar.com\/avatar\/9167d280179c85bc18be67aa7eda765854300033af4896dd779b608640f2ef7a?s=96&d=mm&r=g","url":"https:\/\/secure.gravatar.com\/avatar\/9167d280179c85bc18be67aa7eda765854300033af4896dd779b608640f2ef7a?s=96&d=mm&r=g","contentUrl":"https:\/\/secure.gravatar.com\/avatar\/9167d280179c85bc18be67aa7eda765854300033af4896dd779b608640f2ef7a?s=96&d=mm&r=g","caption":"Diario1 Diario1"},"url":"https:\/\/diariotextual.com\/inicio\/index.php\/author\/diario1\/"}]}},"_links":{"self":[{"href":"https:\/\/diariotextual.com\/inicio\/index.php\/wp-json\/wp\/v2\/posts\/279604","targetHints":{"allow":["GET"]}}],"collection":[{"href":"https:\/\/diariotextual.com\/inicio\/index.php\/wp-json\/wp\/v2\/posts"}],"about":[{"href":"https:\/\/diariotextual.com\/inicio\/index.php\/wp-json\/wp\/v2\/types\/post"}],"author":[{"embeddable":true,"href":"https:\/\/diariotextual.com\/inicio\/index.php\/wp-json\/wp\/v2\/users\/3"}],"replies":[{"embeddable":true,"href":"https:\/\/diariotextual.com\/inicio\/index.php\/wp-json\/wp\/v2\/comments?post=279604"}],"version-history":[{"count":1,"href":"https:\/\/diariotextual.com\/inicio\/index.php\/wp-json\/wp\/v2\/posts\/279604\/revisions"}],"predecessor-version":[{"id":279607,"href":"https:\/\/diariotextual.com\/inicio\/index.php\/wp-json\/wp\/v2\/posts\/279604\/revisions\/279607"}],"wp:featuredmedia":[{"embeddable":true,"href":"https:\/\/diariotextual.com\/inicio\/index.php\/wp-json\/wp\/v2\/media\/279605"}],"wp:attachment":[{"href":"https:\/\/diariotextual.com\/inicio\/index.php\/wp-json\/wp\/v2\/media?parent=279604"}],"wp:term":[{"taxonomy":"category","embeddable":true,"href":"https:\/\/diariotextual.com\/inicio\/index.php\/wp-json\/wp\/v2\/categories?post=279604"},{"taxonomy":"post_tag","embeddable":true,"href":"https:\/\/diariotextual.com\/inicio\/index.php\/wp-json\/wp\/v2\/tags?post=279604"}],"curies":[{"name":"wp","href":"https:\/\/api.w.org\/{rel}","templated":true}]}}