{"id":27999,"date":"2018-11-20T12:22:08","date_gmt":"2018-11-20T15:22:08","guid":{"rendered":"http:\/\/diariotextual.com\/inicio\/?p=27999"},"modified":"2018-11-21T08:20:44","modified_gmt":"2018-11-21T11:20:44","slug":"elecciones-2019-las-trampas-deja-la-cuenta-regresiva","status":"publish","type":"post","link":"https:\/\/diariotextual.com\/inicio\/index.php\/2018\/11\/20\/elecciones-2019-las-trampas-deja-la-cuenta-regresiva\/","title":{"rendered":"Elecciones 2019: las trampas que deja la cuenta regresiva"},"content":{"rendered":"<p><strong>Por Norberto Asquini<\/strong><!--more--><\/p>\n<p>Este martes se anunci\u00f3 el <strong>cronograma electoral<\/strong> para La Pampa. Por primera vez, habr\u00e1 desdoblamiento de los comicios locales con los cargos nacionales. <strong>En tres semanas deber\u00e1n conformarse las alianzas<\/strong> y dejar establecidos los acuerdos internos. Esta cuenta regresiva a 2019 deja <strong>varias trampas camino a los acuerdos<\/strong>.<\/p>\n<p>&nbsp;<\/p>\n<p><strong>Ya no quedan misterios<\/strong><\/p>\n<p><strong>Se acab\u00f3 el misterio,<\/strong> si bien ya se supon\u00edan las fechas tentativas que iban a tener las elecciones de 2019. Algunos habitantes del mundo pol\u00edtico provincial ser\u00e1n ganados por la incertidumbre, otros por el p\u00e1nico y tambi\u00e9n los habr\u00e1 por el alivio. Ya no hay lugar para los indiferentes o especuladores. <strong>El que no figure de ac\u00e1 a tres semanas en alg\u00fan acuerdo, se perder\u00e1 el tren de los pr\u00f3ximos cuatro a\u00f1os<\/strong>.<\/p>\n<p>El gobernador Carlos<strong> Verna defini\u00f3 la fecha para el 19 de mayo y meti\u00f3 as\u00ed presi\u00f3n a todos los actores del escenario pol\u00edtico con el cronograma definitivo. No solo a la oposici\u00f3n, que dividida y dispersa, deber\u00e1 conformar una coalici\u00f3n marcada por los desentendimientos. Tambi\u00e9n al PJ y sus aliados que deber\u00e1n cerrar el \u00abgran acuerdo\u00bb donde figuren todos los sectores, y que son bastantes. Tienen tiempo hasta el 10 de diciembre, plazo m\u00e1ximo para presentar las alianzas.<\/strong><\/p>\n<p>&nbsp;<\/p>\n<blockquote class=\"wp-embedded-content\" data-secret=\"CYfUyPJnSB\"><p><a href=\"http:\/\/diariotextual.com\/inicio\/index.php\/2018\/11\/20\/las-elecciones-generales-la-pampa-seran-19-mayo\/\">Las elecciones provinciales ser\u00e1n el 19 de mayo: este es el cronograma<\/a><\/p><\/blockquote>\n<p><iframe class=\"wp-embedded-content\" sandbox=\"allow-scripts\" security=\"restricted\" style=\"position: absolute; clip: rect(1px, 1px, 1px, 1px);\" src=\"http:\/\/diariotextual.com\/inicio\/index.php\/2018\/11\/20\/las-elecciones-generales-la-pampa-seran-19-mayo\/embed\/#?secret=CYfUyPJnSB\" data-secret=\"CYfUyPJnSB\" width=\"600\" height=\"338\" title=\"&#8220;Las elecciones provinciales ser\u00e1n el 19 de mayo: este es el cronograma&#8221; &#8212; Diario Textual\" frameborder=\"0\" marginwidth=\"0\" marginheight=\"0\" scrolling=\"no\"><\/iframe><\/p>\n<p>Igualmente el gran escenario en el que se deber\u00e1n acomodar las fichas se conoce: la no reelecci\u00f3n de Verna y la b\u00fasqueda de un sucesor y la polarizaci\u00f3n entre dos frentes que representan Justicialismo y Cambiemos.<\/p>\n<p>&nbsp;<\/p>\n<p><strong>Un acuerdo bajo presi\u00f3n<\/strong><\/p>\n<p>Las fechas electorales disparan los tiempos. En menos de tres semanas se deber\u00e1n conformar las alianzas sobre el segundo fin de semana de diciembre, lo que implica cerrar los acuerdos entre fuerzas bajo presi\u00f3n. La estrategia de desdoblar las elecciones provinciales con las nacionales fue para evitar que la interna peronista nacional pudiera agitar a la tropa propia. Pero tiene consecuencias para todos los sectores: <strong>Verna deja sin espacio para las aventuras dentro del PJ y fuerza a cerrar filas detr\u00e1s de un gran acuerdo<\/strong>. No ser\u00e1 el que encabece, pero es el garante del gran acuerdo, tanto para las l\u00edneas internas como para los partidos aliados. El mandatario se tom\u00f3 varios d\u00edas por su tratamiento (que deber\u00e1 retomar en breve) y a su regreso se intern\u00f3 en la residencia gubernamental para preservarse. Solo atiende el tel\u00e9fono por cuestiones de suma importancia. Todav\u00eda Verna no se sent\u00f3 a hablar de las listas con ning\u00fan sector. Hay un vac\u00edo pol\u00edtico, un tiempo muerto, a la espera de sus definiciones, que hace que algunos se apuren. <strong>Rub\u00e9n Mar\u00edn ya sali\u00f3 a discutir la pertinencia del \u00abdedo elector\u00bb. \u00bfEstar\u00e1 presionando? Eso no lo s\u00e9, es el chiste obvio, pero Mar\u00edn sabe de tiempos y de acuerdos y m\u00e1s que amenaza es su forma de enviar un mensaje<\/strong>. El gran acuerdo no solo implica ordenar la heterog\u00e9nea tropa peronista, sino la incorporaci\u00f3n de los posibles aliados para ensanchar los m\u00e1rgenes. Aunque se corre con ventaja, est\u00e1 presente el ajustado resultado de las legislativas de 2017 y como inc\u00f3gnita una campa\u00f1a a iniciar en breve con un candidato nuevo.<\/p>\n<p>&nbsp;<\/p>\n<p><strong>Oposici\u00f3n en apuros<\/strong><\/p>\n<p>Pero<strong> la estrategia de las fechas pr\u00f3ximas tambi\u00e9n constri\u00f1e a la oposici\u00f3n.<\/strong> A la divisi\u00f3n entre PRO y los radicales y sus diferencias pol\u00edticas y personales, se le suma el internismo cr\u00f3nico radical. El Cambiemos pampeano deber\u00e1 acordar su alianza a contramarcha. Y antes deber\u00e1n cerrar los radicales un candidato propio para enfrentar al PRO, y acordar las listas. En roscas y cierres a \u00faltimo momento son expertos, pero esta vez est\u00e1 m\u00e1s complicado. Lanzar\u00e1n una encuesta para determinar cu\u00e1l de los tres precandidatos a gobernador ser\u00e1 el que encabece, y esperan que est\u00e9 a tiempo. No va a quedar mucho para sentarse a discutir y puede ser una carnicer\u00eda.<\/p>\n<p>El PRO le ha sacado ventaja. Ya tiene candidato a gobernador instalado y en campa\u00f1a, postulantes para General Pico (que es fuerte en ese territorio), Santa Rosa (aunque m\u00e1s flojo) y otras localidades. Y hasta Mac Allister recibi\u00f3 el envi\u00f3n del presidente Macri quien realiz\u00f3 una entrevista radial para bendecirlo como su favorito. Cambiemos tiene apellido propio.<\/p>\n<p>&nbsp;<\/p>\n<p><strong>Las grieta pampeana, a full<\/strong><\/p>\n<p>En La Pampa hay una grieta provincial tan marcada como la nacional, y que abreva de ella. A la tradicional disputa peronismo-no peronismo (o antiperonismo) ahora se suma el clivaje Provincia-Naci\u00f3n. El PJ tratar\u00e1 de nacionalizar la campa\u00f1a, y Cambiemos de provincializarla. Sin embargo, ambas perspectivas se confunden y potencian.<\/p>\n<p>La Corte Suprema le dio una victoria importante a Verna y al PJ al reconocerle la deuda que tiene Naci\u00f3n con la Provincia. El Frente Justicialista defender\u00e1 La Pampa, pero ser\u00e1 ante un modelo nacional que la discrimina. Promociona que no hace ajuste sino inversiones en Salud y paga los aumentos por encima de la inflaci\u00f3n a los estatales y un bono mayor al de Naci\u00f3n. El libreto es conocido.<\/p>\n<p>Cambiemos-Pro comenzar\u00e1 sacudir una agenda provincial, pero que no dejar\u00e1 de estar anclada en temas nacionales. Mac Allister pidi\u00f3 \u00abcambiar con las formas\u00bb y \u00abrelacionarnos con el pa\u00eds y el mundo\u00bb sin peleas. Es la l\u00ednea nacional de sacar a La Pampa de la l\u00ednea del populismo y bajar a La Pampa los latiguillos que se han aplicado contra el kirchnerismo en elecciones pasadas.<\/p>\n<p>Para la estrategia del Frente Justicialista hay una normalidad que se extender\u00e1 a los pr\u00f3ximos meses: un pa\u00eds con malos \u00edndices econ\u00f3micos, inflaci\u00f3n y ajuste. Para Cambiemos-Pro, se mantienen los escenarios pol\u00edticos de 2017 a nivel nacional con un peronismo dividido, a pesar de la ca\u00edda en la imagen del presidente, y se espera que mejoren los \u00edndices econ\u00f3micos en los pr\u00f3ximos meses. Dos visiones totalmente contrapuestas del pa\u00eds y de la provincia. Dos lados de una grieta provincial.<\/p>\n<blockquote class=\"wp-embedded-content\" data-secret=\"UIk5Vdz37U\"><p><a href=\"http:\/\/diariotextual.com\/inicio\/index.php\/2018\/11\/20\/la-ucr-apuros-del-10-diciembre-definir-al-precandidato-sumarse-cambiemos\/\">La UCR en apuros: antes del 10 de diciembre debe definir al precandidato y sumarse a Cambiemos<\/a><\/p><\/blockquote>\n<p><iframe class=\"wp-embedded-content\" sandbox=\"allow-scripts\" security=\"restricted\" style=\"position: absolute; clip: rect(1px, 1px, 1px, 1px);\" src=\"http:\/\/diariotextual.com\/inicio\/index.php\/2018\/11\/20\/la-ucr-apuros-del-10-diciembre-definir-al-precandidato-sumarse-cambiemos\/embed\/#?secret=UIk5Vdz37U\" data-secret=\"UIk5Vdz37U\" width=\"600\" height=\"338\" title=\"&#8220;La UCR en apuros: antes del 10 de diciembre debe definir al precandidato y sumarse a Cambiemos&#8221; &#8212; Diario Textual\" frameborder=\"0\" marginwidth=\"0\" marginheight=\"0\" scrolling=\"no\"><\/iframe><\/p>\n<p>&nbsp;<\/p>\n","protected":false},"excerpt":{"rendered":"<p>Por Norberto Asquini<\/p>\n","protected":false},"author":3,"featured_media":16748,"comment_status":"closed","ping_status":"open","sticky":false,"template":"","format":"standard","meta":{"_acf_changed":false,"footnotes":""},"categories":[10,8],"tags":[124,332,868,191,19],"class_list":["post-27999","post","type-post","status-publish","format-standard","has-post-thumbnail","hentry","category-portada-2","category-politica","tag-asquini","tag-cambiemos","tag-cronograma","tag-ucr","tag-verna"],"acf":[],"yoast_head":"<!-- This site is optimized with the Yoast SEO plugin v27.5 - https:\/\/yoast.com\/product\/yoast-seo-wordpress\/ -->\n<title>Elecciones 2019: las trampas que deja la cuenta regresiva - Diario Textual<\/title>\n<meta name=\"robots\" content=\"index, follow, max-snippet:-1, max-image-preview:large, max-video-preview:-1\" \/>\n<link rel=\"canonical\" href=\"https:\/\/diariotextual.com\/inicio\/index.php\/2018\/11\/20\/elecciones-2019-las-trampas-deja-la-cuenta-regresiva\/\" \/>\n<meta property=\"og:locale\" content=\"es_ES\" \/>\n<meta property=\"og:type\" content=\"article\" \/>\n<meta property=\"og:title\" content=\"Elecciones 2019: las trampas que deja la cuenta regresiva - Diario Textual\" \/>\n<meta property=\"og:description\" content=\"Por Norberto Asquini\" \/>\n<meta property=\"og:url\" content=\"https:\/\/diariotextual.com\/inicio\/index.php\/2018\/11\/20\/elecciones-2019-las-trampas-deja-la-cuenta-regresiva\/\" \/>\n<meta property=\"og:site_name\" content=\"Diario Textual\" \/>\n<meta property=\"article:publisher\" content=\"https:\/\/www.facebook.com\/eltextual\" \/>\n<meta property=\"article:published_time\" content=\"2018-11-20T15:22:08+00:00\" \/>\n<meta property=\"article:modified_time\" content=\"2018-11-21T11:20:44+00:00\" \/>\n<meta property=\"og:image\" content=\"https:\/\/diariotextual.com\/inicio\/wp-content\/uploads\/2018\/08\/eleccionestelam00121212.jpg\" \/>\n\t<meta property=\"og:image:width\" content=\"645\" \/>\n\t<meta property=\"og:image:height\" content=\"430\" \/>\n\t<meta property=\"og:image:type\" content=\"image\/jpeg\" \/>\n<meta name=\"author\" content=\"Diario1 Diario1\" \/>\n<meta name=\"twitter:card\" content=\"summary_large_image\" \/>\n<meta name=\"twitter:creator\" content=\"@eltextual\" \/>\n<meta name=\"twitter:site\" content=\"@eltextual\" \/>\n<meta name=\"twitter:label1\" content=\"Escrito por\" \/>\n\t<meta name=\"twitter:data1\" content=\"Diario1 Diario1\" \/>\n\t<meta name=\"twitter:label2\" content=\"Tiempo de lectura\" \/>\n\t<meta name=\"twitter:data2\" content=\"5 minutos\" \/>\n<script type=\"application\/ld+json\" class=\"yoast-schema-graph\">{\"@context\":\"https:\\\/\\\/schema.org\",\"@graph\":[{\"@type\":\"Article\",\"@id\":\"https:\\\/\\\/diariotextual.com\\\/inicio\\\/index.php\\\/2018\\\/11\\\/20\\\/elecciones-2019-las-trampas-deja-la-cuenta-regresiva\\\/#article\",\"isPartOf\":{\"@id\":\"https:\\\/\\\/diariotextual.com\\\/inicio\\\/index.php\\\/2018\\\/11\\\/20\\\/elecciones-2019-las-trampas-deja-la-cuenta-regresiva\\\/\"},\"author\":{\"name\":\"Diario1 Diario1\",\"@id\":\"https:\\\/\\\/diariotextual.com\\\/inicio\\\/#\\\/schema\\\/person\\\/418fc4093c33e86ed41562db3508f958\"},\"headline\":\"Elecciones 2019: las trampas que deja la cuenta regresiva\",\"datePublished\":\"2018-11-20T15:22:08+00:00\",\"dateModified\":\"2018-11-21T11:20:44+00:00\",\"mainEntityOfPage\":{\"@id\":\"https:\\\/\\\/diariotextual.com\\\/inicio\\\/index.php\\\/2018\\\/11\\\/20\\\/elecciones-2019-las-trampas-deja-la-cuenta-regresiva\\\/\"},\"wordCount\":1044,\"publisher\":{\"@id\":\"https:\\\/\\\/diariotextual.com\\\/inicio\\\/#organization\"},\"image\":{\"@id\":\"https:\\\/\\\/diariotextual.com\\\/inicio\\\/index.php\\\/2018\\\/11\\\/20\\\/elecciones-2019-las-trampas-deja-la-cuenta-regresiva\\\/#primaryimage\"},\"thumbnailUrl\":\"https:\\\/\\\/diariotextual.com\\\/inicio\\\/wp-content\\\/uploads\\\/2018\\\/08\\\/eleccionestelam00121212.jpg\",\"keywords\":[\"asquini\",\"cambiemos\",\"cronograma\",\"ucr\",\"verna\"],\"articleSection\":[\"A - PORTADA2\",\"POLITICA\"],\"inLanguage\":\"es\"},{\"@type\":\"WebPage\",\"@id\":\"https:\\\/\\\/diariotextual.com\\\/inicio\\\/index.php\\\/2018\\\/11\\\/20\\\/elecciones-2019-las-trampas-deja-la-cuenta-regresiva\\\/\",\"url\":\"https:\\\/\\\/diariotextual.com\\\/inicio\\\/index.php\\\/2018\\\/11\\\/20\\\/elecciones-2019-las-trampas-deja-la-cuenta-regresiva\\\/\",\"name\":\"Elecciones 2019: las trampas que deja la cuenta regresiva - Diario Textual\",\"isPartOf\":{\"@id\":\"https:\\\/\\\/diariotextual.com\\\/inicio\\\/#website\"},\"primaryImageOfPage\":{\"@id\":\"https:\\\/\\\/diariotextual.com\\\/inicio\\\/index.php\\\/2018\\\/11\\\/20\\\/elecciones-2019-las-trampas-deja-la-cuenta-regresiva\\\/#primaryimage\"},\"image\":{\"@id\":\"https:\\\/\\\/diariotextual.com\\\/inicio\\\/index.php\\\/2018\\\/11\\\/20\\\/elecciones-2019-las-trampas-deja-la-cuenta-regresiva\\\/#primaryimage\"},\"thumbnailUrl\":\"https:\\\/\\\/diariotextual.com\\\/inicio\\\/wp-content\\\/uploads\\\/2018\\\/08\\\/eleccionestelam00121212.jpg\",\"datePublished\":\"2018-11-20T15:22:08+00:00\",\"dateModified\":\"2018-11-21T11:20:44+00:00\",\"breadcrumb\":{\"@id\":\"https:\\\/\\\/diariotextual.com\\\/inicio\\\/index.php\\\/2018\\\/11\\\/20\\\/elecciones-2019-las-trampas-deja-la-cuenta-regresiva\\\/#breadcrumb\"},\"inLanguage\":\"es\",\"potentialAction\":[{\"@type\":\"ReadAction\",\"target\":[\"https:\\\/\\\/diariotextual.com\\\/inicio\\\/index.php\\\/2018\\\/11\\\/20\\\/elecciones-2019-las-trampas-deja-la-cuenta-regresiva\\\/\"]}]},{\"@type\":\"ImageObject\",\"inLanguage\":\"es\",\"@id\":\"https:\\\/\\\/diariotextual.com\\\/inicio\\\/index.php\\\/2018\\\/11\\\/20\\\/elecciones-2019-las-trampas-deja-la-cuenta-regresiva\\\/#primaryimage\",\"url\":\"https:\\\/\\\/diariotextual.com\\\/inicio\\\/wp-content\\\/uploads\\\/2018\\\/08\\\/eleccionestelam00121212.jpg\",\"contentUrl\":\"https:\\\/\\\/diariotextual.com\\\/inicio\\\/wp-content\\\/uploads\\\/2018\\\/08\\\/eleccionestelam00121212.jpg\",\"width\":645,\"height\":430},{\"@type\":\"BreadcrumbList\",\"@id\":\"https:\\\/\\\/diariotextual.com\\\/inicio\\\/index.php\\\/2018\\\/11\\\/20\\\/elecciones-2019-las-trampas-deja-la-cuenta-regresiva\\\/#breadcrumb\",\"itemListElement\":[{\"@type\":\"ListItem\",\"position\":1,\"name\":\"Portada\",\"item\":\"https:\\\/\\\/diariotextual.com\\\/inicio\\\/\"},{\"@type\":\"ListItem\",\"position\":2,\"name\":\"Elecciones 2019: las trampas que deja la cuenta regresiva\"}]},{\"@type\":\"WebSite\",\"@id\":\"https:\\\/\\\/diariotextual.com\\\/inicio\\\/#website\",\"url\":\"https:\\\/\\\/diariotextual.com\\\/inicio\\\/\",\"name\":\"Diario Textual\",\"description\":\"\",\"publisher\":{\"@id\":\"https:\\\/\\\/diariotextual.com\\\/inicio\\\/#organization\"},\"potentialAction\":[{\"@type\":\"SearchAction\",\"target\":{\"@type\":\"EntryPoint\",\"urlTemplate\":\"https:\\\/\\\/diariotextual.com\\\/inicio\\\/?s={search_term_string}\"},\"query-input\":{\"@type\":\"PropertyValueSpecification\",\"valueRequired\":true,\"valueName\":\"search_term_string\"}}],\"inLanguage\":\"es\"},{\"@type\":\"Organization\",\"@id\":\"https:\\\/\\\/diariotextual.com\\\/inicio\\\/#organization\",\"name\":\"Diario Textual\",\"url\":\"https:\\\/\\\/diariotextual.com\\\/inicio\\\/\",\"logo\":{\"@type\":\"ImageObject\",\"inLanguage\":\"es\",\"@id\":\"https:\\\/\\\/diariotextual.com\\\/inicio\\\/#\\\/schema\\\/logo\\\/image\\\/\",\"url\":\"https:\\\/\\\/diariotextual.com\\\/inicio\\\/wp-content\\\/uploads\\\/2023\\\/05\\\/logotextual1.jpg\",\"contentUrl\":\"https:\\\/\\\/diariotextual.com\\\/inicio\\\/wp-content\\\/uploads\\\/2023\\\/05\\\/logotextual1.jpg\",\"width\":516,\"height\":76,\"caption\":\"Diario Textual\"},\"image\":{\"@id\":\"https:\\\/\\\/diariotextual.com\\\/inicio\\\/#\\\/schema\\\/logo\\\/image\\\/\"},\"sameAs\":[\"https:\\\/\\\/www.facebook.com\\\/eltextual\",\"https:\\\/\\\/x.com\\\/eltextual\",\"http:\\\/\\\/www.instagram.com\\\/eltextual\"]},{\"@type\":\"Person\",\"@id\":\"https:\\\/\\\/diariotextual.com\\\/inicio\\\/#\\\/schema\\\/person\\\/418fc4093c33e86ed41562db3508f958\",\"name\":\"Diario1 Diario1\",\"image\":{\"@type\":\"ImageObject\",\"inLanguage\":\"es\",\"@id\":\"https:\\\/\\\/secure.gravatar.com\\\/avatar\\\/9167d280179c85bc18be67aa7eda765854300033af4896dd779b608640f2ef7a?s=96&d=mm&r=g\",\"url\":\"https:\\\/\\\/secure.gravatar.com\\\/avatar\\\/9167d280179c85bc18be67aa7eda765854300033af4896dd779b608640f2ef7a?s=96&d=mm&r=g\",\"contentUrl\":\"https:\\\/\\\/secure.gravatar.com\\\/avatar\\\/9167d280179c85bc18be67aa7eda765854300033af4896dd779b608640f2ef7a?s=96&d=mm&r=g\",\"caption\":\"Diario1 Diario1\"},\"url\":\"https:\\\/\\\/diariotextual.com\\\/inicio\\\/index.php\\\/author\\\/diario1\\\/\"}]}<\/script>\n<!-- \/ Yoast SEO plugin. -->","yoast_head_json":{"title":"Elecciones 2019: las trampas que deja la cuenta regresiva - Diario Textual","robots":{"index":"index","follow":"follow","max-snippet":"max-snippet:-1","max-image-preview":"max-image-preview:large","max-video-preview":"max-video-preview:-1"},"canonical":"https:\/\/diariotextual.com\/inicio\/index.php\/2018\/11\/20\/elecciones-2019-las-trampas-deja-la-cuenta-regresiva\/","og_locale":"es_ES","og_type":"article","og_title":"Elecciones 2019: las trampas que deja la cuenta regresiva - Diario Textual","og_description":"Por Norberto Asquini","og_url":"https:\/\/diariotextual.com\/inicio\/index.php\/2018\/11\/20\/elecciones-2019-las-trampas-deja-la-cuenta-regresiva\/","og_site_name":"Diario Textual","article_publisher":"https:\/\/www.facebook.com\/eltextual","article_published_time":"2018-11-20T15:22:08+00:00","article_modified_time":"2018-11-21T11:20:44+00:00","og_image":[{"width":645,"height":430,"url":"https:\/\/diariotextual.com\/inicio\/wp-content\/uploads\/2018\/08\/eleccionestelam00121212.jpg","type":"image\/jpeg"}],"author":"Diario1 Diario1","twitter_card":"summary_large_image","twitter_creator":"@eltextual","twitter_site":"@eltextual","twitter_misc":{"Escrito por":"Diario1 Diario1","Tiempo de lectura":"5 minutos"},"schema":{"@context":"https:\/\/schema.org","@graph":[{"@type":"Article","@id":"https:\/\/diariotextual.com\/inicio\/index.php\/2018\/11\/20\/elecciones-2019-las-trampas-deja-la-cuenta-regresiva\/#article","isPartOf":{"@id":"https:\/\/diariotextual.com\/inicio\/index.php\/2018\/11\/20\/elecciones-2019-las-trampas-deja-la-cuenta-regresiva\/"},"author":{"name":"Diario1 Diario1","@id":"https:\/\/diariotextual.com\/inicio\/#\/schema\/person\/418fc4093c33e86ed41562db3508f958"},"headline":"Elecciones 2019: las trampas que deja la cuenta regresiva","datePublished":"2018-11-20T15:22:08+00:00","dateModified":"2018-11-21T11:20:44+00:00","mainEntityOfPage":{"@id":"https:\/\/diariotextual.com\/inicio\/index.php\/2018\/11\/20\/elecciones-2019-las-trampas-deja-la-cuenta-regresiva\/"},"wordCount":1044,"publisher":{"@id":"https:\/\/diariotextual.com\/inicio\/#organization"},"image":{"@id":"https:\/\/diariotextual.com\/inicio\/index.php\/2018\/11\/20\/elecciones-2019-las-trampas-deja-la-cuenta-regresiva\/#primaryimage"},"thumbnailUrl":"https:\/\/diariotextual.com\/inicio\/wp-content\/uploads\/2018\/08\/eleccionestelam00121212.jpg","keywords":["asquini","cambiemos","cronograma","ucr","verna"],"articleSection":["A - PORTADA2","POLITICA"],"inLanguage":"es"},{"@type":"WebPage","@id":"https:\/\/diariotextual.com\/inicio\/index.php\/2018\/11\/20\/elecciones-2019-las-trampas-deja-la-cuenta-regresiva\/","url":"https:\/\/diariotextual.com\/inicio\/index.php\/2018\/11\/20\/elecciones-2019-las-trampas-deja-la-cuenta-regresiva\/","name":"Elecciones 2019: las trampas que deja la cuenta regresiva - Diario Textual","isPartOf":{"@id":"https:\/\/diariotextual.com\/inicio\/#website"},"primaryImageOfPage":{"@id":"https:\/\/diariotextual.com\/inicio\/index.php\/2018\/11\/20\/elecciones-2019-las-trampas-deja-la-cuenta-regresiva\/#primaryimage"},"image":{"@id":"https:\/\/diariotextual.com\/inicio\/index.php\/2018\/11\/20\/elecciones-2019-las-trampas-deja-la-cuenta-regresiva\/#primaryimage"},"thumbnailUrl":"https:\/\/diariotextual.com\/inicio\/wp-content\/uploads\/2018\/08\/eleccionestelam00121212.jpg","datePublished":"2018-11-20T15:22:08+00:00","dateModified":"2018-11-21T11:20:44+00:00","breadcrumb":{"@id":"https:\/\/diariotextual.com\/inicio\/index.php\/2018\/11\/20\/elecciones-2019-las-trampas-deja-la-cuenta-regresiva\/#breadcrumb"},"inLanguage":"es","potentialAction":[{"@type":"ReadAction","target":["https:\/\/diariotextual.com\/inicio\/index.php\/2018\/11\/20\/elecciones-2019-las-trampas-deja-la-cuenta-regresiva\/"]}]},{"@type":"ImageObject","inLanguage":"es","@id":"https:\/\/diariotextual.com\/inicio\/index.php\/2018\/11\/20\/elecciones-2019-las-trampas-deja-la-cuenta-regresiva\/#primaryimage","url":"https:\/\/diariotextual.com\/inicio\/wp-content\/uploads\/2018\/08\/eleccionestelam00121212.jpg","contentUrl":"https:\/\/diariotextual.com\/inicio\/wp-content\/uploads\/2018\/08\/eleccionestelam00121212.jpg","width":645,"height":430},{"@type":"BreadcrumbList","@id":"https:\/\/diariotextual.com\/inicio\/index.php\/2018\/11\/20\/elecciones-2019-las-trampas-deja-la-cuenta-regresiva\/#breadcrumb","itemListElement":[{"@type":"ListItem","position":1,"name":"Portada","item":"https:\/\/diariotextual.com\/inicio\/"},{"@type":"ListItem","position":2,"name":"Elecciones 2019: las trampas que deja la cuenta regresiva"}]},{"@type":"WebSite","@id":"https:\/\/diariotextual.com\/inicio\/#website","url":"https:\/\/diariotextual.com\/inicio\/","name":"Diario Textual","description":"","publisher":{"@id":"https:\/\/diariotextual.com\/inicio\/#organization"},"potentialAction":[{"@type":"SearchAction","target":{"@type":"EntryPoint","urlTemplate":"https:\/\/diariotextual.com\/inicio\/?s={search_term_string}"},"query-input":{"@type":"PropertyValueSpecification","valueRequired":true,"valueName":"search_term_string"}}],"inLanguage":"es"},{"@type":"Organization","@id":"https:\/\/diariotextual.com\/inicio\/#organization","name":"Diario Textual","url":"https:\/\/diariotextual.com\/inicio\/","logo":{"@type":"ImageObject","inLanguage":"es","@id":"https:\/\/diariotextual.com\/inicio\/#\/schema\/logo\/image\/","url":"https:\/\/diariotextual.com\/inicio\/wp-content\/uploads\/2023\/05\/logotextual1.jpg","contentUrl":"https:\/\/diariotextual.com\/inicio\/wp-content\/uploads\/2023\/05\/logotextual1.jpg","width":516,"height":76,"caption":"Diario Textual"},"image":{"@id":"https:\/\/diariotextual.com\/inicio\/#\/schema\/logo\/image\/"},"sameAs":["https:\/\/www.facebook.com\/eltextual","https:\/\/x.com\/eltextual","http:\/\/www.instagram.com\/eltextual"]},{"@type":"Person","@id":"https:\/\/diariotextual.com\/inicio\/#\/schema\/person\/418fc4093c33e86ed41562db3508f958","name":"Diario1 Diario1","image":{"@type":"ImageObject","inLanguage":"es","@id":"https:\/\/secure.gravatar.com\/avatar\/9167d280179c85bc18be67aa7eda765854300033af4896dd779b608640f2ef7a?s=96&d=mm&r=g","url":"https:\/\/secure.gravatar.com\/avatar\/9167d280179c85bc18be67aa7eda765854300033af4896dd779b608640f2ef7a?s=96&d=mm&r=g","contentUrl":"https:\/\/secure.gravatar.com\/avatar\/9167d280179c85bc18be67aa7eda765854300033af4896dd779b608640f2ef7a?s=96&d=mm&r=g","caption":"Diario1 Diario1"},"url":"https:\/\/diariotextual.com\/inicio\/index.php\/author\/diario1\/"}]}},"_links":{"self":[{"href":"https:\/\/diariotextual.com\/inicio\/index.php\/wp-json\/wp\/v2\/posts\/27999","targetHints":{"allow":["GET"]}}],"collection":[{"href":"https:\/\/diariotextual.com\/inicio\/index.php\/wp-json\/wp\/v2\/posts"}],"about":[{"href":"https:\/\/diariotextual.com\/inicio\/index.php\/wp-json\/wp\/v2\/types\/post"}],"author":[{"embeddable":true,"href":"https:\/\/diariotextual.com\/inicio\/index.php\/wp-json\/wp\/v2\/users\/3"}],"replies":[{"embeddable":true,"href":"https:\/\/diariotextual.com\/inicio\/index.php\/wp-json\/wp\/v2\/comments?post=27999"}],"version-history":[{"count":5,"href":"https:\/\/diariotextual.com\/inicio\/index.php\/wp-json\/wp\/v2\/posts\/27999\/revisions"}],"predecessor-version":[{"id":28017,"href":"https:\/\/diariotextual.com\/inicio\/index.php\/wp-json\/wp\/v2\/posts\/27999\/revisions\/28017"}],"wp:featuredmedia":[{"embeddable":true,"href":"https:\/\/diariotextual.com\/inicio\/index.php\/wp-json\/wp\/v2\/media\/16748"}],"wp:attachment":[{"href":"https:\/\/diariotextual.com\/inicio\/index.php\/wp-json\/wp\/v2\/media?parent=27999"}],"wp:term":[{"taxonomy":"category","embeddable":true,"href":"https:\/\/diariotextual.com\/inicio\/index.php\/wp-json\/wp\/v2\/categories?post=27999"},{"taxonomy":"post_tag","embeddable":true,"href":"https:\/\/diariotextual.com\/inicio\/index.php\/wp-json\/wp\/v2\/tags?post=27999"}],"curies":[{"name":"wp","href":"https:\/\/api.w.org\/{rel}","templated":true}]}}